{"id":5695,"date":"2015-05-13T00:00:00","date_gmt":"2015-05-12T22:00:00","guid":{"rendered":"https:\/\/lightweb.dev\/l\/svm-temp\/advokatspalten-vad-ar-skillnaden-pa-olika-juridiska-tjanster-2\/"},"modified":"2015-05-13T00:00:00","modified_gmt":"2015-05-12T22:00:00","slug":"advokatspalten-vad-ar-skillnaden-pa-olika-juridiska-tjanster-2","status":"publish","type":"post","link":"https:\/\/lightweb.dev\/l\/svm-temp\/artiklar\/advokatspalten-vad-ar-skillnaden-pa-olika-juridiska-tjanster-2\/","title":{"rendered":"Advokatspalten: Vad \u00e4r skillnaden p\u00e5 olika juridiska tj\u00e4nster?"},"content":{"rendered":"<p> Jag beh\u00f6ver hj\u00e4lp med ett juridiskt \u00e4rende. Det finns en uppsj\u00f6 av olika firmor som s\u00e4ljer juridiska tj\u00e4nster, s\u00e5vitt jag sett finns det revisionsbyr\u00e5er, gestorior och abogados\/advokater. Vad \u00e4r skillnaden? Av Jonas Nordgren, Bitr\u00e4dande jurist vid Advokatfirman G\u00f6ran Rise<\/p>\n<p>Eftersom vi tillh\u00f6r kategorin advokater redog\u00f6r jag kort f\u00f6r vad som k\u00e4nnetecknar en advokat och abogado. Advokatfirman G\u00f6ran Rise st\u00e5r under tillsyn av b\u00e5de Ilustre Colegio de Abogados de Malaga och Sveriges advokatsamfund, vilket inneb\u00e4r att vi f\u00f6ljer reglerna f\u00f6r b\u00e5de abogados och advokater.<\/p>\n<p>\u201dAbogado\/a\u201d inneb\u00e4r att man \u00e4r Licenciado en Derecho eller Grado en Derecho, samt \u00e4r inskriven i Colegio de Abogados i den stad d\u00e4r man \u00e4r verksam. Sedan n\u00e5gra \u00e5r kr\u00e4vs det ocks\u00e5 att man l\u00e4st en master i abogac\u00eda, i vilken ocks\u00e5 ing\u00e5r praktik. Att man \u00e4r inskriven i det lokala samfundet inneb\u00e4r bland annat att man skall f\u00f6lja de etiska reglerna.<\/p>\n<p>\u201dAdvokat\u201d f\u00e5r endast den kalla sig som \u00e4r ledamot av Sveriges advokatsamfund. Till att b\u00f6rja med inneb\u00e4r det en studietid om cirka fem \u00e5r f\u00f6r att bli jur. kand. och d\u00e4refter arbete p\u00e5 advokatbyr\u00e5 som bitr\u00e4dande jurist under minst tre \u00e5r. Vidare skall man ha genomg\u00e5tt advokatsamfundets utbildning f\u00f6r advokatexamen och godk\u00e4nts vid efterf\u00f6ljande examen. Ut\u00f6ver detta ska man ha gjort sig k\u00e4nd f\u00f6r redbarhet, och i \u00f6vrigt anses l\u00e4mplig att verka som advokat, innan man blir antagen som ledamot av Sveriges advokatsamfund. <\/p>\n<p>En advokat \u00e4r s\u00e5lunda ledamot av Sveriges advokatsamfund och skyldig att iaktta det regelsystem som g\u00e4ller f\u00f6r advokater, fr\u00e4mst reglerna om god advokatsed. I en internationell j\u00e4mf\u00f6relse \u00e4r de svenska reglerna mycket strikta och f\u00f6ljs noggrant. En advokats fr\u00e4msta plikt \u00e4r att visa lojalitet och trohet mot sina klienter inom ramen f\u00f6r g\u00e4llande r\u00e4tt och god advokatsed och f\u00e5r inte l\u00e5ta sitt handlande p\u00e5verkas av tanke p\u00e5 egna f\u00f6rdelar eller eget behag. F\u00f6r Dig som klient inneb\u00e4r det bland annat att Du alltid kan vara s\u00e4ker p\u00e5 att om Du anlitar oss eller annan svensk advokat s\u00e5 vet Du att vi alltid tillvaratar endast Dina intressen och inte \u00e4r \u201dj\u00e4viga\u201d, det vill s\u00e4ga att det inte f\u00f6religger motst\u00e5ende intressen.<\/p>\n<p>Advokaten \u00e4r skyldig att skydda sin klient genom egen f\u00f6rs\u00e4kring och f\u00e5r inte fr\u00e4mja or\u00e4tt, fara med osanning, eller vilseleda motparten.<\/p>\n<p>Klientprivilegiet st\u00e4ller ocks\u00e5 h\u00f6ga krav p\u00e5 sekretess och diskretion, s\u00e5v\u00e4l internt p\u00e5 byr\u00e5n som externt. Den information vi f\u00e5r fr\u00e5n Dig behandlas med st\u00f6rsta f\u00f6rtrolighet.<\/p>\n<p>Vi \u00e4r den enda advokatfirman i Spanien som st\u00e5r under tillsyn av det svenska advokatsamfundet och f\u00f6ljer de svenska reglerna om god advokatsed, ut\u00f6ver de lokala spanska reglerna.<\/p>\n","protected":false},"excerpt":{"rendered":"<p>Jag beh\u00f6ver hj\u00e4lp med ett juridiskt \u00e4rende. Det finns en uppsj\u00f6 av olika firmor som s\u00e4ljer juridiska tj\u00e4nster, s\u00e5vitt jag sett finns det revisionsbyr\u00e5er, gestorior och abogados\/advokater. Vad \u00e4r skillnaden? Av Jonas Nordgren, Bitr\u00e4dande jurist vid Advokatfirman G\u00f6ran Rise Eftersom vi tillh\u00f6r kategorin advokater redog\u00f6r jag kort f\u00f6r vad som k\u00e4nnetecknar en advokat och abogado. [&hellip;]<\/p>\n","protected":false},"author":8,"featured_media":5696,"comment_status":"open","ping_status":"open","sticky":false,"template":"","format":"standard","meta":{"_et_pb_use_builder":"","_et_pb_old_content":"","_et_gb_content_width":"","footnotes":""},"categories":[396,4],"tags":[],"class_list":["post-5695","post","type-post","status-publish","format-standard","has-post-thumbnail","hentry","category-arkiv-artiklar","category-artiklar"],"yoast_head":"<!-- This site is optimized with the Yoast SEO Premium plugin v26.2 (Yoast SEO v27.4) - https:\/\/yoast.com\/product\/yoast-seo-premium-wordpress\/ -->\n<title>Advokatspalten: Vad \u00e4r skillnaden p\u00e5 olika juridiska tj\u00e4nster? - Svenska Magasinet<\/title>\n<meta name=\"robots\" content=\"noindex, follow, max-snippet:-1, max-image-preview:large, max-video-preview:-1\" \/>\n<meta property=\"og:locale\" content=\"sv_SE\" \/>\n<meta property=\"og:type\" content=\"article\" \/>\n<meta property=\"og:title\" content=\"Advokatspalten: Vad \u00e4r skillnaden p\u00e5 olika juridiska tj\u00e4nster?\" \/>\n<meta property=\"og:description\" content=\"Jag beh\u00f6ver hj\u00e4lp med ett juridiskt \u00e4rende. Det finns en uppsj\u00f6 av olika firmor som s\u00e4ljer juridiska tj\u00e4nster, s\u00e5vitt jag sett finns det revisionsbyr\u00e5er, gestorior och abogados\/advokater. Vad \u00e4r skillnaden? Av Jonas Nordgren, Bitr\u00e4dande jurist vid Advokatfirman G\u00f6ran Rise Eftersom vi tillh\u00f6r kategorin advokater redog\u00f6r jag kort f\u00f6r vad som k\u00e4nnetecknar en advokat och abogado. [&hellip;]\" \/>\n<meta property=\"og:url\" content=\"https:\/\/lightweb.dev\/l\/svm-temp\/artiklar\/advokatspalten-vad-ar-skillnaden-pa-olika-juridiska-tjanster-2\/\" \/>\n<meta property=\"og:site_name\" content=\"Svenska Magasinet\" \/>\n<meta property=\"article:publisher\" content=\"https:\/\/www.facebook.com\/svenskamagasinet\" \/>\n<meta property=\"article:published_time\" content=\"2015-05-12T22:00:00+00:00\" \/>\n<meta property=\"og:image\" content=\"https:\/\/lightweb.dev\/l\/svm-temp\/wp-content\/uploads\/2022\/04\/advokatspalten-vad-r-skillnaden-p-olika-juridiska-tjnster-1.png\" \/>\n\t<meta property=\"og:image:width\" content=\"280\" \/>\n\t<meta property=\"og:image:height\" content=\"280\" \/>\n\t<meta property=\"og:image:type\" content=\"image\/png\" \/>\n<meta name=\"author\" content=\"Redaktionen SvM\" \/>\n<meta name=\"twitter:card\" content=\"summary_large_image\" \/>\n<meta name=\"twitter:creator\" content=\"@SvenskaMagasine\" \/>\n<meta name=\"twitter:site\" content=\"@SvenskaMagasine\" \/>\n<script type=\"application\/ld+json\" class=\"yoast-schema-graph\">{\"@context\":\"https:\\\/\\\/schema.org\",\"@graph\":[{\"@type\":\"Article\",\"@id\":\"https:\\\/\\\/lightweb.dev\\\/l\\\/svm-temp\\\/artiklar\\\/advokatspalten-vad-ar-skillnaden-pa-olika-juridiska-tjanster-2\\\/#article\",\"isPartOf\":{\"@id\":\"https:\\\/\\\/lightweb.dev\\\/l\\\/svm-temp\\\/artiklar\\\/advokatspalten-vad-ar-skillnaden-pa-olika-juridiska-tjanster-2\\\/\"},\"author\":{\"name\":\"Redaktionen SvM\",\"@id\":\"https:\\\/\\\/lightweb.dev\\\/l\\\/svm-temp\\\/#\\\/schema\\\/person\\\/206a3bda5b607b0c25e1749191e4d837\"},\"headline\":\"Advokatspalten: Vad \u00e4r skillnaden p\u00e5 olika juridiska tj\u00e4nster?\",\"datePublished\":\"2015-05-12T22:00:00+00:00\",\"mainEntityOfPage\":{\"@id\":\"https:\\\/\\\/lightweb.dev\\\/l\\\/svm-temp\\\/artiklar\\\/advokatspalten-vad-ar-skillnaden-pa-olika-juridiska-tjanster-2\\\/\"},\"wordCount\":513,\"commentCount\":0,\"publisher\":{\"@id\":\"https:\\\/\\\/lightweb.dev\\\/l\\\/svm-temp\\\/#organization\"},\"image\":{\"@id\":\"https:\\\/\\\/lightweb.dev\\\/l\\\/svm-temp\\\/artiklar\\\/advokatspalten-vad-ar-skillnaden-pa-olika-juridiska-tjanster-2\\\/#primaryimage\"},\"thumbnailUrl\":\"https:\\\/\\\/lightweb.dev\\\/l\\\/svm-temp\\\/wp-content\\\/uploads\\\/2022\\\/04\\\/advokatspalten-vad-r-skillnaden-p-olika-juridiska-tjnster-1.png\",\"articleSection\":[\"Arkiv\",\"Artiklar\"],\"inLanguage\":\"sv-SE\"},{\"@type\":\"WebPage\",\"@id\":\"https:\\\/\\\/lightweb.dev\\\/l\\\/svm-temp\\\/artiklar\\\/advokatspalten-vad-ar-skillnaden-pa-olika-juridiska-tjanster-2\\\/\",\"url\":\"https:\\\/\\\/lightweb.dev\\\/l\\\/svm-temp\\\/artiklar\\\/advokatspalten-vad-ar-skillnaden-pa-olika-juridiska-tjanster-2\\\/\",\"name\":\"Advokatspalten: Vad \u00e4r skillnaden p\u00e5 olika juridiska tj\u00e4nster? - Svenska Magasinet\",\"isPartOf\":{\"@id\":\"https:\\\/\\\/lightweb.dev\\\/l\\\/svm-temp\\\/#website\"},\"primaryImageOfPage\":{\"@id\":\"https:\\\/\\\/lightweb.dev\\\/l\\\/svm-temp\\\/artiklar\\\/advokatspalten-vad-ar-skillnaden-pa-olika-juridiska-tjanster-2\\\/#primaryimage\"},\"image\":{\"@id\":\"https:\\\/\\\/lightweb.dev\\\/l\\\/svm-temp\\\/artiklar\\\/advokatspalten-vad-ar-skillnaden-pa-olika-juridiska-tjanster-2\\\/#primaryimage\"},\"thumbnailUrl\":\"https:\\\/\\\/lightweb.dev\\\/l\\\/svm-temp\\\/wp-content\\\/uploads\\\/2022\\\/04\\\/advokatspalten-vad-r-skillnaden-p-olika-juridiska-tjnster-1.png\",\"datePublished\":\"2015-05-12T22:00:00+00:00\",\"breadcrumb\":{\"@id\":\"https:\\\/\\\/lightweb.dev\\\/l\\\/svm-temp\\\/artiklar\\\/advokatspalten-vad-ar-skillnaden-pa-olika-juridiska-tjanster-2\\\/#breadcrumb\"},\"inLanguage\":\"sv-SE\",\"potentialAction\":[{\"@type\":\"ReadAction\",\"target\":[\"https:\\\/\\\/lightweb.dev\\\/l\\\/svm-temp\\\/artiklar\\\/advokatspalten-vad-ar-skillnaden-pa-olika-juridiska-tjanster-2\\\/\"]}]},{\"@type\":\"ImageObject\",\"inLanguage\":\"sv-SE\",\"@id\":\"https:\\\/\\\/lightweb.dev\\\/l\\\/svm-temp\\\/artiklar\\\/advokatspalten-vad-ar-skillnaden-pa-olika-juridiska-tjanster-2\\\/#primaryimage\",\"url\":\"https:\\\/\\\/lightweb.dev\\\/l\\\/svm-temp\\\/wp-content\\\/uploads\\\/2022\\\/04\\\/advokatspalten-vad-r-skillnaden-p-olika-juridiska-tjnster-1.png\",\"contentUrl\":\"https:\\\/\\\/lightweb.dev\\\/l\\\/svm-temp\\\/wp-content\\\/uploads\\\/2022\\\/04\\\/advokatspalten-vad-r-skillnaden-p-olika-juridiska-tjnster-1.png\",\"width\":280,\"height\":280},{\"@type\":\"BreadcrumbList\",\"@id\":\"https:\\\/\\\/lightweb.dev\\\/l\\\/svm-temp\\\/artiklar\\\/advokatspalten-vad-ar-skillnaden-pa-olika-juridiska-tjanster-2\\\/#breadcrumb\",\"itemListElement\":[{\"@type\":\"ListItem\",\"position\":1,\"name\":\"Hem\",\"item\":\"https:\\\/\\\/lightweb.dev\\\/l\\\/svm-temp\\\/\"},{\"@type\":\"ListItem\",\"position\":2,\"name\":\"Advokatspalten: Vad \u00e4r skillnaden p\u00e5 olika juridiska tj\u00e4nster?\"}]},{\"@type\":\"WebSite\",\"@id\":\"https:\\\/\\\/lightweb.dev\\\/l\\\/svm-temp\\\/#website\",\"url\":\"https:\\\/\\\/lightweb.dev\\\/l\\\/svm-temp\\\/\",\"name\":\"Svenska Magasinet\",\"description\":\"Dina Spanska nyheter p&aring; Svenska\",\"publisher\":{\"@id\":\"https:\\\/\\\/lightweb.dev\\\/l\\\/svm-temp\\\/#organization\"},\"potentialAction\":[{\"@type\":\"SearchAction\",\"target\":{\"@type\":\"EntryPoint\",\"urlTemplate\":\"https:\\\/\\\/lightweb.dev\\\/l\\\/svm-temp\\\/?s={search_term_string}\"},\"query-input\":{\"@type\":\"PropertyValueSpecification\",\"valueRequired\":true,\"valueName\":\"search_term_string\"}}],\"inLanguage\":\"sv-SE\"},{\"@type\":\"Organization\",\"@id\":\"https:\\\/\\\/lightweb.dev\\\/l\\\/svm-temp\\\/#organization\",\"name\":\"Melkerson y Nott SL\",\"alternateName\":\"Svenska Magasinet\",\"url\":\"https:\\\/\\\/lightweb.dev\\\/l\\\/svm-temp\\\/\",\"logo\":{\"@type\":\"ImageObject\",\"inLanguage\":\"sv-SE\",\"@id\":\"https:\\\/\\\/lightweb.dev\\\/l\\\/svm-temp\\\/#\\\/schema\\\/logo\\\/image\\\/\",\"url\":\"https:\\\/\\\/lightweb.dev\\\/l\\\/svm-temp\\\/wp-content\\\/uploads\\\/2025\\\/02\\\/SvM-logo-Xtra-Centrerad-SVART.png\",\"contentUrl\":\"https:\\\/\\\/lightweb.dev\\\/l\\\/svm-temp\\\/wp-content\\\/uploads\\\/2025\\\/02\\\/SvM-logo-Xtra-Centrerad-SVART.png\",\"width\":300,\"height\":99,\"caption\":\"Melkerson y Nott SL\"},\"image\":{\"@id\":\"https:\\\/\\\/lightweb.dev\\\/l\\\/svm-temp\\\/#\\\/schema\\\/logo\\\/image\\\/\"},\"sameAs\":[\"https:\\\/\\\/www.facebook.com\\\/svenskamagasinet\",\"https:\\\/\\\/x.com\\\/SvenskaMagasine\"]},{\"@type\":\"Person\",\"@id\":\"https:\\\/\\\/lightweb.dev\\\/l\\\/svm-temp\\\/#\\\/schema\\\/person\\\/206a3bda5b607b0c25e1749191e4d837\",\"name\":\"Redaktionen SvM\",\"description\":\"Redaktionen\",\"sameAs\":[\"https:\\\/\\\/lightweb.dev\\\/l\\\/svm-temp\"],\"url\":\"https:\\\/\\\/lightweb.dev\\\/l\\\/svm-temp\\\/reporter\\\/redaktionen\\\/\"}]}<\/script>\n<!-- \/ Yoast SEO Premium plugin. -->","yoast_head_json":{"title":"Advokatspalten: Vad \u00e4r skillnaden p\u00e5 olika juridiska tj\u00e4nster? - Svenska Magasinet","robots":{"index":"noindex","follow":"follow","max-snippet":"max-snippet:-1","max-image-preview":"max-image-preview:large","max-video-preview":"max-video-preview:-1"},"og_locale":"sv_SE","og_type":"article","og_title":"Advokatspalten: Vad \u00e4r skillnaden p\u00e5 olika juridiska tj\u00e4nster?","og_description":"Jag beh\u00f6ver hj\u00e4lp med ett juridiskt \u00e4rende. Det finns en uppsj\u00f6 av olika firmor som s\u00e4ljer juridiska tj\u00e4nster, s\u00e5vitt jag sett finns det revisionsbyr\u00e5er, gestorior och abogados\/advokater. Vad \u00e4r skillnaden? Av Jonas Nordgren, Bitr\u00e4dande jurist vid Advokatfirman G\u00f6ran Rise Eftersom vi tillh\u00f6r kategorin advokater redog\u00f6r jag kort f\u00f6r vad som k\u00e4nnetecknar en advokat och abogado. [&hellip;]","og_url":"https:\/\/lightweb.dev\/l\/svm-temp\/artiklar\/advokatspalten-vad-ar-skillnaden-pa-olika-juridiska-tjanster-2\/","og_site_name":"Svenska Magasinet","article_publisher":"https:\/\/www.facebook.com\/svenskamagasinet","article_published_time":"2015-05-12T22:00:00+00:00","og_image":[{"width":280,"height":280,"url":"https:\/\/lightweb.dev\/l\/svm-temp\/wp-content\/uploads\/2022\/04\/advokatspalten-vad-r-skillnaden-p-olika-juridiska-tjnster-1.png","type":"image\/png"}],"author":"Redaktionen SvM","twitter_card":"summary_large_image","twitter_creator":"@SvenskaMagasine","twitter_site":"@SvenskaMagasine","schema":{"@context":"https:\/\/schema.org","@graph":[{"@type":"Article","@id":"https:\/\/lightweb.dev\/l\/svm-temp\/artiklar\/advokatspalten-vad-ar-skillnaden-pa-olika-juridiska-tjanster-2\/#article","isPartOf":{"@id":"https:\/\/lightweb.dev\/l\/svm-temp\/artiklar\/advokatspalten-vad-ar-skillnaden-pa-olika-juridiska-tjanster-2\/"},"author":{"name":"Redaktionen SvM","@id":"https:\/\/lightweb.dev\/l\/svm-temp\/#\/schema\/person\/206a3bda5b607b0c25e1749191e4d837"},"headline":"Advokatspalten: Vad \u00e4r skillnaden p\u00e5 olika juridiska tj\u00e4nster?","datePublished":"2015-05-12T22:00:00+00:00","mainEntityOfPage":{"@id":"https:\/\/lightweb.dev\/l\/svm-temp\/artiklar\/advokatspalten-vad-ar-skillnaden-pa-olika-juridiska-tjanster-2\/"},"wordCount":513,"commentCount":0,"publisher":{"@id":"https:\/\/lightweb.dev\/l\/svm-temp\/#organization"},"image":{"@id":"https:\/\/lightweb.dev\/l\/svm-temp\/artiklar\/advokatspalten-vad-ar-skillnaden-pa-olika-juridiska-tjanster-2\/#primaryimage"},"thumbnailUrl":"https:\/\/lightweb.dev\/l\/svm-temp\/wp-content\/uploads\/2022\/04\/advokatspalten-vad-r-skillnaden-p-olika-juridiska-tjnster-1.png","articleSection":["Arkiv","Artiklar"],"inLanguage":"sv-SE"},{"@type":"WebPage","@id":"https:\/\/lightweb.dev\/l\/svm-temp\/artiklar\/advokatspalten-vad-ar-skillnaden-pa-olika-juridiska-tjanster-2\/","url":"https:\/\/lightweb.dev\/l\/svm-temp\/artiklar\/advokatspalten-vad-ar-skillnaden-pa-olika-juridiska-tjanster-2\/","name":"Advokatspalten: Vad \u00e4r skillnaden p\u00e5 olika juridiska tj\u00e4nster? - Svenska Magasinet","isPartOf":{"@id":"https:\/\/lightweb.dev\/l\/svm-temp\/#website"},"primaryImageOfPage":{"@id":"https:\/\/lightweb.dev\/l\/svm-temp\/artiklar\/advokatspalten-vad-ar-skillnaden-pa-olika-juridiska-tjanster-2\/#primaryimage"},"image":{"@id":"https:\/\/lightweb.dev\/l\/svm-temp\/artiklar\/advokatspalten-vad-ar-skillnaden-pa-olika-juridiska-tjanster-2\/#primaryimage"},"thumbnailUrl":"https:\/\/lightweb.dev\/l\/svm-temp\/wp-content\/uploads\/2022\/04\/advokatspalten-vad-r-skillnaden-p-olika-juridiska-tjnster-1.png","datePublished":"2015-05-12T22:00:00+00:00","breadcrumb":{"@id":"https:\/\/lightweb.dev\/l\/svm-temp\/artiklar\/advokatspalten-vad-ar-skillnaden-pa-olika-juridiska-tjanster-2\/#breadcrumb"},"inLanguage":"sv-SE","potentialAction":[{"@type":"ReadAction","target":["https:\/\/lightweb.dev\/l\/svm-temp\/artiklar\/advokatspalten-vad-ar-skillnaden-pa-olika-juridiska-tjanster-2\/"]}]},{"@type":"ImageObject","inLanguage":"sv-SE","@id":"https:\/\/lightweb.dev\/l\/svm-temp\/artiklar\/advokatspalten-vad-ar-skillnaden-pa-olika-juridiska-tjanster-2\/#primaryimage","url":"https:\/\/lightweb.dev\/l\/svm-temp\/wp-content\/uploads\/2022\/04\/advokatspalten-vad-r-skillnaden-p-olika-juridiska-tjnster-1.png","contentUrl":"https:\/\/lightweb.dev\/l\/svm-temp\/wp-content\/uploads\/2022\/04\/advokatspalten-vad-r-skillnaden-p-olika-juridiska-tjnster-1.png","width":280,"height":280},{"@type":"BreadcrumbList","@id":"https:\/\/lightweb.dev\/l\/svm-temp\/artiklar\/advokatspalten-vad-ar-skillnaden-pa-olika-juridiska-tjanster-2\/#breadcrumb","itemListElement":[{"@type":"ListItem","position":1,"name":"Hem","item":"https:\/\/lightweb.dev\/l\/svm-temp\/"},{"@type":"ListItem","position":2,"name":"Advokatspalten: Vad \u00e4r skillnaden p\u00e5 olika juridiska tj\u00e4nster?"}]},{"@type":"WebSite","@id":"https:\/\/lightweb.dev\/l\/svm-temp\/#website","url":"https:\/\/lightweb.dev\/l\/svm-temp\/","name":"Svenska Magasinet","description":"Dina Spanska nyheter p&aring; Svenska","publisher":{"@id":"https:\/\/lightweb.dev\/l\/svm-temp\/#organization"},"potentialAction":[{"@type":"SearchAction","target":{"@type":"EntryPoint","urlTemplate":"https:\/\/lightweb.dev\/l\/svm-temp\/?s={search_term_string}"},"query-input":{"@type":"PropertyValueSpecification","valueRequired":true,"valueName":"search_term_string"}}],"inLanguage":"sv-SE"},{"@type":"Organization","@id":"https:\/\/lightweb.dev\/l\/svm-temp\/#organization","name":"Melkerson y Nott SL","alternateName":"Svenska Magasinet","url":"https:\/\/lightweb.dev\/l\/svm-temp\/","logo":{"@type":"ImageObject","inLanguage":"sv-SE","@id":"https:\/\/lightweb.dev\/l\/svm-temp\/#\/schema\/logo\/image\/","url":"https:\/\/lightweb.dev\/l\/svm-temp\/wp-content\/uploads\/2025\/02\/SvM-logo-Xtra-Centrerad-SVART.png","contentUrl":"https:\/\/lightweb.dev\/l\/svm-temp\/wp-content\/uploads\/2025\/02\/SvM-logo-Xtra-Centrerad-SVART.png","width":300,"height":99,"caption":"Melkerson y Nott SL"},"image":{"@id":"https:\/\/lightweb.dev\/l\/svm-temp\/#\/schema\/logo\/image\/"},"sameAs":["https:\/\/www.facebook.com\/svenskamagasinet","https:\/\/x.com\/SvenskaMagasine"]},{"@type":"Person","@id":"https:\/\/lightweb.dev\/l\/svm-temp\/#\/schema\/person\/206a3bda5b607b0c25e1749191e4d837","name":"Redaktionen SvM","description":"Redaktionen","sameAs":["https:\/\/lightweb.dev\/l\/svm-temp"],"url":"https:\/\/lightweb.dev\/l\/svm-temp\/reporter\/redaktionen\/"}]}},"_links":{"self":[{"href":"https:\/\/lightweb.dev\/l\/svm-temp\/wp-json\/wp\/v2\/posts\/5695","targetHints":{"allow":["GET"]}}],"collection":[{"href":"https:\/\/lightweb.dev\/l\/svm-temp\/wp-json\/wp\/v2\/posts"}],"about":[{"href":"https:\/\/lightweb.dev\/l\/svm-temp\/wp-json\/wp\/v2\/types\/post"}],"author":[{"embeddable":true,"href":"https:\/\/lightweb.dev\/l\/svm-temp\/wp-json\/wp\/v2\/users\/8"}],"replies":[{"embeddable":true,"href":"https:\/\/lightweb.dev\/l\/svm-temp\/wp-json\/wp\/v2\/comments?post=5695"}],"version-history":[{"count":0,"href":"https:\/\/lightweb.dev\/l\/svm-temp\/wp-json\/wp\/v2\/posts\/5695\/revisions"}],"wp:featuredmedia":[{"embeddable":true,"href":"https:\/\/lightweb.dev\/l\/svm-temp\/wp-json\/wp\/v2\/media\/5696"}],"wp:attachment":[{"href":"https:\/\/lightweb.dev\/l\/svm-temp\/wp-json\/wp\/v2\/media?parent=5695"}],"wp:term":[{"taxonomy":"category","embeddable":true,"href":"https:\/\/lightweb.dev\/l\/svm-temp\/wp-json\/wp\/v2\/categories?post=5695"},{"taxonomy":"post_tag","embeddable":true,"href":"https:\/\/lightweb.dev\/l\/svm-temp\/wp-json\/wp\/v2\/tags?post=5695"}],"curies":[{"name":"wp","href":"https:\/\/api.w.org\/{rel}","templated":true}]}}