{"id":56961,"date":"2022-08-31T10:33:48","date_gmt":"2022-08-31T08:33:48","guid":{"rendered":"https:\/\/lightweb.dev\/l\/svm-temp\/?p=56961"},"modified":"2022-09-01T09:38:21","modified_gmt":"2022-09-01T07:38:21","slug":"vandrare-hittats-dod-skjuten-i-huvudet","status":"publish","type":"post","link":"https:\/\/lightweb.dev\/l\/svm-temp\/nyheter\/vandrare-hittats-dod-skjuten-i-huvudet\/","title":{"rendered":"Vandrare hittats d\u00f6d skjuten i huvudet"},"content":{"rendered":"<p><strong>En 21-\u00e5rig man hittades p\u00e5 tisdagsmorgonen d\u00f6d i ett omr\u00e5de norr om M\u00e1laga som \u00e4r popul\u00e4rt bland vandrare. Ynglingen hittades skjuten i huvudet. Anh\u00f6riga till mannen rapporterade honom f\u00f6rsvunnen p\u00e5 m\u00e5ndagseftermiddagen.<\/strong><\/p>\n<p>Nationalpolisen har inlett en utredning av h\u00e4ndelsen. I skrivande stund \u00e4r det oklart vem som ligger bakom skottet.<\/p>\n<p>Kroppen hittades av anh\u00f6riga n\u00e4ra floden Guadalmedina n\u00e4r de hade gett sig ut f\u00f6r att leta efter honom. Familjen har en g\u00e5rd i n\u00e4rheten vilket gjorde att anh\u00f6riga anade i vilket omr\u00e5de han hade vandrat.<\/p>\n<p>Det finns uppgifter som tyder p\u00e5 att 21-\u00e5ringen har befunnit sig n\u00e4ra den gamla skjutbanan i Los Montes de M\u00e1laga.<\/p>\n<p>B\u00e5de lokalpolis, nationalpolis, r\u00e4ddningspersonal och sjukv\u00e5rdspersonal medverkade i s\u00f6kandet att hitta 21-\u00e5ringen efter att anm\u00e4lan om f\u00f6rsvinnande hade inkommit.<\/p>\n<p>Enligt nationalpolisen r\u00f6r det sig om ett skott som tr\u00e4ffade mannens huvud, skriver dagstidningen <a href=\"https:\/\/sevilla.abc.es\/andalucia\/malaga\/noche-busqueda-hallar-joven-senderista-malaga-tiro-20220831221129-nts.html\">ABC.<\/a><\/p>\n<p>Kroppen f\u00f6rdes till r\u00e4ttsmedicinska IML (Instituto M\u00e9dico Legal) i M\u00e1laga f\u00f6r obduktion.<\/p>\n<p>Polisen har f\u00f6rh\u00f6rt flera i mannens n\u00e4rmaste bekantskapskrets. N\u00e5gon g\u00e4rningsperson \u00e4r inte gripen.<\/p>\n<p>Den 21-\u00e5rige mannen studerade p\u00e5 universitet till ingenj\u00f6r. Han var k\u00e4nd f\u00f6r att vara en sk\u00f6tsam person som gillade sport.<\/p>\n","protected":false},"excerpt":{"rendered":"<p>En 21-\u00e5rig man hittades p\u00e5 tisdagsmorgonen d\u00f6d i ett omr\u00e5de norr om M\u00e1laga som \u00e4r popul\u00e4rt bland vandrare. Ynglingen hittades skjuten i huvudet. Anh\u00f6riga till mannen rapporterade honom f\u00f6rsvunnen p\u00e5 m\u00e5ndagseftermiddagen. Nationalpolisen har inlett en utredning av h\u00e4ndelsen. I skrivande stund \u00e4r det oklart vem som ligger bakom skottet. Kroppen hittades av anh\u00f6riga n\u00e4ra floden [&hellip;]<\/p>\n","protected":false},"author":7,"featured_media":56963,"comment_status":"open","ping_status":"open","sticky":false,"template":"","format":"standard","meta":{"_et_pb_use_builder":"","_et_pb_old_content":"","_et_gb_content_width":"","footnotes":""},"categories":[395,3],"tags":[],"class_list":["post-56961","post","type-post","status-publish","format-standard","has-post-thumbnail","hentry","category-arkiv-nyheter","category-nyheter"],"yoast_head":"<!-- This site is optimized with the Yoast SEO Premium plugin v26.2 (Yoast SEO v27.4) - https:\/\/yoast.com\/product\/yoast-seo-premium-wordpress\/ -->\n<title>Vandrare hittats d\u00f6d skjuten i huvudet - Svenska Magasinet<\/title>\n<meta name=\"description\" content=\"En 21-\u00e5rig man hittades p\u00e5 tisdagsmorgonen d\u00f6d i ett omr\u00e5de norr om M\u00e1laga som \u00e4r popul\u00e4rt bland vandrare. Ynglingen hittades skjuten i huvudet. Anh\u00f6riga till mannen rapporterade honom f\u00f6rsvunnen p\u00e5 m\u00e5ndagseftermiddagen.\" \/>\n<meta name=\"robots\" content=\"noindex, follow, max-snippet:-1, max-image-preview:large, max-video-preview:-1\" \/>\n<meta property=\"og:locale\" content=\"sv_SE\" \/>\n<meta property=\"og:type\" content=\"article\" \/>\n<meta property=\"og:title\" content=\"Vandrare hittats d\u00f6d skjuten i huvudet\" \/>\n<meta property=\"og:description\" content=\"En 21-\u00e5rig man hittades p\u00e5 tisdagsmorgonen d\u00f6d i ett omr\u00e5de norr om M\u00e1laga som \u00e4r popul\u00e4rt bland vandrare. Ynglingen hittades skjuten i huvudet. Anh\u00f6riga till mannen rapporterade honom f\u00f6rsvunnen p\u00e5 m\u00e5ndagseftermiddagen.\" \/>\n<meta property=\"og:url\" content=\"https:\/\/lightweb.dev\/l\/svm-temp\/nyheter\/vandrare-hittats-dod-skjuten-i-huvudet\/\" \/>\n<meta property=\"og:site_name\" content=\"Svenska Magasinet\" \/>\n<meta property=\"article:publisher\" content=\"https:\/\/www.facebook.com\/svenskamagasinet\" \/>\n<meta property=\"article:published_time\" content=\"2022-08-31T08:33:48+00:00\" \/>\n<meta property=\"article:modified_time\" content=\"2022-09-01T07:38:21+00:00\" \/>\n<meta property=\"og:image\" content=\"https:\/\/lightweb.dev\/l\/svm-temp\/wp-content\/uploads\/2022\/08\/79_PN_01-Stor.jpeg\" \/>\n\t<meta property=\"og:image:width\" content=\"1024\" \/>\n\t<meta property=\"og:image:height\" content=\"682\" \/>\n\t<meta property=\"og:image:type\" content=\"image\/jpeg\" \/>\n<meta name=\"author\" content=\"Ola Josefsson\" \/>\n<meta name=\"twitter:card\" content=\"summary_large_image\" \/>\n<meta name=\"twitter:creator\" content=\"@SvenskaMagasine\" \/>\n<meta name=\"twitter:site\" content=\"@SvenskaMagasine\" \/>\n<script type=\"application\/ld+json\" class=\"yoast-schema-graph\">{\"@context\":\"https:\\\/\\\/schema.org\",\"@graph\":[{\"@type\":\"Article\",\"@id\":\"https:\\\/\\\/lightweb.dev\\\/l\\\/svm-temp\\\/nyheter\\\/vandrare-hittats-dod-skjuten-i-huvudet\\\/#article\",\"isPartOf\":{\"@id\":\"https:\\\/\\\/lightweb.dev\\\/l\\\/svm-temp\\\/nyheter\\\/vandrare-hittats-dod-skjuten-i-huvudet\\\/\"},\"author\":{\"name\":\"Ola Josefsson\",\"@id\":\"https:\\\/\\\/lightweb.dev\\\/l\\\/svm-temp\\\/#\\\/schema\\\/person\\\/7a82b8a73d171d32360a564b6d03508e\"},\"headline\":\"Vandrare hittats d\u00f6d skjuten i huvudet\",\"datePublished\":\"2022-08-31T08:33:48+00:00\",\"dateModified\":\"2022-09-01T07:38:21+00:00\",\"mainEntityOfPage\":{\"@id\":\"https:\\\/\\\/lightweb.dev\\\/l\\\/svm-temp\\\/nyheter\\\/vandrare-hittats-dod-skjuten-i-huvudet\\\/\"},\"wordCount\":234,\"commentCount\":1,\"publisher\":{\"@id\":\"https:\\\/\\\/lightweb.dev\\\/l\\\/svm-temp\\\/#organization\"},\"image\":{\"@id\":\"https:\\\/\\\/lightweb.dev\\\/l\\\/svm-temp\\\/nyheter\\\/vandrare-hittats-dod-skjuten-i-huvudet\\\/#primaryimage\"},\"thumbnailUrl\":\"https:\\\/\\\/lightweb.dev\\\/l\\\/svm-temp\\\/wp-content\\\/uploads\\\/2022\\\/08\\\/79_PN_01-Stor.jpeg\",\"articleSection\":[\"Arkiv\",\"Nyheter\"],\"inLanguage\":\"sv-SE\"},{\"@type\":\"WebPage\",\"@id\":\"https:\\\/\\\/lightweb.dev\\\/l\\\/svm-temp\\\/nyheter\\\/vandrare-hittats-dod-skjuten-i-huvudet\\\/\",\"url\":\"https:\\\/\\\/lightweb.dev\\\/l\\\/svm-temp\\\/nyheter\\\/vandrare-hittats-dod-skjuten-i-huvudet\\\/\",\"name\":\"Vandrare hittats d\u00f6d skjuten i huvudet - Svenska Magasinet\",\"isPartOf\":{\"@id\":\"https:\\\/\\\/lightweb.dev\\\/l\\\/svm-temp\\\/#website\"},\"primaryImageOfPage\":{\"@id\":\"https:\\\/\\\/lightweb.dev\\\/l\\\/svm-temp\\\/nyheter\\\/vandrare-hittats-dod-skjuten-i-huvudet\\\/#primaryimage\"},\"image\":{\"@id\":\"https:\\\/\\\/lightweb.dev\\\/l\\\/svm-temp\\\/nyheter\\\/vandrare-hittats-dod-skjuten-i-huvudet\\\/#primaryimage\"},\"thumbnailUrl\":\"https:\\\/\\\/lightweb.dev\\\/l\\\/svm-temp\\\/wp-content\\\/uploads\\\/2022\\\/08\\\/79_PN_01-Stor.jpeg\",\"datePublished\":\"2022-08-31T08:33:48+00:00\",\"dateModified\":\"2022-09-01T07:38:21+00:00\",\"description\":\"En 21-\u00e5rig man hittades p\u00e5 tisdagsmorgonen d\u00f6d i ett omr\u00e5de norr om M\u00e1laga som \u00e4r popul\u00e4rt bland vandrare. Ynglingen hittades skjuten i huvudet. Anh\u00f6riga till mannen rapporterade honom f\u00f6rsvunnen p\u00e5 m\u00e5ndagseftermiddagen.\",\"breadcrumb\":{\"@id\":\"https:\\\/\\\/lightweb.dev\\\/l\\\/svm-temp\\\/nyheter\\\/vandrare-hittats-dod-skjuten-i-huvudet\\\/#breadcrumb\"},\"inLanguage\":\"sv-SE\",\"potentialAction\":[{\"@type\":\"ReadAction\",\"target\":[\"https:\\\/\\\/lightweb.dev\\\/l\\\/svm-temp\\\/nyheter\\\/vandrare-hittats-dod-skjuten-i-huvudet\\\/\"]}]},{\"@type\":\"ImageObject\",\"inLanguage\":\"sv-SE\",\"@id\":\"https:\\\/\\\/lightweb.dev\\\/l\\\/svm-temp\\\/nyheter\\\/vandrare-hittats-dod-skjuten-i-huvudet\\\/#primaryimage\",\"url\":\"https:\\\/\\\/lightweb.dev\\\/l\\\/svm-temp\\\/wp-content\\\/uploads\\\/2022\\\/08\\\/79_PN_01-Stor.jpeg\",\"contentUrl\":\"https:\\\/\\\/lightweb.dev\\\/l\\\/svm-temp\\\/wp-content\\\/uploads\\\/2022\\\/08\\\/79_PN_01-Stor.jpeg\",\"width\":1024,\"height\":682,\"caption\":\"Mannen hittades d\u00f6d i ett omr\u00e5de norr om M\u00e1laga som \u00e4r popul\u00e4rt bland vandrare.\"},{\"@type\":\"BreadcrumbList\",\"@id\":\"https:\\\/\\\/lightweb.dev\\\/l\\\/svm-temp\\\/nyheter\\\/vandrare-hittats-dod-skjuten-i-huvudet\\\/#breadcrumb\",\"itemListElement\":[{\"@type\":\"ListItem\",\"position\":1,\"name\":\"Hem\",\"item\":\"https:\\\/\\\/lightweb.dev\\\/l\\\/svm-temp\\\/\"},{\"@type\":\"ListItem\",\"position\":2,\"name\":\"Vandrare hittats d\u00f6d skjuten i huvudet\"}]},{\"@type\":\"WebSite\",\"@id\":\"https:\\\/\\\/lightweb.dev\\\/l\\\/svm-temp\\\/#website\",\"url\":\"https:\\\/\\\/lightweb.dev\\\/l\\\/svm-temp\\\/\",\"name\":\"Svenska Magasinet\",\"description\":\"Dina Spanska nyheter p&aring; Svenska\",\"publisher\":{\"@id\":\"https:\\\/\\\/lightweb.dev\\\/l\\\/svm-temp\\\/#organization\"},\"potentialAction\":[{\"@type\":\"SearchAction\",\"target\":{\"@type\":\"EntryPoint\",\"urlTemplate\":\"https:\\\/\\\/lightweb.dev\\\/l\\\/svm-temp\\\/?s={search_term_string}\"},\"query-input\":{\"@type\":\"PropertyValueSpecification\",\"valueRequired\":true,\"valueName\":\"search_term_string\"}}],\"inLanguage\":\"sv-SE\"},{\"@type\":\"Organization\",\"@id\":\"https:\\\/\\\/lightweb.dev\\\/l\\\/svm-temp\\\/#organization\",\"name\":\"Melkerson y Nott SL\",\"alternateName\":\"Svenska Magasinet\",\"url\":\"https:\\\/\\\/lightweb.dev\\\/l\\\/svm-temp\\\/\",\"logo\":{\"@type\":\"ImageObject\",\"inLanguage\":\"sv-SE\",\"@id\":\"https:\\\/\\\/lightweb.dev\\\/l\\\/svm-temp\\\/#\\\/schema\\\/logo\\\/image\\\/\",\"url\":\"https:\\\/\\\/lightweb.dev\\\/l\\\/svm-temp\\\/wp-content\\\/uploads\\\/2025\\\/02\\\/SvM-logo-Xtra-Centrerad-SVART.png\",\"contentUrl\":\"https:\\\/\\\/lightweb.dev\\\/l\\\/svm-temp\\\/wp-content\\\/uploads\\\/2025\\\/02\\\/SvM-logo-Xtra-Centrerad-SVART.png\",\"width\":300,\"height\":99,\"caption\":\"Melkerson y Nott SL\"},\"image\":{\"@id\":\"https:\\\/\\\/lightweb.dev\\\/l\\\/svm-temp\\\/#\\\/schema\\\/logo\\\/image\\\/\"},\"sameAs\":[\"https:\\\/\\\/www.facebook.com\\\/svenskamagasinet\",\"https:\\\/\\\/x.com\\\/SvenskaMagasine\"]},{\"@type\":\"Person\",\"@id\":\"https:\\\/\\\/lightweb.dev\\\/l\\\/svm-temp\\\/#\\\/schema\\\/person\\\/7a82b8a73d171d32360a564b6d03508e\",\"name\":\"Ola Josefsson\",\"description\":\"Bevakar Solkusten och Spanien sedan 1994.\",\"sameAs\":[\"https:\\\/\\\/lightweb.dev\\\/l\\\/svm-temp\"],\"url\":\"https:\\\/\\\/lightweb.dev\\\/l\\\/svm-temp\\\/reporter\\\/ola-josefsson\\\/\"}]}<\/script>\n<!-- \/ Yoast SEO Premium plugin. -->","yoast_head_json":{"title":"Vandrare hittats d\u00f6d skjuten i huvudet - Svenska Magasinet","description":"En 21-\u00e5rig man hittades p\u00e5 tisdagsmorgonen d\u00f6d i ett omr\u00e5de norr om M\u00e1laga som \u00e4r popul\u00e4rt bland vandrare. Ynglingen hittades skjuten i huvudet. Anh\u00f6riga till mannen rapporterade honom f\u00f6rsvunnen p\u00e5 m\u00e5ndagseftermiddagen.","robots":{"index":"noindex","follow":"follow","max-snippet":"max-snippet:-1","max-image-preview":"max-image-preview:large","max-video-preview":"max-video-preview:-1"},"og_locale":"sv_SE","og_type":"article","og_title":"Vandrare hittats d\u00f6d skjuten i huvudet","og_description":"En 21-\u00e5rig man hittades p\u00e5 tisdagsmorgonen d\u00f6d i ett omr\u00e5de norr om M\u00e1laga som \u00e4r popul\u00e4rt bland vandrare. Ynglingen hittades skjuten i huvudet. Anh\u00f6riga till mannen rapporterade honom f\u00f6rsvunnen p\u00e5 m\u00e5ndagseftermiddagen.","og_url":"https:\/\/lightweb.dev\/l\/svm-temp\/nyheter\/vandrare-hittats-dod-skjuten-i-huvudet\/","og_site_name":"Svenska Magasinet","article_publisher":"https:\/\/www.facebook.com\/svenskamagasinet","article_published_time":"2022-08-31T08:33:48+00:00","article_modified_time":"2022-09-01T07:38:21+00:00","og_image":[{"width":1024,"height":682,"url":"https:\/\/lightweb.dev\/l\/svm-temp\/wp-content\/uploads\/2022\/08\/79_PN_01-Stor.jpeg","type":"image\/jpeg"}],"author":"Ola Josefsson","twitter_card":"summary_large_image","twitter_creator":"@SvenskaMagasine","twitter_site":"@SvenskaMagasine","schema":{"@context":"https:\/\/schema.org","@graph":[{"@type":"Article","@id":"https:\/\/lightweb.dev\/l\/svm-temp\/nyheter\/vandrare-hittats-dod-skjuten-i-huvudet\/#article","isPartOf":{"@id":"https:\/\/lightweb.dev\/l\/svm-temp\/nyheter\/vandrare-hittats-dod-skjuten-i-huvudet\/"},"author":{"name":"Ola Josefsson","@id":"https:\/\/lightweb.dev\/l\/svm-temp\/#\/schema\/person\/7a82b8a73d171d32360a564b6d03508e"},"headline":"Vandrare hittats d\u00f6d skjuten i huvudet","datePublished":"2022-08-31T08:33:48+00:00","dateModified":"2022-09-01T07:38:21+00:00","mainEntityOfPage":{"@id":"https:\/\/lightweb.dev\/l\/svm-temp\/nyheter\/vandrare-hittats-dod-skjuten-i-huvudet\/"},"wordCount":234,"commentCount":1,"publisher":{"@id":"https:\/\/lightweb.dev\/l\/svm-temp\/#organization"},"image":{"@id":"https:\/\/lightweb.dev\/l\/svm-temp\/nyheter\/vandrare-hittats-dod-skjuten-i-huvudet\/#primaryimage"},"thumbnailUrl":"https:\/\/lightweb.dev\/l\/svm-temp\/wp-content\/uploads\/2022\/08\/79_PN_01-Stor.jpeg","articleSection":["Arkiv","Nyheter"],"inLanguage":"sv-SE"},{"@type":"WebPage","@id":"https:\/\/lightweb.dev\/l\/svm-temp\/nyheter\/vandrare-hittats-dod-skjuten-i-huvudet\/","url":"https:\/\/lightweb.dev\/l\/svm-temp\/nyheter\/vandrare-hittats-dod-skjuten-i-huvudet\/","name":"Vandrare hittats d\u00f6d skjuten i huvudet - Svenska Magasinet","isPartOf":{"@id":"https:\/\/lightweb.dev\/l\/svm-temp\/#website"},"primaryImageOfPage":{"@id":"https:\/\/lightweb.dev\/l\/svm-temp\/nyheter\/vandrare-hittats-dod-skjuten-i-huvudet\/#primaryimage"},"image":{"@id":"https:\/\/lightweb.dev\/l\/svm-temp\/nyheter\/vandrare-hittats-dod-skjuten-i-huvudet\/#primaryimage"},"thumbnailUrl":"https:\/\/lightweb.dev\/l\/svm-temp\/wp-content\/uploads\/2022\/08\/79_PN_01-Stor.jpeg","datePublished":"2022-08-31T08:33:48+00:00","dateModified":"2022-09-01T07:38:21+00:00","description":"En 21-\u00e5rig man hittades p\u00e5 tisdagsmorgonen d\u00f6d i ett omr\u00e5de norr om M\u00e1laga som \u00e4r popul\u00e4rt bland vandrare. Ynglingen hittades skjuten i huvudet. Anh\u00f6riga till mannen rapporterade honom f\u00f6rsvunnen p\u00e5 m\u00e5ndagseftermiddagen.","breadcrumb":{"@id":"https:\/\/lightweb.dev\/l\/svm-temp\/nyheter\/vandrare-hittats-dod-skjuten-i-huvudet\/#breadcrumb"},"inLanguage":"sv-SE","potentialAction":[{"@type":"ReadAction","target":["https:\/\/lightweb.dev\/l\/svm-temp\/nyheter\/vandrare-hittats-dod-skjuten-i-huvudet\/"]}]},{"@type":"ImageObject","inLanguage":"sv-SE","@id":"https:\/\/lightweb.dev\/l\/svm-temp\/nyheter\/vandrare-hittats-dod-skjuten-i-huvudet\/#primaryimage","url":"https:\/\/lightweb.dev\/l\/svm-temp\/wp-content\/uploads\/2022\/08\/79_PN_01-Stor.jpeg","contentUrl":"https:\/\/lightweb.dev\/l\/svm-temp\/wp-content\/uploads\/2022\/08\/79_PN_01-Stor.jpeg","width":1024,"height":682,"caption":"Mannen hittades d\u00f6d i ett omr\u00e5de norr om M\u00e1laga som \u00e4r popul\u00e4rt bland vandrare."},{"@type":"BreadcrumbList","@id":"https:\/\/lightweb.dev\/l\/svm-temp\/nyheter\/vandrare-hittats-dod-skjuten-i-huvudet\/#breadcrumb","itemListElement":[{"@type":"ListItem","position":1,"name":"Hem","item":"https:\/\/lightweb.dev\/l\/svm-temp\/"},{"@type":"ListItem","position":2,"name":"Vandrare hittats d\u00f6d skjuten i huvudet"}]},{"@type":"WebSite","@id":"https:\/\/lightweb.dev\/l\/svm-temp\/#website","url":"https:\/\/lightweb.dev\/l\/svm-temp\/","name":"Svenska Magasinet","description":"Dina Spanska nyheter p&aring; Svenska","publisher":{"@id":"https:\/\/lightweb.dev\/l\/svm-temp\/#organization"},"potentialAction":[{"@type":"SearchAction","target":{"@type":"EntryPoint","urlTemplate":"https:\/\/lightweb.dev\/l\/svm-temp\/?s={search_term_string}"},"query-input":{"@type":"PropertyValueSpecification","valueRequired":true,"valueName":"search_term_string"}}],"inLanguage":"sv-SE"},{"@type":"Organization","@id":"https:\/\/lightweb.dev\/l\/svm-temp\/#organization","name":"Melkerson y Nott SL","alternateName":"Svenska Magasinet","url":"https:\/\/lightweb.dev\/l\/svm-temp\/","logo":{"@type":"ImageObject","inLanguage":"sv-SE","@id":"https:\/\/lightweb.dev\/l\/svm-temp\/#\/schema\/logo\/image\/","url":"https:\/\/lightweb.dev\/l\/svm-temp\/wp-content\/uploads\/2025\/02\/SvM-logo-Xtra-Centrerad-SVART.png","contentUrl":"https:\/\/lightweb.dev\/l\/svm-temp\/wp-content\/uploads\/2025\/02\/SvM-logo-Xtra-Centrerad-SVART.png","width":300,"height":99,"caption":"Melkerson y Nott SL"},"image":{"@id":"https:\/\/lightweb.dev\/l\/svm-temp\/#\/schema\/logo\/image\/"},"sameAs":["https:\/\/www.facebook.com\/svenskamagasinet","https:\/\/x.com\/SvenskaMagasine"]},{"@type":"Person","@id":"https:\/\/lightweb.dev\/l\/svm-temp\/#\/schema\/person\/7a82b8a73d171d32360a564b6d03508e","name":"Ola Josefsson","description":"Bevakar Solkusten och Spanien sedan 1994.","sameAs":["https:\/\/lightweb.dev\/l\/svm-temp"],"url":"https:\/\/lightweb.dev\/l\/svm-temp\/reporter\/ola-josefsson\/"}]}},"_links":{"self":[{"href":"https:\/\/lightweb.dev\/l\/svm-temp\/wp-json\/wp\/v2\/posts\/56961","targetHints":{"allow":["GET"]}}],"collection":[{"href":"https:\/\/lightweb.dev\/l\/svm-temp\/wp-json\/wp\/v2\/posts"}],"about":[{"href":"https:\/\/lightweb.dev\/l\/svm-temp\/wp-json\/wp\/v2\/types\/post"}],"author":[{"embeddable":true,"href":"https:\/\/lightweb.dev\/l\/svm-temp\/wp-json\/wp\/v2\/users\/7"}],"replies":[{"embeddable":true,"href":"https:\/\/lightweb.dev\/l\/svm-temp\/wp-json\/wp\/v2\/comments?post=56961"}],"version-history":[{"count":0,"href":"https:\/\/lightweb.dev\/l\/svm-temp\/wp-json\/wp\/v2\/posts\/56961\/revisions"}],"wp:featuredmedia":[{"embeddable":true,"href":"https:\/\/lightweb.dev\/l\/svm-temp\/wp-json\/wp\/v2\/media\/56963"}],"wp:attachment":[{"href":"https:\/\/lightweb.dev\/l\/svm-temp\/wp-json\/wp\/v2\/media?parent=56961"}],"wp:term":[{"taxonomy":"category","embeddable":true,"href":"https:\/\/lightweb.dev\/l\/svm-temp\/wp-json\/wp\/v2\/categories?post=56961"},{"taxonomy":"post_tag","embeddable":true,"href":"https:\/\/lightweb.dev\/l\/svm-temp\/wp-json\/wp\/v2\/tags?post=56961"}],"curies":[{"name":"wp","href":"https:\/\/api.w.org\/{rel}","templated":true}]}}