{"id":56965,"date":"2022-08-31T11:07:55","date_gmt":"2022-08-31T09:07:55","guid":{"rendered":"https:\/\/lightweb.dev\/l\/svm-temp\/?p=56965"},"modified":"2022-08-31T11:07:55","modified_gmt":"2022-08-31T09:07:55","slug":"spanien-och-tyskland-tar-initiativet-med-gasledningen-midcat","status":"publish","type":"post","link":"https:\/\/lightweb.dev\/l\/svm-temp\/nyheter\/spanien-och-tyskland-tar-initiativet-med-gasledningen-midcat\/","title":{"rendered":"Spanien och Tyskland tar initiativet med gasledningen Midcat"},"content":{"rendered":"<p><strong>St\u00e4ngda ryska gaskranar, en gr\u00f6n energi som inte orkar att leverera och nedst\u00e4ngd k\u00e4rnkraft. Den tyske f\u00f6rbundskanslern Olaf Scholz hopp st\u00e5r nu till gasledningen Midcat fr\u00e5n Algeriet via Spanien och Centraleuropa.<\/strong><\/p>\n<p>En kall vinter v\u00e4ntar f\u00f6r europ\u00e9erna. Att l\u00f6sa energif\u00f6rs\u00f6rjningsproblemet har h\u00f6gsta prioritet.<\/p>\n<p>Att Olaf Scholz bjuder in Pedro S\u00e1nchez att n\u00e4rvara vid det tyska ministerr\u00e5det \u00e4r anm\u00e4rkningsv\u00e4rt. Men EU beh\u00f6ver ett fungerande Tyskland som normalt betraktas som unionens draglok.<\/p>\n<p>Nu kr\u00e4vs det rej\u00e4la \u00e5tg\u00e4rder och en kostsam infrastruktur f\u00f6r att befria Europa fr\u00e5n oket av ryskt energiberoende.<\/p>\n<p>Spaniens har sex anl\u00e4ggningar f\u00f6r att hantera en stor volym flytande gas. Det g\u00f6r Spanien till en viktig spelare p\u00e5 den nya energikartan. Samtidigt kan Spaniens anseende som naggats i kanten med behovet av st\u00e4ndiga ekonomiska hj\u00e4lppaket \u00e5tervinnas n\u00e5got.<\/p>\n<p>Frankrike har \u00e4ven l\u00e4mnat besked att de \u00e4r villiga att \u00f6ppna en gasledning efter en gemensam beg\u00e4ran fr\u00e5n Spanien och Tyskland. S\u00e1nchez inst\u00e4mmer med den tyske f\u00f6rbundskanslern i att \u00f6ka energif\u00f6rbindelserna med hela Europa f\u00f6r att visa solidaritet.<\/p>\n<p>Om Frankrike skulle mots\u00e4tta sig planen skulle gasledningen i st\u00e4llet dras via Italien.<\/p>\n<p><span class=\"FBCZGkLlO2hMS\"><\/p>\n<blockquote class=\"twitter-tweet\" data-width=\"550\" data-dnt=\"true\">\n<p lang=\"es\" dir=\"ltr\">El PG, <a href=\"https:\/\/twitter.com\/sanchezcastejon?ref_src=twsrc%5Etfw\">@sanchezcastejon<\/a>, se ha reunido en Alemania con el canciller <a href=\"https:\/\/twitter.com\/OlafScholz?ref_src=twsrc%5Etfw\">@OlafScholz<\/a> y ha participado en una reuni\u00f3n del Gobierno federal, un hecho sin precedentes.<\/p>\n<p>\u25aa\ufe0fAmbos l\u00edderes comparten la necesidad de impulsar las interconexiones energ\u00e9ticas europeas.<a href=\"https:\/\/t.co\/qBLvb30YzK\">https:\/\/t.co\/qBLvb30YzK<\/a> <a href=\"https:\/\/t.co\/oJOqxNNjkO\">pic.twitter.com\/oJOqxNNjkO<\/a><\/p>\n<p>&mdash; La Moncloa (@desdelamoncloa) <a href=\"https:\/\/twitter.com\/desdelamoncloa\/status\/1564667514671403008?ref_src=twsrc%5Etfw\">August 30, 2022<\/a><\/p><\/blockquote>\n<p><script async src=\"https:\/\/platform.twitter.com\/widgets.js\" charset=\"utf-8\"><\/script><\/span><\/p>\n","protected":false},"excerpt":{"rendered":"<p>St\u00e4ngda ryska gaskranar, en gr\u00f6n energi som inte orkar att leverera och nedst\u00e4ngd k\u00e4rnkraft. Den tyske f\u00f6rbundskanslern Olaf Scholz hopp st\u00e5r nu till gasledningen Midcat fr\u00e5n Algeriet via Spanien och Centraleuropa. En kall vinter v\u00e4ntar f\u00f6r europ\u00e9erna. Att l\u00f6sa energif\u00f6rs\u00f6rjningsproblemet har h\u00f6gsta prioritet. Att Olaf Scholz bjuder in Pedro S\u00e1nchez att n\u00e4rvara vid det tyska [&hellip;]<\/p>\n","protected":false},"author":7,"featured_media":56967,"comment_status":"open","ping_status":"open","sticky":false,"template":"","format":"standard","meta":{"_et_pb_use_builder":"","_et_pb_old_content":"","_et_gb_content_width":"","footnotes":""},"categories":[395,3],"tags":[],"class_list":["post-56965","post","type-post","status-publish","format-standard","has-post-thumbnail","hentry","category-arkiv-nyheter","category-nyheter"],"yoast_head":"<!-- This site is optimized with the Yoast SEO Premium plugin v26.2 (Yoast SEO v27.4) - https:\/\/yoast.com\/product\/yoast-seo-premium-wordpress\/ -->\n<title>Spanien och Tyskland tar initiativet med gasledningen Midcat - Svenska Magasinet<\/title>\n<meta name=\"description\" content=\"St\u00e4ngda ryska gaskranar, en gr\u00f6n energi som inte orkar att leverera och nedst\u00e4ngd k\u00e4rnkraft. Den tyske f\u00f6rbundskanslern Olaf Scholz hopp st\u00e5r nu till gasledningen Midcat fr\u00e5n Algeriet via Spanien och Centraleuropa.\" \/>\n<meta name=\"robots\" content=\"noindex, follow, max-snippet:-1, max-image-preview:large, max-video-preview:-1\" \/>\n<meta property=\"og:locale\" content=\"sv_SE\" \/>\n<meta property=\"og:type\" content=\"article\" \/>\n<meta property=\"og:title\" content=\"Spanien och Tyskland tar initiativet med gasledningen Midcat\" \/>\n<meta property=\"og:description\" content=\"St\u00e4ngda ryska gaskranar, en gr\u00f6n energi som inte orkar att leverera och nedst\u00e4ngd k\u00e4rnkraft. Den tyske f\u00f6rbundskanslern Olaf Scholz hopp st\u00e5r nu till gasledningen Midcat fr\u00e5n Algeriet via Spanien och Centraleuropa.\" \/>\n<meta property=\"og:url\" content=\"https:\/\/lightweb.dev\/l\/svm-temp\/nyheter\/spanien-och-tyskland-tar-initiativet-med-gasledningen-midcat\/\" \/>\n<meta property=\"og:site_name\" content=\"Svenska Magasinet\" \/>\n<meta property=\"article:publisher\" content=\"https:\/\/www.facebook.com\/svenskamagasinet\" \/>\n<meta property=\"article:published_time\" content=\"2022-08-31T09:07:55+00:00\" \/>\n<meta property=\"og:image\" content=\"https:\/\/lightweb.dev\/l\/svm-temp\/wp-content\/uploads\/2022\/08\/Ska\u0308rmavbild-2022-08-31-kl.-11.03.41-Stor.jpeg\" \/>\n\t<meta property=\"og:image:width\" content=\"1280\" \/>\n\t<meta property=\"og:image:height\" content=\"720\" \/>\n\t<meta property=\"og:image:type\" content=\"image\/jpeg\" \/>\n<meta name=\"author\" content=\"Ola Josefsson\" \/>\n<meta name=\"twitter:card\" content=\"summary_large_image\" \/>\n<meta name=\"twitter:creator\" content=\"@SvenskaMagasine\" \/>\n<meta name=\"twitter:site\" content=\"@SvenskaMagasine\" \/>\n<script type=\"application\/ld+json\" class=\"yoast-schema-graph\">{\"@context\":\"https:\\\/\\\/schema.org\",\"@graph\":[{\"@type\":\"Article\",\"@id\":\"https:\\\/\\\/lightweb.dev\\\/l\\\/svm-temp\\\/nyheter\\\/spanien-och-tyskland-tar-initiativet-med-gasledningen-midcat\\\/#article\",\"isPartOf\":{\"@id\":\"https:\\\/\\\/lightweb.dev\\\/l\\\/svm-temp\\\/nyheter\\\/spanien-och-tyskland-tar-initiativet-med-gasledningen-midcat\\\/\"},\"author\":{\"name\":\"Ola Josefsson\",\"@id\":\"https:\\\/\\\/lightweb.dev\\\/l\\\/svm-temp\\\/#\\\/schema\\\/person\\\/7a82b8a73d171d32360a564b6d03508e\"},\"headline\":\"Spanien och Tyskland tar initiativet med gasledningen Midcat\",\"datePublished\":\"2022-08-31T09:07:55+00:00\",\"mainEntityOfPage\":{\"@id\":\"https:\\\/\\\/lightweb.dev\\\/l\\\/svm-temp\\\/nyheter\\\/spanien-och-tyskland-tar-initiativet-med-gasledningen-midcat\\\/\"},\"wordCount\":241,\"commentCount\":1,\"publisher\":{\"@id\":\"https:\\\/\\\/lightweb.dev\\\/l\\\/svm-temp\\\/#organization\"},\"image\":{\"@id\":\"https:\\\/\\\/lightweb.dev\\\/l\\\/svm-temp\\\/nyheter\\\/spanien-och-tyskland-tar-initiativet-med-gasledningen-midcat\\\/#primaryimage\"},\"thumbnailUrl\":\"https:\\\/\\\/lightweb.dev\\\/l\\\/svm-temp\\\/wp-content\\\/uploads\\\/2022\\\/08\\\/Ska\u0308rmavbild-2022-08-31-kl.-11.03.41-Stor.jpeg\",\"articleSection\":[\"Arkiv\",\"Nyheter\"],\"inLanguage\":\"sv-SE\"},{\"@type\":\"WebPage\",\"@id\":\"https:\\\/\\\/lightweb.dev\\\/l\\\/svm-temp\\\/nyheter\\\/spanien-och-tyskland-tar-initiativet-med-gasledningen-midcat\\\/\",\"url\":\"https:\\\/\\\/lightweb.dev\\\/l\\\/svm-temp\\\/nyheter\\\/spanien-och-tyskland-tar-initiativet-med-gasledningen-midcat\\\/\",\"name\":\"Spanien och Tyskland tar initiativet med gasledningen Midcat - Svenska Magasinet\",\"isPartOf\":{\"@id\":\"https:\\\/\\\/lightweb.dev\\\/l\\\/svm-temp\\\/#website\"},\"primaryImageOfPage\":{\"@id\":\"https:\\\/\\\/lightweb.dev\\\/l\\\/svm-temp\\\/nyheter\\\/spanien-och-tyskland-tar-initiativet-med-gasledningen-midcat\\\/#primaryimage\"},\"image\":{\"@id\":\"https:\\\/\\\/lightweb.dev\\\/l\\\/svm-temp\\\/nyheter\\\/spanien-och-tyskland-tar-initiativet-med-gasledningen-midcat\\\/#primaryimage\"},\"thumbnailUrl\":\"https:\\\/\\\/lightweb.dev\\\/l\\\/svm-temp\\\/wp-content\\\/uploads\\\/2022\\\/08\\\/Ska\u0308rmavbild-2022-08-31-kl.-11.03.41-Stor.jpeg\",\"datePublished\":\"2022-08-31T09:07:55+00:00\",\"description\":\"St\u00e4ngda ryska gaskranar, en gr\u00f6n energi som inte orkar att leverera och nedst\u00e4ngd k\u00e4rnkraft. Den tyske f\u00f6rbundskanslern Olaf Scholz hopp st\u00e5r nu till gasledningen Midcat fr\u00e5n Algeriet via Spanien och Centraleuropa.\",\"breadcrumb\":{\"@id\":\"https:\\\/\\\/lightweb.dev\\\/l\\\/svm-temp\\\/nyheter\\\/spanien-och-tyskland-tar-initiativet-med-gasledningen-midcat\\\/#breadcrumb\"},\"inLanguage\":\"sv-SE\",\"potentialAction\":[{\"@type\":\"ReadAction\",\"target\":[\"https:\\\/\\\/lightweb.dev\\\/l\\\/svm-temp\\\/nyheter\\\/spanien-och-tyskland-tar-initiativet-med-gasledningen-midcat\\\/\"]}]},{\"@type\":\"ImageObject\",\"inLanguage\":\"sv-SE\",\"@id\":\"https:\\\/\\\/lightweb.dev\\\/l\\\/svm-temp\\\/nyheter\\\/spanien-och-tyskland-tar-initiativet-med-gasledningen-midcat\\\/#primaryimage\",\"url\":\"https:\\\/\\\/lightweb.dev\\\/l\\\/svm-temp\\\/wp-content\\\/uploads\\\/2022\\\/08\\\/Ska\u0308rmavbild-2022-08-31-kl.-11.03.41-Stor.jpeg\",\"contentUrl\":\"https:\\\/\\\/lightweb.dev\\\/l\\\/svm-temp\\\/wp-content\\\/uploads\\\/2022\\\/08\\\/Ska\u0308rmavbild-2022-08-31-kl.-11.03.41-Stor.jpeg\",\"width\":1280,\"height\":720,\"caption\":\"Den tyske f\u00f6rbundskanslern Olaf Scholz hopp st\u00e5r nu till gasledningen Midcat fr\u00e5n Algeriet via Spanien och Centraleuropa. (Foto: Twitter @desdelamoncloa)\"},{\"@type\":\"BreadcrumbList\",\"@id\":\"https:\\\/\\\/lightweb.dev\\\/l\\\/svm-temp\\\/nyheter\\\/spanien-och-tyskland-tar-initiativet-med-gasledningen-midcat\\\/#breadcrumb\",\"itemListElement\":[{\"@type\":\"ListItem\",\"position\":1,\"name\":\"Hem\",\"item\":\"https:\\\/\\\/lightweb.dev\\\/l\\\/svm-temp\\\/\"},{\"@type\":\"ListItem\",\"position\":2,\"name\":\"Spanien och Tyskland tar initiativet med gasledningen Midcat\"}]},{\"@type\":\"WebSite\",\"@id\":\"https:\\\/\\\/lightweb.dev\\\/l\\\/svm-temp\\\/#website\",\"url\":\"https:\\\/\\\/lightweb.dev\\\/l\\\/svm-temp\\\/\",\"name\":\"Svenska Magasinet\",\"description\":\"Dina Spanska nyheter p&aring; Svenska\",\"publisher\":{\"@id\":\"https:\\\/\\\/lightweb.dev\\\/l\\\/svm-temp\\\/#organization\"},\"potentialAction\":[{\"@type\":\"SearchAction\",\"target\":{\"@type\":\"EntryPoint\",\"urlTemplate\":\"https:\\\/\\\/lightweb.dev\\\/l\\\/svm-temp\\\/?s={search_term_string}\"},\"query-input\":{\"@type\":\"PropertyValueSpecification\",\"valueRequired\":true,\"valueName\":\"search_term_string\"}}],\"inLanguage\":\"sv-SE\"},{\"@type\":\"Organization\",\"@id\":\"https:\\\/\\\/lightweb.dev\\\/l\\\/svm-temp\\\/#organization\",\"name\":\"Melkerson y Nott SL\",\"alternateName\":\"Svenska Magasinet\",\"url\":\"https:\\\/\\\/lightweb.dev\\\/l\\\/svm-temp\\\/\",\"logo\":{\"@type\":\"ImageObject\",\"inLanguage\":\"sv-SE\",\"@id\":\"https:\\\/\\\/lightweb.dev\\\/l\\\/svm-temp\\\/#\\\/schema\\\/logo\\\/image\\\/\",\"url\":\"https:\\\/\\\/lightweb.dev\\\/l\\\/svm-temp\\\/wp-content\\\/uploads\\\/2025\\\/02\\\/SvM-logo-Xtra-Centrerad-SVART.png\",\"contentUrl\":\"https:\\\/\\\/lightweb.dev\\\/l\\\/svm-temp\\\/wp-content\\\/uploads\\\/2025\\\/02\\\/SvM-logo-Xtra-Centrerad-SVART.png\",\"width\":300,\"height\":99,\"caption\":\"Melkerson y Nott SL\"},\"image\":{\"@id\":\"https:\\\/\\\/lightweb.dev\\\/l\\\/svm-temp\\\/#\\\/schema\\\/logo\\\/image\\\/\"},\"sameAs\":[\"https:\\\/\\\/www.facebook.com\\\/svenskamagasinet\",\"https:\\\/\\\/x.com\\\/SvenskaMagasine\"]},{\"@type\":\"Person\",\"@id\":\"https:\\\/\\\/lightweb.dev\\\/l\\\/svm-temp\\\/#\\\/schema\\\/person\\\/7a82b8a73d171d32360a564b6d03508e\",\"name\":\"Ola Josefsson\",\"description\":\"Bevakar Solkusten och Spanien sedan 1994.\",\"sameAs\":[\"https:\\\/\\\/lightweb.dev\\\/l\\\/svm-temp\"],\"url\":\"https:\\\/\\\/lightweb.dev\\\/l\\\/svm-temp\\\/reporter\\\/ola-josefsson\\\/\"}]}<\/script>\n<!-- \/ Yoast SEO Premium plugin. -->","yoast_head_json":{"title":"Spanien och Tyskland tar initiativet med gasledningen Midcat - Svenska Magasinet","description":"St\u00e4ngda ryska gaskranar, en gr\u00f6n energi som inte orkar att leverera och nedst\u00e4ngd k\u00e4rnkraft. Den tyske f\u00f6rbundskanslern Olaf Scholz hopp st\u00e5r nu till gasledningen Midcat fr\u00e5n Algeriet via Spanien och Centraleuropa.","robots":{"index":"noindex","follow":"follow","max-snippet":"max-snippet:-1","max-image-preview":"max-image-preview:large","max-video-preview":"max-video-preview:-1"},"og_locale":"sv_SE","og_type":"article","og_title":"Spanien och Tyskland tar initiativet med gasledningen Midcat","og_description":"St\u00e4ngda ryska gaskranar, en gr\u00f6n energi som inte orkar att leverera och nedst\u00e4ngd k\u00e4rnkraft. Den tyske f\u00f6rbundskanslern Olaf Scholz hopp st\u00e5r nu till gasledningen Midcat fr\u00e5n Algeriet via Spanien och Centraleuropa.","og_url":"https:\/\/lightweb.dev\/l\/svm-temp\/nyheter\/spanien-och-tyskland-tar-initiativet-med-gasledningen-midcat\/","og_site_name":"Svenska Magasinet","article_publisher":"https:\/\/www.facebook.com\/svenskamagasinet","article_published_time":"2022-08-31T09:07:55+00:00","og_image":[{"width":1280,"height":720,"url":"https:\/\/lightweb.dev\/l\/svm-temp\/wp-content\/uploads\/2022\/08\/Ska\u0308rmavbild-2022-08-31-kl.-11.03.41-Stor.jpeg","type":"image\/jpeg"}],"author":"Ola Josefsson","twitter_card":"summary_large_image","twitter_creator":"@SvenskaMagasine","twitter_site":"@SvenskaMagasine","schema":{"@context":"https:\/\/schema.org","@graph":[{"@type":"Article","@id":"https:\/\/lightweb.dev\/l\/svm-temp\/nyheter\/spanien-och-tyskland-tar-initiativet-med-gasledningen-midcat\/#article","isPartOf":{"@id":"https:\/\/lightweb.dev\/l\/svm-temp\/nyheter\/spanien-och-tyskland-tar-initiativet-med-gasledningen-midcat\/"},"author":{"name":"Ola Josefsson","@id":"https:\/\/lightweb.dev\/l\/svm-temp\/#\/schema\/person\/7a82b8a73d171d32360a564b6d03508e"},"headline":"Spanien och Tyskland tar initiativet med gasledningen Midcat","datePublished":"2022-08-31T09:07:55+00:00","mainEntityOfPage":{"@id":"https:\/\/lightweb.dev\/l\/svm-temp\/nyheter\/spanien-och-tyskland-tar-initiativet-med-gasledningen-midcat\/"},"wordCount":241,"commentCount":1,"publisher":{"@id":"https:\/\/lightweb.dev\/l\/svm-temp\/#organization"},"image":{"@id":"https:\/\/lightweb.dev\/l\/svm-temp\/nyheter\/spanien-och-tyskland-tar-initiativet-med-gasledningen-midcat\/#primaryimage"},"thumbnailUrl":"https:\/\/lightweb.dev\/l\/svm-temp\/wp-content\/uploads\/2022\/08\/Ska\u0308rmavbild-2022-08-31-kl.-11.03.41-Stor.jpeg","articleSection":["Arkiv","Nyheter"],"inLanguage":"sv-SE"},{"@type":"WebPage","@id":"https:\/\/lightweb.dev\/l\/svm-temp\/nyheter\/spanien-och-tyskland-tar-initiativet-med-gasledningen-midcat\/","url":"https:\/\/lightweb.dev\/l\/svm-temp\/nyheter\/spanien-och-tyskland-tar-initiativet-med-gasledningen-midcat\/","name":"Spanien och Tyskland tar initiativet med gasledningen Midcat - Svenska Magasinet","isPartOf":{"@id":"https:\/\/lightweb.dev\/l\/svm-temp\/#website"},"primaryImageOfPage":{"@id":"https:\/\/lightweb.dev\/l\/svm-temp\/nyheter\/spanien-och-tyskland-tar-initiativet-med-gasledningen-midcat\/#primaryimage"},"image":{"@id":"https:\/\/lightweb.dev\/l\/svm-temp\/nyheter\/spanien-och-tyskland-tar-initiativet-med-gasledningen-midcat\/#primaryimage"},"thumbnailUrl":"https:\/\/lightweb.dev\/l\/svm-temp\/wp-content\/uploads\/2022\/08\/Ska\u0308rmavbild-2022-08-31-kl.-11.03.41-Stor.jpeg","datePublished":"2022-08-31T09:07:55+00:00","description":"St\u00e4ngda ryska gaskranar, en gr\u00f6n energi som inte orkar att leverera och nedst\u00e4ngd k\u00e4rnkraft. Den tyske f\u00f6rbundskanslern Olaf Scholz hopp st\u00e5r nu till gasledningen Midcat fr\u00e5n Algeriet via Spanien och Centraleuropa.","breadcrumb":{"@id":"https:\/\/lightweb.dev\/l\/svm-temp\/nyheter\/spanien-och-tyskland-tar-initiativet-med-gasledningen-midcat\/#breadcrumb"},"inLanguage":"sv-SE","potentialAction":[{"@type":"ReadAction","target":["https:\/\/lightweb.dev\/l\/svm-temp\/nyheter\/spanien-och-tyskland-tar-initiativet-med-gasledningen-midcat\/"]}]},{"@type":"ImageObject","inLanguage":"sv-SE","@id":"https:\/\/lightweb.dev\/l\/svm-temp\/nyheter\/spanien-och-tyskland-tar-initiativet-med-gasledningen-midcat\/#primaryimage","url":"https:\/\/lightweb.dev\/l\/svm-temp\/wp-content\/uploads\/2022\/08\/Ska\u0308rmavbild-2022-08-31-kl.-11.03.41-Stor.jpeg","contentUrl":"https:\/\/lightweb.dev\/l\/svm-temp\/wp-content\/uploads\/2022\/08\/Ska\u0308rmavbild-2022-08-31-kl.-11.03.41-Stor.jpeg","width":1280,"height":720,"caption":"Den tyske f\u00f6rbundskanslern Olaf Scholz hopp st\u00e5r nu till gasledningen Midcat fr\u00e5n Algeriet via Spanien och Centraleuropa. (Foto: Twitter @desdelamoncloa)"},{"@type":"BreadcrumbList","@id":"https:\/\/lightweb.dev\/l\/svm-temp\/nyheter\/spanien-och-tyskland-tar-initiativet-med-gasledningen-midcat\/#breadcrumb","itemListElement":[{"@type":"ListItem","position":1,"name":"Hem","item":"https:\/\/lightweb.dev\/l\/svm-temp\/"},{"@type":"ListItem","position":2,"name":"Spanien och Tyskland tar initiativet med gasledningen Midcat"}]},{"@type":"WebSite","@id":"https:\/\/lightweb.dev\/l\/svm-temp\/#website","url":"https:\/\/lightweb.dev\/l\/svm-temp\/","name":"Svenska Magasinet","description":"Dina Spanska nyheter p&aring; Svenska","publisher":{"@id":"https:\/\/lightweb.dev\/l\/svm-temp\/#organization"},"potentialAction":[{"@type":"SearchAction","target":{"@type":"EntryPoint","urlTemplate":"https:\/\/lightweb.dev\/l\/svm-temp\/?s={search_term_string}"},"query-input":{"@type":"PropertyValueSpecification","valueRequired":true,"valueName":"search_term_string"}}],"inLanguage":"sv-SE"},{"@type":"Organization","@id":"https:\/\/lightweb.dev\/l\/svm-temp\/#organization","name":"Melkerson y Nott SL","alternateName":"Svenska Magasinet","url":"https:\/\/lightweb.dev\/l\/svm-temp\/","logo":{"@type":"ImageObject","inLanguage":"sv-SE","@id":"https:\/\/lightweb.dev\/l\/svm-temp\/#\/schema\/logo\/image\/","url":"https:\/\/lightweb.dev\/l\/svm-temp\/wp-content\/uploads\/2025\/02\/SvM-logo-Xtra-Centrerad-SVART.png","contentUrl":"https:\/\/lightweb.dev\/l\/svm-temp\/wp-content\/uploads\/2025\/02\/SvM-logo-Xtra-Centrerad-SVART.png","width":300,"height":99,"caption":"Melkerson y Nott SL"},"image":{"@id":"https:\/\/lightweb.dev\/l\/svm-temp\/#\/schema\/logo\/image\/"},"sameAs":["https:\/\/www.facebook.com\/svenskamagasinet","https:\/\/x.com\/SvenskaMagasine"]},{"@type":"Person","@id":"https:\/\/lightweb.dev\/l\/svm-temp\/#\/schema\/person\/7a82b8a73d171d32360a564b6d03508e","name":"Ola Josefsson","description":"Bevakar Solkusten och Spanien sedan 1994.","sameAs":["https:\/\/lightweb.dev\/l\/svm-temp"],"url":"https:\/\/lightweb.dev\/l\/svm-temp\/reporter\/ola-josefsson\/"}]}},"_links":{"self":[{"href":"https:\/\/lightweb.dev\/l\/svm-temp\/wp-json\/wp\/v2\/posts\/56965","targetHints":{"allow":["GET"]}}],"collection":[{"href":"https:\/\/lightweb.dev\/l\/svm-temp\/wp-json\/wp\/v2\/posts"}],"about":[{"href":"https:\/\/lightweb.dev\/l\/svm-temp\/wp-json\/wp\/v2\/types\/post"}],"author":[{"embeddable":true,"href":"https:\/\/lightweb.dev\/l\/svm-temp\/wp-json\/wp\/v2\/users\/7"}],"replies":[{"embeddable":true,"href":"https:\/\/lightweb.dev\/l\/svm-temp\/wp-json\/wp\/v2\/comments?post=56965"}],"version-history":[{"count":0,"href":"https:\/\/lightweb.dev\/l\/svm-temp\/wp-json\/wp\/v2\/posts\/56965\/revisions"}],"wp:featuredmedia":[{"embeddable":true,"href":"https:\/\/lightweb.dev\/l\/svm-temp\/wp-json\/wp\/v2\/media\/56967"}],"wp:attachment":[{"href":"https:\/\/lightweb.dev\/l\/svm-temp\/wp-json\/wp\/v2\/media?parent=56965"}],"wp:term":[{"taxonomy":"category","embeddable":true,"href":"https:\/\/lightweb.dev\/l\/svm-temp\/wp-json\/wp\/v2\/categories?post=56965"},{"taxonomy":"post_tag","embeddable":true,"href":"https:\/\/lightweb.dev\/l\/svm-temp\/wp-json\/wp\/v2\/tags?post=56965"}],"curies":[{"name":"wp","href":"https:\/\/api.w.org\/{rel}","templated":true}]}}