{"id":57090,"date":"2022-04-15T09:08:02","date_gmt":"2022-04-15T07:08:02","guid":{"rendered":"https:\/\/lightweb.dev\/l\/svm-temp\/?p=57090"},"modified":"2022-09-02T22:13:21","modified_gmt":"2022-09-02T20:13:21","slug":"spanien-just-nu-propagandakriget-pagar","status":"publish","type":"post","link":"https:\/\/lightweb.dev\/l\/svm-temp\/artiklar\/spanien-just-nu-propagandakriget-pagar\/","title":{"rendered":"Spanien just nu \u2013 propagandakriget p\u00e5g\u00e5r"},"content":{"rendered":"<h2>Fred p\u00e5 jorden. Harmoni och enhet mellan m\u00e4nniskor. En dr\u00f6m \u2013 men verkligheten \u00e4r n\u00e5got annat p\u00e5 en planet som pl\u00e5gas av desinformation och propagandakrig p\u00e5 bred front.<\/h2>\n<div>Vi p\u00e5minns om s\u00e5dant som vi tidigare har l\u00e4rt oss. Den av\u00a0Stalin\u00a0beordrade sv\u00e4ltkatastrofen och folkmordet p\u00e5 3,9 miljoner ukrainare under 1932 och 1933.<\/div>\n<div>\nN\u00e5gra \u00e5r senare inleddes spanska inb\u00f6rdeskriget och republikens anh\u00e4ngare skickade 635 ton guld, den tidens fj\u00e4rde st\u00f6rsta guldreserv, till Stalin som i sin tur skickade vapen och flyg till Spanien men \u00e4ven milit\u00e4ra instrukt\u00f6rer, agenter ur sin politiska polis, experter p\u00e5 k\u00e4ttarjakt och utrensningar bland de egna. De kom till Spanien, uppr\u00e4ttade ett skr\u00e4ckv\u00e4lde, ett \u201dinb\u00f6rdeskrig\u201d i inb\u00f6rdeskriget.<\/p>\n<p>Stalin infiltrerade de internationella brigaderna och hade planer p\u00e5 ett kommunistiskt Spanien. Sovjetrysslands m\u00e5l har alltid varit att utvidga intressesf\u00e4ren. Finland 1939. Ungern 1956. Tjeckoslovakien 1968. Afghanistan 1979. Ukraina 2022 \u00e4ven om invasionen inleddes 2014.<\/p>\n<p>Det kan tyckas att Ryssland st\u00e5r mer isolerat \u00e4n n\u00e5gonsin. Och att EU tillsammans med \u00f6vriga Europa och USA st\u00e5r mer enat \u00e4n n\u00e5gonsin. Stormakten Kina st\u00e5r n\u00e4ra Ryssland och de har inte f\u00f6rd\u00f6mt invasionen av Ukraina. Uppgifter cirkulerar om att Kina vill f\u00f6rse Ryssland med vapen.\u00a0Kriget tros f\u00f6r\u00e4ndra investerares syn p\u00e5 Kina.<\/p>\n<p>Bilder p\u00e5 tv-nyheterna visas s\u00f6nderbombade hus. Familjer som tvingas l\u00e4mna sina hem och skiljs \u00e5t. Kvinnor och barn p\u00e5 flykt medan m\u00e4nnen uppmanas att stanna och g\u00e5 ut i krig. Europa 2022.<\/p>\n<p>Ryssland stryper fl\u00f6det p\u00e5 information. Ryssar som anv\u00e4nder ord som krig och invasion riskerar 15 \u00e5rs f\u00e4ngelse. Desinformation- och propagandakriget p\u00e5g\u00e5r f\u00f6r fullt.<\/p>\n<p>Vi p\u00e5minns om oktober 2017. Den illegala folkomr\u00f6stningen om Kataloniens sj\u00e4lvst\u00e4ndighet. Katalanska separatister kallade folk till valurnorna. Rapporter visar i efterhand hur Ryssland blandade sig i krisen.<\/p>\n<p>East Stratcom Task Force, EU:s grupp f\u00f6r att uppt\u00e4cka och motverka ryska attacker mot EU, rapporterade om en \u00f6kning av kampanjer med syfte att f\u00f6rsv\u00e5ra krisen i Katalonien. Bland annat webbplatsen Sputnik som publicerade nyheter som att \u00f6gruppen Balearerna ocks\u00e5 ville f\u00f6rklara sig sj\u00e4lvst\u00e4ndiga fr\u00e5n Spanien.<\/p>\n<p>Med Katalonienkonflikten blev \u201dfake news\u201d eller \u201dfalska nyheter\u201d en het potatis \u00e4ven i Spanien. I Spanien, t\u00e4nker n\u00e5gon. Vad hade Ryssland f\u00f6r intresse i Spanien?<\/p>\n<p>Officiellt bekr\u00e4ftade Kreml och den ryska regeringen sitt st\u00f6d till Spanien att Katalonienkonflikten var en intern fr\u00e5ga i Madrid. Men att Europa f\u00f6rsvagas av inre konflikter \u00e4r en dr\u00f6m f\u00f6r ryska ultranationalister.<\/p>\n<p>Av den orsaken publicerades tveksamma och h\u00e5rt vinklade nyheter. Russia Today och Sputnik beskrev Spanien som ett odemokratiskt land, en auktorit\u00e4r stat j\u00e4mf\u00f6rt med frihetens Katalonien.<\/p>\n<p>Hans-Georg Maassen, h\u00f6gsta chef f\u00f6r Tysklands underr\u00e4ttelsetj\u00e4nst, har tidigare ber\u00e4ttat att den ryska regeringen st\u00f6dde den katalanska separatismen med desinformationskampanjer dagarna f\u00f6re folkomr\u00f6stningen 2017. M\u00e5let var ett f\u00f6rsvagat och delat EU som inte fullt ut kan ut\u00f6va sin roll som global akt\u00f6r.<\/p>\n<p>Det finns \u00e4ven uppgifter p\u00e5 att Ryssland erbj\u00f6d den katalanska regionpresidenten Puigdemont 10.000 soldater till en v\u00e4pnad konflikt och till f\u00f6rsvar f\u00f6r katalansk sj\u00e4lvst\u00e4ndighetsprocess. Ryska milit\u00e4rer till Spanien! Puigdemont l\u00e4r ha tackat nej till l\u00f6ftet om milit\u00e4rt bist\u00e5nd eftersom det skulle lett till en blodig konflikt med d\u00f6dsfall.<\/p>\n<p>Guardia Civil h\u00e4nvisade till ett uttalande fr\u00e5n det katalanska partiet CDC:s tidigare partiledare V\u00edctor Terradellas \u201datt inte de ryska soldaterna kom berodde p\u00e5 att Puigdemont gjorde i byxan\u2026\u201d.<\/p>\n<p>Ryssland ska \u00e4ven ha pumpat in pengar i den katalanska grupperingen \u201dTsunami Democr\u00e0tic\u201d som \u00e4gnat sig \u00e5t v\u00e5ldsamma manifestationer och skadeg\u00f6relse p\u00e5 allm\u00e4n egendom. Sl\u00e4ktingar till Puigdemont, som uppeh\u00e5ller sig i Waterloo, Belgien, misst\u00e4nks ha haft f\u00f6rbindelser med Putin.<\/p>\n<p>S\u00e5 \u00e4ven om Ryssland och Ukraina ligger l\u00e5ngt bort fr\u00e5n Spanien s\u00e5 har ryssarna l\u00e5nga tentakler som n\u00e5r Spanien. Den digitala revolutionen, sociala n\u00e4tverk och webbplatser sprider information med blixtens hastighet. Aldrig n\u00e5gonsin har det varit viktigare att rensa och sila i fl\u00f6det. Och Ryssland inspireras av Kina och tar kontroll \u00f6ver n\u00e4tet p\u00e5 hemmaplan.<\/p>\n<p>Buller och b\u00e5ng i propagandakriget h\u00f6r vi \u00e4ven p\u00e5 n\u00e4ra h\u00e5ll. Som n\u00e4r Spaniens regeringschef Pedro S\u00e1nchez l\u00e4gger all skuld f\u00f6r inflationen p\u00e5 Putin. Eller n\u00e4r regeringen f\u00f6rs\u00f6ker ignorera att bensin f\u00f6r tv\u00e5 euro inneb\u00e4r en obscen \u00f6kning av skatteint\u00e4kterna. Eller n\u00e4r dagens ministrar tittar \u00e5t andra h\u00e5llet n\u00e4r landet saknar energi som de tidigare kritiserat.<\/p>\n<p>D\u00e5 beh\u00f6vs en reporter som kan och v\u00e5gar st\u00e4lla motfr\u00e5gor liksom n\u00e4r Pablo Casado menar att han fick sparken fr\u00e5n sitt parti f\u00f6r att ha bek\u00e4mpat korruption.<\/p>\n<p>Den politiska makten f\u00f6rs\u00f6ker kontrollera alla kanaler och kommunikationsfl\u00f6den. F\u00e4rdigskrivna pressmeddelanden och riggade presstr\u00e4ffar utan motfr\u00e5gor p\u00e5 plats.<\/p><\/div>\n","protected":false},"excerpt":{"rendered":"<p>Fred p\u00e5 jorden. Harmoni och enhet mellan m\u00e4nniskor. En dr\u00f6m \u2013 men verkligheten \u00e4r n\u00e5got annat p\u00e5 en planet som pl\u00e5gas av desinformation och propagandakrig p\u00e5 bred front. Vi p\u00e5minns om s\u00e5dant som vi tidigare har l\u00e4rt oss. Den av\u00a0Stalin\u00a0beordrade sv\u00e4ltkatastrofen och folkmordet p\u00e5 3,9 miljoner ukrainare under 1932 och 1933. N\u00e5gra \u00e5r senare inleddes [&hellip;]<\/p>\n","protected":false},"author":7,"featured_media":55638,"comment_status":"open","ping_status":"closed","sticky":false,"template":"","format":"standard","meta":{"_et_pb_use_builder":"","_et_pb_old_content":"","_et_gb_content_width":"","footnotes":""},"categories":[4,36],"tags":[],"class_list":["post-57090","post","type-post","status-publish","format-standard","has-post-thumbnail","hentry","category-artiklar","category-spanien-just-nu"],"yoast_head":"<!-- This site is optimized with the Yoast SEO Premium plugin v26.2 (Yoast SEO v28.2) - https:\/\/yoast.com\/product\/yoast-seo-premium-wordpress\/ -->\n<title>Spanien just nu \u2013 propagandakriget p\u00e5g\u00e5r - Svenska Magasinet<\/title>\n<meta name=\"robots\" content=\"noindex, follow, max-snippet:-1, max-image-preview:large, max-video-preview:-1\" \/>\n<meta property=\"og:locale\" content=\"sv_SE\" \/>\n<meta property=\"og:type\" content=\"article\" \/>\n<meta property=\"og:title\" content=\"Spanien just nu \u2013 propagandakriget p\u00e5g\u00e5r\" \/>\n<meta property=\"og:description\" content=\"Fred p\u00e5 jorden. Harmoni och enhet mellan m\u00e4nniskor. En dr\u00f6m \u2013 men verkligheten \u00e4r n\u00e5got annat p\u00e5 en planet som pl\u00e5gas av desinformation och propagandakrig p\u00e5 bred front. Vi p\u00e5minns om s\u00e5dant som vi tidigare har l\u00e4rt oss. Den av\u00a0Stalin\u00a0beordrade sv\u00e4ltkatastrofen och folkmordet p\u00e5 3,9 miljoner ukrainare under 1932 och 1933. N\u00e5gra \u00e5r senare inleddes [&hellip;]\" \/>\n<meta property=\"og:url\" content=\"https:\/\/lightweb.dev\/l\/svm-temp\/artiklar\/spanien-just-nu-propagandakriget-pagar\/\" \/>\n<meta property=\"og:site_name\" content=\"Svenska Magasinet\" \/>\n<meta property=\"article:publisher\" content=\"https:\/\/www.facebook.com\/svenskamagasinet\" \/>\n<meta property=\"article:published_time\" content=\"2022-04-15T07:08:02+00:00\" \/>\n<meta property=\"article:modified_time\" content=\"2022-09-02T20:13:21+00:00\" \/>\n<meta property=\"og:image\" content=\"https:\/\/lightweb.dev\/l\/svm-temp\/wp-content\/uploads\/2022\/07\/Ola_Sept2021-Stor.jpeg\" \/>\n\t<meta property=\"og:image:width\" content=\"1280\" \/>\n\t<meta property=\"og:image:height\" content=\"960\" \/>\n\t<meta property=\"og:image:type\" content=\"image\/jpeg\" \/>\n<meta name=\"author\" content=\"Ola Josefsson\" \/>\n<meta name=\"twitter:card\" content=\"summary_large_image\" \/>\n<meta name=\"twitter:creator\" content=\"@SvenskaMagasine\" \/>\n<meta name=\"twitter:site\" content=\"@SvenskaMagasine\" \/>\n<script type=\"application\/ld+json\" class=\"yoast-schema-graph\">{\"@context\":\"https:\\\/\\\/schema.org\",\"@graph\":[{\"@type\":\"Article\",\"@id\":\"https:\\\/\\\/lightweb.dev\\\/l\\\/svm-temp\\\/artiklar\\\/spanien-just-nu-propagandakriget-pagar\\\/#article\",\"isPartOf\":{\"@id\":\"https:\\\/\\\/lightweb.dev\\\/l\\\/svm-temp\\\/artiklar\\\/spanien-just-nu-propagandakriget-pagar\\\/\"},\"author\":{\"name\":\"Ola Josefsson\",\"@id\":\"https:\\\/\\\/lightweb.dev\\\/l\\\/svm-temp\\\/#\\\/schema\\\/person\\\/7a82b8a73d171d32360a564b6d03508e\"},\"headline\":\"Spanien just nu \u2013 propagandakriget p\u00e5g\u00e5r\",\"datePublished\":\"2022-04-15T07:08:02+00:00\",\"dateModified\":\"2022-09-02T20:13:21+00:00\",\"mainEntityOfPage\":{\"@id\":\"https:\\\/\\\/lightweb.dev\\\/l\\\/svm-temp\\\/artiklar\\\/spanien-just-nu-propagandakriget-pagar\\\/\"},\"wordCount\":859,\"commentCount\":2,\"publisher\":{\"@id\":\"https:\\\/\\\/lightweb.dev\\\/l\\\/svm-temp\\\/#organization\"},\"image\":{\"@id\":\"https:\\\/\\\/lightweb.dev\\\/l\\\/svm-temp\\\/artiklar\\\/spanien-just-nu-propagandakriget-pagar\\\/#primaryimage\"},\"thumbnailUrl\":\"https:\\\/\\\/lightweb.dev\\\/l\\\/svm-temp\\\/wp-content\\\/uploads\\\/2022\\\/07\\\/Ola_Sept2021-Stor.jpeg\",\"articleSection\":[\"Artiklar\",\"Spanien just nu\"],\"inLanguage\":\"sv-SE\"},{\"@type\":\"WebPage\",\"@id\":\"https:\\\/\\\/lightweb.dev\\\/l\\\/svm-temp\\\/artiklar\\\/spanien-just-nu-propagandakriget-pagar\\\/\",\"url\":\"https:\\\/\\\/lightweb.dev\\\/l\\\/svm-temp\\\/artiklar\\\/spanien-just-nu-propagandakriget-pagar\\\/\",\"name\":\"Spanien just nu \u2013 propagandakriget p\u00e5g\u00e5r - Svenska Magasinet\",\"isPartOf\":{\"@id\":\"https:\\\/\\\/lightweb.dev\\\/l\\\/svm-temp\\\/#website\"},\"primaryImageOfPage\":{\"@id\":\"https:\\\/\\\/lightweb.dev\\\/l\\\/svm-temp\\\/artiklar\\\/spanien-just-nu-propagandakriget-pagar\\\/#primaryimage\"},\"image\":{\"@id\":\"https:\\\/\\\/lightweb.dev\\\/l\\\/svm-temp\\\/artiklar\\\/spanien-just-nu-propagandakriget-pagar\\\/#primaryimage\"},\"thumbnailUrl\":\"https:\\\/\\\/lightweb.dev\\\/l\\\/svm-temp\\\/wp-content\\\/uploads\\\/2022\\\/07\\\/Ola_Sept2021-Stor.jpeg\",\"datePublished\":\"2022-04-15T07:08:02+00:00\",\"dateModified\":\"2022-09-02T20:13:21+00:00\",\"breadcrumb\":{\"@id\":\"https:\\\/\\\/lightweb.dev\\\/l\\\/svm-temp\\\/artiklar\\\/spanien-just-nu-propagandakriget-pagar\\\/#breadcrumb\"},\"inLanguage\":\"sv-SE\",\"potentialAction\":[{\"@type\":\"ReadAction\",\"target\":[\"https:\\\/\\\/lightweb.dev\\\/l\\\/svm-temp\\\/artiklar\\\/spanien-just-nu-propagandakriget-pagar\\\/\"]}]},{\"@type\":\"ImageObject\",\"inLanguage\":\"sv-SE\",\"@id\":\"https:\\\/\\\/lightweb.dev\\\/l\\\/svm-temp\\\/artiklar\\\/spanien-just-nu-propagandakriget-pagar\\\/#primaryimage\",\"url\":\"https:\\\/\\\/lightweb.dev\\\/l\\\/svm-temp\\\/wp-content\\\/uploads\\\/2022\\\/07\\\/Ola_Sept2021-Stor.jpeg\",\"contentUrl\":\"https:\\\/\\\/lightweb.dev\\\/l\\\/svm-temp\\\/wp-content\\\/uploads\\\/2022\\\/07\\\/Ola_Sept2021-Stor.jpeg\",\"width\":1280,\"height\":960},{\"@type\":\"BreadcrumbList\",\"@id\":\"https:\\\/\\\/lightweb.dev\\\/l\\\/svm-temp\\\/artiklar\\\/spanien-just-nu-propagandakriget-pagar\\\/#breadcrumb\",\"itemListElement\":[{\"@type\":\"ListItem\",\"position\":1,\"name\":\"Hem\",\"item\":\"https:\\\/\\\/lightweb.dev\\\/l\\\/svm-temp\\\/\"},{\"@type\":\"ListItem\",\"position\":2,\"name\":\"Spanien just nu \u2013 propagandakriget p\u00e5g\u00e5r\"}]},{\"@type\":\"WebSite\",\"@id\":\"https:\\\/\\\/lightweb.dev\\\/l\\\/svm-temp\\\/#website\",\"url\":\"https:\\\/\\\/lightweb.dev\\\/l\\\/svm-temp\\\/\",\"name\":\"Svenska Magasinet\",\"description\":\"Dina Spanska nyheter p&aring; Svenska\",\"publisher\":{\"@id\":\"https:\\\/\\\/lightweb.dev\\\/l\\\/svm-temp\\\/#organization\"},\"potentialAction\":[{\"@type\":\"SearchAction\",\"target\":{\"@type\":\"EntryPoint\",\"urlTemplate\":\"https:\\\/\\\/lightweb.dev\\\/l\\\/svm-temp\\\/?s={search_term_string}\"},\"query-input\":{\"@type\":\"PropertyValueSpecification\",\"valueRequired\":true,\"valueName\":\"search_term_string\"}}],\"inLanguage\":\"sv-SE\"},{\"@type\":\"Organization\",\"@id\":\"https:\\\/\\\/lightweb.dev\\\/l\\\/svm-temp\\\/#organization\",\"name\":\"Melkerson y Nott SL\",\"alternateName\":\"Svenska Magasinet\",\"url\":\"https:\\\/\\\/lightweb.dev\\\/l\\\/svm-temp\\\/\",\"logo\":{\"@type\":\"ImageObject\",\"inLanguage\":\"sv-SE\",\"@id\":\"https:\\\/\\\/lightweb.dev\\\/l\\\/svm-temp\\\/#\\\/schema\\\/logo\\\/image\\\/\",\"url\":\"https:\\\/\\\/lightweb.dev\\\/l\\\/svm-temp\\\/wp-content\\\/uploads\\\/2025\\\/02\\\/SvM-logo-Xtra-Centrerad-SVART.png\",\"contentUrl\":\"https:\\\/\\\/lightweb.dev\\\/l\\\/svm-temp\\\/wp-content\\\/uploads\\\/2025\\\/02\\\/SvM-logo-Xtra-Centrerad-SVART.png\",\"width\":300,\"height\":99,\"caption\":\"Melkerson y Nott SL\"},\"image\":{\"@id\":\"https:\\\/\\\/lightweb.dev\\\/l\\\/svm-temp\\\/#\\\/schema\\\/logo\\\/image\\\/\"},\"sameAs\":[\"https:\\\/\\\/www.facebook.com\\\/svenskamagasinet\",\"https:\\\/\\\/x.com\\\/SvenskaMagasine\"]},{\"@type\":\"Person\",\"@id\":\"https:\\\/\\\/lightweb.dev\\\/l\\\/svm-temp\\\/#\\\/schema\\\/person\\\/7a82b8a73d171d32360a564b6d03508e\",\"name\":\"Ola Josefsson\",\"description\":\"Bevakar Solkusten och Spanien sedan 1994.\",\"sameAs\":[\"https:\\\/\\\/lightweb.dev\\\/l\\\/svm-temp\"],\"url\":\"https:\\\/\\\/lightweb.dev\\\/l\\\/svm-temp\\\/reporter\\\/ola-josefsson\\\/\"}]}<\/script>\n<!-- \/ Yoast SEO Premium plugin. -->","yoast_head_json":{"title":"Spanien just nu \u2013 propagandakriget p\u00e5g\u00e5r - Svenska Magasinet","robots":{"index":"noindex","follow":"follow","max-snippet":"max-snippet:-1","max-image-preview":"max-image-preview:large","max-video-preview":"max-video-preview:-1"},"og_locale":"sv_SE","og_type":"article","og_title":"Spanien just nu \u2013 propagandakriget p\u00e5g\u00e5r","og_description":"Fred p\u00e5 jorden. Harmoni och enhet mellan m\u00e4nniskor. En dr\u00f6m \u2013 men verkligheten \u00e4r n\u00e5got annat p\u00e5 en planet som pl\u00e5gas av desinformation och propagandakrig p\u00e5 bred front. Vi p\u00e5minns om s\u00e5dant som vi tidigare har l\u00e4rt oss. Den av\u00a0Stalin\u00a0beordrade sv\u00e4ltkatastrofen och folkmordet p\u00e5 3,9 miljoner ukrainare under 1932 och 1933. N\u00e5gra \u00e5r senare inleddes [&hellip;]","og_url":"https:\/\/lightweb.dev\/l\/svm-temp\/artiklar\/spanien-just-nu-propagandakriget-pagar\/","og_site_name":"Svenska Magasinet","article_publisher":"https:\/\/www.facebook.com\/svenskamagasinet","article_published_time":"2022-04-15T07:08:02+00:00","article_modified_time":"2022-09-02T20:13:21+00:00","og_image":[{"width":1280,"height":960,"url":"https:\/\/lightweb.dev\/l\/svm-temp\/wp-content\/uploads\/2022\/07\/Ola_Sept2021-Stor.jpeg","type":"image\/jpeg"}],"author":"Ola Josefsson","twitter_card":"summary_large_image","twitter_creator":"@SvenskaMagasine","twitter_site":"@SvenskaMagasine","schema":{"@context":"https:\/\/schema.org","@graph":[{"@type":"Article","@id":"https:\/\/lightweb.dev\/l\/svm-temp\/artiklar\/spanien-just-nu-propagandakriget-pagar\/#article","isPartOf":{"@id":"https:\/\/lightweb.dev\/l\/svm-temp\/artiklar\/spanien-just-nu-propagandakriget-pagar\/"},"author":{"name":"Ola Josefsson","@id":"https:\/\/lightweb.dev\/l\/svm-temp\/#\/schema\/person\/7a82b8a73d171d32360a564b6d03508e"},"headline":"Spanien just nu \u2013 propagandakriget p\u00e5g\u00e5r","datePublished":"2022-04-15T07:08:02+00:00","dateModified":"2022-09-02T20:13:21+00:00","mainEntityOfPage":{"@id":"https:\/\/lightweb.dev\/l\/svm-temp\/artiklar\/spanien-just-nu-propagandakriget-pagar\/"},"wordCount":859,"commentCount":2,"publisher":{"@id":"https:\/\/lightweb.dev\/l\/svm-temp\/#organization"},"image":{"@id":"https:\/\/lightweb.dev\/l\/svm-temp\/artiklar\/spanien-just-nu-propagandakriget-pagar\/#primaryimage"},"thumbnailUrl":"https:\/\/lightweb.dev\/l\/svm-temp\/wp-content\/uploads\/2022\/07\/Ola_Sept2021-Stor.jpeg","articleSection":["Artiklar","Spanien just nu"],"inLanguage":"sv-SE"},{"@type":"WebPage","@id":"https:\/\/lightweb.dev\/l\/svm-temp\/artiklar\/spanien-just-nu-propagandakriget-pagar\/","url":"https:\/\/lightweb.dev\/l\/svm-temp\/artiklar\/spanien-just-nu-propagandakriget-pagar\/","name":"Spanien just nu \u2013 propagandakriget p\u00e5g\u00e5r - Svenska Magasinet","isPartOf":{"@id":"https:\/\/lightweb.dev\/l\/svm-temp\/#website"},"primaryImageOfPage":{"@id":"https:\/\/lightweb.dev\/l\/svm-temp\/artiklar\/spanien-just-nu-propagandakriget-pagar\/#primaryimage"},"image":{"@id":"https:\/\/lightweb.dev\/l\/svm-temp\/artiklar\/spanien-just-nu-propagandakriget-pagar\/#primaryimage"},"thumbnailUrl":"https:\/\/lightweb.dev\/l\/svm-temp\/wp-content\/uploads\/2022\/07\/Ola_Sept2021-Stor.jpeg","datePublished":"2022-04-15T07:08:02+00:00","dateModified":"2022-09-02T20:13:21+00:00","breadcrumb":{"@id":"https:\/\/lightweb.dev\/l\/svm-temp\/artiklar\/spanien-just-nu-propagandakriget-pagar\/#breadcrumb"},"inLanguage":"sv-SE","potentialAction":[{"@type":"ReadAction","target":["https:\/\/lightweb.dev\/l\/svm-temp\/artiklar\/spanien-just-nu-propagandakriget-pagar\/"]}]},{"@type":"ImageObject","inLanguage":"sv-SE","@id":"https:\/\/lightweb.dev\/l\/svm-temp\/artiklar\/spanien-just-nu-propagandakriget-pagar\/#primaryimage","url":"https:\/\/lightweb.dev\/l\/svm-temp\/wp-content\/uploads\/2022\/07\/Ola_Sept2021-Stor.jpeg","contentUrl":"https:\/\/lightweb.dev\/l\/svm-temp\/wp-content\/uploads\/2022\/07\/Ola_Sept2021-Stor.jpeg","width":1280,"height":960},{"@type":"BreadcrumbList","@id":"https:\/\/lightweb.dev\/l\/svm-temp\/artiklar\/spanien-just-nu-propagandakriget-pagar\/#breadcrumb","itemListElement":[{"@type":"ListItem","position":1,"name":"Hem","item":"https:\/\/lightweb.dev\/l\/svm-temp\/"},{"@type":"ListItem","position":2,"name":"Spanien just nu \u2013 propagandakriget p\u00e5g\u00e5r"}]},{"@type":"WebSite","@id":"https:\/\/lightweb.dev\/l\/svm-temp\/#website","url":"https:\/\/lightweb.dev\/l\/svm-temp\/","name":"Svenska Magasinet","description":"Dina Spanska nyheter p&aring; Svenska","publisher":{"@id":"https:\/\/lightweb.dev\/l\/svm-temp\/#organization"},"potentialAction":[{"@type":"SearchAction","target":{"@type":"EntryPoint","urlTemplate":"https:\/\/lightweb.dev\/l\/svm-temp\/?s={search_term_string}"},"query-input":{"@type":"PropertyValueSpecification","valueRequired":true,"valueName":"search_term_string"}}],"inLanguage":"sv-SE"},{"@type":"Organization","@id":"https:\/\/lightweb.dev\/l\/svm-temp\/#organization","name":"Melkerson y Nott SL","alternateName":"Svenska Magasinet","url":"https:\/\/lightweb.dev\/l\/svm-temp\/","logo":{"@type":"ImageObject","inLanguage":"sv-SE","@id":"https:\/\/lightweb.dev\/l\/svm-temp\/#\/schema\/logo\/image\/","url":"https:\/\/lightweb.dev\/l\/svm-temp\/wp-content\/uploads\/2025\/02\/SvM-logo-Xtra-Centrerad-SVART.png","contentUrl":"https:\/\/lightweb.dev\/l\/svm-temp\/wp-content\/uploads\/2025\/02\/SvM-logo-Xtra-Centrerad-SVART.png","width":300,"height":99,"caption":"Melkerson y Nott SL"},"image":{"@id":"https:\/\/lightweb.dev\/l\/svm-temp\/#\/schema\/logo\/image\/"},"sameAs":["https:\/\/www.facebook.com\/svenskamagasinet","https:\/\/x.com\/SvenskaMagasine"]},{"@type":"Person","@id":"https:\/\/lightweb.dev\/l\/svm-temp\/#\/schema\/person\/7a82b8a73d171d32360a564b6d03508e","name":"Ola Josefsson","description":"Bevakar Solkusten och Spanien sedan 1994.","sameAs":["https:\/\/lightweb.dev\/l\/svm-temp"],"url":"https:\/\/lightweb.dev\/l\/svm-temp\/reporter\/ola-josefsson\/"}]}},"_links":{"self":[{"href":"https:\/\/lightweb.dev\/l\/svm-temp\/wp-json\/wp\/v2\/posts\/57090","targetHints":{"allow":["GET"]}}],"collection":[{"href":"https:\/\/lightweb.dev\/l\/svm-temp\/wp-json\/wp\/v2\/posts"}],"about":[{"href":"https:\/\/lightweb.dev\/l\/svm-temp\/wp-json\/wp\/v2\/types\/post"}],"author":[{"embeddable":true,"href":"https:\/\/lightweb.dev\/l\/svm-temp\/wp-json\/wp\/v2\/users\/7"}],"replies":[{"embeddable":true,"href":"https:\/\/lightweb.dev\/l\/svm-temp\/wp-json\/wp\/v2\/comments?post=57090"}],"version-history":[{"count":0,"href":"https:\/\/lightweb.dev\/l\/svm-temp\/wp-json\/wp\/v2\/posts\/57090\/revisions"}],"wp:featuredmedia":[{"embeddable":true,"href":"https:\/\/lightweb.dev\/l\/svm-temp\/wp-json\/wp\/v2\/media\/55638"}],"wp:attachment":[{"href":"https:\/\/lightweb.dev\/l\/svm-temp\/wp-json\/wp\/v2\/media?parent=57090"}],"wp:term":[{"taxonomy":"category","embeddable":true,"href":"https:\/\/lightweb.dev\/l\/svm-temp\/wp-json\/wp\/v2\/categories?post=57090"},{"taxonomy":"post_tag","embeddable":true,"href":"https:\/\/lightweb.dev\/l\/svm-temp\/wp-json\/wp\/v2\/tags?post=57090"}],"curies":[{"name":"wp","href":"https:\/\/api.w.org\/{rel}","templated":true}]}}