{"id":58256,"date":"2022-10-21T01:00:58","date_gmt":"2022-10-20T23:00:58","guid":{"rendered":"https:\/\/lightweb.dev\/l\/svm-temp\/?p=58256"},"modified":"2022-10-23T14:08:41","modified_gmt":"2022-10-23T12:08:41","slug":"halla-dar-fredrik-de-jounge","status":"publish","type":"post","link":"https:\/\/lightweb.dev\/l\/svm-temp\/nyheter\/halla-dar-fredrik-de-jounge\/","title":{"rendered":"Hall\u00e5 d\u00e4r Fredrik de Jounge!"},"content":{"rendered":"<p><strong>Svenska Magasinet tr\u00e4ffade Fredrik de Jounge f\u00f6r en drink i Esteponas hamn en sensommarkv\u00e4ll och fick en trevlig pratstund om livet. Fredrik njuter av solen v\u00e4rmen och sina v\u00e4nner h\u00e4r i Spanien och av h\u00e4rliga promenader vid havet med sina tv\u00e5 hundar. Fredrik har haft en fantastisk karri\u00e4r runt om i Operav\u00e4rlden och har nu funnit sin plats att bo och njuta av livet p\u00e5.<\/strong><\/p>\n<h2>Vilken relation har du till Spanien, och hur kom det sig att Du flyttade hit?<\/h2>\n<p>\u2013 Jag tillbringade n\u00e5gra m\u00e5nader under \u00e5r 2003\u20132007 h\u00e4r nere i Estepona och blev f\u00f6r\u00e4lskad i staden Spanien och kulturen. Sen tog det n\u00e5gra \u00e5r pga. karri\u00e4ren med olika engagemang men 2017 1 februari best\u00e4mde jag mig f\u00f6r att flytta ner p\u00e5 heltid 1 juni.<\/p>\n<h2>Vilken \u00e4r din favoritstad p\u00e5 Solkusten?<\/h2>\n<p>\u2013 Just nu \u00e4r det Estepona f\u00f6r d\u00e4r har jag bott i \u00f6ver 5 \u00e5r nu. En fantastisk stad med m\u00e5nga vackra platser och mycket blommor \u00f6verallt.<\/p>\n<h2>Vad har du f\u00f6r planer under vintern i Spanien?<\/h2>\n<p>\u2013 Jag bes\u00f6kte Gallery Art Club i Fuengirola i augusti och k\u00e4nde att det var en j\u00e4ttebra konsertlokal tillsammans med all konst p\u00e5 v\u00e4ggarna s\u00e5 nu kommer jag att g\u00f6ra tv\u00e5 konserter d\u00e4r, en med \u201dMy Way fr\u00e5n Sk\u00e4rplinge till Phantom of the opera\u201dden 5 november samt en julkonsert den 28 november som jag kallar \u201dHeml\u00e4ngtan i Juletid\u201d. Jag kommer \u00e4ven att \u00e5ka till Sverige i december f\u00f6r n\u00e5gra julkonserter.<\/p>\n<p><img loading=\"lazy\" decoding=\"async\" class=\"size-medium wp-image-58259\" src=\"https:\/\/lightweb.dev\/l\/svm-temp\/wp-content\/uploads\/2022\/10\/IMG_20191227_215006-Stor-300x189.jpeg\" alt=\"\" width=\"300\" height=\"189\" srcset=\"https:\/\/lightweb.dev\/l\/svm-temp\/wp-content\/uploads\/2022\/10\/IMG_20191227_215006-Stor-300x189.jpeg 300w, https:\/\/lightweb.dev\/l\/svm-temp\/wp-content\/uploads\/2022\/10\/IMG_20191227_215006-Stor-600x379.jpeg 600w, https:\/\/lightweb.dev\/l\/svm-temp\/wp-content\/uploads\/2022\/10\/IMG_20191227_215006-Stor-900x568.jpeg 900w, https:\/\/lightweb.dev\/l\/svm-temp\/wp-content\/uploads\/2022\/10\/IMG_20191227_215006-Stor-768x485.jpeg 768w, https:\/\/lightweb.dev\/l\/svm-temp\/wp-content\/uploads\/2022\/10\/IMG_20191227_215006-Stor-610x385.jpeg 610w, https:\/\/lightweb.dev\/l\/svm-temp\/wp-content\/uploads\/2022\/10\/IMG_20191227_215006-Stor-400x250.jpeg 400w, https:\/\/lightweb.dev\/l\/svm-temp\/wp-content\/uploads\/2022\/10\/IMG_20191227_215006-Stor-1080x682.jpeg 1080w, https:\/\/lightweb.dev\/l\/svm-temp\/wp-content\/uploads\/2022\/10\/IMG_20191227_215006-Stor.jpeg 1280w\" sizes=\"(max-width: 300px) 100vw, 300px\" \/><\/p>\n<h2>Hur \u00e4r det att vara operas\u00e5ngare? \u00c4r det alltid ljuv musik i dina \u00f6ron?<\/h2>\n<p>\u2013 M\u00e5nga tror att det \u00e4r ett glamor\u00f6st yrke, men det \u00e4r ett av de sv\u00e5raste yrken man kan ge sig p\u00e5. Nerver, s\u00f6mnl\u00f6sa n\u00e4tter, dirigenter, regiss\u00f6rer, belysning mm spelar en stor roll under arbetets g\u00e5ng. Ibland \u00e4r det stora succ\u00e9er och ibland mindre framg\u00e5ngsrika f\u00f6rest\u00e4llningar. Men jag g\u00e5r g\u00e4rna och lyssnar n\u00e4r tillf\u00e4lle ges.<\/p>\n<h2>Hur ser dina framtidsplaner ut? t\u00e4nker du stanna i Spanien eller tror du karri\u00e4ren tar dig till ett annat land?<\/h2>\n<p>\u2013 Min operas\u00e5ngare karri\u00e4r har jag avslutat pga. en stroke 2017 men r\u00f6sten \u00e4r fortfarande i bra kondition s\u00e5 jag \u00e4lskar att g\u00f6ra konserter och underh\u00e5llningar h\u00e4r nere och d\u00e4r dom vill ha mig.. Jag s\u00e5lde av allt i Sverige och best\u00e4mde mig f\u00f6r att bo i Spanien p\u00e5 heltid och det k\u00e4nns som ett bra beslut.<\/p>\n","protected":false},"excerpt":{"rendered":"<p>Svenska Magasinet tr\u00e4ffade Fredrik de Jounge f\u00f6r en drink i Esteponas hamn en sensommarkv\u00e4ll och fick en trevlig pratstund om livet. Fredrik njuter av solen v\u00e4rmen och sina v\u00e4nner h\u00e4r i Spanien och av h\u00e4rliga promenader vid havet med sina tv\u00e5 hundar. Fredrik har haft en fantastisk karri\u00e4r runt om i Operav\u00e4rlden och har nu [&hellip;]<\/p>\n","protected":false},"author":3,"featured_media":58258,"comment_status":"open","ping_status":"closed","sticky":false,"template":"","format":"standard","meta":{"_et_pb_use_builder":"","_et_pb_old_content":"","_et_gb_content_width":"","footnotes":""},"categories":[395,3],"tags":[],"class_list":["post-58256","post","type-post","status-publish","format-standard","has-post-thumbnail","hentry","category-arkiv-nyheter","category-nyheter"],"yoast_head":"<!-- This site is optimized with the Yoast SEO Premium plugin v26.2 (Yoast SEO v27.4) - https:\/\/yoast.com\/product\/yoast-seo-premium-wordpress\/ -->\n<title>Hall\u00e5 d\u00e4r Fredrik de Jounge! - Svenska Magasinet<\/title>\n<meta name=\"description\" content=\"Svenska Magasinet tr\u00e4ffade Fredrik de Jounge f\u00f6r en drink i Esteponas hamn en sensommarkv\u00e4ll och fick en trevlig pratstund om livet.\" \/>\n<meta name=\"robots\" content=\"noindex, follow, max-snippet:-1, max-image-preview:large, max-video-preview:-1\" \/>\n<meta property=\"og:locale\" content=\"sv_SE\" \/>\n<meta property=\"og:type\" content=\"article\" \/>\n<meta property=\"og:title\" content=\"Hall\u00e5 d\u00e4r Fredrik de Jounge!\" \/>\n<meta property=\"og:description\" content=\"Svenska Magasinet tr\u00e4ffade Fredrik de Jounge f\u00f6r en drink i Esteponas hamn en sensommarkv\u00e4ll och fick en trevlig pratstund om livet.\" \/>\n<meta property=\"og:url\" content=\"https:\/\/lightweb.dev\/l\/svm-temp\/artiklar\/kustbevakningen\/halla-dar-fredrik-de-jounge\/\" \/>\n<meta property=\"og:site_name\" content=\"Svenska Magasinet\" \/>\n<meta property=\"article:publisher\" content=\"https:\/\/www.facebook.com\/svenskamagasinet\" \/>\n<meta property=\"article:published_time\" content=\"2022-10-20T23:00:58+00:00\" \/>\n<meta property=\"article:modified_time\" content=\"2022-10-23T12:08:41+00:00\" \/>\n<meta property=\"og:image\" content=\"https:\/\/lightweb.dev\/l\/svm-temp\/wp-content\/uploads\/2022\/10\/IMG_20211130_143332_137-Stor.jpeg\" \/>\n\t<meta property=\"og:image:width\" content=\"1280\" \/>\n\t<meta property=\"og:image:height\" content=\"1280\" \/>\n\t<meta property=\"og:image:type\" content=\"image\/jpeg\" \/>\n<meta name=\"author\" content=\"EvaLotta Pettersson\" \/>\n<meta name=\"twitter:card\" content=\"summary_large_image\" \/>\n<meta name=\"twitter:creator\" content=\"@SvenskaMagasine\" \/>\n<meta name=\"twitter:site\" content=\"@SvenskaMagasine\" \/>\n<script type=\"application\/ld+json\" class=\"yoast-schema-graph\">{\"@context\":\"https:\\\/\\\/schema.org\",\"@graph\":[{\"@type\":\"Article\",\"@id\":\"https:\\\/\\\/lightweb.dev\\\/l\\\/svm-temp\\\/artiklar\\\/kustbevakningen\\\/halla-dar-fredrik-de-jounge\\\/#article\",\"isPartOf\":{\"@id\":\"https:\\\/\\\/lightweb.dev\\\/l\\\/svm-temp\\\/artiklar\\\/kustbevakningen\\\/halla-dar-fredrik-de-jounge\\\/\"},\"author\":{\"name\":\"EvaLotta Pettersson\",\"@id\":\"https:\\\/\\\/lightweb.dev\\\/l\\\/svm-temp\\\/#\\\/schema\\\/person\\\/e200f5f676934d5b2e68283741f7dd2a\"},\"headline\":\"Hall\u00e5 d\u00e4r Fredrik de Jounge!\",\"datePublished\":\"2022-10-20T23:00:58+00:00\",\"dateModified\":\"2022-10-23T12:08:41+00:00\",\"mainEntityOfPage\":{\"@id\":\"https:\\\/\\\/lightweb.dev\\\/l\\\/svm-temp\\\/artiklar\\\/kustbevakningen\\\/halla-dar-fredrik-de-jounge\\\/\"},\"wordCount\":440,\"commentCount\":2,\"publisher\":{\"@id\":\"https:\\\/\\\/lightweb.dev\\\/l\\\/svm-temp\\\/#organization\"},\"image\":{\"@id\":\"https:\\\/\\\/lightweb.dev\\\/l\\\/svm-temp\\\/artiklar\\\/kustbevakningen\\\/halla-dar-fredrik-de-jounge\\\/#primaryimage\"},\"thumbnailUrl\":\"https:\\\/\\\/lightweb.dev\\\/l\\\/svm-temp\\\/wp-content\\\/uploads\\\/2022\\\/10\\\/IMG_20211130_143332_137-Stor.jpeg\",\"articleSection\":[\"Arkiv\",\"Nyheter\"],\"inLanguage\":\"sv-SE\"},{\"@type\":\"WebPage\",\"@id\":\"https:\\\/\\\/lightweb.dev\\\/l\\\/svm-temp\\\/artiklar\\\/kustbevakningen\\\/halla-dar-fredrik-de-jounge\\\/\",\"url\":\"https:\\\/\\\/lightweb.dev\\\/l\\\/svm-temp\\\/artiklar\\\/kustbevakningen\\\/halla-dar-fredrik-de-jounge\\\/\",\"name\":\"Hall\u00e5 d\u00e4r Fredrik de Jounge! - Svenska Magasinet\",\"isPartOf\":{\"@id\":\"https:\\\/\\\/lightweb.dev\\\/l\\\/svm-temp\\\/#website\"},\"primaryImageOfPage\":{\"@id\":\"https:\\\/\\\/lightweb.dev\\\/l\\\/svm-temp\\\/artiklar\\\/kustbevakningen\\\/halla-dar-fredrik-de-jounge\\\/#primaryimage\"},\"image\":{\"@id\":\"https:\\\/\\\/lightweb.dev\\\/l\\\/svm-temp\\\/artiklar\\\/kustbevakningen\\\/halla-dar-fredrik-de-jounge\\\/#primaryimage\"},\"thumbnailUrl\":\"https:\\\/\\\/lightweb.dev\\\/l\\\/svm-temp\\\/wp-content\\\/uploads\\\/2022\\\/10\\\/IMG_20211130_143332_137-Stor.jpeg\",\"datePublished\":\"2022-10-20T23:00:58+00:00\",\"dateModified\":\"2022-10-23T12:08:41+00:00\",\"description\":\"Svenska Magasinet tr\u00e4ffade Fredrik de Jounge f\u00f6r en drink i Esteponas hamn en sensommarkv\u00e4ll och fick en trevlig pratstund om livet.\",\"breadcrumb\":{\"@id\":\"https:\\\/\\\/lightweb.dev\\\/l\\\/svm-temp\\\/artiklar\\\/kustbevakningen\\\/halla-dar-fredrik-de-jounge\\\/#breadcrumb\"},\"inLanguage\":\"sv-SE\",\"potentialAction\":[{\"@type\":\"ReadAction\",\"target\":[\"https:\\\/\\\/lightweb.dev\\\/l\\\/svm-temp\\\/artiklar\\\/kustbevakningen\\\/halla-dar-fredrik-de-jounge\\\/\"]}]},{\"@type\":\"ImageObject\",\"inLanguage\":\"sv-SE\",\"@id\":\"https:\\\/\\\/lightweb.dev\\\/l\\\/svm-temp\\\/artiklar\\\/kustbevakningen\\\/halla-dar-fredrik-de-jounge\\\/#primaryimage\",\"url\":\"https:\\\/\\\/lightweb.dev\\\/l\\\/svm-temp\\\/wp-content\\\/uploads\\\/2022\\\/10\\\/IMG_20211130_143332_137-Stor.jpeg\",\"contentUrl\":\"https:\\\/\\\/lightweb.dev\\\/l\\\/svm-temp\\\/wp-content\\\/uploads\\\/2022\\\/10\\\/IMG_20211130_143332_137-Stor.jpeg\",\"width\":1280,\"height\":1280},{\"@type\":\"BreadcrumbList\",\"@id\":\"https:\\\/\\\/lightweb.dev\\\/l\\\/svm-temp\\\/artiklar\\\/kustbevakningen\\\/halla-dar-fredrik-de-jounge\\\/#breadcrumb\",\"itemListElement\":[{\"@type\":\"ListItem\",\"position\":1,\"name\":\"Hem\",\"item\":\"https:\\\/\\\/lightweb.dev\\\/l\\\/svm-temp\\\/\"},{\"@type\":\"ListItem\",\"position\":2,\"name\":\"Hall\u00e5 d\u00e4r Fredrik de Jounge!\"}]},{\"@type\":\"WebSite\",\"@id\":\"https:\\\/\\\/lightweb.dev\\\/l\\\/svm-temp\\\/#website\",\"url\":\"https:\\\/\\\/lightweb.dev\\\/l\\\/svm-temp\\\/\",\"name\":\"Svenska Magasinet\",\"description\":\"Dina Spanska nyheter p&aring; Svenska\",\"publisher\":{\"@id\":\"https:\\\/\\\/lightweb.dev\\\/l\\\/svm-temp\\\/#organization\"},\"potentialAction\":[{\"@type\":\"SearchAction\",\"target\":{\"@type\":\"EntryPoint\",\"urlTemplate\":\"https:\\\/\\\/lightweb.dev\\\/l\\\/svm-temp\\\/?s={search_term_string}\"},\"query-input\":{\"@type\":\"PropertyValueSpecification\",\"valueRequired\":true,\"valueName\":\"search_term_string\"}}],\"inLanguage\":\"sv-SE\"},{\"@type\":\"Organization\",\"@id\":\"https:\\\/\\\/lightweb.dev\\\/l\\\/svm-temp\\\/#organization\",\"name\":\"Melkerson y Nott SL\",\"alternateName\":\"Svenska Magasinet\",\"url\":\"https:\\\/\\\/lightweb.dev\\\/l\\\/svm-temp\\\/\",\"logo\":{\"@type\":\"ImageObject\",\"inLanguage\":\"sv-SE\",\"@id\":\"https:\\\/\\\/lightweb.dev\\\/l\\\/svm-temp\\\/#\\\/schema\\\/logo\\\/image\\\/\",\"url\":\"https:\\\/\\\/lightweb.dev\\\/l\\\/svm-temp\\\/wp-content\\\/uploads\\\/2025\\\/02\\\/SvM-logo-Xtra-Centrerad-SVART.png\",\"contentUrl\":\"https:\\\/\\\/lightweb.dev\\\/l\\\/svm-temp\\\/wp-content\\\/uploads\\\/2025\\\/02\\\/SvM-logo-Xtra-Centrerad-SVART.png\",\"width\":300,\"height\":99,\"caption\":\"Melkerson y Nott SL\"},\"image\":{\"@id\":\"https:\\\/\\\/lightweb.dev\\\/l\\\/svm-temp\\\/#\\\/schema\\\/logo\\\/image\\\/\"},\"sameAs\":[\"https:\\\/\\\/www.facebook.com\\\/svenskamagasinet\",\"https:\\\/\\\/x.com\\\/SvenskaMagasine\"]},{\"@type\":\"Person\",\"@id\":\"https:\\\/\\\/lightweb.dev\\\/l\\\/svm-temp\\\/#\\\/schema\\\/person\\\/e200f5f676934d5b2e68283741f7dd2a\",\"name\":\"EvaLotta Pettersson\",\"description\":\"VD\",\"sameAs\":[\"https:\\\/\\\/lightweb.dev\\\/l\\\/svm-temp\"],\"url\":\"https:\\\/\\\/lightweb.dev\\\/l\\\/svm-temp\\\/reporter\\\/evalottap\\\/\"}]}<\/script>\n<!-- \/ Yoast SEO Premium plugin. -->","yoast_head_json":{"title":"Hall\u00e5 d\u00e4r Fredrik de Jounge! - Svenska Magasinet","description":"Svenska Magasinet tr\u00e4ffade Fredrik de Jounge f\u00f6r en drink i Esteponas hamn en sensommarkv\u00e4ll och fick en trevlig pratstund om livet.","robots":{"index":"noindex","follow":"follow","max-snippet":"max-snippet:-1","max-image-preview":"max-image-preview:large","max-video-preview":"max-video-preview:-1"},"og_locale":"sv_SE","og_type":"article","og_title":"Hall\u00e5 d\u00e4r Fredrik de Jounge!","og_description":"Svenska Magasinet tr\u00e4ffade Fredrik de Jounge f\u00f6r en drink i Esteponas hamn en sensommarkv\u00e4ll och fick en trevlig pratstund om livet.","og_url":"https:\/\/lightweb.dev\/l\/svm-temp\/artiklar\/kustbevakningen\/halla-dar-fredrik-de-jounge\/","og_site_name":"Svenska Magasinet","article_publisher":"https:\/\/www.facebook.com\/svenskamagasinet","article_published_time":"2022-10-20T23:00:58+00:00","article_modified_time":"2022-10-23T12:08:41+00:00","og_image":[{"width":1280,"height":1280,"url":"https:\/\/lightweb.dev\/l\/svm-temp\/wp-content\/uploads\/2022\/10\/IMG_20211130_143332_137-Stor.jpeg","type":"image\/jpeg"}],"author":"EvaLotta Pettersson","twitter_card":"summary_large_image","twitter_creator":"@SvenskaMagasine","twitter_site":"@SvenskaMagasine","schema":{"@context":"https:\/\/schema.org","@graph":[{"@type":"Article","@id":"https:\/\/lightweb.dev\/l\/svm-temp\/artiklar\/kustbevakningen\/halla-dar-fredrik-de-jounge\/#article","isPartOf":{"@id":"https:\/\/lightweb.dev\/l\/svm-temp\/artiklar\/kustbevakningen\/halla-dar-fredrik-de-jounge\/"},"author":{"name":"EvaLotta Pettersson","@id":"https:\/\/lightweb.dev\/l\/svm-temp\/#\/schema\/person\/e200f5f676934d5b2e68283741f7dd2a"},"headline":"Hall\u00e5 d\u00e4r Fredrik de Jounge!","datePublished":"2022-10-20T23:00:58+00:00","dateModified":"2022-10-23T12:08:41+00:00","mainEntityOfPage":{"@id":"https:\/\/lightweb.dev\/l\/svm-temp\/artiklar\/kustbevakningen\/halla-dar-fredrik-de-jounge\/"},"wordCount":440,"commentCount":2,"publisher":{"@id":"https:\/\/lightweb.dev\/l\/svm-temp\/#organization"},"image":{"@id":"https:\/\/lightweb.dev\/l\/svm-temp\/artiklar\/kustbevakningen\/halla-dar-fredrik-de-jounge\/#primaryimage"},"thumbnailUrl":"https:\/\/lightweb.dev\/l\/svm-temp\/wp-content\/uploads\/2022\/10\/IMG_20211130_143332_137-Stor.jpeg","articleSection":["Arkiv","Nyheter"],"inLanguage":"sv-SE"},{"@type":"WebPage","@id":"https:\/\/lightweb.dev\/l\/svm-temp\/artiklar\/kustbevakningen\/halla-dar-fredrik-de-jounge\/","url":"https:\/\/lightweb.dev\/l\/svm-temp\/artiklar\/kustbevakningen\/halla-dar-fredrik-de-jounge\/","name":"Hall\u00e5 d\u00e4r Fredrik de Jounge! - Svenska Magasinet","isPartOf":{"@id":"https:\/\/lightweb.dev\/l\/svm-temp\/#website"},"primaryImageOfPage":{"@id":"https:\/\/lightweb.dev\/l\/svm-temp\/artiklar\/kustbevakningen\/halla-dar-fredrik-de-jounge\/#primaryimage"},"image":{"@id":"https:\/\/lightweb.dev\/l\/svm-temp\/artiklar\/kustbevakningen\/halla-dar-fredrik-de-jounge\/#primaryimage"},"thumbnailUrl":"https:\/\/lightweb.dev\/l\/svm-temp\/wp-content\/uploads\/2022\/10\/IMG_20211130_143332_137-Stor.jpeg","datePublished":"2022-10-20T23:00:58+00:00","dateModified":"2022-10-23T12:08:41+00:00","description":"Svenska Magasinet tr\u00e4ffade Fredrik de Jounge f\u00f6r en drink i Esteponas hamn en sensommarkv\u00e4ll och fick en trevlig pratstund om livet.","breadcrumb":{"@id":"https:\/\/lightweb.dev\/l\/svm-temp\/artiklar\/kustbevakningen\/halla-dar-fredrik-de-jounge\/#breadcrumb"},"inLanguage":"sv-SE","potentialAction":[{"@type":"ReadAction","target":["https:\/\/lightweb.dev\/l\/svm-temp\/artiklar\/kustbevakningen\/halla-dar-fredrik-de-jounge\/"]}]},{"@type":"ImageObject","inLanguage":"sv-SE","@id":"https:\/\/lightweb.dev\/l\/svm-temp\/artiklar\/kustbevakningen\/halla-dar-fredrik-de-jounge\/#primaryimage","url":"https:\/\/lightweb.dev\/l\/svm-temp\/wp-content\/uploads\/2022\/10\/IMG_20211130_143332_137-Stor.jpeg","contentUrl":"https:\/\/lightweb.dev\/l\/svm-temp\/wp-content\/uploads\/2022\/10\/IMG_20211130_143332_137-Stor.jpeg","width":1280,"height":1280},{"@type":"BreadcrumbList","@id":"https:\/\/lightweb.dev\/l\/svm-temp\/artiklar\/kustbevakningen\/halla-dar-fredrik-de-jounge\/#breadcrumb","itemListElement":[{"@type":"ListItem","position":1,"name":"Hem","item":"https:\/\/lightweb.dev\/l\/svm-temp\/"},{"@type":"ListItem","position":2,"name":"Hall\u00e5 d\u00e4r Fredrik de Jounge!"}]},{"@type":"WebSite","@id":"https:\/\/lightweb.dev\/l\/svm-temp\/#website","url":"https:\/\/lightweb.dev\/l\/svm-temp\/","name":"Svenska Magasinet","description":"Dina Spanska nyheter p&aring; Svenska","publisher":{"@id":"https:\/\/lightweb.dev\/l\/svm-temp\/#organization"},"potentialAction":[{"@type":"SearchAction","target":{"@type":"EntryPoint","urlTemplate":"https:\/\/lightweb.dev\/l\/svm-temp\/?s={search_term_string}"},"query-input":{"@type":"PropertyValueSpecification","valueRequired":true,"valueName":"search_term_string"}}],"inLanguage":"sv-SE"},{"@type":"Organization","@id":"https:\/\/lightweb.dev\/l\/svm-temp\/#organization","name":"Melkerson y Nott SL","alternateName":"Svenska Magasinet","url":"https:\/\/lightweb.dev\/l\/svm-temp\/","logo":{"@type":"ImageObject","inLanguage":"sv-SE","@id":"https:\/\/lightweb.dev\/l\/svm-temp\/#\/schema\/logo\/image\/","url":"https:\/\/lightweb.dev\/l\/svm-temp\/wp-content\/uploads\/2025\/02\/SvM-logo-Xtra-Centrerad-SVART.png","contentUrl":"https:\/\/lightweb.dev\/l\/svm-temp\/wp-content\/uploads\/2025\/02\/SvM-logo-Xtra-Centrerad-SVART.png","width":300,"height":99,"caption":"Melkerson y Nott SL"},"image":{"@id":"https:\/\/lightweb.dev\/l\/svm-temp\/#\/schema\/logo\/image\/"},"sameAs":["https:\/\/www.facebook.com\/svenskamagasinet","https:\/\/x.com\/SvenskaMagasine"]},{"@type":"Person","@id":"https:\/\/lightweb.dev\/l\/svm-temp\/#\/schema\/person\/e200f5f676934d5b2e68283741f7dd2a","name":"EvaLotta Pettersson","description":"VD","sameAs":["https:\/\/lightweb.dev\/l\/svm-temp"],"url":"https:\/\/lightweb.dev\/l\/svm-temp\/reporter\/evalottap\/"}]}},"_links":{"self":[{"href":"https:\/\/lightweb.dev\/l\/svm-temp\/wp-json\/wp\/v2\/posts\/58256","targetHints":{"allow":["GET"]}}],"collection":[{"href":"https:\/\/lightweb.dev\/l\/svm-temp\/wp-json\/wp\/v2\/posts"}],"about":[{"href":"https:\/\/lightweb.dev\/l\/svm-temp\/wp-json\/wp\/v2\/types\/post"}],"author":[{"embeddable":true,"href":"https:\/\/lightweb.dev\/l\/svm-temp\/wp-json\/wp\/v2\/users\/3"}],"replies":[{"embeddable":true,"href":"https:\/\/lightweb.dev\/l\/svm-temp\/wp-json\/wp\/v2\/comments?post=58256"}],"version-history":[{"count":0,"href":"https:\/\/lightweb.dev\/l\/svm-temp\/wp-json\/wp\/v2\/posts\/58256\/revisions"}],"wp:featuredmedia":[{"embeddable":true,"href":"https:\/\/lightweb.dev\/l\/svm-temp\/wp-json\/wp\/v2\/media\/58258"}],"wp:attachment":[{"href":"https:\/\/lightweb.dev\/l\/svm-temp\/wp-json\/wp\/v2\/media?parent=58256"}],"wp:term":[{"taxonomy":"category","embeddable":true,"href":"https:\/\/lightweb.dev\/l\/svm-temp\/wp-json\/wp\/v2\/categories?post=58256"},{"taxonomy":"post_tag","embeddable":true,"href":"https:\/\/lightweb.dev\/l\/svm-temp\/wp-json\/wp\/v2\/tags?post=58256"}],"curies":[{"name":"wp","href":"https:\/\/api.w.org\/{rel}","templated":true}]}}