{"id":58398,"date":"2022-10-13T09:54:30","date_gmt":"2022-10-13T07:54:30","guid":{"rendered":"https:\/\/lightweb.dev\/l\/svm-temp\/?p=58398"},"modified":"2022-10-13T09:55:47","modified_gmt":"2022-10-13T07:55:47","slug":"dags-for-kopa-hus-utomlands-vid-stockholmsmassan","status":"publish","type":"post","link":"https:\/\/lightweb.dev\/l\/svm-temp\/nyheter\/dags-for-kopa-hus-utomlands-vid-stockholmsmassan\/","title":{"rendered":"Dags f\u00f6r K\u00f6pa Hus Utomlands vid Stockholmsm\u00e4ssan"},"content":{"rendered":"<p><strong>M\u00e5nga bostadsk\u00f6pare finansierar sitt k\u00f6p genom att hyra ut semesterbostaden n\u00e4r de inte \u00e4r p\u00e5 plats. Utsikterna \u00e4r goda d\u00e5 en f\u00e4rsk unders\u00f6kning fr\u00e5n konsultf\u00f6retaget Gesvalt visar att bostadspriserna forts\u00e4tter att \u00f6ka (+8,3%) liksom hyrespriserna (+17 %).<\/strong><\/p>\n<p>I topp n\u00e4r det g\u00e4ller pris\u00f6kningar p\u00e5 bost\u00e4der ligger provinsen M\u00e1laga med 8,3% f\u00f6ljt av Alicante (7,3%) och Balearerna (6,1%). Generellt kostar kvadratmeterpriset i provinsen M\u00e1laga 2.264 euro. Balearerna ligger n\u00e5got h\u00f6gre med 2.532 euro. Det visar unders\u00f6kningen fr\u00e5n konsultf\u00f6retaget Gesvalt som dagstidningen <a href=\"https:\/\/www.laopiniondemalaga.es\/malaga\/2022\/10\/13\/malaga-provincia-espanola-sube-precio-vivienda-alquiler-77170496.html?utm_source=newsletter&amp;amp%3Butm_medium=email&amp;amp%3Butm_campaign=autonewsletter&amp;amp%3Butm_content=Titulares%20del%20d%C3%ADa&amp;pnespid=G7so9U5b6H0PxAWI_pCOHRkT_Eo10qwlpwJHBqZSPs7KTKUFoWxFHvATgSXQb1ozVv5sGJo\">La Opini\u00f3n de M\u00e1laga<\/a> h\u00e4nvisar till.<\/p>\n<p>Hyrespriserna i provinsen M\u00e1laga har de senaste tolv m\u00e5nadernas \u00f6kat med 17,6 procent till i genomsnitt 12,1 euro per kvadratmeter. Vilket \u00e4r den st\u00f6rsta hyrespris\u00f6kningen i Spanien. Efter M\u00e1laga kommer Huelva (14,5%), Balearerna (13,6%), Castell\u00f3n (12,5%) och Barcelona (+12,1).<\/p>\n<p>I genomsnitt kostar en 90 kvadratmeter stor bostad i provinsen M\u00e1laga och Solkusten att hyra cirka 1.000 euro.<\/p>\n<p>&nbsp;<\/p>\n<p><img loading=\"lazy\" decoding=\"async\" class=\"size-medium wp-image-58400 alignleft\" src=\"https:\/\/lightweb.dev\/l\/svm-temp\/wp-content\/uploads\/2022\/10\/11_LU-Stor-300x183.jpeg\" alt=\"\" width=\"300\" height=\"183\" srcset=\"https:\/\/lightweb.dev\/l\/svm-temp\/wp-content\/uploads\/2022\/10\/11_LU-Stor-300x183.jpeg 300w, https:\/\/lightweb.dev\/l\/svm-temp\/wp-content\/uploads\/2022\/10\/11_LU-Stor-600x366.jpeg 600w, https:\/\/lightweb.dev\/l\/svm-temp\/wp-content\/uploads\/2022\/10\/11_LU-Stor-900x549.jpeg 900w, https:\/\/lightweb.dev\/l\/svm-temp\/wp-content\/uploads\/2022\/10\/11_LU-Stor-768x469.jpeg 768w, https:\/\/lightweb.dev\/l\/svm-temp\/wp-content\/uploads\/2022\/10\/11_LU-Stor-610x372.jpeg 610w, https:\/\/lightweb.dev\/l\/svm-temp\/wp-content\/uploads\/2022\/10\/11_LU-Stor-1080x659.jpeg 1080w, https:\/\/lightweb.dev\/l\/svm-temp\/wp-content\/uploads\/2022\/10\/11_LU-Stor.jpeg 1280w\" sizes=\"(max-width: 300px) 100vw, 300px\" \/><\/p>\n<p><strong>Till helgen \u00e4r det dags f\u00f6r K\u00f6pa Hus Utomlands i Stockholmsm\u00e4ssan.<\/strong> H\u00e4r tr\u00e4ffar du Svenska Magasinet och ett stort och brett urval av utst\u00e4llare som visar fastigheter fr\u00e5n Spanien plus andra l\u00e4nder samt \u00f6vrig service.<\/p>\n<p>Nyligen h\u00f6lls utst\u00e4llningen i Eriksbergshallen i G\u00f6teborg. F\u00f6rsta dagen var det ca 1.700 bes\u00f6kare p\u00e5 plats. Totalt \u00f6ver b\u00e5da dagarna s\u00e5 lockade m\u00e4ssan till sig ca 2.350 bes\u00f6kare.<\/p>\n<p>Inf\u00f6r utst\u00e4llningen i G\u00f6teborg sa Bj\u00f6rn Simonsson, VD f\u00f6r arrang\u00f6ren Fair Media International AB:<\/p>\n<p>\u2013 Omv\u00e4rlden \u00e4r komplicerad och sj\u00e4lvklart m\u00e4rker vi av det med kanske n\u00e5got f\u00e4rre bes\u00f6kare \u00e4n vanligt. N\u00e4sta \u00e5r har vi h\u00e5llit p\u00e5 med m\u00e4ssor i 20 \u00e5r. Och upplevt det mesta. Vi f\u00f6rv\u00e4ntar oss en bra m\u00e4ssa.<\/p>\n<p>\u2013 Bes\u00f6karna best\u00e5r av tv\u00e5 kategorier. De som vill k\u00f6pa och \u00e4r p\u00e5 G och varit p\u00e5 m\u00e4ssor tidigare. Livscykeln tickar p\u00e5 och livet \u00e4r kort och m\u00e5nga vill g\u00f6ra slag i saken. Den andra kategorin \u00e4r de som \u00e4r nya p\u00e5 marknaden och inte riktigt vet vad de vill ha. De befinner sig lite l\u00e4ngre ned i beslutsprocessen. De p\u00e5verkas mer av r\u00e4nteh\u00f6jningar d\u00e5 det finns begr\u00e4nsningar i ekonomin.<\/p>\n<p><strong>Johan och William Pettersson fr\u00e5n Svenska Magasinet<\/strong> och systertidningen Spa\u00f1ien Magasinet \u00e4r p\u00e5 plats. Du \u00e4r varmt v\u00e4lkommen att bes\u00f6ka oss och prata Spanien och h\u00e4mta ett gratisex av tidningen.<\/p>\n<h2>Fakta\/Fastighetsm\u00e4ssan K\u00f6pa Hus Utomlands<\/h2>\n<p>Stockholmsm\u00e4ssan, M\u00e4ssv\u00e4gen 1, \u00c4lvsj\u00f6, \u00d6ppettider: 10.30-17.00<\/p>\n<p>L\u00e4nder representerade oktober 2022: Spanien, Portugal, Italien, Cypern, Frankrike, Kap Verde, Kroatien, Dubai, Norra Cypern, Thailand och Turkiet.<\/p>\n<p><img loading=\"lazy\" decoding=\"async\" class=\"size-medium wp-image-58401 alignleft\" src=\"https:\/\/lightweb.dev\/l\/svm-temp\/wp-content\/uploads\/2022\/10\/10_LU-Stor-300x192.jpeg\" alt=\"\" width=\"300\" height=\"192\" srcset=\"https:\/\/lightweb.dev\/l\/svm-temp\/wp-content\/uploads\/2022\/10\/10_LU-Stor-300x192.jpeg 300w, https:\/\/lightweb.dev\/l\/svm-temp\/wp-content\/uploads\/2022\/10\/10_LU-Stor-600x384.jpeg 600w, https:\/\/lightweb.dev\/l\/svm-temp\/wp-content\/uploads\/2022\/10\/10_LU-Stor-900x577.jpeg 900w, https:\/\/lightweb.dev\/l\/svm-temp\/wp-content\/uploads\/2022\/10\/10_LU-Stor-768x492.jpeg 768w, https:\/\/lightweb.dev\/l\/svm-temp\/wp-content\/uploads\/2022\/10\/10_LU-Stor-610x391.jpeg 610w, https:\/\/lightweb.dev\/l\/svm-temp\/wp-content\/uploads\/2022\/10\/10_LU-Stor-1080x692.jpeg 1080w, https:\/\/lightweb.dev\/l\/svm-temp\/wp-content\/uploads\/2022\/10\/10_LU-Stor.jpeg 1280w\" sizes=\"(max-width: 300px) 100vw, 300px\" \/><\/p>\n<h2>Seminarieprogram b\u00e5de l\u00f6rdag och s\u00f6ndag:<\/h2>\n<p>Sal 1<\/p>\n<p>11.30 Spanien<\/p>\n<p>12.30 Portugal<\/p>\n<p>13.30 Skatter vid utflyttning<\/p>\n<p>14.30 Spanien<\/p>\n<p>15.30 Italien<\/p>\n<p>Sal 2<\/p>\n<p>11.00 Bol\u00e5n i Spanien och Portugal (p\u00e5g\u00e5r cirka 25 minuter)<\/p>\n<p>12.00 Italien<\/p>\n<p>13.00 K\u00f6pprocessen i Spanien<\/p>\n<p>14.00 Frankrike<\/p>\n<p>15.00 Pensionering utomlands<\/p>\n<p>Sal 3<\/p>\n<p>11.30 Skatt vid bolagsf\u00f6rs\u00e4ljning<\/p>\n<p>12.30 Thailand<\/p>\n<p>13.30 Turkiet<\/p>\n<p>14.30 Malta<\/p>\n<h2>K\u00f6pa Hus Utomlands 2023<\/h2>\n<p>Svenska m\u00e4ssan, G\u00f6teborg, 4-5 mars<\/p>\n<p>Malm\u00f6m\u00e4ssan, 25-26 mars<\/p>\n","protected":false},"excerpt":{"rendered":"<p>M\u00e5nga bostadsk\u00f6pare finansierar sitt k\u00f6p genom att hyra ut semesterbostaden n\u00e4r de inte \u00e4r p\u00e5 plats. Utsikterna \u00e4r goda d\u00e5 en f\u00e4rsk unders\u00f6kning fr\u00e5n konsultf\u00f6retaget Gesvalt visar att bostadspriserna forts\u00e4tter att \u00f6ka (+8,3%) liksom hyrespriserna (+17 %). I topp n\u00e4r det g\u00e4ller pris\u00f6kningar p\u00e5 bost\u00e4der ligger provinsen M\u00e1laga med 8,3% f\u00f6ljt av Alicante (7,3%) och [&hellip;]<\/p>\n","protected":false},"author":7,"featured_media":58276,"comment_status":"open","ping_status":"closed","sticky":false,"template":"","format":"standard","meta":{"_et_pb_use_builder":"","_et_pb_old_content":"","_et_gb_content_width":"","footnotes":""},"categories":[395,3],"tags":[],"class_list":["post-58398","post","type-post","status-publish","format-standard","has-post-thumbnail","hentry","category-arkiv-nyheter","category-nyheter"],"yoast_head":"<!-- This site is optimized with the Yoast SEO Premium plugin v26.2 (Yoast SEO v27.4) - https:\/\/yoast.com\/product\/yoast-seo-premium-wordpress\/ -->\n<title>Dags f\u00f6r K\u00f6pa Hus Utomlands vid Stockholmsm\u00e4ssan - Svenska Magasinet<\/title>\n<meta name=\"description\" content=\"M\u00e5nga bostadsk\u00f6pare finansierar sitt k\u00f6p genom att hyra ut semesterbostaden n\u00e4r de inte \u00e4r p\u00e5 plats. Utsikterna \u00e4r goda d\u00e5 en f\u00e4rsk unders\u00f6kning fr\u00e5n konsultf\u00f6retaget Gesvalt visar att bostadspriserna forts\u00e4tter att \u00f6ka (+8,3%) liksom hyrespriserna (+17 %).\" \/>\n<meta name=\"robots\" content=\"noindex, follow, max-snippet:-1, max-image-preview:large, max-video-preview:-1\" \/>\n<meta property=\"og:locale\" content=\"sv_SE\" \/>\n<meta property=\"og:type\" content=\"article\" \/>\n<meta property=\"og:title\" content=\"Dags f\u00f6r K\u00f6pa Hus Utomlands vid Stockholmsm\u00e4ssan\" \/>\n<meta property=\"og:description\" content=\"M\u00e5nga bostadsk\u00f6pare finansierar sitt k\u00f6p genom att hyra ut semesterbostaden n\u00e4r de inte \u00e4r p\u00e5 plats. Utsikterna \u00e4r goda d\u00e5 en f\u00e4rsk unders\u00f6kning fr\u00e5n konsultf\u00f6retaget Gesvalt visar att bostadspriserna forts\u00e4tter att \u00f6ka (+8,3%) liksom hyrespriserna (+17 %).\" \/>\n<meta property=\"og:url\" content=\"https:\/\/lightweb.dev\/l\/svm-temp\/artiklar\/hem-bostad\/dags-for-kopa-hus-utomlands-vid-stockholmsmassan\/\" \/>\n<meta property=\"og:site_name\" content=\"Svenska Magasinet\" \/>\n<meta property=\"article:publisher\" content=\"https:\/\/www.facebook.com\/svenskamagasinet\" \/>\n<meta property=\"article:published_time\" content=\"2022-10-13T07:54:30+00:00\" \/>\n<meta property=\"article:modified_time\" content=\"2022-10-13T07:55:47+00:00\" \/>\n<meta property=\"og:image\" content=\"https:\/\/lightweb.dev\/l\/svm-temp\/wp-content\/uploads\/2022\/10\/E003B918-3682-4683-8940-DE2F63B66D80_1_201_a-Stor.jpeg\" \/>\n\t<meta property=\"og:image:width\" content=\"1280\" \/>\n\t<meta property=\"og:image:height\" content=\"762\" \/>\n\t<meta property=\"og:image:type\" content=\"image\/jpeg\" \/>\n<meta name=\"author\" content=\"Ola Josefsson\" \/>\n<meta name=\"twitter:card\" content=\"summary_large_image\" \/>\n<meta name=\"twitter:creator\" content=\"@SvenskaMagasine\" \/>\n<meta name=\"twitter:site\" content=\"@SvenskaMagasine\" \/>\n<script type=\"application\/ld+json\" class=\"yoast-schema-graph\">{\"@context\":\"https:\\\/\\\/schema.org\",\"@graph\":[{\"@type\":\"Article\",\"@id\":\"https:\\\/\\\/lightweb.dev\\\/l\\\/svm-temp\\\/artiklar\\\/hem-bostad\\\/dags-for-kopa-hus-utomlands-vid-stockholmsmassan\\\/#article\",\"isPartOf\":{\"@id\":\"https:\\\/\\\/lightweb.dev\\\/l\\\/svm-temp\\\/artiklar\\\/hem-bostad\\\/dags-for-kopa-hus-utomlands-vid-stockholmsmassan\\\/\"},\"author\":{\"name\":\"Ola Josefsson\",\"@id\":\"https:\\\/\\\/lightweb.dev\\\/l\\\/svm-temp\\\/#\\\/schema\\\/person\\\/7a82b8a73d171d32360a564b6d03508e\"},\"headline\":\"Dags f\u00f6r K\u00f6pa Hus Utomlands vid Stockholmsm\u00e4ssan\",\"datePublished\":\"2022-10-13T07:54:30+00:00\",\"dateModified\":\"2022-10-13T07:55:47+00:00\",\"mainEntityOfPage\":{\"@id\":\"https:\\\/\\\/lightweb.dev\\\/l\\\/svm-temp\\\/artiklar\\\/hem-bostad\\\/dags-for-kopa-hus-utomlands-vid-stockholmsmassan\\\/\"},\"wordCount\":523,\"commentCount\":1,\"publisher\":{\"@id\":\"https:\\\/\\\/lightweb.dev\\\/l\\\/svm-temp\\\/#organization\"},\"image\":{\"@id\":\"https:\\\/\\\/lightweb.dev\\\/l\\\/svm-temp\\\/artiklar\\\/hem-bostad\\\/dags-for-kopa-hus-utomlands-vid-stockholmsmassan\\\/#primaryimage\"},\"thumbnailUrl\":\"https:\\\/\\\/lightweb.dev\\\/l\\\/svm-temp\\\/wp-content\\\/uploads\\\/2022\\\/10\\\/E003B918-3682-4683-8940-DE2F63B66D80_1_201_a-Stor.jpeg\",\"articleSection\":[\"Arkiv\",\"Nyheter\"],\"inLanguage\":\"sv-SE\"},{\"@type\":\"WebPage\",\"@id\":\"https:\\\/\\\/lightweb.dev\\\/l\\\/svm-temp\\\/artiklar\\\/hem-bostad\\\/dags-for-kopa-hus-utomlands-vid-stockholmsmassan\\\/\",\"url\":\"https:\\\/\\\/lightweb.dev\\\/l\\\/svm-temp\\\/artiklar\\\/hem-bostad\\\/dags-for-kopa-hus-utomlands-vid-stockholmsmassan\\\/\",\"name\":\"Dags f\u00f6r K\u00f6pa Hus Utomlands vid Stockholmsm\u00e4ssan - Svenska Magasinet\",\"isPartOf\":{\"@id\":\"https:\\\/\\\/lightweb.dev\\\/l\\\/svm-temp\\\/#website\"},\"primaryImageOfPage\":{\"@id\":\"https:\\\/\\\/lightweb.dev\\\/l\\\/svm-temp\\\/artiklar\\\/hem-bostad\\\/dags-for-kopa-hus-utomlands-vid-stockholmsmassan\\\/#primaryimage\"},\"image\":{\"@id\":\"https:\\\/\\\/lightweb.dev\\\/l\\\/svm-temp\\\/artiklar\\\/hem-bostad\\\/dags-for-kopa-hus-utomlands-vid-stockholmsmassan\\\/#primaryimage\"},\"thumbnailUrl\":\"https:\\\/\\\/lightweb.dev\\\/l\\\/svm-temp\\\/wp-content\\\/uploads\\\/2022\\\/10\\\/E003B918-3682-4683-8940-DE2F63B66D80_1_201_a-Stor.jpeg\",\"datePublished\":\"2022-10-13T07:54:30+00:00\",\"dateModified\":\"2022-10-13T07:55:47+00:00\",\"description\":\"M\u00e5nga bostadsk\u00f6pare finansierar sitt k\u00f6p genom att hyra ut semesterbostaden n\u00e4r de inte \u00e4r p\u00e5 plats. Utsikterna \u00e4r goda d\u00e5 en f\u00e4rsk unders\u00f6kning fr\u00e5n konsultf\u00f6retaget Gesvalt visar att bostadspriserna forts\u00e4tter att \u00f6ka (+8,3%) liksom hyrespriserna (+17 %).\",\"breadcrumb\":{\"@id\":\"https:\\\/\\\/lightweb.dev\\\/l\\\/svm-temp\\\/artiklar\\\/hem-bostad\\\/dags-for-kopa-hus-utomlands-vid-stockholmsmassan\\\/#breadcrumb\"},\"inLanguage\":\"sv-SE\",\"potentialAction\":[{\"@type\":\"ReadAction\",\"target\":[\"https:\\\/\\\/lightweb.dev\\\/l\\\/svm-temp\\\/artiklar\\\/hem-bostad\\\/dags-for-kopa-hus-utomlands-vid-stockholmsmassan\\\/\"]}]},{\"@type\":\"ImageObject\",\"inLanguage\":\"sv-SE\",\"@id\":\"https:\\\/\\\/lightweb.dev\\\/l\\\/svm-temp\\\/artiklar\\\/hem-bostad\\\/dags-for-kopa-hus-utomlands-vid-stockholmsmassan\\\/#primaryimage\",\"url\":\"https:\\\/\\\/lightweb.dev\\\/l\\\/svm-temp\\\/wp-content\\\/uploads\\\/2022\\\/10\\\/E003B918-3682-4683-8940-DE2F63B66D80_1_201_a-Stor.jpeg\",\"contentUrl\":\"https:\\\/\\\/lightweb.dev\\\/l\\\/svm-temp\\\/wp-content\\\/uploads\\\/2022\\\/10\\\/E003B918-3682-4683-8940-DE2F63B66D80_1_201_a-Stor.jpeg\",\"width\":1280,\"height\":762,\"caption\":\"Svenska Magasinets monter var v\u00e4lbes\u00f6kt b\u00e5da dagarna i G\u00f6teborg. Till helgen ses vi p\u00e5 Stockholmsm\u00e4ssan\"},{\"@type\":\"BreadcrumbList\",\"@id\":\"https:\\\/\\\/lightweb.dev\\\/l\\\/svm-temp\\\/artiklar\\\/hem-bostad\\\/dags-for-kopa-hus-utomlands-vid-stockholmsmassan\\\/#breadcrumb\",\"itemListElement\":[{\"@type\":\"ListItem\",\"position\":1,\"name\":\"Hem\",\"item\":\"https:\\\/\\\/lightweb.dev\\\/l\\\/svm-temp\\\/\"},{\"@type\":\"ListItem\",\"position\":2,\"name\":\"Dags f\u00f6r K\u00f6pa Hus Utomlands vid Stockholmsm\u00e4ssan\"}]},{\"@type\":\"WebSite\",\"@id\":\"https:\\\/\\\/lightweb.dev\\\/l\\\/svm-temp\\\/#website\",\"url\":\"https:\\\/\\\/lightweb.dev\\\/l\\\/svm-temp\\\/\",\"name\":\"Svenska Magasinet\",\"description\":\"Dina Spanska nyheter p&aring; Svenska\",\"publisher\":{\"@id\":\"https:\\\/\\\/lightweb.dev\\\/l\\\/svm-temp\\\/#organization\"},\"potentialAction\":[{\"@type\":\"SearchAction\",\"target\":{\"@type\":\"EntryPoint\",\"urlTemplate\":\"https:\\\/\\\/lightweb.dev\\\/l\\\/svm-temp\\\/?s={search_term_string}\"},\"query-input\":{\"@type\":\"PropertyValueSpecification\",\"valueRequired\":true,\"valueName\":\"search_term_string\"}}],\"inLanguage\":\"sv-SE\"},{\"@type\":\"Organization\",\"@id\":\"https:\\\/\\\/lightweb.dev\\\/l\\\/svm-temp\\\/#organization\",\"name\":\"Melkerson y Nott SL\",\"alternateName\":\"Svenska Magasinet\",\"url\":\"https:\\\/\\\/lightweb.dev\\\/l\\\/svm-temp\\\/\",\"logo\":{\"@type\":\"ImageObject\",\"inLanguage\":\"sv-SE\",\"@id\":\"https:\\\/\\\/lightweb.dev\\\/l\\\/svm-temp\\\/#\\\/schema\\\/logo\\\/image\\\/\",\"url\":\"https:\\\/\\\/lightweb.dev\\\/l\\\/svm-temp\\\/wp-content\\\/uploads\\\/2025\\\/02\\\/SvM-logo-Xtra-Centrerad-SVART.png\",\"contentUrl\":\"https:\\\/\\\/lightweb.dev\\\/l\\\/svm-temp\\\/wp-content\\\/uploads\\\/2025\\\/02\\\/SvM-logo-Xtra-Centrerad-SVART.png\",\"width\":300,\"height\":99,\"caption\":\"Melkerson y Nott SL\"},\"image\":{\"@id\":\"https:\\\/\\\/lightweb.dev\\\/l\\\/svm-temp\\\/#\\\/schema\\\/logo\\\/image\\\/\"},\"sameAs\":[\"https:\\\/\\\/www.facebook.com\\\/svenskamagasinet\",\"https:\\\/\\\/x.com\\\/SvenskaMagasine\"]},{\"@type\":\"Person\",\"@id\":\"https:\\\/\\\/lightweb.dev\\\/l\\\/svm-temp\\\/#\\\/schema\\\/person\\\/7a82b8a73d171d32360a564b6d03508e\",\"name\":\"Ola Josefsson\",\"description\":\"Bevakar Solkusten och Spanien sedan 1994.\",\"sameAs\":[\"https:\\\/\\\/lightweb.dev\\\/l\\\/svm-temp\"],\"url\":\"https:\\\/\\\/lightweb.dev\\\/l\\\/svm-temp\\\/reporter\\\/ola-josefsson\\\/\"}]}<\/script>\n<!-- \/ Yoast SEO Premium plugin. -->","yoast_head_json":{"title":"Dags f\u00f6r K\u00f6pa Hus Utomlands vid Stockholmsm\u00e4ssan - Svenska Magasinet","description":"M\u00e5nga bostadsk\u00f6pare finansierar sitt k\u00f6p genom att hyra ut semesterbostaden n\u00e4r de inte \u00e4r p\u00e5 plats. Utsikterna \u00e4r goda d\u00e5 en f\u00e4rsk unders\u00f6kning fr\u00e5n konsultf\u00f6retaget Gesvalt visar att bostadspriserna forts\u00e4tter att \u00f6ka (+8,3%) liksom hyrespriserna (+17 %).","robots":{"index":"noindex","follow":"follow","max-snippet":"max-snippet:-1","max-image-preview":"max-image-preview:large","max-video-preview":"max-video-preview:-1"},"og_locale":"sv_SE","og_type":"article","og_title":"Dags f\u00f6r K\u00f6pa Hus Utomlands vid Stockholmsm\u00e4ssan","og_description":"M\u00e5nga bostadsk\u00f6pare finansierar sitt k\u00f6p genom att hyra ut semesterbostaden n\u00e4r de inte \u00e4r p\u00e5 plats. Utsikterna \u00e4r goda d\u00e5 en f\u00e4rsk unders\u00f6kning fr\u00e5n konsultf\u00f6retaget Gesvalt visar att bostadspriserna forts\u00e4tter att \u00f6ka (+8,3%) liksom hyrespriserna (+17 %).","og_url":"https:\/\/lightweb.dev\/l\/svm-temp\/artiklar\/hem-bostad\/dags-for-kopa-hus-utomlands-vid-stockholmsmassan\/","og_site_name":"Svenska Magasinet","article_publisher":"https:\/\/www.facebook.com\/svenskamagasinet","article_published_time":"2022-10-13T07:54:30+00:00","article_modified_time":"2022-10-13T07:55:47+00:00","og_image":[{"width":1280,"height":762,"url":"https:\/\/lightweb.dev\/l\/svm-temp\/wp-content\/uploads\/2022\/10\/E003B918-3682-4683-8940-DE2F63B66D80_1_201_a-Stor.jpeg","type":"image\/jpeg"}],"author":"Ola Josefsson","twitter_card":"summary_large_image","twitter_creator":"@SvenskaMagasine","twitter_site":"@SvenskaMagasine","schema":{"@context":"https:\/\/schema.org","@graph":[{"@type":"Article","@id":"https:\/\/lightweb.dev\/l\/svm-temp\/artiklar\/hem-bostad\/dags-for-kopa-hus-utomlands-vid-stockholmsmassan\/#article","isPartOf":{"@id":"https:\/\/lightweb.dev\/l\/svm-temp\/artiklar\/hem-bostad\/dags-for-kopa-hus-utomlands-vid-stockholmsmassan\/"},"author":{"name":"Ola Josefsson","@id":"https:\/\/lightweb.dev\/l\/svm-temp\/#\/schema\/person\/7a82b8a73d171d32360a564b6d03508e"},"headline":"Dags f\u00f6r K\u00f6pa Hus Utomlands vid Stockholmsm\u00e4ssan","datePublished":"2022-10-13T07:54:30+00:00","dateModified":"2022-10-13T07:55:47+00:00","mainEntityOfPage":{"@id":"https:\/\/lightweb.dev\/l\/svm-temp\/artiklar\/hem-bostad\/dags-for-kopa-hus-utomlands-vid-stockholmsmassan\/"},"wordCount":523,"commentCount":1,"publisher":{"@id":"https:\/\/lightweb.dev\/l\/svm-temp\/#organization"},"image":{"@id":"https:\/\/lightweb.dev\/l\/svm-temp\/artiklar\/hem-bostad\/dags-for-kopa-hus-utomlands-vid-stockholmsmassan\/#primaryimage"},"thumbnailUrl":"https:\/\/lightweb.dev\/l\/svm-temp\/wp-content\/uploads\/2022\/10\/E003B918-3682-4683-8940-DE2F63B66D80_1_201_a-Stor.jpeg","articleSection":["Arkiv","Nyheter"],"inLanguage":"sv-SE"},{"@type":"WebPage","@id":"https:\/\/lightweb.dev\/l\/svm-temp\/artiklar\/hem-bostad\/dags-for-kopa-hus-utomlands-vid-stockholmsmassan\/","url":"https:\/\/lightweb.dev\/l\/svm-temp\/artiklar\/hem-bostad\/dags-for-kopa-hus-utomlands-vid-stockholmsmassan\/","name":"Dags f\u00f6r K\u00f6pa Hus Utomlands vid Stockholmsm\u00e4ssan - Svenska Magasinet","isPartOf":{"@id":"https:\/\/lightweb.dev\/l\/svm-temp\/#website"},"primaryImageOfPage":{"@id":"https:\/\/lightweb.dev\/l\/svm-temp\/artiklar\/hem-bostad\/dags-for-kopa-hus-utomlands-vid-stockholmsmassan\/#primaryimage"},"image":{"@id":"https:\/\/lightweb.dev\/l\/svm-temp\/artiklar\/hem-bostad\/dags-for-kopa-hus-utomlands-vid-stockholmsmassan\/#primaryimage"},"thumbnailUrl":"https:\/\/lightweb.dev\/l\/svm-temp\/wp-content\/uploads\/2022\/10\/E003B918-3682-4683-8940-DE2F63B66D80_1_201_a-Stor.jpeg","datePublished":"2022-10-13T07:54:30+00:00","dateModified":"2022-10-13T07:55:47+00:00","description":"M\u00e5nga bostadsk\u00f6pare finansierar sitt k\u00f6p genom att hyra ut semesterbostaden n\u00e4r de inte \u00e4r p\u00e5 plats. Utsikterna \u00e4r goda d\u00e5 en f\u00e4rsk unders\u00f6kning fr\u00e5n konsultf\u00f6retaget Gesvalt visar att bostadspriserna forts\u00e4tter att \u00f6ka (+8,3%) liksom hyrespriserna (+17 %).","breadcrumb":{"@id":"https:\/\/lightweb.dev\/l\/svm-temp\/artiklar\/hem-bostad\/dags-for-kopa-hus-utomlands-vid-stockholmsmassan\/#breadcrumb"},"inLanguage":"sv-SE","potentialAction":[{"@type":"ReadAction","target":["https:\/\/lightweb.dev\/l\/svm-temp\/artiklar\/hem-bostad\/dags-for-kopa-hus-utomlands-vid-stockholmsmassan\/"]}]},{"@type":"ImageObject","inLanguage":"sv-SE","@id":"https:\/\/lightweb.dev\/l\/svm-temp\/artiklar\/hem-bostad\/dags-for-kopa-hus-utomlands-vid-stockholmsmassan\/#primaryimage","url":"https:\/\/lightweb.dev\/l\/svm-temp\/wp-content\/uploads\/2022\/10\/E003B918-3682-4683-8940-DE2F63B66D80_1_201_a-Stor.jpeg","contentUrl":"https:\/\/lightweb.dev\/l\/svm-temp\/wp-content\/uploads\/2022\/10\/E003B918-3682-4683-8940-DE2F63B66D80_1_201_a-Stor.jpeg","width":1280,"height":762,"caption":"Svenska Magasinets monter var v\u00e4lbes\u00f6kt b\u00e5da dagarna i G\u00f6teborg. Till helgen ses vi p\u00e5 Stockholmsm\u00e4ssan"},{"@type":"BreadcrumbList","@id":"https:\/\/lightweb.dev\/l\/svm-temp\/artiklar\/hem-bostad\/dags-for-kopa-hus-utomlands-vid-stockholmsmassan\/#breadcrumb","itemListElement":[{"@type":"ListItem","position":1,"name":"Hem","item":"https:\/\/lightweb.dev\/l\/svm-temp\/"},{"@type":"ListItem","position":2,"name":"Dags f\u00f6r K\u00f6pa Hus Utomlands vid Stockholmsm\u00e4ssan"}]},{"@type":"WebSite","@id":"https:\/\/lightweb.dev\/l\/svm-temp\/#website","url":"https:\/\/lightweb.dev\/l\/svm-temp\/","name":"Svenska Magasinet","description":"Dina Spanska nyheter p&aring; Svenska","publisher":{"@id":"https:\/\/lightweb.dev\/l\/svm-temp\/#organization"},"potentialAction":[{"@type":"SearchAction","target":{"@type":"EntryPoint","urlTemplate":"https:\/\/lightweb.dev\/l\/svm-temp\/?s={search_term_string}"},"query-input":{"@type":"PropertyValueSpecification","valueRequired":true,"valueName":"search_term_string"}}],"inLanguage":"sv-SE"},{"@type":"Organization","@id":"https:\/\/lightweb.dev\/l\/svm-temp\/#organization","name":"Melkerson y Nott SL","alternateName":"Svenska Magasinet","url":"https:\/\/lightweb.dev\/l\/svm-temp\/","logo":{"@type":"ImageObject","inLanguage":"sv-SE","@id":"https:\/\/lightweb.dev\/l\/svm-temp\/#\/schema\/logo\/image\/","url":"https:\/\/lightweb.dev\/l\/svm-temp\/wp-content\/uploads\/2025\/02\/SvM-logo-Xtra-Centrerad-SVART.png","contentUrl":"https:\/\/lightweb.dev\/l\/svm-temp\/wp-content\/uploads\/2025\/02\/SvM-logo-Xtra-Centrerad-SVART.png","width":300,"height":99,"caption":"Melkerson y Nott SL"},"image":{"@id":"https:\/\/lightweb.dev\/l\/svm-temp\/#\/schema\/logo\/image\/"},"sameAs":["https:\/\/www.facebook.com\/svenskamagasinet","https:\/\/x.com\/SvenskaMagasine"]},{"@type":"Person","@id":"https:\/\/lightweb.dev\/l\/svm-temp\/#\/schema\/person\/7a82b8a73d171d32360a564b6d03508e","name":"Ola Josefsson","description":"Bevakar Solkusten och Spanien sedan 1994.","sameAs":["https:\/\/lightweb.dev\/l\/svm-temp"],"url":"https:\/\/lightweb.dev\/l\/svm-temp\/reporter\/ola-josefsson\/"}]}},"_links":{"self":[{"href":"https:\/\/lightweb.dev\/l\/svm-temp\/wp-json\/wp\/v2\/posts\/58398","targetHints":{"allow":["GET"]}}],"collection":[{"href":"https:\/\/lightweb.dev\/l\/svm-temp\/wp-json\/wp\/v2\/posts"}],"about":[{"href":"https:\/\/lightweb.dev\/l\/svm-temp\/wp-json\/wp\/v2\/types\/post"}],"author":[{"embeddable":true,"href":"https:\/\/lightweb.dev\/l\/svm-temp\/wp-json\/wp\/v2\/users\/7"}],"replies":[{"embeddable":true,"href":"https:\/\/lightweb.dev\/l\/svm-temp\/wp-json\/wp\/v2\/comments?post=58398"}],"version-history":[{"count":0,"href":"https:\/\/lightweb.dev\/l\/svm-temp\/wp-json\/wp\/v2\/posts\/58398\/revisions"}],"wp:featuredmedia":[{"embeddable":true,"href":"https:\/\/lightweb.dev\/l\/svm-temp\/wp-json\/wp\/v2\/media\/58276"}],"wp:attachment":[{"href":"https:\/\/lightweb.dev\/l\/svm-temp\/wp-json\/wp\/v2\/media?parent=58398"}],"wp:term":[{"taxonomy":"category","embeddable":true,"href":"https:\/\/lightweb.dev\/l\/svm-temp\/wp-json\/wp\/v2\/categories?post=58398"},{"taxonomy":"post_tag","embeddable":true,"href":"https:\/\/lightweb.dev\/l\/svm-temp\/wp-json\/wp\/v2\/tags?post=58398"}],"curies":[{"name":"wp","href":"https:\/\/api.w.org\/{rel}","templated":true}]}}