{"id":58404,"date":"2022-10-13T10:26:58","date_gmt":"2022-10-13T08:26:58","guid":{"rendered":"https:\/\/lightweb.dev\/l\/svm-temp\/?p=58404"},"modified":"2022-10-13T10:26:58","modified_gmt":"2022-10-13T08:26:58","slug":"direktflyg-new-york-malaga-sommaren-2023","status":"publish","type":"post","link":"https:\/\/lightweb.dev\/l\/svm-temp\/nyheter\/direktflyg-new-york-malaga-sommaren-2023\/","title":{"rendered":"Direktflyg New York-M\u00e1laga sommaren 2023"},"content":{"rendered":"<p><strong>Det har varit ett \u00f6nskem\u00e5l hos turistn\u00e4ringen p\u00e5 Solkusten. Att direktlinjen mellan New York och M\u00e1laga ska \u00e5teruppst\u00e5. Och nu \u00e4r det klart. United Airlines meddelar att flygbolaget flyger tre g\u00e5nger i veckan med start den 31 maj 2023 fram till slutet av september.<\/strong><\/p>\n<p>Det var 2019 som Delta Air Lines slutade att flyga p\u00e5 linjen M\u00e1laga-JFK. Sedan dess har b\u00e5de regionregeringen Junta de Andaluc\u00eda, Turismo Costa del Sol, M\u00e1laga kommun och luftfartsverket Aena jobbat f\u00f6r att direktflyget mellan New York och M\u00e1laga ska \u00e5teruppst\u00e5.<\/p>\n<p>Nu meddelar United Airlines att de inleder trafik till sommaren 2023 fr\u00e5n flygplatsen Newark till M\u00e1laga med Boeing 757-200 med totalt 169 platser.<\/p>\n<p>Flygbolaget trafikerar sedan tidigare Madrid-Barajas, El Prat-Barcelona, Teneriffa och Palma de Mallorca.<\/p>\n<p>M\u00e1laga har \u00e4ven som m\u00e5l att f\u00e5 direktflyg till Miami, Houston och Kanada.<\/p>\n<p>Det kan till\u00e4ggas att United Airlines \u00e4ven startar upp en linje till Stockholm fr\u00e5n New York.<\/p>\n","protected":false},"excerpt":{"rendered":"<p>Det har varit ett \u00f6nskem\u00e5l hos turistn\u00e4ringen p\u00e5 Solkusten. Att direktlinjen mellan New York och M\u00e1laga ska \u00e5teruppst\u00e5. Och nu \u00e4r det klart. United Airlines meddelar att flygbolaget flyger tre g\u00e5nger i veckan med start den 31 maj 2023 fram till slutet av september. Det var 2019 som Delta Air Lines slutade att flyga p\u00e5 [&hellip;]<\/p>\n","protected":false},"author":7,"featured_media":58406,"comment_status":"open","ping_status":"closed","sticky":false,"template":"","format":"standard","meta":{"_et_pb_use_builder":"","_et_pb_old_content":"","_et_gb_content_width":"","footnotes":""},"categories":[395,3],"tags":[],"class_list":["post-58404","post","type-post","status-publish","format-standard","has-post-thumbnail","hentry","category-arkiv-nyheter","category-nyheter"],"yoast_head":"<!-- This site is optimized with the Yoast SEO Premium plugin v26.2 (Yoast SEO v27.4) - https:\/\/yoast.com\/product\/yoast-seo-premium-wordpress\/ -->\n<title>Direktflyg New York-M\u00e1laga sommaren 2023 - Svenska Magasinet<\/title>\n<meta name=\"description\" content=\"Det har varit ett \u00f6nskem\u00e5l hos turistn\u00e4ringen p\u00e5 Solkusten. Att direktlinjen mellan New York och M\u00e1laga ska \u00e5teruppst\u00e5. Och nu \u00e4r det klart. United Airlines meddelar att flygbolaget flyger tre g\u00e5nger i veckan med start den 31 maj 2023 fram till slutet av september.\" \/>\n<meta name=\"robots\" content=\"noindex, follow, max-snippet:-1, max-image-preview:large, max-video-preview:-1\" \/>\n<meta property=\"og:locale\" content=\"sv_SE\" \/>\n<meta property=\"og:type\" content=\"article\" \/>\n<meta property=\"og:title\" content=\"Direktflyg New York-M\u00e1laga sommaren 2023\" \/>\n<meta property=\"og:description\" content=\"Det har varit ett \u00f6nskem\u00e5l hos turistn\u00e4ringen p\u00e5 Solkusten. Att direktlinjen mellan New York och M\u00e1laga ska \u00e5teruppst\u00e5. Och nu \u00e4r det klart. United Airlines meddelar att flygbolaget flyger tre g\u00e5nger i veckan med start den 31 maj 2023 fram till slutet av september.\" \/>\n<meta property=\"og:url\" content=\"https:\/\/lightweb.dev\/l\/svm-temp\/nyheter\/direktflyg-new-york-malaga-sommaren-2023\/\" \/>\n<meta property=\"og:site_name\" content=\"Svenska Magasinet\" \/>\n<meta property=\"article:publisher\" content=\"https:\/\/www.facebook.com\/svenskamagasinet\" \/>\n<meta property=\"article:published_time\" content=\"2022-10-13T08:26:58+00:00\" \/>\n<meta property=\"og:image\" content=\"https:\/\/lightweb.dev\/l\/svm-temp\/wp-content\/uploads\/2022\/10\/Fe3ooq8WAAA2F6H-Stor.jpeg\" \/>\n\t<meta property=\"og:image:width\" content=\"1280\" \/>\n\t<meta property=\"og:image:height\" content=\"854\" \/>\n\t<meta property=\"og:image:type\" content=\"image\/jpeg\" \/>\n<meta name=\"author\" content=\"Ola Josefsson\" \/>\n<meta name=\"twitter:card\" content=\"summary_large_image\" \/>\n<meta name=\"twitter:creator\" content=\"@SvenskaMagasine\" \/>\n<meta name=\"twitter:site\" content=\"@SvenskaMagasine\" \/>\n<script type=\"application\/ld+json\" class=\"yoast-schema-graph\">{\"@context\":\"https:\\\/\\\/schema.org\",\"@graph\":[{\"@type\":\"Article\",\"@id\":\"https:\\\/\\\/lightweb.dev\\\/l\\\/svm-temp\\\/nyheter\\\/direktflyg-new-york-malaga-sommaren-2023\\\/#article\",\"isPartOf\":{\"@id\":\"https:\\\/\\\/lightweb.dev\\\/l\\\/svm-temp\\\/nyheter\\\/direktflyg-new-york-malaga-sommaren-2023\\\/\"},\"author\":{\"name\":\"Ola Josefsson\",\"@id\":\"https:\\\/\\\/lightweb.dev\\\/l\\\/svm-temp\\\/#\\\/schema\\\/person\\\/7a82b8a73d171d32360a564b6d03508e\"},\"headline\":\"Direktflyg New York-M\u00e1laga sommaren 2023\",\"datePublished\":\"2022-10-13T08:26:58+00:00\",\"mainEntityOfPage\":{\"@id\":\"https:\\\/\\\/lightweb.dev\\\/l\\\/svm-temp\\\/nyheter\\\/direktflyg-new-york-malaga-sommaren-2023\\\/\"},\"wordCount\":165,\"commentCount\":1,\"publisher\":{\"@id\":\"https:\\\/\\\/lightweb.dev\\\/l\\\/svm-temp\\\/#organization\"},\"image\":{\"@id\":\"https:\\\/\\\/lightweb.dev\\\/l\\\/svm-temp\\\/nyheter\\\/direktflyg-new-york-malaga-sommaren-2023\\\/#primaryimage\"},\"thumbnailUrl\":\"https:\\\/\\\/lightweb.dev\\\/l\\\/svm-temp\\\/wp-content\\\/uploads\\\/2022\\\/10\\\/Fe3ooq8WAAA2F6H-Stor.jpeg\",\"articleSection\":[\"Arkiv\",\"Nyheter\"],\"inLanguage\":\"sv-SE\"},{\"@type\":\"WebPage\",\"@id\":\"https:\\\/\\\/lightweb.dev\\\/l\\\/svm-temp\\\/nyheter\\\/direktflyg-new-york-malaga-sommaren-2023\\\/\",\"url\":\"https:\\\/\\\/lightweb.dev\\\/l\\\/svm-temp\\\/nyheter\\\/direktflyg-new-york-malaga-sommaren-2023\\\/\",\"name\":\"Direktflyg New York-M\u00e1laga sommaren 2023 - Svenska Magasinet\",\"isPartOf\":{\"@id\":\"https:\\\/\\\/lightweb.dev\\\/l\\\/svm-temp\\\/#website\"},\"primaryImageOfPage\":{\"@id\":\"https:\\\/\\\/lightweb.dev\\\/l\\\/svm-temp\\\/nyheter\\\/direktflyg-new-york-malaga-sommaren-2023\\\/#primaryimage\"},\"image\":{\"@id\":\"https:\\\/\\\/lightweb.dev\\\/l\\\/svm-temp\\\/nyheter\\\/direktflyg-new-york-malaga-sommaren-2023\\\/#primaryimage\"},\"thumbnailUrl\":\"https:\\\/\\\/lightweb.dev\\\/l\\\/svm-temp\\\/wp-content\\\/uploads\\\/2022\\\/10\\\/Fe3ooq8WAAA2F6H-Stor.jpeg\",\"datePublished\":\"2022-10-13T08:26:58+00:00\",\"description\":\"Det har varit ett \u00f6nskem\u00e5l hos turistn\u00e4ringen p\u00e5 Solkusten. Att direktlinjen mellan New York och M\u00e1laga ska \u00e5teruppst\u00e5. Och nu \u00e4r det klart. United Airlines meddelar att flygbolaget flyger tre g\u00e5nger i veckan med start den 31 maj 2023 fram till slutet av september.\",\"breadcrumb\":{\"@id\":\"https:\\\/\\\/lightweb.dev\\\/l\\\/svm-temp\\\/nyheter\\\/direktflyg-new-york-malaga-sommaren-2023\\\/#breadcrumb\"},\"inLanguage\":\"sv-SE\",\"potentialAction\":[{\"@type\":\"ReadAction\",\"target\":[\"https:\\\/\\\/lightweb.dev\\\/l\\\/svm-temp\\\/nyheter\\\/direktflyg-new-york-malaga-sommaren-2023\\\/\"]}]},{\"@type\":\"ImageObject\",\"inLanguage\":\"sv-SE\",\"@id\":\"https:\\\/\\\/lightweb.dev\\\/l\\\/svm-temp\\\/nyheter\\\/direktflyg-new-york-malaga-sommaren-2023\\\/#primaryimage\",\"url\":\"https:\\\/\\\/lightweb.dev\\\/l\\\/svm-temp\\\/wp-content\\\/uploads\\\/2022\\\/10\\\/Fe3ooq8WAAA2F6H-Stor.jpeg\",\"contentUrl\":\"https:\\\/\\\/lightweb.dev\\\/l\\\/svm-temp\\\/wp-content\\\/uploads\\\/2022\\\/10\\\/Fe3ooq8WAAA2F6H-Stor.jpeg\",\"width\":1280,\"height\":854,\"caption\":\"United Airlines b\u00f6rjar flyga till M\u00e1laga (Foto: Twitter @malaga)\"},{\"@type\":\"BreadcrumbList\",\"@id\":\"https:\\\/\\\/lightweb.dev\\\/l\\\/svm-temp\\\/nyheter\\\/direktflyg-new-york-malaga-sommaren-2023\\\/#breadcrumb\",\"itemListElement\":[{\"@type\":\"ListItem\",\"position\":1,\"name\":\"Hem\",\"item\":\"https:\\\/\\\/lightweb.dev\\\/l\\\/svm-temp\\\/\"},{\"@type\":\"ListItem\",\"position\":2,\"name\":\"Direktflyg New York-M\u00e1laga sommaren 2023\"}]},{\"@type\":\"WebSite\",\"@id\":\"https:\\\/\\\/lightweb.dev\\\/l\\\/svm-temp\\\/#website\",\"url\":\"https:\\\/\\\/lightweb.dev\\\/l\\\/svm-temp\\\/\",\"name\":\"Svenska Magasinet\",\"description\":\"Dina Spanska nyheter p&aring; Svenska\",\"publisher\":{\"@id\":\"https:\\\/\\\/lightweb.dev\\\/l\\\/svm-temp\\\/#organization\"},\"potentialAction\":[{\"@type\":\"SearchAction\",\"target\":{\"@type\":\"EntryPoint\",\"urlTemplate\":\"https:\\\/\\\/lightweb.dev\\\/l\\\/svm-temp\\\/?s={search_term_string}\"},\"query-input\":{\"@type\":\"PropertyValueSpecification\",\"valueRequired\":true,\"valueName\":\"search_term_string\"}}],\"inLanguage\":\"sv-SE\"},{\"@type\":\"Organization\",\"@id\":\"https:\\\/\\\/lightweb.dev\\\/l\\\/svm-temp\\\/#organization\",\"name\":\"Melkerson y Nott SL\",\"alternateName\":\"Svenska Magasinet\",\"url\":\"https:\\\/\\\/lightweb.dev\\\/l\\\/svm-temp\\\/\",\"logo\":{\"@type\":\"ImageObject\",\"inLanguage\":\"sv-SE\",\"@id\":\"https:\\\/\\\/lightweb.dev\\\/l\\\/svm-temp\\\/#\\\/schema\\\/logo\\\/image\\\/\",\"url\":\"https:\\\/\\\/lightweb.dev\\\/l\\\/svm-temp\\\/wp-content\\\/uploads\\\/2025\\\/02\\\/SvM-logo-Xtra-Centrerad-SVART.png\",\"contentUrl\":\"https:\\\/\\\/lightweb.dev\\\/l\\\/svm-temp\\\/wp-content\\\/uploads\\\/2025\\\/02\\\/SvM-logo-Xtra-Centrerad-SVART.png\",\"width\":300,\"height\":99,\"caption\":\"Melkerson y Nott SL\"},\"image\":{\"@id\":\"https:\\\/\\\/lightweb.dev\\\/l\\\/svm-temp\\\/#\\\/schema\\\/logo\\\/image\\\/\"},\"sameAs\":[\"https:\\\/\\\/www.facebook.com\\\/svenskamagasinet\",\"https:\\\/\\\/x.com\\\/SvenskaMagasine\"]},{\"@type\":\"Person\",\"@id\":\"https:\\\/\\\/lightweb.dev\\\/l\\\/svm-temp\\\/#\\\/schema\\\/person\\\/7a82b8a73d171d32360a564b6d03508e\",\"name\":\"Ola Josefsson\",\"description\":\"Bevakar Solkusten och Spanien sedan 1994.\",\"sameAs\":[\"https:\\\/\\\/lightweb.dev\\\/l\\\/svm-temp\"],\"url\":\"https:\\\/\\\/lightweb.dev\\\/l\\\/svm-temp\\\/reporter\\\/ola-josefsson\\\/\"}]}<\/script>\n<!-- \/ Yoast SEO Premium plugin. -->","yoast_head_json":{"title":"Direktflyg New York-M\u00e1laga sommaren 2023 - Svenska Magasinet","description":"Det har varit ett \u00f6nskem\u00e5l hos turistn\u00e4ringen p\u00e5 Solkusten. Att direktlinjen mellan New York och M\u00e1laga ska \u00e5teruppst\u00e5. Och nu \u00e4r det klart. United Airlines meddelar att flygbolaget flyger tre g\u00e5nger i veckan med start den 31 maj 2023 fram till slutet av september.","robots":{"index":"noindex","follow":"follow","max-snippet":"max-snippet:-1","max-image-preview":"max-image-preview:large","max-video-preview":"max-video-preview:-1"},"og_locale":"sv_SE","og_type":"article","og_title":"Direktflyg New York-M\u00e1laga sommaren 2023","og_description":"Det har varit ett \u00f6nskem\u00e5l hos turistn\u00e4ringen p\u00e5 Solkusten. Att direktlinjen mellan New York och M\u00e1laga ska \u00e5teruppst\u00e5. Och nu \u00e4r det klart. United Airlines meddelar att flygbolaget flyger tre g\u00e5nger i veckan med start den 31 maj 2023 fram till slutet av september.","og_url":"https:\/\/lightweb.dev\/l\/svm-temp\/nyheter\/direktflyg-new-york-malaga-sommaren-2023\/","og_site_name":"Svenska Magasinet","article_publisher":"https:\/\/www.facebook.com\/svenskamagasinet","article_published_time":"2022-10-13T08:26:58+00:00","og_image":[{"width":1280,"height":854,"url":"https:\/\/lightweb.dev\/l\/svm-temp\/wp-content\/uploads\/2022\/10\/Fe3ooq8WAAA2F6H-Stor.jpeg","type":"image\/jpeg"}],"author":"Ola Josefsson","twitter_card":"summary_large_image","twitter_creator":"@SvenskaMagasine","twitter_site":"@SvenskaMagasine","schema":{"@context":"https:\/\/schema.org","@graph":[{"@type":"Article","@id":"https:\/\/lightweb.dev\/l\/svm-temp\/nyheter\/direktflyg-new-york-malaga-sommaren-2023\/#article","isPartOf":{"@id":"https:\/\/lightweb.dev\/l\/svm-temp\/nyheter\/direktflyg-new-york-malaga-sommaren-2023\/"},"author":{"name":"Ola Josefsson","@id":"https:\/\/lightweb.dev\/l\/svm-temp\/#\/schema\/person\/7a82b8a73d171d32360a564b6d03508e"},"headline":"Direktflyg New York-M\u00e1laga sommaren 2023","datePublished":"2022-10-13T08:26:58+00:00","mainEntityOfPage":{"@id":"https:\/\/lightweb.dev\/l\/svm-temp\/nyheter\/direktflyg-new-york-malaga-sommaren-2023\/"},"wordCount":165,"commentCount":1,"publisher":{"@id":"https:\/\/lightweb.dev\/l\/svm-temp\/#organization"},"image":{"@id":"https:\/\/lightweb.dev\/l\/svm-temp\/nyheter\/direktflyg-new-york-malaga-sommaren-2023\/#primaryimage"},"thumbnailUrl":"https:\/\/lightweb.dev\/l\/svm-temp\/wp-content\/uploads\/2022\/10\/Fe3ooq8WAAA2F6H-Stor.jpeg","articleSection":["Arkiv","Nyheter"],"inLanguage":"sv-SE"},{"@type":"WebPage","@id":"https:\/\/lightweb.dev\/l\/svm-temp\/nyheter\/direktflyg-new-york-malaga-sommaren-2023\/","url":"https:\/\/lightweb.dev\/l\/svm-temp\/nyheter\/direktflyg-new-york-malaga-sommaren-2023\/","name":"Direktflyg New York-M\u00e1laga sommaren 2023 - Svenska Magasinet","isPartOf":{"@id":"https:\/\/lightweb.dev\/l\/svm-temp\/#website"},"primaryImageOfPage":{"@id":"https:\/\/lightweb.dev\/l\/svm-temp\/nyheter\/direktflyg-new-york-malaga-sommaren-2023\/#primaryimage"},"image":{"@id":"https:\/\/lightweb.dev\/l\/svm-temp\/nyheter\/direktflyg-new-york-malaga-sommaren-2023\/#primaryimage"},"thumbnailUrl":"https:\/\/lightweb.dev\/l\/svm-temp\/wp-content\/uploads\/2022\/10\/Fe3ooq8WAAA2F6H-Stor.jpeg","datePublished":"2022-10-13T08:26:58+00:00","description":"Det har varit ett \u00f6nskem\u00e5l hos turistn\u00e4ringen p\u00e5 Solkusten. Att direktlinjen mellan New York och M\u00e1laga ska \u00e5teruppst\u00e5. Och nu \u00e4r det klart. United Airlines meddelar att flygbolaget flyger tre g\u00e5nger i veckan med start den 31 maj 2023 fram till slutet av september.","breadcrumb":{"@id":"https:\/\/lightweb.dev\/l\/svm-temp\/nyheter\/direktflyg-new-york-malaga-sommaren-2023\/#breadcrumb"},"inLanguage":"sv-SE","potentialAction":[{"@type":"ReadAction","target":["https:\/\/lightweb.dev\/l\/svm-temp\/nyheter\/direktflyg-new-york-malaga-sommaren-2023\/"]}]},{"@type":"ImageObject","inLanguage":"sv-SE","@id":"https:\/\/lightweb.dev\/l\/svm-temp\/nyheter\/direktflyg-new-york-malaga-sommaren-2023\/#primaryimage","url":"https:\/\/lightweb.dev\/l\/svm-temp\/wp-content\/uploads\/2022\/10\/Fe3ooq8WAAA2F6H-Stor.jpeg","contentUrl":"https:\/\/lightweb.dev\/l\/svm-temp\/wp-content\/uploads\/2022\/10\/Fe3ooq8WAAA2F6H-Stor.jpeg","width":1280,"height":854,"caption":"United Airlines b\u00f6rjar flyga till M\u00e1laga (Foto: Twitter @malaga)"},{"@type":"BreadcrumbList","@id":"https:\/\/lightweb.dev\/l\/svm-temp\/nyheter\/direktflyg-new-york-malaga-sommaren-2023\/#breadcrumb","itemListElement":[{"@type":"ListItem","position":1,"name":"Hem","item":"https:\/\/lightweb.dev\/l\/svm-temp\/"},{"@type":"ListItem","position":2,"name":"Direktflyg New York-M\u00e1laga sommaren 2023"}]},{"@type":"WebSite","@id":"https:\/\/lightweb.dev\/l\/svm-temp\/#website","url":"https:\/\/lightweb.dev\/l\/svm-temp\/","name":"Svenska Magasinet","description":"Dina Spanska nyheter p&aring; Svenska","publisher":{"@id":"https:\/\/lightweb.dev\/l\/svm-temp\/#organization"},"potentialAction":[{"@type":"SearchAction","target":{"@type":"EntryPoint","urlTemplate":"https:\/\/lightweb.dev\/l\/svm-temp\/?s={search_term_string}"},"query-input":{"@type":"PropertyValueSpecification","valueRequired":true,"valueName":"search_term_string"}}],"inLanguage":"sv-SE"},{"@type":"Organization","@id":"https:\/\/lightweb.dev\/l\/svm-temp\/#organization","name":"Melkerson y Nott SL","alternateName":"Svenska Magasinet","url":"https:\/\/lightweb.dev\/l\/svm-temp\/","logo":{"@type":"ImageObject","inLanguage":"sv-SE","@id":"https:\/\/lightweb.dev\/l\/svm-temp\/#\/schema\/logo\/image\/","url":"https:\/\/lightweb.dev\/l\/svm-temp\/wp-content\/uploads\/2025\/02\/SvM-logo-Xtra-Centrerad-SVART.png","contentUrl":"https:\/\/lightweb.dev\/l\/svm-temp\/wp-content\/uploads\/2025\/02\/SvM-logo-Xtra-Centrerad-SVART.png","width":300,"height":99,"caption":"Melkerson y Nott SL"},"image":{"@id":"https:\/\/lightweb.dev\/l\/svm-temp\/#\/schema\/logo\/image\/"},"sameAs":["https:\/\/www.facebook.com\/svenskamagasinet","https:\/\/x.com\/SvenskaMagasine"]},{"@type":"Person","@id":"https:\/\/lightweb.dev\/l\/svm-temp\/#\/schema\/person\/7a82b8a73d171d32360a564b6d03508e","name":"Ola Josefsson","description":"Bevakar Solkusten och Spanien sedan 1994.","sameAs":["https:\/\/lightweb.dev\/l\/svm-temp"],"url":"https:\/\/lightweb.dev\/l\/svm-temp\/reporter\/ola-josefsson\/"}]}},"_links":{"self":[{"href":"https:\/\/lightweb.dev\/l\/svm-temp\/wp-json\/wp\/v2\/posts\/58404","targetHints":{"allow":["GET"]}}],"collection":[{"href":"https:\/\/lightweb.dev\/l\/svm-temp\/wp-json\/wp\/v2\/posts"}],"about":[{"href":"https:\/\/lightweb.dev\/l\/svm-temp\/wp-json\/wp\/v2\/types\/post"}],"author":[{"embeddable":true,"href":"https:\/\/lightweb.dev\/l\/svm-temp\/wp-json\/wp\/v2\/users\/7"}],"replies":[{"embeddable":true,"href":"https:\/\/lightweb.dev\/l\/svm-temp\/wp-json\/wp\/v2\/comments?post=58404"}],"version-history":[{"count":0,"href":"https:\/\/lightweb.dev\/l\/svm-temp\/wp-json\/wp\/v2\/posts\/58404\/revisions"}],"wp:featuredmedia":[{"embeddable":true,"href":"https:\/\/lightweb.dev\/l\/svm-temp\/wp-json\/wp\/v2\/media\/58406"}],"wp:attachment":[{"href":"https:\/\/lightweb.dev\/l\/svm-temp\/wp-json\/wp\/v2\/media?parent=58404"}],"wp:term":[{"taxonomy":"category","embeddable":true,"href":"https:\/\/lightweb.dev\/l\/svm-temp\/wp-json\/wp\/v2\/categories?post=58404"},{"taxonomy":"post_tag","embeddable":true,"href":"https:\/\/lightweb.dev\/l\/svm-temp\/wp-json\/wp\/v2\/tags?post=58404"}],"curies":[{"name":"wp","href":"https:\/\/api.w.org\/{rel}","templated":true}]}}