{"id":58414,"date":"2022-10-13T13:37:53","date_gmt":"2022-10-13T11:37:53","guid":{"rendered":"https:\/\/lightweb.dev\/l\/svm-temp\/?p=58414"},"modified":"2022-10-13T13:37:53","modified_gmt":"2022-10-13T11:37:53","slug":"julbelysningen-tands-26-november","status":"publish","type":"post","link":"https:\/\/lightweb.dev\/l\/svm-temp\/nyheter\/julbelysningen-tands-26-november\/","title":{"rendered":"Julbelysningen t\u00e4nds 26 november"},"content":{"rendered":"<p><strong>Det blir en ny ljusdesign i samband med att julbelysningen t\u00e4nds l\u00e4ngs calle Larios den 26 november. Belysningen kommer under vardagar att vara t\u00e4nd fr\u00e5n 18.30 fram till midnatt. Under veckoslut och i samband med helgdagar \u00e4r belysningen t\u00e4nd fram till klockan 02.<\/strong><\/p>\n<p>F\u00f6rst var det t\u00e4nkt att den officiella julbelysningen i M\u00e1laga centrum skulle t\u00e4ndas senare \u00e4n vanligt. Anledningen var centralregeringens besked tidigare i h\u00f6stas om att inf\u00f6ra energibesparande \u00e5tg\u00e4rder genom att sl\u00e4cka ned belysningen vid offentliga byggnader.<\/p>\n<p><img loading=\"lazy\" decoding=\"async\" class=\"size-medium wp-image-58417 alignleft\" src=\"https:\/\/lightweb.dev\/l\/svm-temp\/wp-content\/uploads\/2022\/10\/big_crop_1588173884ambito1200x8000002andalucia2-Stor-300x188.jpeg\" alt=\"\" width=\"300\" height=\"188\" srcset=\"https:\/\/lightweb.dev\/l\/svm-temp\/wp-content\/uploads\/2022\/10\/big_crop_1588173884ambito1200x8000002andalucia2-Stor-300x188.jpeg 300w, https:\/\/lightweb.dev\/l\/svm-temp\/wp-content\/uploads\/2022\/10\/big_crop_1588173884ambito1200x8000002andalucia2-Stor-600x375.jpeg 600w, https:\/\/lightweb.dev\/l\/svm-temp\/wp-content\/uploads\/2022\/10\/big_crop_1588173884ambito1200x8000002andalucia2-Stor-900x563.jpeg 900w, https:\/\/lightweb.dev\/l\/svm-temp\/wp-content\/uploads\/2022\/10\/big_crop_1588173884ambito1200x8000002andalucia2-Stor-768x480.jpeg 768w, https:\/\/lightweb.dev\/l\/svm-temp\/wp-content\/uploads\/2022\/10\/big_crop_1588173884ambito1200x8000002andalucia2-Stor-610x381.jpeg 610w, https:\/\/lightweb.dev\/l\/svm-temp\/wp-content\/uploads\/2022\/10\/big_crop_1588173884ambito1200x8000002andalucia2-Stor-400x250.jpeg 400w, https:\/\/lightweb.dev\/l\/svm-temp\/wp-content\/uploads\/2022\/10\/big_crop_1588173884ambito1200x8000002andalucia2-Stor-1080x675.jpeg 1080w, https:\/\/lightweb.dev\/l\/svm-temp\/wp-content\/uploads\/2022\/10\/big_crop_1588173884ambito1200x8000002andalucia2-Stor.jpeg 1200w\" sizes=\"(max-width: 300px) 100vw, 300px\" \/><\/p>\n<p>M\u00e1laga kommunfullm\u00e4ktige har tagit beslutet att julbelysningen t\u00e4nds sista fredagen i november precis som tidigare \u00e5r. D\u00e4remot blir antalet timmar med julbelysning per dag n\u00e5got f\u00e4rre.<\/p>\n<p>M\u00e1lagas paradgata calle Larios f\u00e5r till \u00e5rets jul en ny ljusdekoration som f\u00f6retaget Iluminaciones Xim\u00e9nez fr\u00e5n Puente Genil st\u00e5r bakom precis som tidigare \u00e5r.<\/p>\n","protected":false},"excerpt":{"rendered":"<p>Det blir en ny ljusdesign i samband med att julbelysningen t\u00e4nds l\u00e4ngs calle Larios den 26 november. Belysningen kommer under vardagar att vara t\u00e4nd fr\u00e5n 18.30 fram till midnatt. Under veckoslut och i samband med helgdagar \u00e4r belysningen t\u00e4nd fram till klockan 02. F\u00f6rst var det t\u00e4nkt att den officiella julbelysningen i M\u00e1laga centrum skulle [&hellip;]<\/p>\n","protected":false},"author":7,"featured_media":58416,"comment_status":"open","ping_status":"closed","sticky":false,"template":"","format":"standard","meta":{"_et_pb_use_builder":"","_et_pb_old_content":"","_et_gb_content_width":"","footnotes":""},"categories":[395,3],"tags":[],"class_list":["post-58414","post","type-post","status-publish","format-standard","has-post-thumbnail","hentry","category-arkiv-nyheter","category-nyheter"],"yoast_head":"<!-- This site is optimized with the Yoast SEO Premium plugin v26.2 (Yoast SEO v27.4) - https:\/\/yoast.com\/product\/yoast-seo-premium-wordpress\/ -->\n<title>Julbelysningen t\u00e4nds 26 november - Svenska Magasinet<\/title>\n<meta name=\"description\" content=\"Det blir en ny ljusdesign i samband med att julbelysningen t\u00e4nds l\u00e4ngs calle Larios den 26 november. Belysningen kommer under vardagar att vara t\u00e4nd fr\u00e5n 18.30 fram till midnatt. Under veckoslut och i samband med helgdagar \u00e4r belysningen t\u00e4nd fram till klockan 02.\" \/>\n<meta name=\"robots\" content=\"noindex, follow, max-snippet:-1, max-image-preview:large, max-video-preview:-1\" \/>\n<meta property=\"og:locale\" content=\"sv_SE\" \/>\n<meta property=\"og:type\" content=\"article\" \/>\n<meta property=\"og:title\" content=\"Julbelysningen t\u00e4nds 26 november\" \/>\n<meta property=\"og:description\" content=\"Det blir en ny ljusdesign i samband med att julbelysningen t\u00e4nds l\u00e4ngs calle Larios den 26 november. Belysningen kommer under vardagar att vara t\u00e4nd fr\u00e5n 18.30 fram till midnatt. Under veckoslut och i samband med helgdagar \u00e4r belysningen t\u00e4nd fram till klockan 02.\" \/>\n<meta property=\"og:url\" content=\"https:\/\/lightweb.dev\/l\/svm-temp\/nyheter\/julbelysningen-tands-26-november\/\" \/>\n<meta property=\"og:site_name\" content=\"Svenska Magasinet\" \/>\n<meta property=\"article:publisher\" content=\"https:\/\/www.facebook.com\/svenskamagasinet\" \/>\n<meta property=\"article:published_time\" content=\"2022-10-13T11:37:53+00:00\" \/>\n<meta property=\"og:image\" content=\"https:\/\/lightweb.dev\/l\/svm-temp\/wp-content\/uploads\/2022\/10\/med_width_16154679681-malaga-1-Stor.jpeg\" \/>\n\t<meta property=\"og:image:width\" content=\"1000\" \/>\n\t<meta property=\"og:image:height\" content=\"666\" \/>\n\t<meta property=\"og:image:type\" content=\"image\/jpeg\" \/>\n<meta name=\"author\" content=\"Ola Josefsson\" \/>\n<meta name=\"twitter:card\" content=\"summary_large_image\" \/>\n<meta name=\"twitter:creator\" content=\"@SvenskaMagasine\" \/>\n<meta name=\"twitter:site\" content=\"@SvenskaMagasine\" \/>\n<script type=\"application\/ld+json\" class=\"yoast-schema-graph\">{\"@context\":\"https:\\\/\\\/schema.org\",\"@graph\":[{\"@type\":\"Article\",\"@id\":\"https:\\\/\\\/lightweb.dev\\\/l\\\/svm-temp\\\/nyheter\\\/julbelysningen-tands-26-november\\\/#article\",\"isPartOf\":{\"@id\":\"https:\\\/\\\/lightweb.dev\\\/l\\\/svm-temp\\\/nyheter\\\/julbelysningen-tands-26-november\\\/\"},\"author\":{\"name\":\"Ola Josefsson\",\"@id\":\"https:\\\/\\\/lightweb.dev\\\/l\\\/svm-temp\\\/#\\\/schema\\\/person\\\/7a82b8a73d171d32360a564b6d03508e\"},\"headline\":\"Julbelysningen t\u00e4nds 26 november\",\"datePublished\":\"2022-10-13T11:37:53+00:00\",\"mainEntityOfPage\":{\"@id\":\"https:\\\/\\\/lightweb.dev\\\/l\\\/svm-temp\\\/nyheter\\\/julbelysningen-tands-26-november\\\/\"},\"wordCount\":155,\"commentCount\":1,\"publisher\":{\"@id\":\"https:\\\/\\\/lightweb.dev\\\/l\\\/svm-temp\\\/#organization\"},\"image\":{\"@id\":\"https:\\\/\\\/lightweb.dev\\\/l\\\/svm-temp\\\/nyheter\\\/julbelysningen-tands-26-november\\\/#primaryimage\"},\"thumbnailUrl\":\"https:\\\/\\\/lightweb.dev\\\/l\\\/svm-temp\\\/wp-content\\\/uploads\\\/2022\\\/10\\\/med_width_16154679681-malaga-1-Stor.jpeg\",\"articleSection\":[\"Arkiv\",\"Nyheter\"],\"inLanguage\":\"sv-SE\"},{\"@type\":\"WebPage\",\"@id\":\"https:\\\/\\\/lightweb.dev\\\/l\\\/svm-temp\\\/nyheter\\\/julbelysningen-tands-26-november\\\/\",\"url\":\"https:\\\/\\\/lightweb.dev\\\/l\\\/svm-temp\\\/nyheter\\\/julbelysningen-tands-26-november\\\/\",\"name\":\"Julbelysningen t\u00e4nds 26 november - Svenska Magasinet\",\"isPartOf\":{\"@id\":\"https:\\\/\\\/lightweb.dev\\\/l\\\/svm-temp\\\/#website\"},\"primaryImageOfPage\":{\"@id\":\"https:\\\/\\\/lightweb.dev\\\/l\\\/svm-temp\\\/nyheter\\\/julbelysningen-tands-26-november\\\/#primaryimage\"},\"image\":{\"@id\":\"https:\\\/\\\/lightweb.dev\\\/l\\\/svm-temp\\\/nyheter\\\/julbelysningen-tands-26-november\\\/#primaryimage\"},\"thumbnailUrl\":\"https:\\\/\\\/lightweb.dev\\\/l\\\/svm-temp\\\/wp-content\\\/uploads\\\/2022\\\/10\\\/med_width_16154679681-malaga-1-Stor.jpeg\",\"datePublished\":\"2022-10-13T11:37:53+00:00\",\"description\":\"Det blir en ny ljusdesign i samband med att julbelysningen t\u00e4nds l\u00e4ngs calle Larios den 26 november. Belysningen kommer under vardagar att vara t\u00e4nd fr\u00e5n 18.30 fram till midnatt. Under veckoslut och i samband med helgdagar \u00e4r belysningen t\u00e4nd fram till klockan 02.\",\"breadcrumb\":{\"@id\":\"https:\\\/\\\/lightweb.dev\\\/l\\\/svm-temp\\\/nyheter\\\/julbelysningen-tands-26-november\\\/#breadcrumb\"},\"inLanguage\":\"sv-SE\",\"potentialAction\":[{\"@type\":\"ReadAction\",\"target\":[\"https:\\\/\\\/lightweb.dev\\\/l\\\/svm-temp\\\/nyheter\\\/julbelysningen-tands-26-november\\\/\"]}]},{\"@type\":\"ImageObject\",\"inLanguage\":\"sv-SE\",\"@id\":\"https:\\\/\\\/lightweb.dev\\\/l\\\/svm-temp\\\/nyheter\\\/julbelysningen-tands-26-november\\\/#primaryimage\",\"url\":\"https:\\\/\\\/lightweb.dev\\\/l\\\/svm-temp\\\/wp-content\\\/uploads\\\/2022\\\/10\\\/med_width_16154679681-malaga-1-Stor.jpeg\",\"contentUrl\":\"https:\\\/\\\/lightweb.dev\\\/l\\\/svm-temp\\\/wp-content\\\/uploads\\\/2022\\\/10\\\/med_width_16154679681-malaga-1-Stor.jpeg\",\"width\":1000,\"height\":666,\"caption\":\"Precis som tidigare \u00e5r blir det Iluminaciones Xim\u00e9nez fr\u00e5n Puente Genil som monterar julbelysningen i M\u00e1laga.\"},{\"@type\":\"BreadcrumbList\",\"@id\":\"https:\\\/\\\/lightweb.dev\\\/l\\\/svm-temp\\\/nyheter\\\/julbelysningen-tands-26-november\\\/#breadcrumb\",\"itemListElement\":[{\"@type\":\"ListItem\",\"position\":1,\"name\":\"Hem\",\"item\":\"https:\\\/\\\/lightweb.dev\\\/l\\\/svm-temp\\\/\"},{\"@type\":\"ListItem\",\"position\":2,\"name\":\"Julbelysningen t\u00e4nds 26 november\"}]},{\"@type\":\"WebSite\",\"@id\":\"https:\\\/\\\/lightweb.dev\\\/l\\\/svm-temp\\\/#website\",\"url\":\"https:\\\/\\\/lightweb.dev\\\/l\\\/svm-temp\\\/\",\"name\":\"Svenska Magasinet\",\"description\":\"Dina Spanska nyheter p&aring; Svenska\",\"publisher\":{\"@id\":\"https:\\\/\\\/lightweb.dev\\\/l\\\/svm-temp\\\/#organization\"},\"potentialAction\":[{\"@type\":\"SearchAction\",\"target\":{\"@type\":\"EntryPoint\",\"urlTemplate\":\"https:\\\/\\\/lightweb.dev\\\/l\\\/svm-temp\\\/?s={search_term_string}\"},\"query-input\":{\"@type\":\"PropertyValueSpecification\",\"valueRequired\":true,\"valueName\":\"search_term_string\"}}],\"inLanguage\":\"sv-SE\"},{\"@type\":\"Organization\",\"@id\":\"https:\\\/\\\/lightweb.dev\\\/l\\\/svm-temp\\\/#organization\",\"name\":\"Melkerson y Nott SL\",\"alternateName\":\"Svenska Magasinet\",\"url\":\"https:\\\/\\\/lightweb.dev\\\/l\\\/svm-temp\\\/\",\"logo\":{\"@type\":\"ImageObject\",\"inLanguage\":\"sv-SE\",\"@id\":\"https:\\\/\\\/lightweb.dev\\\/l\\\/svm-temp\\\/#\\\/schema\\\/logo\\\/image\\\/\",\"url\":\"https:\\\/\\\/lightweb.dev\\\/l\\\/svm-temp\\\/wp-content\\\/uploads\\\/2025\\\/02\\\/SvM-logo-Xtra-Centrerad-SVART.png\",\"contentUrl\":\"https:\\\/\\\/lightweb.dev\\\/l\\\/svm-temp\\\/wp-content\\\/uploads\\\/2025\\\/02\\\/SvM-logo-Xtra-Centrerad-SVART.png\",\"width\":300,\"height\":99,\"caption\":\"Melkerson y Nott SL\"},\"image\":{\"@id\":\"https:\\\/\\\/lightweb.dev\\\/l\\\/svm-temp\\\/#\\\/schema\\\/logo\\\/image\\\/\"},\"sameAs\":[\"https:\\\/\\\/www.facebook.com\\\/svenskamagasinet\",\"https:\\\/\\\/x.com\\\/SvenskaMagasine\"]},{\"@type\":\"Person\",\"@id\":\"https:\\\/\\\/lightweb.dev\\\/l\\\/svm-temp\\\/#\\\/schema\\\/person\\\/7a82b8a73d171d32360a564b6d03508e\",\"name\":\"Ola Josefsson\",\"description\":\"Bevakar Solkusten och Spanien sedan 1994.\",\"sameAs\":[\"https:\\\/\\\/lightweb.dev\\\/l\\\/svm-temp\"],\"url\":\"https:\\\/\\\/lightweb.dev\\\/l\\\/svm-temp\\\/reporter\\\/ola-josefsson\\\/\"}]}<\/script>\n<!-- \/ Yoast SEO Premium plugin. -->","yoast_head_json":{"title":"Julbelysningen t\u00e4nds 26 november - Svenska Magasinet","description":"Det blir en ny ljusdesign i samband med att julbelysningen t\u00e4nds l\u00e4ngs calle Larios den 26 november. Belysningen kommer under vardagar att vara t\u00e4nd fr\u00e5n 18.30 fram till midnatt. Under veckoslut och i samband med helgdagar \u00e4r belysningen t\u00e4nd fram till klockan 02.","robots":{"index":"noindex","follow":"follow","max-snippet":"max-snippet:-1","max-image-preview":"max-image-preview:large","max-video-preview":"max-video-preview:-1"},"og_locale":"sv_SE","og_type":"article","og_title":"Julbelysningen t\u00e4nds 26 november","og_description":"Det blir en ny ljusdesign i samband med att julbelysningen t\u00e4nds l\u00e4ngs calle Larios den 26 november. Belysningen kommer under vardagar att vara t\u00e4nd fr\u00e5n 18.30 fram till midnatt. Under veckoslut och i samband med helgdagar \u00e4r belysningen t\u00e4nd fram till klockan 02.","og_url":"https:\/\/lightweb.dev\/l\/svm-temp\/nyheter\/julbelysningen-tands-26-november\/","og_site_name":"Svenska Magasinet","article_publisher":"https:\/\/www.facebook.com\/svenskamagasinet","article_published_time":"2022-10-13T11:37:53+00:00","og_image":[{"width":1000,"height":666,"url":"https:\/\/lightweb.dev\/l\/svm-temp\/wp-content\/uploads\/2022\/10\/med_width_16154679681-malaga-1-Stor.jpeg","type":"image\/jpeg"}],"author":"Ola Josefsson","twitter_card":"summary_large_image","twitter_creator":"@SvenskaMagasine","twitter_site":"@SvenskaMagasine","schema":{"@context":"https:\/\/schema.org","@graph":[{"@type":"Article","@id":"https:\/\/lightweb.dev\/l\/svm-temp\/nyheter\/julbelysningen-tands-26-november\/#article","isPartOf":{"@id":"https:\/\/lightweb.dev\/l\/svm-temp\/nyheter\/julbelysningen-tands-26-november\/"},"author":{"name":"Ola Josefsson","@id":"https:\/\/lightweb.dev\/l\/svm-temp\/#\/schema\/person\/7a82b8a73d171d32360a564b6d03508e"},"headline":"Julbelysningen t\u00e4nds 26 november","datePublished":"2022-10-13T11:37:53+00:00","mainEntityOfPage":{"@id":"https:\/\/lightweb.dev\/l\/svm-temp\/nyheter\/julbelysningen-tands-26-november\/"},"wordCount":155,"commentCount":1,"publisher":{"@id":"https:\/\/lightweb.dev\/l\/svm-temp\/#organization"},"image":{"@id":"https:\/\/lightweb.dev\/l\/svm-temp\/nyheter\/julbelysningen-tands-26-november\/#primaryimage"},"thumbnailUrl":"https:\/\/lightweb.dev\/l\/svm-temp\/wp-content\/uploads\/2022\/10\/med_width_16154679681-malaga-1-Stor.jpeg","articleSection":["Arkiv","Nyheter"],"inLanguage":"sv-SE"},{"@type":"WebPage","@id":"https:\/\/lightweb.dev\/l\/svm-temp\/nyheter\/julbelysningen-tands-26-november\/","url":"https:\/\/lightweb.dev\/l\/svm-temp\/nyheter\/julbelysningen-tands-26-november\/","name":"Julbelysningen t\u00e4nds 26 november - Svenska Magasinet","isPartOf":{"@id":"https:\/\/lightweb.dev\/l\/svm-temp\/#website"},"primaryImageOfPage":{"@id":"https:\/\/lightweb.dev\/l\/svm-temp\/nyheter\/julbelysningen-tands-26-november\/#primaryimage"},"image":{"@id":"https:\/\/lightweb.dev\/l\/svm-temp\/nyheter\/julbelysningen-tands-26-november\/#primaryimage"},"thumbnailUrl":"https:\/\/lightweb.dev\/l\/svm-temp\/wp-content\/uploads\/2022\/10\/med_width_16154679681-malaga-1-Stor.jpeg","datePublished":"2022-10-13T11:37:53+00:00","description":"Det blir en ny ljusdesign i samband med att julbelysningen t\u00e4nds l\u00e4ngs calle Larios den 26 november. Belysningen kommer under vardagar att vara t\u00e4nd fr\u00e5n 18.30 fram till midnatt. Under veckoslut och i samband med helgdagar \u00e4r belysningen t\u00e4nd fram till klockan 02.","breadcrumb":{"@id":"https:\/\/lightweb.dev\/l\/svm-temp\/nyheter\/julbelysningen-tands-26-november\/#breadcrumb"},"inLanguage":"sv-SE","potentialAction":[{"@type":"ReadAction","target":["https:\/\/lightweb.dev\/l\/svm-temp\/nyheter\/julbelysningen-tands-26-november\/"]}]},{"@type":"ImageObject","inLanguage":"sv-SE","@id":"https:\/\/lightweb.dev\/l\/svm-temp\/nyheter\/julbelysningen-tands-26-november\/#primaryimage","url":"https:\/\/lightweb.dev\/l\/svm-temp\/wp-content\/uploads\/2022\/10\/med_width_16154679681-malaga-1-Stor.jpeg","contentUrl":"https:\/\/lightweb.dev\/l\/svm-temp\/wp-content\/uploads\/2022\/10\/med_width_16154679681-malaga-1-Stor.jpeg","width":1000,"height":666,"caption":"Precis som tidigare \u00e5r blir det Iluminaciones Xim\u00e9nez fr\u00e5n Puente Genil som monterar julbelysningen i M\u00e1laga."},{"@type":"BreadcrumbList","@id":"https:\/\/lightweb.dev\/l\/svm-temp\/nyheter\/julbelysningen-tands-26-november\/#breadcrumb","itemListElement":[{"@type":"ListItem","position":1,"name":"Hem","item":"https:\/\/lightweb.dev\/l\/svm-temp\/"},{"@type":"ListItem","position":2,"name":"Julbelysningen t\u00e4nds 26 november"}]},{"@type":"WebSite","@id":"https:\/\/lightweb.dev\/l\/svm-temp\/#website","url":"https:\/\/lightweb.dev\/l\/svm-temp\/","name":"Svenska Magasinet","description":"Dina Spanska nyheter p&aring; Svenska","publisher":{"@id":"https:\/\/lightweb.dev\/l\/svm-temp\/#organization"},"potentialAction":[{"@type":"SearchAction","target":{"@type":"EntryPoint","urlTemplate":"https:\/\/lightweb.dev\/l\/svm-temp\/?s={search_term_string}"},"query-input":{"@type":"PropertyValueSpecification","valueRequired":true,"valueName":"search_term_string"}}],"inLanguage":"sv-SE"},{"@type":"Organization","@id":"https:\/\/lightweb.dev\/l\/svm-temp\/#organization","name":"Melkerson y Nott SL","alternateName":"Svenska Magasinet","url":"https:\/\/lightweb.dev\/l\/svm-temp\/","logo":{"@type":"ImageObject","inLanguage":"sv-SE","@id":"https:\/\/lightweb.dev\/l\/svm-temp\/#\/schema\/logo\/image\/","url":"https:\/\/lightweb.dev\/l\/svm-temp\/wp-content\/uploads\/2025\/02\/SvM-logo-Xtra-Centrerad-SVART.png","contentUrl":"https:\/\/lightweb.dev\/l\/svm-temp\/wp-content\/uploads\/2025\/02\/SvM-logo-Xtra-Centrerad-SVART.png","width":300,"height":99,"caption":"Melkerson y Nott SL"},"image":{"@id":"https:\/\/lightweb.dev\/l\/svm-temp\/#\/schema\/logo\/image\/"},"sameAs":["https:\/\/www.facebook.com\/svenskamagasinet","https:\/\/x.com\/SvenskaMagasine"]},{"@type":"Person","@id":"https:\/\/lightweb.dev\/l\/svm-temp\/#\/schema\/person\/7a82b8a73d171d32360a564b6d03508e","name":"Ola Josefsson","description":"Bevakar Solkusten och Spanien sedan 1994.","sameAs":["https:\/\/lightweb.dev\/l\/svm-temp"],"url":"https:\/\/lightweb.dev\/l\/svm-temp\/reporter\/ola-josefsson\/"}]}},"_links":{"self":[{"href":"https:\/\/lightweb.dev\/l\/svm-temp\/wp-json\/wp\/v2\/posts\/58414","targetHints":{"allow":["GET"]}}],"collection":[{"href":"https:\/\/lightweb.dev\/l\/svm-temp\/wp-json\/wp\/v2\/posts"}],"about":[{"href":"https:\/\/lightweb.dev\/l\/svm-temp\/wp-json\/wp\/v2\/types\/post"}],"author":[{"embeddable":true,"href":"https:\/\/lightweb.dev\/l\/svm-temp\/wp-json\/wp\/v2\/users\/7"}],"replies":[{"embeddable":true,"href":"https:\/\/lightweb.dev\/l\/svm-temp\/wp-json\/wp\/v2\/comments?post=58414"}],"version-history":[{"count":0,"href":"https:\/\/lightweb.dev\/l\/svm-temp\/wp-json\/wp\/v2\/posts\/58414\/revisions"}],"wp:featuredmedia":[{"embeddable":true,"href":"https:\/\/lightweb.dev\/l\/svm-temp\/wp-json\/wp\/v2\/media\/58416"}],"wp:attachment":[{"href":"https:\/\/lightweb.dev\/l\/svm-temp\/wp-json\/wp\/v2\/media?parent=58414"}],"wp:term":[{"taxonomy":"category","embeddable":true,"href":"https:\/\/lightweb.dev\/l\/svm-temp\/wp-json\/wp\/v2\/categories?post=58414"},{"taxonomy":"post_tag","embeddable":true,"href":"https:\/\/lightweb.dev\/l\/svm-temp\/wp-json\/wp\/v2\/tags?post=58414"}],"curies":[{"name":"wp","href":"https:\/\/api.w.org\/{rel}","templated":true}]}}