{"id":58421,"date":"2022-10-13T15:33:48","date_gmt":"2022-10-13T13:33:48","guid":{"rendered":"https:\/\/lightweb.dev\/l\/svm-temp\/?p=58421"},"modified":"2022-10-13T15:35:53","modified_gmt":"2022-10-13T13:35:53","slug":"sanchez-lovar-tre-miljarder-och-sankt-elrakning-for-4-av-10-spanjorer","status":"publish","type":"post","link":"https:\/\/lightweb.dev\/l\/svm-temp\/nyheter\/sanchez-lovar-tre-miljarder-och-sankt-elrakning-for-4-av-10-spanjorer\/","title":{"rendered":"S\u00e1nchez lovar tre miljarder och s\u00e4nkt elr\u00e4kning f\u00f6r 4 av 10 spanjorer"},"content":{"rendered":"<p><strong>Social bonus f\u00f6r elkonsumenter, rabatt f\u00f6r l\u00e5ginkomsttagare och utsatta hush\u00e5ll samt st\u00f6d till familjer med naturgas. Ministerr\u00e5det kommer n\u00e4sta tisdag att godk\u00e4nna ett nytt st\u00f6dpaket p\u00e5 tre miljarder euro som ska gynna 40 procent av hush\u00e5llen.<\/strong><\/p>\n<p>Det sa regeringschefen Pedro S\u00e1nchez under sitt framtr\u00e4dande vid dagens plenarsession. Han sa ocks\u00e5 att den energisparplan som godk\u00e4ndes i b\u00f6rjan av augusti har bidraget till en minskad elf\u00f6rbrukningen p\u00e5 4,6 procent.<\/p>\n<p>Vintern st\u00e5r f\u00f6r d\u00f6rren varf\u00f6r det nya st\u00f6dpaketet fokuserar p\u00e5 energif\u00f6rbrukningen f\u00f6r cirka 1,3 miljoner hush\u00e5ll som beskrivs som utsatta eller sv\u00e5rt utsatta grupper.<\/p>\n<p>Under plenarsessionen kom det kritik fr\u00e5n det st\u00f6rsta oppositionspartiet Partido Popular och partisekreteraren Cuca Gamarra som menar att S\u00e1nchezregeringen polariserar samh\u00e4llet genom att st\u00e4lla de rika mot de fattiga.<\/p>\n<p>Regeringen h\u00f6jer inte mindre \u00e4n 27 skatter vid en tidpunkt d\u00e5 det \u00e4r h\u00f6g inflation vilket leder till att inv\u00e5narna har en mindre disponibel inkomst.<\/p>\n<p>S\u00e1nchez f\u00e5r ocks\u00e5 kritik fr\u00e5n sina samarbetspartner PNV och ERC som s\u00e4ger att st\u00f6det f\u00f6r n\u00e4sta \u00e5rs budget inte \u00e4r garanterad.<\/p>\n","protected":false},"excerpt":{"rendered":"<p>Social bonus f\u00f6r elkonsumenter, rabatt f\u00f6r l\u00e5ginkomsttagare och utsatta hush\u00e5ll samt st\u00f6d till familjer med naturgas. Ministerr\u00e5det kommer n\u00e4sta tisdag att godk\u00e4nna ett nytt st\u00f6dpaket p\u00e5 tre miljarder euro som ska gynna 40 procent av hush\u00e5llen. Det sa regeringschefen Pedro S\u00e1nchez under sitt framtr\u00e4dande vid dagens plenarsession. Han sa ocks\u00e5 att den energisparplan som godk\u00e4ndes [&hellip;]<\/p>\n","protected":false},"author":7,"featured_media":58423,"comment_status":"open","ping_status":"closed","sticky":false,"template":"","format":"standard","meta":{"_et_pb_use_builder":"","_et_pb_old_content":"","_et_gb_content_width":"","footnotes":""},"categories":[395,3],"tags":[],"class_list":["post-58421","post","type-post","status-publish","format-standard","has-post-thumbnail","hentry","category-arkiv-nyheter","category-nyheter"],"yoast_head":"<!-- This site is optimized with the Yoast SEO Premium plugin v26.2 (Yoast SEO v27.4) - https:\/\/yoast.com\/product\/yoast-seo-premium-wordpress\/ -->\n<title>S\u00e1nchez lovar tre miljarder och s\u00e4nkt elr\u00e4kning f\u00f6r 4 av 10 spanjorer - Svenska Magasinet<\/title>\n<meta name=\"description\" content=\"Social bonus f\u00f6r elkonsumenter, rabatt f\u00f6r l\u00e5ginkomsttagare och utsatta hush\u00e5ll samt st\u00f6d till familjer med naturgas. Ministerr\u00e5det kommer n\u00e4sta tisdag att godk\u00e4nna ett nytt st\u00f6dpaket p\u00e5 tre miljarder euro som ska gynna 40 procent av hush\u00e5llen.\" \/>\n<meta name=\"robots\" content=\"noindex, follow, max-snippet:-1, max-image-preview:large, max-video-preview:-1\" \/>\n<meta property=\"og:locale\" content=\"sv_SE\" \/>\n<meta property=\"og:type\" content=\"article\" \/>\n<meta property=\"og:title\" content=\"S\u00e1nchez lovar tre miljarder och s\u00e4nkt elr\u00e4kning f\u00f6r 4 av 10 spanjorer\" \/>\n<meta property=\"og:description\" content=\"Social bonus f\u00f6r elkonsumenter, rabatt f\u00f6r l\u00e5ginkomsttagare och utsatta hush\u00e5ll samt st\u00f6d till familjer med naturgas. Ministerr\u00e5det kommer n\u00e4sta tisdag att godk\u00e4nna ett nytt st\u00f6dpaket p\u00e5 tre miljarder euro som ska gynna 40 procent av hush\u00e5llen.\" \/>\n<meta property=\"og:url\" content=\"https:\/\/lightweb.dev\/l\/svm-temp\/nyheter\/sanchez-lovar-tre-miljarder-och-sankt-elrakning-for-4-av-10-spanjorer\/\" \/>\n<meta property=\"og:site_name\" content=\"Svenska Magasinet\" \/>\n<meta property=\"article:publisher\" content=\"https:\/\/www.facebook.com\/svenskamagasinet\" \/>\n<meta property=\"article:published_time\" content=\"2022-10-13T13:33:48+00:00\" \/>\n<meta property=\"article:modified_time\" content=\"2022-10-13T13:35:53+00:00\" \/>\n<meta property=\"og:image\" content=\"https:\/\/lightweb.dev\/l\/svm-temp\/wp-content\/uploads\/2022\/10\/Fe89CtBWIAMl9We-Stor.jpeg\" \/>\n\t<meta property=\"og:image:width\" content=\"900\" \/>\n\t<meta property=\"og:image:height\" content=\"675\" \/>\n\t<meta property=\"og:image:type\" content=\"image\/jpeg\" \/>\n<meta name=\"author\" content=\"Ola Josefsson\" \/>\n<meta name=\"twitter:card\" content=\"summary_large_image\" \/>\n<meta name=\"twitter:creator\" content=\"@SvenskaMagasine\" \/>\n<meta name=\"twitter:site\" content=\"@SvenskaMagasine\" \/>\n<script type=\"application\/ld+json\" class=\"yoast-schema-graph\">{\"@context\":\"https:\\\/\\\/schema.org\",\"@graph\":[{\"@type\":\"Article\",\"@id\":\"https:\\\/\\\/lightweb.dev\\\/l\\\/svm-temp\\\/nyheter\\\/sanchez-lovar-tre-miljarder-och-sankt-elrakning-for-4-av-10-spanjorer\\\/#article\",\"isPartOf\":{\"@id\":\"https:\\\/\\\/lightweb.dev\\\/l\\\/svm-temp\\\/nyheter\\\/sanchez-lovar-tre-miljarder-och-sankt-elrakning-for-4-av-10-spanjorer\\\/\"},\"author\":{\"name\":\"Ola Josefsson\",\"@id\":\"https:\\\/\\\/lightweb.dev\\\/l\\\/svm-temp\\\/#\\\/schema\\\/person\\\/7a82b8a73d171d32360a564b6d03508e\"},\"headline\":\"S\u00e1nchez lovar tre miljarder och s\u00e4nkt elr\u00e4kning f\u00f6r 4 av 10 spanjorer\",\"datePublished\":\"2022-10-13T13:33:48+00:00\",\"dateModified\":\"2022-10-13T13:35:53+00:00\",\"mainEntityOfPage\":{\"@id\":\"https:\\\/\\\/lightweb.dev\\\/l\\\/svm-temp\\\/nyheter\\\/sanchez-lovar-tre-miljarder-och-sankt-elrakning-for-4-av-10-spanjorer\\\/\"},\"wordCount\":216,\"commentCount\":1,\"publisher\":{\"@id\":\"https:\\\/\\\/lightweb.dev\\\/l\\\/svm-temp\\\/#organization\"},\"image\":{\"@id\":\"https:\\\/\\\/lightweb.dev\\\/l\\\/svm-temp\\\/nyheter\\\/sanchez-lovar-tre-miljarder-och-sankt-elrakning-for-4-av-10-spanjorer\\\/#primaryimage\"},\"thumbnailUrl\":\"https:\\\/\\\/lightweb.dev\\\/l\\\/svm-temp\\\/wp-content\\\/uploads\\\/2022\\\/10\\\/Fe89CtBWIAMl9We-Stor.jpeg\",\"articleSection\":[\"Arkiv\",\"Nyheter\"],\"inLanguage\":\"sv-SE\"},{\"@type\":\"WebPage\",\"@id\":\"https:\\\/\\\/lightweb.dev\\\/l\\\/svm-temp\\\/nyheter\\\/sanchez-lovar-tre-miljarder-och-sankt-elrakning-for-4-av-10-spanjorer\\\/\",\"url\":\"https:\\\/\\\/lightweb.dev\\\/l\\\/svm-temp\\\/nyheter\\\/sanchez-lovar-tre-miljarder-och-sankt-elrakning-for-4-av-10-spanjorer\\\/\",\"name\":\"S\u00e1nchez lovar tre miljarder och s\u00e4nkt elr\u00e4kning f\u00f6r 4 av 10 spanjorer - Svenska Magasinet\",\"isPartOf\":{\"@id\":\"https:\\\/\\\/lightweb.dev\\\/l\\\/svm-temp\\\/#website\"},\"primaryImageOfPage\":{\"@id\":\"https:\\\/\\\/lightweb.dev\\\/l\\\/svm-temp\\\/nyheter\\\/sanchez-lovar-tre-miljarder-och-sankt-elrakning-for-4-av-10-spanjorer\\\/#primaryimage\"},\"image\":{\"@id\":\"https:\\\/\\\/lightweb.dev\\\/l\\\/svm-temp\\\/nyheter\\\/sanchez-lovar-tre-miljarder-och-sankt-elrakning-for-4-av-10-spanjorer\\\/#primaryimage\"},\"thumbnailUrl\":\"https:\\\/\\\/lightweb.dev\\\/l\\\/svm-temp\\\/wp-content\\\/uploads\\\/2022\\\/10\\\/Fe89CtBWIAMl9We-Stor.jpeg\",\"datePublished\":\"2022-10-13T13:33:48+00:00\",\"dateModified\":\"2022-10-13T13:35:53+00:00\",\"description\":\"Social bonus f\u00f6r elkonsumenter, rabatt f\u00f6r l\u00e5ginkomsttagare och utsatta hush\u00e5ll samt st\u00f6d till familjer med naturgas. Ministerr\u00e5det kommer n\u00e4sta tisdag att godk\u00e4nna ett nytt st\u00f6dpaket p\u00e5 tre miljarder euro som ska gynna 40 procent av hush\u00e5llen.\",\"breadcrumb\":{\"@id\":\"https:\\\/\\\/lightweb.dev\\\/l\\\/svm-temp\\\/nyheter\\\/sanchez-lovar-tre-miljarder-och-sankt-elrakning-for-4-av-10-spanjorer\\\/#breadcrumb\"},\"inLanguage\":\"sv-SE\",\"potentialAction\":[{\"@type\":\"ReadAction\",\"target\":[\"https:\\\/\\\/lightweb.dev\\\/l\\\/svm-temp\\\/nyheter\\\/sanchez-lovar-tre-miljarder-och-sankt-elrakning-for-4-av-10-spanjorer\\\/\"]}]},{\"@type\":\"ImageObject\",\"inLanguage\":\"sv-SE\",\"@id\":\"https:\\\/\\\/lightweb.dev\\\/l\\\/svm-temp\\\/nyheter\\\/sanchez-lovar-tre-miljarder-och-sankt-elrakning-for-4-av-10-spanjorer\\\/#primaryimage\",\"url\":\"https:\\\/\\\/lightweb.dev\\\/l\\\/svm-temp\\\/wp-content\\\/uploads\\\/2022\\\/10\\\/Fe89CtBWIAMl9We-Stor.jpeg\",\"contentUrl\":\"https:\\\/\\\/lightweb.dev\\\/l\\\/svm-temp\\\/wp-content\\\/uploads\\\/2022\\\/10\\\/Fe89CtBWIAMl9We-Stor.jpeg\",\"width\":900,\"height\":675},{\"@type\":\"BreadcrumbList\",\"@id\":\"https:\\\/\\\/lightweb.dev\\\/l\\\/svm-temp\\\/nyheter\\\/sanchez-lovar-tre-miljarder-och-sankt-elrakning-for-4-av-10-spanjorer\\\/#breadcrumb\",\"itemListElement\":[{\"@type\":\"ListItem\",\"position\":1,\"name\":\"Hem\",\"item\":\"https:\\\/\\\/lightweb.dev\\\/l\\\/svm-temp\\\/\"},{\"@type\":\"ListItem\",\"position\":2,\"name\":\"S\u00e1nchez lovar tre miljarder och s\u00e4nkt elr\u00e4kning f\u00f6r 4 av 10 spanjorer\"}]},{\"@type\":\"WebSite\",\"@id\":\"https:\\\/\\\/lightweb.dev\\\/l\\\/svm-temp\\\/#website\",\"url\":\"https:\\\/\\\/lightweb.dev\\\/l\\\/svm-temp\\\/\",\"name\":\"Svenska Magasinet\",\"description\":\"Dina Spanska nyheter p&aring; Svenska\",\"publisher\":{\"@id\":\"https:\\\/\\\/lightweb.dev\\\/l\\\/svm-temp\\\/#organization\"},\"potentialAction\":[{\"@type\":\"SearchAction\",\"target\":{\"@type\":\"EntryPoint\",\"urlTemplate\":\"https:\\\/\\\/lightweb.dev\\\/l\\\/svm-temp\\\/?s={search_term_string}\"},\"query-input\":{\"@type\":\"PropertyValueSpecification\",\"valueRequired\":true,\"valueName\":\"search_term_string\"}}],\"inLanguage\":\"sv-SE\"},{\"@type\":\"Organization\",\"@id\":\"https:\\\/\\\/lightweb.dev\\\/l\\\/svm-temp\\\/#organization\",\"name\":\"Melkerson y Nott SL\",\"alternateName\":\"Svenska Magasinet\",\"url\":\"https:\\\/\\\/lightweb.dev\\\/l\\\/svm-temp\\\/\",\"logo\":{\"@type\":\"ImageObject\",\"inLanguage\":\"sv-SE\",\"@id\":\"https:\\\/\\\/lightweb.dev\\\/l\\\/svm-temp\\\/#\\\/schema\\\/logo\\\/image\\\/\",\"url\":\"https:\\\/\\\/lightweb.dev\\\/l\\\/svm-temp\\\/wp-content\\\/uploads\\\/2025\\\/02\\\/SvM-logo-Xtra-Centrerad-SVART.png\",\"contentUrl\":\"https:\\\/\\\/lightweb.dev\\\/l\\\/svm-temp\\\/wp-content\\\/uploads\\\/2025\\\/02\\\/SvM-logo-Xtra-Centrerad-SVART.png\",\"width\":300,\"height\":99,\"caption\":\"Melkerson y Nott SL\"},\"image\":{\"@id\":\"https:\\\/\\\/lightweb.dev\\\/l\\\/svm-temp\\\/#\\\/schema\\\/logo\\\/image\\\/\"},\"sameAs\":[\"https:\\\/\\\/www.facebook.com\\\/svenskamagasinet\",\"https:\\\/\\\/x.com\\\/SvenskaMagasine\"]},{\"@type\":\"Person\",\"@id\":\"https:\\\/\\\/lightweb.dev\\\/l\\\/svm-temp\\\/#\\\/schema\\\/person\\\/7a82b8a73d171d32360a564b6d03508e\",\"name\":\"Ola Josefsson\",\"description\":\"Bevakar Solkusten och Spanien sedan 1994.\",\"sameAs\":[\"https:\\\/\\\/lightweb.dev\\\/l\\\/svm-temp\"],\"url\":\"https:\\\/\\\/lightweb.dev\\\/l\\\/svm-temp\\\/reporter\\\/ola-josefsson\\\/\"}]}<\/script>\n<!-- \/ Yoast SEO Premium plugin. -->","yoast_head_json":{"title":"S\u00e1nchez lovar tre miljarder och s\u00e4nkt elr\u00e4kning f\u00f6r 4 av 10 spanjorer - Svenska Magasinet","description":"Social bonus f\u00f6r elkonsumenter, rabatt f\u00f6r l\u00e5ginkomsttagare och utsatta hush\u00e5ll samt st\u00f6d till familjer med naturgas. Ministerr\u00e5det kommer n\u00e4sta tisdag att godk\u00e4nna ett nytt st\u00f6dpaket p\u00e5 tre miljarder euro som ska gynna 40 procent av hush\u00e5llen.","robots":{"index":"noindex","follow":"follow","max-snippet":"max-snippet:-1","max-image-preview":"max-image-preview:large","max-video-preview":"max-video-preview:-1"},"og_locale":"sv_SE","og_type":"article","og_title":"S\u00e1nchez lovar tre miljarder och s\u00e4nkt elr\u00e4kning f\u00f6r 4 av 10 spanjorer","og_description":"Social bonus f\u00f6r elkonsumenter, rabatt f\u00f6r l\u00e5ginkomsttagare och utsatta hush\u00e5ll samt st\u00f6d till familjer med naturgas. Ministerr\u00e5det kommer n\u00e4sta tisdag att godk\u00e4nna ett nytt st\u00f6dpaket p\u00e5 tre miljarder euro som ska gynna 40 procent av hush\u00e5llen.","og_url":"https:\/\/lightweb.dev\/l\/svm-temp\/nyheter\/sanchez-lovar-tre-miljarder-och-sankt-elrakning-for-4-av-10-spanjorer\/","og_site_name":"Svenska Magasinet","article_publisher":"https:\/\/www.facebook.com\/svenskamagasinet","article_published_time":"2022-10-13T13:33:48+00:00","article_modified_time":"2022-10-13T13:35:53+00:00","og_image":[{"width":900,"height":675,"url":"https:\/\/lightweb.dev\/l\/svm-temp\/wp-content\/uploads\/2022\/10\/Fe89CtBWIAMl9We-Stor.jpeg","type":"image\/jpeg"}],"author":"Ola Josefsson","twitter_card":"summary_large_image","twitter_creator":"@SvenskaMagasine","twitter_site":"@SvenskaMagasine","schema":{"@context":"https:\/\/schema.org","@graph":[{"@type":"Article","@id":"https:\/\/lightweb.dev\/l\/svm-temp\/nyheter\/sanchez-lovar-tre-miljarder-och-sankt-elrakning-for-4-av-10-spanjorer\/#article","isPartOf":{"@id":"https:\/\/lightweb.dev\/l\/svm-temp\/nyheter\/sanchez-lovar-tre-miljarder-och-sankt-elrakning-for-4-av-10-spanjorer\/"},"author":{"name":"Ola Josefsson","@id":"https:\/\/lightweb.dev\/l\/svm-temp\/#\/schema\/person\/7a82b8a73d171d32360a564b6d03508e"},"headline":"S\u00e1nchez lovar tre miljarder och s\u00e4nkt elr\u00e4kning f\u00f6r 4 av 10 spanjorer","datePublished":"2022-10-13T13:33:48+00:00","dateModified":"2022-10-13T13:35:53+00:00","mainEntityOfPage":{"@id":"https:\/\/lightweb.dev\/l\/svm-temp\/nyheter\/sanchez-lovar-tre-miljarder-och-sankt-elrakning-for-4-av-10-spanjorer\/"},"wordCount":216,"commentCount":1,"publisher":{"@id":"https:\/\/lightweb.dev\/l\/svm-temp\/#organization"},"image":{"@id":"https:\/\/lightweb.dev\/l\/svm-temp\/nyheter\/sanchez-lovar-tre-miljarder-och-sankt-elrakning-for-4-av-10-spanjorer\/#primaryimage"},"thumbnailUrl":"https:\/\/lightweb.dev\/l\/svm-temp\/wp-content\/uploads\/2022\/10\/Fe89CtBWIAMl9We-Stor.jpeg","articleSection":["Arkiv","Nyheter"],"inLanguage":"sv-SE"},{"@type":"WebPage","@id":"https:\/\/lightweb.dev\/l\/svm-temp\/nyheter\/sanchez-lovar-tre-miljarder-och-sankt-elrakning-for-4-av-10-spanjorer\/","url":"https:\/\/lightweb.dev\/l\/svm-temp\/nyheter\/sanchez-lovar-tre-miljarder-och-sankt-elrakning-for-4-av-10-spanjorer\/","name":"S\u00e1nchez lovar tre miljarder och s\u00e4nkt elr\u00e4kning f\u00f6r 4 av 10 spanjorer - Svenska Magasinet","isPartOf":{"@id":"https:\/\/lightweb.dev\/l\/svm-temp\/#website"},"primaryImageOfPage":{"@id":"https:\/\/lightweb.dev\/l\/svm-temp\/nyheter\/sanchez-lovar-tre-miljarder-och-sankt-elrakning-for-4-av-10-spanjorer\/#primaryimage"},"image":{"@id":"https:\/\/lightweb.dev\/l\/svm-temp\/nyheter\/sanchez-lovar-tre-miljarder-och-sankt-elrakning-for-4-av-10-spanjorer\/#primaryimage"},"thumbnailUrl":"https:\/\/lightweb.dev\/l\/svm-temp\/wp-content\/uploads\/2022\/10\/Fe89CtBWIAMl9We-Stor.jpeg","datePublished":"2022-10-13T13:33:48+00:00","dateModified":"2022-10-13T13:35:53+00:00","description":"Social bonus f\u00f6r elkonsumenter, rabatt f\u00f6r l\u00e5ginkomsttagare och utsatta hush\u00e5ll samt st\u00f6d till familjer med naturgas. Ministerr\u00e5det kommer n\u00e4sta tisdag att godk\u00e4nna ett nytt st\u00f6dpaket p\u00e5 tre miljarder euro som ska gynna 40 procent av hush\u00e5llen.","breadcrumb":{"@id":"https:\/\/lightweb.dev\/l\/svm-temp\/nyheter\/sanchez-lovar-tre-miljarder-och-sankt-elrakning-for-4-av-10-spanjorer\/#breadcrumb"},"inLanguage":"sv-SE","potentialAction":[{"@type":"ReadAction","target":["https:\/\/lightweb.dev\/l\/svm-temp\/nyheter\/sanchez-lovar-tre-miljarder-och-sankt-elrakning-for-4-av-10-spanjorer\/"]}]},{"@type":"ImageObject","inLanguage":"sv-SE","@id":"https:\/\/lightweb.dev\/l\/svm-temp\/nyheter\/sanchez-lovar-tre-miljarder-och-sankt-elrakning-for-4-av-10-spanjorer\/#primaryimage","url":"https:\/\/lightweb.dev\/l\/svm-temp\/wp-content\/uploads\/2022\/10\/Fe89CtBWIAMl9We-Stor.jpeg","contentUrl":"https:\/\/lightweb.dev\/l\/svm-temp\/wp-content\/uploads\/2022\/10\/Fe89CtBWIAMl9We-Stor.jpeg","width":900,"height":675},{"@type":"BreadcrumbList","@id":"https:\/\/lightweb.dev\/l\/svm-temp\/nyheter\/sanchez-lovar-tre-miljarder-och-sankt-elrakning-for-4-av-10-spanjorer\/#breadcrumb","itemListElement":[{"@type":"ListItem","position":1,"name":"Hem","item":"https:\/\/lightweb.dev\/l\/svm-temp\/"},{"@type":"ListItem","position":2,"name":"S\u00e1nchez lovar tre miljarder och s\u00e4nkt elr\u00e4kning f\u00f6r 4 av 10 spanjorer"}]},{"@type":"WebSite","@id":"https:\/\/lightweb.dev\/l\/svm-temp\/#website","url":"https:\/\/lightweb.dev\/l\/svm-temp\/","name":"Svenska Magasinet","description":"Dina Spanska nyheter p&aring; Svenska","publisher":{"@id":"https:\/\/lightweb.dev\/l\/svm-temp\/#organization"},"potentialAction":[{"@type":"SearchAction","target":{"@type":"EntryPoint","urlTemplate":"https:\/\/lightweb.dev\/l\/svm-temp\/?s={search_term_string}"},"query-input":{"@type":"PropertyValueSpecification","valueRequired":true,"valueName":"search_term_string"}}],"inLanguage":"sv-SE"},{"@type":"Organization","@id":"https:\/\/lightweb.dev\/l\/svm-temp\/#organization","name":"Melkerson y Nott SL","alternateName":"Svenska Magasinet","url":"https:\/\/lightweb.dev\/l\/svm-temp\/","logo":{"@type":"ImageObject","inLanguage":"sv-SE","@id":"https:\/\/lightweb.dev\/l\/svm-temp\/#\/schema\/logo\/image\/","url":"https:\/\/lightweb.dev\/l\/svm-temp\/wp-content\/uploads\/2025\/02\/SvM-logo-Xtra-Centrerad-SVART.png","contentUrl":"https:\/\/lightweb.dev\/l\/svm-temp\/wp-content\/uploads\/2025\/02\/SvM-logo-Xtra-Centrerad-SVART.png","width":300,"height":99,"caption":"Melkerson y Nott SL"},"image":{"@id":"https:\/\/lightweb.dev\/l\/svm-temp\/#\/schema\/logo\/image\/"},"sameAs":["https:\/\/www.facebook.com\/svenskamagasinet","https:\/\/x.com\/SvenskaMagasine"]},{"@type":"Person","@id":"https:\/\/lightweb.dev\/l\/svm-temp\/#\/schema\/person\/7a82b8a73d171d32360a564b6d03508e","name":"Ola Josefsson","description":"Bevakar Solkusten och Spanien sedan 1994.","sameAs":["https:\/\/lightweb.dev\/l\/svm-temp"],"url":"https:\/\/lightweb.dev\/l\/svm-temp\/reporter\/ola-josefsson\/"}]}},"_links":{"self":[{"href":"https:\/\/lightweb.dev\/l\/svm-temp\/wp-json\/wp\/v2\/posts\/58421","targetHints":{"allow":["GET"]}}],"collection":[{"href":"https:\/\/lightweb.dev\/l\/svm-temp\/wp-json\/wp\/v2\/posts"}],"about":[{"href":"https:\/\/lightweb.dev\/l\/svm-temp\/wp-json\/wp\/v2\/types\/post"}],"author":[{"embeddable":true,"href":"https:\/\/lightweb.dev\/l\/svm-temp\/wp-json\/wp\/v2\/users\/7"}],"replies":[{"embeddable":true,"href":"https:\/\/lightweb.dev\/l\/svm-temp\/wp-json\/wp\/v2\/comments?post=58421"}],"version-history":[{"count":0,"href":"https:\/\/lightweb.dev\/l\/svm-temp\/wp-json\/wp\/v2\/posts\/58421\/revisions"}],"wp:featuredmedia":[{"embeddable":true,"href":"https:\/\/lightweb.dev\/l\/svm-temp\/wp-json\/wp\/v2\/media\/58423"}],"wp:attachment":[{"href":"https:\/\/lightweb.dev\/l\/svm-temp\/wp-json\/wp\/v2\/media?parent=58421"}],"wp:term":[{"taxonomy":"category","embeddable":true,"href":"https:\/\/lightweb.dev\/l\/svm-temp\/wp-json\/wp\/v2\/categories?post=58421"},{"taxonomy":"post_tag","embeddable":true,"href":"https:\/\/lightweb.dev\/l\/svm-temp\/wp-json\/wp\/v2\/tags?post=58421"}],"curies":[{"name":"wp","href":"https:\/\/api.w.org\/{rel}","templated":true}]}}