{"id":58672,"date":"2022-10-24T10:06:51","date_gmt":"2022-10-24T08:06:51","guid":{"rendered":"https:\/\/lightweb.dev\/l\/svm-temp\/?p=58672"},"modified":"2022-10-25T09:38:15","modified_gmt":"2022-10-25T07:38:15","slug":"mijas-costa-21-aring-svart-skadad-efter-att-ha-traffats-av-flera-skott","status":"publish","type":"post","link":"https:\/\/lightweb.dev\/l\/svm-temp\/nyheter\/mijas-costa-21-aring-svart-skadad-efter-att-ha-traffats-av-flera-skott\/","title":{"rendered":"Mijas Costa: 21-\u00e5ring sv\u00e5rt skadad efter att ha tr\u00e4ffats av flera skott"},"content":{"rendered":"<p><strong>En 21-\u00e5rig man skadades sv\u00e5rt efter att en person som f\u00e4rdades p\u00e5 motorcykel avlossat flera skott utanf\u00f6r ett aff\u00e4rscentrum vid Do\u00f1a Lola i Mijas Costa. G\u00e4rningspersonen flydde fr\u00e5n platsen i riktning mot Fuengirola. Offret som ursprungligen kommer fr\u00e5n Marocko \u00e4r k\u00e4nd hos polisen sedan tidigare.<\/strong><\/p>\n<p>Larmtj\u00e4nsten Emergencias 112 Andaluc\u00eda uppger att h\u00e4ndelsen intr\u00e4ffade strax efter klockan 22 i l\u00f6rdags kv\u00e4ll. Mannen f\u00f6rdes f\u00f6rst till Costa del Sol-sjukhuset i Marbella. Men p\u00e5 grund av de sv\u00e5ra skadorna \u00f6verf\u00f6rdes han och v\u00e5rdas p\u00e5 intensivv\u00e5rdsavdelningen vid regionsjukhuset i M\u00e1laga, skriver ABC.<\/p>\n<p>Flera privatpersoner larmade 112 runt klockan 22.15 att en ung man hade skadads efter att ha blivit skjuten flera g\u00e5nger. Enligt vittnesm\u00e5l ska en 125 cc motorcykel ha n\u00e4rmat sig mannen och f\u00f6raren ska ha avlossat flera skott. Flera medier uppger att totalt fyra skott avlossades.<\/p>\n<p>&#8211; Personen som f\u00e4rdades p\u00e5 motorcykel bar hj\u00e4lm n\u00e4r denne sk\u00f6t. Attacken varade i tio sekunder. Allt gick v\u00e4ldigt fort, s\u00e4ger ett \u00f6gonvittne till <a href=\"https:\/\/sevilla.abc.es\/andalucia\/malaga\/testigos-tiroteo-mijas-llevaba-casco-puesto-disparaba-20221024141636-nts.html\">ABC.<\/a><\/p>\n<p>Ett av skotten tr\u00e4ffade 21-\u00e5ringen i ryggen vilket har gjort att nedre halvan av kroppen \u00e4r f\u00f6rlamad i nul\u00e4get.<\/p>\n<p>Guardia Civil har inlett en utredning av h\u00e4ndelsen och s\u00f6ker g\u00e4rningspersonen i mannens bekantskapskrets.<\/p>\n<p>Offret \u00e4r k\u00e4nd hos polisen sedan. I juli 2020 greps han efter att ha misshandlat sin styvpappa. Ifjol kopplades han samman med en kidnappning i El Ejido, skriver <a href=\"https:\/\/www.diariosur.es\/sucesos\/paraplejico-joven-tiroteado-20221024190003-nt.html\">Diario SUR.<\/a><\/p>\n<p>Det \u00e4r den andra skjutningen som intr\u00e4ffar p\u00e5 Solkusten inom en vecka. Den 16 oktober sk\u00f6ts ytterligare en man med tv\u00e5 skott p\u00e5 calle Cortijuela i kvarteret Dos Hermanas i stadsdelen Carretera de C\u00e1diz i M\u00e1laga. Den g\u00e5ngen greps fyra ungdomar mellan 18 och 22 \u00e5r.<\/p>\n<p>&nbsp;<\/p>\n","protected":false},"excerpt":{"rendered":"<p>En 21-\u00e5rig man skadades sv\u00e5rt efter att en person som f\u00e4rdades p\u00e5 motorcykel avlossat flera skott utanf\u00f6r ett aff\u00e4rscentrum vid Do\u00f1a Lola i Mijas Costa. G\u00e4rningspersonen flydde fr\u00e5n platsen i riktning mot Fuengirola. Offret som ursprungligen kommer fr\u00e5n Marocko \u00e4r k\u00e4nd hos polisen sedan tidigare. Larmtj\u00e4nsten Emergencias 112 Andaluc\u00eda uppger att h\u00e4ndelsen intr\u00e4ffade strax efter [&hellip;]<\/p>\n","protected":false},"author":7,"featured_media":58674,"comment_status":"open","ping_status":"closed","sticky":false,"template":"","format":"standard","meta":{"_et_pb_use_builder":"","_et_pb_old_content":"","_et_gb_content_width":"","footnotes":""},"categories":[395,3],"tags":[],"class_list":["post-58672","post","type-post","status-publish","format-standard","has-post-thumbnail","hentry","category-arkiv-nyheter","category-nyheter"],"yoast_head":"<!-- This site is optimized with the Yoast SEO Premium plugin v26.2 (Yoast SEO v27.4) - https:\/\/yoast.com\/product\/yoast-seo-premium-wordpress\/ -->\n<title>Mijas Costa: 21-\u00e5ring sv\u00e5rt skadad efter att ha tr\u00e4ffats av flera skott - Svenska Magasinet<\/title>\n<meta name=\"description\" content=\"En 21-\u00e5rig man skadades sv\u00e5rt efter att en person som f\u00e4rdades p\u00e5 motorcykel avlossat flera skott utanf\u00f6r ett aff\u00e4rscentrum vid Do\u00f1a Lola i Mijas Costa. G\u00e4rningspersonen flydde fr\u00e5n platsen i riktning mot Fuengirola.\" \/>\n<meta name=\"robots\" content=\"noindex, follow, max-snippet:-1, max-image-preview:large, max-video-preview:-1\" \/>\n<meta property=\"og:locale\" content=\"sv_SE\" \/>\n<meta property=\"og:type\" content=\"article\" \/>\n<meta property=\"og:title\" content=\"Mijas Costa: 21-\u00e5ring sv\u00e5rt skadad efter att ha tr\u00e4ffats av flera skott\" \/>\n<meta property=\"og:description\" content=\"En 21-\u00e5rig man skadades sv\u00e5rt efter att en person som f\u00e4rdades p\u00e5 motorcykel avlossat flera skott utanf\u00f6r ett aff\u00e4rscentrum vid Do\u00f1a Lola i Mijas Costa. G\u00e4rningspersonen flydde fr\u00e5n platsen i riktning mot Fuengirola.\" \/>\n<meta property=\"og:url\" content=\"https:\/\/lightweb.dev\/l\/svm-temp\/nyheter\/mijas-costa-21-aring-svart-skadad-efter-att-ha-traffats-av-flera-skott\/\" \/>\n<meta property=\"og:site_name\" content=\"Svenska Magasinet\" \/>\n<meta property=\"article:publisher\" content=\"https:\/\/www.facebook.com\/svenskamagasinet\" \/>\n<meta property=\"article:published_time\" content=\"2022-10-24T08:06:51+00:00\" \/>\n<meta property=\"article:modified_time\" content=\"2022-10-25T07:38:15+00:00\" \/>\n<meta property=\"og:image\" content=\"https:\/\/lightweb.dev\/l\/svm-temp\/wp-content\/uploads\/2022\/10\/XDZFXP2RNEATOYC2IUAD2GIH6Q-Stor.jpeg\" \/>\n\t<meta property=\"og:image:width\" content=\"1280\" \/>\n\t<meta property=\"og:image:height\" content=\"649\" \/>\n\t<meta property=\"og:image:type\" content=\"image\/jpeg\" \/>\n<meta name=\"author\" content=\"Ola Josefsson\" \/>\n<meta name=\"twitter:card\" content=\"summary_large_image\" \/>\n<meta name=\"twitter:creator\" content=\"@SvenskaMagasine\" \/>\n<meta name=\"twitter:site\" content=\"@SvenskaMagasine\" \/>\n<script type=\"application\/ld+json\" class=\"yoast-schema-graph\">{\"@context\":\"https:\\\/\\\/schema.org\",\"@graph\":[{\"@type\":\"Article\",\"@id\":\"https:\\\/\\\/lightweb.dev\\\/l\\\/svm-temp\\\/nyheter\\\/mijas-costa-21-aring-svart-skadad-efter-att-ha-traffats-av-flera-skott\\\/#article\",\"isPartOf\":{\"@id\":\"https:\\\/\\\/lightweb.dev\\\/l\\\/svm-temp\\\/nyheter\\\/mijas-costa-21-aring-svart-skadad-efter-att-ha-traffats-av-flera-skott\\\/\"},\"author\":{\"name\":\"Ola Josefsson\",\"@id\":\"https:\\\/\\\/lightweb.dev\\\/l\\\/svm-temp\\\/#\\\/schema\\\/person\\\/7a82b8a73d171d32360a564b6d03508e\"},\"headline\":\"Mijas Costa: 21-\u00e5ring sv\u00e5rt skadad efter att ha tr\u00e4ffats av flera skott\",\"datePublished\":\"2022-10-24T08:06:51+00:00\",\"dateModified\":\"2022-10-25T07:38:15+00:00\",\"mainEntityOfPage\":{\"@id\":\"https:\\\/\\\/lightweb.dev\\\/l\\\/svm-temp\\\/nyheter\\\/mijas-costa-21-aring-svart-skadad-efter-att-ha-traffats-av-flera-skott\\\/\"},\"wordCount\":321,\"commentCount\":1,\"publisher\":{\"@id\":\"https:\\\/\\\/lightweb.dev\\\/l\\\/svm-temp\\\/#organization\"},\"image\":{\"@id\":\"https:\\\/\\\/lightweb.dev\\\/l\\\/svm-temp\\\/nyheter\\\/mijas-costa-21-aring-svart-skadad-efter-att-ha-traffats-av-flera-skott\\\/#primaryimage\"},\"thumbnailUrl\":\"https:\\\/\\\/lightweb.dev\\\/l\\\/svm-temp\\\/wp-content\\\/uploads\\\/2022\\\/10\\\/XDZFXP2RNEATOYC2IUAD2GIH6Q-Stor.jpeg\",\"articleSection\":[\"Arkiv\",\"Nyheter\"],\"inLanguage\":\"sv-SE\"},{\"@type\":\"WebPage\",\"@id\":\"https:\\\/\\\/lightweb.dev\\\/l\\\/svm-temp\\\/nyheter\\\/mijas-costa-21-aring-svart-skadad-efter-att-ha-traffats-av-flera-skott\\\/\",\"url\":\"https:\\\/\\\/lightweb.dev\\\/l\\\/svm-temp\\\/nyheter\\\/mijas-costa-21-aring-svart-skadad-efter-att-ha-traffats-av-flera-skott\\\/\",\"name\":\"Mijas Costa: 21-\u00e5ring sv\u00e5rt skadad efter att ha tr\u00e4ffats av flera skott - Svenska Magasinet\",\"isPartOf\":{\"@id\":\"https:\\\/\\\/lightweb.dev\\\/l\\\/svm-temp\\\/#website\"},\"primaryImageOfPage\":{\"@id\":\"https:\\\/\\\/lightweb.dev\\\/l\\\/svm-temp\\\/nyheter\\\/mijas-costa-21-aring-svart-skadad-efter-att-ha-traffats-av-flera-skott\\\/#primaryimage\"},\"image\":{\"@id\":\"https:\\\/\\\/lightweb.dev\\\/l\\\/svm-temp\\\/nyheter\\\/mijas-costa-21-aring-svart-skadad-efter-att-ha-traffats-av-flera-skott\\\/#primaryimage\"},\"thumbnailUrl\":\"https:\\\/\\\/lightweb.dev\\\/l\\\/svm-temp\\\/wp-content\\\/uploads\\\/2022\\\/10\\\/XDZFXP2RNEATOYC2IUAD2GIH6Q-Stor.jpeg\",\"datePublished\":\"2022-10-24T08:06:51+00:00\",\"dateModified\":\"2022-10-25T07:38:15+00:00\",\"description\":\"En 21-\u00e5rig man skadades sv\u00e5rt efter att en person som f\u00e4rdades p\u00e5 motorcykel avlossat flera skott utanf\u00f6r ett aff\u00e4rscentrum vid Do\u00f1a Lola i Mijas Costa. G\u00e4rningspersonen flydde fr\u00e5n platsen i riktning mot Fuengirola.\",\"breadcrumb\":{\"@id\":\"https:\\\/\\\/lightweb.dev\\\/l\\\/svm-temp\\\/nyheter\\\/mijas-costa-21-aring-svart-skadad-efter-att-ha-traffats-av-flera-skott\\\/#breadcrumb\"},\"inLanguage\":\"sv-SE\",\"potentialAction\":[{\"@type\":\"ReadAction\",\"target\":[\"https:\\\/\\\/lightweb.dev\\\/l\\\/svm-temp\\\/nyheter\\\/mijas-costa-21-aring-svart-skadad-efter-att-ha-traffats-av-flera-skott\\\/\"]}]},{\"@type\":\"ImageObject\",\"inLanguage\":\"sv-SE\",\"@id\":\"https:\\\/\\\/lightweb.dev\\\/l\\\/svm-temp\\\/nyheter\\\/mijas-costa-21-aring-svart-skadad-efter-att-ha-traffats-av-flera-skott\\\/#primaryimage\",\"url\":\"https:\\\/\\\/lightweb.dev\\\/l\\\/svm-temp\\\/wp-content\\\/uploads\\\/2022\\\/10\\\/XDZFXP2RNEATOYC2IUAD2GIH6Q-Stor.jpeg\",\"contentUrl\":\"https:\\\/\\\/lightweb.dev\\\/l\\\/svm-temp\\\/wp-content\\\/uploads\\\/2022\\\/10\\\/XDZFXP2RNEATOYC2IUAD2GIH6Q-Stor.jpeg\",\"width\":1280,\"height\":649,\"caption\":\"(Foto: GOOGLE MAPS)\"},{\"@type\":\"BreadcrumbList\",\"@id\":\"https:\\\/\\\/lightweb.dev\\\/l\\\/svm-temp\\\/nyheter\\\/mijas-costa-21-aring-svart-skadad-efter-att-ha-traffats-av-flera-skott\\\/#breadcrumb\",\"itemListElement\":[{\"@type\":\"ListItem\",\"position\":1,\"name\":\"Hem\",\"item\":\"https:\\\/\\\/lightweb.dev\\\/l\\\/svm-temp\\\/\"},{\"@type\":\"ListItem\",\"position\":2,\"name\":\"Mijas Costa: 21-\u00e5ring sv\u00e5rt skadad efter att ha tr\u00e4ffats av flera skott\"}]},{\"@type\":\"WebSite\",\"@id\":\"https:\\\/\\\/lightweb.dev\\\/l\\\/svm-temp\\\/#website\",\"url\":\"https:\\\/\\\/lightweb.dev\\\/l\\\/svm-temp\\\/\",\"name\":\"Svenska Magasinet\",\"description\":\"Dina Spanska nyheter p&aring; Svenska\",\"publisher\":{\"@id\":\"https:\\\/\\\/lightweb.dev\\\/l\\\/svm-temp\\\/#organization\"},\"potentialAction\":[{\"@type\":\"SearchAction\",\"target\":{\"@type\":\"EntryPoint\",\"urlTemplate\":\"https:\\\/\\\/lightweb.dev\\\/l\\\/svm-temp\\\/?s={search_term_string}\"},\"query-input\":{\"@type\":\"PropertyValueSpecification\",\"valueRequired\":true,\"valueName\":\"search_term_string\"}}],\"inLanguage\":\"sv-SE\"},{\"@type\":\"Organization\",\"@id\":\"https:\\\/\\\/lightweb.dev\\\/l\\\/svm-temp\\\/#organization\",\"name\":\"Melkerson y Nott SL\",\"alternateName\":\"Svenska Magasinet\",\"url\":\"https:\\\/\\\/lightweb.dev\\\/l\\\/svm-temp\\\/\",\"logo\":{\"@type\":\"ImageObject\",\"inLanguage\":\"sv-SE\",\"@id\":\"https:\\\/\\\/lightweb.dev\\\/l\\\/svm-temp\\\/#\\\/schema\\\/logo\\\/image\\\/\",\"url\":\"https:\\\/\\\/lightweb.dev\\\/l\\\/svm-temp\\\/wp-content\\\/uploads\\\/2025\\\/02\\\/SvM-logo-Xtra-Centrerad-SVART.png\",\"contentUrl\":\"https:\\\/\\\/lightweb.dev\\\/l\\\/svm-temp\\\/wp-content\\\/uploads\\\/2025\\\/02\\\/SvM-logo-Xtra-Centrerad-SVART.png\",\"width\":300,\"height\":99,\"caption\":\"Melkerson y Nott SL\"},\"image\":{\"@id\":\"https:\\\/\\\/lightweb.dev\\\/l\\\/svm-temp\\\/#\\\/schema\\\/logo\\\/image\\\/\"},\"sameAs\":[\"https:\\\/\\\/www.facebook.com\\\/svenskamagasinet\",\"https:\\\/\\\/x.com\\\/SvenskaMagasine\"]},{\"@type\":\"Person\",\"@id\":\"https:\\\/\\\/lightweb.dev\\\/l\\\/svm-temp\\\/#\\\/schema\\\/person\\\/7a82b8a73d171d32360a564b6d03508e\",\"name\":\"Ola Josefsson\",\"description\":\"Bevakar Solkusten och Spanien sedan 1994.\",\"sameAs\":[\"https:\\\/\\\/lightweb.dev\\\/l\\\/svm-temp\"],\"url\":\"https:\\\/\\\/lightweb.dev\\\/l\\\/svm-temp\\\/reporter\\\/ola-josefsson\\\/\"}]}<\/script>\n<!-- \/ Yoast SEO Premium plugin. -->","yoast_head_json":{"title":"Mijas Costa: 21-\u00e5ring sv\u00e5rt skadad efter att ha tr\u00e4ffats av flera skott - Svenska Magasinet","description":"En 21-\u00e5rig man skadades sv\u00e5rt efter att en person som f\u00e4rdades p\u00e5 motorcykel avlossat flera skott utanf\u00f6r ett aff\u00e4rscentrum vid Do\u00f1a Lola i Mijas Costa. G\u00e4rningspersonen flydde fr\u00e5n platsen i riktning mot Fuengirola.","robots":{"index":"noindex","follow":"follow","max-snippet":"max-snippet:-1","max-image-preview":"max-image-preview:large","max-video-preview":"max-video-preview:-1"},"og_locale":"sv_SE","og_type":"article","og_title":"Mijas Costa: 21-\u00e5ring sv\u00e5rt skadad efter att ha tr\u00e4ffats av flera skott","og_description":"En 21-\u00e5rig man skadades sv\u00e5rt efter att en person som f\u00e4rdades p\u00e5 motorcykel avlossat flera skott utanf\u00f6r ett aff\u00e4rscentrum vid Do\u00f1a Lola i Mijas Costa. G\u00e4rningspersonen flydde fr\u00e5n platsen i riktning mot Fuengirola.","og_url":"https:\/\/lightweb.dev\/l\/svm-temp\/nyheter\/mijas-costa-21-aring-svart-skadad-efter-att-ha-traffats-av-flera-skott\/","og_site_name":"Svenska Magasinet","article_publisher":"https:\/\/www.facebook.com\/svenskamagasinet","article_published_time":"2022-10-24T08:06:51+00:00","article_modified_time":"2022-10-25T07:38:15+00:00","og_image":[{"width":1280,"height":649,"url":"https:\/\/lightweb.dev\/l\/svm-temp\/wp-content\/uploads\/2022\/10\/XDZFXP2RNEATOYC2IUAD2GIH6Q-Stor.jpeg","type":"image\/jpeg"}],"author":"Ola Josefsson","twitter_card":"summary_large_image","twitter_creator":"@SvenskaMagasine","twitter_site":"@SvenskaMagasine","schema":{"@context":"https:\/\/schema.org","@graph":[{"@type":"Article","@id":"https:\/\/lightweb.dev\/l\/svm-temp\/nyheter\/mijas-costa-21-aring-svart-skadad-efter-att-ha-traffats-av-flera-skott\/#article","isPartOf":{"@id":"https:\/\/lightweb.dev\/l\/svm-temp\/nyheter\/mijas-costa-21-aring-svart-skadad-efter-att-ha-traffats-av-flera-skott\/"},"author":{"name":"Ola Josefsson","@id":"https:\/\/lightweb.dev\/l\/svm-temp\/#\/schema\/person\/7a82b8a73d171d32360a564b6d03508e"},"headline":"Mijas Costa: 21-\u00e5ring sv\u00e5rt skadad efter att ha tr\u00e4ffats av flera skott","datePublished":"2022-10-24T08:06:51+00:00","dateModified":"2022-10-25T07:38:15+00:00","mainEntityOfPage":{"@id":"https:\/\/lightweb.dev\/l\/svm-temp\/nyheter\/mijas-costa-21-aring-svart-skadad-efter-att-ha-traffats-av-flera-skott\/"},"wordCount":321,"commentCount":1,"publisher":{"@id":"https:\/\/lightweb.dev\/l\/svm-temp\/#organization"},"image":{"@id":"https:\/\/lightweb.dev\/l\/svm-temp\/nyheter\/mijas-costa-21-aring-svart-skadad-efter-att-ha-traffats-av-flera-skott\/#primaryimage"},"thumbnailUrl":"https:\/\/lightweb.dev\/l\/svm-temp\/wp-content\/uploads\/2022\/10\/XDZFXP2RNEATOYC2IUAD2GIH6Q-Stor.jpeg","articleSection":["Arkiv","Nyheter"],"inLanguage":"sv-SE"},{"@type":"WebPage","@id":"https:\/\/lightweb.dev\/l\/svm-temp\/nyheter\/mijas-costa-21-aring-svart-skadad-efter-att-ha-traffats-av-flera-skott\/","url":"https:\/\/lightweb.dev\/l\/svm-temp\/nyheter\/mijas-costa-21-aring-svart-skadad-efter-att-ha-traffats-av-flera-skott\/","name":"Mijas Costa: 21-\u00e5ring sv\u00e5rt skadad efter att ha tr\u00e4ffats av flera skott - Svenska Magasinet","isPartOf":{"@id":"https:\/\/lightweb.dev\/l\/svm-temp\/#website"},"primaryImageOfPage":{"@id":"https:\/\/lightweb.dev\/l\/svm-temp\/nyheter\/mijas-costa-21-aring-svart-skadad-efter-att-ha-traffats-av-flera-skott\/#primaryimage"},"image":{"@id":"https:\/\/lightweb.dev\/l\/svm-temp\/nyheter\/mijas-costa-21-aring-svart-skadad-efter-att-ha-traffats-av-flera-skott\/#primaryimage"},"thumbnailUrl":"https:\/\/lightweb.dev\/l\/svm-temp\/wp-content\/uploads\/2022\/10\/XDZFXP2RNEATOYC2IUAD2GIH6Q-Stor.jpeg","datePublished":"2022-10-24T08:06:51+00:00","dateModified":"2022-10-25T07:38:15+00:00","description":"En 21-\u00e5rig man skadades sv\u00e5rt efter att en person som f\u00e4rdades p\u00e5 motorcykel avlossat flera skott utanf\u00f6r ett aff\u00e4rscentrum vid Do\u00f1a Lola i Mijas Costa. G\u00e4rningspersonen flydde fr\u00e5n platsen i riktning mot Fuengirola.","breadcrumb":{"@id":"https:\/\/lightweb.dev\/l\/svm-temp\/nyheter\/mijas-costa-21-aring-svart-skadad-efter-att-ha-traffats-av-flera-skott\/#breadcrumb"},"inLanguage":"sv-SE","potentialAction":[{"@type":"ReadAction","target":["https:\/\/lightweb.dev\/l\/svm-temp\/nyheter\/mijas-costa-21-aring-svart-skadad-efter-att-ha-traffats-av-flera-skott\/"]}]},{"@type":"ImageObject","inLanguage":"sv-SE","@id":"https:\/\/lightweb.dev\/l\/svm-temp\/nyheter\/mijas-costa-21-aring-svart-skadad-efter-att-ha-traffats-av-flera-skott\/#primaryimage","url":"https:\/\/lightweb.dev\/l\/svm-temp\/wp-content\/uploads\/2022\/10\/XDZFXP2RNEATOYC2IUAD2GIH6Q-Stor.jpeg","contentUrl":"https:\/\/lightweb.dev\/l\/svm-temp\/wp-content\/uploads\/2022\/10\/XDZFXP2RNEATOYC2IUAD2GIH6Q-Stor.jpeg","width":1280,"height":649,"caption":"(Foto: GOOGLE MAPS)"},{"@type":"BreadcrumbList","@id":"https:\/\/lightweb.dev\/l\/svm-temp\/nyheter\/mijas-costa-21-aring-svart-skadad-efter-att-ha-traffats-av-flera-skott\/#breadcrumb","itemListElement":[{"@type":"ListItem","position":1,"name":"Hem","item":"https:\/\/lightweb.dev\/l\/svm-temp\/"},{"@type":"ListItem","position":2,"name":"Mijas Costa: 21-\u00e5ring sv\u00e5rt skadad efter att ha tr\u00e4ffats av flera skott"}]},{"@type":"WebSite","@id":"https:\/\/lightweb.dev\/l\/svm-temp\/#website","url":"https:\/\/lightweb.dev\/l\/svm-temp\/","name":"Svenska Magasinet","description":"Dina Spanska nyheter p&aring; Svenska","publisher":{"@id":"https:\/\/lightweb.dev\/l\/svm-temp\/#organization"},"potentialAction":[{"@type":"SearchAction","target":{"@type":"EntryPoint","urlTemplate":"https:\/\/lightweb.dev\/l\/svm-temp\/?s={search_term_string}"},"query-input":{"@type":"PropertyValueSpecification","valueRequired":true,"valueName":"search_term_string"}}],"inLanguage":"sv-SE"},{"@type":"Organization","@id":"https:\/\/lightweb.dev\/l\/svm-temp\/#organization","name":"Melkerson y Nott SL","alternateName":"Svenska Magasinet","url":"https:\/\/lightweb.dev\/l\/svm-temp\/","logo":{"@type":"ImageObject","inLanguage":"sv-SE","@id":"https:\/\/lightweb.dev\/l\/svm-temp\/#\/schema\/logo\/image\/","url":"https:\/\/lightweb.dev\/l\/svm-temp\/wp-content\/uploads\/2025\/02\/SvM-logo-Xtra-Centrerad-SVART.png","contentUrl":"https:\/\/lightweb.dev\/l\/svm-temp\/wp-content\/uploads\/2025\/02\/SvM-logo-Xtra-Centrerad-SVART.png","width":300,"height":99,"caption":"Melkerson y Nott SL"},"image":{"@id":"https:\/\/lightweb.dev\/l\/svm-temp\/#\/schema\/logo\/image\/"},"sameAs":["https:\/\/www.facebook.com\/svenskamagasinet","https:\/\/x.com\/SvenskaMagasine"]},{"@type":"Person","@id":"https:\/\/lightweb.dev\/l\/svm-temp\/#\/schema\/person\/7a82b8a73d171d32360a564b6d03508e","name":"Ola Josefsson","description":"Bevakar Solkusten och Spanien sedan 1994.","sameAs":["https:\/\/lightweb.dev\/l\/svm-temp"],"url":"https:\/\/lightweb.dev\/l\/svm-temp\/reporter\/ola-josefsson\/"}]}},"_links":{"self":[{"href":"https:\/\/lightweb.dev\/l\/svm-temp\/wp-json\/wp\/v2\/posts\/58672","targetHints":{"allow":["GET"]}}],"collection":[{"href":"https:\/\/lightweb.dev\/l\/svm-temp\/wp-json\/wp\/v2\/posts"}],"about":[{"href":"https:\/\/lightweb.dev\/l\/svm-temp\/wp-json\/wp\/v2\/types\/post"}],"author":[{"embeddable":true,"href":"https:\/\/lightweb.dev\/l\/svm-temp\/wp-json\/wp\/v2\/users\/7"}],"replies":[{"embeddable":true,"href":"https:\/\/lightweb.dev\/l\/svm-temp\/wp-json\/wp\/v2\/comments?post=58672"}],"version-history":[{"count":0,"href":"https:\/\/lightweb.dev\/l\/svm-temp\/wp-json\/wp\/v2\/posts\/58672\/revisions"}],"wp:featuredmedia":[{"embeddable":true,"href":"https:\/\/lightweb.dev\/l\/svm-temp\/wp-json\/wp\/v2\/media\/58674"}],"wp:attachment":[{"href":"https:\/\/lightweb.dev\/l\/svm-temp\/wp-json\/wp\/v2\/media?parent=58672"}],"wp:term":[{"taxonomy":"category","embeddable":true,"href":"https:\/\/lightweb.dev\/l\/svm-temp\/wp-json\/wp\/v2\/categories?post=58672"},{"taxonomy":"post_tag","embeddable":true,"href":"https:\/\/lightweb.dev\/l\/svm-temp\/wp-json\/wp\/v2\/tags?post=58672"}],"curies":[{"name":"wp","href":"https:\/\/api.w.org\/{rel}","templated":true}]}}