{"id":58676,"date":"2022-10-24T10:31:29","date_gmt":"2022-10-24T08:31:29","guid":{"rendered":"https:\/\/lightweb.dev\/l\/svm-temp\/?p=58676"},"modified":"2022-10-24T10:31:29","modified_gmt":"2022-10-24T08:31:29","slug":"strejkhot-hos-vueling","status":"publish","type":"post","link":"https:\/\/lightweb.dev\/l\/svm-temp\/nyheter\/strejkhot-hos-vueling\/","title":{"rendered":"Strejkhot hos Vueling"},"content":{"rendered":"<p><strong>Det kan bli omfattande trafikst\u00f6rningar hos Vueling efter att fackf\u00f6rbundet Stavla varslat om strejk f\u00f6r kabinpersonalen under perioden november till januari p\u00e5 grund av en l\u00f6netvist. Strejken ber\u00f6r fredagar, s\u00f6ndagar, m\u00e5ndagar samt helgdagar fr\u00e5n 1 november till 31 januari.<\/strong><\/p>\n<p>Vueling som ing\u00e5r i IAG-gruppen s\u00e4ger i en kommentar att strejkhotet kommer olyckligt. V\u00e5r anstr\u00e4ngning ligger i att bygga Vuelings framtid tillsammans, s\u00e4ger bolaget som till\u00e4gger att de respekterar sina anst\u00e4lldas r\u00e4ttigheter men ser Stavlas \u00f6nskem\u00e5l som oacceptabelt vilket skulle leda till en l\u00f6ne\u00f6kning p\u00e5 33 procent fram till 2025.<\/p>\n<p>Det katalanska bolaget hoppas att man kan komma \u00f6verens om en l\u00f6ne\u00f6kning p\u00e5 13,4 procent vilket skulle l\u00e4ggas till de 6,5 procent som inf\u00f6rdes f\u00f6r kabinpersonalen f\u00f6rra sommaren retroaktivitet till 1 januari 2021.<\/p>\n<p>Att g\u00e5 till m\u00f6tes Stavlas krav skulle inneb\u00e4ra f\u00f6rlust av v\u00e5r konkurrenskraft och inneb\u00e4ra neddragningar och n\u00f6dv\u00e4ndig omorganisation.<\/p>\n<p>Bland de europeiska flygbolagen redovisar Vueling den h\u00f6gsta \u00e5terh\u00e4mtningen p\u00e5 \u00f6ver 100 procent efter pandemin och bidrar tillsammans med Iberia till en f\u00f6rv\u00e4ntad vinst inom IAG-gruppen 2022, skriver den spanska aff\u00e4rstidningen <a href=\"https:\/\/cincodias.elpais.com\/cincodias\/2022\/10\/21\/companias\/1666350556_525661.html\">CincoD\u00edas.<\/a><\/p>\n<p>\u00c5terh\u00e4mtningen under sommars\u00e4songen har varit stark. Men det finns m\u00f6rka moln som dyrare br\u00e4nsle och inflation som kan minska efterfr\u00e5gan p\u00e5 resor.<\/p>\n","protected":false},"excerpt":{"rendered":"<p>Det kan bli omfattande trafikst\u00f6rningar hos Vueling efter att fackf\u00f6rbundet Stavla varslat om strejk f\u00f6r kabinpersonalen under perioden november till januari p\u00e5 grund av en l\u00f6netvist. Strejken ber\u00f6r fredagar, s\u00f6ndagar, m\u00e5ndagar samt helgdagar fr\u00e5n 1 november till 31 januari. Vueling som ing\u00e5r i IAG-gruppen s\u00e4ger i en kommentar att strejkhotet kommer olyckligt. V\u00e5r anstr\u00e4ngning ligger [&hellip;]<\/p>\n","protected":false},"author":7,"featured_media":58678,"comment_status":"open","ping_status":"closed","sticky":false,"template":"","format":"standard","meta":{"_et_pb_use_builder":"","_et_pb_old_content":"","_et_gb_content_width":"","footnotes":""},"categories":[395,3],"tags":[],"class_list":["post-58676","post","type-post","status-publish","format-standard","has-post-thumbnail","hentry","category-arkiv-nyheter","category-nyheter"],"yoast_head":"<!-- This site is optimized with the Yoast SEO Premium plugin v26.2 (Yoast SEO v27.4) - https:\/\/yoast.com\/product\/yoast-seo-premium-wordpress\/ -->\n<title>Strejkhot hos Vueling - Svenska Magasinet<\/title>\n<meta name=\"description\" content=\"Det kan bli omfattande trafikst\u00f6rningar hos Vueling efter att fackf\u00f6rbundet Stavla varslat om strejk f\u00f6r kabinpersonalen under perioden november till januari p\u00e5 grund av en l\u00f6netvist. Strejken ber\u00f6r fredagar, s\u00f6ndagar, m\u00e5ndagar samt helgdagar fr\u00e5n 1 november till 31 januari.\" \/>\n<meta name=\"robots\" content=\"noindex, follow, max-snippet:-1, max-image-preview:large, max-video-preview:-1\" \/>\n<meta property=\"og:locale\" content=\"sv_SE\" \/>\n<meta property=\"og:type\" content=\"article\" \/>\n<meta property=\"og:title\" content=\"Strejkhot hos Vueling\" \/>\n<meta property=\"og:description\" content=\"Det kan bli omfattande trafikst\u00f6rningar hos Vueling efter att fackf\u00f6rbundet Stavla varslat om strejk f\u00f6r kabinpersonalen under perioden november till januari p\u00e5 grund av en l\u00f6netvist. Strejken ber\u00f6r fredagar, s\u00f6ndagar, m\u00e5ndagar samt helgdagar fr\u00e5n 1 november till 31 januari.\" \/>\n<meta property=\"og:url\" content=\"https:\/\/lightweb.dev\/l\/svm-temp\/nyheter\/strejkhot-hos-vueling\/\" \/>\n<meta property=\"og:site_name\" content=\"Svenska Magasinet\" \/>\n<meta property=\"article:publisher\" content=\"https:\/\/www.facebook.com\/svenskamagasinet\" \/>\n<meta property=\"article:published_time\" content=\"2022-10-24T08:31:29+00:00\" \/>\n<meta property=\"og:image\" content=\"https:\/\/lightweb.dev\/l\/svm-temp\/wp-content\/uploads\/2022\/10\/IMG_1346-Stor.jpeg\" \/>\n\t<meta property=\"og:image:width\" content=\"1280\" \/>\n\t<meta property=\"og:image:height\" content=\"960\" \/>\n\t<meta property=\"og:image:type\" content=\"image\/jpeg\" \/>\n<meta name=\"author\" content=\"Ola Josefsson\" \/>\n<meta name=\"twitter:card\" content=\"summary_large_image\" \/>\n<meta name=\"twitter:creator\" content=\"@SvenskaMagasine\" \/>\n<meta name=\"twitter:site\" content=\"@SvenskaMagasine\" \/>\n<script type=\"application\/ld+json\" class=\"yoast-schema-graph\">{\"@context\":\"https:\\\/\\\/schema.org\",\"@graph\":[{\"@type\":\"Article\",\"@id\":\"https:\\\/\\\/lightweb.dev\\\/l\\\/svm-temp\\\/nyheter\\\/strejkhot-hos-vueling\\\/#article\",\"isPartOf\":{\"@id\":\"https:\\\/\\\/lightweb.dev\\\/l\\\/svm-temp\\\/nyheter\\\/strejkhot-hos-vueling\\\/\"},\"author\":{\"name\":\"Ola Josefsson\",\"@id\":\"https:\\\/\\\/lightweb.dev\\\/l\\\/svm-temp\\\/#\\\/schema\\\/person\\\/7a82b8a73d171d32360a564b6d03508e\"},\"headline\":\"Strejkhot hos Vueling\",\"datePublished\":\"2022-10-24T08:31:29+00:00\",\"mainEntityOfPage\":{\"@id\":\"https:\\\/\\\/lightweb.dev\\\/l\\\/svm-temp\\\/nyheter\\\/strejkhot-hos-vueling\\\/\"},\"wordCount\":230,\"commentCount\":2,\"publisher\":{\"@id\":\"https:\\\/\\\/lightweb.dev\\\/l\\\/svm-temp\\\/#organization\"},\"image\":{\"@id\":\"https:\\\/\\\/lightweb.dev\\\/l\\\/svm-temp\\\/nyheter\\\/strejkhot-hos-vueling\\\/#primaryimage\"},\"thumbnailUrl\":\"https:\\\/\\\/lightweb.dev\\\/l\\\/svm-temp\\\/wp-content\\\/uploads\\\/2022\\\/10\\\/IMG_1346-Stor.jpeg\",\"articleSection\":[\"Arkiv\",\"Nyheter\"],\"inLanguage\":\"sv-SE\"},{\"@type\":\"WebPage\",\"@id\":\"https:\\\/\\\/lightweb.dev\\\/l\\\/svm-temp\\\/nyheter\\\/strejkhot-hos-vueling\\\/\",\"url\":\"https:\\\/\\\/lightweb.dev\\\/l\\\/svm-temp\\\/nyheter\\\/strejkhot-hos-vueling\\\/\",\"name\":\"Strejkhot hos Vueling - Svenska Magasinet\",\"isPartOf\":{\"@id\":\"https:\\\/\\\/lightweb.dev\\\/l\\\/svm-temp\\\/#website\"},\"primaryImageOfPage\":{\"@id\":\"https:\\\/\\\/lightweb.dev\\\/l\\\/svm-temp\\\/nyheter\\\/strejkhot-hos-vueling\\\/#primaryimage\"},\"image\":{\"@id\":\"https:\\\/\\\/lightweb.dev\\\/l\\\/svm-temp\\\/nyheter\\\/strejkhot-hos-vueling\\\/#primaryimage\"},\"thumbnailUrl\":\"https:\\\/\\\/lightweb.dev\\\/l\\\/svm-temp\\\/wp-content\\\/uploads\\\/2022\\\/10\\\/IMG_1346-Stor.jpeg\",\"datePublished\":\"2022-10-24T08:31:29+00:00\",\"description\":\"Det kan bli omfattande trafikst\u00f6rningar hos Vueling efter att fackf\u00f6rbundet Stavla varslat om strejk f\u00f6r kabinpersonalen under perioden november till januari p\u00e5 grund av en l\u00f6netvist. Strejken ber\u00f6r fredagar, s\u00f6ndagar, m\u00e5ndagar samt helgdagar fr\u00e5n 1 november till 31 januari.\",\"breadcrumb\":{\"@id\":\"https:\\\/\\\/lightweb.dev\\\/l\\\/svm-temp\\\/nyheter\\\/strejkhot-hos-vueling\\\/#breadcrumb\"},\"inLanguage\":\"sv-SE\",\"potentialAction\":[{\"@type\":\"ReadAction\",\"target\":[\"https:\\\/\\\/lightweb.dev\\\/l\\\/svm-temp\\\/nyheter\\\/strejkhot-hos-vueling\\\/\"]}]},{\"@type\":\"ImageObject\",\"inLanguage\":\"sv-SE\",\"@id\":\"https:\\\/\\\/lightweb.dev\\\/l\\\/svm-temp\\\/nyheter\\\/strejkhot-hos-vueling\\\/#primaryimage\",\"url\":\"https:\\\/\\\/lightweb.dev\\\/l\\\/svm-temp\\\/wp-content\\\/uploads\\\/2022\\\/10\\\/IMG_1346-Stor.jpeg\",\"contentUrl\":\"https:\\\/\\\/lightweb.dev\\\/l\\\/svm-temp\\\/wp-content\\\/uploads\\\/2022\\\/10\\\/IMG_1346-Stor.jpeg\",\"width\":1280,\"height\":960},{\"@type\":\"BreadcrumbList\",\"@id\":\"https:\\\/\\\/lightweb.dev\\\/l\\\/svm-temp\\\/nyheter\\\/strejkhot-hos-vueling\\\/#breadcrumb\",\"itemListElement\":[{\"@type\":\"ListItem\",\"position\":1,\"name\":\"Hem\",\"item\":\"https:\\\/\\\/lightweb.dev\\\/l\\\/svm-temp\\\/\"},{\"@type\":\"ListItem\",\"position\":2,\"name\":\"Strejkhot hos Vueling\"}]},{\"@type\":\"WebSite\",\"@id\":\"https:\\\/\\\/lightweb.dev\\\/l\\\/svm-temp\\\/#website\",\"url\":\"https:\\\/\\\/lightweb.dev\\\/l\\\/svm-temp\\\/\",\"name\":\"Svenska Magasinet\",\"description\":\"Dina Spanska nyheter p&aring; Svenska\",\"publisher\":{\"@id\":\"https:\\\/\\\/lightweb.dev\\\/l\\\/svm-temp\\\/#organization\"},\"potentialAction\":[{\"@type\":\"SearchAction\",\"target\":{\"@type\":\"EntryPoint\",\"urlTemplate\":\"https:\\\/\\\/lightweb.dev\\\/l\\\/svm-temp\\\/?s={search_term_string}\"},\"query-input\":{\"@type\":\"PropertyValueSpecification\",\"valueRequired\":true,\"valueName\":\"search_term_string\"}}],\"inLanguage\":\"sv-SE\"},{\"@type\":\"Organization\",\"@id\":\"https:\\\/\\\/lightweb.dev\\\/l\\\/svm-temp\\\/#organization\",\"name\":\"Melkerson y Nott SL\",\"alternateName\":\"Svenska Magasinet\",\"url\":\"https:\\\/\\\/lightweb.dev\\\/l\\\/svm-temp\\\/\",\"logo\":{\"@type\":\"ImageObject\",\"inLanguage\":\"sv-SE\",\"@id\":\"https:\\\/\\\/lightweb.dev\\\/l\\\/svm-temp\\\/#\\\/schema\\\/logo\\\/image\\\/\",\"url\":\"https:\\\/\\\/lightweb.dev\\\/l\\\/svm-temp\\\/wp-content\\\/uploads\\\/2025\\\/02\\\/SvM-logo-Xtra-Centrerad-SVART.png\",\"contentUrl\":\"https:\\\/\\\/lightweb.dev\\\/l\\\/svm-temp\\\/wp-content\\\/uploads\\\/2025\\\/02\\\/SvM-logo-Xtra-Centrerad-SVART.png\",\"width\":300,\"height\":99,\"caption\":\"Melkerson y Nott SL\"},\"image\":{\"@id\":\"https:\\\/\\\/lightweb.dev\\\/l\\\/svm-temp\\\/#\\\/schema\\\/logo\\\/image\\\/\"},\"sameAs\":[\"https:\\\/\\\/www.facebook.com\\\/svenskamagasinet\",\"https:\\\/\\\/x.com\\\/SvenskaMagasine\"]},{\"@type\":\"Person\",\"@id\":\"https:\\\/\\\/lightweb.dev\\\/l\\\/svm-temp\\\/#\\\/schema\\\/person\\\/7a82b8a73d171d32360a564b6d03508e\",\"name\":\"Ola Josefsson\",\"description\":\"Bevakar Solkusten och Spanien sedan 1994.\",\"sameAs\":[\"https:\\\/\\\/lightweb.dev\\\/l\\\/svm-temp\"],\"url\":\"https:\\\/\\\/lightweb.dev\\\/l\\\/svm-temp\\\/reporter\\\/ola-josefsson\\\/\"}]}<\/script>\n<!-- \/ Yoast SEO Premium plugin. -->","yoast_head_json":{"title":"Strejkhot hos Vueling - Svenska Magasinet","description":"Det kan bli omfattande trafikst\u00f6rningar hos Vueling efter att fackf\u00f6rbundet Stavla varslat om strejk f\u00f6r kabinpersonalen under perioden november till januari p\u00e5 grund av en l\u00f6netvist. Strejken ber\u00f6r fredagar, s\u00f6ndagar, m\u00e5ndagar samt helgdagar fr\u00e5n 1 november till 31 januari.","robots":{"index":"noindex","follow":"follow","max-snippet":"max-snippet:-1","max-image-preview":"max-image-preview:large","max-video-preview":"max-video-preview:-1"},"og_locale":"sv_SE","og_type":"article","og_title":"Strejkhot hos Vueling","og_description":"Det kan bli omfattande trafikst\u00f6rningar hos Vueling efter att fackf\u00f6rbundet Stavla varslat om strejk f\u00f6r kabinpersonalen under perioden november till januari p\u00e5 grund av en l\u00f6netvist. Strejken ber\u00f6r fredagar, s\u00f6ndagar, m\u00e5ndagar samt helgdagar fr\u00e5n 1 november till 31 januari.","og_url":"https:\/\/lightweb.dev\/l\/svm-temp\/nyheter\/strejkhot-hos-vueling\/","og_site_name":"Svenska Magasinet","article_publisher":"https:\/\/www.facebook.com\/svenskamagasinet","article_published_time":"2022-10-24T08:31:29+00:00","og_image":[{"width":1280,"height":960,"url":"https:\/\/lightweb.dev\/l\/svm-temp\/wp-content\/uploads\/2022\/10\/IMG_1346-Stor.jpeg","type":"image\/jpeg"}],"author":"Ola Josefsson","twitter_card":"summary_large_image","twitter_creator":"@SvenskaMagasine","twitter_site":"@SvenskaMagasine","schema":{"@context":"https:\/\/schema.org","@graph":[{"@type":"Article","@id":"https:\/\/lightweb.dev\/l\/svm-temp\/nyheter\/strejkhot-hos-vueling\/#article","isPartOf":{"@id":"https:\/\/lightweb.dev\/l\/svm-temp\/nyheter\/strejkhot-hos-vueling\/"},"author":{"name":"Ola Josefsson","@id":"https:\/\/lightweb.dev\/l\/svm-temp\/#\/schema\/person\/7a82b8a73d171d32360a564b6d03508e"},"headline":"Strejkhot hos Vueling","datePublished":"2022-10-24T08:31:29+00:00","mainEntityOfPage":{"@id":"https:\/\/lightweb.dev\/l\/svm-temp\/nyheter\/strejkhot-hos-vueling\/"},"wordCount":230,"commentCount":2,"publisher":{"@id":"https:\/\/lightweb.dev\/l\/svm-temp\/#organization"},"image":{"@id":"https:\/\/lightweb.dev\/l\/svm-temp\/nyheter\/strejkhot-hos-vueling\/#primaryimage"},"thumbnailUrl":"https:\/\/lightweb.dev\/l\/svm-temp\/wp-content\/uploads\/2022\/10\/IMG_1346-Stor.jpeg","articleSection":["Arkiv","Nyheter"],"inLanguage":"sv-SE"},{"@type":"WebPage","@id":"https:\/\/lightweb.dev\/l\/svm-temp\/nyheter\/strejkhot-hos-vueling\/","url":"https:\/\/lightweb.dev\/l\/svm-temp\/nyheter\/strejkhot-hos-vueling\/","name":"Strejkhot hos Vueling - Svenska Magasinet","isPartOf":{"@id":"https:\/\/lightweb.dev\/l\/svm-temp\/#website"},"primaryImageOfPage":{"@id":"https:\/\/lightweb.dev\/l\/svm-temp\/nyheter\/strejkhot-hos-vueling\/#primaryimage"},"image":{"@id":"https:\/\/lightweb.dev\/l\/svm-temp\/nyheter\/strejkhot-hos-vueling\/#primaryimage"},"thumbnailUrl":"https:\/\/lightweb.dev\/l\/svm-temp\/wp-content\/uploads\/2022\/10\/IMG_1346-Stor.jpeg","datePublished":"2022-10-24T08:31:29+00:00","description":"Det kan bli omfattande trafikst\u00f6rningar hos Vueling efter att fackf\u00f6rbundet Stavla varslat om strejk f\u00f6r kabinpersonalen under perioden november till januari p\u00e5 grund av en l\u00f6netvist. Strejken ber\u00f6r fredagar, s\u00f6ndagar, m\u00e5ndagar samt helgdagar fr\u00e5n 1 november till 31 januari.","breadcrumb":{"@id":"https:\/\/lightweb.dev\/l\/svm-temp\/nyheter\/strejkhot-hos-vueling\/#breadcrumb"},"inLanguage":"sv-SE","potentialAction":[{"@type":"ReadAction","target":["https:\/\/lightweb.dev\/l\/svm-temp\/nyheter\/strejkhot-hos-vueling\/"]}]},{"@type":"ImageObject","inLanguage":"sv-SE","@id":"https:\/\/lightweb.dev\/l\/svm-temp\/nyheter\/strejkhot-hos-vueling\/#primaryimage","url":"https:\/\/lightweb.dev\/l\/svm-temp\/wp-content\/uploads\/2022\/10\/IMG_1346-Stor.jpeg","contentUrl":"https:\/\/lightweb.dev\/l\/svm-temp\/wp-content\/uploads\/2022\/10\/IMG_1346-Stor.jpeg","width":1280,"height":960},{"@type":"BreadcrumbList","@id":"https:\/\/lightweb.dev\/l\/svm-temp\/nyheter\/strejkhot-hos-vueling\/#breadcrumb","itemListElement":[{"@type":"ListItem","position":1,"name":"Hem","item":"https:\/\/lightweb.dev\/l\/svm-temp\/"},{"@type":"ListItem","position":2,"name":"Strejkhot hos Vueling"}]},{"@type":"WebSite","@id":"https:\/\/lightweb.dev\/l\/svm-temp\/#website","url":"https:\/\/lightweb.dev\/l\/svm-temp\/","name":"Svenska Magasinet","description":"Dina Spanska nyheter p&aring; Svenska","publisher":{"@id":"https:\/\/lightweb.dev\/l\/svm-temp\/#organization"},"potentialAction":[{"@type":"SearchAction","target":{"@type":"EntryPoint","urlTemplate":"https:\/\/lightweb.dev\/l\/svm-temp\/?s={search_term_string}"},"query-input":{"@type":"PropertyValueSpecification","valueRequired":true,"valueName":"search_term_string"}}],"inLanguage":"sv-SE"},{"@type":"Organization","@id":"https:\/\/lightweb.dev\/l\/svm-temp\/#organization","name":"Melkerson y Nott SL","alternateName":"Svenska Magasinet","url":"https:\/\/lightweb.dev\/l\/svm-temp\/","logo":{"@type":"ImageObject","inLanguage":"sv-SE","@id":"https:\/\/lightweb.dev\/l\/svm-temp\/#\/schema\/logo\/image\/","url":"https:\/\/lightweb.dev\/l\/svm-temp\/wp-content\/uploads\/2025\/02\/SvM-logo-Xtra-Centrerad-SVART.png","contentUrl":"https:\/\/lightweb.dev\/l\/svm-temp\/wp-content\/uploads\/2025\/02\/SvM-logo-Xtra-Centrerad-SVART.png","width":300,"height":99,"caption":"Melkerson y Nott SL"},"image":{"@id":"https:\/\/lightweb.dev\/l\/svm-temp\/#\/schema\/logo\/image\/"},"sameAs":["https:\/\/www.facebook.com\/svenskamagasinet","https:\/\/x.com\/SvenskaMagasine"]},{"@type":"Person","@id":"https:\/\/lightweb.dev\/l\/svm-temp\/#\/schema\/person\/7a82b8a73d171d32360a564b6d03508e","name":"Ola Josefsson","description":"Bevakar Solkusten och Spanien sedan 1994.","sameAs":["https:\/\/lightweb.dev\/l\/svm-temp"],"url":"https:\/\/lightweb.dev\/l\/svm-temp\/reporter\/ola-josefsson\/"}]}},"_links":{"self":[{"href":"https:\/\/lightweb.dev\/l\/svm-temp\/wp-json\/wp\/v2\/posts\/58676","targetHints":{"allow":["GET"]}}],"collection":[{"href":"https:\/\/lightweb.dev\/l\/svm-temp\/wp-json\/wp\/v2\/posts"}],"about":[{"href":"https:\/\/lightweb.dev\/l\/svm-temp\/wp-json\/wp\/v2\/types\/post"}],"author":[{"embeddable":true,"href":"https:\/\/lightweb.dev\/l\/svm-temp\/wp-json\/wp\/v2\/users\/7"}],"replies":[{"embeddable":true,"href":"https:\/\/lightweb.dev\/l\/svm-temp\/wp-json\/wp\/v2\/comments?post=58676"}],"version-history":[{"count":0,"href":"https:\/\/lightweb.dev\/l\/svm-temp\/wp-json\/wp\/v2\/posts\/58676\/revisions"}],"wp:featuredmedia":[{"embeddable":true,"href":"https:\/\/lightweb.dev\/l\/svm-temp\/wp-json\/wp\/v2\/media\/58678"}],"wp:attachment":[{"href":"https:\/\/lightweb.dev\/l\/svm-temp\/wp-json\/wp\/v2\/media?parent=58676"}],"wp:term":[{"taxonomy":"category","embeddable":true,"href":"https:\/\/lightweb.dev\/l\/svm-temp\/wp-json\/wp\/v2\/categories?post=58676"},{"taxonomy":"post_tag","embeddable":true,"href":"https:\/\/lightweb.dev\/l\/svm-temp\/wp-json\/wp\/v2\/tags?post=58676"}],"curies":[{"name":"wp","href":"https:\/\/api.w.org\/{rel}","templated":true}]}}