{"id":58695,"date":"2022-10-24T13:00:02","date_gmt":"2022-10-24T11:00:02","guid":{"rendered":"https:\/\/lightweb.dev\/l\/svm-temp\/?p=58695"},"modified":"2022-10-24T13:15:52","modified_gmt":"2022-10-24T11:15:52","slug":"stotta-rosa-bandet","status":"publish","type":"post","link":"https:\/\/lightweb.dev\/l\/svm-temp\/nyheter\/stotta-rosa-bandet\/","title":{"rendered":"St\u00f6tta Rosa Bandet"},"content":{"rendered":"<p><strong>Det \u00e4r inte bara Svenska Magasinet som st\u00f6ttar rosa bandet med insamling och evenemang. Det g\u00f6r \u00e4ven Marbella med ett motionslopp. En av \u00e5tta kvinnor drabbas av br\u00f6stcancer under sin livstid. En av dem som nyligen drabbats \u00e4r Torremolinos borgm\u00e4stare Margarita del Cid.<\/strong><\/p>\n<p>Oktober \u00e4r en m\u00e5nad vi f\u00f6rknippar med Rosa Bandet och olika insamlingar till Cancerfonden. Vi p\u00e5 Svenska Magasinet har valt att g\u00f6ra en aktiv insats d\u00e5 \u00e4ven vi drabbats av sjukdomen i v\u00e5r n\u00e4rhet.<\/p>\n<p>Genom att klicka <a href=\"https:\/\/www.cancerfonden.se\/insamlingar\/svenska-magasinet-samlar-in\">H\u00c4R<\/a> kan du bidra med det som du kan. Inget bidrag \u00e4r f\u00f6r litet f\u00f6r ett s\u00e5 viktigt \u00e4ndam\u00e5l. Tillsammans \u00e4r vi starka.<\/p>\n<p>Du kan ocks\u00e5 swisha ditt bidrag till 90 1951 4 och skriv BESEGRA27542. L\u00e4gg till ditt namn sist i meddelandet om du vill att det ska synas p\u00e5 Cancerfondens insamlingssida.<\/p>\n<h2>En av \u00e5tta drabbas<\/h2>\n<p>En av \u00e5tta kvinnor drabbas av br\u00f6stcancer under sin levnad. En som nyligen har drabbats \u00e4r Torremolinos borgm\u00e4stare Margarita del Cid.<\/p>\n<p>Bara en dag efter manifestationen som den spanska f\u00f6reningen mot cancer h\u00f6ll med en gemensam marsch fr\u00e5n Torremolinos till fritidshamnen Puerto Marina i Benalm\u00e1dena meddelade Margarita del Cid att hon hade f\u00e5tt diagnosen br\u00f6stcancer.<\/p>\n<p>&#8211; Jag \u00e4r optimistisk och t\u00e4nker ta mig ur det h\u00e4r, s\u00e4ger borgm\u00e4staren som vill f\u00f6rmedla samma positiva hopp till kvinnor som \u00e4r i samma situation.<\/p>\n<p>I en intervju i dagstidningen <a href=\"https:\/\/www.diariosur.es\/malaga\/margarita-del-cid-anuncia-padece-cancer-mama-20221023203510-nt.html\">Diario SUR<\/a> uttrycker hon sitt fulla f\u00f6rtroende f\u00f6r l\u00e4karna och hon b\u00f6rjar sin behandling denna vecka vid ett offentligt sjukhus.<\/p>\n<h2><strong>Marbella<\/strong><\/h2>\n<p>Under temat \u201dEl rosa es m\u00e1s que un color\u201d, Rosa \u00e4r mer \u00e4n en f\u00e4rg, arrangeras stadsloppet Carrera Marea Rosa i Marbella den 20 november. Evenemanget presenterades nyligen vid f\u00f6reningen Asociaci\u00f3n Espa\u00f1ola contra el C\u00e1ncer i Marbella.<\/p>\n<p>Det g\u00e5r redan nu att anm\u00e4la sig till loppet som \u00e4r fyra kilometer och avslutas med m\u00e5lg\u00e5ng vid kongresshallen Adolfo Su\u00e1rez d\u00e4r det h\u00e5lls ett evenemang d\u00e4r bes\u00f6kare kan dela med sig av sina erfarenheter av sjukdomen. Att delta i loppet kostar tio euro som oavkortat g\u00e5r till kampen mot br\u00f6stcancer.<\/p>\n<p>Du anm\u00e4ler dig genom att klicka <a href=\"https:\/\/www.rockthesport.com\/es\/evento\/marea-rosa-2022\">h\u00e4r.<\/a><\/p>\n<p>Under 2021 uppt\u00e4cktes 34.353 nya fall av br\u00f6stcancer i Spanien vilket \u00e4r 30 procent av samtliga cancerfall som drabbar kvinnor. Chansen att \u00f6verleva efter fem \u00e5r \u00e4r 85 procent.<\/p>\n<p>Enligt uppgifter fr\u00e5n Observatorio contra el C\u00e1ncer i M\u00e1laga har 1.189 fall uppt\u00e4ckts hittills i \u00e5r vilket g\u00f6r M\u00e1laga till den mest drabbade provinsen i Andalusien efter Sevilla.<\/p>\n","protected":false},"excerpt":{"rendered":"<p>Det \u00e4r inte bara Svenska Magasinet som st\u00f6ttar rosa bandet med insamling och evenemang. Det g\u00f6r \u00e4ven Marbella med ett motionslopp. En av \u00e5tta kvinnor drabbas av br\u00f6stcancer under sin livstid. En av dem som nyligen drabbats \u00e4r Torremolinos borgm\u00e4stare Margarita del Cid. Oktober \u00e4r en m\u00e5nad vi f\u00f6rknippar med Rosa Bandet och olika insamlingar [&hellip;]<\/p>\n","protected":false},"author":7,"featured_media":58697,"comment_status":"open","ping_status":"closed","sticky":false,"template":"","format":"standard","meta":{"_et_pb_use_builder":"","_et_pb_old_content":"","_et_gb_content_width":"","footnotes":""},"categories":[395,3],"tags":[],"class_list":["post-58695","post","type-post","status-publish","format-standard","has-post-thumbnail","hentry","category-arkiv-nyheter","category-nyheter"],"yoast_head":"<!-- This site is optimized with the Yoast SEO Premium plugin v26.2 (Yoast SEO v27.4) - https:\/\/yoast.com\/product\/yoast-seo-premium-wordpress\/ -->\n<title>St\u00f6tta Rosa Bandet - Svenska Magasinet<\/title>\n<meta name=\"description\" content=\"Det \u00e4r inte bara Svenska Magasinet som st\u00f6ttar rosa bandet med insamling och evenemang. Det g\u00f6r \u00e4ven Marbella med ett motionslopp. En av \u00e5tta kvinnor drabbas under sin livstid. En av dem som nyligen drabbats \u00e4r Torremolinos borgm\u00e4stare Margarita del Cid.\" \/>\n<meta name=\"robots\" content=\"noindex, follow, max-snippet:-1, max-image-preview:large, max-video-preview:-1\" \/>\n<meta property=\"og:locale\" content=\"sv_SE\" \/>\n<meta property=\"og:type\" content=\"article\" \/>\n<meta property=\"og:title\" content=\"St\u00f6tta Rosa Bandet\" \/>\n<meta property=\"og:description\" content=\"Det \u00e4r inte bara Svenska Magasinet som st\u00f6ttar rosa bandet med insamling och evenemang. Det g\u00f6r \u00e4ven Marbella med ett motionslopp. En av \u00e5tta kvinnor drabbas under sin livstid. En av dem som nyligen drabbats \u00e4r Torremolinos borgm\u00e4stare Margarita del Cid.\" \/>\n<meta property=\"og:url\" content=\"https:\/\/lightweb.dev\/l\/svm-temp\/nyheter\/stotta-rosa-bandet\/\" \/>\n<meta property=\"og:site_name\" content=\"Svenska Magasinet\" \/>\n<meta property=\"article:publisher\" content=\"https:\/\/www.facebook.com\/svenskamagasinet\" \/>\n<meta property=\"article:published_time\" content=\"2022-10-24T11:00:02+00:00\" \/>\n<meta property=\"article:modified_time\" content=\"2022-10-24T11:15:52+00:00\" \/>\n<meta property=\"og:image\" content=\"https:\/\/lightweb.dev\/l\/svm-temp\/wp-content\/uploads\/2022\/10\/Margarita-RWyZ3c9VFfvECC3DyAEajTJ-624x385@Diario-Sur-Stor.jpeg\" \/>\n\t<meta property=\"og:image:width\" content=\"624\" \/>\n\t<meta property=\"og:image:height\" content=\"385\" \/>\n\t<meta property=\"og:image:type\" content=\"image\/jpeg\" \/>\n<meta name=\"author\" content=\"Ola Josefsson\" \/>\n<meta name=\"twitter:card\" content=\"summary_large_image\" \/>\n<meta name=\"twitter:creator\" content=\"@SvenskaMagasine\" \/>\n<meta name=\"twitter:site\" content=\"@SvenskaMagasine\" \/>\n<script type=\"application\/ld+json\" class=\"yoast-schema-graph\">{\"@context\":\"https:\\\/\\\/schema.org\",\"@graph\":[{\"@type\":\"Article\",\"@id\":\"https:\\\/\\\/lightweb.dev\\\/l\\\/svm-temp\\\/nyheter\\\/stotta-rosa-bandet\\\/#article\",\"isPartOf\":{\"@id\":\"https:\\\/\\\/lightweb.dev\\\/l\\\/svm-temp\\\/nyheter\\\/stotta-rosa-bandet\\\/\"},\"author\":{\"name\":\"Ola Josefsson\",\"@id\":\"https:\\\/\\\/lightweb.dev\\\/l\\\/svm-temp\\\/#\\\/schema\\\/person\\\/7a82b8a73d171d32360a564b6d03508e\"},\"headline\":\"St\u00f6tta Rosa Bandet\",\"datePublished\":\"2022-10-24T11:00:02+00:00\",\"dateModified\":\"2022-10-24T11:15:52+00:00\",\"mainEntityOfPage\":{\"@id\":\"https:\\\/\\\/lightweb.dev\\\/l\\\/svm-temp\\\/nyheter\\\/stotta-rosa-bandet\\\/\"},\"wordCount\":449,\"commentCount\":1,\"publisher\":{\"@id\":\"https:\\\/\\\/lightweb.dev\\\/l\\\/svm-temp\\\/#organization\"},\"image\":{\"@id\":\"https:\\\/\\\/lightweb.dev\\\/l\\\/svm-temp\\\/nyheter\\\/stotta-rosa-bandet\\\/#primaryimage\"},\"thumbnailUrl\":\"https:\\\/\\\/lightweb.dev\\\/l\\\/svm-temp\\\/wp-content\\\/uploads\\\/2022\\\/10\\\/Margarita-RWyZ3c9VFfvECC3DyAEajTJ-624x385@Diario-Sur-Stor.jpeg\",\"articleSection\":[\"Arkiv\",\"Nyheter\"],\"inLanguage\":\"sv-SE\"},{\"@type\":\"WebPage\",\"@id\":\"https:\\\/\\\/lightweb.dev\\\/l\\\/svm-temp\\\/nyheter\\\/stotta-rosa-bandet\\\/\",\"url\":\"https:\\\/\\\/lightweb.dev\\\/l\\\/svm-temp\\\/nyheter\\\/stotta-rosa-bandet\\\/\",\"name\":\"St\u00f6tta Rosa Bandet - Svenska Magasinet\",\"isPartOf\":{\"@id\":\"https:\\\/\\\/lightweb.dev\\\/l\\\/svm-temp\\\/#website\"},\"primaryImageOfPage\":{\"@id\":\"https:\\\/\\\/lightweb.dev\\\/l\\\/svm-temp\\\/nyheter\\\/stotta-rosa-bandet\\\/#primaryimage\"},\"image\":{\"@id\":\"https:\\\/\\\/lightweb.dev\\\/l\\\/svm-temp\\\/nyheter\\\/stotta-rosa-bandet\\\/#primaryimage\"},\"thumbnailUrl\":\"https:\\\/\\\/lightweb.dev\\\/l\\\/svm-temp\\\/wp-content\\\/uploads\\\/2022\\\/10\\\/Margarita-RWyZ3c9VFfvECC3DyAEajTJ-624x385@Diario-Sur-Stor.jpeg\",\"datePublished\":\"2022-10-24T11:00:02+00:00\",\"dateModified\":\"2022-10-24T11:15:52+00:00\",\"description\":\"Det \u00e4r inte bara Svenska Magasinet som st\u00f6ttar rosa bandet med insamling och evenemang. Det g\u00f6r \u00e4ven Marbella med ett motionslopp. En av \u00e5tta kvinnor drabbas under sin livstid. En av dem som nyligen drabbats \u00e4r Torremolinos borgm\u00e4stare Margarita del Cid.\",\"breadcrumb\":{\"@id\":\"https:\\\/\\\/lightweb.dev\\\/l\\\/svm-temp\\\/nyheter\\\/stotta-rosa-bandet\\\/#breadcrumb\"},\"inLanguage\":\"sv-SE\",\"potentialAction\":[{\"@type\":\"ReadAction\",\"target\":[\"https:\\\/\\\/lightweb.dev\\\/l\\\/svm-temp\\\/nyheter\\\/stotta-rosa-bandet\\\/\"]}]},{\"@type\":\"ImageObject\",\"inLanguage\":\"sv-SE\",\"@id\":\"https:\\\/\\\/lightweb.dev\\\/l\\\/svm-temp\\\/nyheter\\\/stotta-rosa-bandet\\\/#primaryimage\",\"url\":\"https:\\\/\\\/lightweb.dev\\\/l\\\/svm-temp\\\/wp-content\\\/uploads\\\/2022\\\/10\\\/Margarita-RWyZ3c9VFfvECC3DyAEajTJ-624x385@Diario-Sur-Stor.jpeg\",\"contentUrl\":\"https:\\\/\\\/lightweb.dev\\\/l\\\/svm-temp\\\/wp-content\\\/uploads\\\/2022\\\/10\\\/Margarita-RWyZ3c9VFfvECC3DyAEajTJ-624x385@Diario-Sur-Stor.jpeg\",\"width\":624,\"height\":385},{\"@type\":\"BreadcrumbList\",\"@id\":\"https:\\\/\\\/lightweb.dev\\\/l\\\/svm-temp\\\/nyheter\\\/stotta-rosa-bandet\\\/#breadcrumb\",\"itemListElement\":[{\"@type\":\"ListItem\",\"position\":1,\"name\":\"Hem\",\"item\":\"https:\\\/\\\/lightweb.dev\\\/l\\\/svm-temp\\\/\"},{\"@type\":\"ListItem\",\"position\":2,\"name\":\"St\u00f6tta Rosa Bandet\"}]},{\"@type\":\"WebSite\",\"@id\":\"https:\\\/\\\/lightweb.dev\\\/l\\\/svm-temp\\\/#website\",\"url\":\"https:\\\/\\\/lightweb.dev\\\/l\\\/svm-temp\\\/\",\"name\":\"Svenska Magasinet\",\"description\":\"Dina Spanska nyheter p&aring; Svenska\",\"publisher\":{\"@id\":\"https:\\\/\\\/lightweb.dev\\\/l\\\/svm-temp\\\/#organization\"},\"potentialAction\":[{\"@type\":\"SearchAction\",\"target\":{\"@type\":\"EntryPoint\",\"urlTemplate\":\"https:\\\/\\\/lightweb.dev\\\/l\\\/svm-temp\\\/?s={search_term_string}\"},\"query-input\":{\"@type\":\"PropertyValueSpecification\",\"valueRequired\":true,\"valueName\":\"search_term_string\"}}],\"inLanguage\":\"sv-SE\"},{\"@type\":\"Organization\",\"@id\":\"https:\\\/\\\/lightweb.dev\\\/l\\\/svm-temp\\\/#organization\",\"name\":\"Melkerson y Nott SL\",\"alternateName\":\"Svenska Magasinet\",\"url\":\"https:\\\/\\\/lightweb.dev\\\/l\\\/svm-temp\\\/\",\"logo\":{\"@type\":\"ImageObject\",\"inLanguage\":\"sv-SE\",\"@id\":\"https:\\\/\\\/lightweb.dev\\\/l\\\/svm-temp\\\/#\\\/schema\\\/logo\\\/image\\\/\",\"url\":\"https:\\\/\\\/lightweb.dev\\\/l\\\/svm-temp\\\/wp-content\\\/uploads\\\/2025\\\/02\\\/SvM-logo-Xtra-Centrerad-SVART.png\",\"contentUrl\":\"https:\\\/\\\/lightweb.dev\\\/l\\\/svm-temp\\\/wp-content\\\/uploads\\\/2025\\\/02\\\/SvM-logo-Xtra-Centrerad-SVART.png\",\"width\":300,\"height\":99,\"caption\":\"Melkerson y Nott SL\"},\"image\":{\"@id\":\"https:\\\/\\\/lightweb.dev\\\/l\\\/svm-temp\\\/#\\\/schema\\\/logo\\\/image\\\/\"},\"sameAs\":[\"https:\\\/\\\/www.facebook.com\\\/svenskamagasinet\",\"https:\\\/\\\/x.com\\\/SvenskaMagasine\"]},{\"@type\":\"Person\",\"@id\":\"https:\\\/\\\/lightweb.dev\\\/l\\\/svm-temp\\\/#\\\/schema\\\/person\\\/7a82b8a73d171d32360a564b6d03508e\",\"name\":\"Ola Josefsson\",\"description\":\"Bevakar Solkusten och Spanien sedan 1994.\",\"sameAs\":[\"https:\\\/\\\/lightweb.dev\\\/l\\\/svm-temp\"],\"url\":\"https:\\\/\\\/lightweb.dev\\\/l\\\/svm-temp\\\/reporter\\\/ola-josefsson\\\/\"}]}<\/script>\n<!-- \/ Yoast SEO Premium plugin. -->","yoast_head_json":{"title":"St\u00f6tta Rosa Bandet - Svenska Magasinet","description":"Det \u00e4r inte bara Svenska Magasinet som st\u00f6ttar rosa bandet med insamling och evenemang. Det g\u00f6r \u00e4ven Marbella med ett motionslopp. En av \u00e5tta kvinnor drabbas under sin livstid. En av dem som nyligen drabbats \u00e4r Torremolinos borgm\u00e4stare Margarita del Cid.","robots":{"index":"noindex","follow":"follow","max-snippet":"max-snippet:-1","max-image-preview":"max-image-preview:large","max-video-preview":"max-video-preview:-1"},"og_locale":"sv_SE","og_type":"article","og_title":"St\u00f6tta Rosa Bandet","og_description":"Det \u00e4r inte bara Svenska Magasinet som st\u00f6ttar rosa bandet med insamling och evenemang. Det g\u00f6r \u00e4ven Marbella med ett motionslopp. En av \u00e5tta kvinnor drabbas under sin livstid. En av dem som nyligen drabbats \u00e4r Torremolinos borgm\u00e4stare Margarita del Cid.","og_url":"https:\/\/lightweb.dev\/l\/svm-temp\/nyheter\/stotta-rosa-bandet\/","og_site_name":"Svenska Magasinet","article_publisher":"https:\/\/www.facebook.com\/svenskamagasinet","article_published_time":"2022-10-24T11:00:02+00:00","article_modified_time":"2022-10-24T11:15:52+00:00","og_image":[{"width":624,"height":385,"url":"https:\/\/lightweb.dev\/l\/svm-temp\/wp-content\/uploads\/2022\/10\/Margarita-RWyZ3c9VFfvECC3DyAEajTJ-624x385@Diario-Sur-Stor.jpeg","type":"image\/jpeg"}],"author":"Ola Josefsson","twitter_card":"summary_large_image","twitter_creator":"@SvenskaMagasine","twitter_site":"@SvenskaMagasine","schema":{"@context":"https:\/\/schema.org","@graph":[{"@type":"Article","@id":"https:\/\/lightweb.dev\/l\/svm-temp\/nyheter\/stotta-rosa-bandet\/#article","isPartOf":{"@id":"https:\/\/lightweb.dev\/l\/svm-temp\/nyheter\/stotta-rosa-bandet\/"},"author":{"name":"Ola Josefsson","@id":"https:\/\/lightweb.dev\/l\/svm-temp\/#\/schema\/person\/7a82b8a73d171d32360a564b6d03508e"},"headline":"St\u00f6tta Rosa Bandet","datePublished":"2022-10-24T11:00:02+00:00","dateModified":"2022-10-24T11:15:52+00:00","mainEntityOfPage":{"@id":"https:\/\/lightweb.dev\/l\/svm-temp\/nyheter\/stotta-rosa-bandet\/"},"wordCount":449,"commentCount":1,"publisher":{"@id":"https:\/\/lightweb.dev\/l\/svm-temp\/#organization"},"image":{"@id":"https:\/\/lightweb.dev\/l\/svm-temp\/nyheter\/stotta-rosa-bandet\/#primaryimage"},"thumbnailUrl":"https:\/\/lightweb.dev\/l\/svm-temp\/wp-content\/uploads\/2022\/10\/Margarita-RWyZ3c9VFfvECC3DyAEajTJ-624x385@Diario-Sur-Stor.jpeg","articleSection":["Arkiv","Nyheter"],"inLanguage":"sv-SE"},{"@type":"WebPage","@id":"https:\/\/lightweb.dev\/l\/svm-temp\/nyheter\/stotta-rosa-bandet\/","url":"https:\/\/lightweb.dev\/l\/svm-temp\/nyheter\/stotta-rosa-bandet\/","name":"St\u00f6tta Rosa Bandet - Svenska Magasinet","isPartOf":{"@id":"https:\/\/lightweb.dev\/l\/svm-temp\/#website"},"primaryImageOfPage":{"@id":"https:\/\/lightweb.dev\/l\/svm-temp\/nyheter\/stotta-rosa-bandet\/#primaryimage"},"image":{"@id":"https:\/\/lightweb.dev\/l\/svm-temp\/nyheter\/stotta-rosa-bandet\/#primaryimage"},"thumbnailUrl":"https:\/\/lightweb.dev\/l\/svm-temp\/wp-content\/uploads\/2022\/10\/Margarita-RWyZ3c9VFfvECC3DyAEajTJ-624x385@Diario-Sur-Stor.jpeg","datePublished":"2022-10-24T11:00:02+00:00","dateModified":"2022-10-24T11:15:52+00:00","description":"Det \u00e4r inte bara Svenska Magasinet som st\u00f6ttar rosa bandet med insamling och evenemang. Det g\u00f6r \u00e4ven Marbella med ett motionslopp. En av \u00e5tta kvinnor drabbas under sin livstid. En av dem som nyligen drabbats \u00e4r Torremolinos borgm\u00e4stare Margarita del Cid.","breadcrumb":{"@id":"https:\/\/lightweb.dev\/l\/svm-temp\/nyheter\/stotta-rosa-bandet\/#breadcrumb"},"inLanguage":"sv-SE","potentialAction":[{"@type":"ReadAction","target":["https:\/\/lightweb.dev\/l\/svm-temp\/nyheter\/stotta-rosa-bandet\/"]}]},{"@type":"ImageObject","inLanguage":"sv-SE","@id":"https:\/\/lightweb.dev\/l\/svm-temp\/nyheter\/stotta-rosa-bandet\/#primaryimage","url":"https:\/\/lightweb.dev\/l\/svm-temp\/wp-content\/uploads\/2022\/10\/Margarita-RWyZ3c9VFfvECC3DyAEajTJ-624x385@Diario-Sur-Stor.jpeg","contentUrl":"https:\/\/lightweb.dev\/l\/svm-temp\/wp-content\/uploads\/2022\/10\/Margarita-RWyZ3c9VFfvECC3DyAEajTJ-624x385@Diario-Sur-Stor.jpeg","width":624,"height":385},{"@type":"BreadcrumbList","@id":"https:\/\/lightweb.dev\/l\/svm-temp\/nyheter\/stotta-rosa-bandet\/#breadcrumb","itemListElement":[{"@type":"ListItem","position":1,"name":"Hem","item":"https:\/\/lightweb.dev\/l\/svm-temp\/"},{"@type":"ListItem","position":2,"name":"St\u00f6tta Rosa Bandet"}]},{"@type":"WebSite","@id":"https:\/\/lightweb.dev\/l\/svm-temp\/#website","url":"https:\/\/lightweb.dev\/l\/svm-temp\/","name":"Svenska Magasinet","description":"Dina Spanska nyheter p&aring; Svenska","publisher":{"@id":"https:\/\/lightweb.dev\/l\/svm-temp\/#organization"},"potentialAction":[{"@type":"SearchAction","target":{"@type":"EntryPoint","urlTemplate":"https:\/\/lightweb.dev\/l\/svm-temp\/?s={search_term_string}"},"query-input":{"@type":"PropertyValueSpecification","valueRequired":true,"valueName":"search_term_string"}}],"inLanguage":"sv-SE"},{"@type":"Organization","@id":"https:\/\/lightweb.dev\/l\/svm-temp\/#organization","name":"Melkerson y Nott SL","alternateName":"Svenska Magasinet","url":"https:\/\/lightweb.dev\/l\/svm-temp\/","logo":{"@type":"ImageObject","inLanguage":"sv-SE","@id":"https:\/\/lightweb.dev\/l\/svm-temp\/#\/schema\/logo\/image\/","url":"https:\/\/lightweb.dev\/l\/svm-temp\/wp-content\/uploads\/2025\/02\/SvM-logo-Xtra-Centrerad-SVART.png","contentUrl":"https:\/\/lightweb.dev\/l\/svm-temp\/wp-content\/uploads\/2025\/02\/SvM-logo-Xtra-Centrerad-SVART.png","width":300,"height":99,"caption":"Melkerson y Nott SL"},"image":{"@id":"https:\/\/lightweb.dev\/l\/svm-temp\/#\/schema\/logo\/image\/"},"sameAs":["https:\/\/www.facebook.com\/svenskamagasinet","https:\/\/x.com\/SvenskaMagasine"]},{"@type":"Person","@id":"https:\/\/lightweb.dev\/l\/svm-temp\/#\/schema\/person\/7a82b8a73d171d32360a564b6d03508e","name":"Ola Josefsson","description":"Bevakar Solkusten och Spanien sedan 1994.","sameAs":["https:\/\/lightweb.dev\/l\/svm-temp"],"url":"https:\/\/lightweb.dev\/l\/svm-temp\/reporter\/ola-josefsson\/"}]}},"_links":{"self":[{"href":"https:\/\/lightweb.dev\/l\/svm-temp\/wp-json\/wp\/v2\/posts\/58695","targetHints":{"allow":["GET"]}}],"collection":[{"href":"https:\/\/lightweb.dev\/l\/svm-temp\/wp-json\/wp\/v2\/posts"}],"about":[{"href":"https:\/\/lightweb.dev\/l\/svm-temp\/wp-json\/wp\/v2\/types\/post"}],"author":[{"embeddable":true,"href":"https:\/\/lightweb.dev\/l\/svm-temp\/wp-json\/wp\/v2\/users\/7"}],"replies":[{"embeddable":true,"href":"https:\/\/lightweb.dev\/l\/svm-temp\/wp-json\/wp\/v2\/comments?post=58695"}],"version-history":[{"count":0,"href":"https:\/\/lightweb.dev\/l\/svm-temp\/wp-json\/wp\/v2\/posts\/58695\/revisions"}],"wp:featuredmedia":[{"embeddable":true,"href":"https:\/\/lightweb.dev\/l\/svm-temp\/wp-json\/wp\/v2\/media\/58697"}],"wp:attachment":[{"href":"https:\/\/lightweb.dev\/l\/svm-temp\/wp-json\/wp\/v2\/media?parent=58695"}],"wp:term":[{"taxonomy":"category","embeddable":true,"href":"https:\/\/lightweb.dev\/l\/svm-temp\/wp-json\/wp\/v2\/categories?post=58695"},{"taxonomy":"post_tag","embeddable":true,"href":"https:\/\/lightweb.dev\/l\/svm-temp\/wp-json\/wp\/v2\/tags?post=58695"}],"curies":[{"name":"wp","href":"https:\/\/api.w.org\/{rel}","templated":true}]}}