{"id":59528,"date":"2022-11-17T09:54:54","date_gmt":"2022-11-17T08:54:54","guid":{"rendered":"https:\/\/lightweb.dev\/l\/svm-temp\/?p=59528"},"modified":"2022-11-17T11:24:45","modified_gmt":"2022-11-17T10:24:45","slug":"populart-nojesstalle-brann-i-natt","status":"publish","type":"post","link":"https:\/\/lightweb.dev\/l\/svm-temp\/nyheter\/populart-nojesstalle-brann-i-natt\/","title":{"rendered":"Popul\u00e4rt n\u00f6jesst\u00e4lle brann i natt"},"content":{"rendered":"<p><strong>Den popul\u00e4ra strandrestaurangen El chiringuito Kokun Ocean Club p\u00e5 paseo de Los \u00c1lamos i Torremolinos brann i natt och \u00e4r helt utbr\u00e4nd och f\u00f6rst\u00f6rd. Tidigt i morse fortsatte eftersl\u00e4ckningsarbetet.<\/strong><\/p>\n<p><img loading=\"lazy\" decoding=\"async\" class=\"size-medium wp-image-59531 alignleft\" src=\"https:\/\/lightweb.dev\/l\/svm-temp\/wp-content\/uploads\/2022\/11\/FhuUsXrWAAAOt8H-stor-169x300.jpeg\" alt=\"\" width=\"169\" height=\"300\" srcset=\"https:\/\/lightweb.dev\/l\/svm-temp\/wp-content\/uploads\/2022\/11\/FhuUsXrWAAAOt8H-stor-169x300.jpeg 169w, https:\/\/lightweb.dev\/l\/svm-temp\/wp-content\/uploads\/2022\/11\/FhuUsXrWAAAOt8H-stor-506x900.jpeg 506w, https:\/\/lightweb.dev\/l\/svm-temp\/wp-content\/uploads\/2022\/11\/FhuUsXrWAAAOt8H-stor-610x1084.jpeg 610w, https:\/\/lightweb.dev\/l\/svm-temp\/wp-content\/uploads\/2022\/11\/FhuUsXrWAAAOt8H-stor-600x1067.jpeg 600w, https:\/\/lightweb.dev\/l\/svm-temp\/wp-content\/uploads\/2022\/11\/FhuUsXrWAAAOt8H-stor.jpeg 720w\" sizes=\"(max-width: 169px) 100vw, 169px\" \/><\/p>\n<p>Det var klockan 00.35 som brandf\u00f6rsvaret fick larm om en restaurangbrand p\u00e5 paseo de Los \u00c1lamos. Eftersom det \u00e4r l\u00e5gs\u00e4song har Kokun Ocean Club varit st\u00e4ngd i en omkring en m\u00e5nad, skriver <a href=\"https:\/\/www.diariosur.es\/costadelsol\/torremolinos\/incendio-chiringuito-kokun-torremolinos-queda-calcinado-20221117090142-nt.html\">Diario SUR.<\/a><\/p>\n<p>I januari 2020 intr\u00e4ffade en annan brand d\u00e5 strandrestaurangen eller chiringuiton Moliere Playa brann ned. Liksom Kokun Ocean Club var Moliere Playa ett popul\u00e4rt n\u00f6jesst\u00e4lle i samma omr\u00e5de som arrangerade fester med levande musik.<\/p>\n<p>Moliere Playa \u00e4r numera uppbyggd och heter chiringuito Playa Santa.<\/p>\n<p>Vad som har orsakat nattens brand \u00e4r f\u00f6r tidigt att s\u00e4ga. Nu inleds en f\u00f6runders\u00f6kning som f\u00f6rhoppningsvis ska ge svar p\u00e5 vad som ligger bakom nattens brand.<\/p>\n<p><span class=\"j3r9o2qYZS6kOBdaL4PnIcNwGRf8uH\"><\/p>\n<blockquote class=\"twitter-tweet\" data-width=\"550\" data-dnt=\"true\">\n<p lang=\"es\" dir=\"ltr\">Anoche se calcin\u00f3 el Chiringuito Kokun de Torremolinos. Estaba cerrado al p\u00fablico. <a href=\"https:\/\/t.co\/tqMhz2O6za\">pic.twitter.com\/tqMhz2O6za<\/a><\/p>\n<p>&mdash; Niporwifi \u00a9 (@niporwifi) <a href=\"https:\/\/twitter.com\/niporwifi\/status\/1593128942134644737?ref_src=twsrc%5Etfw\">November 17, 2022<\/a><\/p><\/blockquote>\n<p><script async src=\"https:\/\/platform.twitter.com\/widgets.js\" charset=\"utf-8\"><\/script><\/span><\/p>\n","protected":false},"excerpt":{"rendered":"<p>Den popul\u00e4ra strandrestaurangen El chiringuito Kokun Ocean Club p\u00e5 paseo de Los \u00c1lamos i Torremolinos brann i natt och \u00e4r helt utbr\u00e4nd och f\u00f6rst\u00f6rd. Tidigt i morse fortsatte eftersl\u00e4ckningsarbetet. Det var klockan 00.35 som brandf\u00f6rsvaret fick larm om en restaurangbrand p\u00e5 paseo de Los \u00c1lamos. Eftersom det \u00e4r l\u00e5gs\u00e4song har Kokun Ocean Club varit st\u00e4ngd [&hellip;]<\/p>\n","protected":false},"author":7,"featured_media":59530,"comment_status":"open","ping_status":"closed","sticky":false,"template":"","format":"standard","meta":{"_et_pb_use_builder":"","_et_pb_old_content":"","_et_gb_content_width":"","footnotes":""},"categories":[395,3],"tags":[],"class_list":["post-59528","post","type-post","status-publish","format-standard","has-post-thumbnail","hentry","category-arkiv-nyheter","category-nyheter"],"yoast_head":"<!-- This site is optimized with the Yoast SEO Premium plugin v26.2 (Yoast SEO v27.4) - https:\/\/yoast.com\/product\/yoast-seo-premium-wordpress\/ -->\n<title>Popul\u00e4rt n\u00f6jesst\u00e4lle brann i natt - Svenska Magasinet<\/title>\n<meta name=\"description\" content=\"Den popul\u00e4ra strandrestaurangen El chiringuito Kokun Ocean Club p\u00e5 paseo de Los \u00c1lamos i Torremolinos brann i natt och \u00e4r helt utbr\u00e4nd och f\u00f6rst\u00f6rd. Tidigt i morse fortsatte eftersl\u00e4ckningsarbetet.\" \/>\n<meta name=\"robots\" content=\"noindex, follow, max-snippet:-1, max-image-preview:large, max-video-preview:-1\" \/>\n<meta property=\"og:locale\" content=\"sv_SE\" \/>\n<meta property=\"og:type\" content=\"article\" \/>\n<meta property=\"og:title\" content=\"Popul\u00e4rt n\u00f6jesst\u00e4lle brann i natt\" \/>\n<meta property=\"og:description\" content=\"Den popul\u00e4ra strandrestaurangen El chiringuito Kokun Ocean Club p\u00e5 paseo de Los \u00c1lamos i Torremolinos brann i natt och \u00e4r helt utbr\u00e4nd och f\u00f6rst\u00f6rd. Tidigt i morse fortsatte eftersl\u00e4ckningsarbetet.\" \/>\n<meta property=\"og:url\" content=\"https:\/\/lightweb.dev\/l\/svm-temp\/nyheter\/populart-nojesstalle-brann-i-natt\/\" \/>\n<meta property=\"og:site_name\" content=\"Svenska Magasinet\" \/>\n<meta property=\"article:publisher\" content=\"https:\/\/www.facebook.com\/svenskamagasinet\" \/>\n<meta property=\"article:published_time\" content=\"2022-11-17T08:54:54+00:00\" \/>\n<meta property=\"article:modified_time\" content=\"2022-11-17T10:24:45+00:00\" \/>\n<meta property=\"og:image\" content=\"https:\/\/lightweb.dev\/l\/svm-temp\/wp-content\/uploads\/2022\/11\/KOKUN-stor.jpeg\" \/>\n\t<meta property=\"og:image:width\" content=\"700\" \/>\n\t<meta property=\"og:image:height\" content=\"420\" \/>\n\t<meta property=\"og:image:type\" content=\"image\/jpeg\" \/>\n<meta name=\"author\" content=\"Ola Josefsson\" \/>\n<meta name=\"twitter:card\" content=\"summary_large_image\" \/>\n<meta name=\"twitter:creator\" content=\"@SvenskaMagasine\" \/>\n<meta name=\"twitter:site\" content=\"@SvenskaMagasine\" \/>\n<script type=\"application\/ld+json\" class=\"yoast-schema-graph\">{\"@context\":\"https:\\\/\\\/schema.org\",\"@graph\":[{\"@type\":\"Article\",\"@id\":\"https:\\\/\\\/lightweb.dev\\\/l\\\/svm-temp\\\/nyheter\\\/populart-nojesstalle-brann-i-natt\\\/#article\",\"isPartOf\":{\"@id\":\"https:\\\/\\\/lightweb.dev\\\/l\\\/svm-temp\\\/nyheter\\\/populart-nojesstalle-brann-i-natt\\\/\"},\"author\":{\"name\":\"Ola Josefsson\",\"@id\":\"https:\\\/\\\/lightweb.dev\\\/l\\\/svm-temp\\\/#\\\/schema\\\/person\\\/7a82b8a73d171d32360a564b6d03508e\"},\"headline\":\"Popul\u00e4rt n\u00f6jesst\u00e4lle brann i natt\",\"datePublished\":\"2022-11-17T08:54:54+00:00\",\"dateModified\":\"2022-11-17T10:24:45+00:00\",\"mainEntityOfPage\":{\"@id\":\"https:\\\/\\\/lightweb.dev\\\/l\\\/svm-temp\\\/nyheter\\\/populart-nojesstalle-brann-i-natt\\\/\"},\"wordCount\":172,\"commentCount\":1,\"publisher\":{\"@id\":\"https:\\\/\\\/lightweb.dev\\\/l\\\/svm-temp\\\/#organization\"},\"image\":{\"@id\":\"https:\\\/\\\/lightweb.dev\\\/l\\\/svm-temp\\\/nyheter\\\/populart-nojesstalle-brann-i-natt\\\/#primaryimage\"},\"thumbnailUrl\":\"https:\\\/\\\/lightweb.dev\\\/l\\\/svm-temp\\\/wp-content\\\/uploads\\\/2022\\\/11\\\/KOKUN-stor.jpeg\",\"articleSection\":[\"Arkiv\",\"Nyheter\"],\"inLanguage\":\"sv-SE\"},{\"@type\":\"WebPage\",\"@id\":\"https:\\\/\\\/lightweb.dev\\\/l\\\/svm-temp\\\/nyheter\\\/populart-nojesstalle-brann-i-natt\\\/\",\"url\":\"https:\\\/\\\/lightweb.dev\\\/l\\\/svm-temp\\\/nyheter\\\/populart-nojesstalle-brann-i-natt\\\/\",\"name\":\"Popul\u00e4rt n\u00f6jesst\u00e4lle brann i natt - Svenska Magasinet\",\"isPartOf\":{\"@id\":\"https:\\\/\\\/lightweb.dev\\\/l\\\/svm-temp\\\/#website\"},\"primaryImageOfPage\":{\"@id\":\"https:\\\/\\\/lightweb.dev\\\/l\\\/svm-temp\\\/nyheter\\\/populart-nojesstalle-brann-i-natt\\\/#primaryimage\"},\"image\":{\"@id\":\"https:\\\/\\\/lightweb.dev\\\/l\\\/svm-temp\\\/nyheter\\\/populart-nojesstalle-brann-i-natt\\\/#primaryimage\"},\"thumbnailUrl\":\"https:\\\/\\\/lightweb.dev\\\/l\\\/svm-temp\\\/wp-content\\\/uploads\\\/2022\\\/11\\\/KOKUN-stor.jpeg\",\"datePublished\":\"2022-11-17T08:54:54+00:00\",\"dateModified\":\"2022-11-17T10:24:45+00:00\",\"description\":\"Den popul\u00e4ra strandrestaurangen El chiringuito Kokun Ocean Club p\u00e5 paseo de Los \u00c1lamos i Torremolinos brann i natt och \u00e4r helt utbr\u00e4nd och f\u00f6rst\u00f6rd. Tidigt i morse fortsatte eftersl\u00e4ckningsarbetet.\",\"breadcrumb\":{\"@id\":\"https:\\\/\\\/lightweb.dev\\\/l\\\/svm-temp\\\/nyheter\\\/populart-nojesstalle-brann-i-natt\\\/#breadcrumb\"},\"inLanguage\":\"sv-SE\",\"potentialAction\":[{\"@type\":\"ReadAction\",\"target\":[\"https:\\\/\\\/lightweb.dev\\\/l\\\/svm-temp\\\/nyheter\\\/populart-nojesstalle-brann-i-natt\\\/\"]}]},{\"@type\":\"ImageObject\",\"inLanguage\":\"sv-SE\",\"@id\":\"https:\\\/\\\/lightweb.dev\\\/l\\\/svm-temp\\\/nyheter\\\/populart-nojesstalle-brann-i-natt\\\/#primaryimage\",\"url\":\"https:\\\/\\\/lightweb.dev\\\/l\\\/svm-temp\\\/wp-content\\\/uploads\\\/2022\\\/11\\\/KOKUN-stor.jpeg\",\"contentUrl\":\"https:\\\/\\\/lightweb.dev\\\/l\\\/svm-temp\\\/wp-content\\\/uploads\\\/2022\\\/11\\\/KOKUN-stor.jpeg\",\"width\":700,\"height\":420,\"caption\":\"El chiringuito Kokun Ocean Club p\u00e5 paseo de Los \u00c1lamos i Torremolinos brann ned i natt\"},{\"@type\":\"BreadcrumbList\",\"@id\":\"https:\\\/\\\/lightweb.dev\\\/l\\\/svm-temp\\\/nyheter\\\/populart-nojesstalle-brann-i-natt\\\/#breadcrumb\",\"itemListElement\":[{\"@type\":\"ListItem\",\"position\":1,\"name\":\"Hem\",\"item\":\"https:\\\/\\\/lightweb.dev\\\/l\\\/svm-temp\\\/\"},{\"@type\":\"ListItem\",\"position\":2,\"name\":\"Popul\u00e4rt n\u00f6jesst\u00e4lle brann i natt\"}]},{\"@type\":\"WebSite\",\"@id\":\"https:\\\/\\\/lightweb.dev\\\/l\\\/svm-temp\\\/#website\",\"url\":\"https:\\\/\\\/lightweb.dev\\\/l\\\/svm-temp\\\/\",\"name\":\"Svenska Magasinet\",\"description\":\"Dina Spanska nyheter p&aring; Svenska\",\"publisher\":{\"@id\":\"https:\\\/\\\/lightweb.dev\\\/l\\\/svm-temp\\\/#organization\"},\"potentialAction\":[{\"@type\":\"SearchAction\",\"target\":{\"@type\":\"EntryPoint\",\"urlTemplate\":\"https:\\\/\\\/lightweb.dev\\\/l\\\/svm-temp\\\/?s={search_term_string}\"},\"query-input\":{\"@type\":\"PropertyValueSpecification\",\"valueRequired\":true,\"valueName\":\"search_term_string\"}}],\"inLanguage\":\"sv-SE\"},{\"@type\":\"Organization\",\"@id\":\"https:\\\/\\\/lightweb.dev\\\/l\\\/svm-temp\\\/#organization\",\"name\":\"Melkerson y Nott SL\",\"alternateName\":\"Svenska Magasinet\",\"url\":\"https:\\\/\\\/lightweb.dev\\\/l\\\/svm-temp\\\/\",\"logo\":{\"@type\":\"ImageObject\",\"inLanguage\":\"sv-SE\",\"@id\":\"https:\\\/\\\/lightweb.dev\\\/l\\\/svm-temp\\\/#\\\/schema\\\/logo\\\/image\\\/\",\"url\":\"https:\\\/\\\/lightweb.dev\\\/l\\\/svm-temp\\\/wp-content\\\/uploads\\\/2025\\\/02\\\/SvM-logo-Xtra-Centrerad-SVART.png\",\"contentUrl\":\"https:\\\/\\\/lightweb.dev\\\/l\\\/svm-temp\\\/wp-content\\\/uploads\\\/2025\\\/02\\\/SvM-logo-Xtra-Centrerad-SVART.png\",\"width\":300,\"height\":99,\"caption\":\"Melkerson y Nott SL\"},\"image\":{\"@id\":\"https:\\\/\\\/lightweb.dev\\\/l\\\/svm-temp\\\/#\\\/schema\\\/logo\\\/image\\\/\"},\"sameAs\":[\"https:\\\/\\\/www.facebook.com\\\/svenskamagasinet\",\"https:\\\/\\\/x.com\\\/SvenskaMagasine\"]},{\"@type\":\"Person\",\"@id\":\"https:\\\/\\\/lightweb.dev\\\/l\\\/svm-temp\\\/#\\\/schema\\\/person\\\/7a82b8a73d171d32360a564b6d03508e\",\"name\":\"Ola Josefsson\",\"description\":\"Bevakar Solkusten och Spanien sedan 1994.\",\"sameAs\":[\"https:\\\/\\\/lightweb.dev\\\/l\\\/svm-temp\"],\"url\":\"https:\\\/\\\/lightweb.dev\\\/l\\\/svm-temp\\\/reporter\\\/ola-josefsson\\\/\"}]}<\/script>\n<!-- \/ Yoast SEO Premium plugin. -->","yoast_head_json":{"title":"Popul\u00e4rt n\u00f6jesst\u00e4lle brann i natt - Svenska Magasinet","description":"Den popul\u00e4ra strandrestaurangen El chiringuito Kokun Ocean Club p\u00e5 paseo de Los \u00c1lamos i Torremolinos brann i natt och \u00e4r helt utbr\u00e4nd och f\u00f6rst\u00f6rd. Tidigt i morse fortsatte eftersl\u00e4ckningsarbetet.","robots":{"index":"noindex","follow":"follow","max-snippet":"max-snippet:-1","max-image-preview":"max-image-preview:large","max-video-preview":"max-video-preview:-1"},"og_locale":"sv_SE","og_type":"article","og_title":"Popul\u00e4rt n\u00f6jesst\u00e4lle brann i natt","og_description":"Den popul\u00e4ra strandrestaurangen El chiringuito Kokun Ocean Club p\u00e5 paseo de Los \u00c1lamos i Torremolinos brann i natt och \u00e4r helt utbr\u00e4nd och f\u00f6rst\u00f6rd. Tidigt i morse fortsatte eftersl\u00e4ckningsarbetet.","og_url":"https:\/\/lightweb.dev\/l\/svm-temp\/nyheter\/populart-nojesstalle-brann-i-natt\/","og_site_name":"Svenska Magasinet","article_publisher":"https:\/\/www.facebook.com\/svenskamagasinet","article_published_time":"2022-11-17T08:54:54+00:00","article_modified_time":"2022-11-17T10:24:45+00:00","og_image":[{"width":700,"height":420,"url":"https:\/\/lightweb.dev\/l\/svm-temp\/wp-content\/uploads\/2022\/11\/KOKUN-stor.jpeg","type":"image\/jpeg"}],"author":"Ola Josefsson","twitter_card":"summary_large_image","twitter_creator":"@SvenskaMagasine","twitter_site":"@SvenskaMagasine","schema":{"@context":"https:\/\/schema.org","@graph":[{"@type":"Article","@id":"https:\/\/lightweb.dev\/l\/svm-temp\/nyheter\/populart-nojesstalle-brann-i-natt\/#article","isPartOf":{"@id":"https:\/\/lightweb.dev\/l\/svm-temp\/nyheter\/populart-nojesstalle-brann-i-natt\/"},"author":{"name":"Ola Josefsson","@id":"https:\/\/lightweb.dev\/l\/svm-temp\/#\/schema\/person\/7a82b8a73d171d32360a564b6d03508e"},"headline":"Popul\u00e4rt n\u00f6jesst\u00e4lle brann i natt","datePublished":"2022-11-17T08:54:54+00:00","dateModified":"2022-11-17T10:24:45+00:00","mainEntityOfPage":{"@id":"https:\/\/lightweb.dev\/l\/svm-temp\/nyheter\/populart-nojesstalle-brann-i-natt\/"},"wordCount":172,"commentCount":1,"publisher":{"@id":"https:\/\/lightweb.dev\/l\/svm-temp\/#organization"},"image":{"@id":"https:\/\/lightweb.dev\/l\/svm-temp\/nyheter\/populart-nojesstalle-brann-i-natt\/#primaryimage"},"thumbnailUrl":"https:\/\/lightweb.dev\/l\/svm-temp\/wp-content\/uploads\/2022\/11\/KOKUN-stor.jpeg","articleSection":["Arkiv","Nyheter"],"inLanguage":"sv-SE"},{"@type":"WebPage","@id":"https:\/\/lightweb.dev\/l\/svm-temp\/nyheter\/populart-nojesstalle-brann-i-natt\/","url":"https:\/\/lightweb.dev\/l\/svm-temp\/nyheter\/populart-nojesstalle-brann-i-natt\/","name":"Popul\u00e4rt n\u00f6jesst\u00e4lle brann i natt - Svenska Magasinet","isPartOf":{"@id":"https:\/\/lightweb.dev\/l\/svm-temp\/#website"},"primaryImageOfPage":{"@id":"https:\/\/lightweb.dev\/l\/svm-temp\/nyheter\/populart-nojesstalle-brann-i-natt\/#primaryimage"},"image":{"@id":"https:\/\/lightweb.dev\/l\/svm-temp\/nyheter\/populart-nojesstalle-brann-i-natt\/#primaryimage"},"thumbnailUrl":"https:\/\/lightweb.dev\/l\/svm-temp\/wp-content\/uploads\/2022\/11\/KOKUN-stor.jpeg","datePublished":"2022-11-17T08:54:54+00:00","dateModified":"2022-11-17T10:24:45+00:00","description":"Den popul\u00e4ra strandrestaurangen El chiringuito Kokun Ocean Club p\u00e5 paseo de Los \u00c1lamos i Torremolinos brann i natt och \u00e4r helt utbr\u00e4nd och f\u00f6rst\u00f6rd. Tidigt i morse fortsatte eftersl\u00e4ckningsarbetet.","breadcrumb":{"@id":"https:\/\/lightweb.dev\/l\/svm-temp\/nyheter\/populart-nojesstalle-brann-i-natt\/#breadcrumb"},"inLanguage":"sv-SE","potentialAction":[{"@type":"ReadAction","target":["https:\/\/lightweb.dev\/l\/svm-temp\/nyheter\/populart-nojesstalle-brann-i-natt\/"]}]},{"@type":"ImageObject","inLanguage":"sv-SE","@id":"https:\/\/lightweb.dev\/l\/svm-temp\/nyheter\/populart-nojesstalle-brann-i-natt\/#primaryimage","url":"https:\/\/lightweb.dev\/l\/svm-temp\/wp-content\/uploads\/2022\/11\/KOKUN-stor.jpeg","contentUrl":"https:\/\/lightweb.dev\/l\/svm-temp\/wp-content\/uploads\/2022\/11\/KOKUN-stor.jpeg","width":700,"height":420,"caption":"El chiringuito Kokun Ocean Club p\u00e5 paseo de Los \u00c1lamos i Torremolinos brann ned i natt"},{"@type":"BreadcrumbList","@id":"https:\/\/lightweb.dev\/l\/svm-temp\/nyheter\/populart-nojesstalle-brann-i-natt\/#breadcrumb","itemListElement":[{"@type":"ListItem","position":1,"name":"Hem","item":"https:\/\/lightweb.dev\/l\/svm-temp\/"},{"@type":"ListItem","position":2,"name":"Popul\u00e4rt n\u00f6jesst\u00e4lle brann i natt"}]},{"@type":"WebSite","@id":"https:\/\/lightweb.dev\/l\/svm-temp\/#website","url":"https:\/\/lightweb.dev\/l\/svm-temp\/","name":"Svenska Magasinet","description":"Dina Spanska nyheter p&aring; Svenska","publisher":{"@id":"https:\/\/lightweb.dev\/l\/svm-temp\/#organization"},"potentialAction":[{"@type":"SearchAction","target":{"@type":"EntryPoint","urlTemplate":"https:\/\/lightweb.dev\/l\/svm-temp\/?s={search_term_string}"},"query-input":{"@type":"PropertyValueSpecification","valueRequired":true,"valueName":"search_term_string"}}],"inLanguage":"sv-SE"},{"@type":"Organization","@id":"https:\/\/lightweb.dev\/l\/svm-temp\/#organization","name":"Melkerson y Nott SL","alternateName":"Svenska Magasinet","url":"https:\/\/lightweb.dev\/l\/svm-temp\/","logo":{"@type":"ImageObject","inLanguage":"sv-SE","@id":"https:\/\/lightweb.dev\/l\/svm-temp\/#\/schema\/logo\/image\/","url":"https:\/\/lightweb.dev\/l\/svm-temp\/wp-content\/uploads\/2025\/02\/SvM-logo-Xtra-Centrerad-SVART.png","contentUrl":"https:\/\/lightweb.dev\/l\/svm-temp\/wp-content\/uploads\/2025\/02\/SvM-logo-Xtra-Centrerad-SVART.png","width":300,"height":99,"caption":"Melkerson y Nott SL"},"image":{"@id":"https:\/\/lightweb.dev\/l\/svm-temp\/#\/schema\/logo\/image\/"},"sameAs":["https:\/\/www.facebook.com\/svenskamagasinet","https:\/\/x.com\/SvenskaMagasine"]},{"@type":"Person","@id":"https:\/\/lightweb.dev\/l\/svm-temp\/#\/schema\/person\/7a82b8a73d171d32360a564b6d03508e","name":"Ola Josefsson","description":"Bevakar Solkusten och Spanien sedan 1994.","sameAs":["https:\/\/lightweb.dev\/l\/svm-temp"],"url":"https:\/\/lightweb.dev\/l\/svm-temp\/reporter\/ola-josefsson\/"}]}},"_links":{"self":[{"href":"https:\/\/lightweb.dev\/l\/svm-temp\/wp-json\/wp\/v2\/posts\/59528","targetHints":{"allow":["GET"]}}],"collection":[{"href":"https:\/\/lightweb.dev\/l\/svm-temp\/wp-json\/wp\/v2\/posts"}],"about":[{"href":"https:\/\/lightweb.dev\/l\/svm-temp\/wp-json\/wp\/v2\/types\/post"}],"author":[{"embeddable":true,"href":"https:\/\/lightweb.dev\/l\/svm-temp\/wp-json\/wp\/v2\/users\/7"}],"replies":[{"embeddable":true,"href":"https:\/\/lightweb.dev\/l\/svm-temp\/wp-json\/wp\/v2\/comments?post=59528"}],"version-history":[{"count":0,"href":"https:\/\/lightweb.dev\/l\/svm-temp\/wp-json\/wp\/v2\/posts\/59528\/revisions"}],"wp:featuredmedia":[{"embeddable":true,"href":"https:\/\/lightweb.dev\/l\/svm-temp\/wp-json\/wp\/v2\/media\/59530"}],"wp:attachment":[{"href":"https:\/\/lightweb.dev\/l\/svm-temp\/wp-json\/wp\/v2\/media?parent=59528"}],"wp:term":[{"taxonomy":"category","embeddable":true,"href":"https:\/\/lightweb.dev\/l\/svm-temp\/wp-json\/wp\/v2\/categories?post=59528"},{"taxonomy":"post_tag","embeddable":true,"href":"https:\/\/lightweb.dev\/l\/svm-temp\/wp-json\/wp\/v2\/tags?post=59528"}],"curies":[{"name":"wp","href":"https:\/\/api.w.org\/{rel}","templated":true}]}}