{"id":59533,"date":"2022-11-17T10:21:44","date_gmt":"2022-11-17T09:21:44","guid":{"rendered":"https:\/\/lightweb.dev\/l\/svm-temp\/?p=59533"},"modified":"2022-11-17T10:21:44","modified_gmt":"2022-11-17T09:21:44","slug":"bostadspriserna-okar-en-procent-nasta-ar","status":"publish","type":"post","link":"https:\/\/lightweb.dev\/l\/svm-temp\/nyheter\/bostadspriserna-okar-en-procent-nasta-ar\/","title":{"rendered":"Bostadspriserna \u00f6kar en procent n\u00e4sta \u00e5r"},"content":{"rendered":"<p><strong>En viss nedkylning men ingen kollaps. Utsikterna f\u00f6r 2023 \u00e4r fortsatt goda \u00e4ven om en viss os\u00e4kerhet r\u00e5der. Det visar en unders\u00f6kning fr\u00e5n fastighetsportalen pisos.com f\u00f6r 2023. De f\u00f6rutser en viss \u00e5terh\u00e5llsamhet p\u00e5 fastighetsmarknaden d\u00e4r priserna f\u00f6rv\u00e4ntas \u00f6ka svagt med n\u00e5gon procent.<\/strong><\/p>\n<p>Risken f\u00f6r en bubbla p\u00e5 den spanska fastighetsmarknaden finns inte i nul\u00e4get enligt fastighetsportalen pisos.com.<\/p>\n<p>Ferran Font, talesperson f\u00f6r portalen pisos.com, s\u00e4ger att prognoserna pekar p\u00e5 en genomsnittlig \u00f6kning av bostadspriserna i Spanien p\u00e5 en procent.<\/p>\n<p>P\u00e5 platser med en stor efterfr\u00e5gan som Madrid och Barcelona blir det ingen s\u00e4nkning av priserna. Pisos.com r\u00e4knar med att bostadsmarknaden under 2023 r\u00f6r sig i ett intervall fr\u00e5n minus en procent och tillv\u00e4xt p\u00e5 3 procent.<\/p>\n<p>2022 v\u00e4ntas en pris\u00f6kning p\u00e5 4,5 procent. Siffror som st\u00e5r i kontrast till \u00f6kningarna p\u00e5 7,2 procent eller 6,6 procent f\u00f6r 2017 respektive 2018.<\/p>\n<p>Under 2022 f\u00f6rv\u00e4ntas 620.000 bostadsk\u00f6p vilket \u00e4r en \u00f6kning med tio procent j\u00e4mf\u00f6rt med 2021.<\/p>\n<p>F\u00f6r 2023 f\u00f6rutsp\u00e5r fastighetsportalen pisos.com en minskning med 11 procent vilket blir ungef\u00e4r 551.000 bostadsk\u00f6p.<\/p>\n<p>Andalusien, Katalonien, Madrid och Valencia blir regionerna med h\u00f6gst aktivitet inom bostadsmarknaden. Costa del Sol och Costa Blanca bidrar till det.<\/p>\n","protected":false},"excerpt":{"rendered":"<p>En viss nedkylning men ingen kollaps. Utsikterna f\u00f6r 2023 \u00e4r fortsatt goda \u00e4ven om en viss os\u00e4kerhet r\u00e5der. Det visar en unders\u00f6kning fr\u00e5n fastighetsportalen pisos.com f\u00f6r 2023. De f\u00f6rutser en viss \u00e5terh\u00e5llsamhet p\u00e5 fastighetsmarknaden d\u00e4r priserna f\u00f6rv\u00e4ntas \u00f6ka svagt med n\u00e5gon procent. Risken f\u00f6r en bubbla p\u00e5 den spanska fastighetsmarknaden finns inte i nul\u00e4get enligt [&hellip;]<\/p>\n","protected":false},"author":7,"featured_media":59535,"comment_status":"open","ping_status":"closed","sticky":false,"template":"","format":"standard","meta":{"_et_pb_use_builder":"","_et_pb_old_content":"","_et_gb_content_width":"","footnotes":""},"categories":[395,3],"tags":[],"class_list":["post-59533","post","type-post","status-publish","format-standard","has-post-thumbnail","hentry","category-arkiv-nyheter","category-nyheter"],"yoast_head":"<!-- This site is optimized with the Yoast SEO Premium plugin v26.2 (Yoast SEO v27.4) - https:\/\/yoast.com\/product\/yoast-seo-premium-wordpress\/ -->\n<title>Bostadspriserna \u00f6kar en procent n\u00e4sta \u00e5r - Svenska Magasinet<\/title>\n<meta name=\"description\" content=\"En viss nedkylning men ingen kollaps. Utsikterna f\u00f6r 2023 \u00e4r fortsatt goda \u00e4ven om en viss os\u00e4kerhet r\u00e5der. Det visar en unders\u00f6kning fr\u00e5n fastighetsportalen pisos.com f\u00f6r 2023. De f\u00f6rutser en viss \u00e5terh\u00e5llsamhet p\u00e5 fastighetsmarknaden d\u00e4r priserna f\u00f6rv\u00e4ntas \u00f6ka svagt med n\u00e5gon procent.\" \/>\n<meta name=\"robots\" content=\"noindex, follow, max-snippet:-1, max-image-preview:large, max-video-preview:-1\" \/>\n<meta property=\"og:locale\" content=\"sv_SE\" \/>\n<meta property=\"og:type\" content=\"article\" \/>\n<meta property=\"og:title\" content=\"Bostadspriserna \u00f6kar en procent n\u00e4sta \u00e5r\" \/>\n<meta property=\"og:description\" content=\"En viss nedkylning men ingen kollaps. Utsikterna f\u00f6r 2023 \u00e4r fortsatt goda \u00e4ven om en viss os\u00e4kerhet r\u00e5der. Det visar en unders\u00f6kning fr\u00e5n fastighetsportalen pisos.com f\u00f6r 2023. De f\u00f6rutser en viss \u00e5terh\u00e5llsamhet p\u00e5 fastighetsmarknaden d\u00e4r priserna f\u00f6rv\u00e4ntas \u00f6ka svagt med n\u00e5gon procent.\" \/>\n<meta property=\"og:url\" content=\"https:\/\/lightweb.dev\/l\/svm-temp\/artiklar\/hem-bostad\/bostadspriserna-okar-en-procent-nasta-ar\/\" \/>\n<meta property=\"og:site_name\" content=\"Svenska Magasinet\" \/>\n<meta property=\"article:publisher\" content=\"https:\/\/www.facebook.com\/svenskamagasinet\" \/>\n<meta property=\"article:published_time\" content=\"2022-11-17T09:21:44+00:00\" \/>\n<meta property=\"og:image\" content=\"https:\/\/lightweb.dev\/l\/svm-temp\/wp-content\/uploads\/2022\/11\/IMG_6710-stor.jpeg\" \/>\n\t<meta property=\"og:image:width\" content=\"1280\" \/>\n\t<meta property=\"og:image:height\" content=\"960\" \/>\n\t<meta property=\"og:image:type\" content=\"image\/jpeg\" \/>\n<meta name=\"author\" content=\"Ola Josefsson\" \/>\n<meta name=\"twitter:card\" content=\"summary_large_image\" \/>\n<meta name=\"twitter:creator\" content=\"@SvenskaMagasine\" \/>\n<meta name=\"twitter:site\" content=\"@SvenskaMagasine\" \/>\n<script type=\"application\/ld+json\" class=\"yoast-schema-graph\">{\"@context\":\"https:\\\/\\\/schema.org\",\"@graph\":[{\"@type\":\"Article\",\"@id\":\"https:\\\/\\\/lightweb.dev\\\/l\\\/svm-temp\\\/artiklar\\\/hem-bostad\\\/bostadspriserna-okar-en-procent-nasta-ar\\\/#article\",\"isPartOf\":{\"@id\":\"https:\\\/\\\/lightweb.dev\\\/l\\\/svm-temp\\\/artiklar\\\/hem-bostad\\\/bostadspriserna-okar-en-procent-nasta-ar\\\/\"},\"author\":{\"name\":\"Ola Josefsson\",\"@id\":\"https:\\\/\\\/lightweb.dev\\\/l\\\/svm-temp\\\/#\\\/schema\\\/person\\\/7a82b8a73d171d32360a564b6d03508e\"},\"headline\":\"Bostadspriserna \u00f6kar en procent n\u00e4sta \u00e5r\",\"datePublished\":\"2022-11-17T09:21:44+00:00\",\"mainEntityOfPage\":{\"@id\":\"https:\\\/\\\/lightweb.dev\\\/l\\\/svm-temp\\\/artiklar\\\/hem-bostad\\\/bostadspriserna-okar-en-procent-nasta-ar\\\/\"},\"wordCount\":223,\"commentCount\":1,\"publisher\":{\"@id\":\"https:\\\/\\\/lightweb.dev\\\/l\\\/svm-temp\\\/#organization\"},\"image\":{\"@id\":\"https:\\\/\\\/lightweb.dev\\\/l\\\/svm-temp\\\/artiklar\\\/hem-bostad\\\/bostadspriserna-okar-en-procent-nasta-ar\\\/#primaryimage\"},\"thumbnailUrl\":\"https:\\\/\\\/lightweb.dev\\\/l\\\/svm-temp\\\/wp-content\\\/uploads\\\/2022\\\/11\\\/IMG_6710-stor.jpeg\",\"articleSection\":[\"Arkiv\",\"Nyheter\"],\"inLanguage\":\"sv-SE\"},{\"@type\":\"WebPage\",\"@id\":\"https:\\\/\\\/lightweb.dev\\\/l\\\/svm-temp\\\/artiklar\\\/hem-bostad\\\/bostadspriserna-okar-en-procent-nasta-ar\\\/\",\"url\":\"https:\\\/\\\/lightweb.dev\\\/l\\\/svm-temp\\\/artiklar\\\/hem-bostad\\\/bostadspriserna-okar-en-procent-nasta-ar\\\/\",\"name\":\"Bostadspriserna \u00f6kar en procent n\u00e4sta \u00e5r - Svenska Magasinet\",\"isPartOf\":{\"@id\":\"https:\\\/\\\/lightweb.dev\\\/l\\\/svm-temp\\\/#website\"},\"primaryImageOfPage\":{\"@id\":\"https:\\\/\\\/lightweb.dev\\\/l\\\/svm-temp\\\/artiklar\\\/hem-bostad\\\/bostadspriserna-okar-en-procent-nasta-ar\\\/#primaryimage\"},\"image\":{\"@id\":\"https:\\\/\\\/lightweb.dev\\\/l\\\/svm-temp\\\/artiklar\\\/hem-bostad\\\/bostadspriserna-okar-en-procent-nasta-ar\\\/#primaryimage\"},\"thumbnailUrl\":\"https:\\\/\\\/lightweb.dev\\\/l\\\/svm-temp\\\/wp-content\\\/uploads\\\/2022\\\/11\\\/IMG_6710-stor.jpeg\",\"datePublished\":\"2022-11-17T09:21:44+00:00\",\"description\":\"En viss nedkylning men ingen kollaps. Utsikterna f\u00f6r 2023 \u00e4r fortsatt goda \u00e4ven om en viss os\u00e4kerhet r\u00e5der. Det visar en unders\u00f6kning fr\u00e5n fastighetsportalen pisos.com f\u00f6r 2023. De f\u00f6rutser en viss \u00e5terh\u00e5llsamhet p\u00e5 fastighetsmarknaden d\u00e4r priserna f\u00f6rv\u00e4ntas \u00f6ka svagt med n\u00e5gon procent.\",\"breadcrumb\":{\"@id\":\"https:\\\/\\\/lightweb.dev\\\/l\\\/svm-temp\\\/artiklar\\\/hem-bostad\\\/bostadspriserna-okar-en-procent-nasta-ar\\\/#breadcrumb\"},\"inLanguage\":\"sv-SE\",\"potentialAction\":[{\"@type\":\"ReadAction\",\"target\":[\"https:\\\/\\\/lightweb.dev\\\/l\\\/svm-temp\\\/artiklar\\\/hem-bostad\\\/bostadspriserna-okar-en-procent-nasta-ar\\\/\"]}]},{\"@type\":\"ImageObject\",\"inLanguage\":\"sv-SE\",\"@id\":\"https:\\\/\\\/lightweb.dev\\\/l\\\/svm-temp\\\/artiklar\\\/hem-bostad\\\/bostadspriserna-okar-en-procent-nasta-ar\\\/#primaryimage\",\"url\":\"https:\\\/\\\/lightweb.dev\\\/l\\\/svm-temp\\\/wp-content\\\/uploads\\\/2022\\\/11\\\/IMG_6710-stor.jpeg\",\"contentUrl\":\"https:\\\/\\\/lightweb.dev\\\/l\\\/svm-temp\\\/wp-content\\\/uploads\\\/2022\\\/11\\\/IMG_6710-stor.jpeg\",\"width\":1280,\"height\":960},{\"@type\":\"BreadcrumbList\",\"@id\":\"https:\\\/\\\/lightweb.dev\\\/l\\\/svm-temp\\\/artiklar\\\/hem-bostad\\\/bostadspriserna-okar-en-procent-nasta-ar\\\/#breadcrumb\",\"itemListElement\":[{\"@type\":\"ListItem\",\"position\":1,\"name\":\"Hem\",\"item\":\"https:\\\/\\\/lightweb.dev\\\/l\\\/svm-temp\\\/\"},{\"@type\":\"ListItem\",\"position\":2,\"name\":\"Bostadspriserna \u00f6kar en procent n\u00e4sta \u00e5r\"}]},{\"@type\":\"WebSite\",\"@id\":\"https:\\\/\\\/lightweb.dev\\\/l\\\/svm-temp\\\/#website\",\"url\":\"https:\\\/\\\/lightweb.dev\\\/l\\\/svm-temp\\\/\",\"name\":\"Svenska Magasinet\",\"description\":\"Dina Spanska nyheter p&aring; Svenska\",\"publisher\":{\"@id\":\"https:\\\/\\\/lightweb.dev\\\/l\\\/svm-temp\\\/#organization\"},\"potentialAction\":[{\"@type\":\"SearchAction\",\"target\":{\"@type\":\"EntryPoint\",\"urlTemplate\":\"https:\\\/\\\/lightweb.dev\\\/l\\\/svm-temp\\\/?s={search_term_string}\"},\"query-input\":{\"@type\":\"PropertyValueSpecification\",\"valueRequired\":true,\"valueName\":\"search_term_string\"}}],\"inLanguage\":\"sv-SE\"},{\"@type\":\"Organization\",\"@id\":\"https:\\\/\\\/lightweb.dev\\\/l\\\/svm-temp\\\/#organization\",\"name\":\"Melkerson y Nott SL\",\"alternateName\":\"Svenska Magasinet\",\"url\":\"https:\\\/\\\/lightweb.dev\\\/l\\\/svm-temp\\\/\",\"logo\":{\"@type\":\"ImageObject\",\"inLanguage\":\"sv-SE\",\"@id\":\"https:\\\/\\\/lightweb.dev\\\/l\\\/svm-temp\\\/#\\\/schema\\\/logo\\\/image\\\/\",\"url\":\"https:\\\/\\\/lightweb.dev\\\/l\\\/svm-temp\\\/wp-content\\\/uploads\\\/2025\\\/02\\\/SvM-logo-Xtra-Centrerad-SVART.png\",\"contentUrl\":\"https:\\\/\\\/lightweb.dev\\\/l\\\/svm-temp\\\/wp-content\\\/uploads\\\/2025\\\/02\\\/SvM-logo-Xtra-Centrerad-SVART.png\",\"width\":300,\"height\":99,\"caption\":\"Melkerson y Nott SL\"},\"image\":{\"@id\":\"https:\\\/\\\/lightweb.dev\\\/l\\\/svm-temp\\\/#\\\/schema\\\/logo\\\/image\\\/\"},\"sameAs\":[\"https:\\\/\\\/www.facebook.com\\\/svenskamagasinet\",\"https:\\\/\\\/x.com\\\/SvenskaMagasine\"]},{\"@type\":\"Person\",\"@id\":\"https:\\\/\\\/lightweb.dev\\\/l\\\/svm-temp\\\/#\\\/schema\\\/person\\\/7a82b8a73d171d32360a564b6d03508e\",\"name\":\"Ola Josefsson\",\"description\":\"Bevakar Solkusten och Spanien sedan 1994.\",\"sameAs\":[\"https:\\\/\\\/lightweb.dev\\\/l\\\/svm-temp\"],\"url\":\"https:\\\/\\\/lightweb.dev\\\/l\\\/svm-temp\\\/reporter\\\/ola-josefsson\\\/\"}]}<\/script>\n<!-- \/ Yoast SEO Premium plugin. -->","yoast_head_json":{"title":"Bostadspriserna \u00f6kar en procent n\u00e4sta \u00e5r - Svenska Magasinet","description":"En viss nedkylning men ingen kollaps. Utsikterna f\u00f6r 2023 \u00e4r fortsatt goda \u00e4ven om en viss os\u00e4kerhet r\u00e5der. Det visar en unders\u00f6kning fr\u00e5n fastighetsportalen pisos.com f\u00f6r 2023. De f\u00f6rutser en viss \u00e5terh\u00e5llsamhet p\u00e5 fastighetsmarknaden d\u00e4r priserna f\u00f6rv\u00e4ntas \u00f6ka svagt med n\u00e5gon procent.","robots":{"index":"noindex","follow":"follow","max-snippet":"max-snippet:-1","max-image-preview":"max-image-preview:large","max-video-preview":"max-video-preview:-1"},"og_locale":"sv_SE","og_type":"article","og_title":"Bostadspriserna \u00f6kar en procent n\u00e4sta \u00e5r","og_description":"En viss nedkylning men ingen kollaps. Utsikterna f\u00f6r 2023 \u00e4r fortsatt goda \u00e4ven om en viss os\u00e4kerhet r\u00e5der. Det visar en unders\u00f6kning fr\u00e5n fastighetsportalen pisos.com f\u00f6r 2023. De f\u00f6rutser en viss \u00e5terh\u00e5llsamhet p\u00e5 fastighetsmarknaden d\u00e4r priserna f\u00f6rv\u00e4ntas \u00f6ka svagt med n\u00e5gon procent.","og_url":"https:\/\/lightweb.dev\/l\/svm-temp\/artiklar\/hem-bostad\/bostadspriserna-okar-en-procent-nasta-ar\/","og_site_name":"Svenska Magasinet","article_publisher":"https:\/\/www.facebook.com\/svenskamagasinet","article_published_time":"2022-11-17T09:21:44+00:00","og_image":[{"width":1280,"height":960,"url":"https:\/\/lightweb.dev\/l\/svm-temp\/wp-content\/uploads\/2022\/11\/IMG_6710-stor.jpeg","type":"image\/jpeg"}],"author":"Ola Josefsson","twitter_card":"summary_large_image","twitter_creator":"@SvenskaMagasine","twitter_site":"@SvenskaMagasine","schema":{"@context":"https:\/\/schema.org","@graph":[{"@type":"Article","@id":"https:\/\/lightweb.dev\/l\/svm-temp\/artiklar\/hem-bostad\/bostadspriserna-okar-en-procent-nasta-ar\/#article","isPartOf":{"@id":"https:\/\/lightweb.dev\/l\/svm-temp\/artiklar\/hem-bostad\/bostadspriserna-okar-en-procent-nasta-ar\/"},"author":{"name":"Ola Josefsson","@id":"https:\/\/lightweb.dev\/l\/svm-temp\/#\/schema\/person\/7a82b8a73d171d32360a564b6d03508e"},"headline":"Bostadspriserna \u00f6kar en procent n\u00e4sta \u00e5r","datePublished":"2022-11-17T09:21:44+00:00","mainEntityOfPage":{"@id":"https:\/\/lightweb.dev\/l\/svm-temp\/artiklar\/hem-bostad\/bostadspriserna-okar-en-procent-nasta-ar\/"},"wordCount":223,"commentCount":1,"publisher":{"@id":"https:\/\/lightweb.dev\/l\/svm-temp\/#organization"},"image":{"@id":"https:\/\/lightweb.dev\/l\/svm-temp\/artiklar\/hem-bostad\/bostadspriserna-okar-en-procent-nasta-ar\/#primaryimage"},"thumbnailUrl":"https:\/\/lightweb.dev\/l\/svm-temp\/wp-content\/uploads\/2022\/11\/IMG_6710-stor.jpeg","articleSection":["Arkiv","Nyheter"],"inLanguage":"sv-SE"},{"@type":"WebPage","@id":"https:\/\/lightweb.dev\/l\/svm-temp\/artiklar\/hem-bostad\/bostadspriserna-okar-en-procent-nasta-ar\/","url":"https:\/\/lightweb.dev\/l\/svm-temp\/artiklar\/hem-bostad\/bostadspriserna-okar-en-procent-nasta-ar\/","name":"Bostadspriserna \u00f6kar en procent n\u00e4sta \u00e5r - Svenska Magasinet","isPartOf":{"@id":"https:\/\/lightweb.dev\/l\/svm-temp\/#website"},"primaryImageOfPage":{"@id":"https:\/\/lightweb.dev\/l\/svm-temp\/artiklar\/hem-bostad\/bostadspriserna-okar-en-procent-nasta-ar\/#primaryimage"},"image":{"@id":"https:\/\/lightweb.dev\/l\/svm-temp\/artiklar\/hem-bostad\/bostadspriserna-okar-en-procent-nasta-ar\/#primaryimage"},"thumbnailUrl":"https:\/\/lightweb.dev\/l\/svm-temp\/wp-content\/uploads\/2022\/11\/IMG_6710-stor.jpeg","datePublished":"2022-11-17T09:21:44+00:00","description":"En viss nedkylning men ingen kollaps. Utsikterna f\u00f6r 2023 \u00e4r fortsatt goda \u00e4ven om en viss os\u00e4kerhet r\u00e5der. Det visar en unders\u00f6kning fr\u00e5n fastighetsportalen pisos.com f\u00f6r 2023. De f\u00f6rutser en viss \u00e5terh\u00e5llsamhet p\u00e5 fastighetsmarknaden d\u00e4r priserna f\u00f6rv\u00e4ntas \u00f6ka svagt med n\u00e5gon procent.","breadcrumb":{"@id":"https:\/\/lightweb.dev\/l\/svm-temp\/artiklar\/hem-bostad\/bostadspriserna-okar-en-procent-nasta-ar\/#breadcrumb"},"inLanguage":"sv-SE","potentialAction":[{"@type":"ReadAction","target":["https:\/\/lightweb.dev\/l\/svm-temp\/artiklar\/hem-bostad\/bostadspriserna-okar-en-procent-nasta-ar\/"]}]},{"@type":"ImageObject","inLanguage":"sv-SE","@id":"https:\/\/lightweb.dev\/l\/svm-temp\/artiklar\/hem-bostad\/bostadspriserna-okar-en-procent-nasta-ar\/#primaryimage","url":"https:\/\/lightweb.dev\/l\/svm-temp\/wp-content\/uploads\/2022\/11\/IMG_6710-stor.jpeg","contentUrl":"https:\/\/lightweb.dev\/l\/svm-temp\/wp-content\/uploads\/2022\/11\/IMG_6710-stor.jpeg","width":1280,"height":960},{"@type":"BreadcrumbList","@id":"https:\/\/lightweb.dev\/l\/svm-temp\/artiklar\/hem-bostad\/bostadspriserna-okar-en-procent-nasta-ar\/#breadcrumb","itemListElement":[{"@type":"ListItem","position":1,"name":"Hem","item":"https:\/\/lightweb.dev\/l\/svm-temp\/"},{"@type":"ListItem","position":2,"name":"Bostadspriserna \u00f6kar en procent n\u00e4sta \u00e5r"}]},{"@type":"WebSite","@id":"https:\/\/lightweb.dev\/l\/svm-temp\/#website","url":"https:\/\/lightweb.dev\/l\/svm-temp\/","name":"Svenska Magasinet","description":"Dina Spanska nyheter p&aring; Svenska","publisher":{"@id":"https:\/\/lightweb.dev\/l\/svm-temp\/#organization"},"potentialAction":[{"@type":"SearchAction","target":{"@type":"EntryPoint","urlTemplate":"https:\/\/lightweb.dev\/l\/svm-temp\/?s={search_term_string}"},"query-input":{"@type":"PropertyValueSpecification","valueRequired":true,"valueName":"search_term_string"}}],"inLanguage":"sv-SE"},{"@type":"Organization","@id":"https:\/\/lightweb.dev\/l\/svm-temp\/#organization","name":"Melkerson y Nott SL","alternateName":"Svenska Magasinet","url":"https:\/\/lightweb.dev\/l\/svm-temp\/","logo":{"@type":"ImageObject","inLanguage":"sv-SE","@id":"https:\/\/lightweb.dev\/l\/svm-temp\/#\/schema\/logo\/image\/","url":"https:\/\/lightweb.dev\/l\/svm-temp\/wp-content\/uploads\/2025\/02\/SvM-logo-Xtra-Centrerad-SVART.png","contentUrl":"https:\/\/lightweb.dev\/l\/svm-temp\/wp-content\/uploads\/2025\/02\/SvM-logo-Xtra-Centrerad-SVART.png","width":300,"height":99,"caption":"Melkerson y Nott SL"},"image":{"@id":"https:\/\/lightweb.dev\/l\/svm-temp\/#\/schema\/logo\/image\/"},"sameAs":["https:\/\/www.facebook.com\/svenskamagasinet","https:\/\/x.com\/SvenskaMagasine"]},{"@type":"Person","@id":"https:\/\/lightweb.dev\/l\/svm-temp\/#\/schema\/person\/7a82b8a73d171d32360a564b6d03508e","name":"Ola Josefsson","description":"Bevakar Solkusten och Spanien sedan 1994.","sameAs":["https:\/\/lightweb.dev\/l\/svm-temp"],"url":"https:\/\/lightweb.dev\/l\/svm-temp\/reporter\/ola-josefsson\/"}]}},"_links":{"self":[{"href":"https:\/\/lightweb.dev\/l\/svm-temp\/wp-json\/wp\/v2\/posts\/59533","targetHints":{"allow":["GET"]}}],"collection":[{"href":"https:\/\/lightweb.dev\/l\/svm-temp\/wp-json\/wp\/v2\/posts"}],"about":[{"href":"https:\/\/lightweb.dev\/l\/svm-temp\/wp-json\/wp\/v2\/types\/post"}],"author":[{"embeddable":true,"href":"https:\/\/lightweb.dev\/l\/svm-temp\/wp-json\/wp\/v2\/users\/7"}],"replies":[{"embeddable":true,"href":"https:\/\/lightweb.dev\/l\/svm-temp\/wp-json\/wp\/v2\/comments?post=59533"}],"version-history":[{"count":0,"href":"https:\/\/lightweb.dev\/l\/svm-temp\/wp-json\/wp\/v2\/posts\/59533\/revisions"}],"wp:featuredmedia":[{"embeddable":true,"href":"https:\/\/lightweb.dev\/l\/svm-temp\/wp-json\/wp\/v2\/media\/59535"}],"wp:attachment":[{"href":"https:\/\/lightweb.dev\/l\/svm-temp\/wp-json\/wp\/v2\/media?parent=59533"}],"wp:term":[{"taxonomy":"category","embeddable":true,"href":"https:\/\/lightweb.dev\/l\/svm-temp\/wp-json\/wp\/v2\/categories?post=59533"},{"taxonomy":"post_tag","embeddable":true,"href":"https:\/\/lightweb.dev\/l\/svm-temp\/wp-json\/wp\/v2\/tags?post=59533"}],"curies":[{"name":"wp","href":"https:\/\/api.w.org\/{rel}","templated":true}]}}