{"id":59565,"date":"2022-11-20T11:43:11","date_gmt":"2022-11-20T10:43:11","guid":{"rendered":"https:\/\/lightweb.dev\/l\/svm-temp\/?p=59565"},"modified":"2022-11-23T12:15:25","modified_gmt":"2022-11-23T11:15:25","slug":"47-ar-sedan-franco-dog","status":"publish","type":"post","link":"https:\/\/lightweb.dev\/l\/svm-temp\/nyheter\/47-ar-sedan-franco-dog\/","title":{"rendered":"47 \u00e5r sedan Franco dog"},"content":{"rendered":"<p><strong>Idag \u00e4r det \u00e5rsdagen f\u00f6r <\/strong><strong>Francisco Francos d\u00f6d 1975. \u00c4ven om lagen om det historiska minnet som landets v\u00e4nsterregering har drivet igenom och som f\u00f6rbjuder hyllningar av Franco s\u00e5 uppm\u00e4rksammas han p\u00e5 olika s\u00e4tt.<\/strong><\/p>\n<p>I torsdags h\u00f6lls en minnesstund f\u00f6r Spaniens tidigare diktator Franco vid en kyrka i Madrid. Och \u00e4nnu placeras m\u00e4ngder av blommor vid Francos grav p\u00e5 kyrkog\u00e5rden Mingorrubio i El Pardo utanf\u00f6r Madrid.<\/p>\n<p>Franco l\u00e5g tidigare begravd i Valle de los Ca\u00eddos nordv\u00e4st om Madrid. Kvarlevorna flyttades 24 oktober 2019 till kyrkog\u00e5rden i El Pardo.<\/p>\n<p>P\u00e5 s\u00f6ndagen h\u00f6lls en minnesstunder f\u00f6r Franco vid Mingorrubio, Plaza de Oriente i Madrid och i Valle de los Ca\u00eddos som numera har namnet Valle de los Cuelgamuros som var platsens ursprungliga namn.<\/p>\n<p>Falangistpartiet arrangerade ocks\u00e5 en marsch till Jos\u00e9 Antonio Primo de Riveras f\u00f6delsehem i Madrid. Han var politiker och falangistpartiets grundare och sk\u00f6ts till d\u00f6ds av republikens anh\u00e4ngare den 20 november 1936.<\/p>\n<p>Spaniens regering vill b\u00f6tf\u00e4lla dem som deltar i minnesstunder f\u00f6re Franco den 20 november med 10.000 till 150.000 euro.<\/p>\n<div id=\"attachment_59567\" style=\"width: 299px\" class=\"wp-caption alignleft\"><img loading=\"lazy\" decoding=\"async\" aria-describedby=\"caption-attachment-59567\" class=\"wp-image-59567\" src=\"https:\/\/lightweb.dev\/l\/svm-temp\/wp-content\/uploads\/2022\/11\/WhatsApp-Image-2022-11-20-at-09.28.19.jpeg\" alt=\"\" width=\"289\" height=\"217\" srcset=\"https:\/\/lightweb.dev\/l\/svm-temp\/wp-content\/uploads\/2022\/11\/WhatsApp-Image-2022-11-20-at-09.28.19.jpeg 2048w, https:\/\/lightweb.dev\/l\/svm-temp\/wp-content\/uploads\/2022\/11\/WhatsApp-Image-2022-11-20-at-09.28.19-300x225.jpeg 300w, https:\/\/lightweb.dev\/l\/svm-temp\/wp-content\/uploads\/2022\/11\/WhatsApp-Image-2022-11-20-at-09.28.19-900x675.jpeg 900w, https:\/\/lightweb.dev\/l\/svm-temp\/wp-content\/uploads\/2022\/11\/WhatsApp-Image-2022-11-20-at-09.28.19-768x576.jpeg 768w, https:\/\/lightweb.dev\/l\/svm-temp\/wp-content\/uploads\/2022\/11\/WhatsApp-Image-2022-11-20-at-09.28.19-1536x1152.jpeg 1536w, https:\/\/lightweb.dev\/l\/svm-temp\/wp-content\/uploads\/2022\/11\/WhatsApp-Image-2022-11-20-at-09.28.19-610x458.jpeg 610w, https:\/\/lightweb.dev\/l\/svm-temp\/wp-content\/uploads\/2022\/11\/WhatsApp-Image-2022-11-20-at-09.28.19-1080x810.jpeg 1080w, https:\/\/lightweb.dev\/l\/svm-temp\/wp-content\/uploads\/2022\/11\/WhatsApp-Image-2022-11-20-at-09.28.19-600x450.jpeg 600w\" sizes=\"(max-width: 289px) 100vw, 289px\" \/><p id=\"caption-attachment-59567\" class=\"wp-caption-text\">Sedan oktober 2019 ligger Franco begravd i El Pardo. Fortsatt placeras blommor vid graven.<\/p><\/div>\n<p>&nbsp;<\/p>\n<p>&nbsp;<\/p>\n<p>&nbsp;<\/p>\n<p>&nbsp;<\/p>\n<p>&nbsp;<\/p>\n<p>&nbsp;<\/p>\n<p>&nbsp;<\/p>\n<p>&nbsp;<\/p>\n<div id=\"attachment_59568\" style=\"width: 290px\" class=\"wp-caption alignleft\"><img loading=\"lazy\" decoding=\"async\" aria-describedby=\"caption-attachment-59568\" class=\"wp-image-59568\" src=\"https:\/\/lightweb.dev\/l\/svm-temp\/wp-content\/uploads\/2022\/11\/WhatsApp-Image-2022-11-20-at-09.29.20.jpeg\" alt=\"\" width=\"280\" height=\"210\" srcset=\"https:\/\/lightweb.dev\/l\/svm-temp\/wp-content\/uploads\/2022\/11\/WhatsApp-Image-2022-11-20-at-09.29.20.jpeg 2048w, https:\/\/lightweb.dev\/l\/svm-temp\/wp-content\/uploads\/2022\/11\/WhatsApp-Image-2022-11-20-at-09.29.20-300x225.jpeg 300w, https:\/\/lightweb.dev\/l\/svm-temp\/wp-content\/uploads\/2022\/11\/WhatsApp-Image-2022-11-20-at-09.29.20-900x675.jpeg 900w, https:\/\/lightweb.dev\/l\/svm-temp\/wp-content\/uploads\/2022\/11\/WhatsApp-Image-2022-11-20-at-09.29.20-768x576.jpeg 768w, https:\/\/lightweb.dev\/l\/svm-temp\/wp-content\/uploads\/2022\/11\/WhatsApp-Image-2022-11-20-at-09.29.20-1536x1152.jpeg 1536w, https:\/\/lightweb.dev\/l\/svm-temp\/wp-content\/uploads\/2022\/11\/WhatsApp-Image-2022-11-20-at-09.29.20-610x458.jpeg 610w, https:\/\/lightweb.dev\/l\/svm-temp\/wp-content\/uploads\/2022\/11\/WhatsApp-Image-2022-11-20-at-09.29.20-1080x810.jpeg 1080w, https:\/\/lightweb.dev\/l\/svm-temp\/wp-content\/uploads\/2022\/11\/WhatsApp-Image-2022-11-20-at-09.29.20-600x450.jpeg 600w\" sizes=\"(max-width: 280px) 100vw, 280px\" \/><p id=\"caption-attachment-59568\" class=\"wp-caption-text\">Franco flyttades fr\u00e5n Valle de los Ca\u00eddos 24 oktober 2019.<\/p><\/div>\n<p>&nbsp;<\/p>\n<p>&nbsp;<\/p>\n<p>&nbsp;<\/p>\n<p>&nbsp;<\/p>\n<p>&nbsp;<\/p>\n<p>&nbsp;<\/p>\n<p>&nbsp;<\/p>\n<p>&nbsp;<\/p>\n","protected":false},"excerpt":{"rendered":"<p>Idag \u00e4r det \u00e5rsdagen f\u00f6r Francisco Francos d\u00f6d 1975. \u00c4ven om lagen om det historiska minnet som landets v\u00e4nsterregering har drivet igenom och som f\u00f6rbjuder hyllningar av Franco s\u00e5 uppm\u00e4rksammas han p\u00e5 olika s\u00e4tt. I torsdags h\u00f6lls en minnesstund f\u00f6r Spaniens tidigare diktator Franco vid en kyrka i Madrid. Och \u00e4nnu placeras m\u00e4ngder av blommor [&hellip;]<\/p>\n","protected":false},"author":7,"featured_media":59569,"comment_status":"open","ping_status":"closed","sticky":false,"template":"","format":"standard","meta":{"_et_pb_use_builder":"","_et_pb_old_content":"","_et_gb_content_width":"","footnotes":""},"categories":[395,3],"tags":[],"class_list":["post-59565","post","type-post","status-publish","format-standard","has-post-thumbnail","hentry","category-arkiv-nyheter","category-nyheter"],"yoast_head":"<!-- This site is optimized with the Yoast SEO Premium plugin v26.2 (Yoast SEO v27.4) - https:\/\/yoast.com\/product\/yoast-seo-premium-wordpress\/ -->\n<title>47 \u00e5r sedan Franco dog - Svenska Magasinet<\/title>\n<meta name=\"description\" content=\"Idag \u00e4r det \u00e5rsdagen f\u00f6rFrancisco Francos d\u00f6d 1975. \u00c4ven om lagen om det historiska minnet som landets v\u00e4nsterregering har drivet igenom och som f\u00f6rbjuder hyllningar av Franco s\u00e5 uppm\u00e4rksammas han p\u00e5 olika s\u00e4tt.\" \/>\n<meta name=\"robots\" content=\"noindex, follow, max-snippet:-1, max-image-preview:large, max-video-preview:-1\" \/>\n<meta property=\"og:locale\" content=\"sv_SE\" \/>\n<meta property=\"og:type\" content=\"article\" \/>\n<meta property=\"og:title\" content=\"47 \u00e5r sedan Franco dog\" \/>\n<meta property=\"og:description\" content=\"Idag \u00e4r det \u00e5rsdagen f\u00f6rFrancisco Francos d\u00f6d 1975. \u00c4ven om lagen om det historiska minnet som landets v\u00e4nsterregering har drivet igenom och som f\u00f6rbjuder hyllningar av Franco s\u00e5 uppm\u00e4rksammas han p\u00e5 olika s\u00e4tt.\" \/>\n<meta property=\"og:url\" content=\"https:\/\/lightweb.dev\/l\/svm-temp\/nyheter\/47-ar-sedan-franco-dog\/\" \/>\n<meta property=\"og:site_name\" content=\"Svenska Magasinet\" \/>\n<meta property=\"article:publisher\" content=\"https:\/\/www.facebook.com\/svenskamagasinet\" \/>\n<meta property=\"article:published_time\" content=\"2022-11-20T10:43:11+00:00\" \/>\n<meta property=\"article:modified_time\" content=\"2022-11-23T11:15:25+00:00\" \/>\n<meta property=\"og:image\" content=\"https:\/\/lightweb.dev\/l\/svm-temp\/wp-content\/uploads\/2022\/11\/WhatsApp-Image-2022-11-20-at-09.33.10.jpeg\" \/>\n\t<meta property=\"og:image:width\" content=\"2048\" \/>\n\t<meta property=\"og:image:height\" content=\"1536\" \/>\n\t<meta property=\"og:image:type\" content=\"image\/jpeg\" \/>\n<meta name=\"author\" content=\"Ola Josefsson\" \/>\n<meta name=\"twitter:card\" content=\"summary_large_image\" \/>\n<meta name=\"twitter:creator\" content=\"@SvenskaMagasine\" \/>\n<meta name=\"twitter:site\" content=\"@SvenskaMagasine\" \/>\n<script type=\"application\/ld+json\" class=\"yoast-schema-graph\">{\"@context\":\"https:\\\/\\\/schema.org\",\"@graph\":[{\"@type\":\"Article\",\"@id\":\"https:\\\/\\\/lightweb.dev\\\/l\\\/svm-temp\\\/nyheter\\\/47-ar-sedan-franco-dog\\\/#article\",\"isPartOf\":{\"@id\":\"https:\\\/\\\/lightweb.dev\\\/l\\\/svm-temp\\\/nyheter\\\/47-ar-sedan-franco-dog\\\/\"},\"author\":{\"name\":\"Ola Josefsson\",\"@id\":\"https:\\\/\\\/lightweb.dev\\\/l\\\/svm-temp\\\/#\\\/schema\\\/person\\\/7a82b8a73d171d32360a564b6d03508e\"},\"headline\":\"47 \u00e5r sedan Franco dog\",\"datePublished\":\"2022-11-20T10:43:11+00:00\",\"dateModified\":\"2022-11-23T11:15:25+00:00\",\"mainEntityOfPage\":{\"@id\":\"https:\\\/\\\/lightweb.dev\\\/l\\\/svm-temp\\\/nyheter\\\/47-ar-sedan-franco-dog\\\/\"},\"wordCount\":246,\"commentCount\":1,\"publisher\":{\"@id\":\"https:\\\/\\\/lightweb.dev\\\/l\\\/svm-temp\\\/#organization\"},\"image\":{\"@id\":\"https:\\\/\\\/lightweb.dev\\\/l\\\/svm-temp\\\/nyheter\\\/47-ar-sedan-franco-dog\\\/#primaryimage\"},\"thumbnailUrl\":\"https:\\\/\\\/lightweb.dev\\\/l\\\/svm-temp\\\/wp-content\\\/uploads\\\/2022\\\/11\\\/WhatsApp-Image-2022-11-20-at-09.33.10.jpeg\",\"articleSection\":[\"Arkiv\",\"Nyheter\"],\"inLanguage\":\"sv-SE\"},{\"@type\":\"WebPage\",\"@id\":\"https:\\\/\\\/lightweb.dev\\\/l\\\/svm-temp\\\/nyheter\\\/47-ar-sedan-franco-dog\\\/\",\"url\":\"https:\\\/\\\/lightweb.dev\\\/l\\\/svm-temp\\\/nyheter\\\/47-ar-sedan-franco-dog\\\/\",\"name\":\"47 \u00e5r sedan Franco dog - Svenska Magasinet\",\"isPartOf\":{\"@id\":\"https:\\\/\\\/lightweb.dev\\\/l\\\/svm-temp\\\/#website\"},\"primaryImageOfPage\":{\"@id\":\"https:\\\/\\\/lightweb.dev\\\/l\\\/svm-temp\\\/nyheter\\\/47-ar-sedan-franco-dog\\\/#primaryimage\"},\"image\":{\"@id\":\"https:\\\/\\\/lightweb.dev\\\/l\\\/svm-temp\\\/nyheter\\\/47-ar-sedan-franco-dog\\\/#primaryimage\"},\"thumbnailUrl\":\"https:\\\/\\\/lightweb.dev\\\/l\\\/svm-temp\\\/wp-content\\\/uploads\\\/2022\\\/11\\\/WhatsApp-Image-2022-11-20-at-09.33.10.jpeg\",\"datePublished\":\"2022-11-20T10:43:11+00:00\",\"dateModified\":\"2022-11-23T11:15:25+00:00\",\"description\":\"Idag \u00e4r det \u00e5rsdagen f\u00f6rFrancisco Francos d\u00f6d 1975. \u00c4ven om lagen om det historiska minnet som landets v\u00e4nsterregering har drivet igenom och som f\u00f6rbjuder hyllningar av Franco s\u00e5 uppm\u00e4rksammas han p\u00e5 olika s\u00e4tt.\",\"breadcrumb\":{\"@id\":\"https:\\\/\\\/lightweb.dev\\\/l\\\/svm-temp\\\/nyheter\\\/47-ar-sedan-franco-dog\\\/#breadcrumb\"},\"inLanguage\":\"sv-SE\",\"potentialAction\":[{\"@type\":\"ReadAction\",\"target\":[\"https:\\\/\\\/lightweb.dev\\\/l\\\/svm-temp\\\/nyheter\\\/47-ar-sedan-franco-dog\\\/\"]}]},{\"@type\":\"ImageObject\",\"inLanguage\":\"sv-SE\",\"@id\":\"https:\\\/\\\/lightweb.dev\\\/l\\\/svm-temp\\\/nyheter\\\/47-ar-sedan-franco-dog\\\/#primaryimage\",\"url\":\"https:\\\/\\\/lightweb.dev\\\/l\\\/svm-temp\\\/wp-content\\\/uploads\\\/2022\\\/11\\\/WhatsApp-Image-2022-11-20-at-09.33.10.jpeg\",\"contentUrl\":\"https:\\\/\\\/lightweb.dev\\\/l\\\/svm-temp\\\/wp-content\\\/uploads\\\/2022\\\/11\\\/WhatsApp-Image-2022-11-20-at-09.33.10.jpeg\",\"width\":2048,\"height\":1536},{\"@type\":\"BreadcrumbList\",\"@id\":\"https:\\\/\\\/lightweb.dev\\\/l\\\/svm-temp\\\/nyheter\\\/47-ar-sedan-franco-dog\\\/#breadcrumb\",\"itemListElement\":[{\"@type\":\"ListItem\",\"position\":1,\"name\":\"Hem\",\"item\":\"https:\\\/\\\/lightweb.dev\\\/l\\\/svm-temp\\\/\"},{\"@type\":\"ListItem\",\"position\":2,\"name\":\"47 \u00e5r sedan Franco dog\"}]},{\"@type\":\"WebSite\",\"@id\":\"https:\\\/\\\/lightweb.dev\\\/l\\\/svm-temp\\\/#website\",\"url\":\"https:\\\/\\\/lightweb.dev\\\/l\\\/svm-temp\\\/\",\"name\":\"Svenska Magasinet\",\"description\":\"Dina Spanska nyheter p&aring; Svenska\",\"publisher\":{\"@id\":\"https:\\\/\\\/lightweb.dev\\\/l\\\/svm-temp\\\/#organization\"},\"potentialAction\":[{\"@type\":\"SearchAction\",\"target\":{\"@type\":\"EntryPoint\",\"urlTemplate\":\"https:\\\/\\\/lightweb.dev\\\/l\\\/svm-temp\\\/?s={search_term_string}\"},\"query-input\":{\"@type\":\"PropertyValueSpecification\",\"valueRequired\":true,\"valueName\":\"search_term_string\"}}],\"inLanguage\":\"sv-SE\"},{\"@type\":\"Organization\",\"@id\":\"https:\\\/\\\/lightweb.dev\\\/l\\\/svm-temp\\\/#organization\",\"name\":\"Melkerson y Nott SL\",\"alternateName\":\"Svenska Magasinet\",\"url\":\"https:\\\/\\\/lightweb.dev\\\/l\\\/svm-temp\\\/\",\"logo\":{\"@type\":\"ImageObject\",\"inLanguage\":\"sv-SE\",\"@id\":\"https:\\\/\\\/lightweb.dev\\\/l\\\/svm-temp\\\/#\\\/schema\\\/logo\\\/image\\\/\",\"url\":\"https:\\\/\\\/lightweb.dev\\\/l\\\/svm-temp\\\/wp-content\\\/uploads\\\/2025\\\/02\\\/SvM-logo-Xtra-Centrerad-SVART.png\",\"contentUrl\":\"https:\\\/\\\/lightweb.dev\\\/l\\\/svm-temp\\\/wp-content\\\/uploads\\\/2025\\\/02\\\/SvM-logo-Xtra-Centrerad-SVART.png\",\"width\":300,\"height\":99,\"caption\":\"Melkerson y Nott SL\"},\"image\":{\"@id\":\"https:\\\/\\\/lightweb.dev\\\/l\\\/svm-temp\\\/#\\\/schema\\\/logo\\\/image\\\/\"},\"sameAs\":[\"https:\\\/\\\/www.facebook.com\\\/svenskamagasinet\",\"https:\\\/\\\/x.com\\\/SvenskaMagasine\"]},{\"@type\":\"Person\",\"@id\":\"https:\\\/\\\/lightweb.dev\\\/l\\\/svm-temp\\\/#\\\/schema\\\/person\\\/7a82b8a73d171d32360a564b6d03508e\",\"name\":\"Ola Josefsson\",\"description\":\"Bevakar Solkusten och Spanien sedan 1994.\",\"sameAs\":[\"https:\\\/\\\/lightweb.dev\\\/l\\\/svm-temp\"],\"url\":\"https:\\\/\\\/lightweb.dev\\\/l\\\/svm-temp\\\/reporter\\\/ola-josefsson\\\/\"}]}<\/script>\n<!-- \/ Yoast SEO Premium plugin. -->","yoast_head_json":{"title":"47 \u00e5r sedan Franco dog - Svenska Magasinet","description":"Idag \u00e4r det \u00e5rsdagen f\u00f6rFrancisco Francos d\u00f6d 1975. \u00c4ven om lagen om det historiska minnet som landets v\u00e4nsterregering har drivet igenom och som f\u00f6rbjuder hyllningar av Franco s\u00e5 uppm\u00e4rksammas han p\u00e5 olika s\u00e4tt.","robots":{"index":"noindex","follow":"follow","max-snippet":"max-snippet:-1","max-image-preview":"max-image-preview:large","max-video-preview":"max-video-preview:-1"},"og_locale":"sv_SE","og_type":"article","og_title":"47 \u00e5r sedan Franco dog","og_description":"Idag \u00e4r det \u00e5rsdagen f\u00f6rFrancisco Francos d\u00f6d 1975. \u00c4ven om lagen om det historiska minnet som landets v\u00e4nsterregering har drivet igenom och som f\u00f6rbjuder hyllningar av Franco s\u00e5 uppm\u00e4rksammas han p\u00e5 olika s\u00e4tt.","og_url":"https:\/\/lightweb.dev\/l\/svm-temp\/nyheter\/47-ar-sedan-franco-dog\/","og_site_name":"Svenska Magasinet","article_publisher":"https:\/\/www.facebook.com\/svenskamagasinet","article_published_time":"2022-11-20T10:43:11+00:00","article_modified_time":"2022-11-23T11:15:25+00:00","og_image":[{"width":2048,"height":1536,"url":"https:\/\/lightweb.dev\/l\/svm-temp\/wp-content\/uploads\/2022\/11\/WhatsApp-Image-2022-11-20-at-09.33.10.jpeg","type":"image\/jpeg"}],"author":"Ola Josefsson","twitter_card":"summary_large_image","twitter_creator":"@SvenskaMagasine","twitter_site":"@SvenskaMagasine","schema":{"@context":"https:\/\/schema.org","@graph":[{"@type":"Article","@id":"https:\/\/lightweb.dev\/l\/svm-temp\/nyheter\/47-ar-sedan-franco-dog\/#article","isPartOf":{"@id":"https:\/\/lightweb.dev\/l\/svm-temp\/nyheter\/47-ar-sedan-franco-dog\/"},"author":{"name":"Ola Josefsson","@id":"https:\/\/lightweb.dev\/l\/svm-temp\/#\/schema\/person\/7a82b8a73d171d32360a564b6d03508e"},"headline":"47 \u00e5r sedan Franco dog","datePublished":"2022-11-20T10:43:11+00:00","dateModified":"2022-11-23T11:15:25+00:00","mainEntityOfPage":{"@id":"https:\/\/lightweb.dev\/l\/svm-temp\/nyheter\/47-ar-sedan-franco-dog\/"},"wordCount":246,"commentCount":1,"publisher":{"@id":"https:\/\/lightweb.dev\/l\/svm-temp\/#organization"},"image":{"@id":"https:\/\/lightweb.dev\/l\/svm-temp\/nyheter\/47-ar-sedan-franco-dog\/#primaryimage"},"thumbnailUrl":"https:\/\/lightweb.dev\/l\/svm-temp\/wp-content\/uploads\/2022\/11\/WhatsApp-Image-2022-11-20-at-09.33.10.jpeg","articleSection":["Arkiv","Nyheter"],"inLanguage":"sv-SE"},{"@type":"WebPage","@id":"https:\/\/lightweb.dev\/l\/svm-temp\/nyheter\/47-ar-sedan-franco-dog\/","url":"https:\/\/lightweb.dev\/l\/svm-temp\/nyheter\/47-ar-sedan-franco-dog\/","name":"47 \u00e5r sedan Franco dog - Svenska Magasinet","isPartOf":{"@id":"https:\/\/lightweb.dev\/l\/svm-temp\/#website"},"primaryImageOfPage":{"@id":"https:\/\/lightweb.dev\/l\/svm-temp\/nyheter\/47-ar-sedan-franco-dog\/#primaryimage"},"image":{"@id":"https:\/\/lightweb.dev\/l\/svm-temp\/nyheter\/47-ar-sedan-franco-dog\/#primaryimage"},"thumbnailUrl":"https:\/\/lightweb.dev\/l\/svm-temp\/wp-content\/uploads\/2022\/11\/WhatsApp-Image-2022-11-20-at-09.33.10.jpeg","datePublished":"2022-11-20T10:43:11+00:00","dateModified":"2022-11-23T11:15:25+00:00","description":"Idag \u00e4r det \u00e5rsdagen f\u00f6rFrancisco Francos d\u00f6d 1975. \u00c4ven om lagen om det historiska minnet som landets v\u00e4nsterregering har drivet igenom och som f\u00f6rbjuder hyllningar av Franco s\u00e5 uppm\u00e4rksammas han p\u00e5 olika s\u00e4tt.","breadcrumb":{"@id":"https:\/\/lightweb.dev\/l\/svm-temp\/nyheter\/47-ar-sedan-franco-dog\/#breadcrumb"},"inLanguage":"sv-SE","potentialAction":[{"@type":"ReadAction","target":["https:\/\/lightweb.dev\/l\/svm-temp\/nyheter\/47-ar-sedan-franco-dog\/"]}]},{"@type":"ImageObject","inLanguage":"sv-SE","@id":"https:\/\/lightweb.dev\/l\/svm-temp\/nyheter\/47-ar-sedan-franco-dog\/#primaryimage","url":"https:\/\/lightweb.dev\/l\/svm-temp\/wp-content\/uploads\/2022\/11\/WhatsApp-Image-2022-11-20-at-09.33.10.jpeg","contentUrl":"https:\/\/lightweb.dev\/l\/svm-temp\/wp-content\/uploads\/2022\/11\/WhatsApp-Image-2022-11-20-at-09.33.10.jpeg","width":2048,"height":1536},{"@type":"BreadcrumbList","@id":"https:\/\/lightweb.dev\/l\/svm-temp\/nyheter\/47-ar-sedan-franco-dog\/#breadcrumb","itemListElement":[{"@type":"ListItem","position":1,"name":"Hem","item":"https:\/\/lightweb.dev\/l\/svm-temp\/"},{"@type":"ListItem","position":2,"name":"47 \u00e5r sedan Franco dog"}]},{"@type":"WebSite","@id":"https:\/\/lightweb.dev\/l\/svm-temp\/#website","url":"https:\/\/lightweb.dev\/l\/svm-temp\/","name":"Svenska Magasinet","description":"Dina Spanska nyheter p&aring; Svenska","publisher":{"@id":"https:\/\/lightweb.dev\/l\/svm-temp\/#organization"},"potentialAction":[{"@type":"SearchAction","target":{"@type":"EntryPoint","urlTemplate":"https:\/\/lightweb.dev\/l\/svm-temp\/?s={search_term_string}"},"query-input":{"@type":"PropertyValueSpecification","valueRequired":true,"valueName":"search_term_string"}}],"inLanguage":"sv-SE"},{"@type":"Organization","@id":"https:\/\/lightweb.dev\/l\/svm-temp\/#organization","name":"Melkerson y Nott SL","alternateName":"Svenska Magasinet","url":"https:\/\/lightweb.dev\/l\/svm-temp\/","logo":{"@type":"ImageObject","inLanguage":"sv-SE","@id":"https:\/\/lightweb.dev\/l\/svm-temp\/#\/schema\/logo\/image\/","url":"https:\/\/lightweb.dev\/l\/svm-temp\/wp-content\/uploads\/2025\/02\/SvM-logo-Xtra-Centrerad-SVART.png","contentUrl":"https:\/\/lightweb.dev\/l\/svm-temp\/wp-content\/uploads\/2025\/02\/SvM-logo-Xtra-Centrerad-SVART.png","width":300,"height":99,"caption":"Melkerson y Nott SL"},"image":{"@id":"https:\/\/lightweb.dev\/l\/svm-temp\/#\/schema\/logo\/image\/"},"sameAs":["https:\/\/www.facebook.com\/svenskamagasinet","https:\/\/x.com\/SvenskaMagasine"]},{"@type":"Person","@id":"https:\/\/lightweb.dev\/l\/svm-temp\/#\/schema\/person\/7a82b8a73d171d32360a564b6d03508e","name":"Ola Josefsson","description":"Bevakar Solkusten och Spanien sedan 1994.","sameAs":["https:\/\/lightweb.dev\/l\/svm-temp"],"url":"https:\/\/lightweb.dev\/l\/svm-temp\/reporter\/ola-josefsson\/"}]}},"_links":{"self":[{"href":"https:\/\/lightweb.dev\/l\/svm-temp\/wp-json\/wp\/v2\/posts\/59565","targetHints":{"allow":["GET"]}}],"collection":[{"href":"https:\/\/lightweb.dev\/l\/svm-temp\/wp-json\/wp\/v2\/posts"}],"about":[{"href":"https:\/\/lightweb.dev\/l\/svm-temp\/wp-json\/wp\/v2\/types\/post"}],"author":[{"embeddable":true,"href":"https:\/\/lightweb.dev\/l\/svm-temp\/wp-json\/wp\/v2\/users\/7"}],"replies":[{"embeddable":true,"href":"https:\/\/lightweb.dev\/l\/svm-temp\/wp-json\/wp\/v2\/comments?post=59565"}],"version-history":[{"count":0,"href":"https:\/\/lightweb.dev\/l\/svm-temp\/wp-json\/wp\/v2\/posts\/59565\/revisions"}],"wp:featuredmedia":[{"embeddable":true,"href":"https:\/\/lightweb.dev\/l\/svm-temp\/wp-json\/wp\/v2\/media\/59569"}],"wp:attachment":[{"href":"https:\/\/lightweb.dev\/l\/svm-temp\/wp-json\/wp\/v2\/media?parent=59565"}],"wp:term":[{"taxonomy":"category","embeddable":true,"href":"https:\/\/lightweb.dev\/l\/svm-temp\/wp-json\/wp\/v2\/categories?post=59565"},{"taxonomy":"post_tag","embeddable":true,"href":"https:\/\/lightweb.dev\/l\/svm-temp\/wp-json\/wp\/v2\/tags?post=59565"}],"curies":[{"name":"wp","href":"https:\/\/api.w.org\/{rel}","templated":true}]}}