{"id":59597,"date":"2022-11-22T10:10:43","date_gmt":"2022-11-22T09:10:43","guid":{"rendered":"https:\/\/lightweb.dev\/l\/svm-temp\/?p=59597"},"modified":"2022-11-22T10:10:43","modified_gmt":"2022-11-22T09:10:43","slug":"solidaritetskampanjen-gran-recogida-de-bancosol-tillbaka","status":"publish","type":"post","link":"https:\/\/lightweb.dev\/l\/svm-temp\/nyheter\/solidaritetskampanjen-gran-recogida-de-bancosol-tillbaka\/","title":{"rendered":"Solidaritetskampanjen Gran Recogida de Bancosol tillbaka"},"content":{"rendered":"<p><strong>P\u00e5 fredag (25\/11) och l\u00f6rdag (26\/11) \u00e4r solidaritetskampanjen tillbaka d\u00e5 vi alla kan bidra med basvaror och livsmedel till beh\u00f6vande. 4.000 frivilliga st\u00e4ller upp i 330 livsmedelsbutiker med att samla in livsmedel.<\/strong><\/p>\n<p>Du som bes\u00f6ker din livsmedelsbutik kan fylla en kasse med baslivsmedel och sk\u00e4nka den till hj\u00e4lporganisationen Bancosol (Banco de Alimentos de la Costa del Sol) som st\u00e5r bakom Gran Recogida de Alimentos 2022.<\/p>\n<p><img loading=\"lazy\" decoding=\"async\" class=\"size-medium wp-image-59600 alignleft\" src=\"https:\/\/lightweb.dev\/l\/svm-temp\/wp-content\/uploads\/2022\/11\/FhglB-WIAAKkld-stor-300x300.jpeg\" alt=\"\" width=\"300\" height=\"300\" srcset=\"https:\/\/lightweb.dev\/l\/svm-temp\/wp-content\/uploads\/2022\/11\/FhglB-WIAAKkld-stor-300x300.jpeg 300w, https:\/\/lightweb.dev\/l\/svm-temp\/wp-content\/uploads\/2022\/11\/FhglB-WIAAKkld-stor-900x900.jpeg 900w, https:\/\/lightweb.dev\/l\/svm-temp\/wp-content\/uploads\/2022\/11\/FhglB-WIAAKkld-stor-150x150.jpeg 150w, https:\/\/lightweb.dev\/l\/svm-temp\/wp-content\/uploads\/2022\/11\/FhglB-WIAAKkld-stor-768x768.jpeg 768w, https:\/\/lightweb.dev\/l\/svm-temp\/wp-content\/uploads\/2022\/11\/FhglB-WIAAKkld-stor-610x610.jpeg 610w, https:\/\/lightweb.dev\/l\/svm-temp\/wp-content\/uploads\/2022\/11\/FhglB-WIAAKkld-stor-1080x1080.jpeg 1080w, https:\/\/lightweb.dev\/l\/svm-temp\/wp-content\/uploads\/2022\/11\/FhglB-WIAAKkld-stor-440x440.jpeg 440w, https:\/\/lightweb.dev\/l\/svm-temp\/wp-content\/uploads\/2022\/11\/FhglB-WIAAKkld-stor-600x600.jpeg 600w, https:\/\/lightweb.dev\/l\/svm-temp\/wp-content\/uploads\/2022\/11\/FhglB-WIAAKkld-stor-100x100.jpeg 100w, https:\/\/lightweb.dev\/l\/svm-temp\/wp-content\/uploads\/2022\/11\/FhglB-WIAAKkld-stor.jpeg 1280w\" sizes=\"(max-width: 300px) 100vw, 300px\" \/><\/p>\n<p>M\u00e5nga frivilliga st\u00e4ller upp och hj\u00e4lper till under Gran Recogida de Alimentos 2022. Bancosol r\u00e4knar med att baslivsmedel till ett v\u00e4rde av 1.070.000 euro samlas in.<\/p>\n<p>Till \u00e5rets insamling bed\u00f6ms situationen vara extra sv\u00e5r d\u00e5 inflationen p\u00e5verkar alla oavsett ekonomi.<\/p>\n<p>Det g\u00e5r \u00e4ven att donera pengar via Bizum 00887 eller p\u00e5 kontona ES74 2100 2529 3502 1002 2162 och ES38 2103 0285 7100 3000 2314.<\/p>\n<p>Enbart i provinsen M\u00e1laga \u00e4r det 50.290 personer som f\u00e5r hj\u00e4lp genom Bancosol.<\/p>\n","protected":false},"excerpt":{"rendered":"<p>P\u00e5 fredag (25\/11) och l\u00f6rdag (26\/11) \u00e4r solidaritetskampanjen tillbaka d\u00e5 vi alla kan bidra med basvaror och livsmedel till beh\u00f6vande. 4.000 frivilliga st\u00e4ller upp i 330 livsmedelsbutiker med att samla in livsmedel. Du som bes\u00f6ker din livsmedelsbutik kan fylla en kasse med baslivsmedel och sk\u00e4nka den till hj\u00e4lporganisationen Bancosol (Banco de Alimentos de la Costa [&hellip;]<\/p>\n","protected":false},"author":7,"featured_media":59599,"comment_status":"open","ping_status":"closed","sticky":false,"template":"","format":"standard","meta":{"_et_pb_use_builder":"","_et_pb_old_content":"","_et_gb_content_width":"","footnotes":""},"categories":[395,3],"tags":[],"class_list":["post-59597","post","type-post","status-publish","format-standard","has-post-thumbnail","hentry","category-arkiv-nyheter","category-nyheter"],"yoast_head":"<!-- This site is optimized with the Yoast SEO Premium plugin v26.2 (Yoast SEO v27.4) - https:\/\/yoast.com\/product\/yoast-seo-premium-wordpress\/ -->\n<title>Solidaritetskampanjen Gran Recogida de Bancosol tillbaka - Svenska Magasinet<\/title>\n<meta name=\"description\" content=\"P\u00e5 fredag (25\/11) och l\u00f6rdag (26\/11) \u00e4r solidaritetskampanjen tillbaka d\u00e5 vi alla kan bidra med basvaror och livsmedel till beh\u00f6vande. 4.000 frivilliga st\u00e4ller upp i 330 livsmedelsbutiker med att samla in livsmedel.\" \/>\n<meta name=\"robots\" content=\"noindex, follow, max-snippet:-1, max-image-preview:large, max-video-preview:-1\" \/>\n<meta property=\"og:locale\" content=\"sv_SE\" \/>\n<meta property=\"og:type\" content=\"article\" \/>\n<meta property=\"og:title\" content=\"Solidaritetskampanjen Gran Recogida de Bancosol tillbaka\" \/>\n<meta property=\"og:description\" content=\"P\u00e5 fredag (25\/11) och l\u00f6rdag (26\/11) \u00e4r solidaritetskampanjen tillbaka d\u00e5 vi alla kan bidra med basvaror och livsmedel till beh\u00f6vande. 4.000 frivilliga st\u00e4ller upp i 330 livsmedelsbutiker med att samla in livsmedel.\" \/>\n<meta property=\"og:url\" content=\"https:\/\/lightweb.dev\/l\/svm-temp\/nyheter\/solidaritetskampanjen-gran-recogida-de-bancosol-tillbaka\/\" \/>\n<meta property=\"og:site_name\" content=\"Svenska Magasinet\" \/>\n<meta property=\"article:publisher\" content=\"https:\/\/www.facebook.com\/svenskamagasinet\" \/>\n<meta property=\"article:published_time\" content=\"2022-11-22T09:10:43+00:00\" \/>\n<meta property=\"og:image\" content=\"https:\/\/lightweb.dev\/l\/svm-temp\/wp-content\/uploads\/2022\/11\/fotonoticia_20221121160253_1200-stor.jpeg\" \/>\n\t<meta property=\"og:image:width\" content=\"1200\" \/>\n\t<meta property=\"og:image:height\" content=\"1107\" \/>\n\t<meta property=\"og:image:type\" content=\"image\/jpeg\" \/>\n<meta name=\"author\" content=\"Ola Josefsson\" \/>\n<meta name=\"twitter:card\" content=\"summary_large_image\" \/>\n<meta name=\"twitter:creator\" content=\"@SvenskaMagasine\" \/>\n<meta name=\"twitter:site\" content=\"@SvenskaMagasine\" \/>\n<script type=\"application\/ld+json\" class=\"yoast-schema-graph\">{\"@context\":\"https:\\\/\\\/schema.org\",\"@graph\":[{\"@type\":\"Article\",\"@id\":\"https:\\\/\\\/lightweb.dev\\\/l\\\/svm-temp\\\/nyheter\\\/solidaritetskampanjen-gran-recogida-de-bancosol-tillbaka\\\/#article\",\"isPartOf\":{\"@id\":\"https:\\\/\\\/lightweb.dev\\\/l\\\/svm-temp\\\/nyheter\\\/solidaritetskampanjen-gran-recogida-de-bancosol-tillbaka\\\/\"},\"author\":{\"name\":\"Ola Josefsson\",\"@id\":\"https:\\\/\\\/lightweb.dev\\\/l\\\/svm-temp\\\/#\\\/schema\\\/person\\\/7a82b8a73d171d32360a564b6d03508e\"},\"headline\":\"Solidaritetskampanjen Gran Recogida de Bancosol tillbaka\",\"datePublished\":\"2022-11-22T09:10:43+00:00\",\"mainEntityOfPage\":{\"@id\":\"https:\\\/\\\/lightweb.dev\\\/l\\\/svm-temp\\\/nyheter\\\/solidaritetskampanjen-gran-recogida-de-bancosol-tillbaka\\\/\"},\"wordCount\":149,\"commentCount\":1,\"publisher\":{\"@id\":\"https:\\\/\\\/lightweb.dev\\\/l\\\/svm-temp\\\/#organization\"},\"image\":{\"@id\":\"https:\\\/\\\/lightweb.dev\\\/l\\\/svm-temp\\\/nyheter\\\/solidaritetskampanjen-gran-recogida-de-bancosol-tillbaka\\\/#primaryimage\"},\"thumbnailUrl\":\"https:\\\/\\\/lightweb.dev\\\/l\\\/svm-temp\\\/wp-content\\\/uploads\\\/2022\\\/11\\\/fotonoticia_20221121160253_1200-stor.jpeg\",\"articleSection\":[\"Arkiv\",\"Nyheter\"],\"inLanguage\":\"sv-SE\"},{\"@type\":\"WebPage\",\"@id\":\"https:\\\/\\\/lightweb.dev\\\/l\\\/svm-temp\\\/nyheter\\\/solidaritetskampanjen-gran-recogida-de-bancosol-tillbaka\\\/\",\"url\":\"https:\\\/\\\/lightweb.dev\\\/l\\\/svm-temp\\\/nyheter\\\/solidaritetskampanjen-gran-recogida-de-bancosol-tillbaka\\\/\",\"name\":\"Solidaritetskampanjen Gran Recogida de Bancosol tillbaka - Svenska Magasinet\",\"isPartOf\":{\"@id\":\"https:\\\/\\\/lightweb.dev\\\/l\\\/svm-temp\\\/#website\"},\"primaryImageOfPage\":{\"@id\":\"https:\\\/\\\/lightweb.dev\\\/l\\\/svm-temp\\\/nyheter\\\/solidaritetskampanjen-gran-recogida-de-bancosol-tillbaka\\\/#primaryimage\"},\"image\":{\"@id\":\"https:\\\/\\\/lightweb.dev\\\/l\\\/svm-temp\\\/nyheter\\\/solidaritetskampanjen-gran-recogida-de-bancosol-tillbaka\\\/#primaryimage\"},\"thumbnailUrl\":\"https:\\\/\\\/lightweb.dev\\\/l\\\/svm-temp\\\/wp-content\\\/uploads\\\/2022\\\/11\\\/fotonoticia_20221121160253_1200-stor.jpeg\",\"datePublished\":\"2022-11-22T09:10:43+00:00\",\"description\":\"P\u00e5 fredag (25\\\/11) och l\u00f6rdag (26\\\/11) \u00e4r solidaritetskampanjen tillbaka d\u00e5 vi alla kan bidra med basvaror och livsmedel till beh\u00f6vande. 4.000 frivilliga st\u00e4ller upp i 330 livsmedelsbutiker med att samla in livsmedel.\",\"breadcrumb\":{\"@id\":\"https:\\\/\\\/lightweb.dev\\\/l\\\/svm-temp\\\/nyheter\\\/solidaritetskampanjen-gran-recogida-de-bancosol-tillbaka\\\/#breadcrumb\"},\"inLanguage\":\"sv-SE\",\"potentialAction\":[{\"@type\":\"ReadAction\",\"target\":[\"https:\\\/\\\/lightweb.dev\\\/l\\\/svm-temp\\\/nyheter\\\/solidaritetskampanjen-gran-recogida-de-bancosol-tillbaka\\\/\"]}]},{\"@type\":\"ImageObject\",\"inLanguage\":\"sv-SE\",\"@id\":\"https:\\\/\\\/lightweb.dev\\\/l\\\/svm-temp\\\/nyheter\\\/solidaritetskampanjen-gran-recogida-de-bancosol-tillbaka\\\/#primaryimage\",\"url\":\"https:\\\/\\\/lightweb.dev\\\/l\\\/svm-temp\\\/wp-content\\\/uploads\\\/2022\\\/11\\\/fotonoticia_20221121160253_1200-stor.jpeg\",\"contentUrl\":\"https:\\\/\\\/lightweb.dev\\\/l\\\/svm-temp\\\/wp-content\\\/uploads\\\/2022\\\/11\\\/fotonoticia_20221121160253_1200-stor.jpeg\",\"width\":1200,\"height\":1107,\"caption\":\"P\u00e5 fredag och l\u00f6rdag kan vi alla bidra till att samla in mat till beh\u00f6vande (Foto: Junta de Andalucia)\"},{\"@type\":\"BreadcrumbList\",\"@id\":\"https:\\\/\\\/lightweb.dev\\\/l\\\/svm-temp\\\/nyheter\\\/solidaritetskampanjen-gran-recogida-de-bancosol-tillbaka\\\/#breadcrumb\",\"itemListElement\":[{\"@type\":\"ListItem\",\"position\":1,\"name\":\"Hem\",\"item\":\"https:\\\/\\\/lightweb.dev\\\/l\\\/svm-temp\\\/\"},{\"@type\":\"ListItem\",\"position\":2,\"name\":\"Solidaritetskampanjen Gran Recogida de Bancosol tillbaka\"}]},{\"@type\":\"WebSite\",\"@id\":\"https:\\\/\\\/lightweb.dev\\\/l\\\/svm-temp\\\/#website\",\"url\":\"https:\\\/\\\/lightweb.dev\\\/l\\\/svm-temp\\\/\",\"name\":\"Svenska Magasinet\",\"description\":\"Dina Spanska nyheter p&aring; Svenska\",\"publisher\":{\"@id\":\"https:\\\/\\\/lightweb.dev\\\/l\\\/svm-temp\\\/#organization\"},\"potentialAction\":[{\"@type\":\"SearchAction\",\"target\":{\"@type\":\"EntryPoint\",\"urlTemplate\":\"https:\\\/\\\/lightweb.dev\\\/l\\\/svm-temp\\\/?s={search_term_string}\"},\"query-input\":{\"@type\":\"PropertyValueSpecification\",\"valueRequired\":true,\"valueName\":\"search_term_string\"}}],\"inLanguage\":\"sv-SE\"},{\"@type\":\"Organization\",\"@id\":\"https:\\\/\\\/lightweb.dev\\\/l\\\/svm-temp\\\/#organization\",\"name\":\"Melkerson y Nott SL\",\"alternateName\":\"Svenska Magasinet\",\"url\":\"https:\\\/\\\/lightweb.dev\\\/l\\\/svm-temp\\\/\",\"logo\":{\"@type\":\"ImageObject\",\"inLanguage\":\"sv-SE\",\"@id\":\"https:\\\/\\\/lightweb.dev\\\/l\\\/svm-temp\\\/#\\\/schema\\\/logo\\\/image\\\/\",\"url\":\"https:\\\/\\\/lightweb.dev\\\/l\\\/svm-temp\\\/wp-content\\\/uploads\\\/2025\\\/02\\\/SvM-logo-Xtra-Centrerad-SVART.png\",\"contentUrl\":\"https:\\\/\\\/lightweb.dev\\\/l\\\/svm-temp\\\/wp-content\\\/uploads\\\/2025\\\/02\\\/SvM-logo-Xtra-Centrerad-SVART.png\",\"width\":300,\"height\":99,\"caption\":\"Melkerson y Nott SL\"},\"image\":{\"@id\":\"https:\\\/\\\/lightweb.dev\\\/l\\\/svm-temp\\\/#\\\/schema\\\/logo\\\/image\\\/\"},\"sameAs\":[\"https:\\\/\\\/www.facebook.com\\\/svenskamagasinet\",\"https:\\\/\\\/x.com\\\/SvenskaMagasine\"]},{\"@type\":\"Person\",\"@id\":\"https:\\\/\\\/lightweb.dev\\\/l\\\/svm-temp\\\/#\\\/schema\\\/person\\\/7a82b8a73d171d32360a564b6d03508e\",\"name\":\"Ola Josefsson\",\"description\":\"Bevakar Solkusten och Spanien sedan 1994.\",\"sameAs\":[\"https:\\\/\\\/lightweb.dev\\\/l\\\/svm-temp\"],\"url\":\"https:\\\/\\\/lightweb.dev\\\/l\\\/svm-temp\\\/reporter\\\/ola-josefsson\\\/\"}]}<\/script>\n<!-- \/ Yoast SEO Premium plugin. -->","yoast_head_json":{"title":"Solidaritetskampanjen Gran Recogida de Bancosol tillbaka - Svenska Magasinet","description":"P\u00e5 fredag (25\/11) och l\u00f6rdag (26\/11) \u00e4r solidaritetskampanjen tillbaka d\u00e5 vi alla kan bidra med basvaror och livsmedel till beh\u00f6vande. 4.000 frivilliga st\u00e4ller upp i 330 livsmedelsbutiker med att samla in livsmedel.","robots":{"index":"noindex","follow":"follow","max-snippet":"max-snippet:-1","max-image-preview":"max-image-preview:large","max-video-preview":"max-video-preview:-1"},"og_locale":"sv_SE","og_type":"article","og_title":"Solidaritetskampanjen Gran Recogida de Bancosol tillbaka","og_description":"P\u00e5 fredag (25\/11) och l\u00f6rdag (26\/11) \u00e4r solidaritetskampanjen tillbaka d\u00e5 vi alla kan bidra med basvaror och livsmedel till beh\u00f6vande. 4.000 frivilliga st\u00e4ller upp i 330 livsmedelsbutiker med att samla in livsmedel.","og_url":"https:\/\/lightweb.dev\/l\/svm-temp\/nyheter\/solidaritetskampanjen-gran-recogida-de-bancosol-tillbaka\/","og_site_name":"Svenska Magasinet","article_publisher":"https:\/\/www.facebook.com\/svenskamagasinet","article_published_time":"2022-11-22T09:10:43+00:00","og_image":[{"width":1200,"height":1107,"url":"https:\/\/lightweb.dev\/l\/svm-temp\/wp-content\/uploads\/2022\/11\/fotonoticia_20221121160253_1200-stor.jpeg","type":"image\/jpeg"}],"author":"Ola Josefsson","twitter_card":"summary_large_image","twitter_creator":"@SvenskaMagasine","twitter_site":"@SvenskaMagasine","schema":{"@context":"https:\/\/schema.org","@graph":[{"@type":"Article","@id":"https:\/\/lightweb.dev\/l\/svm-temp\/nyheter\/solidaritetskampanjen-gran-recogida-de-bancosol-tillbaka\/#article","isPartOf":{"@id":"https:\/\/lightweb.dev\/l\/svm-temp\/nyheter\/solidaritetskampanjen-gran-recogida-de-bancosol-tillbaka\/"},"author":{"name":"Ola Josefsson","@id":"https:\/\/lightweb.dev\/l\/svm-temp\/#\/schema\/person\/7a82b8a73d171d32360a564b6d03508e"},"headline":"Solidaritetskampanjen Gran Recogida de Bancosol tillbaka","datePublished":"2022-11-22T09:10:43+00:00","mainEntityOfPage":{"@id":"https:\/\/lightweb.dev\/l\/svm-temp\/nyheter\/solidaritetskampanjen-gran-recogida-de-bancosol-tillbaka\/"},"wordCount":149,"commentCount":1,"publisher":{"@id":"https:\/\/lightweb.dev\/l\/svm-temp\/#organization"},"image":{"@id":"https:\/\/lightweb.dev\/l\/svm-temp\/nyheter\/solidaritetskampanjen-gran-recogida-de-bancosol-tillbaka\/#primaryimage"},"thumbnailUrl":"https:\/\/lightweb.dev\/l\/svm-temp\/wp-content\/uploads\/2022\/11\/fotonoticia_20221121160253_1200-stor.jpeg","articleSection":["Arkiv","Nyheter"],"inLanguage":"sv-SE"},{"@type":"WebPage","@id":"https:\/\/lightweb.dev\/l\/svm-temp\/nyheter\/solidaritetskampanjen-gran-recogida-de-bancosol-tillbaka\/","url":"https:\/\/lightweb.dev\/l\/svm-temp\/nyheter\/solidaritetskampanjen-gran-recogida-de-bancosol-tillbaka\/","name":"Solidaritetskampanjen Gran Recogida de Bancosol tillbaka - Svenska Magasinet","isPartOf":{"@id":"https:\/\/lightweb.dev\/l\/svm-temp\/#website"},"primaryImageOfPage":{"@id":"https:\/\/lightweb.dev\/l\/svm-temp\/nyheter\/solidaritetskampanjen-gran-recogida-de-bancosol-tillbaka\/#primaryimage"},"image":{"@id":"https:\/\/lightweb.dev\/l\/svm-temp\/nyheter\/solidaritetskampanjen-gran-recogida-de-bancosol-tillbaka\/#primaryimage"},"thumbnailUrl":"https:\/\/lightweb.dev\/l\/svm-temp\/wp-content\/uploads\/2022\/11\/fotonoticia_20221121160253_1200-stor.jpeg","datePublished":"2022-11-22T09:10:43+00:00","description":"P\u00e5 fredag (25\/11) och l\u00f6rdag (26\/11) \u00e4r solidaritetskampanjen tillbaka d\u00e5 vi alla kan bidra med basvaror och livsmedel till beh\u00f6vande. 4.000 frivilliga st\u00e4ller upp i 330 livsmedelsbutiker med att samla in livsmedel.","breadcrumb":{"@id":"https:\/\/lightweb.dev\/l\/svm-temp\/nyheter\/solidaritetskampanjen-gran-recogida-de-bancosol-tillbaka\/#breadcrumb"},"inLanguage":"sv-SE","potentialAction":[{"@type":"ReadAction","target":["https:\/\/lightweb.dev\/l\/svm-temp\/nyheter\/solidaritetskampanjen-gran-recogida-de-bancosol-tillbaka\/"]}]},{"@type":"ImageObject","inLanguage":"sv-SE","@id":"https:\/\/lightweb.dev\/l\/svm-temp\/nyheter\/solidaritetskampanjen-gran-recogida-de-bancosol-tillbaka\/#primaryimage","url":"https:\/\/lightweb.dev\/l\/svm-temp\/wp-content\/uploads\/2022\/11\/fotonoticia_20221121160253_1200-stor.jpeg","contentUrl":"https:\/\/lightweb.dev\/l\/svm-temp\/wp-content\/uploads\/2022\/11\/fotonoticia_20221121160253_1200-stor.jpeg","width":1200,"height":1107,"caption":"P\u00e5 fredag och l\u00f6rdag kan vi alla bidra till att samla in mat till beh\u00f6vande (Foto: Junta de Andalucia)"},{"@type":"BreadcrumbList","@id":"https:\/\/lightweb.dev\/l\/svm-temp\/nyheter\/solidaritetskampanjen-gran-recogida-de-bancosol-tillbaka\/#breadcrumb","itemListElement":[{"@type":"ListItem","position":1,"name":"Hem","item":"https:\/\/lightweb.dev\/l\/svm-temp\/"},{"@type":"ListItem","position":2,"name":"Solidaritetskampanjen Gran Recogida de Bancosol tillbaka"}]},{"@type":"WebSite","@id":"https:\/\/lightweb.dev\/l\/svm-temp\/#website","url":"https:\/\/lightweb.dev\/l\/svm-temp\/","name":"Svenska Magasinet","description":"Dina Spanska nyheter p&aring; Svenska","publisher":{"@id":"https:\/\/lightweb.dev\/l\/svm-temp\/#organization"},"potentialAction":[{"@type":"SearchAction","target":{"@type":"EntryPoint","urlTemplate":"https:\/\/lightweb.dev\/l\/svm-temp\/?s={search_term_string}"},"query-input":{"@type":"PropertyValueSpecification","valueRequired":true,"valueName":"search_term_string"}}],"inLanguage":"sv-SE"},{"@type":"Organization","@id":"https:\/\/lightweb.dev\/l\/svm-temp\/#organization","name":"Melkerson y Nott SL","alternateName":"Svenska Magasinet","url":"https:\/\/lightweb.dev\/l\/svm-temp\/","logo":{"@type":"ImageObject","inLanguage":"sv-SE","@id":"https:\/\/lightweb.dev\/l\/svm-temp\/#\/schema\/logo\/image\/","url":"https:\/\/lightweb.dev\/l\/svm-temp\/wp-content\/uploads\/2025\/02\/SvM-logo-Xtra-Centrerad-SVART.png","contentUrl":"https:\/\/lightweb.dev\/l\/svm-temp\/wp-content\/uploads\/2025\/02\/SvM-logo-Xtra-Centrerad-SVART.png","width":300,"height":99,"caption":"Melkerson y Nott SL"},"image":{"@id":"https:\/\/lightweb.dev\/l\/svm-temp\/#\/schema\/logo\/image\/"},"sameAs":["https:\/\/www.facebook.com\/svenskamagasinet","https:\/\/x.com\/SvenskaMagasine"]},{"@type":"Person","@id":"https:\/\/lightweb.dev\/l\/svm-temp\/#\/schema\/person\/7a82b8a73d171d32360a564b6d03508e","name":"Ola Josefsson","description":"Bevakar Solkusten och Spanien sedan 1994.","sameAs":["https:\/\/lightweb.dev\/l\/svm-temp"],"url":"https:\/\/lightweb.dev\/l\/svm-temp\/reporter\/ola-josefsson\/"}]}},"_links":{"self":[{"href":"https:\/\/lightweb.dev\/l\/svm-temp\/wp-json\/wp\/v2\/posts\/59597","targetHints":{"allow":["GET"]}}],"collection":[{"href":"https:\/\/lightweb.dev\/l\/svm-temp\/wp-json\/wp\/v2\/posts"}],"about":[{"href":"https:\/\/lightweb.dev\/l\/svm-temp\/wp-json\/wp\/v2\/types\/post"}],"author":[{"embeddable":true,"href":"https:\/\/lightweb.dev\/l\/svm-temp\/wp-json\/wp\/v2\/users\/7"}],"replies":[{"embeddable":true,"href":"https:\/\/lightweb.dev\/l\/svm-temp\/wp-json\/wp\/v2\/comments?post=59597"}],"version-history":[{"count":0,"href":"https:\/\/lightweb.dev\/l\/svm-temp\/wp-json\/wp\/v2\/posts\/59597\/revisions"}],"wp:featuredmedia":[{"embeddable":true,"href":"https:\/\/lightweb.dev\/l\/svm-temp\/wp-json\/wp\/v2\/media\/59599"}],"wp:attachment":[{"href":"https:\/\/lightweb.dev\/l\/svm-temp\/wp-json\/wp\/v2\/media?parent=59597"}],"wp:term":[{"taxonomy":"category","embeddable":true,"href":"https:\/\/lightweb.dev\/l\/svm-temp\/wp-json\/wp\/v2\/categories?post=59597"},{"taxonomy":"post_tag","embeddable":true,"href":"https:\/\/lightweb.dev\/l\/svm-temp\/wp-json\/wp\/v2\/tags?post=59597"}],"curies":[{"name":"wp","href":"https:\/\/api.w.org\/{rel}","templated":true}]}}