{"id":59602,"date":"2022-11-22T10:40:26","date_gmt":"2022-11-22T09:40:26","guid":{"rendered":"https:\/\/lightweb.dev\/l\/svm-temp\/?p=59602"},"modified":"2022-11-23T09:37:28","modified_gmt":"2022-11-23T08:37:28","slug":"dags-for-svenskduellen-pa-alferini-golf","status":"publish","type":"post","link":"https:\/\/lightweb.dev\/l\/svm-temp\/nyheter\/dags-for-svenskduellen-pa-alferini-golf\/","title":{"rendered":"Dags f\u00f6r svenskduellen p\u00e5 Alferini golf"},"content":{"rendered":"<p><strong>Det skiljer 69 po\u00e4ng p\u00e5 rankingen mellan svenskorna Linn Grant och Maja Stark. P\u00e5 torsdag inleds \u00e5rets sista t\u00e4vling p\u00e5 Ladies European Tour. Nu ska det avg\u00f6ras vem som vinner Ranking Race To Costa Del Sol.<\/strong><\/p>\n<p>De \u00e4r b\u00e4sta v\u00e4nner. Men p\u00e5 golfbanan \u00e4r de rivaler.<\/p>\n<p><span>&#8211; Jag \u00e4r v\u00e4ldigt n\u00f6jd med s\u00e4songen, jag har haft bra resultat och det har gjort att jag verkligen njutit av att spela golf. <\/span><span>Att f\u00e5 vara etta p\u00e5 Race to Costa del Sol inf\u00f6r denna turnering k\u00e4nns fantastiskt, s\u00e4ger Linn Grant.<\/span><\/p>\n<p>Det \u00e4r upplagt f\u00f6r en h\u00e4rlig svensk golffest p\u00e5 Solkusten kommande veckoslut vid Andaluc\u00eda Costa del Sol Open de Espa\u00f1a. Etta p\u00e5 rankingen \u00e4r 23-\u00e5riga Linn Grant som kommer till spel med 16 turneringar i bagaget d\u00e4r det har blivit fyra segrar och \u00e5tta topp-tio-placeringar under \u00e5ret. Linn Grant \u00e4r nominerad till \u00e5rets rookie.<\/p>\n<p><img loading=\"lazy\" decoding=\"async\" class=\"size-medium wp-image-59605 alignleft\" src=\"https:\/\/lightweb.dev\/l\/svm-temp\/wp-content\/uploads\/2022\/11\/FiFqIBJWAAMtWcJ-stor-300x300.jpeg\" alt=\"\" width=\"300\" height=\"300\" srcset=\"https:\/\/lightweb.dev\/l\/svm-temp\/wp-content\/uploads\/2022\/11\/FiFqIBJWAAMtWcJ-stor-300x300.jpeg 300w, https:\/\/lightweb.dev\/l\/svm-temp\/wp-content\/uploads\/2022\/11\/FiFqIBJWAAMtWcJ-stor-900x900.jpeg 900w, https:\/\/lightweb.dev\/l\/svm-temp\/wp-content\/uploads\/2022\/11\/FiFqIBJWAAMtWcJ-stor-150x150.jpeg 150w, https:\/\/lightweb.dev\/l\/svm-temp\/wp-content\/uploads\/2022\/11\/FiFqIBJWAAMtWcJ-stor-768x768.jpeg 768w, https:\/\/lightweb.dev\/l\/svm-temp\/wp-content\/uploads\/2022\/11\/FiFqIBJWAAMtWcJ-stor-610x610.jpeg 610w, https:\/\/lightweb.dev\/l\/svm-temp\/wp-content\/uploads\/2022\/11\/FiFqIBJWAAMtWcJ-stor-1080x1080.jpeg 1080w, https:\/\/lightweb.dev\/l\/svm-temp\/wp-content\/uploads\/2022\/11\/FiFqIBJWAAMtWcJ-stor-440x440.jpeg 440w, https:\/\/lightweb.dev\/l\/svm-temp\/wp-content\/uploads\/2022\/11\/FiFqIBJWAAMtWcJ-stor-600x600.jpeg 600w, https:\/\/lightweb.dev\/l\/svm-temp\/wp-content\/uploads\/2022\/11\/FiFqIBJWAAMtWcJ-stor-100x100.jpeg 100w, https:\/\/lightweb.dev\/l\/svm-temp\/wp-content\/uploads\/2022\/11\/FiFqIBJWAAMtWcJ-stor.jpeg 1121w\" sizes=\"(max-width: 300px) 100vw, 300px\" \/><\/p>\n<p>22-\u00e5riga Maja Stark \u00e4r den andra aspiranten p\u00e5 att ta hem \u00e5rets golftitel Race to Costa del Sol. Maja har 22 turneringar bakom sig i \u00e5r med fem segrar och elva topp-tio-placeringar.<\/p>\n<p>Ifjol vann spanjorskan Carlota Ciganda t\u00e4vlingen. Spanien har fyra spelare med i \u00e5rets startf\u00e4lt: Ana Pel\u00e1ez, Noem\u00ed Jim\u00e9nez, Laura G\u00f3mez och Azahara Mu\u00f1oz.<\/p>\n<p>Anne Van Dam och Emily Kristine Pedersen \u00e4r n\u00e5gra andra k\u00e4nda ansikten i det starka startf\u00e4ltet.<\/p>\n<p>T\u00e4vlingen tv-s\u00e4nds i den \u00f6ppna spanska sportkanalen Teledeporte.<\/p>\n<p>Totalt 650.000 euro finns i prispotten plus 250.000 euro till de tre b\u00e4st placerade p\u00e5 damernas Europatour.<\/p>\n<p><span class=\"FsmlfUo9qWaGA8tLv2QPKrMJgHe\"><\/p>\n<blockquote class=\"twitter-tweet\" data-width=\"550\" data-dnt=\"true\">\n<p lang=\"en\" dir=\"ltr\">Our home for the week for the season finale \ud83c\uddea\ud83c\uddf8<\/p>\n<p>\ud83d\udccd Alferini Golf<a href=\"https:\/\/twitter.com\/hashtag\/RaiseOurGame?src=hash&amp;ref_src=twsrc%5Etfw\">#RaiseOurGame<\/a> | <a href=\"https:\/\/twitter.com\/hashtag\/OpenDeEspa%C3%B1a?src=hash&amp;ref_src=twsrc%5Etfw\">#OpenDeEspa\u00f1a<\/a> <a href=\"https:\/\/t.co\/21krQ7Jzfi\">pic.twitter.com\/21krQ7Jzfi<\/a><\/p>\n<p>&mdash; Ladies European Tour (@LETgolf) <a href=\"https:\/\/twitter.com\/LETgolf\/status\/1594950111104184321?ref_src=twsrc%5Etfw\">November 22, 2022<\/a><\/p><\/blockquote>\n<p><script async src=\"https:\/\/platform.twitter.com\/widgets.js\" charset=\"utf-8\"><\/script><\/span><\/p>\n","protected":false},"excerpt":{"rendered":"<p>Det skiljer 69 po\u00e4ng p\u00e5 rankingen mellan svenskorna Linn Grant och Maja Stark. P\u00e5 torsdag inleds \u00e5rets sista t\u00e4vling p\u00e5 Ladies European Tour. Nu ska det avg\u00f6ras vem som vinner Ranking Race To Costa Del Sol. De \u00e4r b\u00e4sta v\u00e4nner. Men p\u00e5 golfbanan \u00e4r de rivaler. &#8211; Jag \u00e4r v\u00e4ldigt n\u00f6jd med s\u00e4songen, jag har [&hellip;]<\/p>\n","protected":false},"author":7,"featured_media":59617,"comment_status":"open","ping_status":"closed","sticky":false,"template":"","format":"standard","meta":{"_et_pb_use_builder":"","_et_pb_old_content":"","_et_gb_content_width":"","footnotes":""},"categories":[3,352],"tags":[],"class_list":["post-59602","post","type-post","status-publish","format-standard","has-post-thumbnail","hentry","category-nyheter","category-sport"],"yoast_head":"<!-- This site is optimized with the Yoast SEO Premium plugin v26.2 (Yoast SEO v27.4) - https:\/\/yoast.com\/product\/yoast-seo-premium-wordpress\/ -->\n<title>Dags f\u00f6r svenskduellen p\u00e5 Alferini golf - Svenska Magasinet<\/title>\n<meta name=\"description\" content=\"Det skiljer 69 po\u00e4ng p\u00e5 rankingen mellan svenskorna Linn Grant och Maja Stark. P\u00e5 torsdag inleds \u00e5rets sista t\u00e4vling p\u00e5 Ladies European Tour. Nu ska det avg\u00f6ras vem som vinner Ranking Race To Costa Del Sol.\" \/>\n<meta name=\"robots\" content=\"noindex, follow, max-snippet:-1, max-image-preview:large, max-video-preview:-1\" \/>\n<meta property=\"og:locale\" content=\"sv_SE\" \/>\n<meta property=\"og:type\" content=\"article\" \/>\n<meta property=\"og:title\" content=\"Dags f\u00f6r svenskduellen p\u00e5 Alferini golf\" \/>\n<meta property=\"og:description\" content=\"Det skiljer 69 po\u00e4ng p\u00e5 rankingen mellan svenskorna Linn Grant och Maja Stark. P\u00e5 torsdag inleds \u00e5rets sista t\u00e4vling p\u00e5 Ladies European Tour. Nu ska det avg\u00f6ras vem som vinner Ranking Race To Costa Del Sol.\" \/>\n<meta property=\"og:url\" content=\"https:\/\/lightweb.dev\/l\/svm-temp\/artiklar\/golf-sport\/dags-for-svenskduellen-pa-alferini-golf\/\" \/>\n<meta property=\"og:site_name\" content=\"Svenska Magasinet\" \/>\n<meta property=\"article:publisher\" content=\"https:\/\/www.facebook.com\/svenskamagasinet\" \/>\n<meta property=\"article:published_time\" content=\"2022-11-22T09:40:26+00:00\" \/>\n<meta property=\"article:modified_time\" content=\"2022-11-23T08:37:28+00:00\" \/>\n<meta property=\"og:image\" content=\"https:\/\/lightweb.dev\/l\/svm-temp\/wp-content\/uploads\/2022\/11\/unnamed-1-stor.jpeg\" \/>\n\t<meta property=\"og:image:width\" content=\"1280\" \/>\n\t<meta property=\"og:image:height\" content=\"853\" \/>\n\t<meta property=\"og:image:type\" content=\"image\/jpeg\" \/>\n<meta name=\"author\" content=\"Ola Josefsson\" \/>\n<meta name=\"twitter:card\" content=\"summary_large_image\" \/>\n<meta name=\"twitter:creator\" content=\"@SvenskaMagasine\" \/>\n<meta name=\"twitter:site\" content=\"@SvenskaMagasine\" \/>\n<script type=\"application\/ld+json\" class=\"yoast-schema-graph\">{\"@context\":\"https:\\\/\\\/schema.org\",\"@graph\":[{\"@type\":\"Article\",\"@id\":\"https:\\\/\\\/lightweb.dev\\\/l\\\/svm-temp\\\/artiklar\\\/golf-sport\\\/dags-for-svenskduellen-pa-alferini-golf\\\/#article\",\"isPartOf\":{\"@id\":\"https:\\\/\\\/lightweb.dev\\\/l\\\/svm-temp\\\/artiklar\\\/golf-sport\\\/dags-for-svenskduellen-pa-alferini-golf\\\/\"},\"author\":{\"name\":\"Ola Josefsson\",\"@id\":\"https:\\\/\\\/lightweb.dev\\\/l\\\/svm-temp\\\/#\\\/schema\\\/person\\\/7a82b8a73d171d32360a564b6d03508e\"},\"headline\":\"Dags f\u00f6r svenskduellen p\u00e5 Alferini golf\",\"datePublished\":\"2022-11-22T09:40:26+00:00\",\"dateModified\":\"2022-11-23T08:37:28+00:00\",\"mainEntityOfPage\":{\"@id\":\"https:\\\/\\\/lightweb.dev\\\/l\\\/svm-temp\\\/artiklar\\\/golf-sport\\\/dags-for-svenskduellen-pa-alferini-golf\\\/\"},\"wordCount\":284,\"commentCount\":1,\"publisher\":{\"@id\":\"https:\\\/\\\/lightweb.dev\\\/l\\\/svm-temp\\\/#organization\"},\"image\":{\"@id\":\"https:\\\/\\\/lightweb.dev\\\/l\\\/svm-temp\\\/artiklar\\\/golf-sport\\\/dags-for-svenskduellen-pa-alferini-golf\\\/#primaryimage\"},\"thumbnailUrl\":\"https:\\\/\\\/lightweb.dev\\\/l\\\/svm-temp\\\/wp-content\\\/uploads\\\/2022\\\/11\\\/unnamed-1-stor.jpeg\",\"articleSection\":[\"Nyheter\",\"Sport\"],\"inLanguage\":\"sv-SE\"},{\"@type\":\"WebPage\",\"@id\":\"https:\\\/\\\/lightweb.dev\\\/l\\\/svm-temp\\\/artiklar\\\/golf-sport\\\/dags-for-svenskduellen-pa-alferini-golf\\\/\",\"url\":\"https:\\\/\\\/lightweb.dev\\\/l\\\/svm-temp\\\/artiklar\\\/golf-sport\\\/dags-for-svenskduellen-pa-alferini-golf\\\/\",\"name\":\"Dags f\u00f6r svenskduellen p\u00e5 Alferini golf - Svenska Magasinet\",\"isPartOf\":{\"@id\":\"https:\\\/\\\/lightweb.dev\\\/l\\\/svm-temp\\\/#website\"},\"primaryImageOfPage\":{\"@id\":\"https:\\\/\\\/lightweb.dev\\\/l\\\/svm-temp\\\/artiklar\\\/golf-sport\\\/dags-for-svenskduellen-pa-alferini-golf\\\/#primaryimage\"},\"image\":{\"@id\":\"https:\\\/\\\/lightweb.dev\\\/l\\\/svm-temp\\\/artiklar\\\/golf-sport\\\/dags-for-svenskduellen-pa-alferini-golf\\\/#primaryimage\"},\"thumbnailUrl\":\"https:\\\/\\\/lightweb.dev\\\/l\\\/svm-temp\\\/wp-content\\\/uploads\\\/2022\\\/11\\\/unnamed-1-stor.jpeg\",\"datePublished\":\"2022-11-22T09:40:26+00:00\",\"dateModified\":\"2022-11-23T08:37:28+00:00\",\"description\":\"Det skiljer 69 po\u00e4ng p\u00e5 rankingen mellan svenskorna Linn Grant och Maja Stark. P\u00e5 torsdag inleds \u00e5rets sista t\u00e4vling p\u00e5 Ladies European Tour. Nu ska det avg\u00f6ras vem som vinner Ranking Race To Costa Del Sol.\",\"breadcrumb\":{\"@id\":\"https:\\\/\\\/lightweb.dev\\\/l\\\/svm-temp\\\/artiklar\\\/golf-sport\\\/dags-for-svenskduellen-pa-alferini-golf\\\/#breadcrumb\"},\"inLanguage\":\"sv-SE\",\"potentialAction\":[{\"@type\":\"ReadAction\",\"target\":[\"https:\\\/\\\/lightweb.dev\\\/l\\\/svm-temp\\\/artiklar\\\/golf-sport\\\/dags-for-svenskduellen-pa-alferini-golf\\\/\"]}]},{\"@type\":\"ImageObject\",\"inLanguage\":\"sv-SE\",\"@id\":\"https:\\\/\\\/lightweb.dev\\\/l\\\/svm-temp\\\/artiklar\\\/golf-sport\\\/dags-for-svenskduellen-pa-alferini-golf\\\/#primaryimage\",\"url\":\"https:\\\/\\\/lightweb.dev\\\/l\\\/svm-temp\\\/wp-content\\\/uploads\\\/2022\\\/11\\\/unnamed-1-stor.jpeg\",\"contentUrl\":\"https:\\\/\\\/lightweb.dev\\\/l\\\/svm-temp\\\/wp-content\\\/uploads\\\/2022\\\/11\\\/unnamed-1-stor.jpeg\",\"width\":1280,\"height\":853},{\"@type\":\"BreadcrumbList\",\"@id\":\"https:\\\/\\\/lightweb.dev\\\/l\\\/svm-temp\\\/artiklar\\\/golf-sport\\\/dags-for-svenskduellen-pa-alferini-golf\\\/#breadcrumb\",\"itemListElement\":[{\"@type\":\"ListItem\",\"position\":1,\"name\":\"Hem\",\"item\":\"https:\\\/\\\/lightweb.dev\\\/l\\\/svm-temp\\\/\"},{\"@type\":\"ListItem\",\"position\":2,\"name\":\"Dags f\u00f6r svenskduellen p\u00e5 Alferini golf\"}]},{\"@type\":\"WebSite\",\"@id\":\"https:\\\/\\\/lightweb.dev\\\/l\\\/svm-temp\\\/#website\",\"url\":\"https:\\\/\\\/lightweb.dev\\\/l\\\/svm-temp\\\/\",\"name\":\"Svenska Magasinet\",\"description\":\"Dina Spanska nyheter p&aring; Svenska\",\"publisher\":{\"@id\":\"https:\\\/\\\/lightweb.dev\\\/l\\\/svm-temp\\\/#organization\"},\"potentialAction\":[{\"@type\":\"SearchAction\",\"target\":{\"@type\":\"EntryPoint\",\"urlTemplate\":\"https:\\\/\\\/lightweb.dev\\\/l\\\/svm-temp\\\/?s={search_term_string}\"},\"query-input\":{\"@type\":\"PropertyValueSpecification\",\"valueRequired\":true,\"valueName\":\"search_term_string\"}}],\"inLanguage\":\"sv-SE\"},{\"@type\":\"Organization\",\"@id\":\"https:\\\/\\\/lightweb.dev\\\/l\\\/svm-temp\\\/#organization\",\"name\":\"Melkerson y Nott SL\",\"alternateName\":\"Svenska Magasinet\",\"url\":\"https:\\\/\\\/lightweb.dev\\\/l\\\/svm-temp\\\/\",\"logo\":{\"@type\":\"ImageObject\",\"inLanguage\":\"sv-SE\",\"@id\":\"https:\\\/\\\/lightweb.dev\\\/l\\\/svm-temp\\\/#\\\/schema\\\/logo\\\/image\\\/\",\"url\":\"https:\\\/\\\/lightweb.dev\\\/l\\\/svm-temp\\\/wp-content\\\/uploads\\\/2025\\\/02\\\/SvM-logo-Xtra-Centrerad-SVART.png\",\"contentUrl\":\"https:\\\/\\\/lightweb.dev\\\/l\\\/svm-temp\\\/wp-content\\\/uploads\\\/2025\\\/02\\\/SvM-logo-Xtra-Centrerad-SVART.png\",\"width\":300,\"height\":99,\"caption\":\"Melkerson y Nott SL\"},\"image\":{\"@id\":\"https:\\\/\\\/lightweb.dev\\\/l\\\/svm-temp\\\/#\\\/schema\\\/logo\\\/image\\\/\"},\"sameAs\":[\"https:\\\/\\\/www.facebook.com\\\/svenskamagasinet\",\"https:\\\/\\\/x.com\\\/SvenskaMagasine\"]},{\"@type\":\"Person\",\"@id\":\"https:\\\/\\\/lightweb.dev\\\/l\\\/svm-temp\\\/#\\\/schema\\\/person\\\/7a82b8a73d171d32360a564b6d03508e\",\"name\":\"Ola Josefsson\",\"description\":\"Bevakar Solkusten och Spanien sedan 1994.\",\"sameAs\":[\"https:\\\/\\\/lightweb.dev\\\/l\\\/svm-temp\"],\"url\":\"https:\\\/\\\/lightweb.dev\\\/l\\\/svm-temp\\\/reporter\\\/ola-josefsson\\\/\"}]}<\/script>\n<!-- \/ Yoast SEO Premium plugin. -->","yoast_head_json":{"title":"Dags f\u00f6r svenskduellen p\u00e5 Alferini golf - Svenska Magasinet","description":"Det skiljer 69 po\u00e4ng p\u00e5 rankingen mellan svenskorna Linn Grant och Maja Stark. P\u00e5 torsdag inleds \u00e5rets sista t\u00e4vling p\u00e5 Ladies European Tour. Nu ska det avg\u00f6ras vem som vinner Ranking Race To Costa Del Sol.","robots":{"index":"noindex","follow":"follow","max-snippet":"max-snippet:-1","max-image-preview":"max-image-preview:large","max-video-preview":"max-video-preview:-1"},"og_locale":"sv_SE","og_type":"article","og_title":"Dags f\u00f6r svenskduellen p\u00e5 Alferini golf","og_description":"Det skiljer 69 po\u00e4ng p\u00e5 rankingen mellan svenskorna Linn Grant och Maja Stark. P\u00e5 torsdag inleds \u00e5rets sista t\u00e4vling p\u00e5 Ladies European Tour. Nu ska det avg\u00f6ras vem som vinner Ranking Race To Costa Del Sol.","og_url":"https:\/\/lightweb.dev\/l\/svm-temp\/artiklar\/golf-sport\/dags-for-svenskduellen-pa-alferini-golf\/","og_site_name":"Svenska Magasinet","article_publisher":"https:\/\/www.facebook.com\/svenskamagasinet","article_published_time":"2022-11-22T09:40:26+00:00","article_modified_time":"2022-11-23T08:37:28+00:00","og_image":[{"width":1280,"height":853,"url":"https:\/\/lightweb.dev\/l\/svm-temp\/wp-content\/uploads\/2022\/11\/unnamed-1-stor.jpeg","type":"image\/jpeg"}],"author":"Ola Josefsson","twitter_card":"summary_large_image","twitter_creator":"@SvenskaMagasine","twitter_site":"@SvenskaMagasine","schema":{"@context":"https:\/\/schema.org","@graph":[{"@type":"Article","@id":"https:\/\/lightweb.dev\/l\/svm-temp\/artiklar\/golf-sport\/dags-for-svenskduellen-pa-alferini-golf\/#article","isPartOf":{"@id":"https:\/\/lightweb.dev\/l\/svm-temp\/artiklar\/golf-sport\/dags-for-svenskduellen-pa-alferini-golf\/"},"author":{"name":"Ola Josefsson","@id":"https:\/\/lightweb.dev\/l\/svm-temp\/#\/schema\/person\/7a82b8a73d171d32360a564b6d03508e"},"headline":"Dags f\u00f6r svenskduellen p\u00e5 Alferini golf","datePublished":"2022-11-22T09:40:26+00:00","dateModified":"2022-11-23T08:37:28+00:00","mainEntityOfPage":{"@id":"https:\/\/lightweb.dev\/l\/svm-temp\/artiklar\/golf-sport\/dags-for-svenskduellen-pa-alferini-golf\/"},"wordCount":284,"commentCount":1,"publisher":{"@id":"https:\/\/lightweb.dev\/l\/svm-temp\/#organization"},"image":{"@id":"https:\/\/lightweb.dev\/l\/svm-temp\/artiklar\/golf-sport\/dags-for-svenskduellen-pa-alferini-golf\/#primaryimage"},"thumbnailUrl":"https:\/\/lightweb.dev\/l\/svm-temp\/wp-content\/uploads\/2022\/11\/unnamed-1-stor.jpeg","articleSection":["Nyheter","Sport"],"inLanguage":"sv-SE"},{"@type":"WebPage","@id":"https:\/\/lightweb.dev\/l\/svm-temp\/artiklar\/golf-sport\/dags-for-svenskduellen-pa-alferini-golf\/","url":"https:\/\/lightweb.dev\/l\/svm-temp\/artiklar\/golf-sport\/dags-for-svenskduellen-pa-alferini-golf\/","name":"Dags f\u00f6r svenskduellen p\u00e5 Alferini golf - Svenska Magasinet","isPartOf":{"@id":"https:\/\/lightweb.dev\/l\/svm-temp\/#website"},"primaryImageOfPage":{"@id":"https:\/\/lightweb.dev\/l\/svm-temp\/artiklar\/golf-sport\/dags-for-svenskduellen-pa-alferini-golf\/#primaryimage"},"image":{"@id":"https:\/\/lightweb.dev\/l\/svm-temp\/artiklar\/golf-sport\/dags-for-svenskduellen-pa-alferini-golf\/#primaryimage"},"thumbnailUrl":"https:\/\/lightweb.dev\/l\/svm-temp\/wp-content\/uploads\/2022\/11\/unnamed-1-stor.jpeg","datePublished":"2022-11-22T09:40:26+00:00","dateModified":"2022-11-23T08:37:28+00:00","description":"Det skiljer 69 po\u00e4ng p\u00e5 rankingen mellan svenskorna Linn Grant och Maja Stark. P\u00e5 torsdag inleds \u00e5rets sista t\u00e4vling p\u00e5 Ladies European Tour. Nu ska det avg\u00f6ras vem som vinner Ranking Race To Costa Del Sol.","breadcrumb":{"@id":"https:\/\/lightweb.dev\/l\/svm-temp\/artiklar\/golf-sport\/dags-for-svenskduellen-pa-alferini-golf\/#breadcrumb"},"inLanguage":"sv-SE","potentialAction":[{"@type":"ReadAction","target":["https:\/\/lightweb.dev\/l\/svm-temp\/artiklar\/golf-sport\/dags-for-svenskduellen-pa-alferini-golf\/"]}]},{"@type":"ImageObject","inLanguage":"sv-SE","@id":"https:\/\/lightweb.dev\/l\/svm-temp\/artiklar\/golf-sport\/dags-for-svenskduellen-pa-alferini-golf\/#primaryimage","url":"https:\/\/lightweb.dev\/l\/svm-temp\/wp-content\/uploads\/2022\/11\/unnamed-1-stor.jpeg","contentUrl":"https:\/\/lightweb.dev\/l\/svm-temp\/wp-content\/uploads\/2022\/11\/unnamed-1-stor.jpeg","width":1280,"height":853},{"@type":"BreadcrumbList","@id":"https:\/\/lightweb.dev\/l\/svm-temp\/artiklar\/golf-sport\/dags-for-svenskduellen-pa-alferini-golf\/#breadcrumb","itemListElement":[{"@type":"ListItem","position":1,"name":"Hem","item":"https:\/\/lightweb.dev\/l\/svm-temp\/"},{"@type":"ListItem","position":2,"name":"Dags f\u00f6r svenskduellen p\u00e5 Alferini golf"}]},{"@type":"WebSite","@id":"https:\/\/lightweb.dev\/l\/svm-temp\/#website","url":"https:\/\/lightweb.dev\/l\/svm-temp\/","name":"Svenska Magasinet","description":"Dina Spanska nyheter p&aring; Svenska","publisher":{"@id":"https:\/\/lightweb.dev\/l\/svm-temp\/#organization"},"potentialAction":[{"@type":"SearchAction","target":{"@type":"EntryPoint","urlTemplate":"https:\/\/lightweb.dev\/l\/svm-temp\/?s={search_term_string}"},"query-input":{"@type":"PropertyValueSpecification","valueRequired":true,"valueName":"search_term_string"}}],"inLanguage":"sv-SE"},{"@type":"Organization","@id":"https:\/\/lightweb.dev\/l\/svm-temp\/#organization","name":"Melkerson y Nott SL","alternateName":"Svenska Magasinet","url":"https:\/\/lightweb.dev\/l\/svm-temp\/","logo":{"@type":"ImageObject","inLanguage":"sv-SE","@id":"https:\/\/lightweb.dev\/l\/svm-temp\/#\/schema\/logo\/image\/","url":"https:\/\/lightweb.dev\/l\/svm-temp\/wp-content\/uploads\/2025\/02\/SvM-logo-Xtra-Centrerad-SVART.png","contentUrl":"https:\/\/lightweb.dev\/l\/svm-temp\/wp-content\/uploads\/2025\/02\/SvM-logo-Xtra-Centrerad-SVART.png","width":300,"height":99,"caption":"Melkerson y Nott SL"},"image":{"@id":"https:\/\/lightweb.dev\/l\/svm-temp\/#\/schema\/logo\/image\/"},"sameAs":["https:\/\/www.facebook.com\/svenskamagasinet","https:\/\/x.com\/SvenskaMagasine"]},{"@type":"Person","@id":"https:\/\/lightweb.dev\/l\/svm-temp\/#\/schema\/person\/7a82b8a73d171d32360a564b6d03508e","name":"Ola Josefsson","description":"Bevakar Solkusten och Spanien sedan 1994.","sameAs":["https:\/\/lightweb.dev\/l\/svm-temp"],"url":"https:\/\/lightweb.dev\/l\/svm-temp\/reporter\/ola-josefsson\/"}]}},"_links":{"self":[{"href":"https:\/\/lightweb.dev\/l\/svm-temp\/wp-json\/wp\/v2\/posts\/59602","targetHints":{"allow":["GET"]}}],"collection":[{"href":"https:\/\/lightweb.dev\/l\/svm-temp\/wp-json\/wp\/v2\/posts"}],"about":[{"href":"https:\/\/lightweb.dev\/l\/svm-temp\/wp-json\/wp\/v2\/types\/post"}],"author":[{"embeddable":true,"href":"https:\/\/lightweb.dev\/l\/svm-temp\/wp-json\/wp\/v2\/users\/7"}],"replies":[{"embeddable":true,"href":"https:\/\/lightweb.dev\/l\/svm-temp\/wp-json\/wp\/v2\/comments?post=59602"}],"version-history":[{"count":0,"href":"https:\/\/lightweb.dev\/l\/svm-temp\/wp-json\/wp\/v2\/posts\/59602\/revisions"}],"wp:featuredmedia":[{"embeddable":true,"href":"https:\/\/lightweb.dev\/l\/svm-temp\/wp-json\/wp\/v2\/media\/59617"}],"wp:attachment":[{"href":"https:\/\/lightweb.dev\/l\/svm-temp\/wp-json\/wp\/v2\/media?parent=59602"}],"wp:term":[{"taxonomy":"category","embeddable":true,"href":"https:\/\/lightweb.dev\/l\/svm-temp\/wp-json\/wp\/v2\/categories?post=59602"},{"taxonomy":"post_tag","embeddable":true,"href":"https:\/\/lightweb.dev\/l\/svm-temp\/wp-json\/wp\/v2\/tags?post=59602"}],"curies":[{"name":"wp","href":"https:\/\/api.w.org\/{rel}","templated":true}]}}