{"id":59610,"date":"2022-11-22T15:37:57","date_gmt":"2022-11-22T14:37:57","guid":{"rendered":"https:\/\/lightweb.dev\/l\/svm-temp\/?p=59610"},"modified":"2022-11-22T15:37:57","modified_gmt":"2022-11-22T14:37:57","slug":"jagare-med-pilbage-bekampar-vildsvin-i-stadsmiljo","status":"publish","type":"post","link":"https:\/\/lightweb.dev\/l\/svm-temp\/nyheter\/jagare-med-pilbage-bekampar-vildsvin-i-stadsmiljo\/","title":{"rendered":"J\u00e4gare med pilb\u00e5ge bek\u00e4mpar vildsvin i stadsmilj\u00f6"},"content":{"rendered":"<p><strong>Vildsvinen har blivit ett allt st\u00f6rre problem p\u00e5 Solkusten och p\u00e5 andra platser i Spanien. I jakten p\u00e5 f\u00f6da drar de in i bostadsomr\u00e5den och golfbanor. Nyligen medverkade j\u00e4gare vid en milj\u00f6konferens arrangerad av Marbella kommun.<\/strong><\/p>\n<p>Andalusiens j\u00e4garf\u00f6rbund (Federaci\u00f3n Andaluza de Caza) samarbetar med kommuner p\u00e5 Solkusten och s\u00e4tter in b\u00e5gsskyttar fr\u00e5n SCAES (Servicio de Controladores con Arco de Especies Silvestres) i kampen mot det v\u00e4xande antalet vildsvin.<\/p>\n<div id=\"attachment_59613\" style=\"width: 235px\" class=\"wp-caption alignleft\"><img loading=\"lazy\" decoding=\"async\" aria-describedby=\"caption-attachment-59613\" class=\"size-medium wp-image-59613\" src=\"https:\/\/lightweb.dev\/l\/svm-temp\/wp-content\/uploads\/2022\/11\/1580981986-4038-26-arqueros-participan-en-c-stor-225x300.jpeg\" alt=\"\" width=\"225\" height=\"300\" srcset=\"https:\/\/lightweb.dev\/l\/svm-temp\/wp-content\/uploads\/2022\/11\/1580981986-4038-26-arqueros-participan-en-c-stor-225x300.jpeg 225w, https:\/\/lightweb.dev\/l\/svm-temp\/wp-content\/uploads\/2022\/11\/1580981986-4038-26-arqueros-participan-en-c-stor-675x900.jpeg 675w, https:\/\/lightweb.dev\/l\/svm-temp\/wp-content\/uploads\/2022\/11\/1580981986-4038-26-arqueros-participan-en-c-stor-768x1024.jpeg 768w, https:\/\/lightweb.dev\/l\/svm-temp\/wp-content\/uploads\/2022\/11\/1580981986-4038-26-arqueros-participan-en-c-stor-610x813.jpeg 610w, https:\/\/lightweb.dev\/l\/svm-temp\/wp-content\/uploads\/2022\/11\/1580981986-4038-26-arqueros-participan-en-c-stor-600x800.jpeg 600w, https:\/\/lightweb.dev\/l\/svm-temp\/wp-content\/uploads\/2022\/11\/1580981986-4038-26-arqueros-participan-en-c-stor.jpeg 960w\" sizes=\"(max-width: 225px) 100vw, 225px\" \/><p id=\"caption-attachment-59613\" class=\"wp-caption-text\">Sexton b\u00e5gskyttar \u00e4r auktoriserade att jaga vildsvin (Foto: FAC)<\/p><\/div>\n<p>Vildsvin orsakar problem i bostadsomr\u00e5den och i stadsmilj\u00f6 d\u00e4r inte skjutvapen kan anv\u00e4ndas. Vildsvin har \u00e4ven blivit ett st\u00f6rre problem f\u00f6r jordbruket.<\/p>\n<p>Det \u00e4r sk\u00e4let till att b\u00e5gskyttar vid Andalusiens j\u00e4garf\u00f6rbund erbjuder sina tj\u00e4nster.<\/p>\n<p>I februari 2020 tog regionregeringen i Andalusien beslut om att b\u00e5gskyttar f\u00e5r anv\u00e4ndas f\u00f6r att f\u00e5 ned vildsvinstammen. Fr\u00e5n b\u00e5gsektionen hos regionens j\u00e4garf\u00f6rbund har sexton b\u00e5gskyttar blivit auktoriserade i att delta i jakten p\u00e5 vildsvin i kommuner p\u00e5 Costa del Sol.<\/p>\n<p>F\u00f6rutom vildsvin \u00e4r vietnamesiska grisar ett v\u00e4xande problem.<\/p>\n<p>&#8211; F\u00f6rutom att vi f\u00e5r en m\u00f6jlighet att erbjuda v\u00e5ra tj\u00e4nster vid s\u00e5dana h\u00e4r konferenser s\u00e5 ger det oss \u00e4ven erk\u00e4nnande d\u00e5 vi har b\u00e5de erfarenhet och utbildning f\u00f6r s\u00e4ker jakt med b\u00e5ge, s\u00e4ger Daniel Gonz\u00e1lez hos b\u00e5gskyttarna i SCAES.<\/p>\n","protected":false},"excerpt":{"rendered":"<p>Vildsvinen har blivit ett allt st\u00f6rre problem p\u00e5 Solkusten och p\u00e5 andra platser i Spanien. I jakten p\u00e5 f\u00f6da drar de in i bostadsomr\u00e5den och golfbanor. Nyligen medverkade j\u00e4gare vid en milj\u00f6konferens arrangerad av Marbella kommun. Andalusiens j\u00e4garf\u00f6rbund (Federaci\u00f3n Andaluza de Caza) samarbetar med kommuner p\u00e5 Solkusten och s\u00e4tter in b\u00e5gsskyttar fr\u00e5n SCAES (Servicio de [&hellip;]<\/p>\n","protected":false},"author":7,"featured_media":59612,"comment_status":"open","ping_status":"closed","sticky":false,"template":"","format":"standard","meta":{"_et_pb_use_builder":"","_et_pb_old_content":"","_et_gb_content_width":"","footnotes":""},"categories":[395,3],"tags":[],"class_list":["post-59610","post","type-post","status-publish","format-standard","has-post-thumbnail","hentry","category-arkiv-nyheter","category-nyheter"],"yoast_head":"<!-- This site is optimized with the Yoast SEO Premium plugin v26.2 (Yoast SEO v27.4) - https:\/\/yoast.com\/product\/yoast-seo-premium-wordpress\/ -->\n<title>J\u00e4gare med pilb\u00e5ge bek\u00e4mpar vildsvin i stadsmilj\u00f6 - Svenska Magasinet<\/title>\n<meta name=\"description\" content=\"Vildsvinen har blivit ett allt st\u00f6rre problem p\u00e5 Solkusten och p\u00e5 andra platser i Spanien. I jakten p\u00e5 f\u00f6da drar de in i bostadsomr\u00e5den och golfbanor. Nyligen medverkade j\u00e4gare vid en milj\u00f6konferens arrangerad av Marbella kommun.\" \/>\n<meta name=\"robots\" content=\"noindex, follow, max-snippet:-1, max-image-preview:large, max-video-preview:-1\" \/>\n<meta property=\"og:locale\" content=\"sv_SE\" \/>\n<meta property=\"og:type\" content=\"article\" \/>\n<meta property=\"og:title\" content=\"J\u00e4gare med pilb\u00e5ge bek\u00e4mpar vildsvin i stadsmilj\u00f6\" \/>\n<meta property=\"og:description\" content=\"Vildsvinen har blivit ett allt st\u00f6rre problem p\u00e5 Solkusten och p\u00e5 andra platser i Spanien. I jakten p\u00e5 f\u00f6da drar de in i bostadsomr\u00e5den och golfbanor. Nyligen medverkade j\u00e4gare vid en milj\u00f6konferens arrangerad av Marbella kommun.\" \/>\n<meta property=\"og:url\" content=\"https:\/\/lightweb.dev\/l\/svm-temp\/nyheter\/jagare-med-pilbage-bekampar-vildsvin-i-stadsmiljo\/\" \/>\n<meta property=\"og:site_name\" content=\"Svenska Magasinet\" \/>\n<meta property=\"article:publisher\" content=\"https:\/\/www.facebook.com\/svenskamagasinet\" \/>\n<meta property=\"article:published_time\" content=\"2022-11-22T14:37:57+00:00\" \/>\n<meta property=\"og:image\" content=\"https:\/\/lightweb.dev\/l\/svm-temp\/wp-content\/uploads\/2022\/11\/1654092045436jabaliesEST-stor.jpeg\" \/>\n\t<meta property=\"og:image:width\" content=\"930\" \/>\n\t<meta property=\"og:image:height\" content=\"548\" \/>\n\t<meta property=\"og:image:type\" content=\"image\/jpeg\" \/>\n<meta name=\"author\" content=\"Ola Josefsson\" \/>\n<meta name=\"twitter:card\" content=\"summary_large_image\" \/>\n<meta name=\"twitter:creator\" content=\"@SvenskaMagasine\" \/>\n<meta name=\"twitter:site\" content=\"@SvenskaMagasine\" \/>\n<script type=\"application\/ld+json\" class=\"yoast-schema-graph\">{\"@context\":\"https:\\\/\\\/schema.org\",\"@graph\":[{\"@type\":\"Article\",\"@id\":\"https:\\\/\\\/lightweb.dev\\\/l\\\/svm-temp\\\/nyheter\\\/jagare-med-pilbage-bekampar-vildsvin-i-stadsmiljo\\\/#article\",\"isPartOf\":{\"@id\":\"https:\\\/\\\/lightweb.dev\\\/l\\\/svm-temp\\\/nyheter\\\/jagare-med-pilbage-bekampar-vildsvin-i-stadsmiljo\\\/\"},\"author\":{\"name\":\"Ola Josefsson\",\"@id\":\"https:\\\/\\\/lightweb.dev\\\/l\\\/svm-temp\\\/#\\\/schema\\\/person\\\/7a82b8a73d171d32360a564b6d03508e\"},\"headline\":\"J\u00e4gare med pilb\u00e5ge bek\u00e4mpar vildsvin i stadsmilj\u00f6\",\"datePublished\":\"2022-11-22T14:37:57+00:00\",\"mainEntityOfPage\":{\"@id\":\"https:\\\/\\\/lightweb.dev\\\/l\\\/svm-temp\\\/nyheter\\\/jagare-med-pilbage-bekampar-vildsvin-i-stadsmiljo\\\/\"},\"wordCount\":265,\"commentCount\":1,\"publisher\":{\"@id\":\"https:\\\/\\\/lightweb.dev\\\/l\\\/svm-temp\\\/#organization\"},\"image\":{\"@id\":\"https:\\\/\\\/lightweb.dev\\\/l\\\/svm-temp\\\/nyheter\\\/jagare-med-pilbage-bekampar-vildsvin-i-stadsmiljo\\\/#primaryimage\"},\"thumbnailUrl\":\"https:\\\/\\\/lightweb.dev\\\/l\\\/svm-temp\\\/wp-content\\\/uploads\\\/2022\\\/11\\\/1654092045436jabaliesEST-stor.jpeg\",\"articleSection\":[\"Arkiv\",\"Nyheter\"],\"inLanguage\":\"sv-SE\"},{\"@type\":\"WebPage\",\"@id\":\"https:\\\/\\\/lightweb.dev\\\/l\\\/svm-temp\\\/nyheter\\\/jagare-med-pilbage-bekampar-vildsvin-i-stadsmiljo\\\/\",\"url\":\"https:\\\/\\\/lightweb.dev\\\/l\\\/svm-temp\\\/nyheter\\\/jagare-med-pilbage-bekampar-vildsvin-i-stadsmiljo\\\/\",\"name\":\"J\u00e4gare med pilb\u00e5ge bek\u00e4mpar vildsvin i stadsmilj\u00f6 - Svenska Magasinet\",\"isPartOf\":{\"@id\":\"https:\\\/\\\/lightweb.dev\\\/l\\\/svm-temp\\\/#website\"},\"primaryImageOfPage\":{\"@id\":\"https:\\\/\\\/lightweb.dev\\\/l\\\/svm-temp\\\/nyheter\\\/jagare-med-pilbage-bekampar-vildsvin-i-stadsmiljo\\\/#primaryimage\"},\"image\":{\"@id\":\"https:\\\/\\\/lightweb.dev\\\/l\\\/svm-temp\\\/nyheter\\\/jagare-med-pilbage-bekampar-vildsvin-i-stadsmiljo\\\/#primaryimage\"},\"thumbnailUrl\":\"https:\\\/\\\/lightweb.dev\\\/l\\\/svm-temp\\\/wp-content\\\/uploads\\\/2022\\\/11\\\/1654092045436jabaliesEST-stor.jpeg\",\"datePublished\":\"2022-11-22T14:37:57+00:00\",\"description\":\"Vildsvinen har blivit ett allt st\u00f6rre problem p\u00e5 Solkusten och p\u00e5 andra platser i Spanien. I jakten p\u00e5 f\u00f6da drar de in i bostadsomr\u00e5den och golfbanor. Nyligen medverkade j\u00e4gare vid en milj\u00f6konferens arrangerad av Marbella kommun.\",\"breadcrumb\":{\"@id\":\"https:\\\/\\\/lightweb.dev\\\/l\\\/svm-temp\\\/nyheter\\\/jagare-med-pilbage-bekampar-vildsvin-i-stadsmiljo\\\/#breadcrumb\"},\"inLanguage\":\"sv-SE\",\"potentialAction\":[{\"@type\":\"ReadAction\",\"target\":[\"https:\\\/\\\/lightweb.dev\\\/l\\\/svm-temp\\\/nyheter\\\/jagare-med-pilbage-bekampar-vildsvin-i-stadsmiljo\\\/\"]}]},{\"@type\":\"ImageObject\",\"inLanguage\":\"sv-SE\",\"@id\":\"https:\\\/\\\/lightweb.dev\\\/l\\\/svm-temp\\\/nyheter\\\/jagare-med-pilbage-bekampar-vildsvin-i-stadsmiljo\\\/#primaryimage\",\"url\":\"https:\\\/\\\/lightweb.dev\\\/l\\\/svm-temp\\\/wp-content\\\/uploads\\\/2022\\\/11\\\/1654092045436jabaliesEST-stor.jpeg\",\"contentUrl\":\"https:\\\/\\\/lightweb.dev\\\/l\\\/svm-temp\\\/wp-content\\\/uploads\\\/2022\\\/11\\\/1654092045436jabaliesEST-stor.jpeg\",\"width\":930,\"height\":548,\"caption\":\"Vildsvin \u00e4r ett v\u00e4xande problem i stadsmilj\u00f6 (Foto: Junta de Andaluc\u00eda)\"},{\"@type\":\"BreadcrumbList\",\"@id\":\"https:\\\/\\\/lightweb.dev\\\/l\\\/svm-temp\\\/nyheter\\\/jagare-med-pilbage-bekampar-vildsvin-i-stadsmiljo\\\/#breadcrumb\",\"itemListElement\":[{\"@type\":\"ListItem\",\"position\":1,\"name\":\"Hem\",\"item\":\"https:\\\/\\\/lightweb.dev\\\/l\\\/svm-temp\\\/\"},{\"@type\":\"ListItem\",\"position\":2,\"name\":\"J\u00e4gare med pilb\u00e5ge bek\u00e4mpar vildsvin i stadsmilj\u00f6\"}]},{\"@type\":\"WebSite\",\"@id\":\"https:\\\/\\\/lightweb.dev\\\/l\\\/svm-temp\\\/#website\",\"url\":\"https:\\\/\\\/lightweb.dev\\\/l\\\/svm-temp\\\/\",\"name\":\"Svenska Magasinet\",\"description\":\"Dina Spanska nyheter p&aring; Svenska\",\"publisher\":{\"@id\":\"https:\\\/\\\/lightweb.dev\\\/l\\\/svm-temp\\\/#organization\"},\"potentialAction\":[{\"@type\":\"SearchAction\",\"target\":{\"@type\":\"EntryPoint\",\"urlTemplate\":\"https:\\\/\\\/lightweb.dev\\\/l\\\/svm-temp\\\/?s={search_term_string}\"},\"query-input\":{\"@type\":\"PropertyValueSpecification\",\"valueRequired\":true,\"valueName\":\"search_term_string\"}}],\"inLanguage\":\"sv-SE\"},{\"@type\":\"Organization\",\"@id\":\"https:\\\/\\\/lightweb.dev\\\/l\\\/svm-temp\\\/#organization\",\"name\":\"Melkerson y Nott SL\",\"alternateName\":\"Svenska Magasinet\",\"url\":\"https:\\\/\\\/lightweb.dev\\\/l\\\/svm-temp\\\/\",\"logo\":{\"@type\":\"ImageObject\",\"inLanguage\":\"sv-SE\",\"@id\":\"https:\\\/\\\/lightweb.dev\\\/l\\\/svm-temp\\\/#\\\/schema\\\/logo\\\/image\\\/\",\"url\":\"https:\\\/\\\/lightweb.dev\\\/l\\\/svm-temp\\\/wp-content\\\/uploads\\\/2025\\\/02\\\/SvM-logo-Xtra-Centrerad-SVART.png\",\"contentUrl\":\"https:\\\/\\\/lightweb.dev\\\/l\\\/svm-temp\\\/wp-content\\\/uploads\\\/2025\\\/02\\\/SvM-logo-Xtra-Centrerad-SVART.png\",\"width\":300,\"height\":99,\"caption\":\"Melkerson y Nott SL\"},\"image\":{\"@id\":\"https:\\\/\\\/lightweb.dev\\\/l\\\/svm-temp\\\/#\\\/schema\\\/logo\\\/image\\\/\"},\"sameAs\":[\"https:\\\/\\\/www.facebook.com\\\/svenskamagasinet\",\"https:\\\/\\\/x.com\\\/SvenskaMagasine\"]},{\"@type\":\"Person\",\"@id\":\"https:\\\/\\\/lightweb.dev\\\/l\\\/svm-temp\\\/#\\\/schema\\\/person\\\/7a82b8a73d171d32360a564b6d03508e\",\"name\":\"Ola Josefsson\",\"description\":\"Bevakar Solkusten och Spanien sedan 1994.\",\"sameAs\":[\"https:\\\/\\\/lightweb.dev\\\/l\\\/svm-temp\"],\"url\":\"https:\\\/\\\/lightweb.dev\\\/l\\\/svm-temp\\\/reporter\\\/ola-josefsson\\\/\"}]}<\/script>\n<!-- \/ Yoast SEO Premium plugin. -->","yoast_head_json":{"title":"J\u00e4gare med pilb\u00e5ge bek\u00e4mpar vildsvin i stadsmilj\u00f6 - Svenska Magasinet","description":"Vildsvinen har blivit ett allt st\u00f6rre problem p\u00e5 Solkusten och p\u00e5 andra platser i Spanien. I jakten p\u00e5 f\u00f6da drar de in i bostadsomr\u00e5den och golfbanor. Nyligen medverkade j\u00e4gare vid en milj\u00f6konferens arrangerad av Marbella kommun.","robots":{"index":"noindex","follow":"follow","max-snippet":"max-snippet:-1","max-image-preview":"max-image-preview:large","max-video-preview":"max-video-preview:-1"},"og_locale":"sv_SE","og_type":"article","og_title":"J\u00e4gare med pilb\u00e5ge bek\u00e4mpar vildsvin i stadsmilj\u00f6","og_description":"Vildsvinen har blivit ett allt st\u00f6rre problem p\u00e5 Solkusten och p\u00e5 andra platser i Spanien. I jakten p\u00e5 f\u00f6da drar de in i bostadsomr\u00e5den och golfbanor. Nyligen medverkade j\u00e4gare vid en milj\u00f6konferens arrangerad av Marbella kommun.","og_url":"https:\/\/lightweb.dev\/l\/svm-temp\/nyheter\/jagare-med-pilbage-bekampar-vildsvin-i-stadsmiljo\/","og_site_name":"Svenska Magasinet","article_publisher":"https:\/\/www.facebook.com\/svenskamagasinet","article_published_time":"2022-11-22T14:37:57+00:00","og_image":[{"width":930,"height":548,"url":"https:\/\/lightweb.dev\/l\/svm-temp\/wp-content\/uploads\/2022\/11\/1654092045436jabaliesEST-stor.jpeg","type":"image\/jpeg"}],"author":"Ola Josefsson","twitter_card":"summary_large_image","twitter_creator":"@SvenskaMagasine","twitter_site":"@SvenskaMagasine","schema":{"@context":"https:\/\/schema.org","@graph":[{"@type":"Article","@id":"https:\/\/lightweb.dev\/l\/svm-temp\/nyheter\/jagare-med-pilbage-bekampar-vildsvin-i-stadsmiljo\/#article","isPartOf":{"@id":"https:\/\/lightweb.dev\/l\/svm-temp\/nyheter\/jagare-med-pilbage-bekampar-vildsvin-i-stadsmiljo\/"},"author":{"name":"Ola Josefsson","@id":"https:\/\/lightweb.dev\/l\/svm-temp\/#\/schema\/person\/7a82b8a73d171d32360a564b6d03508e"},"headline":"J\u00e4gare med pilb\u00e5ge bek\u00e4mpar vildsvin i stadsmilj\u00f6","datePublished":"2022-11-22T14:37:57+00:00","mainEntityOfPage":{"@id":"https:\/\/lightweb.dev\/l\/svm-temp\/nyheter\/jagare-med-pilbage-bekampar-vildsvin-i-stadsmiljo\/"},"wordCount":265,"commentCount":1,"publisher":{"@id":"https:\/\/lightweb.dev\/l\/svm-temp\/#organization"},"image":{"@id":"https:\/\/lightweb.dev\/l\/svm-temp\/nyheter\/jagare-med-pilbage-bekampar-vildsvin-i-stadsmiljo\/#primaryimage"},"thumbnailUrl":"https:\/\/lightweb.dev\/l\/svm-temp\/wp-content\/uploads\/2022\/11\/1654092045436jabaliesEST-stor.jpeg","articleSection":["Arkiv","Nyheter"],"inLanguage":"sv-SE"},{"@type":"WebPage","@id":"https:\/\/lightweb.dev\/l\/svm-temp\/nyheter\/jagare-med-pilbage-bekampar-vildsvin-i-stadsmiljo\/","url":"https:\/\/lightweb.dev\/l\/svm-temp\/nyheter\/jagare-med-pilbage-bekampar-vildsvin-i-stadsmiljo\/","name":"J\u00e4gare med pilb\u00e5ge bek\u00e4mpar vildsvin i stadsmilj\u00f6 - Svenska Magasinet","isPartOf":{"@id":"https:\/\/lightweb.dev\/l\/svm-temp\/#website"},"primaryImageOfPage":{"@id":"https:\/\/lightweb.dev\/l\/svm-temp\/nyheter\/jagare-med-pilbage-bekampar-vildsvin-i-stadsmiljo\/#primaryimage"},"image":{"@id":"https:\/\/lightweb.dev\/l\/svm-temp\/nyheter\/jagare-med-pilbage-bekampar-vildsvin-i-stadsmiljo\/#primaryimage"},"thumbnailUrl":"https:\/\/lightweb.dev\/l\/svm-temp\/wp-content\/uploads\/2022\/11\/1654092045436jabaliesEST-stor.jpeg","datePublished":"2022-11-22T14:37:57+00:00","description":"Vildsvinen har blivit ett allt st\u00f6rre problem p\u00e5 Solkusten och p\u00e5 andra platser i Spanien. I jakten p\u00e5 f\u00f6da drar de in i bostadsomr\u00e5den och golfbanor. Nyligen medverkade j\u00e4gare vid en milj\u00f6konferens arrangerad av Marbella kommun.","breadcrumb":{"@id":"https:\/\/lightweb.dev\/l\/svm-temp\/nyheter\/jagare-med-pilbage-bekampar-vildsvin-i-stadsmiljo\/#breadcrumb"},"inLanguage":"sv-SE","potentialAction":[{"@type":"ReadAction","target":["https:\/\/lightweb.dev\/l\/svm-temp\/nyheter\/jagare-med-pilbage-bekampar-vildsvin-i-stadsmiljo\/"]}]},{"@type":"ImageObject","inLanguage":"sv-SE","@id":"https:\/\/lightweb.dev\/l\/svm-temp\/nyheter\/jagare-med-pilbage-bekampar-vildsvin-i-stadsmiljo\/#primaryimage","url":"https:\/\/lightweb.dev\/l\/svm-temp\/wp-content\/uploads\/2022\/11\/1654092045436jabaliesEST-stor.jpeg","contentUrl":"https:\/\/lightweb.dev\/l\/svm-temp\/wp-content\/uploads\/2022\/11\/1654092045436jabaliesEST-stor.jpeg","width":930,"height":548,"caption":"Vildsvin \u00e4r ett v\u00e4xande problem i stadsmilj\u00f6 (Foto: Junta de Andaluc\u00eda)"},{"@type":"BreadcrumbList","@id":"https:\/\/lightweb.dev\/l\/svm-temp\/nyheter\/jagare-med-pilbage-bekampar-vildsvin-i-stadsmiljo\/#breadcrumb","itemListElement":[{"@type":"ListItem","position":1,"name":"Hem","item":"https:\/\/lightweb.dev\/l\/svm-temp\/"},{"@type":"ListItem","position":2,"name":"J\u00e4gare med pilb\u00e5ge bek\u00e4mpar vildsvin i stadsmilj\u00f6"}]},{"@type":"WebSite","@id":"https:\/\/lightweb.dev\/l\/svm-temp\/#website","url":"https:\/\/lightweb.dev\/l\/svm-temp\/","name":"Svenska Magasinet","description":"Dina Spanska nyheter p&aring; Svenska","publisher":{"@id":"https:\/\/lightweb.dev\/l\/svm-temp\/#organization"},"potentialAction":[{"@type":"SearchAction","target":{"@type":"EntryPoint","urlTemplate":"https:\/\/lightweb.dev\/l\/svm-temp\/?s={search_term_string}"},"query-input":{"@type":"PropertyValueSpecification","valueRequired":true,"valueName":"search_term_string"}}],"inLanguage":"sv-SE"},{"@type":"Organization","@id":"https:\/\/lightweb.dev\/l\/svm-temp\/#organization","name":"Melkerson y Nott SL","alternateName":"Svenska Magasinet","url":"https:\/\/lightweb.dev\/l\/svm-temp\/","logo":{"@type":"ImageObject","inLanguage":"sv-SE","@id":"https:\/\/lightweb.dev\/l\/svm-temp\/#\/schema\/logo\/image\/","url":"https:\/\/lightweb.dev\/l\/svm-temp\/wp-content\/uploads\/2025\/02\/SvM-logo-Xtra-Centrerad-SVART.png","contentUrl":"https:\/\/lightweb.dev\/l\/svm-temp\/wp-content\/uploads\/2025\/02\/SvM-logo-Xtra-Centrerad-SVART.png","width":300,"height":99,"caption":"Melkerson y Nott SL"},"image":{"@id":"https:\/\/lightweb.dev\/l\/svm-temp\/#\/schema\/logo\/image\/"},"sameAs":["https:\/\/www.facebook.com\/svenskamagasinet","https:\/\/x.com\/SvenskaMagasine"]},{"@type":"Person","@id":"https:\/\/lightweb.dev\/l\/svm-temp\/#\/schema\/person\/7a82b8a73d171d32360a564b6d03508e","name":"Ola Josefsson","description":"Bevakar Solkusten och Spanien sedan 1994.","sameAs":["https:\/\/lightweb.dev\/l\/svm-temp"],"url":"https:\/\/lightweb.dev\/l\/svm-temp\/reporter\/ola-josefsson\/"}]}},"_links":{"self":[{"href":"https:\/\/lightweb.dev\/l\/svm-temp\/wp-json\/wp\/v2\/posts\/59610","targetHints":{"allow":["GET"]}}],"collection":[{"href":"https:\/\/lightweb.dev\/l\/svm-temp\/wp-json\/wp\/v2\/posts"}],"about":[{"href":"https:\/\/lightweb.dev\/l\/svm-temp\/wp-json\/wp\/v2\/types\/post"}],"author":[{"embeddable":true,"href":"https:\/\/lightweb.dev\/l\/svm-temp\/wp-json\/wp\/v2\/users\/7"}],"replies":[{"embeddable":true,"href":"https:\/\/lightweb.dev\/l\/svm-temp\/wp-json\/wp\/v2\/comments?post=59610"}],"version-history":[{"count":0,"href":"https:\/\/lightweb.dev\/l\/svm-temp\/wp-json\/wp\/v2\/posts\/59610\/revisions"}],"wp:featuredmedia":[{"embeddable":true,"href":"https:\/\/lightweb.dev\/l\/svm-temp\/wp-json\/wp\/v2\/media\/59612"}],"wp:attachment":[{"href":"https:\/\/lightweb.dev\/l\/svm-temp\/wp-json\/wp\/v2\/media?parent=59610"}],"wp:term":[{"taxonomy":"category","embeddable":true,"href":"https:\/\/lightweb.dev\/l\/svm-temp\/wp-json\/wp\/v2\/categories?post=59610"},{"taxonomy":"post_tag","embeddable":true,"href":"https:\/\/lightweb.dev\/l\/svm-temp\/wp-json\/wp\/v2\/tags?post=59610"}],"curies":[{"name":"wp","href":"https:\/\/api.w.org\/{rel}","templated":true}]}}