{"id":59765,"date":"2022-11-29T10:13:57","date_gmt":"2022-11-29T09:13:57","guid":{"rendered":"https:\/\/lightweb.dev\/l\/svm-temp\/?p=59765"},"modified":"2022-11-29T12:04:16","modified_gmt":"2022-11-29T11:04:16","slug":"gratis-kollektivtrafik-i-fuengirola-fran-arsskiftet","status":"publish","type":"post","link":"https:\/\/lightweb.dev\/l\/svm-temp\/nyheter\/gratis-kollektivtrafik-i-fuengirola-fran-arsskiftet\/","title":{"rendered":"Gratis kollektivtrafik i Fuengirola fr\u00e5n \u00e5rsskiftet"},"content":{"rendered":"<p><strong>Fr\u00e5n ny\u00e5ret blir det gratis att \u00e5ka med stadsbussarna i Fuengirola. Dessutom k\u00f6per kommunen in tolv nya bussar varav nio milj\u00f6v\u00e4nligare hybridbussar som s\u00e4tts in i kollektivtrafiken.<\/strong><\/p>\n<p>F\u00f6rst var det t\u00e4nkt att gratistj\u00e4nsten bara skulle g\u00e4lla mantalsskrivna i Fuengirola kommun. Men fr\u00e5n ny\u00e5ret blir det gratis stadsbussar f\u00f6r alla, \u00e4ven bes\u00f6kare och turister. Tills vidare.<\/p>\n<p>Enligt <a href=\"https:\/\/www.diariosur.es\/costadelsol\/fuengirola-flota-autobuses-hibrida-20221128192427-nt.html\">Diario SUR<\/a> blir det gratis stadsbussar f\u00f6r alla bara under en begr\u00e4nsad tid. N\u00e4r kortet \u201dtarjetas ciudadana\u201d v\u00e4l \u00e4r klart blir det gratis stadsbussar endast f\u00f6r mantalsskrivna.<\/p>\n<p>Det bekr\u00e4ftar ocks\u00e5 Fuengirola kommun.<\/p>\n<p>Ja, under en tid kommer det att vara gratis. N\u00e4r vi v\u00e4l lanserar &#8221;tarjeta ciudadana&#8221; blir det bara f\u00f6r mantalsskrivna, skriver Fuengirola kommun till Svenska Magasinet.<\/p>\n<p><img loading=\"lazy\" decoding=\"async\" class=\"size-medium wp-image-59768 alignleft\" src=\"https:\/\/lightweb.dev\/l\/svm-temp\/wp-content\/uploads\/2022\/11\/Fuengirola-bus-1-stor-300x225.jpeg\" alt=\"\" width=\"300\" height=\"225\" srcset=\"https:\/\/lightweb.dev\/l\/svm-temp\/wp-content\/uploads\/2022\/11\/Fuengirola-bus-1-stor-300x225.jpeg 300w, https:\/\/lightweb.dev\/l\/svm-temp\/wp-content\/uploads\/2022\/11\/Fuengirola-bus-1-stor-900x675.jpeg 900w, https:\/\/lightweb.dev\/l\/svm-temp\/wp-content\/uploads\/2022\/11\/Fuengirola-bus-1-stor-768x576.jpeg 768w, https:\/\/lightweb.dev\/l\/svm-temp\/wp-content\/uploads\/2022\/11\/Fuengirola-bus-1-stor-610x458.jpeg 610w, https:\/\/lightweb.dev\/l\/svm-temp\/wp-content\/uploads\/2022\/11\/Fuengirola-bus-1-stor-1080x810.jpeg 1080w, https:\/\/lightweb.dev\/l\/svm-temp\/wp-content\/uploads\/2022\/11\/Fuengirola-bus-1-stor-600x450.jpeg 600w, https:\/\/lightweb.dev\/l\/svm-temp\/wp-content\/uploads\/2022\/11\/Fuengirola-bus-1-stor.jpeg 1280w\" sizes=\"(max-width: 300px) 100vw, 300px\" \/><\/p>\n<p>Borgm\u00e4staren Ana Mula tillsammans med kommunalr\u00e5det med ansvar f\u00f6r kollektivtrafiken, Isabel Gonz\u00e1lez, ber\u00e4ttade om den nya satsningen i samband med en presstr\u00e4ff p\u00e5 m\u00e5ndagen.<\/p>\n<p>&#8211; M\u00e5nga har g\u00e5tt och v\u00e4ntat p\u00e5 det h\u00e4r. Och idag kan vi ge besked att det blir gratis stadsbussar i Fuengirola fr\u00e5n 1 januari 2023. Det blir en omfattande service som ska t\u00e4cka behoven hos b\u00e5de inv\u00e5nare och bes\u00f6kare, dessutom att servicen blir milj\u00f6v\u00e4nlig, s\u00e4ger Ana Mula.<\/p>\n<p>I ett <a href=\"https:\/\/www.fuengirola.es\/ana-mula-anuncia-que-el-transporte-urbano-de-fuengirola-sera-gratuito-a-partir-del-1-de-enero-de-2023\/\">pressmeddelande<\/a> skriver Fuengirola kommun att det r\u00f6r sig om en satsning p\u00e5 30 miljoner euro som g\u00e4ller tio \u00e5r. 80 procent kommer genom EU-medel medan kommunen st\u00e5r f\u00f6r de \u00f6vriga 20 procenten.<\/p>\n<p>Det blir \u00e4ven tolv nya bussar som \u00e4r b\u00e5de milj\u00f6v\u00e4nligare, br\u00e4nslesn\u00e5lare och tystare. Nio bussar som \u00e4r tolv meter l\u00e5nga har k\u00f6pts in plus tre minibussar. \u00c5tta av de nio bussarna \u00e4r hybridbussar som bidrar till minskade koldioxidutsl\u00e4pp.<\/p>\n<p>Bussarna som \u00e4r tolv meter l\u00e5nga har plats f\u00f6r 90 passagerare varav 25 sittande. Tv\u00e5 av dessa \u00e4r anpassade f\u00f6r personer med nedsatt r\u00f6rlighet.<\/p>\n<p>Det blir totalt fem linjer i Fuengirola med stadsbussar. En av linjerna blir en slinga p\u00e5 15 kilometer som trafikeras regelbundet mellan femton och 30 minuter. Linjen till stadsdelen Torreblanca utrustas \u00e4ven med cykelst\u00e4ll.<\/p>\n<div id=\"attachment_59769\" style=\"width: 310px\" class=\"wp-caption alignleft\"><img loading=\"lazy\" decoding=\"async\" aria-describedby=\"caption-attachment-59769\" class=\"size-medium wp-image-59769\" src=\"https:\/\/lightweb.dev\/l\/svm-temp\/wp-content\/uploads\/2022\/11\/Fuengirola-bus-2-stor-300x225.jpeg\" alt=\"\" width=\"300\" height=\"225\" srcset=\"https:\/\/lightweb.dev\/l\/svm-temp\/wp-content\/uploads\/2022\/11\/Fuengirola-bus-2-stor-300x225.jpeg 300w, https:\/\/lightweb.dev\/l\/svm-temp\/wp-content\/uploads\/2022\/11\/Fuengirola-bus-2-stor-900x675.jpeg 900w, https:\/\/lightweb.dev\/l\/svm-temp\/wp-content\/uploads\/2022\/11\/Fuengirola-bus-2-stor-768x576.jpeg 768w, https:\/\/lightweb.dev\/l\/svm-temp\/wp-content\/uploads\/2022\/11\/Fuengirola-bus-2-stor-610x458.jpeg 610w, https:\/\/lightweb.dev\/l\/svm-temp\/wp-content\/uploads\/2022\/11\/Fuengirola-bus-2-stor-1080x810.jpeg 1080w, https:\/\/lightweb.dev\/l\/svm-temp\/wp-content\/uploads\/2022\/11\/Fuengirola-bus-2-stor-600x450.jpeg 600w, https:\/\/lightweb.dev\/l\/svm-temp\/wp-content\/uploads\/2022\/11\/Fuengirola-bus-2-stor.jpeg 1280w\" sizes=\"(max-width: 300px) 100vw, 300px\" \/><p id=\"caption-attachment-59769\" class=\"wp-caption-text\">M\u00e5nga har g\u00e5tt och v\u00e4ntat p\u00e5 det h\u00e4r. Och idag kan vi ge besked att det blir gratis stadsbussar i Fuengirola fr\u00e5n 1 januari 2023, s\u00e4ger borgm\u00e4staren Ana Mula.<\/p><\/div>\n<p>Personalstyrkan kommer att ut\u00f6kas vid Uni\u00f3n Temporal de Empresas (UTE) Urbana Fuengirola som ansvarar f\u00f6r kollektivtrafiken.<\/p>\n<p>En mobilapplikation presenteras inom kort som ska informera \u00e5karna om k\u00f6er och v\u00e4ntetider. Ett reseservicekontor p\u00e5 avenida Condes de San Isidro vid lokalpolishuset kommer att \u00f6ppnas.<\/p>\n","protected":false},"excerpt":{"rendered":"<p>Fr\u00e5n ny\u00e5ret blir det gratis att \u00e5ka med stadsbussarna i Fuengirola. Dessutom k\u00f6per kommunen in tolv nya bussar varav nio milj\u00f6v\u00e4nligare hybridbussar som s\u00e4tts in i kollektivtrafiken. F\u00f6rst var det t\u00e4nkt att gratistj\u00e4nsten bara skulle g\u00e4lla mantalsskrivna i Fuengirola kommun. Men fr\u00e5n ny\u00e5ret blir det gratis stadsbussar f\u00f6r alla, \u00e4ven bes\u00f6kare och turister. Tills vidare. [&hellip;]<\/p>\n","protected":false},"author":7,"featured_media":59767,"comment_status":"open","ping_status":"closed","sticky":false,"template":"","format":"standard","meta":{"_et_pb_use_builder":"","_et_pb_old_content":"","_et_gb_content_width":"","footnotes":""},"categories":[395,3],"tags":[],"class_list":["post-59765","post","type-post","status-publish","format-standard","has-post-thumbnail","hentry","category-arkiv-nyheter","category-nyheter"],"yoast_head":"<!-- This site is optimized with the Yoast SEO Premium plugin v26.2 (Yoast SEO v27.4) - https:\/\/yoast.com\/product\/yoast-seo-premium-wordpress\/ -->\n<title>Gratis kollektivtrafik i Fuengirola fr\u00e5n \u00e5rsskiftet - Svenska Magasinet<\/title>\n<meta name=\"description\" content=\"Fr\u00e5n ny\u00e5ret blir det gratis att \u00e5ka med stadsbussarna i Fuengirola. Dessutom k\u00f6per kommunen in tolv nya bussar varav nio milj\u00f6v\u00e4nligare hybridbussar som s\u00e4tts in i kollektivtrafiken.\" \/>\n<meta name=\"robots\" content=\"noindex, follow, max-snippet:-1, max-image-preview:large, max-video-preview:-1\" \/>\n<meta property=\"og:locale\" content=\"sv_SE\" \/>\n<meta property=\"og:type\" content=\"article\" \/>\n<meta property=\"og:title\" content=\"Gratis kollektivtrafik i Fuengirola fr\u00e5n \u00e5rsskiftet\" \/>\n<meta property=\"og:description\" content=\"Fr\u00e5n ny\u00e5ret blir det gratis att \u00e5ka med stadsbussarna i Fuengirola. Dessutom k\u00f6per kommunen in tolv nya bussar varav nio milj\u00f6v\u00e4nligare hybridbussar som s\u00e4tts in i kollektivtrafiken.\" \/>\n<meta property=\"og:url\" content=\"https:\/\/lightweb.dev\/l\/svm-temp\/nyheter\/gratis-kollektivtrafik-i-fuengirola-fran-arsskiftet\/\" \/>\n<meta property=\"og:site_name\" content=\"Svenska Magasinet\" \/>\n<meta property=\"article:publisher\" content=\"https:\/\/www.facebook.com\/svenskamagasinet\" \/>\n<meta property=\"article:published_time\" content=\"2022-11-29T09:13:57+00:00\" \/>\n<meta property=\"article:modified_time\" content=\"2022-11-29T11:04:16+00:00\" \/>\n<meta property=\"og:image\" content=\"https:\/\/lightweb.dev\/l\/svm-temp\/wp-content\/uploads\/2022\/11\/Fuengirola-bus-3-stor.jpeg\" \/>\n\t<meta property=\"og:image:width\" content=\"1280\" \/>\n\t<meta property=\"og:image:height\" content=\"960\" \/>\n\t<meta property=\"og:image:type\" content=\"image\/jpeg\" \/>\n<meta name=\"author\" content=\"Ola Josefsson\" \/>\n<meta name=\"twitter:card\" content=\"summary_large_image\" \/>\n<meta name=\"twitter:creator\" content=\"@SvenskaMagasine\" \/>\n<meta name=\"twitter:site\" content=\"@SvenskaMagasine\" \/>\n<script type=\"application\/ld+json\" class=\"yoast-schema-graph\">{\"@context\":\"https:\\\/\\\/schema.org\",\"@graph\":[{\"@type\":\"Article\",\"@id\":\"https:\\\/\\\/lightweb.dev\\\/l\\\/svm-temp\\\/nyheter\\\/gratis-kollektivtrafik-i-fuengirola-fran-arsskiftet\\\/#article\",\"isPartOf\":{\"@id\":\"https:\\\/\\\/lightweb.dev\\\/l\\\/svm-temp\\\/nyheter\\\/gratis-kollektivtrafik-i-fuengirola-fran-arsskiftet\\\/\"},\"author\":{\"name\":\"Ola Josefsson\",\"@id\":\"https:\\\/\\\/lightweb.dev\\\/l\\\/svm-temp\\\/#\\\/schema\\\/person\\\/7a82b8a73d171d32360a564b6d03508e\"},\"headline\":\"Gratis kollektivtrafik i Fuengirola fr\u00e5n \u00e5rsskiftet\",\"datePublished\":\"2022-11-29T09:13:57+00:00\",\"dateModified\":\"2022-11-29T11:04:16+00:00\",\"mainEntityOfPage\":{\"@id\":\"https:\\\/\\\/lightweb.dev\\\/l\\\/svm-temp\\\/nyheter\\\/gratis-kollektivtrafik-i-fuengirola-fran-arsskiftet\\\/\"},\"wordCount\":461,\"commentCount\":2,\"publisher\":{\"@id\":\"https:\\\/\\\/lightweb.dev\\\/l\\\/svm-temp\\\/#organization\"},\"image\":{\"@id\":\"https:\\\/\\\/lightweb.dev\\\/l\\\/svm-temp\\\/nyheter\\\/gratis-kollektivtrafik-i-fuengirola-fran-arsskiftet\\\/#primaryimage\"},\"thumbnailUrl\":\"https:\\\/\\\/lightweb.dev\\\/l\\\/svm-temp\\\/wp-content\\\/uploads\\\/2022\\\/11\\\/Fuengirola-bus-3-stor.jpeg\",\"articleSection\":[\"Arkiv\",\"Nyheter\"],\"inLanguage\":\"sv-SE\"},{\"@type\":\"WebPage\",\"@id\":\"https:\\\/\\\/lightweb.dev\\\/l\\\/svm-temp\\\/nyheter\\\/gratis-kollektivtrafik-i-fuengirola-fran-arsskiftet\\\/\",\"url\":\"https:\\\/\\\/lightweb.dev\\\/l\\\/svm-temp\\\/nyheter\\\/gratis-kollektivtrafik-i-fuengirola-fran-arsskiftet\\\/\",\"name\":\"Gratis kollektivtrafik i Fuengirola fr\u00e5n \u00e5rsskiftet - Svenska Magasinet\",\"isPartOf\":{\"@id\":\"https:\\\/\\\/lightweb.dev\\\/l\\\/svm-temp\\\/#website\"},\"primaryImageOfPage\":{\"@id\":\"https:\\\/\\\/lightweb.dev\\\/l\\\/svm-temp\\\/nyheter\\\/gratis-kollektivtrafik-i-fuengirola-fran-arsskiftet\\\/#primaryimage\"},\"image\":{\"@id\":\"https:\\\/\\\/lightweb.dev\\\/l\\\/svm-temp\\\/nyheter\\\/gratis-kollektivtrafik-i-fuengirola-fran-arsskiftet\\\/#primaryimage\"},\"thumbnailUrl\":\"https:\\\/\\\/lightweb.dev\\\/l\\\/svm-temp\\\/wp-content\\\/uploads\\\/2022\\\/11\\\/Fuengirola-bus-3-stor.jpeg\",\"datePublished\":\"2022-11-29T09:13:57+00:00\",\"dateModified\":\"2022-11-29T11:04:16+00:00\",\"description\":\"Fr\u00e5n ny\u00e5ret blir det gratis att \u00e5ka med stadsbussarna i Fuengirola. Dessutom k\u00f6per kommunen in tolv nya bussar varav nio milj\u00f6v\u00e4nligare hybridbussar som s\u00e4tts in i kollektivtrafiken.\",\"breadcrumb\":{\"@id\":\"https:\\\/\\\/lightweb.dev\\\/l\\\/svm-temp\\\/nyheter\\\/gratis-kollektivtrafik-i-fuengirola-fran-arsskiftet\\\/#breadcrumb\"},\"inLanguage\":\"sv-SE\",\"potentialAction\":[{\"@type\":\"ReadAction\",\"target\":[\"https:\\\/\\\/lightweb.dev\\\/l\\\/svm-temp\\\/nyheter\\\/gratis-kollektivtrafik-i-fuengirola-fran-arsskiftet\\\/\"]}]},{\"@type\":\"ImageObject\",\"inLanguage\":\"sv-SE\",\"@id\":\"https:\\\/\\\/lightweb.dev\\\/l\\\/svm-temp\\\/nyheter\\\/gratis-kollektivtrafik-i-fuengirola-fran-arsskiftet\\\/#primaryimage\",\"url\":\"https:\\\/\\\/lightweb.dev\\\/l\\\/svm-temp\\\/wp-content\\\/uploads\\\/2022\\\/11\\\/Fuengirola-bus-3-stor.jpeg\",\"contentUrl\":\"https:\\\/\\\/lightweb.dev\\\/l\\\/svm-temp\\\/wp-content\\\/uploads\\\/2022\\\/11\\\/Fuengirola-bus-3-stor.jpeg\",\"width\":1280,\"height\":960,\"caption\":\"Fr\u00e5n ny\u00e5ret blir det gratis stadsbussar i Fuengirola kommun\"},{\"@type\":\"BreadcrumbList\",\"@id\":\"https:\\\/\\\/lightweb.dev\\\/l\\\/svm-temp\\\/nyheter\\\/gratis-kollektivtrafik-i-fuengirola-fran-arsskiftet\\\/#breadcrumb\",\"itemListElement\":[{\"@type\":\"ListItem\",\"position\":1,\"name\":\"Hem\",\"item\":\"https:\\\/\\\/lightweb.dev\\\/l\\\/svm-temp\\\/\"},{\"@type\":\"ListItem\",\"position\":2,\"name\":\"Gratis kollektivtrafik i Fuengirola fr\u00e5n \u00e5rsskiftet\"}]},{\"@type\":\"WebSite\",\"@id\":\"https:\\\/\\\/lightweb.dev\\\/l\\\/svm-temp\\\/#website\",\"url\":\"https:\\\/\\\/lightweb.dev\\\/l\\\/svm-temp\\\/\",\"name\":\"Svenska Magasinet\",\"description\":\"Dina Spanska nyheter p&aring; Svenska\",\"publisher\":{\"@id\":\"https:\\\/\\\/lightweb.dev\\\/l\\\/svm-temp\\\/#organization\"},\"potentialAction\":[{\"@type\":\"SearchAction\",\"target\":{\"@type\":\"EntryPoint\",\"urlTemplate\":\"https:\\\/\\\/lightweb.dev\\\/l\\\/svm-temp\\\/?s={search_term_string}\"},\"query-input\":{\"@type\":\"PropertyValueSpecification\",\"valueRequired\":true,\"valueName\":\"search_term_string\"}}],\"inLanguage\":\"sv-SE\"},{\"@type\":\"Organization\",\"@id\":\"https:\\\/\\\/lightweb.dev\\\/l\\\/svm-temp\\\/#organization\",\"name\":\"Melkerson y Nott SL\",\"alternateName\":\"Svenska Magasinet\",\"url\":\"https:\\\/\\\/lightweb.dev\\\/l\\\/svm-temp\\\/\",\"logo\":{\"@type\":\"ImageObject\",\"inLanguage\":\"sv-SE\",\"@id\":\"https:\\\/\\\/lightweb.dev\\\/l\\\/svm-temp\\\/#\\\/schema\\\/logo\\\/image\\\/\",\"url\":\"https:\\\/\\\/lightweb.dev\\\/l\\\/svm-temp\\\/wp-content\\\/uploads\\\/2025\\\/02\\\/SvM-logo-Xtra-Centrerad-SVART.png\",\"contentUrl\":\"https:\\\/\\\/lightweb.dev\\\/l\\\/svm-temp\\\/wp-content\\\/uploads\\\/2025\\\/02\\\/SvM-logo-Xtra-Centrerad-SVART.png\",\"width\":300,\"height\":99,\"caption\":\"Melkerson y Nott SL\"},\"image\":{\"@id\":\"https:\\\/\\\/lightweb.dev\\\/l\\\/svm-temp\\\/#\\\/schema\\\/logo\\\/image\\\/\"},\"sameAs\":[\"https:\\\/\\\/www.facebook.com\\\/svenskamagasinet\",\"https:\\\/\\\/x.com\\\/SvenskaMagasine\"]},{\"@type\":\"Person\",\"@id\":\"https:\\\/\\\/lightweb.dev\\\/l\\\/svm-temp\\\/#\\\/schema\\\/person\\\/7a82b8a73d171d32360a564b6d03508e\",\"name\":\"Ola Josefsson\",\"description\":\"Bevakar Solkusten och Spanien sedan 1994.\",\"sameAs\":[\"https:\\\/\\\/lightweb.dev\\\/l\\\/svm-temp\"],\"url\":\"https:\\\/\\\/lightweb.dev\\\/l\\\/svm-temp\\\/reporter\\\/ola-josefsson\\\/\"}]}<\/script>\n<!-- \/ Yoast SEO Premium plugin. -->","yoast_head_json":{"title":"Gratis kollektivtrafik i Fuengirola fr\u00e5n \u00e5rsskiftet - Svenska Magasinet","description":"Fr\u00e5n ny\u00e5ret blir det gratis att \u00e5ka med stadsbussarna i Fuengirola. Dessutom k\u00f6per kommunen in tolv nya bussar varav nio milj\u00f6v\u00e4nligare hybridbussar som s\u00e4tts in i kollektivtrafiken.","robots":{"index":"noindex","follow":"follow","max-snippet":"max-snippet:-1","max-image-preview":"max-image-preview:large","max-video-preview":"max-video-preview:-1"},"og_locale":"sv_SE","og_type":"article","og_title":"Gratis kollektivtrafik i Fuengirola fr\u00e5n \u00e5rsskiftet","og_description":"Fr\u00e5n ny\u00e5ret blir det gratis att \u00e5ka med stadsbussarna i Fuengirola. Dessutom k\u00f6per kommunen in tolv nya bussar varav nio milj\u00f6v\u00e4nligare hybridbussar som s\u00e4tts in i kollektivtrafiken.","og_url":"https:\/\/lightweb.dev\/l\/svm-temp\/nyheter\/gratis-kollektivtrafik-i-fuengirola-fran-arsskiftet\/","og_site_name":"Svenska Magasinet","article_publisher":"https:\/\/www.facebook.com\/svenskamagasinet","article_published_time":"2022-11-29T09:13:57+00:00","article_modified_time":"2022-11-29T11:04:16+00:00","og_image":[{"width":1280,"height":960,"url":"https:\/\/lightweb.dev\/l\/svm-temp\/wp-content\/uploads\/2022\/11\/Fuengirola-bus-3-stor.jpeg","type":"image\/jpeg"}],"author":"Ola Josefsson","twitter_card":"summary_large_image","twitter_creator":"@SvenskaMagasine","twitter_site":"@SvenskaMagasine","schema":{"@context":"https:\/\/schema.org","@graph":[{"@type":"Article","@id":"https:\/\/lightweb.dev\/l\/svm-temp\/nyheter\/gratis-kollektivtrafik-i-fuengirola-fran-arsskiftet\/#article","isPartOf":{"@id":"https:\/\/lightweb.dev\/l\/svm-temp\/nyheter\/gratis-kollektivtrafik-i-fuengirola-fran-arsskiftet\/"},"author":{"name":"Ola Josefsson","@id":"https:\/\/lightweb.dev\/l\/svm-temp\/#\/schema\/person\/7a82b8a73d171d32360a564b6d03508e"},"headline":"Gratis kollektivtrafik i Fuengirola fr\u00e5n \u00e5rsskiftet","datePublished":"2022-11-29T09:13:57+00:00","dateModified":"2022-11-29T11:04:16+00:00","mainEntityOfPage":{"@id":"https:\/\/lightweb.dev\/l\/svm-temp\/nyheter\/gratis-kollektivtrafik-i-fuengirola-fran-arsskiftet\/"},"wordCount":461,"commentCount":2,"publisher":{"@id":"https:\/\/lightweb.dev\/l\/svm-temp\/#organization"},"image":{"@id":"https:\/\/lightweb.dev\/l\/svm-temp\/nyheter\/gratis-kollektivtrafik-i-fuengirola-fran-arsskiftet\/#primaryimage"},"thumbnailUrl":"https:\/\/lightweb.dev\/l\/svm-temp\/wp-content\/uploads\/2022\/11\/Fuengirola-bus-3-stor.jpeg","articleSection":["Arkiv","Nyheter"],"inLanguage":"sv-SE"},{"@type":"WebPage","@id":"https:\/\/lightweb.dev\/l\/svm-temp\/nyheter\/gratis-kollektivtrafik-i-fuengirola-fran-arsskiftet\/","url":"https:\/\/lightweb.dev\/l\/svm-temp\/nyheter\/gratis-kollektivtrafik-i-fuengirola-fran-arsskiftet\/","name":"Gratis kollektivtrafik i Fuengirola fr\u00e5n \u00e5rsskiftet - Svenska Magasinet","isPartOf":{"@id":"https:\/\/lightweb.dev\/l\/svm-temp\/#website"},"primaryImageOfPage":{"@id":"https:\/\/lightweb.dev\/l\/svm-temp\/nyheter\/gratis-kollektivtrafik-i-fuengirola-fran-arsskiftet\/#primaryimage"},"image":{"@id":"https:\/\/lightweb.dev\/l\/svm-temp\/nyheter\/gratis-kollektivtrafik-i-fuengirola-fran-arsskiftet\/#primaryimage"},"thumbnailUrl":"https:\/\/lightweb.dev\/l\/svm-temp\/wp-content\/uploads\/2022\/11\/Fuengirola-bus-3-stor.jpeg","datePublished":"2022-11-29T09:13:57+00:00","dateModified":"2022-11-29T11:04:16+00:00","description":"Fr\u00e5n ny\u00e5ret blir det gratis att \u00e5ka med stadsbussarna i Fuengirola. Dessutom k\u00f6per kommunen in tolv nya bussar varav nio milj\u00f6v\u00e4nligare hybridbussar som s\u00e4tts in i kollektivtrafiken.","breadcrumb":{"@id":"https:\/\/lightweb.dev\/l\/svm-temp\/nyheter\/gratis-kollektivtrafik-i-fuengirola-fran-arsskiftet\/#breadcrumb"},"inLanguage":"sv-SE","potentialAction":[{"@type":"ReadAction","target":["https:\/\/lightweb.dev\/l\/svm-temp\/nyheter\/gratis-kollektivtrafik-i-fuengirola-fran-arsskiftet\/"]}]},{"@type":"ImageObject","inLanguage":"sv-SE","@id":"https:\/\/lightweb.dev\/l\/svm-temp\/nyheter\/gratis-kollektivtrafik-i-fuengirola-fran-arsskiftet\/#primaryimage","url":"https:\/\/lightweb.dev\/l\/svm-temp\/wp-content\/uploads\/2022\/11\/Fuengirola-bus-3-stor.jpeg","contentUrl":"https:\/\/lightweb.dev\/l\/svm-temp\/wp-content\/uploads\/2022\/11\/Fuengirola-bus-3-stor.jpeg","width":1280,"height":960,"caption":"Fr\u00e5n ny\u00e5ret blir det gratis stadsbussar i Fuengirola kommun"},{"@type":"BreadcrumbList","@id":"https:\/\/lightweb.dev\/l\/svm-temp\/nyheter\/gratis-kollektivtrafik-i-fuengirola-fran-arsskiftet\/#breadcrumb","itemListElement":[{"@type":"ListItem","position":1,"name":"Hem","item":"https:\/\/lightweb.dev\/l\/svm-temp\/"},{"@type":"ListItem","position":2,"name":"Gratis kollektivtrafik i Fuengirola fr\u00e5n \u00e5rsskiftet"}]},{"@type":"WebSite","@id":"https:\/\/lightweb.dev\/l\/svm-temp\/#website","url":"https:\/\/lightweb.dev\/l\/svm-temp\/","name":"Svenska Magasinet","description":"Dina Spanska nyheter p&aring; Svenska","publisher":{"@id":"https:\/\/lightweb.dev\/l\/svm-temp\/#organization"},"potentialAction":[{"@type":"SearchAction","target":{"@type":"EntryPoint","urlTemplate":"https:\/\/lightweb.dev\/l\/svm-temp\/?s={search_term_string}"},"query-input":{"@type":"PropertyValueSpecification","valueRequired":true,"valueName":"search_term_string"}}],"inLanguage":"sv-SE"},{"@type":"Organization","@id":"https:\/\/lightweb.dev\/l\/svm-temp\/#organization","name":"Melkerson y Nott SL","alternateName":"Svenska Magasinet","url":"https:\/\/lightweb.dev\/l\/svm-temp\/","logo":{"@type":"ImageObject","inLanguage":"sv-SE","@id":"https:\/\/lightweb.dev\/l\/svm-temp\/#\/schema\/logo\/image\/","url":"https:\/\/lightweb.dev\/l\/svm-temp\/wp-content\/uploads\/2025\/02\/SvM-logo-Xtra-Centrerad-SVART.png","contentUrl":"https:\/\/lightweb.dev\/l\/svm-temp\/wp-content\/uploads\/2025\/02\/SvM-logo-Xtra-Centrerad-SVART.png","width":300,"height":99,"caption":"Melkerson y Nott SL"},"image":{"@id":"https:\/\/lightweb.dev\/l\/svm-temp\/#\/schema\/logo\/image\/"},"sameAs":["https:\/\/www.facebook.com\/svenskamagasinet","https:\/\/x.com\/SvenskaMagasine"]},{"@type":"Person","@id":"https:\/\/lightweb.dev\/l\/svm-temp\/#\/schema\/person\/7a82b8a73d171d32360a564b6d03508e","name":"Ola Josefsson","description":"Bevakar Solkusten och Spanien sedan 1994.","sameAs":["https:\/\/lightweb.dev\/l\/svm-temp"],"url":"https:\/\/lightweb.dev\/l\/svm-temp\/reporter\/ola-josefsson\/"}]}},"_links":{"self":[{"href":"https:\/\/lightweb.dev\/l\/svm-temp\/wp-json\/wp\/v2\/posts\/59765","targetHints":{"allow":["GET"]}}],"collection":[{"href":"https:\/\/lightweb.dev\/l\/svm-temp\/wp-json\/wp\/v2\/posts"}],"about":[{"href":"https:\/\/lightweb.dev\/l\/svm-temp\/wp-json\/wp\/v2\/types\/post"}],"author":[{"embeddable":true,"href":"https:\/\/lightweb.dev\/l\/svm-temp\/wp-json\/wp\/v2\/users\/7"}],"replies":[{"embeddable":true,"href":"https:\/\/lightweb.dev\/l\/svm-temp\/wp-json\/wp\/v2\/comments?post=59765"}],"version-history":[{"count":0,"href":"https:\/\/lightweb.dev\/l\/svm-temp\/wp-json\/wp\/v2\/posts\/59765\/revisions"}],"wp:featuredmedia":[{"embeddable":true,"href":"https:\/\/lightweb.dev\/l\/svm-temp\/wp-json\/wp\/v2\/media\/59767"}],"wp:attachment":[{"href":"https:\/\/lightweb.dev\/l\/svm-temp\/wp-json\/wp\/v2\/media?parent=59765"}],"wp:term":[{"taxonomy":"category","embeddable":true,"href":"https:\/\/lightweb.dev\/l\/svm-temp\/wp-json\/wp\/v2\/categories?post=59765"},{"taxonomy":"post_tag","embeddable":true,"href":"https:\/\/lightweb.dev\/l\/svm-temp\/wp-json\/wp\/v2\/tags?post=59765"}],"curies":[{"name":"wp","href":"https:\/\/api.w.org\/{rel}","templated":true}]}}