{"id":59771,"date":"2022-11-29T10:56:16","date_gmt":"2022-11-29T09:56:16","guid":{"rendered":"https:\/\/lightweb.dev\/l\/svm-temp\/?p=59771"},"modified":"2022-11-29T10:57:12","modified_gmt":"2022-11-29T09:57:12","slug":"gront-ljus-for-5g-under-flygning","status":"publish","type":"post","link":"https:\/\/lightweb.dev\/l\/svm-temp\/nyheter\/gront-ljus-for-5g-under-flygning\/","title":{"rendered":"Gr\u00f6nt ljus f\u00f6r 5g under flygning"},"content":{"rendered":"<p><strong>Snart \u00e4r \u201dflygplansl\u00e4ge\u201d ett minne blott och du kan anv\u00e4nda 5g p\u00e5 flyg i Europa. EU-kommissionen har fattat beslut att europeiska flygbolag snart kan erbjuda passagerare anv\u00e4ndning av internet. Det betyder att vi kan anv\u00e4nda v\u00e5ra elektroniska enheter och ringa under flygningar.<\/strong><\/p>\n<p>&#8211; 5g kommer m\u00f6jligg\u00f6ra innovativa tj\u00e4nster f\u00f6r m\u00e4nniskor och ut\u00f6ka m\u00f6jligheterna f\u00f6r europeiska f\u00f6retag. Himlen s\u00e4tter inte l\u00e4ngre n\u00e5gra gr\u00e4nser n\u00e4r det kommer till m\u00f6jligheter som erbjuder supersnabb, h\u00f6gkapacitetsuppkoppling, s\u00e4ger EU-kommission\u00e4ren Thierry Breton med ansvar f\u00f6r inre marknaden.<\/p>\n<div id=\"attachment_59774\" style=\"width: 210px\" class=\"wp-caption alignleft\"><img loading=\"lazy\" decoding=\"async\" aria-describedby=\"caption-attachment-59774\" class=\"size-medium wp-image-59774\" src=\"https:\/\/lightweb.dev\/l\/svm-temp\/wp-content\/uploads\/2022\/11\/girl-holding-coffee-looking-phone-stor-200x300.jpeg\" alt=\"\" width=\"200\" height=\"300\" srcset=\"https:\/\/lightweb.dev\/l\/svm-temp\/wp-content\/uploads\/2022\/11\/girl-holding-coffee-looking-phone-stor-200x300.jpeg 200w, https:\/\/lightweb.dev\/l\/svm-temp\/wp-content\/uploads\/2022\/11\/girl-holding-coffee-looking-phone-stor-600x900.jpeg 600w, https:\/\/lightweb.dev\/l\/svm-temp\/wp-content\/uploads\/2022\/11\/girl-holding-coffee-looking-phone-stor-768x1152.jpeg 768w, https:\/\/lightweb.dev\/l\/svm-temp\/wp-content\/uploads\/2022\/11\/girl-holding-coffee-looking-phone-stor-610x915.jpeg 610w, https:\/\/lightweb.dev\/l\/svm-temp\/wp-content\/uploads\/2022\/11\/girl-holding-coffee-looking-phone-stor.jpeg 853w\" sizes=\"(max-width: 200px) 100vw, 200px\" \/><p id=\"caption-attachment-59774\" class=\"wp-caption-text\">(Foto: Freepik.com)<\/p><\/div>\n<p>Sedan 2008 har Bryssel till\u00e5tit att reservera vissa frekvenser f\u00f6r mobil kommunikation vilket g\u00f6r det m\u00f6jligt f\u00f6r flygbolag att erbjuda vissa tj\u00e4nster till passagerare inom Europeiska unionen (EU).<\/p>\n<p>Med det nya beskedet sker en uppdateringen d\u00e4r flygpassagerare kan anv\u00e4nda sina mobiltelefoner \u201df\u00f6r maximal kapacitet\u201d och med tillg\u00e5ng till 5G-teknik fr\u00e5n mitten av 2023, skriver EU-kommissionen i ett <a href=\"https:\/\/digital-strategy.ec.europa.eu\/en\/news\/5g-planes-wi-fi-road-commission-decision-opens-new-opportunities-innovation\">pressmeddelande.<\/a><\/p>\n<p>F\u00f6r att kunna erbjuda dessa tj\u00e4nster under flygningen och f\u00f6r att kommunikationen inte ska inverka p\u00e5 navigeringen m\u00e5ste flygplanen vara utrustade med ett n\u00e4tverkssystem kallad \u201dpico-cell\u201d.<\/p>\n<p>Det g\u00f6r att flygplan som flyger inom EU kommer att kunna koppla anv\u00e4ndare, samtal, text och data mellan flygplanet och det markbaserade mobiln\u00e4tet via ett satellitn\u00e4tverk. G\u00e4llande regelverket kommer EU-kommissionen \u00e4ven att till\u00e5ta 5 GHz-frekvens i flyg precis som det nu fungerar med Wi-Fi i bussar och bilar exempelvis.<\/p>\n<p>Medlemsl\u00e4nderna m\u00e5ste ha utrustningen installerad f\u00f6re den 30 juni 2023.<\/p>\n","protected":false},"excerpt":{"rendered":"<p>Snart \u00e4r \u201dflygplansl\u00e4ge\u201d ett minne blott och du kan anv\u00e4nda 5g p\u00e5 flyg i Europa. EU-kommissionen har fattat beslut att europeiska flygbolag snart kan erbjuda passagerare anv\u00e4ndning av internet. Det betyder att vi kan anv\u00e4nda v\u00e5ra elektroniska enheter och ringa under flygningar. &#8211; 5g kommer m\u00f6jligg\u00f6ra innovativa tj\u00e4nster f\u00f6r m\u00e4nniskor och ut\u00f6ka m\u00f6jligheterna f\u00f6r europeiska [&hellip;]<\/p>\n","protected":false},"author":7,"featured_media":59773,"comment_status":"open","ping_status":"closed","sticky":false,"template":"","format":"standard","meta":{"_et_pb_use_builder":"","_et_pb_old_content":"","_et_gb_content_width":"","footnotes":""},"categories":[395,3],"tags":[],"class_list":["post-59771","post","type-post","status-publish","format-standard","has-post-thumbnail","hentry","category-arkiv-nyheter","category-nyheter"],"yoast_head":"<!-- This site is optimized with the Yoast SEO Premium plugin v26.2 (Yoast SEO v27.4) - https:\/\/yoast.com\/product\/yoast-seo-premium-wordpress\/ -->\n<title>Gr\u00f6nt ljus f\u00f6r 5g under flygning - Svenska Magasinet<\/title>\n<meta name=\"description\" content=\"Snart \u00e4r \u201dflygplansl\u00e4ge\u201d ett minne blott och du kan anv\u00e4nda 5g p\u00e5 flyg i Europa. EU-kommissionen har fattat beslut att europeiska flygbolag snart kan erbjuda passagerare anv\u00e4ndning av internet. Det betyder att vi kan anv\u00e4nda v\u00e5ra elektroniska enheter och ringa under flygningar.\" \/>\n<meta name=\"robots\" content=\"noindex, follow, max-snippet:-1, max-image-preview:large, max-video-preview:-1\" \/>\n<meta property=\"og:locale\" content=\"sv_SE\" \/>\n<meta property=\"og:type\" content=\"article\" \/>\n<meta property=\"og:title\" content=\"Gr\u00f6nt ljus f\u00f6r 5g under flygning\" \/>\n<meta property=\"og:description\" content=\"Snart \u00e4r \u201dflygplansl\u00e4ge\u201d ett minne blott och du kan anv\u00e4nda 5g p\u00e5 flyg i Europa. EU-kommissionen har fattat beslut att europeiska flygbolag snart kan erbjuda passagerare anv\u00e4ndning av internet. Det betyder att vi kan anv\u00e4nda v\u00e5ra elektroniska enheter och ringa under flygningar.\" \/>\n<meta property=\"og:url\" content=\"https:\/\/lightweb.dev\/l\/svm-temp\/nyheter\/gront-ljus-for-5g-under-flygning\/\" \/>\n<meta property=\"og:site_name\" content=\"Svenska Magasinet\" \/>\n<meta property=\"article:publisher\" content=\"https:\/\/www.facebook.com\/svenskamagasinet\" \/>\n<meta property=\"article:published_time\" content=\"2022-11-29T09:56:16+00:00\" \/>\n<meta property=\"article:modified_time\" content=\"2022-11-29T09:57:12+00:00\" \/>\n<meta property=\"og:image\" content=\"https:\/\/lightweb.dev\/l\/svm-temp\/wp-content\/uploads\/2022\/11\/smartphone-amidst-trip-supplies-stor.jpeg\" \/>\n\t<meta property=\"og:image:width\" content=\"1280\" \/>\n\t<meta property=\"og:image:height\" content=\"853\" \/>\n\t<meta property=\"og:image:type\" content=\"image\/jpeg\" \/>\n<meta name=\"author\" content=\"Ola Josefsson\" \/>\n<meta name=\"twitter:card\" content=\"summary_large_image\" \/>\n<meta name=\"twitter:creator\" content=\"@SvenskaMagasine\" \/>\n<meta name=\"twitter:site\" content=\"@SvenskaMagasine\" \/>\n<script type=\"application\/ld+json\" class=\"yoast-schema-graph\">{\"@context\":\"https:\\\/\\\/schema.org\",\"@graph\":[{\"@type\":\"Article\",\"@id\":\"https:\\\/\\\/lightweb.dev\\\/l\\\/svm-temp\\\/nyheter\\\/gront-ljus-for-5g-under-flygning\\\/#article\",\"isPartOf\":{\"@id\":\"https:\\\/\\\/lightweb.dev\\\/l\\\/svm-temp\\\/nyheter\\\/gront-ljus-for-5g-under-flygning\\\/\"},\"author\":{\"name\":\"Ola Josefsson\",\"@id\":\"https:\\\/\\\/lightweb.dev\\\/l\\\/svm-temp\\\/#\\\/schema\\\/person\\\/7a82b8a73d171d32360a564b6d03508e\"},\"headline\":\"Gr\u00f6nt ljus f\u00f6r 5g under flygning\",\"datePublished\":\"2022-11-29T09:56:16+00:00\",\"dateModified\":\"2022-11-29T09:57:12+00:00\",\"mainEntityOfPage\":{\"@id\":\"https:\\\/\\\/lightweb.dev\\\/l\\\/svm-temp\\\/nyheter\\\/gront-ljus-for-5g-under-flygning\\\/\"},\"wordCount\":285,\"commentCount\":1,\"publisher\":{\"@id\":\"https:\\\/\\\/lightweb.dev\\\/l\\\/svm-temp\\\/#organization\"},\"image\":{\"@id\":\"https:\\\/\\\/lightweb.dev\\\/l\\\/svm-temp\\\/nyheter\\\/gront-ljus-for-5g-under-flygning\\\/#primaryimage\"},\"thumbnailUrl\":\"https:\\\/\\\/lightweb.dev\\\/l\\\/svm-temp\\\/wp-content\\\/uploads\\\/2022\\\/11\\\/smartphone-amidst-trip-supplies-stor.jpeg\",\"articleSection\":[\"Arkiv\",\"Nyheter\"],\"inLanguage\":\"sv-SE\"},{\"@type\":\"WebPage\",\"@id\":\"https:\\\/\\\/lightweb.dev\\\/l\\\/svm-temp\\\/nyheter\\\/gront-ljus-for-5g-under-flygning\\\/\",\"url\":\"https:\\\/\\\/lightweb.dev\\\/l\\\/svm-temp\\\/nyheter\\\/gront-ljus-for-5g-under-flygning\\\/\",\"name\":\"Gr\u00f6nt ljus f\u00f6r 5g under flygning - Svenska Magasinet\",\"isPartOf\":{\"@id\":\"https:\\\/\\\/lightweb.dev\\\/l\\\/svm-temp\\\/#website\"},\"primaryImageOfPage\":{\"@id\":\"https:\\\/\\\/lightweb.dev\\\/l\\\/svm-temp\\\/nyheter\\\/gront-ljus-for-5g-under-flygning\\\/#primaryimage\"},\"image\":{\"@id\":\"https:\\\/\\\/lightweb.dev\\\/l\\\/svm-temp\\\/nyheter\\\/gront-ljus-for-5g-under-flygning\\\/#primaryimage\"},\"thumbnailUrl\":\"https:\\\/\\\/lightweb.dev\\\/l\\\/svm-temp\\\/wp-content\\\/uploads\\\/2022\\\/11\\\/smartphone-amidst-trip-supplies-stor.jpeg\",\"datePublished\":\"2022-11-29T09:56:16+00:00\",\"dateModified\":\"2022-11-29T09:57:12+00:00\",\"description\":\"Snart \u00e4r \u201dflygplansl\u00e4ge\u201d ett minne blott och du kan anv\u00e4nda 5g p\u00e5 flyg i Europa. EU-kommissionen har fattat beslut att europeiska flygbolag snart kan erbjuda passagerare anv\u00e4ndning av internet. Det betyder att vi kan anv\u00e4nda v\u00e5ra elektroniska enheter och ringa under flygningar.\",\"breadcrumb\":{\"@id\":\"https:\\\/\\\/lightweb.dev\\\/l\\\/svm-temp\\\/nyheter\\\/gront-ljus-for-5g-under-flygning\\\/#breadcrumb\"},\"inLanguage\":\"sv-SE\",\"potentialAction\":[{\"@type\":\"ReadAction\",\"target\":[\"https:\\\/\\\/lightweb.dev\\\/l\\\/svm-temp\\\/nyheter\\\/gront-ljus-for-5g-under-flygning\\\/\"]}]},{\"@type\":\"ImageObject\",\"inLanguage\":\"sv-SE\",\"@id\":\"https:\\\/\\\/lightweb.dev\\\/l\\\/svm-temp\\\/nyheter\\\/gront-ljus-for-5g-under-flygning\\\/#primaryimage\",\"url\":\"https:\\\/\\\/lightweb.dev\\\/l\\\/svm-temp\\\/wp-content\\\/uploads\\\/2022\\\/11\\\/smartphone-amidst-trip-supplies-stor.jpeg\",\"contentUrl\":\"https:\\\/\\\/lightweb.dev\\\/l\\\/svm-temp\\\/wp-content\\\/uploads\\\/2022\\\/11\\\/smartphone-amidst-trip-supplies-stor.jpeg\",\"width\":1280,\"height\":853,\"caption\":\"Snart f\u00e5r vi tillg\u00e5ng till 5g under flygningen mellan Sverige och Spanien. (Foto: Freepik.com)\"},{\"@type\":\"BreadcrumbList\",\"@id\":\"https:\\\/\\\/lightweb.dev\\\/l\\\/svm-temp\\\/nyheter\\\/gront-ljus-for-5g-under-flygning\\\/#breadcrumb\",\"itemListElement\":[{\"@type\":\"ListItem\",\"position\":1,\"name\":\"Hem\",\"item\":\"https:\\\/\\\/lightweb.dev\\\/l\\\/svm-temp\\\/\"},{\"@type\":\"ListItem\",\"position\":2,\"name\":\"Gr\u00f6nt ljus f\u00f6r 5g under flygning\"}]},{\"@type\":\"WebSite\",\"@id\":\"https:\\\/\\\/lightweb.dev\\\/l\\\/svm-temp\\\/#website\",\"url\":\"https:\\\/\\\/lightweb.dev\\\/l\\\/svm-temp\\\/\",\"name\":\"Svenska Magasinet\",\"description\":\"Dina Spanska nyheter p&aring; Svenska\",\"publisher\":{\"@id\":\"https:\\\/\\\/lightweb.dev\\\/l\\\/svm-temp\\\/#organization\"},\"potentialAction\":[{\"@type\":\"SearchAction\",\"target\":{\"@type\":\"EntryPoint\",\"urlTemplate\":\"https:\\\/\\\/lightweb.dev\\\/l\\\/svm-temp\\\/?s={search_term_string}\"},\"query-input\":{\"@type\":\"PropertyValueSpecification\",\"valueRequired\":true,\"valueName\":\"search_term_string\"}}],\"inLanguage\":\"sv-SE\"},{\"@type\":\"Organization\",\"@id\":\"https:\\\/\\\/lightweb.dev\\\/l\\\/svm-temp\\\/#organization\",\"name\":\"Melkerson y Nott SL\",\"alternateName\":\"Svenska Magasinet\",\"url\":\"https:\\\/\\\/lightweb.dev\\\/l\\\/svm-temp\\\/\",\"logo\":{\"@type\":\"ImageObject\",\"inLanguage\":\"sv-SE\",\"@id\":\"https:\\\/\\\/lightweb.dev\\\/l\\\/svm-temp\\\/#\\\/schema\\\/logo\\\/image\\\/\",\"url\":\"https:\\\/\\\/lightweb.dev\\\/l\\\/svm-temp\\\/wp-content\\\/uploads\\\/2025\\\/02\\\/SvM-logo-Xtra-Centrerad-SVART.png\",\"contentUrl\":\"https:\\\/\\\/lightweb.dev\\\/l\\\/svm-temp\\\/wp-content\\\/uploads\\\/2025\\\/02\\\/SvM-logo-Xtra-Centrerad-SVART.png\",\"width\":300,\"height\":99,\"caption\":\"Melkerson y Nott SL\"},\"image\":{\"@id\":\"https:\\\/\\\/lightweb.dev\\\/l\\\/svm-temp\\\/#\\\/schema\\\/logo\\\/image\\\/\"},\"sameAs\":[\"https:\\\/\\\/www.facebook.com\\\/svenskamagasinet\",\"https:\\\/\\\/x.com\\\/SvenskaMagasine\"]},{\"@type\":\"Person\",\"@id\":\"https:\\\/\\\/lightweb.dev\\\/l\\\/svm-temp\\\/#\\\/schema\\\/person\\\/7a82b8a73d171d32360a564b6d03508e\",\"name\":\"Ola Josefsson\",\"description\":\"Bevakar Solkusten och Spanien sedan 1994.\",\"sameAs\":[\"https:\\\/\\\/lightweb.dev\\\/l\\\/svm-temp\"],\"url\":\"https:\\\/\\\/lightweb.dev\\\/l\\\/svm-temp\\\/reporter\\\/ola-josefsson\\\/\"}]}<\/script>\n<!-- \/ Yoast SEO Premium plugin. -->","yoast_head_json":{"title":"Gr\u00f6nt ljus f\u00f6r 5g under flygning - Svenska Magasinet","description":"Snart \u00e4r \u201dflygplansl\u00e4ge\u201d ett minne blott och du kan anv\u00e4nda 5g p\u00e5 flyg i Europa. EU-kommissionen har fattat beslut att europeiska flygbolag snart kan erbjuda passagerare anv\u00e4ndning av internet. Det betyder att vi kan anv\u00e4nda v\u00e5ra elektroniska enheter och ringa under flygningar.","robots":{"index":"noindex","follow":"follow","max-snippet":"max-snippet:-1","max-image-preview":"max-image-preview:large","max-video-preview":"max-video-preview:-1"},"og_locale":"sv_SE","og_type":"article","og_title":"Gr\u00f6nt ljus f\u00f6r 5g under flygning","og_description":"Snart \u00e4r \u201dflygplansl\u00e4ge\u201d ett minne blott och du kan anv\u00e4nda 5g p\u00e5 flyg i Europa. EU-kommissionen har fattat beslut att europeiska flygbolag snart kan erbjuda passagerare anv\u00e4ndning av internet. Det betyder att vi kan anv\u00e4nda v\u00e5ra elektroniska enheter och ringa under flygningar.","og_url":"https:\/\/lightweb.dev\/l\/svm-temp\/nyheter\/gront-ljus-for-5g-under-flygning\/","og_site_name":"Svenska Magasinet","article_publisher":"https:\/\/www.facebook.com\/svenskamagasinet","article_published_time":"2022-11-29T09:56:16+00:00","article_modified_time":"2022-11-29T09:57:12+00:00","og_image":[{"width":1280,"height":853,"url":"https:\/\/lightweb.dev\/l\/svm-temp\/wp-content\/uploads\/2022\/11\/smartphone-amidst-trip-supplies-stor.jpeg","type":"image\/jpeg"}],"author":"Ola Josefsson","twitter_card":"summary_large_image","twitter_creator":"@SvenskaMagasine","twitter_site":"@SvenskaMagasine","schema":{"@context":"https:\/\/schema.org","@graph":[{"@type":"Article","@id":"https:\/\/lightweb.dev\/l\/svm-temp\/nyheter\/gront-ljus-for-5g-under-flygning\/#article","isPartOf":{"@id":"https:\/\/lightweb.dev\/l\/svm-temp\/nyheter\/gront-ljus-for-5g-under-flygning\/"},"author":{"name":"Ola Josefsson","@id":"https:\/\/lightweb.dev\/l\/svm-temp\/#\/schema\/person\/7a82b8a73d171d32360a564b6d03508e"},"headline":"Gr\u00f6nt ljus f\u00f6r 5g under flygning","datePublished":"2022-11-29T09:56:16+00:00","dateModified":"2022-11-29T09:57:12+00:00","mainEntityOfPage":{"@id":"https:\/\/lightweb.dev\/l\/svm-temp\/nyheter\/gront-ljus-for-5g-under-flygning\/"},"wordCount":285,"commentCount":1,"publisher":{"@id":"https:\/\/lightweb.dev\/l\/svm-temp\/#organization"},"image":{"@id":"https:\/\/lightweb.dev\/l\/svm-temp\/nyheter\/gront-ljus-for-5g-under-flygning\/#primaryimage"},"thumbnailUrl":"https:\/\/lightweb.dev\/l\/svm-temp\/wp-content\/uploads\/2022\/11\/smartphone-amidst-trip-supplies-stor.jpeg","articleSection":["Arkiv","Nyheter"],"inLanguage":"sv-SE"},{"@type":"WebPage","@id":"https:\/\/lightweb.dev\/l\/svm-temp\/nyheter\/gront-ljus-for-5g-under-flygning\/","url":"https:\/\/lightweb.dev\/l\/svm-temp\/nyheter\/gront-ljus-for-5g-under-flygning\/","name":"Gr\u00f6nt ljus f\u00f6r 5g under flygning - Svenska Magasinet","isPartOf":{"@id":"https:\/\/lightweb.dev\/l\/svm-temp\/#website"},"primaryImageOfPage":{"@id":"https:\/\/lightweb.dev\/l\/svm-temp\/nyheter\/gront-ljus-for-5g-under-flygning\/#primaryimage"},"image":{"@id":"https:\/\/lightweb.dev\/l\/svm-temp\/nyheter\/gront-ljus-for-5g-under-flygning\/#primaryimage"},"thumbnailUrl":"https:\/\/lightweb.dev\/l\/svm-temp\/wp-content\/uploads\/2022\/11\/smartphone-amidst-trip-supplies-stor.jpeg","datePublished":"2022-11-29T09:56:16+00:00","dateModified":"2022-11-29T09:57:12+00:00","description":"Snart \u00e4r \u201dflygplansl\u00e4ge\u201d ett minne blott och du kan anv\u00e4nda 5g p\u00e5 flyg i Europa. EU-kommissionen har fattat beslut att europeiska flygbolag snart kan erbjuda passagerare anv\u00e4ndning av internet. Det betyder att vi kan anv\u00e4nda v\u00e5ra elektroniska enheter och ringa under flygningar.","breadcrumb":{"@id":"https:\/\/lightweb.dev\/l\/svm-temp\/nyheter\/gront-ljus-for-5g-under-flygning\/#breadcrumb"},"inLanguage":"sv-SE","potentialAction":[{"@type":"ReadAction","target":["https:\/\/lightweb.dev\/l\/svm-temp\/nyheter\/gront-ljus-for-5g-under-flygning\/"]}]},{"@type":"ImageObject","inLanguage":"sv-SE","@id":"https:\/\/lightweb.dev\/l\/svm-temp\/nyheter\/gront-ljus-for-5g-under-flygning\/#primaryimage","url":"https:\/\/lightweb.dev\/l\/svm-temp\/wp-content\/uploads\/2022\/11\/smartphone-amidst-trip-supplies-stor.jpeg","contentUrl":"https:\/\/lightweb.dev\/l\/svm-temp\/wp-content\/uploads\/2022\/11\/smartphone-amidst-trip-supplies-stor.jpeg","width":1280,"height":853,"caption":"Snart f\u00e5r vi tillg\u00e5ng till 5g under flygningen mellan Sverige och Spanien. (Foto: Freepik.com)"},{"@type":"BreadcrumbList","@id":"https:\/\/lightweb.dev\/l\/svm-temp\/nyheter\/gront-ljus-for-5g-under-flygning\/#breadcrumb","itemListElement":[{"@type":"ListItem","position":1,"name":"Hem","item":"https:\/\/lightweb.dev\/l\/svm-temp\/"},{"@type":"ListItem","position":2,"name":"Gr\u00f6nt ljus f\u00f6r 5g under flygning"}]},{"@type":"WebSite","@id":"https:\/\/lightweb.dev\/l\/svm-temp\/#website","url":"https:\/\/lightweb.dev\/l\/svm-temp\/","name":"Svenska Magasinet","description":"Dina Spanska nyheter p&aring; Svenska","publisher":{"@id":"https:\/\/lightweb.dev\/l\/svm-temp\/#organization"},"potentialAction":[{"@type":"SearchAction","target":{"@type":"EntryPoint","urlTemplate":"https:\/\/lightweb.dev\/l\/svm-temp\/?s={search_term_string}"},"query-input":{"@type":"PropertyValueSpecification","valueRequired":true,"valueName":"search_term_string"}}],"inLanguage":"sv-SE"},{"@type":"Organization","@id":"https:\/\/lightweb.dev\/l\/svm-temp\/#organization","name":"Melkerson y Nott SL","alternateName":"Svenska Magasinet","url":"https:\/\/lightweb.dev\/l\/svm-temp\/","logo":{"@type":"ImageObject","inLanguage":"sv-SE","@id":"https:\/\/lightweb.dev\/l\/svm-temp\/#\/schema\/logo\/image\/","url":"https:\/\/lightweb.dev\/l\/svm-temp\/wp-content\/uploads\/2025\/02\/SvM-logo-Xtra-Centrerad-SVART.png","contentUrl":"https:\/\/lightweb.dev\/l\/svm-temp\/wp-content\/uploads\/2025\/02\/SvM-logo-Xtra-Centrerad-SVART.png","width":300,"height":99,"caption":"Melkerson y Nott SL"},"image":{"@id":"https:\/\/lightweb.dev\/l\/svm-temp\/#\/schema\/logo\/image\/"},"sameAs":["https:\/\/www.facebook.com\/svenskamagasinet","https:\/\/x.com\/SvenskaMagasine"]},{"@type":"Person","@id":"https:\/\/lightweb.dev\/l\/svm-temp\/#\/schema\/person\/7a82b8a73d171d32360a564b6d03508e","name":"Ola Josefsson","description":"Bevakar Solkusten och Spanien sedan 1994.","sameAs":["https:\/\/lightweb.dev\/l\/svm-temp"],"url":"https:\/\/lightweb.dev\/l\/svm-temp\/reporter\/ola-josefsson\/"}]}},"_links":{"self":[{"href":"https:\/\/lightweb.dev\/l\/svm-temp\/wp-json\/wp\/v2\/posts\/59771","targetHints":{"allow":["GET"]}}],"collection":[{"href":"https:\/\/lightweb.dev\/l\/svm-temp\/wp-json\/wp\/v2\/posts"}],"about":[{"href":"https:\/\/lightweb.dev\/l\/svm-temp\/wp-json\/wp\/v2\/types\/post"}],"author":[{"embeddable":true,"href":"https:\/\/lightweb.dev\/l\/svm-temp\/wp-json\/wp\/v2\/users\/7"}],"replies":[{"embeddable":true,"href":"https:\/\/lightweb.dev\/l\/svm-temp\/wp-json\/wp\/v2\/comments?post=59771"}],"version-history":[{"count":0,"href":"https:\/\/lightweb.dev\/l\/svm-temp\/wp-json\/wp\/v2\/posts\/59771\/revisions"}],"wp:featuredmedia":[{"embeddable":true,"href":"https:\/\/lightweb.dev\/l\/svm-temp\/wp-json\/wp\/v2\/media\/59773"}],"wp:attachment":[{"href":"https:\/\/lightweb.dev\/l\/svm-temp\/wp-json\/wp\/v2\/media?parent=59771"}],"wp:term":[{"taxonomy":"category","embeddable":true,"href":"https:\/\/lightweb.dev\/l\/svm-temp\/wp-json\/wp\/v2\/categories?post=59771"},{"taxonomy":"post_tag","embeddable":true,"href":"https:\/\/lightweb.dev\/l\/svm-temp\/wp-json\/wp\/v2\/tags?post=59771"}],"curies":[{"name":"wp","href":"https:\/\/api.w.org\/{rel}","templated":true}]}}