{"id":59783,"date":"2022-11-29T13:12:27","date_gmt":"2022-11-29T12:12:27","guid":{"rendered":"https:\/\/lightweb.dev\/l\/svm-temp\/?p=59783"},"modified":"2022-11-29T13:12:27","modified_gmt":"2022-11-29T12:12:27","slug":"sierra-nevada-oppnar-pa-lordag-2","status":"publish","type":"post","link":"https:\/\/lightweb.dev\/l\/svm-temp\/nyheter\/sierra-nevada-oppnar-pa-lordag-2\/","title":{"rendered":"Sierra Nevada \u00f6ppnar p\u00e5 l\u00f6rdag"},"content":{"rendered":"<p><strong>P\u00e5 l\u00f6rdag inleds s\u00e4songen i den alpina vintersportorten i Granadaprovinsen. F\u00f6rutom Sierra Nevada \u00e4r s\u00e4songen i g\u00e5ng i den del av Pyren\u00e9erna som ligger i Aragonien och Katalonien samt Andorra.<\/strong><\/p>\n<p>Om sn\u00f6f\u00f6rh\u00e5llandena \u00e4r de r\u00e4tta och v\u00e4dret till\u00e5ter det r\u00e4knar f\u00f6retagarf\u00f6reningen i Sierra Nevada (Asociaci\u00f3n de Empresarios de Sierra Nevada) att bel\u00e4ggningen ligger p\u00e5 70 procent under f\u00f6rsta veckan av december.<\/p>\n<p>Tisdagen den 6 december och torsdagen den 8 december \u00e4r det helgdagar i Spanien vilket g\u00f6r att m\u00e5nga tar ledigt under veckan.<\/p>\n<p>Hittills har det varit sn\u00f6brist i Sierra Nevada. Kylan har gjort sig p\u00e5mind senaste dygnen vilket g\u00f6r att sn\u00f6kanorna g\u00e5r f\u00f6r fullt. Enligt v\u00e4derlekstj\u00e4nsten f\u00e5r vi ostabilare v\u00e4der fr\u00e5n torsdag med nederb\u00f6rd vilket kommer att falla som sn\u00f6 p\u00e5 h\u00f6gre h\u00f6jd.<\/p>\n<p>Tillsammans med Formigal (137 km pister) och Baqueira Beret (153 km) tillh\u00f6r Sierra Nevada (105) Spaniens st\u00f6rsta alpina omr\u00e5den.<\/p>\n<p><span class=\"WMElFe4onwdV9t0v3aNJkKX7Qz8qY2AuGihmHRrgZT\"><\/p>\n<blockquote class=\"twitter-tweet\" data-width=\"550\" data-dnt=\"true\">\n<p lang=\"es\" dir=\"ltr\">Ganas de vivir una nueva temporada&#8230; <br \/>\u26f7 Calentando motores con el v\u00eddeo oficial de la<br \/> T. 2022-23 \ud83c\udfc2<a href=\"https:\/\/twitter.com\/hashtag\/ViveSierraNevada?src=hash&amp;ref_src=twsrc%5Etfw\">#ViveSierraNevada<\/a> <a href=\"https:\/\/t.co\/TsiUDZ7eMu\">https:\/\/t.co\/TsiUDZ7eMu<\/a> <a href=\"https:\/\/t.co\/S9jmoUrqBn\">pic.twitter.com\/S9jmoUrqBn<\/a><\/p>\n<p>&mdash; Sierra Nevada (@websierranevada) <a href=\"https:\/\/twitter.com\/websierranevada\/status\/1597193637774864385?ref_src=twsrc%5Etfw\">November 28, 2022<\/a><\/p><\/blockquote>\n<p><script async src=\"https:\/\/platform.twitter.com\/widgets.js\" charset=\"utf-8\"><\/script><\/span><\/p>\n","protected":false},"excerpt":{"rendered":"<p>P\u00e5 l\u00f6rdag inleds s\u00e4songen i den alpina vintersportorten i Granadaprovinsen. F\u00f6rutom Sierra Nevada \u00e4r s\u00e4songen i g\u00e5ng i den del av Pyren\u00e9erna som ligger i Aragonien och Katalonien samt Andorra. Om sn\u00f6f\u00f6rh\u00e5llandena \u00e4r de r\u00e4tta och v\u00e4dret till\u00e5ter det r\u00e4knar f\u00f6retagarf\u00f6reningen i Sierra Nevada (Asociaci\u00f3n de Empresarios de Sierra Nevada) att bel\u00e4ggningen ligger p\u00e5 70 [&hellip;]<\/p>\n","protected":false},"author":7,"featured_media":59785,"comment_status":"open","ping_status":"closed","sticky":false,"template":"","format":"standard","meta":{"_et_pb_use_builder":"","_et_pb_old_content":"","_et_gb_content_width":"","footnotes":""},"categories":[3,352],"tags":[],"class_list":["post-59783","post","type-post","status-publish","format-standard","has-post-thumbnail","hentry","category-nyheter","category-sport"],"yoast_head":"<!-- This site is optimized with the Yoast SEO Premium plugin v26.2 (Yoast SEO v27.4) - https:\/\/yoast.com\/product\/yoast-seo-premium-wordpress\/ -->\n<title>Sierra Nevada \u00f6ppnar p\u00e5 l\u00f6rdag - Svenska Magasinet<\/title>\n<meta name=\"description\" content=\"P\u00e5 l\u00f6rdag inleds s\u00e4songen i den alpina vintersportorten i Granadaprovinsen. F\u00f6rutom Sierra Nevada \u00e4r s\u00e4songen i g\u00e5ng i den del av Pyren\u00e9erna som ligger i Aragonien och Katalonien samt Andorra.\" \/>\n<meta name=\"robots\" content=\"noindex, follow, max-snippet:-1, max-image-preview:large, max-video-preview:-1\" \/>\n<meta property=\"og:locale\" content=\"sv_SE\" \/>\n<meta property=\"og:type\" content=\"article\" \/>\n<meta property=\"og:title\" content=\"Sierra Nevada \u00f6ppnar p\u00e5 l\u00f6rdag\" \/>\n<meta property=\"og:description\" content=\"P\u00e5 l\u00f6rdag inleds s\u00e4songen i den alpina vintersportorten i Granadaprovinsen. F\u00f6rutom Sierra Nevada \u00e4r s\u00e4songen i g\u00e5ng i den del av Pyren\u00e9erna som ligger i Aragonien och Katalonien samt Andorra.\" \/>\n<meta property=\"og:url\" content=\"https:\/\/lightweb.dev\/l\/svm-temp\/artiklar\/golf-sport\/sierra-nevada-oppnar-pa-lordag-2\/\" \/>\n<meta property=\"og:site_name\" content=\"Svenska Magasinet\" \/>\n<meta property=\"article:publisher\" content=\"https:\/\/www.facebook.com\/svenskamagasinet\" \/>\n<meta property=\"article:published_time\" content=\"2022-11-29T12:12:27+00:00\" \/>\n<meta property=\"og:image\" content=\"https:\/\/lightweb.dev\/l\/svm-temp\/wp-content\/uploads\/2022\/11\/FeOXk9fX0AQiAQY-stor.jpeg\" \/>\n\t<meta property=\"og:image:width\" content=\"1024\" \/>\n\t<meta property=\"og:image:height\" content=\"512\" \/>\n\t<meta property=\"og:image:type\" content=\"image\/jpeg\" \/>\n<meta name=\"author\" content=\"Ola Josefsson\" \/>\n<meta name=\"twitter:card\" content=\"summary_large_image\" \/>\n<meta name=\"twitter:creator\" content=\"@SvenskaMagasine\" \/>\n<meta name=\"twitter:site\" content=\"@SvenskaMagasine\" \/>\n<script type=\"application\/ld+json\" class=\"yoast-schema-graph\">{\"@context\":\"https:\\\/\\\/schema.org\",\"@graph\":[{\"@type\":\"Article\",\"@id\":\"https:\\\/\\\/lightweb.dev\\\/l\\\/svm-temp\\\/artiklar\\\/golf-sport\\\/sierra-nevada-oppnar-pa-lordag-2\\\/#article\",\"isPartOf\":{\"@id\":\"https:\\\/\\\/lightweb.dev\\\/l\\\/svm-temp\\\/artiklar\\\/golf-sport\\\/sierra-nevada-oppnar-pa-lordag-2\\\/\"},\"author\":{\"name\":\"Ola Josefsson\",\"@id\":\"https:\\\/\\\/lightweb.dev\\\/l\\\/svm-temp\\\/#\\\/schema\\\/person\\\/7a82b8a73d171d32360a564b6d03508e\"},\"headline\":\"Sierra Nevada \u00f6ppnar p\u00e5 l\u00f6rdag\",\"datePublished\":\"2022-11-29T12:12:27+00:00\",\"mainEntityOfPage\":{\"@id\":\"https:\\\/\\\/lightweb.dev\\\/l\\\/svm-temp\\\/artiklar\\\/golf-sport\\\/sierra-nevada-oppnar-pa-lordag-2\\\/\"},\"wordCount\":194,\"commentCount\":1,\"publisher\":{\"@id\":\"https:\\\/\\\/lightweb.dev\\\/l\\\/svm-temp\\\/#organization\"},\"image\":{\"@id\":\"https:\\\/\\\/lightweb.dev\\\/l\\\/svm-temp\\\/artiklar\\\/golf-sport\\\/sierra-nevada-oppnar-pa-lordag-2\\\/#primaryimage\"},\"thumbnailUrl\":\"https:\\\/\\\/lightweb.dev\\\/l\\\/svm-temp\\\/wp-content\\\/uploads\\\/2022\\\/11\\\/FeOXk9fX0AQiAQY-stor.jpeg\",\"articleSection\":[\"Nyheter\",\"Sport\"],\"inLanguage\":\"sv-SE\"},{\"@type\":\"WebPage\",\"@id\":\"https:\\\/\\\/lightweb.dev\\\/l\\\/svm-temp\\\/artiklar\\\/golf-sport\\\/sierra-nevada-oppnar-pa-lordag-2\\\/\",\"url\":\"https:\\\/\\\/lightweb.dev\\\/l\\\/svm-temp\\\/artiklar\\\/golf-sport\\\/sierra-nevada-oppnar-pa-lordag-2\\\/\",\"name\":\"Sierra Nevada \u00f6ppnar p\u00e5 l\u00f6rdag - Svenska Magasinet\",\"isPartOf\":{\"@id\":\"https:\\\/\\\/lightweb.dev\\\/l\\\/svm-temp\\\/#website\"},\"primaryImageOfPage\":{\"@id\":\"https:\\\/\\\/lightweb.dev\\\/l\\\/svm-temp\\\/artiklar\\\/golf-sport\\\/sierra-nevada-oppnar-pa-lordag-2\\\/#primaryimage\"},\"image\":{\"@id\":\"https:\\\/\\\/lightweb.dev\\\/l\\\/svm-temp\\\/artiklar\\\/golf-sport\\\/sierra-nevada-oppnar-pa-lordag-2\\\/#primaryimage\"},\"thumbnailUrl\":\"https:\\\/\\\/lightweb.dev\\\/l\\\/svm-temp\\\/wp-content\\\/uploads\\\/2022\\\/11\\\/FeOXk9fX0AQiAQY-stor.jpeg\",\"datePublished\":\"2022-11-29T12:12:27+00:00\",\"description\":\"P\u00e5 l\u00f6rdag inleds s\u00e4songen i den alpina vintersportorten i Granadaprovinsen. F\u00f6rutom Sierra Nevada \u00e4r s\u00e4songen i g\u00e5ng i den del av Pyren\u00e9erna som ligger i Aragonien och Katalonien samt Andorra.\",\"breadcrumb\":{\"@id\":\"https:\\\/\\\/lightweb.dev\\\/l\\\/svm-temp\\\/artiklar\\\/golf-sport\\\/sierra-nevada-oppnar-pa-lordag-2\\\/#breadcrumb\"},\"inLanguage\":\"sv-SE\",\"potentialAction\":[{\"@type\":\"ReadAction\",\"target\":[\"https:\\\/\\\/lightweb.dev\\\/l\\\/svm-temp\\\/artiklar\\\/golf-sport\\\/sierra-nevada-oppnar-pa-lordag-2\\\/\"]}]},{\"@type\":\"ImageObject\",\"inLanguage\":\"sv-SE\",\"@id\":\"https:\\\/\\\/lightweb.dev\\\/l\\\/svm-temp\\\/artiklar\\\/golf-sport\\\/sierra-nevada-oppnar-pa-lordag-2\\\/#primaryimage\",\"url\":\"https:\\\/\\\/lightweb.dev\\\/l\\\/svm-temp\\\/wp-content\\\/uploads\\\/2022\\\/11\\\/FeOXk9fX0AQiAQY-stor.jpeg\",\"contentUrl\":\"https:\\\/\\\/lightweb.dev\\\/l\\\/svm-temp\\\/wp-content\\\/uploads\\\/2022\\\/11\\\/FeOXk9fX0AQiAQY-stor.jpeg\",\"width\":1024,\"height\":512,\"caption\":\"P\u00e5 l\u00f6rdagar \u00f6ppnar vintersportorten Sierra Nevada (Foto: Twitter @websierranevada)\"},{\"@type\":\"BreadcrumbList\",\"@id\":\"https:\\\/\\\/lightweb.dev\\\/l\\\/svm-temp\\\/artiklar\\\/golf-sport\\\/sierra-nevada-oppnar-pa-lordag-2\\\/#breadcrumb\",\"itemListElement\":[{\"@type\":\"ListItem\",\"position\":1,\"name\":\"Hem\",\"item\":\"https:\\\/\\\/lightweb.dev\\\/l\\\/svm-temp\\\/\"},{\"@type\":\"ListItem\",\"position\":2,\"name\":\"Sierra Nevada \u00f6ppnar p\u00e5 l\u00f6rdag\"}]},{\"@type\":\"WebSite\",\"@id\":\"https:\\\/\\\/lightweb.dev\\\/l\\\/svm-temp\\\/#website\",\"url\":\"https:\\\/\\\/lightweb.dev\\\/l\\\/svm-temp\\\/\",\"name\":\"Svenska Magasinet\",\"description\":\"Dina Spanska nyheter p&aring; Svenska\",\"publisher\":{\"@id\":\"https:\\\/\\\/lightweb.dev\\\/l\\\/svm-temp\\\/#organization\"},\"potentialAction\":[{\"@type\":\"SearchAction\",\"target\":{\"@type\":\"EntryPoint\",\"urlTemplate\":\"https:\\\/\\\/lightweb.dev\\\/l\\\/svm-temp\\\/?s={search_term_string}\"},\"query-input\":{\"@type\":\"PropertyValueSpecification\",\"valueRequired\":true,\"valueName\":\"search_term_string\"}}],\"inLanguage\":\"sv-SE\"},{\"@type\":\"Organization\",\"@id\":\"https:\\\/\\\/lightweb.dev\\\/l\\\/svm-temp\\\/#organization\",\"name\":\"Melkerson y Nott SL\",\"alternateName\":\"Svenska Magasinet\",\"url\":\"https:\\\/\\\/lightweb.dev\\\/l\\\/svm-temp\\\/\",\"logo\":{\"@type\":\"ImageObject\",\"inLanguage\":\"sv-SE\",\"@id\":\"https:\\\/\\\/lightweb.dev\\\/l\\\/svm-temp\\\/#\\\/schema\\\/logo\\\/image\\\/\",\"url\":\"https:\\\/\\\/lightweb.dev\\\/l\\\/svm-temp\\\/wp-content\\\/uploads\\\/2025\\\/02\\\/SvM-logo-Xtra-Centrerad-SVART.png\",\"contentUrl\":\"https:\\\/\\\/lightweb.dev\\\/l\\\/svm-temp\\\/wp-content\\\/uploads\\\/2025\\\/02\\\/SvM-logo-Xtra-Centrerad-SVART.png\",\"width\":300,\"height\":99,\"caption\":\"Melkerson y Nott SL\"},\"image\":{\"@id\":\"https:\\\/\\\/lightweb.dev\\\/l\\\/svm-temp\\\/#\\\/schema\\\/logo\\\/image\\\/\"},\"sameAs\":[\"https:\\\/\\\/www.facebook.com\\\/svenskamagasinet\",\"https:\\\/\\\/x.com\\\/SvenskaMagasine\"]},{\"@type\":\"Person\",\"@id\":\"https:\\\/\\\/lightweb.dev\\\/l\\\/svm-temp\\\/#\\\/schema\\\/person\\\/7a82b8a73d171d32360a564b6d03508e\",\"name\":\"Ola Josefsson\",\"description\":\"Bevakar Solkusten och Spanien sedan 1994.\",\"sameAs\":[\"https:\\\/\\\/lightweb.dev\\\/l\\\/svm-temp\"],\"url\":\"https:\\\/\\\/lightweb.dev\\\/l\\\/svm-temp\\\/reporter\\\/ola-josefsson\\\/\"}]}<\/script>\n<!-- \/ Yoast SEO Premium plugin. -->","yoast_head_json":{"title":"Sierra Nevada \u00f6ppnar p\u00e5 l\u00f6rdag - Svenska Magasinet","description":"P\u00e5 l\u00f6rdag inleds s\u00e4songen i den alpina vintersportorten i Granadaprovinsen. F\u00f6rutom Sierra Nevada \u00e4r s\u00e4songen i g\u00e5ng i den del av Pyren\u00e9erna som ligger i Aragonien och Katalonien samt Andorra.","robots":{"index":"noindex","follow":"follow","max-snippet":"max-snippet:-1","max-image-preview":"max-image-preview:large","max-video-preview":"max-video-preview:-1"},"og_locale":"sv_SE","og_type":"article","og_title":"Sierra Nevada \u00f6ppnar p\u00e5 l\u00f6rdag","og_description":"P\u00e5 l\u00f6rdag inleds s\u00e4songen i den alpina vintersportorten i Granadaprovinsen. F\u00f6rutom Sierra Nevada \u00e4r s\u00e4songen i g\u00e5ng i den del av Pyren\u00e9erna som ligger i Aragonien och Katalonien samt Andorra.","og_url":"https:\/\/lightweb.dev\/l\/svm-temp\/artiklar\/golf-sport\/sierra-nevada-oppnar-pa-lordag-2\/","og_site_name":"Svenska Magasinet","article_publisher":"https:\/\/www.facebook.com\/svenskamagasinet","article_published_time":"2022-11-29T12:12:27+00:00","og_image":[{"width":1024,"height":512,"url":"https:\/\/lightweb.dev\/l\/svm-temp\/wp-content\/uploads\/2022\/11\/FeOXk9fX0AQiAQY-stor.jpeg","type":"image\/jpeg"}],"author":"Ola Josefsson","twitter_card":"summary_large_image","twitter_creator":"@SvenskaMagasine","twitter_site":"@SvenskaMagasine","schema":{"@context":"https:\/\/schema.org","@graph":[{"@type":"Article","@id":"https:\/\/lightweb.dev\/l\/svm-temp\/artiklar\/golf-sport\/sierra-nevada-oppnar-pa-lordag-2\/#article","isPartOf":{"@id":"https:\/\/lightweb.dev\/l\/svm-temp\/artiklar\/golf-sport\/sierra-nevada-oppnar-pa-lordag-2\/"},"author":{"name":"Ola Josefsson","@id":"https:\/\/lightweb.dev\/l\/svm-temp\/#\/schema\/person\/7a82b8a73d171d32360a564b6d03508e"},"headline":"Sierra Nevada \u00f6ppnar p\u00e5 l\u00f6rdag","datePublished":"2022-11-29T12:12:27+00:00","mainEntityOfPage":{"@id":"https:\/\/lightweb.dev\/l\/svm-temp\/artiklar\/golf-sport\/sierra-nevada-oppnar-pa-lordag-2\/"},"wordCount":194,"commentCount":1,"publisher":{"@id":"https:\/\/lightweb.dev\/l\/svm-temp\/#organization"},"image":{"@id":"https:\/\/lightweb.dev\/l\/svm-temp\/artiklar\/golf-sport\/sierra-nevada-oppnar-pa-lordag-2\/#primaryimage"},"thumbnailUrl":"https:\/\/lightweb.dev\/l\/svm-temp\/wp-content\/uploads\/2022\/11\/FeOXk9fX0AQiAQY-stor.jpeg","articleSection":["Nyheter","Sport"],"inLanguage":"sv-SE"},{"@type":"WebPage","@id":"https:\/\/lightweb.dev\/l\/svm-temp\/artiklar\/golf-sport\/sierra-nevada-oppnar-pa-lordag-2\/","url":"https:\/\/lightweb.dev\/l\/svm-temp\/artiklar\/golf-sport\/sierra-nevada-oppnar-pa-lordag-2\/","name":"Sierra Nevada \u00f6ppnar p\u00e5 l\u00f6rdag - Svenska Magasinet","isPartOf":{"@id":"https:\/\/lightweb.dev\/l\/svm-temp\/#website"},"primaryImageOfPage":{"@id":"https:\/\/lightweb.dev\/l\/svm-temp\/artiklar\/golf-sport\/sierra-nevada-oppnar-pa-lordag-2\/#primaryimage"},"image":{"@id":"https:\/\/lightweb.dev\/l\/svm-temp\/artiklar\/golf-sport\/sierra-nevada-oppnar-pa-lordag-2\/#primaryimage"},"thumbnailUrl":"https:\/\/lightweb.dev\/l\/svm-temp\/wp-content\/uploads\/2022\/11\/FeOXk9fX0AQiAQY-stor.jpeg","datePublished":"2022-11-29T12:12:27+00:00","description":"P\u00e5 l\u00f6rdag inleds s\u00e4songen i den alpina vintersportorten i Granadaprovinsen. F\u00f6rutom Sierra Nevada \u00e4r s\u00e4songen i g\u00e5ng i den del av Pyren\u00e9erna som ligger i Aragonien och Katalonien samt Andorra.","breadcrumb":{"@id":"https:\/\/lightweb.dev\/l\/svm-temp\/artiklar\/golf-sport\/sierra-nevada-oppnar-pa-lordag-2\/#breadcrumb"},"inLanguage":"sv-SE","potentialAction":[{"@type":"ReadAction","target":["https:\/\/lightweb.dev\/l\/svm-temp\/artiklar\/golf-sport\/sierra-nevada-oppnar-pa-lordag-2\/"]}]},{"@type":"ImageObject","inLanguage":"sv-SE","@id":"https:\/\/lightweb.dev\/l\/svm-temp\/artiklar\/golf-sport\/sierra-nevada-oppnar-pa-lordag-2\/#primaryimage","url":"https:\/\/lightweb.dev\/l\/svm-temp\/wp-content\/uploads\/2022\/11\/FeOXk9fX0AQiAQY-stor.jpeg","contentUrl":"https:\/\/lightweb.dev\/l\/svm-temp\/wp-content\/uploads\/2022\/11\/FeOXk9fX0AQiAQY-stor.jpeg","width":1024,"height":512,"caption":"P\u00e5 l\u00f6rdagar \u00f6ppnar vintersportorten Sierra Nevada (Foto: Twitter @websierranevada)"},{"@type":"BreadcrumbList","@id":"https:\/\/lightweb.dev\/l\/svm-temp\/artiklar\/golf-sport\/sierra-nevada-oppnar-pa-lordag-2\/#breadcrumb","itemListElement":[{"@type":"ListItem","position":1,"name":"Hem","item":"https:\/\/lightweb.dev\/l\/svm-temp\/"},{"@type":"ListItem","position":2,"name":"Sierra Nevada \u00f6ppnar p\u00e5 l\u00f6rdag"}]},{"@type":"WebSite","@id":"https:\/\/lightweb.dev\/l\/svm-temp\/#website","url":"https:\/\/lightweb.dev\/l\/svm-temp\/","name":"Svenska Magasinet","description":"Dina Spanska nyheter p&aring; Svenska","publisher":{"@id":"https:\/\/lightweb.dev\/l\/svm-temp\/#organization"},"potentialAction":[{"@type":"SearchAction","target":{"@type":"EntryPoint","urlTemplate":"https:\/\/lightweb.dev\/l\/svm-temp\/?s={search_term_string}"},"query-input":{"@type":"PropertyValueSpecification","valueRequired":true,"valueName":"search_term_string"}}],"inLanguage":"sv-SE"},{"@type":"Organization","@id":"https:\/\/lightweb.dev\/l\/svm-temp\/#organization","name":"Melkerson y Nott SL","alternateName":"Svenska Magasinet","url":"https:\/\/lightweb.dev\/l\/svm-temp\/","logo":{"@type":"ImageObject","inLanguage":"sv-SE","@id":"https:\/\/lightweb.dev\/l\/svm-temp\/#\/schema\/logo\/image\/","url":"https:\/\/lightweb.dev\/l\/svm-temp\/wp-content\/uploads\/2025\/02\/SvM-logo-Xtra-Centrerad-SVART.png","contentUrl":"https:\/\/lightweb.dev\/l\/svm-temp\/wp-content\/uploads\/2025\/02\/SvM-logo-Xtra-Centrerad-SVART.png","width":300,"height":99,"caption":"Melkerson y Nott SL"},"image":{"@id":"https:\/\/lightweb.dev\/l\/svm-temp\/#\/schema\/logo\/image\/"},"sameAs":["https:\/\/www.facebook.com\/svenskamagasinet","https:\/\/x.com\/SvenskaMagasine"]},{"@type":"Person","@id":"https:\/\/lightweb.dev\/l\/svm-temp\/#\/schema\/person\/7a82b8a73d171d32360a564b6d03508e","name":"Ola Josefsson","description":"Bevakar Solkusten och Spanien sedan 1994.","sameAs":["https:\/\/lightweb.dev\/l\/svm-temp"],"url":"https:\/\/lightweb.dev\/l\/svm-temp\/reporter\/ola-josefsson\/"}]}},"_links":{"self":[{"href":"https:\/\/lightweb.dev\/l\/svm-temp\/wp-json\/wp\/v2\/posts\/59783","targetHints":{"allow":["GET"]}}],"collection":[{"href":"https:\/\/lightweb.dev\/l\/svm-temp\/wp-json\/wp\/v2\/posts"}],"about":[{"href":"https:\/\/lightweb.dev\/l\/svm-temp\/wp-json\/wp\/v2\/types\/post"}],"author":[{"embeddable":true,"href":"https:\/\/lightweb.dev\/l\/svm-temp\/wp-json\/wp\/v2\/users\/7"}],"replies":[{"embeddable":true,"href":"https:\/\/lightweb.dev\/l\/svm-temp\/wp-json\/wp\/v2\/comments?post=59783"}],"version-history":[{"count":0,"href":"https:\/\/lightweb.dev\/l\/svm-temp\/wp-json\/wp\/v2\/posts\/59783\/revisions"}],"wp:featuredmedia":[{"embeddable":true,"href":"https:\/\/lightweb.dev\/l\/svm-temp\/wp-json\/wp\/v2\/media\/59785"}],"wp:attachment":[{"href":"https:\/\/lightweb.dev\/l\/svm-temp\/wp-json\/wp\/v2\/media?parent=59783"}],"wp:term":[{"taxonomy":"category","embeddable":true,"href":"https:\/\/lightweb.dev\/l\/svm-temp\/wp-json\/wp\/v2\/categories?post=59783"},{"taxonomy":"post_tag","embeddable":true,"href":"https:\/\/lightweb.dev\/l\/svm-temp\/wp-json\/wp\/v2\/tags?post=59783"}],"curies":[{"name":"wp","href":"https:\/\/api.w.org\/{rel}","templated":true}]}}