{"id":59805,"date":"2022-11-30T10:42:53","date_gmt":"2022-11-30T09:42:53","guid":{"rendered":"https:\/\/lightweb.dev\/l\/svm-temp\/?p=59805"},"modified":"2022-11-30T10:42:53","modified_gmt":"2022-11-30T09:42:53","slug":"lakare-ber-om-mer-personal-vid-solkustens-vardcentraler","status":"publish","type":"post","link":"https:\/\/lightweb.dev\/l\/svm-temp\/nyheter\/lakare-ber-om-mer-personal-vid-solkustens-vardcentraler\/","title":{"rendered":"L\u00e4kare ber om mer personal vid Solkustens v\u00e5rdcentraler"},"content":{"rendered":"<p><strong>Enbart vid prim\u00e4rv\u00e5rden vid Solkustens v\u00e5rdcentraler saknas det cirka 35 familjel\u00e4kare och minst sex barnl\u00e4kare. Det s\u00e4ger l\u00e4karnas fackf\u00f6rbund SMM (Sindicato M\u00e9dico de M\u00e1laga) i samband med ett upprop p\u00e5 tisdagen och som forts\u00e4tter under temat \u201dMartes con la prensa. SMM denuncia\u201d, Tisdagar med pressen. SMM anm\u00e4ler.<\/strong><\/p>\n<p>Det handlar om en serier m\u00f6ten som SMM inbjuder pressen till p\u00e5 Costa del Sol med anledning av det saknas familjel\u00e4kare och barnl\u00e4kare. Sjukv\u00e5rdsdistrikten p\u00e5 kusten r\u00e4knas till dem som lider mest av underskottet av l\u00e4kare men ocks\u00e5 av utrustning.<\/p>\n<p>Antonio de la Cruz, fackombud, ber\u00e4ttar att det saknas 35 familjel\u00e4kare och sex barnl\u00e4kare f\u00f6r att klara v\u00e5rdbehovet.<\/p>\n<p>Specifikt saknar Albarizas och San Pedro de Alc\u00e1ntara i Marbella flest familjel\u00e4kare med 14 f\u00f6rutom tv\u00e5 barnl\u00e4kare f\u00f6ljt av Las Lagunas i Fuengirola\/Mijas med tio familjel\u00e4kare och en barnl\u00e4kare. Men \u00e4ven vid v\u00e5rdcentralerna i Estepona V\u00e4stra och San Miguel i Torremolinos saknas det personal.<\/p>\n<p>Tidigare \u00f6ppnade Esteponas nya sjukhus men l\u00e4get d\u00e4r beskrivs som att det bara g\u00e5r p\u00e5 halvfart.<\/p>\n<p>Fackombudet Jos\u00e9 Luis Prada s\u00e4ger att orsaken \u00e4r att det verkliga befolkningsunderlaget \u00e4r mycket st\u00f6rre \u00e4n vad som officiellt registrerats. Av det sk\u00e4let saknas det familjel\u00e4kare och barnl\u00e4kare.<\/p>\n<p>Dessutom r\u00e5der det en \u00f6verbelastning p\u00e5 akutsjukv\u00e5rden. Att det saknas yrkesverksamma har ocks\u00e5 att g\u00f6ra med \u201darbetskontraktens os\u00e4kerhet\u201d och \u201datt det beh\u00f6vs h\u00f6gre l\u00f6ner\u201d.<\/p>\n","protected":false},"excerpt":{"rendered":"<p>Enbart vid prim\u00e4rv\u00e5rden vid Solkustens v\u00e5rdcentraler saknas det cirka 35 familjel\u00e4kare och minst sex barnl\u00e4kare. Det s\u00e4ger l\u00e4karnas fackf\u00f6rbund SMM (Sindicato M\u00e9dico de M\u00e1laga) i samband med ett upprop p\u00e5 tisdagen och som forts\u00e4tter under temat \u201dMartes con la prensa. SMM denuncia\u201d, Tisdagar med pressen. SMM anm\u00e4ler. Det handlar om en serier m\u00f6ten som SMM [&hellip;]<\/p>\n","protected":false},"author":7,"featured_media":59807,"comment_status":"open","ping_status":"closed","sticky":false,"template":"","format":"standard","meta":{"_et_pb_use_builder":"","_et_pb_old_content":"","_et_gb_content_width":"","footnotes":""},"categories":[395,3],"tags":[],"class_list":["post-59805","post","type-post","status-publish","format-standard","has-post-thumbnail","hentry","category-arkiv-nyheter","category-nyheter"],"yoast_head":"<!-- This site is optimized with the Yoast SEO Premium plugin v26.2 (Yoast SEO v27.4) - https:\/\/yoast.com\/product\/yoast-seo-premium-wordpress\/ -->\n<title>L\u00e4kare ber om mer personal vid Solkustens v\u00e5rdcentraler - Svenska Magasinet<\/title>\n<meta name=\"description\" content=\"Enbart vid prim\u00e4rv\u00e5rden vid Solkustens v\u00e5rdcentraler saknas det cirka 35 familjel\u00e4kare och minst sex barnl\u00e4kare. Det s\u00e4ger l\u00e4karnas fackf\u00f6rbund SMM (Sindicato M\u00e9dico de M\u00e1laga) i samband med ett upprop p\u00e5 tisdagen och som forts\u00e4tter under temat \u201dMartes con la prensa. SMM denuncia\u201d, Tisdagar med pressen. SMM anm\u00e4ler.\" \/>\n<meta name=\"robots\" content=\"noindex, follow, max-snippet:-1, max-image-preview:large, max-video-preview:-1\" \/>\n<meta property=\"og:locale\" content=\"sv_SE\" \/>\n<meta property=\"og:type\" content=\"article\" \/>\n<meta property=\"og:title\" content=\"L\u00e4kare ber om mer personal vid Solkustens v\u00e5rdcentraler\" \/>\n<meta property=\"og:description\" content=\"Enbart vid prim\u00e4rv\u00e5rden vid Solkustens v\u00e5rdcentraler saknas det cirka 35 familjel\u00e4kare och minst sex barnl\u00e4kare. Det s\u00e4ger l\u00e4karnas fackf\u00f6rbund SMM (Sindicato M\u00e9dico de M\u00e1laga) i samband med ett upprop p\u00e5 tisdagen och som forts\u00e4tter under temat \u201dMartes con la prensa. SMM denuncia\u201d, Tisdagar med pressen. SMM anm\u00e4ler.\" \/>\n<meta property=\"og:url\" content=\"https:\/\/lightweb.dev\/l\/svm-temp\/nyheter\/lakare-ber-om-mer-personal-vid-solkustens-vardcentraler\/\" \/>\n<meta property=\"og:site_name\" content=\"Svenska Magasinet\" \/>\n<meta property=\"article:publisher\" content=\"https:\/\/www.facebook.com\/svenskamagasinet\" \/>\n<meta property=\"article:published_time\" content=\"2022-11-30T09:42:53+00:00\" \/>\n<meta property=\"og:image\" content=\"https:\/\/lightweb.dev\/l\/svm-temp\/wp-content\/uploads\/2022\/11\/MPSMM291122-stor.jpeg\" \/>\n\t<meta property=\"og:image:width\" content=\"1008\" \/>\n\t<meta property=\"og:image:height\" content=\"783\" \/>\n\t<meta property=\"og:image:type\" content=\"image\/jpeg\" \/>\n<meta name=\"author\" content=\"Ola Josefsson\" \/>\n<meta name=\"twitter:card\" content=\"summary_large_image\" \/>\n<meta name=\"twitter:creator\" content=\"@SvenskaMagasine\" \/>\n<meta name=\"twitter:site\" content=\"@SvenskaMagasine\" \/>\n<script type=\"application\/ld+json\" class=\"yoast-schema-graph\">{\"@context\":\"https:\\\/\\\/schema.org\",\"@graph\":[{\"@type\":\"Article\",\"@id\":\"https:\\\/\\\/lightweb.dev\\\/l\\\/svm-temp\\\/nyheter\\\/lakare-ber-om-mer-personal-vid-solkustens-vardcentraler\\\/#article\",\"isPartOf\":{\"@id\":\"https:\\\/\\\/lightweb.dev\\\/l\\\/svm-temp\\\/nyheter\\\/lakare-ber-om-mer-personal-vid-solkustens-vardcentraler\\\/\"},\"author\":{\"name\":\"Ola Josefsson\",\"@id\":\"https:\\\/\\\/lightweb.dev\\\/l\\\/svm-temp\\\/#\\\/schema\\\/person\\\/7a82b8a73d171d32360a564b6d03508e\"},\"headline\":\"L\u00e4kare ber om mer personal vid Solkustens v\u00e5rdcentraler\",\"datePublished\":\"2022-11-30T09:42:53+00:00\",\"mainEntityOfPage\":{\"@id\":\"https:\\\/\\\/lightweb.dev\\\/l\\\/svm-temp\\\/nyheter\\\/lakare-ber-om-mer-personal-vid-solkustens-vardcentraler\\\/\"},\"wordCount\":272,\"commentCount\":1,\"publisher\":{\"@id\":\"https:\\\/\\\/lightweb.dev\\\/l\\\/svm-temp\\\/#organization\"},\"image\":{\"@id\":\"https:\\\/\\\/lightweb.dev\\\/l\\\/svm-temp\\\/nyheter\\\/lakare-ber-om-mer-personal-vid-solkustens-vardcentraler\\\/#primaryimage\"},\"thumbnailUrl\":\"https:\\\/\\\/lightweb.dev\\\/l\\\/svm-temp\\\/wp-content\\\/uploads\\\/2022\\\/11\\\/MPSMM291122-stor.jpeg\",\"articleSection\":[\"Arkiv\",\"Nyheter\"],\"inLanguage\":\"sv-SE\"},{\"@type\":\"WebPage\",\"@id\":\"https:\\\/\\\/lightweb.dev\\\/l\\\/svm-temp\\\/nyheter\\\/lakare-ber-om-mer-personal-vid-solkustens-vardcentraler\\\/\",\"url\":\"https:\\\/\\\/lightweb.dev\\\/l\\\/svm-temp\\\/nyheter\\\/lakare-ber-om-mer-personal-vid-solkustens-vardcentraler\\\/\",\"name\":\"L\u00e4kare ber om mer personal vid Solkustens v\u00e5rdcentraler - Svenska Magasinet\",\"isPartOf\":{\"@id\":\"https:\\\/\\\/lightweb.dev\\\/l\\\/svm-temp\\\/#website\"},\"primaryImageOfPage\":{\"@id\":\"https:\\\/\\\/lightweb.dev\\\/l\\\/svm-temp\\\/nyheter\\\/lakare-ber-om-mer-personal-vid-solkustens-vardcentraler\\\/#primaryimage\"},\"image\":{\"@id\":\"https:\\\/\\\/lightweb.dev\\\/l\\\/svm-temp\\\/nyheter\\\/lakare-ber-om-mer-personal-vid-solkustens-vardcentraler\\\/#primaryimage\"},\"thumbnailUrl\":\"https:\\\/\\\/lightweb.dev\\\/l\\\/svm-temp\\\/wp-content\\\/uploads\\\/2022\\\/11\\\/MPSMM291122-stor.jpeg\",\"datePublished\":\"2022-11-30T09:42:53+00:00\",\"description\":\"Enbart vid prim\u00e4rv\u00e5rden vid Solkustens v\u00e5rdcentraler saknas det cirka 35 familjel\u00e4kare och minst sex barnl\u00e4kare. Det s\u00e4ger l\u00e4karnas fackf\u00f6rbund SMM (Sindicato M\u00e9dico de M\u00e1laga) i samband med ett upprop p\u00e5 tisdagen och som forts\u00e4tter under temat \u201dMartes con la prensa. SMM denuncia\u201d, Tisdagar med pressen. SMM anm\u00e4ler.\",\"breadcrumb\":{\"@id\":\"https:\\\/\\\/lightweb.dev\\\/l\\\/svm-temp\\\/nyheter\\\/lakare-ber-om-mer-personal-vid-solkustens-vardcentraler\\\/#breadcrumb\"},\"inLanguage\":\"sv-SE\",\"potentialAction\":[{\"@type\":\"ReadAction\",\"target\":[\"https:\\\/\\\/lightweb.dev\\\/l\\\/svm-temp\\\/nyheter\\\/lakare-ber-om-mer-personal-vid-solkustens-vardcentraler\\\/\"]}]},{\"@type\":\"ImageObject\",\"inLanguage\":\"sv-SE\",\"@id\":\"https:\\\/\\\/lightweb.dev\\\/l\\\/svm-temp\\\/nyheter\\\/lakare-ber-om-mer-personal-vid-solkustens-vardcentraler\\\/#primaryimage\",\"url\":\"https:\\\/\\\/lightweb.dev\\\/l\\\/svm-temp\\\/wp-content\\\/uploads\\\/2022\\\/11\\\/MPSMM291122-stor.jpeg\",\"contentUrl\":\"https:\\\/\\\/lightweb.dev\\\/l\\\/svm-temp\\\/wp-content\\\/uploads\\\/2022\\\/11\\\/MPSMM291122-stor.jpeg\",\"width\":1008,\"height\":783},{\"@type\":\"BreadcrumbList\",\"@id\":\"https:\\\/\\\/lightweb.dev\\\/l\\\/svm-temp\\\/nyheter\\\/lakare-ber-om-mer-personal-vid-solkustens-vardcentraler\\\/#breadcrumb\",\"itemListElement\":[{\"@type\":\"ListItem\",\"position\":1,\"name\":\"Hem\",\"item\":\"https:\\\/\\\/lightweb.dev\\\/l\\\/svm-temp\\\/\"},{\"@type\":\"ListItem\",\"position\":2,\"name\":\"L\u00e4kare ber om mer personal vid Solkustens v\u00e5rdcentraler\"}]},{\"@type\":\"WebSite\",\"@id\":\"https:\\\/\\\/lightweb.dev\\\/l\\\/svm-temp\\\/#website\",\"url\":\"https:\\\/\\\/lightweb.dev\\\/l\\\/svm-temp\\\/\",\"name\":\"Svenska Magasinet\",\"description\":\"Dina Spanska nyheter p&aring; Svenska\",\"publisher\":{\"@id\":\"https:\\\/\\\/lightweb.dev\\\/l\\\/svm-temp\\\/#organization\"},\"potentialAction\":[{\"@type\":\"SearchAction\",\"target\":{\"@type\":\"EntryPoint\",\"urlTemplate\":\"https:\\\/\\\/lightweb.dev\\\/l\\\/svm-temp\\\/?s={search_term_string}\"},\"query-input\":{\"@type\":\"PropertyValueSpecification\",\"valueRequired\":true,\"valueName\":\"search_term_string\"}}],\"inLanguage\":\"sv-SE\"},{\"@type\":\"Organization\",\"@id\":\"https:\\\/\\\/lightweb.dev\\\/l\\\/svm-temp\\\/#organization\",\"name\":\"Melkerson y Nott SL\",\"alternateName\":\"Svenska Magasinet\",\"url\":\"https:\\\/\\\/lightweb.dev\\\/l\\\/svm-temp\\\/\",\"logo\":{\"@type\":\"ImageObject\",\"inLanguage\":\"sv-SE\",\"@id\":\"https:\\\/\\\/lightweb.dev\\\/l\\\/svm-temp\\\/#\\\/schema\\\/logo\\\/image\\\/\",\"url\":\"https:\\\/\\\/lightweb.dev\\\/l\\\/svm-temp\\\/wp-content\\\/uploads\\\/2025\\\/02\\\/SvM-logo-Xtra-Centrerad-SVART.png\",\"contentUrl\":\"https:\\\/\\\/lightweb.dev\\\/l\\\/svm-temp\\\/wp-content\\\/uploads\\\/2025\\\/02\\\/SvM-logo-Xtra-Centrerad-SVART.png\",\"width\":300,\"height\":99,\"caption\":\"Melkerson y Nott SL\"},\"image\":{\"@id\":\"https:\\\/\\\/lightweb.dev\\\/l\\\/svm-temp\\\/#\\\/schema\\\/logo\\\/image\\\/\"},\"sameAs\":[\"https:\\\/\\\/www.facebook.com\\\/svenskamagasinet\",\"https:\\\/\\\/x.com\\\/SvenskaMagasine\"]},{\"@type\":\"Person\",\"@id\":\"https:\\\/\\\/lightweb.dev\\\/l\\\/svm-temp\\\/#\\\/schema\\\/person\\\/7a82b8a73d171d32360a564b6d03508e\",\"name\":\"Ola Josefsson\",\"description\":\"Bevakar Solkusten och Spanien sedan 1994.\",\"sameAs\":[\"https:\\\/\\\/lightweb.dev\\\/l\\\/svm-temp\"],\"url\":\"https:\\\/\\\/lightweb.dev\\\/l\\\/svm-temp\\\/reporter\\\/ola-josefsson\\\/\"}]}<\/script>\n<!-- \/ Yoast SEO Premium plugin. -->","yoast_head_json":{"title":"L\u00e4kare ber om mer personal vid Solkustens v\u00e5rdcentraler - Svenska Magasinet","description":"Enbart vid prim\u00e4rv\u00e5rden vid Solkustens v\u00e5rdcentraler saknas det cirka 35 familjel\u00e4kare och minst sex barnl\u00e4kare. Det s\u00e4ger l\u00e4karnas fackf\u00f6rbund SMM (Sindicato M\u00e9dico de M\u00e1laga) i samband med ett upprop p\u00e5 tisdagen och som forts\u00e4tter under temat \u201dMartes con la prensa. SMM denuncia\u201d, Tisdagar med pressen. SMM anm\u00e4ler.","robots":{"index":"noindex","follow":"follow","max-snippet":"max-snippet:-1","max-image-preview":"max-image-preview:large","max-video-preview":"max-video-preview:-1"},"og_locale":"sv_SE","og_type":"article","og_title":"L\u00e4kare ber om mer personal vid Solkustens v\u00e5rdcentraler","og_description":"Enbart vid prim\u00e4rv\u00e5rden vid Solkustens v\u00e5rdcentraler saknas det cirka 35 familjel\u00e4kare och minst sex barnl\u00e4kare. Det s\u00e4ger l\u00e4karnas fackf\u00f6rbund SMM (Sindicato M\u00e9dico de M\u00e1laga) i samband med ett upprop p\u00e5 tisdagen och som forts\u00e4tter under temat \u201dMartes con la prensa. SMM denuncia\u201d, Tisdagar med pressen. SMM anm\u00e4ler.","og_url":"https:\/\/lightweb.dev\/l\/svm-temp\/nyheter\/lakare-ber-om-mer-personal-vid-solkustens-vardcentraler\/","og_site_name":"Svenska Magasinet","article_publisher":"https:\/\/www.facebook.com\/svenskamagasinet","article_published_time":"2022-11-30T09:42:53+00:00","og_image":[{"width":1008,"height":783,"url":"https:\/\/lightweb.dev\/l\/svm-temp\/wp-content\/uploads\/2022\/11\/MPSMM291122-stor.jpeg","type":"image\/jpeg"}],"author":"Ola Josefsson","twitter_card":"summary_large_image","twitter_creator":"@SvenskaMagasine","twitter_site":"@SvenskaMagasine","schema":{"@context":"https:\/\/schema.org","@graph":[{"@type":"Article","@id":"https:\/\/lightweb.dev\/l\/svm-temp\/nyheter\/lakare-ber-om-mer-personal-vid-solkustens-vardcentraler\/#article","isPartOf":{"@id":"https:\/\/lightweb.dev\/l\/svm-temp\/nyheter\/lakare-ber-om-mer-personal-vid-solkustens-vardcentraler\/"},"author":{"name":"Ola Josefsson","@id":"https:\/\/lightweb.dev\/l\/svm-temp\/#\/schema\/person\/7a82b8a73d171d32360a564b6d03508e"},"headline":"L\u00e4kare ber om mer personal vid Solkustens v\u00e5rdcentraler","datePublished":"2022-11-30T09:42:53+00:00","mainEntityOfPage":{"@id":"https:\/\/lightweb.dev\/l\/svm-temp\/nyheter\/lakare-ber-om-mer-personal-vid-solkustens-vardcentraler\/"},"wordCount":272,"commentCount":1,"publisher":{"@id":"https:\/\/lightweb.dev\/l\/svm-temp\/#organization"},"image":{"@id":"https:\/\/lightweb.dev\/l\/svm-temp\/nyheter\/lakare-ber-om-mer-personal-vid-solkustens-vardcentraler\/#primaryimage"},"thumbnailUrl":"https:\/\/lightweb.dev\/l\/svm-temp\/wp-content\/uploads\/2022\/11\/MPSMM291122-stor.jpeg","articleSection":["Arkiv","Nyheter"],"inLanguage":"sv-SE"},{"@type":"WebPage","@id":"https:\/\/lightweb.dev\/l\/svm-temp\/nyheter\/lakare-ber-om-mer-personal-vid-solkustens-vardcentraler\/","url":"https:\/\/lightweb.dev\/l\/svm-temp\/nyheter\/lakare-ber-om-mer-personal-vid-solkustens-vardcentraler\/","name":"L\u00e4kare ber om mer personal vid Solkustens v\u00e5rdcentraler - Svenska Magasinet","isPartOf":{"@id":"https:\/\/lightweb.dev\/l\/svm-temp\/#website"},"primaryImageOfPage":{"@id":"https:\/\/lightweb.dev\/l\/svm-temp\/nyheter\/lakare-ber-om-mer-personal-vid-solkustens-vardcentraler\/#primaryimage"},"image":{"@id":"https:\/\/lightweb.dev\/l\/svm-temp\/nyheter\/lakare-ber-om-mer-personal-vid-solkustens-vardcentraler\/#primaryimage"},"thumbnailUrl":"https:\/\/lightweb.dev\/l\/svm-temp\/wp-content\/uploads\/2022\/11\/MPSMM291122-stor.jpeg","datePublished":"2022-11-30T09:42:53+00:00","description":"Enbart vid prim\u00e4rv\u00e5rden vid Solkustens v\u00e5rdcentraler saknas det cirka 35 familjel\u00e4kare och minst sex barnl\u00e4kare. Det s\u00e4ger l\u00e4karnas fackf\u00f6rbund SMM (Sindicato M\u00e9dico de M\u00e1laga) i samband med ett upprop p\u00e5 tisdagen och som forts\u00e4tter under temat \u201dMartes con la prensa. SMM denuncia\u201d, Tisdagar med pressen. SMM anm\u00e4ler.","breadcrumb":{"@id":"https:\/\/lightweb.dev\/l\/svm-temp\/nyheter\/lakare-ber-om-mer-personal-vid-solkustens-vardcentraler\/#breadcrumb"},"inLanguage":"sv-SE","potentialAction":[{"@type":"ReadAction","target":["https:\/\/lightweb.dev\/l\/svm-temp\/nyheter\/lakare-ber-om-mer-personal-vid-solkustens-vardcentraler\/"]}]},{"@type":"ImageObject","inLanguage":"sv-SE","@id":"https:\/\/lightweb.dev\/l\/svm-temp\/nyheter\/lakare-ber-om-mer-personal-vid-solkustens-vardcentraler\/#primaryimage","url":"https:\/\/lightweb.dev\/l\/svm-temp\/wp-content\/uploads\/2022\/11\/MPSMM291122-stor.jpeg","contentUrl":"https:\/\/lightweb.dev\/l\/svm-temp\/wp-content\/uploads\/2022\/11\/MPSMM291122-stor.jpeg","width":1008,"height":783},{"@type":"BreadcrumbList","@id":"https:\/\/lightweb.dev\/l\/svm-temp\/nyheter\/lakare-ber-om-mer-personal-vid-solkustens-vardcentraler\/#breadcrumb","itemListElement":[{"@type":"ListItem","position":1,"name":"Hem","item":"https:\/\/lightweb.dev\/l\/svm-temp\/"},{"@type":"ListItem","position":2,"name":"L\u00e4kare ber om mer personal vid Solkustens v\u00e5rdcentraler"}]},{"@type":"WebSite","@id":"https:\/\/lightweb.dev\/l\/svm-temp\/#website","url":"https:\/\/lightweb.dev\/l\/svm-temp\/","name":"Svenska Magasinet","description":"Dina Spanska nyheter p&aring; Svenska","publisher":{"@id":"https:\/\/lightweb.dev\/l\/svm-temp\/#organization"},"potentialAction":[{"@type":"SearchAction","target":{"@type":"EntryPoint","urlTemplate":"https:\/\/lightweb.dev\/l\/svm-temp\/?s={search_term_string}"},"query-input":{"@type":"PropertyValueSpecification","valueRequired":true,"valueName":"search_term_string"}}],"inLanguage":"sv-SE"},{"@type":"Organization","@id":"https:\/\/lightweb.dev\/l\/svm-temp\/#organization","name":"Melkerson y Nott SL","alternateName":"Svenska Magasinet","url":"https:\/\/lightweb.dev\/l\/svm-temp\/","logo":{"@type":"ImageObject","inLanguage":"sv-SE","@id":"https:\/\/lightweb.dev\/l\/svm-temp\/#\/schema\/logo\/image\/","url":"https:\/\/lightweb.dev\/l\/svm-temp\/wp-content\/uploads\/2025\/02\/SvM-logo-Xtra-Centrerad-SVART.png","contentUrl":"https:\/\/lightweb.dev\/l\/svm-temp\/wp-content\/uploads\/2025\/02\/SvM-logo-Xtra-Centrerad-SVART.png","width":300,"height":99,"caption":"Melkerson y Nott SL"},"image":{"@id":"https:\/\/lightweb.dev\/l\/svm-temp\/#\/schema\/logo\/image\/"},"sameAs":["https:\/\/www.facebook.com\/svenskamagasinet","https:\/\/x.com\/SvenskaMagasine"]},{"@type":"Person","@id":"https:\/\/lightweb.dev\/l\/svm-temp\/#\/schema\/person\/7a82b8a73d171d32360a564b6d03508e","name":"Ola Josefsson","description":"Bevakar Solkusten och Spanien sedan 1994.","sameAs":["https:\/\/lightweb.dev\/l\/svm-temp"],"url":"https:\/\/lightweb.dev\/l\/svm-temp\/reporter\/ola-josefsson\/"}]}},"_links":{"self":[{"href":"https:\/\/lightweb.dev\/l\/svm-temp\/wp-json\/wp\/v2\/posts\/59805","targetHints":{"allow":["GET"]}}],"collection":[{"href":"https:\/\/lightweb.dev\/l\/svm-temp\/wp-json\/wp\/v2\/posts"}],"about":[{"href":"https:\/\/lightweb.dev\/l\/svm-temp\/wp-json\/wp\/v2\/types\/post"}],"author":[{"embeddable":true,"href":"https:\/\/lightweb.dev\/l\/svm-temp\/wp-json\/wp\/v2\/users\/7"}],"replies":[{"embeddable":true,"href":"https:\/\/lightweb.dev\/l\/svm-temp\/wp-json\/wp\/v2\/comments?post=59805"}],"version-history":[{"count":0,"href":"https:\/\/lightweb.dev\/l\/svm-temp\/wp-json\/wp\/v2\/posts\/59805\/revisions"}],"wp:featuredmedia":[{"embeddable":true,"href":"https:\/\/lightweb.dev\/l\/svm-temp\/wp-json\/wp\/v2\/media\/59807"}],"wp:attachment":[{"href":"https:\/\/lightweb.dev\/l\/svm-temp\/wp-json\/wp\/v2\/media?parent=59805"}],"wp:term":[{"taxonomy":"category","embeddable":true,"href":"https:\/\/lightweb.dev\/l\/svm-temp\/wp-json\/wp\/v2\/categories?post=59805"},{"taxonomy":"post_tag","embeddable":true,"href":"https:\/\/lightweb.dev\/l\/svm-temp\/wp-json\/wp\/v2\/tags?post=59805"}],"curies":[{"name":"wp","href":"https:\/\/api.w.org\/{rel}","templated":true}]}}