{"id":59816,"date":"2022-11-30T15:16:35","date_gmt":"2022-11-30T14:16:35","guid":{"rendered":"https:\/\/lightweb.dev\/l\/svm-temp\/?p=59816"},"modified":"2022-12-01T11:07:56","modified_gmt":"2022-12-01T10:07:56","slug":"lokalpolischefen-i-almunecar-avgar-efter-bara-fyra-manader","status":"publish","type":"post","link":"https:\/\/lightweb.dev\/l\/svm-temp\/nyheter\/lokalpolischefen-i-almunecar-avgar-efter-bara-fyra-manader\/","title":{"rendered":"Lokalpolischefen i Almu\u00f1\u00e9car avg\u00e5r efter bara fyra m\u00e5nader"},"content":{"rendered":"<p><strong>En tj\u00e4nsteman st\u00e4mmer lokalpolischefen f\u00f6r p\u00e5st\u00e5dda oegentligheter d\u00e5 denne har nekat tj\u00e4nstemannen ett tillst\u00e5nd och f\u00f6r att ha favoriserat poliser. Tre andra kolleger t\u00e4nker vidta r\u00e4ttsliga \u00e5tg\u00e4rder. Det har stormat kring Juan Jos\u00e9 Medina som utn\u00e4mndes till lokalpolischef i Almu\u00f1\u00e9car den 1 juli.<\/strong><\/p>\n<p>Juan Jos\u00e9 Medina eftertr\u00e4dde Manuel Ledesma som hade varit lokalpolischef i 37 \u00e5r. Medina har nu valt att ta sin Mats ur skolan och tr\u00e4da tillbaka efter bara fyra m\u00e5nader.<\/p>\n<p>Juan Jos\u00e9 Medina uppger personliga sk\u00e4l som orsak.<\/p>\n<p>Det finns fler anklagelser som riktas p\u00e5 Medina som p\u00e5st\u00e5dda trakasserier av en facklig representant och f\u00f6r att han har spridit k\u00e4nsliga inspelningar av privata konversationer.<\/p>\n<p>Ett \u00e4rende har redan l\u00e4mnat in till en domstol i Granada och f\u00f6rhandlingar h\u00e5lls i februari.<\/p>\n<p>Dagstidningen <a href=\"https:\/\/www.ideal.es\/granada\/costa\/dimite-jefe-policia-20221130184721-nt.html\">Ideal<\/a> uppger att personliga sk\u00e4l ligger till grund f\u00f6r att Juan Jos\u00e9 Medina v\u00e4ljer att s\u00e4ga upp sig. Han \u00f6nskar inte bem\u00f6ta anklagelserna fr\u00e5n sina kollegor.<\/p>\n<div id=\"attachment_59832\" style=\"width: 310px\" class=\"wp-caption alignleft\"><img loading=\"lazy\" decoding=\"async\" aria-describedby=\"caption-attachment-59832\" class=\"size-medium wp-image-59832\" src=\"https:\/\/lightweb.dev\/l\/svm-temp\/wp-content\/uploads\/2022\/11\/MARINA-SANCHEZ-TOMA-POSESION-NUEVA-JEFA-POLICIA-LOCAL-ALMUNECAR-JUNTO-AL-ALCALDE-Y-CONCEAL-DE-SEGURIDAD-22-stor-300x201.jpeg\" alt=\"\" width=\"300\" height=\"201\" srcset=\"https:\/\/lightweb.dev\/l\/svm-temp\/wp-content\/uploads\/2022\/11\/MARINA-SANCHEZ-TOMA-POSESION-NUEVA-JEFA-POLICIA-LOCAL-ALMUNECAR-JUNTO-AL-ALCALDE-Y-CONCEAL-DE-SEGURIDAD-22-stor-300x201.jpeg 300w, https:\/\/lightweb.dev\/l\/svm-temp\/wp-content\/uploads\/2022\/11\/MARINA-SANCHEZ-TOMA-POSESION-NUEVA-JEFA-POLICIA-LOCAL-ALMUNECAR-JUNTO-AL-ALCALDE-Y-CONCEAL-DE-SEGURIDAD-22-stor-900x603.jpeg 900w, https:\/\/lightweb.dev\/l\/svm-temp\/wp-content\/uploads\/2022\/11\/MARINA-SANCHEZ-TOMA-POSESION-NUEVA-JEFA-POLICIA-LOCAL-ALMUNECAR-JUNTO-AL-ALCALDE-Y-CONCEAL-DE-SEGURIDAD-22-stor-768x514.jpeg 768w, https:\/\/lightweb.dev\/l\/svm-temp\/wp-content\/uploads\/2022\/11\/MARINA-SANCHEZ-TOMA-POSESION-NUEVA-JEFA-POLICIA-LOCAL-ALMUNECAR-JUNTO-AL-ALCALDE-Y-CONCEAL-DE-SEGURIDAD-22-stor-610x408.jpeg 610w, https:\/\/lightweb.dev\/l\/svm-temp\/wp-content\/uploads\/2022\/11\/MARINA-SANCHEZ-TOMA-POSESION-NUEVA-JEFA-POLICIA-LOCAL-ALMUNECAR-JUNTO-AL-ALCALDE-Y-CONCEAL-DE-SEGURIDAD-22-stor-1080x723.jpeg 1080w, https:\/\/lightweb.dev\/l\/svm-temp\/wp-content\/uploads\/2022\/11\/MARINA-SANCHEZ-TOMA-POSESION-NUEVA-JEFA-POLICIA-LOCAL-ALMUNECAR-JUNTO-AL-ALCALDE-Y-CONCEAL-DE-SEGURIDAD-22-stor-600x402.jpeg 600w, https:\/\/lightweb.dev\/l\/svm-temp\/wp-content\/uploads\/2022\/11\/MARINA-SANCHEZ-TOMA-POSESION-NUEVA-JEFA-POLICIA-LOCAL-ALMUNECAR-JUNTO-AL-ALCALDE-Y-CONCEAL-DE-SEGURIDAD-22-stor.jpeg 1280w\" sizes=\"(max-width: 300px) 100vw, 300px\" \/><p id=\"caption-attachment-59832\" class=\"wp-caption-text\">Marina S\u00e1nchez blir ny lokalpolischef<\/p><\/div>\n<p>Ny lokalpolischef i Almu\u00f1\u00e9car blir en kvinna, Marina S\u00e1nchez, som efter att ha g\u00e5tt ut lokalpolisskolan i Sevilla arbetat i Puerto de Santa Maria. Marina har tj\u00e4nstgjort i Almu\u00f1\u00e9car sedan 2017.<\/p>\n","protected":false},"excerpt":{"rendered":"<p>En tj\u00e4nsteman st\u00e4mmer lokalpolischefen f\u00f6r p\u00e5st\u00e5dda oegentligheter d\u00e5 denne har nekat tj\u00e4nstemannen ett tillst\u00e5nd och f\u00f6r att ha favoriserat poliser. Tre andra kolleger t\u00e4nker vidta r\u00e4ttsliga \u00e5tg\u00e4rder. Det har stormat kring Juan Jos\u00e9 Medina som utn\u00e4mndes till lokalpolischef i Almu\u00f1\u00e9car den 1 juli. Juan Jos\u00e9 Medina eftertr\u00e4dde Manuel Ledesma som hade varit lokalpolischef i 37 [&hellip;]<\/p>\n","protected":false},"author":7,"featured_media":59818,"comment_status":"open","ping_status":"closed","sticky":false,"template":"","format":"standard","meta":{"_et_pb_use_builder":"","_et_pb_old_content":"","_et_gb_content_width":"","footnotes":""},"categories":[395,3],"tags":[],"class_list":["post-59816","post","type-post","status-publish","format-standard","has-post-thumbnail","hentry","category-arkiv-nyheter","category-nyheter"],"yoast_head":"<!-- This site is optimized with the Yoast SEO Premium plugin v26.2 (Yoast SEO v27.4) - https:\/\/yoast.com\/product\/yoast-seo-premium-wordpress\/ -->\n<title>Lokalpolischefen i Almu\u00f1\u00e9car avg\u00e5r efter bara fyra m\u00e5nader - Svenska Magasinet<\/title>\n<meta name=\"description\" content=\"En tj\u00e4nsteman st\u00e4mmer lokalpolischefen f\u00f6r p\u00e5st\u00e5dda oegentligheter d\u00e5 denne har nekat tj\u00e4nstemannen ett tillst\u00e5nd och f\u00f6r att ha favoriserat poliser. Tre andra kolleger t\u00e4nker vidta r\u00e4ttsliga \u00e5tg\u00e4rder. Det har stormat kring Juan Jos\u00e9 Medina som utn\u00e4mndes till lokalpolischef i Almu\u00f1\u00e9car den 1 juli.\" \/>\n<meta name=\"robots\" content=\"noindex, follow, max-snippet:-1, max-image-preview:large, max-video-preview:-1\" \/>\n<meta property=\"og:locale\" content=\"sv_SE\" \/>\n<meta property=\"og:type\" content=\"article\" \/>\n<meta property=\"og:title\" content=\"Lokalpolischefen i Almu\u00f1\u00e9car avg\u00e5r efter bara fyra m\u00e5nader\" \/>\n<meta property=\"og:description\" content=\"En tj\u00e4nsteman st\u00e4mmer lokalpolischefen f\u00f6r p\u00e5st\u00e5dda oegentligheter d\u00e5 denne har nekat tj\u00e4nstemannen ett tillst\u00e5nd och f\u00f6r att ha favoriserat poliser. Tre andra kolleger t\u00e4nker vidta r\u00e4ttsliga \u00e5tg\u00e4rder. Det har stormat kring Juan Jos\u00e9 Medina som utn\u00e4mndes till lokalpolischef i Almu\u00f1\u00e9car den 1 juli.\" \/>\n<meta property=\"og:url\" content=\"https:\/\/lightweb.dev\/l\/svm-temp\/nyheter\/lokalpolischefen-i-almunecar-avgar-efter-bara-fyra-manader\/\" \/>\n<meta property=\"og:site_name\" content=\"Svenska Magasinet\" \/>\n<meta property=\"article:publisher\" content=\"https:\/\/www.facebook.com\/svenskamagasinet\" \/>\n<meta property=\"article:published_time\" content=\"2022-11-30T14:16:35+00:00\" \/>\n<meta property=\"article:modified_time\" content=\"2022-12-01T10:07:56+00:00\" \/>\n<meta property=\"og:image\" content=\"https:\/\/lightweb.dev\/l\/svm-temp\/wp-content\/uploads\/2022\/11\/ALCALDE-ALMUNECAR-JUAN-JOSE-RUIZ-JOYA-SALUDA-AL-NUEVO-JEFE-POLICIA-LOCAL-ALMUNECAR-JUAN-JOSE-MEDINA-22-stor.jpeg\" \/>\n\t<meta property=\"og:image:width\" content=\"1280\" \/>\n\t<meta property=\"og:image:height\" content=\"958\" \/>\n\t<meta property=\"og:image:type\" content=\"image\/jpeg\" \/>\n<meta name=\"author\" content=\"Ola Josefsson\" \/>\n<meta name=\"twitter:card\" content=\"summary_large_image\" \/>\n<meta name=\"twitter:creator\" content=\"@SvenskaMagasine\" \/>\n<meta name=\"twitter:site\" content=\"@SvenskaMagasine\" \/>\n<script type=\"application\/ld+json\" class=\"yoast-schema-graph\">{\"@context\":\"https:\\\/\\\/schema.org\",\"@graph\":[{\"@type\":\"Article\",\"@id\":\"https:\\\/\\\/lightweb.dev\\\/l\\\/svm-temp\\\/nyheter\\\/lokalpolischefen-i-almunecar-avgar-efter-bara-fyra-manader\\\/#article\",\"isPartOf\":{\"@id\":\"https:\\\/\\\/lightweb.dev\\\/l\\\/svm-temp\\\/nyheter\\\/lokalpolischefen-i-almunecar-avgar-efter-bara-fyra-manader\\\/\"},\"author\":{\"name\":\"Ola Josefsson\",\"@id\":\"https:\\\/\\\/lightweb.dev\\\/l\\\/svm-temp\\\/#\\\/schema\\\/person\\\/7a82b8a73d171d32360a564b6d03508e\"},\"headline\":\"Lokalpolischefen i Almu\u00f1\u00e9car avg\u00e5r efter bara fyra m\u00e5nader\",\"datePublished\":\"2022-11-30T14:16:35+00:00\",\"dateModified\":\"2022-12-01T10:07:56+00:00\",\"mainEntityOfPage\":{\"@id\":\"https:\\\/\\\/lightweb.dev\\\/l\\\/svm-temp\\\/nyheter\\\/lokalpolischefen-i-almunecar-avgar-efter-bara-fyra-manader\\\/\"},\"wordCount\":237,\"commentCount\":1,\"publisher\":{\"@id\":\"https:\\\/\\\/lightweb.dev\\\/l\\\/svm-temp\\\/#organization\"},\"image\":{\"@id\":\"https:\\\/\\\/lightweb.dev\\\/l\\\/svm-temp\\\/nyheter\\\/lokalpolischefen-i-almunecar-avgar-efter-bara-fyra-manader\\\/#primaryimage\"},\"thumbnailUrl\":\"https:\\\/\\\/lightweb.dev\\\/l\\\/svm-temp\\\/wp-content\\\/uploads\\\/2022\\\/11\\\/ALCALDE-ALMUNECAR-JUAN-JOSE-RUIZ-JOYA-SALUDA-AL-NUEVO-JEFE-POLICIA-LOCAL-ALMUNECAR-JUAN-JOSE-MEDINA-22-stor.jpeg\",\"articleSection\":[\"Arkiv\",\"Nyheter\"],\"inLanguage\":\"sv-SE\"},{\"@type\":\"WebPage\",\"@id\":\"https:\\\/\\\/lightweb.dev\\\/l\\\/svm-temp\\\/nyheter\\\/lokalpolischefen-i-almunecar-avgar-efter-bara-fyra-manader\\\/\",\"url\":\"https:\\\/\\\/lightweb.dev\\\/l\\\/svm-temp\\\/nyheter\\\/lokalpolischefen-i-almunecar-avgar-efter-bara-fyra-manader\\\/\",\"name\":\"Lokalpolischefen i Almu\u00f1\u00e9car avg\u00e5r efter bara fyra m\u00e5nader - Svenska Magasinet\",\"isPartOf\":{\"@id\":\"https:\\\/\\\/lightweb.dev\\\/l\\\/svm-temp\\\/#website\"},\"primaryImageOfPage\":{\"@id\":\"https:\\\/\\\/lightweb.dev\\\/l\\\/svm-temp\\\/nyheter\\\/lokalpolischefen-i-almunecar-avgar-efter-bara-fyra-manader\\\/#primaryimage\"},\"image\":{\"@id\":\"https:\\\/\\\/lightweb.dev\\\/l\\\/svm-temp\\\/nyheter\\\/lokalpolischefen-i-almunecar-avgar-efter-bara-fyra-manader\\\/#primaryimage\"},\"thumbnailUrl\":\"https:\\\/\\\/lightweb.dev\\\/l\\\/svm-temp\\\/wp-content\\\/uploads\\\/2022\\\/11\\\/ALCALDE-ALMUNECAR-JUAN-JOSE-RUIZ-JOYA-SALUDA-AL-NUEVO-JEFE-POLICIA-LOCAL-ALMUNECAR-JUAN-JOSE-MEDINA-22-stor.jpeg\",\"datePublished\":\"2022-11-30T14:16:35+00:00\",\"dateModified\":\"2022-12-01T10:07:56+00:00\",\"description\":\"En tj\u00e4nsteman st\u00e4mmer lokalpolischefen f\u00f6r p\u00e5st\u00e5dda oegentligheter d\u00e5 denne har nekat tj\u00e4nstemannen ett tillst\u00e5nd och f\u00f6r att ha favoriserat poliser. Tre andra kolleger t\u00e4nker vidta r\u00e4ttsliga \u00e5tg\u00e4rder. Det har stormat kring Juan Jos\u00e9 Medina som utn\u00e4mndes till lokalpolischef i Almu\u00f1\u00e9car den 1 juli.\",\"breadcrumb\":{\"@id\":\"https:\\\/\\\/lightweb.dev\\\/l\\\/svm-temp\\\/nyheter\\\/lokalpolischefen-i-almunecar-avgar-efter-bara-fyra-manader\\\/#breadcrumb\"},\"inLanguage\":\"sv-SE\",\"potentialAction\":[{\"@type\":\"ReadAction\",\"target\":[\"https:\\\/\\\/lightweb.dev\\\/l\\\/svm-temp\\\/nyheter\\\/lokalpolischefen-i-almunecar-avgar-efter-bara-fyra-manader\\\/\"]}]},{\"@type\":\"ImageObject\",\"inLanguage\":\"sv-SE\",\"@id\":\"https:\\\/\\\/lightweb.dev\\\/l\\\/svm-temp\\\/nyheter\\\/lokalpolischefen-i-almunecar-avgar-efter-bara-fyra-manader\\\/#primaryimage\",\"url\":\"https:\\\/\\\/lightweb.dev\\\/l\\\/svm-temp\\\/wp-content\\\/uploads\\\/2022\\\/11\\\/ALCALDE-ALMUNECAR-JUAN-JOSE-RUIZ-JOYA-SALUDA-AL-NUEVO-JEFE-POLICIA-LOCAL-ALMUNECAR-JUAN-JOSE-MEDINA-22-stor.jpeg\",\"contentUrl\":\"https:\\\/\\\/lightweb.dev\\\/l\\\/svm-temp\\\/wp-content\\\/uploads\\\/2022\\\/11\\\/ALCALDE-ALMUNECAR-JUAN-JOSE-RUIZ-JOYA-SALUDA-AL-NUEVO-JEFE-POLICIA-LOCAL-ALMUNECAR-JUAN-JOSE-MEDINA-22-stor.jpeg\",\"width\":1280,\"height\":958,\"caption\":\"Den 1 juli blev Juan Jos\u00e9 Medina, t v, ny lokalpolischef. Till h\u00f6ger syns Almu\u00f1\u00e9cars borgm\u00e4stare Juan Jos\u00e9 Ruiz Joya. (Foto: Almu\u00f1\u00e9car kommun)\"},{\"@type\":\"BreadcrumbList\",\"@id\":\"https:\\\/\\\/lightweb.dev\\\/l\\\/svm-temp\\\/nyheter\\\/lokalpolischefen-i-almunecar-avgar-efter-bara-fyra-manader\\\/#breadcrumb\",\"itemListElement\":[{\"@type\":\"ListItem\",\"position\":1,\"name\":\"Hem\",\"item\":\"https:\\\/\\\/lightweb.dev\\\/l\\\/svm-temp\\\/\"},{\"@type\":\"ListItem\",\"position\":2,\"name\":\"Lokalpolischefen i Almu\u00f1\u00e9car avg\u00e5r efter bara fyra m\u00e5nader\"}]},{\"@type\":\"WebSite\",\"@id\":\"https:\\\/\\\/lightweb.dev\\\/l\\\/svm-temp\\\/#website\",\"url\":\"https:\\\/\\\/lightweb.dev\\\/l\\\/svm-temp\\\/\",\"name\":\"Svenska Magasinet\",\"description\":\"Dina Spanska nyheter p&aring; Svenska\",\"publisher\":{\"@id\":\"https:\\\/\\\/lightweb.dev\\\/l\\\/svm-temp\\\/#organization\"},\"potentialAction\":[{\"@type\":\"SearchAction\",\"target\":{\"@type\":\"EntryPoint\",\"urlTemplate\":\"https:\\\/\\\/lightweb.dev\\\/l\\\/svm-temp\\\/?s={search_term_string}\"},\"query-input\":{\"@type\":\"PropertyValueSpecification\",\"valueRequired\":true,\"valueName\":\"search_term_string\"}}],\"inLanguage\":\"sv-SE\"},{\"@type\":\"Organization\",\"@id\":\"https:\\\/\\\/lightweb.dev\\\/l\\\/svm-temp\\\/#organization\",\"name\":\"Melkerson y Nott SL\",\"alternateName\":\"Svenska Magasinet\",\"url\":\"https:\\\/\\\/lightweb.dev\\\/l\\\/svm-temp\\\/\",\"logo\":{\"@type\":\"ImageObject\",\"inLanguage\":\"sv-SE\",\"@id\":\"https:\\\/\\\/lightweb.dev\\\/l\\\/svm-temp\\\/#\\\/schema\\\/logo\\\/image\\\/\",\"url\":\"https:\\\/\\\/lightweb.dev\\\/l\\\/svm-temp\\\/wp-content\\\/uploads\\\/2025\\\/02\\\/SvM-logo-Xtra-Centrerad-SVART.png\",\"contentUrl\":\"https:\\\/\\\/lightweb.dev\\\/l\\\/svm-temp\\\/wp-content\\\/uploads\\\/2025\\\/02\\\/SvM-logo-Xtra-Centrerad-SVART.png\",\"width\":300,\"height\":99,\"caption\":\"Melkerson y Nott SL\"},\"image\":{\"@id\":\"https:\\\/\\\/lightweb.dev\\\/l\\\/svm-temp\\\/#\\\/schema\\\/logo\\\/image\\\/\"},\"sameAs\":[\"https:\\\/\\\/www.facebook.com\\\/svenskamagasinet\",\"https:\\\/\\\/x.com\\\/SvenskaMagasine\"]},{\"@type\":\"Person\",\"@id\":\"https:\\\/\\\/lightweb.dev\\\/l\\\/svm-temp\\\/#\\\/schema\\\/person\\\/7a82b8a73d171d32360a564b6d03508e\",\"name\":\"Ola Josefsson\",\"description\":\"Bevakar Solkusten och Spanien sedan 1994.\",\"sameAs\":[\"https:\\\/\\\/lightweb.dev\\\/l\\\/svm-temp\"],\"url\":\"https:\\\/\\\/lightweb.dev\\\/l\\\/svm-temp\\\/reporter\\\/ola-josefsson\\\/\"}]}<\/script>\n<!-- \/ Yoast SEO Premium plugin. -->","yoast_head_json":{"title":"Lokalpolischefen i Almu\u00f1\u00e9car avg\u00e5r efter bara fyra m\u00e5nader - Svenska Magasinet","description":"En tj\u00e4nsteman st\u00e4mmer lokalpolischefen f\u00f6r p\u00e5st\u00e5dda oegentligheter d\u00e5 denne har nekat tj\u00e4nstemannen ett tillst\u00e5nd och f\u00f6r att ha favoriserat poliser. Tre andra kolleger t\u00e4nker vidta r\u00e4ttsliga \u00e5tg\u00e4rder. Det har stormat kring Juan Jos\u00e9 Medina som utn\u00e4mndes till lokalpolischef i Almu\u00f1\u00e9car den 1 juli.","robots":{"index":"noindex","follow":"follow","max-snippet":"max-snippet:-1","max-image-preview":"max-image-preview:large","max-video-preview":"max-video-preview:-1"},"og_locale":"sv_SE","og_type":"article","og_title":"Lokalpolischefen i Almu\u00f1\u00e9car avg\u00e5r efter bara fyra m\u00e5nader","og_description":"En tj\u00e4nsteman st\u00e4mmer lokalpolischefen f\u00f6r p\u00e5st\u00e5dda oegentligheter d\u00e5 denne har nekat tj\u00e4nstemannen ett tillst\u00e5nd och f\u00f6r att ha favoriserat poliser. Tre andra kolleger t\u00e4nker vidta r\u00e4ttsliga \u00e5tg\u00e4rder. Det har stormat kring Juan Jos\u00e9 Medina som utn\u00e4mndes till lokalpolischef i Almu\u00f1\u00e9car den 1 juli.","og_url":"https:\/\/lightweb.dev\/l\/svm-temp\/nyheter\/lokalpolischefen-i-almunecar-avgar-efter-bara-fyra-manader\/","og_site_name":"Svenska Magasinet","article_publisher":"https:\/\/www.facebook.com\/svenskamagasinet","article_published_time":"2022-11-30T14:16:35+00:00","article_modified_time":"2022-12-01T10:07:56+00:00","og_image":[{"width":1280,"height":958,"url":"https:\/\/lightweb.dev\/l\/svm-temp\/wp-content\/uploads\/2022\/11\/ALCALDE-ALMUNECAR-JUAN-JOSE-RUIZ-JOYA-SALUDA-AL-NUEVO-JEFE-POLICIA-LOCAL-ALMUNECAR-JUAN-JOSE-MEDINA-22-stor.jpeg","type":"image\/jpeg"}],"author":"Ola Josefsson","twitter_card":"summary_large_image","twitter_creator":"@SvenskaMagasine","twitter_site":"@SvenskaMagasine","schema":{"@context":"https:\/\/schema.org","@graph":[{"@type":"Article","@id":"https:\/\/lightweb.dev\/l\/svm-temp\/nyheter\/lokalpolischefen-i-almunecar-avgar-efter-bara-fyra-manader\/#article","isPartOf":{"@id":"https:\/\/lightweb.dev\/l\/svm-temp\/nyheter\/lokalpolischefen-i-almunecar-avgar-efter-bara-fyra-manader\/"},"author":{"name":"Ola Josefsson","@id":"https:\/\/lightweb.dev\/l\/svm-temp\/#\/schema\/person\/7a82b8a73d171d32360a564b6d03508e"},"headline":"Lokalpolischefen i Almu\u00f1\u00e9car avg\u00e5r efter bara fyra m\u00e5nader","datePublished":"2022-11-30T14:16:35+00:00","dateModified":"2022-12-01T10:07:56+00:00","mainEntityOfPage":{"@id":"https:\/\/lightweb.dev\/l\/svm-temp\/nyheter\/lokalpolischefen-i-almunecar-avgar-efter-bara-fyra-manader\/"},"wordCount":237,"commentCount":1,"publisher":{"@id":"https:\/\/lightweb.dev\/l\/svm-temp\/#organization"},"image":{"@id":"https:\/\/lightweb.dev\/l\/svm-temp\/nyheter\/lokalpolischefen-i-almunecar-avgar-efter-bara-fyra-manader\/#primaryimage"},"thumbnailUrl":"https:\/\/lightweb.dev\/l\/svm-temp\/wp-content\/uploads\/2022\/11\/ALCALDE-ALMUNECAR-JUAN-JOSE-RUIZ-JOYA-SALUDA-AL-NUEVO-JEFE-POLICIA-LOCAL-ALMUNECAR-JUAN-JOSE-MEDINA-22-stor.jpeg","articleSection":["Arkiv","Nyheter"],"inLanguage":"sv-SE"},{"@type":"WebPage","@id":"https:\/\/lightweb.dev\/l\/svm-temp\/nyheter\/lokalpolischefen-i-almunecar-avgar-efter-bara-fyra-manader\/","url":"https:\/\/lightweb.dev\/l\/svm-temp\/nyheter\/lokalpolischefen-i-almunecar-avgar-efter-bara-fyra-manader\/","name":"Lokalpolischefen i Almu\u00f1\u00e9car avg\u00e5r efter bara fyra m\u00e5nader - Svenska Magasinet","isPartOf":{"@id":"https:\/\/lightweb.dev\/l\/svm-temp\/#website"},"primaryImageOfPage":{"@id":"https:\/\/lightweb.dev\/l\/svm-temp\/nyheter\/lokalpolischefen-i-almunecar-avgar-efter-bara-fyra-manader\/#primaryimage"},"image":{"@id":"https:\/\/lightweb.dev\/l\/svm-temp\/nyheter\/lokalpolischefen-i-almunecar-avgar-efter-bara-fyra-manader\/#primaryimage"},"thumbnailUrl":"https:\/\/lightweb.dev\/l\/svm-temp\/wp-content\/uploads\/2022\/11\/ALCALDE-ALMUNECAR-JUAN-JOSE-RUIZ-JOYA-SALUDA-AL-NUEVO-JEFE-POLICIA-LOCAL-ALMUNECAR-JUAN-JOSE-MEDINA-22-stor.jpeg","datePublished":"2022-11-30T14:16:35+00:00","dateModified":"2022-12-01T10:07:56+00:00","description":"En tj\u00e4nsteman st\u00e4mmer lokalpolischefen f\u00f6r p\u00e5st\u00e5dda oegentligheter d\u00e5 denne har nekat tj\u00e4nstemannen ett tillst\u00e5nd och f\u00f6r att ha favoriserat poliser. Tre andra kolleger t\u00e4nker vidta r\u00e4ttsliga \u00e5tg\u00e4rder. Det har stormat kring Juan Jos\u00e9 Medina som utn\u00e4mndes till lokalpolischef i Almu\u00f1\u00e9car den 1 juli.","breadcrumb":{"@id":"https:\/\/lightweb.dev\/l\/svm-temp\/nyheter\/lokalpolischefen-i-almunecar-avgar-efter-bara-fyra-manader\/#breadcrumb"},"inLanguage":"sv-SE","potentialAction":[{"@type":"ReadAction","target":["https:\/\/lightweb.dev\/l\/svm-temp\/nyheter\/lokalpolischefen-i-almunecar-avgar-efter-bara-fyra-manader\/"]}]},{"@type":"ImageObject","inLanguage":"sv-SE","@id":"https:\/\/lightweb.dev\/l\/svm-temp\/nyheter\/lokalpolischefen-i-almunecar-avgar-efter-bara-fyra-manader\/#primaryimage","url":"https:\/\/lightweb.dev\/l\/svm-temp\/wp-content\/uploads\/2022\/11\/ALCALDE-ALMUNECAR-JUAN-JOSE-RUIZ-JOYA-SALUDA-AL-NUEVO-JEFE-POLICIA-LOCAL-ALMUNECAR-JUAN-JOSE-MEDINA-22-stor.jpeg","contentUrl":"https:\/\/lightweb.dev\/l\/svm-temp\/wp-content\/uploads\/2022\/11\/ALCALDE-ALMUNECAR-JUAN-JOSE-RUIZ-JOYA-SALUDA-AL-NUEVO-JEFE-POLICIA-LOCAL-ALMUNECAR-JUAN-JOSE-MEDINA-22-stor.jpeg","width":1280,"height":958,"caption":"Den 1 juli blev Juan Jos\u00e9 Medina, t v, ny lokalpolischef. Till h\u00f6ger syns Almu\u00f1\u00e9cars borgm\u00e4stare Juan Jos\u00e9 Ruiz Joya. (Foto: Almu\u00f1\u00e9car kommun)"},{"@type":"BreadcrumbList","@id":"https:\/\/lightweb.dev\/l\/svm-temp\/nyheter\/lokalpolischefen-i-almunecar-avgar-efter-bara-fyra-manader\/#breadcrumb","itemListElement":[{"@type":"ListItem","position":1,"name":"Hem","item":"https:\/\/lightweb.dev\/l\/svm-temp\/"},{"@type":"ListItem","position":2,"name":"Lokalpolischefen i Almu\u00f1\u00e9car avg\u00e5r efter bara fyra m\u00e5nader"}]},{"@type":"WebSite","@id":"https:\/\/lightweb.dev\/l\/svm-temp\/#website","url":"https:\/\/lightweb.dev\/l\/svm-temp\/","name":"Svenska Magasinet","description":"Dina Spanska nyheter p&aring; Svenska","publisher":{"@id":"https:\/\/lightweb.dev\/l\/svm-temp\/#organization"},"potentialAction":[{"@type":"SearchAction","target":{"@type":"EntryPoint","urlTemplate":"https:\/\/lightweb.dev\/l\/svm-temp\/?s={search_term_string}"},"query-input":{"@type":"PropertyValueSpecification","valueRequired":true,"valueName":"search_term_string"}}],"inLanguage":"sv-SE"},{"@type":"Organization","@id":"https:\/\/lightweb.dev\/l\/svm-temp\/#organization","name":"Melkerson y Nott SL","alternateName":"Svenska Magasinet","url":"https:\/\/lightweb.dev\/l\/svm-temp\/","logo":{"@type":"ImageObject","inLanguage":"sv-SE","@id":"https:\/\/lightweb.dev\/l\/svm-temp\/#\/schema\/logo\/image\/","url":"https:\/\/lightweb.dev\/l\/svm-temp\/wp-content\/uploads\/2025\/02\/SvM-logo-Xtra-Centrerad-SVART.png","contentUrl":"https:\/\/lightweb.dev\/l\/svm-temp\/wp-content\/uploads\/2025\/02\/SvM-logo-Xtra-Centrerad-SVART.png","width":300,"height":99,"caption":"Melkerson y Nott SL"},"image":{"@id":"https:\/\/lightweb.dev\/l\/svm-temp\/#\/schema\/logo\/image\/"},"sameAs":["https:\/\/www.facebook.com\/svenskamagasinet","https:\/\/x.com\/SvenskaMagasine"]},{"@type":"Person","@id":"https:\/\/lightweb.dev\/l\/svm-temp\/#\/schema\/person\/7a82b8a73d171d32360a564b6d03508e","name":"Ola Josefsson","description":"Bevakar Solkusten och Spanien sedan 1994.","sameAs":["https:\/\/lightweb.dev\/l\/svm-temp"],"url":"https:\/\/lightweb.dev\/l\/svm-temp\/reporter\/ola-josefsson\/"}]}},"_links":{"self":[{"href":"https:\/\/lightweb.dev\/l\/svm-temp\/wp-json\/wp\/v2\/posts\/59816","targetHints":{"allow":["GET"]}}],"collection":[{"href":"https:\/\/lightweb.dev\/l\/svm-temp\/wp-json\/wp\/v2\/posts"}],"about":[{"href":"https:\/\/lightweb.dev\/l\/svm-temp\/wp-json\/wp\/v2\/types\/post"}],"author":[{"embeddable":true,"href":"https:\/\/lightweb.dev\/l\/svm-temp\/wp-json\/wp\/v2\/users\/7"}],"replies":[{"embeddable":true,"href":"https:\/\/lightweb.dev\/l\/svm-temp\/wp-json\/wp\/v2\/comments?post=59816"}],"version-history":[{"count":0,"href":"https:\/\/lightweb.dev\/l\/svm-temp\/wp-json\/wp\/v2\/posts\/59816\/revisions"}],"wp:featuredmedia":[{"embeddable":true,"href":"https:\/\/lightweb.dev\/l\/svm-temp\/wp-json\/wp\/v2\/media\/59818"}],"wp:attachment":[{"href":"https:\/\/lightweb.dev\/l\/svm-temp\/wp-json\/wp\/v2\/media?parent=59816"}],"wp:term":[{"taxonomy":"category","embeddable":true,"href":"https:\/\/lightweb.dev\/l\/svm-temp\/wp-json\/wp\/v2\/categories?post=59816"},{"taxonomy":"post_tag","embeddable":true,"href":"https:\/\/lightweb.dev\/l\/svm-temp\/wp-json\/wp\/v2\/tags?post=59816"}],"curies":[{"name":"wp","href":"https:\/\/api.w.org\/{rel}","templated":true}]}}