{"id":59820,"date":"2022-12-01T10:21:14","date_gmt":"2022-12-01T09:21:14","guid":{"rendered":"https:\/\/lightweb.dev\/l\/svm-temp\/?p=59820"},"modified":"2022-12-01T10:22:18","modified_gmt":"2022-12-01T09:22:18","slug":"svensk-riskerar-29-ars-fangelse-for-att-ha-dodsmisshandlat-frun","status":"publish","type":"post","link":"https:\/\/lightweb.dev\/l\/svm-temp\/nyheter\/svensk-riskerar-29-ars-fangelse-for-att-ha-dodsmisshandlat-frun\/","title":{"rendered":"Svensk riskerar 29 \u00e5rs f\u00e4ngelse f\u00f6r att ha d\u00f6dsmisshandlat frun"},"content":{"rendered":"<p><strong>\u00c5klagaren Jes\u00fas Lomba yrkar p\u00e5 29 \u00e5rs f\u00e4ngelse f\u00f6r en svensk man som i april 2019 ska ha misshandlat sin fru s\u00e5 sv\u00e5rt att hon avled. H\u00e4ndelsen intr\u00e4ffade i parets bostad i Puerto Rico p\u00e5 s\u00f6dra Gran Canaria.<\/strong><\/p>\n<p>Den svenska mannen med initialerna Lars E.A. och kvinnan tr\u00e4ffades 2014 och hade levt tillsammans sedan 2017. I april 2019 misshandlades kvinnan sv\u00e5rt till d\u00f6ds n\u00e5got som <a href=\"https:\/\/lightweb.dev\/l\/svm-temp\/nyheter\/svensk-misstankt-for-mord-pa-hustrun\/\">Svenska Magasinet<\/a> ber\u00e4ttade om den 12 april 2019.<\/p>\n<p>Enligt kriminaltekniker har inte kvinnans skador uppkommit genom fall. Nyhetsbyr\u00e5n <a href=\"https:\/\/www.eldiario.es\/canariasahora\/sociedad\/fiscalia-considera-probado-acusado-asesinar-pareja-mogan-hizo-forma-consciente_1_9758151.html\">EFE<\/a> skriver att mannen har erk\u00e4nt att han d\u00f6dade henne men insisterar p\u00e5 att han inte minns n\u00e5got p\u00e5 grund av alkohol.<\/p>\n<p>Under r\u00e4tteg\u00e5ngen som p\u00e5g\u00e5r i Las Palmas domstol p\u00e5pekade \u00e5klagaren att svensken regelbundet misshandlat sin fru. Natten mot den 10 april 2019 misshandlades kvinnan brutalt. Han ska \u00e4ven har tagit strupgrepp p\u00e5 henne.<\/p>\n<p>Mannen var beroende av sin partner ekonomiskt. Enligt \u00e5klagaren kan d\u00f6dsmisshandeln orsakats av offrets avsikt att vilja \u00e5terv\u00e4nda till Sverige.<\/p>\n<p>Svensken finns i belastningsregistret sedan tidigare och har en historia med r\u00e5n, droger och v\u00e5ld bakom sig. R\u00e4ttsl\u00e4karna skriver i sin rapport att han \u00e4r en kall, asocial person som inte respekterar regler och anv\u00e4nder sig av l\u00f6gner. Redan 6 juni 2018 greps han misst\u00e4nkt f\u00f6r att ha misshandlat sin partner. Kvinnan f\u00f6rdes vid tillf\u00e4llet till en v\u00e5rdcentral i Arguineguin f\u00f6r att f\u00e5 v\u00e5rd.<\/p>\n<p>\u00c5klagaren bed\u00f6mer misshandeln 2019 som mycket sv\u00e5r d\u00e5 kvinnan ocks\u00e5 var berusad och fysiskt handikappad efter en h\u00f6ftfraktur.<\/p>\n","protected":false},"excerpt":{"rendered":"<p>\u00c5klagaren Jes\u00fas Lomba yrkar p\u00e5 29 \u00e5rs f\u00e4ngelse f\u00f6r en svensk man som i april 2019 ska ha misshandlat sin fru s\u00e5 sv\u00e5rt att hon avled. H\u00e4ndelsen intr\u00e4ffade i parets bostad i Puerto Rico p\u00e5 s\u00f6dra Gran Canaria. Den svenska mannen med initialerna Lars E.A. och kvinnan tr\u00e4ffades 2014 och hade levt tillsammans sedan 2017. [&hellip;]<\/p>\n","protected":false},"author":7,"featured_media":59822,"comment_status":"open","ping_status":"closed","sticky":false,"template":"","format":"standard","meta":{"_et_pb_use_builder":"","_et_pb_old_content":"","_et_gb_content_width":"","footnotes":""},"categories":[395,3],"tags":[],"class_list":["post-59820","post","type-post","status-publish","format-standard","has-post-thumbnail","hentry","category-arkiv-nyheter","category-nyheter"],"yoast_head":"<!-- This site is optimized with the Yoast SEO Premium plugin v26.2 (Yoast SEO v27.4) - https:\/\/yoast.com\/product\/yoast-seo-premium-wordpress\/ -->\n<title>Svensk riskerar 29 \u00e5rs f\u00e4ngelse f\u00f6r att ha d\u00f6dsmisshandlat frun - Svenska Magasinet<\/title>\n<meta name=\"description\" content=\"\u00c5klagaren Jes\u00fas Lomba yrkar p\u00e5 29 \u00e5rs f\u00e4ngelse f\u00f6r en svensk man som i april 2019 ska ha misshandlat sin fru s\u00e5 sv\u00e5rt att hon avled. H\u00e4ndelsen intr\u00e4ffade i parets bostad i Puerto Rico p\u00e5 s\u00f6dra Gran Canaria.\" \/>\n<meta name=\"robots\" content=\"noindex, follow, max-snippet:-1, max-image-preview:large, max-video-preview:-1\" \/>\n<meta property=\"og:locale\" content=\"sv_SE\" \/>\n<meta property=\"og:type\" content=\"article\" \/>\n<meta property=\"og:title\" content=\"Svensk riskerar 29 \u00e5rs f\u00e4ngelse f\u00f6r att ha d\u00f6dsmisshandlat frun\" \/>\n<meta property=\"og:description\" content=\"\u00c5klagaren Jes\u00fas Lomba yrkar p\u00e5 29 \u00e5rs f\u00e4ngelse f\u00f6r en svensk man som i april 2019 ska ha misshandlat sin fru s\u00e5 sv\u00e5rt att hon avled. H\u00e4ndelsen intr\u00e4ffade i parets bostad i Puerto Rico p\u00e5 s\u00f6dra Gran Canaria.\" \/>\n<meta property=\"og:url\" content=\"https:\/\/lightweb.dev\/l\/svm-temp\/nyheter\/svensk-riskerar-29-ars-fangelse-for-att-ha-dodsmisshandlat-frun\/\" \/>\n<meta property=\"og:site_name\" content=\"Svenska Magasinet\" \/>\n<meta property=\"article:publisher\" content=\"https:\/\/www.facebook.com\/svenskamagasinet\" \/>\n<meta property=\"article:published_time\" content=\"2022-12-01T09:21:14+00:00\" \/>\n<meta property=\"article:modified_time\" content=\"2022-12-01T09:22:18+00:00\" \/>\n<meta property=\"og:image\" content=\"https:\/\/lightweb.dev\/l\/svm-temp\/wp-content\/uploads\/2022\/12\/Puerto_Rico_EM1B0015_25370049267-stor.jpeg\" \/>\n\t<meta property=\"og:image:width\" content=\"1280\" \/>\n\t<meta property=\"og:image:height\" content=\"647\" \/>\n\t<meta property=\"og:image:type\" content=\"image\/jpeg\" \/>\n<meta name=\"author\" content=\"Ola Josefsson\" \/>\n<meta name=\"twitter:card\" content=\"summary_large_image\" \/>\n<meta name=\"twitter:creator\" content=\"@SvenskaMagasine\" \/>\n<meta name=\"twitter:site\" content=\"@SvenskaMagasine\" \/>\n<script type=\"application\/ld+json\" class=\"yoast-schema-graph\">{\"@context\":\"https:\\\/\\\/schema.org\",\"@graph\":[{\"@type\":\"Article\",\"@id\":\"https:\\\/\\\/lightweb.dev\\\/l\\\/svm-temp\\\/nyheter\\\/svensk-riskerar-29-ars-fangelse-for-att-ha-dodsmisshandlat-frun\\\/#article\",\"isPartOf\":{\"@id\":\"https:\\\/\\\/lightweb.dev\\\/l\\\/svm-temp\\\/nyheter\\\/svensk-riskerar-29-ars-fangelse-for-att-ha-dodsmisshandlat-frun\\\/\"},\"author\":{\"name\":\"Ola Josefsson\",\"@id\":\"https:\\\/\\\/lightweb.dev\\\/l\\\/svm-temp\\\/#\\\/schema\\\/person\\\/7a82b8a73d171d32360a564b6d03508e\"},\"headline\":\"Svensk riskerar 29 \u00e5rs f\u00e4ngelse f\u00f6r att ha d\u00f6dsmisshandlat frun\",\"datePublished\":\"2022-12-01T09:21:14+00:00\",\"dateModified\":\"2022-12-01T09:22:18+00:00\",\"mainEntityOfPage\":{\"@id\":\"https:\\\/\\\/lightweb.dev\\\/l\\\/svm-temp\\\/nyheter\\\/svensk-riskerar-29-ars-fangelse-for-att-ha-dodsmisshandlat-frun\\\/\"},\"wordCount\":280,\"commentCount\":2,\"publisher\":{\"@id\":\"https:\\\/\\\/lightweb.dev\\\/l\\\/svm-temp\\\/#organization\"},\"image\":{\"@id\":\"https:\\\/\\\/lightweb.dev\\\/l\\\/svm-temp\\\/nyheter\\\/svensk-riskerar-29-ars-fangelse-for-att-ha-dodsmisshandlat-frun\\\/#primaryimage\"},\"thumbnailUrl\":\"https:\\\/\\\/lightweb.dev\\\/l\\\/svm-temp\\\/wp-content\\\/uploads\\\/2022\\\/12\\\/Puerto_Rico_EM1B0015_25370049267-stor.jpeg\",\"articleSection\":[\"Arkiv\",\"Nyheter\"],\"inLanguage\":\"sv-SE\"},{\"@type\":\"WebPage\",\"@id\":\"https:\\\/\\\/lightweb.dev\\\/l\\\/svm-temp\\\/nyheter\\\/svensk-riskerar-29-ars-fangelse-for-att-ha-dodsmisshandlat-frun\\\/\",\"url\":\"https:\\\/\\\/lightweb.dev\\\/l\\\/svm-temp\\\/nyheter\\\/svensk-riskerar-29-ars-fangelse-for-att-ha-dodsmisshandlat-frun\\\/\",\"name\":\"Svensk riskerar 29 \u00e5rs f\u00e4ngelse f\u00f6r att ha d\u00f6dsmisshandlat frun - Svenska Magasinet\",\"isPartOf\":{\"@id\":\"https:\\\/\\\/lightweb.dev\\\/l\\\/svm-temp\\\/#website\"},\"primaryImageOfPage\":{\"@id\":\"https:\\\/\\\/lightweb.dev\\\/l\\\/svm-temp\\\/nyheter\\\/svensk-riskerar-29-ars-fangelse-for-att-ha-dodsmisshandlat-frun\\\/#primaryimage\"},\"image\":{\"@id\":\"https:\\\/\\\/lightweb.dev\\\/l\\\/svm-temp\\\/nyheter\\\/svensk-riskerar-29-ars-fangelse-for-att-ha-dodsmisshandlat-frun\\\/#primaryimage\"},\"thumbnailUrl\":\"https:\\\/\\\/lightweb.dev\\\/l\\\/svm-temp\\\/wp-content\\\/uploads\\\/2022\\\/12\\\/Puerto_Rico_EM1B0015_25370049267-stor.jpeg\",\"datePublished\":\"2022-12-01T09:21:14+00:00\",\"dateModified\":\"2022-12-01T09:22:18+00:00\",\"description\":\"\u00c5klagaren Jes\u00fas Lomba yrkar p\u00e5 29 \u00e5rs f\u00e4ngelse f\u00f6r en svensk man som i april 2019 ska ha misshandlat sin fru s\u00e5 sv\u00e5rt att hon avled. H\u00e4ndelsen intr\u00e4ffade i parets bostad i Puerto Rico p\u00e5 s\u00f6dra Gran Canaria.\",\"breadcrumb\":{\"@id\":\"https:\\\/\\\/lightweb.dev\\\/l\\\/svm-temp\\\/nyheter\\\/svensk-riskerar-29-ars-fangelse-for-att-ha-dodsmisshandlat-frun\\\/#breadcrumb\"},\"inLanguage\":\"sv-SE\",\"potentialAction\":[{\"@type\":\"ReadAction\",\"target\":[\"https:\\\/\\\/lightweb.dev\\\/l\\\/svm-temp\\\/nyheter\\\/svensk-riskerar-29-ars-fangelse-for-att-ha-dodsmisshandlat-frun\\\/\"]}]},{\"@type\":\"ImageObject\",\"inLanguage\":\"sv-SE\",\"@id\":\"https:\\\/\\\/lightweb.dev\\\/l\\\/svm-temp\\\/nyheter\\\/svensk-riskerar-29-ars-fangelse-for-att-ha-dodsmisshandlat-frun\\\/#primaryimage\",\"url\":\"https:\\\/\\\/lightweb.dev\\\/l\\\/svm-temp\\\/wp-content\\\/uploads\\\/2022\\\/12\\\/Puerto_Rico_EM1B0015_25370049267-stor.jpeg\",\"contentUrl\":\"https:\\\/\\\/lightweb.dev\\\/l\\\/svm-temp\\\/wp-content\\\/uploads\\\/2022\\\/12\\\/Puerto_Rico_EM1B0015_25370049267-stor.jpeg\",\"width\":1280,\"height\":647},{\"@type\":\"BreadcrumbList\",\"@id\":\"https:\\\/\\\/lightweb.dev\\\/l\\\/svm-temp\\\/nyheter\\\/svensk-riskerar-29-ars-fangelse-for-att-ha-dodsmisshandlat-frun\\\/#breadcrumb\",\"itemListElement\":[{\"@type\":\"ListItem\",\"position\":1,\"name\":\"Hem\",\"item\":\"https:\\\/\\\/lightweb.dev\\\/l\\\/svm-temp\\\/\"},{\"@type\":\"ListItem\",\"position\":2,\"name\":\"Svensk riskerar 29 \u00e5rs f\u00e4ngelse f\u00f6r att ha d\u00f6dsmisshandlat frun\"}]},{\"@type\":\"WebSite\",\"@id\":\"https:\\\/\\\/lightweb.dev\\\/l\\\/svm-temp\\\/#website\",\"url\":\"https:\\\/\\\/lightweb.dev\\\/l\\\/svm-temp\\\/\",\"name\":\"Svenska Magasinet\",\"description\":\"Dina Spanska nyheter p&aring; Svenska\",\"publisher\":{\"@id\":\"https:\\\/\\\/lightweb.dev\\\/l\\\/svm-temp\\\/#organization\"},\"potentialAction\":[{\"@type\":\"SearchAction\",\"target\":{\"@type\":\"EntryPoint\",\"urlTemplate\":\"https:\\\/\\\/lightweb.dev\\\/l\\\/svm-temp\\\/?s={search_term_string}\"},\"query-input\":{\"@type\":\"PropertyValueSpecification\",\"valueRequired\":true,\"valueName\":\"search_term_string\"}}],\"inLanguage\":\"sv-SE\"},{\"@type\":\"Organization\",\"@id\":\"https:\\\/\\\/lightweb.dev\\\/l\\\/svm-temp\\\/#organization\",\"name\":\"Melkerson y Nott SL\",\"alternateName\":\"Svenska Magasinet\",\"url\":\"https:\\\/\\\/lightweb.dev\\\/l\\\/svm-temp\\\/\",\"logo\":{\"@type\":\"ImageObject\",\"inLanguage\":\"sv-SE\",\"@id\":\"https:\\\/\\\/lightweb.dev\\\/l\\\/svm-temp\\\/#\\\/schema\\\/logo\\\/image\\\/\",\"url\":\"https:\\\/\\\/lightweb.dev\\\/l\\\/svm-temp\\\/wp-content\\\/uploads\\\/2025\\\/02\\\/SvM-logo-Xtra-Centrerad-SVART.png\",\"contentUrl\":\"https:\\\/\\\/lightweb.dev\\\/l\\\/svm-temp\\\/wp-content\\\/uploads\\\/2025\\\/02\\\/SvM-logo-Xtra-Centrerad-SVART.png\",\"width\":300,\"height\":99,\"caption\":\"Melkerson y Nott SL\"},\"image\":{\"@id\":\"https:\\\/\\\/lightweb.dev\\\/l\\\/svm-temp\\\/#\\\/schema\\\/logo\\\/image\\\/\"},\"sameAs\":[\"https:\\\/\\\/www.facebook.com\\\/svenskamagasinet\",\"https:\\\/\\\/x.com\\\/SvenskaMagasine\"]},{\"@type\":\"Person\",\"@id\":\"https:\\\/\\\/lightweb.dev\\\/l\\\/svm-temp\\\/#\\\/schema\\\/person\\\/7a82b8a73d171d32360a564b6d03508e\",\"name\":\"Ola Josefsson\",\"description\":\"Bevakar Solkusten och Spanien sedan 1994.\",\"sameAs\":[\"https:\\\/\\\/lightweb.dev\\\/l\\\/svm-temp\"],\"url\":\"https:\\\/\\\/lightweb.dev\\\/l\\\/svm-temp\\\/reporter\\\/ola-josefsson\\\/\"}]}<\/script>\n<!-- \/ Yoast SEO Premium plugin. -->","yoast_head_json":{"title":"Svensk riskerar 29 \u00e5rs f\u00e4ngelse f\u00f6r att ha d\u00f6dsmisshandlat frun - Svenska Magasinet","description":"\u00c5klagaren Jes\u00fas Lomba yrkar p\u00e5 29 \u00e5rs f\u00e4ngelse f\u00f6r en svensk man som i april 2019 ska ha misshandlat sin fru s\u00e5 sv\u00e5rt att hon avled. H\u00e4ndelsen intr\u00e4ffade i parets bostad i Puerto Rico p\u00e5 s\u00f6dra Gran Canaria.","robots":{"index":"noindex","follow":"follow","max-snippet":"max-snippet:-1","max-image-preview":"max-image-preview:large","max-video-preview":"max-video-preview:-1"},"og_locale":"sv_SE","og_type":"article","og_title":"Svensk riskerar 29 \u00e5rs f\u00e4ngelse f\u00f6r att ha d\u00f6dsmisshandlat frun","og_description":"\u00c5klagaren Jes\u00fas Lomba yrkar p\u00e5 29 \u00e5rs f\u00e4ngelse f\u00f6r en svensk man som i april 2019 ska ha misshandlat sin fru s\u00e5 sv\u00e5rt att hon avled. H\u00e4ndelsen intr\u00e4ffade i parets bostad i Puerto Rico p\u00e5 s\u00f6dra Gran Canaria.","og_url":"https:\/\/lightweb.dev\/l\/svm-temp\/nyheter\/svensk-riskerar-29-ars-fangelse-for-att-ha-dodsmisshandlat-frun\/","og_site_name":"Svenska Magasinet","article_publisher":"https:\/\/www.facebook.com\/svenskamagasinet","article_published_time":"2022-12-01T09:21:14+00:00","article_modified_time":"2022-12-01T09:22:18+00:00","og_image":[{"width":1280,"height":647,"url":"https:\/\/lightweb.dev\/l\/svm-temp\/wp-content\/uploads\/2022\/12\/Puerto_Rico_EM1B0015_25370049267-stor.jpeg","type":"image\/jpeg"}],"author":"Ola Josefsson","twitter_card":"summary_large_image","twitter_creator":"@SvenskaMagasine","twitter_site":"@SvenskaMagasine","schema":{"@context":"https:\/\/schema.org","@graph":[{"@type":"Article","@id":"https:\/\/lightweb.dev\/l\/svm-temp\/nyheter\/svensk-riskerar-29-ars-fangelse-for-att-ha-dodsmisshandlat-frun\/#article","isPartOf":{"@id":"https:\/\/lightweb.dev\/l\/svm-temp\/nyheter\/svensk-riskerar-29-ars-fangelse-for-att-ha-dodsmisshandlat-frun\/"},"author":{"name":"Ola Josefsson","@id":"https:\/\/lightweb.dev\/l\/svm-temp\/#\/schema\/person\/7a82b8a73d171d32360a564b6d03508e"},"headline":"Svensk riskerar 29 \u00e5rs f\u00e4ngelse f\u00f6r att ha d\u00f6dsmisshandlat frun","datePublished":"2022-12-01T09:21:14+00:00","dateModified":"2022-12-01T09:22:18+00:00","mainEntityOfPage":{"@id":"https:\/\/lightweb.dev\/l\/svm-temp\/nyheter\/svensk-riskerar-29-ars-fangelse-for-att-ha-dodsmisshandlat-frun\/"},"wordCount":280,"commentCount":2,"publisher":{"@id":"https:\/\/lightweb.dev\/l\/svm-temp\/#organization"},"image":{"@id":"https:\/\/lightweb.dev\/l\/svm-temp\/nyheter\/svensk-riskerar-29-ars-fangelse-for-att-ha-dodsmisshandlat-frun\/#primaryimage"},"thumbnailUrl":"https:\/\/lightweb.dev\/l\/svm-temp\/wp-content\/uploads\/2022\/12\/Puerto_Rico_EM1B0015_25370049267-stor.jpeg","articleSection":["Arkiv","Nyheter"],"inLanguage":"sv-SE"},{"@type":"WebPage","@id":"https:\/\/lightweb.dev\/l\/svm-temp\/nyheter\/svensk-riskerar-29-ars-fangelse-for-att-ha-dodsmisshandlat-frun\/","url":"https:\/\/lightweb.dev\/l\/svm-temp\/nyheter\/svensk-riskerar-29-ars-fangelse-for-att-ha-dodsmisshandlat-frun\/","name":"Svensk riskerar 29 \u00e5rs f\u00e4ngelse f\u00f6r att ha d\u00f6dsmisshandlat frun - Svenska Magasinet","isPartOf":{"@id":"https:\/\/lightweb.dev\/l\/svm-temp\/#website"},"primaryImageOfPage":{"@id":"https:\/\/lightweb.dev\/l\/svm-temp\/nyheter\/svensk-riskerar-29-ars-fangelse-for-att-ha-dodsmisshandlat-frun\/#primaryimage"},"image":{"@id":"https:\/\/lightweb.dev\/l\/svm-temp\/nyheter\/svensk-riskerar-29-ars-fangelse-for-att-ha-dodsmisshandlat-frun\/#primaryimage"},"thumbnailUrl":"https:\/\/lightweb.dev\/l\/svm-temp\/wp-content\/uploads\/2022\/12\/Puerto_Rico_EM1B0015_25370049267-stor.jpeg","datePublished":"2022-12-01T09:21:14+00:00","dateModified":"2022-12-01T09:22:18+00:00","description":"\u00c5klagaren Jes\u00fas Lomba yrkar p\u00e5 29 \u00e5rs f\u00e4ngelse f\u00f6r en svensk man som i april 2019 ska ha misshandlat sin fru s\u00e5 sv\u00e5rt att hon avled. H\u00e4ndelsen intr\u00e4ffade i parets bostad i Puerto Rico p\u00e5 s\u00f6dra Gran Canaria.","breadcrumb":{"@id":"https:\/\/lightweb.dev\/l\/svm-temp\/nyheter\/svensk-riskerar-29-ars-fangelse-for-att-ha-dodsmisshandlat-frun\/#breadcrumb"},"inLanguage":"sv-SE","potentialAction":[{"@type":"ReadAction","target":["https:\/\/lightweb.dev\/l\/svm-temp\/nyheter\/svensk-riskerar-29-ars-fangelse-for-att-ha-dodsmisshandlat-frun\/"]}]},{"@type":"ImageObject","inLanguage":"sv-SE","@id":"https:\/\/lightweb.dev\/l\/svm-temp\/nyheter\/svensk-riskerar-29-ars-fangelse-for-att-ha-dodsmisshandlat-frun\/#primaryimage","url":"https:\/\/lightweb.dev\/l\/svm-temp\/wp-content\/uploads\/2022\/12\/Puerto_Rico_EM1B0015_25370049267-stor.jpeg","contentUrl":"https:\/\/lightweb.dev\/l\/svm-temp\/wp-content\/uploads\/2022\/12\/Puerto_Rico_EM1B0015_25370049267-stor.jpeg","width":1280,"height":647},{"@type":"BreadcrumbList","@id":"https:\/\/lightweb.dev\/l\/svm-temp\/nyheter\/svensk-riskerar-29-ars-fangelse-for-att-ha-dodsmisshandlat-frun\/#breadcrumb","itemListElement":[{"@type":"ListItem","position":1,"name":"Hem","item":"https:\/\/lightweb.dev\/l\/svm-temp\/"},{"@type":"ListItem","position":2,"name":"Svensk riskerar 29 \u00e5rs f\u00e4ngelse f\u00f6r att ha d\u00f6dsmisshandlat frun"}]},{"@type":"WebSite","@id":"https:\/\/lightweb.dev\/l\/svm-temp\/#website","url":"https:\/\/lightweb.dev\/l\/svm-temp\/","name":"Svenska Magasinet","description":"Dina Spanska nyheter p&aring; Svenska","publisher":{"@id":"https:\/\/lightweb.dev\/l\/svm-temp\/#organization"},"potentialAction":[{"@type":"SearchAction","target":{"@type":"EntryPoint","urlTemplate":"https:\/\/lightweb.dev\/l\/svm-temp\/?s={search_term_string}"},"query-input":{"@type":"PropertyValueSpecification","valueRequired":true,"valueName":"search_term_string"}}],"inLanguage":"sv-SE"},{"@type":"Organization","@id":"https:\/\/lightweb.dev\/l\/svm-temp\/#organization","name":"Melkerson y Nott SL","alternateName":"Svenska Magasinet","url":"https:\/\/lightweb.dev\/l\/svm-temp\/","logo":{"@type":"ImageObject","inLanguage":"sv-SE","@id":"https:\/\/lightweb.dev\/l\/svm-temp\/#\/schema\/logo\/image\/","url":"https:\/\/lightweb.dev\/l\/svm-temp\/wp-content\/uploads\/2025\/02\/SvM-logo-Xtra-Centrerad-SVART.png","contentUrl":"https:\/\/lightweb.dev\/l\/svm-temp\/wp-content\/uploads\/2025\/02\/SvM-logo-Xtra-Centrerad-SVART.png","width":300,"height":99,"caption":"Melkerson y Nott SL"},"image":{"@id":"https:\/\/lightweb.dev\/l\/svm-temp\/#\/schema\/logo\/image\/"},"sameAs":["https:\/\/www.facebook.com\/svenskamagasinet","https:\/\/x.com\/SvenskaMagasine"]},{"@type":"Person","@id":"https:\/\/lightweb.dev\/l\/svm-temp\/#\/schema\/person\/7a82b8a73d171d32360a564b6d03508e","name":"Ola Josefsson","description":"Bevakar Solkusten och Spanien sedan 1994.","sameAs":["https:\/\/lightweb.dev\/l\/svm-temp"],"url":"https:\/\/lightweb.dev\/l\/svm-temp\/reporter\/ola-josefsson\/"}]}},"_links":{"self":[{"href":"https:\/\/lightweb.dev\/l\/svm-temp\/wp-json\/wp\/v2\/posts\/59820","targetHints":{"allow":["GET"]}}],"collection":[{"href":"https:\/\/lightweb.dev\/l\/svm-temp\/wp-json\/wp\/v2\/posts"}],"about":[{"href":"https:\/\/lightweb.dev\/l\/svm-temp\/wp-json\/wp\/v2\/types\/post"}],"author":[{"embeddable":true,"href":"https:\/\/lightweb.dev\/l\/svm-temp\/wp-json\/wp\/v2\/users\/7"}],"replies":[{"embeddable":true,"href":"https:\/\/lightweb.dev\/l\/svm-temp\/wp-json\/wp\/v2\/comments?post=59820"}],"version-history":[{"count":0,"href":"https:\/\/lightweb.dev\/l\/svm-temp\/wp-json\/wp\/v2\/posts\/59820\/revisions"}],"wp:featuredmedia":[{"embeddable":true,"href":"https:\/\/lightweb.dev\/l\/svm-temp\/wp-json\/wp\/v2\/media\/59822"}],"wp:attachment":[{"href":"https:\/\/lightweb.dev\/l\/svm-temp\/wp-json\/wp\/v2\/media?parent=59820"}],"wp:term":[{"taxonomy":"category","embeddable":true,"href":"https:\/\/lightweb.dev\/l\/svm-temp\/wp-json\/wp\/v2\/categories?post=59820"},{"taxonomy":"post_tag","embeddable":true,"href":"https:\/\/lightweb.dev\/l\/svm-temp\/wp-json\/wp\/v2\/tags?post=59820"}],"curies":[{"name":"wp","href":"https:\/\/api.w.org\/{rel}","templated":true}]}}