{"id":59834,"date":"2022-12-01T13:11:05","date_gmt":"2022-12-01T12:11:05","guid":{"rendered":"https:\/\/lightweb.dev\/l\/svm-temp\/?p=59834"},"modified":"2022-12-01T13:11:05","modified_gmt":"2022-12-01T12:11:05","slug":"dags-att-anmala-sig-till-rostlangden-infor-lokalval","status":"publish","type":"post","link":"https:\/\/lightweb.dev\/l\/svm-temp\/nyheter\/dags-att-anmala-sig-till-rostlangden-infor-lokalval\/","title":{"rendered":"Dags att anm\u00e4la sig till r\u00f6stl\u00e4ngden inf\u00f6r lokalval"},"content":{"rendered":"<p><strong>Den 28 maj \u00e4r det kommunalval i Spanien. Som unionsmedborgare har svenskar r\u00e4tt till att r\u00f6sta i de spanska lokalvalen. Enda kravet \u00e4r att du \u00e4r resident och anm\u00e4ler dig till r\u00f6stl\u00e4ngden.<\/strong><\/p>\n<p>Kommuner har b\u00f6rjat g\u00e5 ut med information om att anm\u00e4la sig till r\u00f6stl\u00e4ngden. Fuengirola kommun har bland annat skickat ut brev till alla mantalsskrivna EU-medborgare och icke EU-medborgare.<\/p>\n<p>F\u00f6r EU-medborgare g\u00e4ller det att anm\u00e4la sig till r\u00f6stl\u00e4ngden senast den 30 januari 2023. F\u00f6r icke EU-medborgare g\u00e4ller 15 januari 2023 som senaste dag.<\/p>\n<p><img loading=\"lazy\" decoding=\"async\" class=\"size-medium wp-image-59837 alignleft\" src=\"https:\/\/lightweb.dev\/l\/svm-temp\/wp-content\/uploads\/2022\/12\/Elecciones-Municipales_2-stor-300x175.jpeg\" alt=\"\" width=\"300\" height=\"175\" srcset=\"https:\/\/lightweb.dev\/l\/svm-temp\/wp-content\/uploads\/2022\/12\/Elecciones-Municipales_2-stor-300x175.jpeg 300w, https:\/\/lightweb.dev\/l\/svm-temp\/wp-content\/uploads\/2022\/12\/Elecciones-Municipales_2-stor-900x524.jpeg 900w, https:\/\/lightweb.dev\/l\/svm-temp\/wp-content\/uploads\/2022\/12\/Elecciones-Municipales_2-stor-768x447.jpeg 768w, https:\/\/lightweb.dev\/l\/svm-temp\/wp-content\/uploads\/2022\/12\/Elecciones-Municipales_2-stor-610x355.jpeg 610w, https:\/\/lightweb.dev\/l\/svm-temp\/wp-content\/uploads\/2022\/12\/Elecciones-Municipales_2-stor-600x349.jpeg 600w, https:\/\/lightweb.dev\/l\/svm-temp\/wp-content\/uploads\/2022\/12\/Elecciones-Municipales_2-stor.jpeg 1022w\" sizes=\"(max-width: 300px) 100vw, 300px\" \/><\/p>\n<p>Blanketten f\u00f6r EU-medborgare att anm\u00e4la sig till r\u00f6stl\u00e4ngden heter \u201dCenso electoral de ciudadanos de la Uni\u00f3n Europea, no espa\u00f1oles, residentes en Espa\u00f1a\u201d som du hittar genom att klicka <a href=\"https:\/\/sede.fuengirola.es\/portal\/sede\/RecursosWeb\/DOCUMENTOS\/1\/0_18933_1.pdf\">H\u00c4R.<\/a><\/p>\n<p>Anm\u00e4lan till r\u00f6stl\u00e4ngden kan g\u00f6ras online (i Fuengirola: estadistica@fuengirola.org), via post eller genom bes\u00f6k p\u00e5 kommunhuset vid OCE (Oficina del Censo Electoral). Gl\u00f6m inte att ta med en kopia av passet.<\/p>\n<p>Vid de olika kommunkontoren finns en s\u00e5 kallad r\u00f6stl\u00e4ngd eller Lista del Censo Electoral. Vid din anm\u00e4lan till r\u00f6stl\u00e4ngden tar du med dig din mantalsskrivning (Empadronamiento) i kommunen.<\/p>\n<p>F\u00f6r att kunna g\u00f6ra en mantalsskrivning m\u00e5ste du ha intyg p\u00e5 att du bor i kommunen p\u00e5 en viss adress. Intyget kan vara hyreskontrakt, lagfart eller elr\u00e4kning, vattenr\u00e4kning som \u00e4r utst\u00e4lld p\u00e5 ditt namn. NIE-nummer, registreringsbeviset i att du \u00e4r registrerad i Spanien samt pass tar du ocks\u00e5 med vid mantalsskrivningen.<\/p>\n<p>Den 28 maj 2023 h\u00e5lls n\u00e4sta kommunalval. En mandatperiod \u00e4r p\u00e5 fyra \u00e5r. Kandidater p\u00e5 listan till kommunfullm\u00e4ktige avg\u00f6r partierna helt sj\u00e4lva. Du f\u00e5r inte stryka n\u00e5got namn p\u00e5 listan. Skriver du p\u00e5 valsedeln ogiltigf\u00f6rklaras din r\u00f6st.<\/p>\n<p>N\u00e4sta \u00e5r sammanfaller kommunalvalen i Spanien med EU-valet som du ocks\u00e5 har m\u00f6jlighet att delta i.<\/p>\n","protected":false},"excerpt":{"rendered":"<p>Den 28 maj \u00e4r det kommunalval i Spanien. Som unionsmedborgare har svenskar r\u00e4tt till att r\u00f6sta i de spanska lokalvalen. Enda kravet \u00e4r att du \u00e4r resident och anm\u00e4ler dig till r\u00f6stl\u00e4ngden. Kommuner har b\u00f6rjat g\u00e5 ut med information om att anm\u00e4la sig till r\u00f6stl\u00e4ngden. Fuengirola kommun har bland annat skickat ut brev till alla [&hellip;]<\/p>\n","protected":false},"author":7,"featured_media":59836,"comment_status":"open","ping_status":"closed","sticky":false,"template":"","format":"standard","meta":{"_et_pb_use_builder":"","_et_pb_old_content":"","_et_gb_content_width":"","footnotes":""},"categories":[395,3],"tags":[],"class_list":["post-59834","post","type-post","status-publish","format-standard","has-post-thumbnail","hentry","category-arkiv-nyheter","category-nyheter"],"yoast_head":"<!-- This site is optimized with the Yoast SEO Premium plugin v26.2 (Yoast SEO v27.4) - https:\/\/yoast.com\/product\/yoast-seo-premium-wordpress\/ -->\n<title>Dags att anm\u00e4la sig till r\u00f6stl\u00e4ngden inf\u00f6r lokalval - Svenska Magasinet<\/title>\n<meta name=\"description\" content=\"Den 28 maj \u00e4r det kommunalval i Spanien. Som unionsmedborgare har svenskar r\u00e4tt till att r\u00f6sta i de spanska lokalvalen. Enda kravet \u00e4r att du \u00e4r resident och anm\u00e4ler dig till r\u00f6stl\u00e4ngden.\" \/>\n<meta name=\"robots\" content=\"noindex, follow, max-snippet:-1, max-image-preview:large, max-video-preview:-1\" \/>\n<meta property=\"og:locale\" content=\"sv_SE\" \/>\n<meta property=\"og:type\" content=\"article\" \/>\n<meta property=\"og:title\" content=\"Dags att anm\u00e4la sig till r\u00f6stl\u00e4ngden inf\u00f6r lokalval\" \/>\n<meta property=\"og:description\" content=\"Den 28 maj \u00e4r det kommunalval i Spanien. Som unionsmedborgare har svenskar r\u00e4tt till att r\u00f6sta i de spanska lokalvalen. Enda kravet \u00e4r att du \u00e4r resident och anm\u00e4ler dig till r\u00f6stl\u00e4ngden.\" \/>\n<meta property=\"og:url\" content=\"https:\/\/lightweb.dev\/l\/svm-temp\/nyheter\/dags-att-anmala-sig-till-rostlangden-infor-lokalval\/\" \/>\n<meta property=\"og:site_name\" content=\"Svenska Magasinet\" \/>\n<meta property=\"article:publisher\" content=\"https:\/\/www.facebook.com\/svenskamagasinet\" \/>\n<meta property=\"article:published_time\" content=\"2022-12-01T12:11:05+00:00\" \/>\n<meta property=\"og:image\" content=\"https:\/\/lightweb.dev\/l\/svm-temp\/wp-content\/uploads\/2022\/12\/high-angle-uncompleted-voting-questionnaire-close-up-stor.jpeg\" \/>\n\t<meta property=\"og:image:width\" content=\"1280\" \/>\n\t<meta property=\"og:image:height\" content=\"960\" \/>\n\t<meta property=\"og:image:type\" content=\"image\/jpeg\" \/>\n<meta name=\"author\" content=\"Ola Josefsson\" \/>\n<meta name=\"twitter:card\" content=\"summary_large_image\" \/>\n<meta name=\"twitter:creator\" content=\"@SvenskaMagasine\" \/>\n<meta name=\"twitter:site\" content=\"@SvenskaMagasine\" \/>\n<script type=\"application\/ld+json\" class=\"yoast-schema-graph\">{\"@context\":\"https:\\\/\\\/schema.org\",\"@graph\":[{\"@type\":\"Article\",\"@id\":\"https:\\\/\\\/lightweb.dev\\\/l\\\/svm-temp\\\/nyheter\\\/dags-att-anmala-sig-till-rostlangden-infor-lokalval\\\/#article\",\"isPartOf\":{\"@id\":\"https:\\\/\\\/lightweb.dev\\\/l\\\/svm-temp\\\/nyheter\\\/dags-att-anmala-sig-till-rostlangden-infor-lokalval\\\/\"},\"author\":{\"name\":\"Ola Josefsson\",\"@id\":\"https:\\\/\\\/lightweb.dev\\\/l\\\/svm-temp\\\/#\\\/schema\\\/person\\\/7a82b8a73d171d32360a564b6d03508e\"},\"headline\":\"Dags att anm\u00e4la sig till r\u00f6stl\u00e4ngden inf\u00f6r lokalval\",\"datePublished\":\"2022-12-01T12:11:05+00:00\",\"mainEntityOfPage\":{\"@id\":\"https:\\\/\\\/lightweb.dev\\\/l\\\/svm-temp\\\/nyheter\\\/dags-att-anmala-sig-till-rostlangden-infor-lokalval\\\/\"},\"wordCount\":335,\"commentCount\":0,\"publisher\":{\"@id\":\"https:\\\/\\\/lightweb.dev\\\/l\\\/svm-temp\\\/#organization\"},\"image\":{\"@id\":\"https:\\\/\\\/lightweb.dev\\\/l\\\/svm-temp\\\/nyheter\\\/dags-att-anmala-sig-till-rostlangden-infor-lokalval\\\/#primaryimage\"},\"thumbnailUrl\":\"https:\\\/\\\/lightweb.dev\\\/l\\\/svm-temp\\\/wp-content\\\/uploads\\\/2022\\\/12\\\/high-angle-uncompleted-voting-questionnaire-close-up-stor.jpeg\",\"articleSection\":[\"Arkiv\",\"Nyheter\"],\"inLanguage\":\"sv-SE\"},{\"@type\":\"WebPage\",\"@id\":\"https:\\\/\\\/lightweb.dev\\\/l\\\/svm-temp\\\/nyheter\\\/dags-att-anmala-sig-till-rostlangden-infor-lokalval\\\/\",\"url\":\"https:\\\/\\\/lightweb.dev\\\/l\\\/svm-temp\\\/nyheter\\\/dags-att-anmala-sig-till-rostlangden-infor-lokalval\\\/\",\"name\":\"Dags att anm\u00e4la sig till r\u00f6stl\u00e4ngden inf\u00f6r lokalval - Svenska Magasinet\",\"isPartOf\":{\"@id\":\"https:\\\/\\\/lightweb.dev\\\/l\\\/svm-temp\\\/#website\"},\"primaryImageOfPage\":{\"@id\":\"https:\\\/\\\/lightweb.dev\\\/l\\\/svm-temp\\\/nyheter\\\/dags-att-anmala-sig-till-rostlangden-infor-lokalval\\\/#primaryimage\"},\"image\":{\"@id\":\"https:\\\/\\\/lightweb.dev\\\/l\\\/svm-temp\\\/nyheter\\\/dags-att-anmala-sig-till-rostlangden-infor-lokalval\\\/#primaryimage\"},\"thumbnailUrl\":\"https:\\\/\\\/lightweb.dev\\\/l\\\/svm-temp\\\/wp-content\\\/uploads\\\/2022\\\/12\\\/high-angle-uncompleted-voting-questionnaire-close-up-stor.jpeg\",\"datePublished\":\"2022-12-01T12:11:05+00:00\",\"description\":\"Den 28 maj \u00e4r det kommunalval i Spanien. Som unionsmedborgare har svenskar r\u00e4tt till att r\u00f6sta i de spanska lokalvalen. Enda kravet \u00e4r att du \u00e4r resident och anm\u00e4ler dig till r\u00f6stl\u00e4ngden.\",\"breadcrumb\":{\"@id\":\"https:\\\/\\\/lightweb.dev\\\/l\\\/svm-temp\\\/nyheter\\\/dags-att-anmala-sig-till-rostlangden-infor-lokalval\\\/#breadcrumb\"},\"inLanguage\":\"sv-SE\",\"potentialAction\":[{\"@type\":\"ReadAction\",\"target\":[\"https:\\\/\\\/lightweb.dev\\\/l\\\/svm-temp\\\/nyheter\\\/dags-att-anmala-sig-till-rostlangden-infor-lokalval\\\/\"]}]},{\"@type\":\"ImageObject\",\"inLanguage\":\"sv-SE\",\"@id\":\"https:\\\/\\\/lightweb.dev\\\/l\\\/svm-temp\\\/nyheter\\\/dags-att-anmala-sig-till-rostlangden-infor-lokalval\\\/#primaryimage\",\"url\":\"https:\\\/\\\/lightweb.dev\\\/l\\\/svm-temp\\\/wp-content\\\/uploads\\\/2022\\\/12\\\/high-angle-uncompleted-voting-questionnaire-close-up-stor.jpeg\",\"contentUrl\":\"https:\\\/\\\/lightweb.dev\\\/l\\\/svm-temp\\\/wp-content\\\/uploads\\\/2022\\\/12\\\/high-angle-uncompleted-voting-questionnaire-close-up-stor.jpeg\",\"width\":1280,\"height\":960,\"caption\":\"(Foto: Freepik.com)\"},{\"@type\":\"BreadcrumbList\",\"@id\":\"https:\\\/\\\/lightweb.dev\\\/l\\\/svm-temp\\\/nyheter\\\/dags-att-anmala-sig-till-rostlangden-infor-lokalval\\\/#breadcrumb\",\"itemListElement\":[{\"@type\":\"ListItem\",\"position\":1,\"name\":\"Hem\",\"item\":\"https:\\\/\\\/lightweb.dev\\\/l\\\/svm-temp\\\/\"},{\"@type\":\"ListItem\",\"position\":2,\"name\":\"Dags att anm\u00e4la sig till r\u00f6stl\u00e4ngden inf\u00f6r lokalval\"}]},{\"@type\":\"WebSite\",\"@id\":\"https:\\\/\\\/lightweb.dev\\\/l\\\/svm-temp\\\/#website\",\"url\":\"https:\\\/\\\/lightweb.dev\\\/l\\\/svm-temp\\\/\",\"name\":\"Svenska Magasinet\",\"description\":\"Dina Spanska nyheter p&aring; Svenska\",\"publisher\":{\"@id\":\"https:\\\/\\\/lightweb.dev\\\/l\\\/svm-temp\\\/#organization\"},\"potentialAction\":[{\"@type\":\"SearchAction\",\"target\":{\"@type\":\"EntryPoint\",\"urlTemplate\":\"https:\\\/\\\/lightweb.dev\\\/l\\\/svm-temp\\\/?s={search_term_string}\"},\"query-input\":{\"@type\":\"PropertyValueSpecification\",\"valueRequired\":true,\"valueName\":\"search_term_string\"}}],\"inLanguage\":\"sv-SE\"},{\"@type\":\"Organization\",\"@id\":\"https:\\\/\\\/lightweb.dev\\\/l\\\/svm-temp\\\/#organization\",\"name\":\"Melkerson y Nott SL\",\"alternateName\":\"Svenska Magasinet\",\"url\":\"https:\\\/\\\/lightweb.dev\\\/l\\\/svm-temp\\\/\",\"logo\":{\"@type\":\"ImageObject\",\"inLanguage\":\"sv-SE\",\"@id\":\"https:\\\/\\\/lightweb.dev\\\/l\\\/svm-temp\\\/#\\\/schema\\\/logo\\\/image\\\/\",\"url\":\"https:\\\/\\\/lightweb.dev\\\/l\\\/svm-temp\\\/wp-content\\\/uploads\\\/2025\\\/02\\\/SvM-logo-Xtra-Centrerad-SVART.png\",\"contentUrl\":\"https:\\\/\\\/lightweb.dev\\\/l\\\/svm-temp\\\/wp-content\\\/uploads\\\/2025\\\/02\\\/SvM-logo-Xtra-Centrerad-SVART.png\",\"width\":300,\"height\":99,\"caption\":\"Melkerson y Nott SL\"},\"image\":{\"@id\":\"https:\\\/\\\/lightweb.dev\\\/l\\\/svm-temp\\\/#\\\/schema\\\/logo\\\/image\\\/\"},\"sameAs\":[\"https:\\\/\\\/www.facebook.com\\\/svenskamagasinet\",\"https:\\\/\\\/x.com\\\/SvenskaMagasine\"]},{\"@type\":\"Person\",\"@id\":\"https:\\\/\\\/lightweb.dev\\\/l\\\/svm-temp\\\/#\\\/schema\\\/person\\\/7a82b8a73d171d32360a564b6d03508e\",\"name\":\"Ola Josefsson\",\"description\":\"Bevakar Solkusten och Spanien sedan 1994.\",\"sameAs\":[\"https:\\\/\\\/lightweb.dev\\\/l\\\/svm-temp\"],\"url\":\"https:\\\/\\\/lightweb.dev\\\/l\\\/svm-temp\\\/reporter\\\/ola-josefsson\\\/\"}]}<\/script>\n<!-- \/ Yoast SEO Premium plugin. -->","yoast_head_json":{"title":"Dags att anm\u00e4la sig till r\u00f6stl\u00e4ngden inf\u00f6r lokalval - Svenska Magasinet","description":"Den 28 maj \u00e4r det kommunalval i Spanien. Som unionsmedborgare har svenskar r\u00e4tt till att r\u00f6sta i de spanska lokalvalen. Enda kravet \u00e4r att du \u00e4r resident och anm\u00e4ler dig till r\u00f6stl\u00e4ngden.","robots":{"index":"noindex","follow":"follow","max-snippet":"max-snippet:-1","max-image-preview":"max-image-preview:large","max-video-preview":"max-video-preview:-1"},"og_locale":"sv_SE","og_type":"article","og_title":"Dags att anm\u00e4la sig till r\u00f6stl\u00e4ngden inf\u00f6r lokalval","og_description":"Den 28 maj \u00e4r det kommunalval i Spanien. Som unionsmedborgare har svenskar r\u00e4tt till att r\u00f6sta i de spanska lokalvalen. Enda kravet \u00e4r att du \u00e4r resident och anm\u00e4ler dig till r\u00f6stl\u00e4ngden.","og_url":"https:\/\/lightweb.dev\/l\/svm-temp\/nyheter\/dags-att-anmala-sig-till-rostlangden-infor-lokalval\/","og_site_name":"Svenska Magasinet","article_publisher":"https:\/\/www.facebook.com\/svenskamagasinet","article_published_time":"2022-12-01T12:11:05+00:00","og_image":[{"width":1280,"height":960,"url":"https:\/\/lightweb.dev\/l\/svm-temp\/wp-content\/uploads\/2022\/12\/high-angle-uncompleted-voting-questionnaire-close-up-stor.jpeg","type":"image\/jpeg"}],"author":"Ola Josefsson","twitter_card":"summary_large_image","twitter_creator":"@SvenskaMagasine","twitter_site":"@SvenskaMagasine","schema":{"@context":"https:\/\/schema.org","@graph":[{"@type":"Article","@id":"https:\/\/lightweb.dev\/l\/svm-temp\/nyheter\/dags-att-anmala-sig-till-rostlangden-infor-lokalval\/#article","isPartOf":{"@id":"https:\/\/lightweb.dev\/l\/svm-temp\/nyheter\/dags-att-anmala-sig-till-rostlangden-infor-lokalval\/"},"author":{"name":"Ola Josefsson","@id":"https:\/\/lightweb.dev\/l\/svm-temp\/#\/schema\/person\/7a82b8a73d171d32360a564b6d03508e"},"headline":"Dags att anm\u00e4la sig till r\u00f6stl\u00e4ngden inf\u00f6r lokalval","datePublished":"2022-12-01T12:11:05+00:00","mainEntityOfPage":{"@id":"https:\/\/lightweb.dev\/l\/svm-temp\/nyheter\/dags-att-anmala-sig-till-rostlangden-infor-lokalval\/"},"wordCount":335,"commentCount":0,"publisher":{"@id":"https:\/\/lightweb.dev\/l\/svm-temp\/#organization"},"image":{"@id":"https:\/\/lightweb.dev\/l\/svm-temp\/nyheter\/dags-att-anmala-sig-till-rostlangden-infor-lokalval\/#primaryimage"},"thumbnailUrl":"https:\/\/lightweb.dev\/l\/svm-temp\/wp-content\/uploads\/2022\/12\/high-angle-uncompleted-voting-questionnaire-close-up-stor.jpeg","articleSection":["Arkiv","Nyheter"],"inLanguage":"sv-SE"},{"@type":"WebPage","@id":"https:\/\/lightweb.dev\/l\/svm-temp\/nyheter\/dags-att-anmala-sig-till-rostlangden-infor-lokalval\/","url":"https:\/\/lightweb.dev\/l\/svm-temp\/nyheter\/dags-att-anmala-sig-till-rostlangden-infor-lokalval\/","name":"Dags att anm\u00e4la sig till r\u00f6stl\u00e4ngden inf\u00f6r lokalval - Svenska Magasinet","isPartOf":{"@id":"https:\/\/lightweb.dev\/l\/svm-temp\/#website"},"primaryImageOfPage":{"@id":"https:\/\/lightweb.dev\/l\/svm-temp\/nyheter\/dags-att-anmala-sig-till-rostlangden-infor-lokalval\/#primaryimage"},"image":{"@id":"https:\/\/lightweb.dev\/l\/svm-temp\/nyheter\/dags-att-anmala-sig-till-rostlangden-infor-lokalval\/#primaryimage"},"thumbnailUrl":"https:\/\/lightweb.dev\/l\/svm-temp\/wp-content\/uploads\/2022\/12\/high-angle-uncompleted-voting-questionnaire-close-up-stor.jpeg","datePublished":"2022-12-01T12:11:05+00:00","description":"Den 28 maj \u00e4r det kommunalval i Spanien. Som unionsmedborgare har svenskar r\u00e4tt till att r\u00f6sta i de spanska lokalvalen. Enda kravet \u00e4r att du \u00e4r resident och anm\u00e4ler dig till r\u00f6stl\u00e4ngden.","breadcrumb":{"@id":"https:\/\/lightweb.dev\/l\/svm-temp\/nyheter\/dags-att-anmala-sig-till-rostlangden-infor-lokalval\/#breadcrumb"},"inLanguage":"sv-SE","potentialAction":[{"@type":"ReadAction","target":["https:\/\/lightweb.dev\/l\/svm-temp\/nyheter\/dags-att-anmala-sig-till-rostlangden-infor-lokalval\/"]}]},{"@type":"ImageObject","inLanguage":"sv-SE","@id":"https:\/\/lightweb.dev\/l\/svm-temp\/nyheter\/dags-att-anmala-sig-till-rostlangden-infor-lokalval\/#primaryimage","url":"https:\/\/lightweb.dev\/l\/svm-temp\/wp-content\/uploads\/2022\/12\/high-angle-uncompleted-voting-questionnaire-close-up-stor.jpeg","contentUrl":"https:\/\/lightweb.dev\/l\/svm-temp\/wp-content\/uploads\/2022\/12\/high-angle-uncompleted-voting-questionnaire-close-up-stor.jpeg","width":1280,"height":960,"caption":"(Foto: Freepik.com)"},{"@type":"BreadcrumbList","@id":"https:\/\/lightweb.dev\/l\/svm-temp\/nyheter\/dags-att-anmala-sig-till-rostlangden-infor-lokalval\/#breadcrumb","itemListElement":[{"@type":"ListItem","position":1,"name":"Hem","item":"https:\/\/lightweb.dev\/l\/svm-temp\/"},{"@type":"ListItem","position":2,"name":"Dags att anm\u00e4la sig till r\u00f6stl\u00e4ngden inf\u00f6r lokalval"}]},{"@type":"WebSite","@id":"https:\/\/lightweb.dev\/l\/svm-temp\/#website","url":"https:\/\/lightweb.dev\/l\/svm-temp\/","name":"Svenska Magasinet","description":"Dina Spanska nyheter p&aring; Svenska","publisher":{"@id":"https:\/\/lightweb.dev\/l\/svm-temp\/#organization"},"potentialAction":[{"@type":"SearchAction","target":{"@type":"EntryPoint","urlTemplate":"https:\/\/lightweb.dev\/l\/svm-temp\/?s={search_term_string}"},"query-input":{"@type":"PropertyValueSpecification","valueRequired":true,"valueName":"search_term_string"}}],"inLanguage":"sv-SE"},{"@type":"Organization","@id":"https:\/\/lightweb.dev\/l\/svm-temp\/#organization","name":"Melkerson y Nott SL","alternateName":"Svenska Magasinet","url":"https:\/\/lightweb.dev\/l\/svm-temp\/","logo":{"@type":"ImageObject","inLanguage":"sv-SE","@id":"https:\/\/lightweb.dev\/l\/svm-temp\/#\/schema\/logo\/image\/","url":"https:\/\/lightweb.dev\/l\/svm-temp\/wp-content\/uploads\/2025\/02\/SvM-logo-Xtra-Centrerad-SVART.png","contentUrl":"https:\/\/lightweb.dev\/l\/svm-temp\/wp-content\/uploads\/2025\/02\/SvM-logo-Xtra-Centrerad-SVART.png","width":300,"height":99,"caption":"Melkerson y Nott SL"},"image":{"@id":"https:\/\/lightweb.dev\/l\/svm-temp\/#\/schema\/logo\/image\/"},"sameAs":["https:\/\/www.facebook.com\/svenskamagasinet","https:\/\/x.com\/SvenskaMagasine"]},{"@type":"Person","@id":"https:\/\/lightweb.dev\/l\/svm-temp\/#\/schema\/person\/7a82b8a73d171d32360a564b6d03508e","name":"Ola Josefsson","description":"Bevakar Solkusten och Spanien sedan 1994.","sameAs":["https:\/\/lightweb.dev\/l\/svm-temp"],"url":"https:\/\/lightweb.dev\/l\/svm-temp\/reporter\/ola-josefsson\/"}]}},"_links":{"self":[{"href":"https:\/\/lightweb.dev\/l\/svm-temp\/wp-json\/wp\/v2\/posts\/59834","targetHints":{"allow":["GET"]}}],"collection":[{"href":"https:\/\/lightweb.dev\/l\/svm-temp\/wp-json\/wp\/v2\/posts"}],"about":[{"href":"https:\/\/lightweb.dev\/l\/svm-temp\/wp-json\/wp\/v2\/types\/post"}],"author":[{"embeddable":true,"href":"https:\/\/lightweb.dev\/l\/svm-temp\/wp-json\/wp\/v2\/users\/7"}],"replies":[{"embeddable":true,"href":"https:\/\/lightweb.dev\/l\/svm-temp\/wp-json\/wp\/v2\/comments?post=59834"}],"version-history":[{"count":0,"href":"https:\/\/lightweb.dev\/l\/svm-temp\/wp-json\/wp\/v2\/posts\/59834\/revisions"}],"wp:featuredmedia":[{"embeddable":true,"href":"https:\/\/lightweb.dev\/l\/svm-temp\/wp-json\/wp\/v2\/media\/59836"}],"wp:attachment":[{"href":"https:\/\/lightweb.dev\/l\/svm-temp\/wp-json\/wp\/v2\/media?parent=59834"}],"wp:term":[{"taxonomy":"category","embeddable":true,"href":"https:\/\/lightweb.dev\/l\/svm-temp\/wp-json\/wp\/v2\/categories?post=59834"},{"taxonomy":"post_tag","embeddable":true,"href":"https:\/\/lightweb.dev\/l\/svm-temp\/wp-json\/wp\/v2\/tags?post=59834"}],"curies":[{"name":"wp","href":"https:\/\/api.w.org\/{rel}","templated":true}]}}