{"id":59839,"date":"2022-12-01T15:45:24","date_gmt":"2022-12-01T14:45:24","guid":{"rendered":"https:\/\/lightweb.dev\/l\/svm-temp\/?p=59839"},"modified":"2022-12-01T18:19:43","modified_gmt":"2022-12-01T17:19:43","slug":"minst-sex-brevbomber-upptackta-i-madrid","status":"publish","type":"post","link":"https:\/\/lightweb.dev\/l\/svm-temp\/nyheter\/minst-sex-brevbomber-upptackta-i-madrid\/","title":{"rendered":"Minst sex brevbomber uppt\u00e4ckta i Madrid"},"content":{"rendered":"<p><strong>Spanien h\u00f6jer sin s\u00e4kerhet efter att minst sex brevbomber har uppt\u00e4ckts. Ett brev inneh\u00e5llande \u201dsplitter\u201d och som bed\u00f6ms som farligt p\u00e5tr\u00e4ffades vid regeringskansliet La Moncloa f\u00f6r en vecka sedan. Brevet var skickat med vanlig post och adresserat till regeringschefen Pedro S\u00e1nchez, bekr\u00e4ftar k\u00e4llor vid Inrikesdepartementet.<\/strong><\/p>\n<p>Enligt k\u00e4llor till dagstidningen ABC r\u00f6r det sig om minst sex brev. Breven var adresserade till USA:s ambassad i Madrid, tv\u00e5 till Ukrainas ambassad varav ett till ambassad\u00f6ren Serhii Pohoreltsev. Ett uppt\u00e4ckt brev var till ett f\u00f6retag som tillverkar vapen i Zaragoza och ytterligare tv\u00e5 som uppt\u00e4cktes p\u00e5 torsdagen var adresserade till flygbasen Torrej\u00f3n de Ardoz och F\u00f6rsvarsdepartementet p\u00e5 Paseo de la Castellana 49.<\/p>\n<p>\u201dI v\u00e4ntan p\u00e5 de definitiva provresultaten av de analyser som gjorts tros breven inneh\u00e5lla ett \u00e4mne som liknar det som anv\u00e4nds i pyrotekniska anordningar\u201d, enligt myndighetsk\u00e4llor som <a href=\"https:\/\/www.abc.es\/espana\/detectado-nuevo-paquete-sospechoso-base-torrejon-ardoz-20221201091437-nt.html\">ABC<\/a> h\u00e4nvisar till.<\/p>\n<p>Spanien befinner sig sedan tidigare p\u00e5 niv\u00e5 4 i antiterroristberedskapsplanen. Efter de senaste breven som skickats med vanlig post till flera myndigheter har viss beredskap h\u00f6jts.<\/p>\n<p>Breven utreds som m\u00f6jliga terrorbrott.<\/p>\n<p>En anst\u00e4lld vid Ukrainas ambassad p\u00e5 calle Ronda Abubilla 52 i stadsdelen Hortaleza i Madrid \u00e5drog sig lindrigare skador p\u00e5 h\u00f6ger hand n\u00e4r denne \u00f6ppnade brevet som exploderade.<\/p>\n<p>Spansk polis misst\u00e4nker att ytterligare brevbomber \u00e4r i omlopp riktade mot ukrainska m\u00e5l eller myndigheter som st\u00f6der Ukraina.<\/p>\n","protected":false},"excerpt":{"rendered":"<p>Spanien h\u00f6jer sin s\u00e4kerhet efter att minst sex brevbomber har uppt\u00e4ckts. Ett brev inneh\u00e5llande \u201dsplitter\u201d och som bed\u00f6ms som farligt p\u00e5tr\u00e4ffades vid regeringskansliet La Moncloa f\u00f6r en vecka sedan. Brevet var skickat med vanlig post och adresserat till regeringschefen Pedro S\u00e1nchez, bekr\u00e4ftar k\u00e4llor vid Inrikesdepartementet. Enligt k\u00e4llor till dagstidningen ABC r\u00f6r det sig om minst [&hellip;]<\/p>\n","protected":false},"author":7,"featured_media":59841,"comment_status":"open","ping_status":"closed","sticky":false,"template":"","format":"standard","meta":{"_et_pb_use_builder":"","_et_pb_old_content":"","_et_gb_content_width":"","footnotes":""},"categories":[395,3],"tags":[],"class_list":["post-59839","post","type-post","status-publish","format-standard","has-post-thumbnail","hentry","category-arkiv-nyheter","category-nyheter"],"yoast_head":"<!-- This site is optimized with the Yoast SEO Premium plugin v26.2 (Yoast SEO v27.4) - https:\/\/yoast.com\/product\/yoast-seo-premium-wordpress\/ -->\n<title>Minst sex brevbomber uppt\u00e4ckta i Madrid - Svenska Magasinet<\/title>\n<meta name=\"description\" content=\"Spanien h\u00f6jer sin s\u00e4kerhet efter att minst sex brevbomber har uppt\u00e4ckts. Ett brev inneh\u00e5llande \u201dsplitter\u201d och som bed\u00f6ms vara varligt p\u00e5tr\u00e4ffades vid regeringskansliet La Moncloa f\u00f6r en vecka sedan. Brevet var skickat med vanlig post och adresserat till regeringschefen Pedro S\u00e1nchez, bekr\u00e4ftar k\u00e4llor vid Inrikesdepartementet.\" \/>\n<meta name=\"robots\" content=\"noindex, follow, max-snippet:-1, max-image-preview:large, max-video-preview:-1\" \/>\n<meta property=\"og:locale\" content=\"sv_SE\" \/>\n<meta property=\"og:type\" content=\"article\" \/>\n<meta property=\"og:title\" content=\"Minst sex brevbomber uppt\u00e4ckta i Madrid\" \/>\n<meta property=\"og:description\" content=\"Spanien h\u00f6jer sin s\u00e4kerhet efter att minst sex brevbomber har uppt\u00e4ckts. Ett brev inneh\u00e5llande \u201dsplitter\u201d och som bed\u00f6ms vara varligt p\u00e5tr\u00e4ffades vid regeringskansliet La Moncloa f\u00f6r en vecka sedan. Brevet var skickat med vanlig post och adresserat till regeringschefen Pedro S\u00e1nchez, bekr\u00e4ftar k\u00e4llor vid Inrikesdepartementet.\" \/>\n<meta property=\"og:url\" content=\"https:\/\/lightweb.dev\/l\/svm-temp\/nyheter\/minst-sex-brevbomber-upptackta-i-madrid\/\" \/>\n<meta property=\"og:site_name\" content=\"Svenska Magasinet\" \/>\n<meta property=\"article:publisher\" content=\"https:\/\/www.facebook.com\/svenskamagasinet\" \/>\n<meta property=\"article:published_time\" content=\"2022-12-01T14:45:24+00:00\" \/>\n<meta property=\"article:modified_time\" content=\"2022-12-01T17:19:43+00:00\" \/>\n<meta property=\"og:image\" content=\"https:\/\/lightweb.dev\/l\/svm-temp\/wp-content\/uploads\/2022\/12\/DSC_3068-stor.jpeg\" \/>\n\t<meta property=\"og:image:width\" content=\"1280\" \/>\n\t<meta property=\"og:image:height\" content=\"857\" \/>\n\t<meta property=\"og:image:type\" content=\"image\/jpeg\" \/>\n<meta name=\"author\" content=\"Ola Josefsson\" \/>\n<meta name=\"twitter:card\" content=\"summary_large_image\" \/>\n<meta name=\"twitter:creator\" content=\"@SvenskaMagasine\" \/>\n<meta name=\"twitter:site\" content=\"@SvenskaMagasine\" \/>\n<script type=\"application\/ld+json\" class=\"yoast-schema-graph\">{\"@context\":\"https:\\\/\\\/schema.org\",\"@graph\":[{\"@type\":\"Article\",\"@id\":\"https:\\\/\\\/lightweb.dev\\\/l\\\/svm-temp\\\/nyheter\\\/minst-sex-brevbomber-upptackta-i-madrid\\\/#article\",\"isPartOf\":{\"@id\":\"https:\\\/\\\/lightweb.dev\\\/l\\\/svm-temp\\\/nyheter\\\/minst-sex-brevbomber-upptackta-i-madrid\\\/\"},\"author\":{\"name\":\"Ola Josefsson\",\"@id\":\"https:\\\/\\\/lightweb.dev\\\/l\\\/svm-temp\\\/#\\\/schema\\\/person\\\/7a82b8a73d171d32360a564b6d03508e\"},\"headline\":\"Minst sex brevbomber uppt\u00e4ckta i Madrid\",\"datePublished\":\"2022-12-01T14:45:24+00:00\",\"dateModified\":\"2022-12-01T17:19:43+00:00\",\"mainEntityOfPage\":{\"@id\":\"https:\\\/\\\/lightweb.dev\\\/l\\\/svm-temp\\\/nyheter\\\/minst-sex-brevbomber-upptackta-i-madrid\\\/\"},\"wordCount\":253,\"commentCount\":1,\"publisher\":{\"@id\":\"https:\\\/\\\/lightweb.dev\\\/l\\\/svm-temp\\\/#organization\"},\"image\":{\"@id\":\"https:\\\/\\\/lightweb.dev\\\/l\\\/svm-temp\\\/nyheter\\\/minst-sex-brevbomber-upptackta-i-madrid\\\/#primaryimage\"},\"thumbnailUrl\":\"https:\\\/\\\/lightweb.dev\\\/l\\\/svm-temp\\\/wp-content\\\/uploads\\\/2022\\\/12\\\/DSC_3068-stor.jpeg\",\"articleSection\":[\"Arkiv\",\"Nyheter\"],\"inLanguage\":\"sv-SE\"},{\"@type\":\"WebPage\",\"@id\":\"https:\\\/\\\/lightweb.dev\\\/l\\\/svm-temp\\\/nyheter\\\/minst-sex-brevbomber-upptackta-i-madrid\\\/\",\"url\":\"https:\\\/\\\/lightweb.dev\\\/l\\\/svm-temp\\\/nyheter\\\/minst-sex-brevbomber-upptackta-i-madrid\\\/\",\"name\":\"Minst sex brevbomber uppt\u00e4ckta i Madrid - Svenska Magasinet\",\"isPartOf\":{\"@id\":\"https:\\\/\\\/lightweb.dev\\\/l\\\/svm-temp\\\/#website\"},\"primaryImageOfPage\":{\"@id\":\"https:\\\/\\\/lightweb.dev\\\/l\\\/svm-temp\\\/nyheter\\\/minst-sex-brevbomber-upptackta-i-madrid\\\/#primaryimage\"},\"image\":{\"@id\":\"https:\\\/\\\/lightweb.dev\\\/l\\\/svm-temp\\\/nyheter\\\/minst-sex-brevbomber-upptackta-i-madrid\\\/#primaryimage\"},\"thumbnailUrl\":\"https:\\\/\\\/lightweb.dev\\\/l\\\/svm-temp\\\/wp-content\\\/uploads\\\/2022\\\/12\\\/DSC_3068-stor.jpeg\",\"datePublished\":\"2022-12-01T14:45:24+00:00\",\"dateModified\":\"2022-12-01T17:19:43+00:00\",\"description\":\"Spanien h\u00f6jer sin s\u00e4kerhet efter att minst sex brevbomber har uppt\u00e4ckts. Ett brev inneh\u00e5llande \u201dsplitter\u201d och som bed\u00f6ms vara varligt p\u00e5tr\u00e4ffades vid regeringskansliet La Moncloa f\u00f6r en vecka sedan. Brevet var skickat med vanlig post och adresserat till regeringschefen Pedro S\u00e1nchez, bekr\u00e4ftar k\u00e4llor vid Inrikesdepartementet.\",\"breadcrumb\":{\"@id\":\"https:\\\/\\\/lightweb.dev\\\/l\\\/svm-temp\\\/nyheter\\\/minst-sex-brevbomber-upptackta-i-madrid\\\/#breadcrumb\"},\"inLanguage\":\"sv-SE\",\"potentialAction\":[{\"@type\":\"ReadAction\",\"target\":[\"https:\\\/\\\/lightweb.dev\\\/l\\\/svm-temp\\\/nyheter\\\/minst-sex-brevbomber-upptackta-i-madrid\\\/\"]}]},{\"@type\":\"ImageObject\",\"inLanguage\":\"sv-SE\",\"@id\":\"https:\\\/\\\/lightweb.dev\\\/l\\\/svm-temp\\\/nyheter\\\/minst-sex-brevbomber-upptackta-i-madrid\\\/#primaryimage\",\"url\":\"https:\\\/\\\/lightweb.dev\\\/l\\\/svm-temp\\\/wp-content\\\/uploads\\\/2022\\\/12\\\/DSC_3068-stor.jpeg\",\"contentUrl\":\"https:\\\/\\\/lightweb.dev\\\/l\\\/svm-temp\\\/wp-content\\\/uploads\\\/2022\\\/12\\\/DSC_3068-stor.jpeg\",\"width\":1280,\"height\":857,\"caption\":\"Minst sex brevbomber som postats med vanlig post har p\u00e5tr\u00e4ffats i Madrid. P\u00e5 bilden till v\u00e4nster syns det spanska parlamentet. D\u00e4r har hittills inget misst\u00e4nkt brev p\u00e5tr\u00e4ffats.\"},{\"@type\":\"BreadcrumbList\",\"@id\":\"https:\\\/\\\/lightweb.dev\\\/l\\\/svm-temp\\\/nyheter\\\/minst-sex-brevbomber-upptackta-i-madrid\\\/#breadcrumb\",\"itemListElement\":[{\"@type\":\"ListItem\",\"position\":1,\"name\":\"Hem\",\"item\":\"https:\\\/\\\/lightweb.dev\\\/l\\\/svm-temp\\\/\"},{\"@type\":\"ListItem\",\"position\":2,\"name\":\"Minst sex brevbomber uppt\u00e4ckta i Madrid\"}]},{\"@type\":\"WebSite\",\"@id\":\"https:\\\/\\\/lightweb.dev\\\/l\\\/svm-temp\\\/#website\",\"url\":\"https:\\\/\\\/lightweb.dev\\\/l\\\/svm-temp\\\/\",\"name\":\"Svenska Magasinet\",\"description\":\"Dina Spanska nyheter p&aring; Svenska\",\"publisher\":{\"@id\":\"https:\\\/\\\/lightweb.dev\\\/l\\\/svm-temp\\\/#organization\"},\"potentialAction\":[{\"@type\":\"SearchAction\",\"target\":{\"@type\":\"EntryPoint\",\"urlTemplate\":\"https:\\\/\\\/lightweb.dev\\\/l\\\/svm-temp\\\/?s={search_term_string}\"},\"query-input\":{\"@type\":\"PropertyValueSpecification\",\"valueRequired\":true,\"valueName\":\"search_term_string\"}}],\"inLanguage\":\"sv-SE\"},{\"@type\":\"Organization\",\"@id\":\"https:\\\/\\\/lightweb.dev\\\/l\\\/svm-temp\\\/#organization\",\"name\":\"Melkerson y Nott SL\",\"alternateName\":\"Svenska Magasinet\",\"url\":\"https:\\\/\\\/lightweb.dev\\\/l\\\/svm-temp\\\/\",\"logo\":{\"@type\":\"ImageObject\",\"inLanguage\":\"sv-SE\",\"@id\":\"https:\\\/\\\/lightweb.dev\\\/l\\\/svm-temp\\\/#\\\/schema\\\/logo\\\/image\\\/\",\"url\":\"https:\\\/\\\/lightweb.dev\\\/l\\\/svm-temp\\\/wp-content\\\/uploads\\\/2025\\\/02\\\/SvM-logo-Xtra-Centrerad-SVART.png\",\"contentUrl\":\"https:\\\/\\\/lightweb.dev\\\/l\\\/svm-temp\\\/wp-content\\\/uploads\\\/2025\\\/02\\\/SvM-logo-Xtra-Centrerad-SVART.png\",\"width\":300,\"height\":99,\"caption\":\"Melkerson y Nott SL\"},\"image\":{\"@id\":\"https:\\\/\\\/lightweb.dev\\\/l\\\/svm-temp\\\/#\\\/schema\\\/logo\\\/image\\\/\"},\"sameAs\":[\"https:\\\/\\\/www.facebook.com\\\/svenskamagasinet\",\"https:\\\/\\\/x.com\\\/SvenskaMagasine\"]},{\"@type\":\"Person\",\"@id\":\"https:\\\/\\\/lightweb.dev\\\/l\\\/svm-temp\\\/#\\\/schema\\\/person\\\/7a82b8a73d171d32360a564b6d03508e\",\"name\":\"Ola Josefsson\",\"description\":\"Bevakar Solkusten och Spanien sedan 1994.\",\"sameAs\":[\"https:\\\/\\\/lightweb.dev\\\/l\\\/svm-temp\"],\"url\":\"https:\\\/\\\/lightweb.dev\\\/l\\\/svm-temp\\\/reporter\\\/ola-josefsson\\\/\"}]}<\/script>\n<!-- \/ Yoast SEO Premium plugin. -->","yoast_head_json":{"title":"Minst sex brevbomber uppt\u00e4ckta i Madrid - Svenska Magasinet","description":"Spanien h\u00f6jer sin s\u00e4kerhet efter att minst sex brevbomber har uppt\u00e4ckts. Ett brev inneh\u00e5llande \u201dsplitter\u201d och som bed\u00f6ms vara varligt p\u00e5tr\u00e4ffades vid regeringskansliet La Moncloa f\u00f6r en vecka sedan. Brevet var skickat med vanlig post och adresserat till regeringschefen Pedro S\u00e1nchez, bekr\u00e4ftar k\u00e4llor vid Inrikesdepartementet.","robots":{"index":"noindex","follow":"follow","max-snippet":"max-snippet:-1","max-image-preview":"max-image-preview:large","max-video-preview":"max-video-preview:-1"},"og_locale":"sv_SE","og_type":"article","og_title":"Minst sex brevbomber uppt\u00e4ckta i Madrid","og_description":"Spanien h\u00f6jer sin s\u00e4kerhet efter att minst sex brevbomber har uppt\u00e4ckts. Ett brev inneh\u00e5llande \u201dsplitter\u201d och som bed\u00f6ms vara varligt p\u00e5tr\u00e4ffades vid regeringskansliet La Moncloa f\u00f6r en vecka sedan. Brevet var skickat med vanlig post och adresserat till regeringschefen Pedro S\u00e1nchez, bekr\u00e4ftar k\u00e4llor vid Inrikesdepartementet.","og_url":"https:\/\/lightweb.dev\/l\/svm-temp\/nyheter\/minst-sex-brevbomber-upptackta-i-madrid\/","og_site_name":"Svenska Magasinet","article_publisher":"https:\/\/www.facebook.com\/svenskamagasinet","article_published_time":"2022-12-01T14:45:24+00:00","article_modified_time":"2022-12-01T17:19:43+00:00","og_image":[{"width":1280,"height":857,"url":"https:\/\/lightweb.dev\/l\/svm-temp\/wp-content\/uploads\/2022\/12\/DSC_3068-stor.jpeg","type":"image\/jpeg"}],"author":"Ola Josefsson","twitter_card":"summary_large_image","twitter_creator":"@SvenskaMagasine","twitter_site":"@SvenskaMagasine","schema":{"@context":"https:\/\/schema.org","@graph":[{"@type":"Article","@id":"https:\/\/lightweb.dev\/l\/svm-temp\/nyheter\/minst-sex-brevbomber-upptackta-i-madrid\/#article","isPartOf":{"@id":"https:\/\/lightweb.dev\/l\/svm-temp\/nyheter\/minst-sex-brevbomber-upptackta-i-madrid\/"},"author":{"name":"Ola Josefsson","@id":"https:\/\/lightweb.dev\/l\/svm-temp\/#\/schema\/person\/7a82b8a73d171d32360a564b6d03508e"},"headline":"Minst sex brevbomber uppt\u00e4ckta i Madrid","datePublished":"2022-12-01T14:45:24+00:00","dateModified":"2022-12-01T17:19:43+00:00","mainEntityOfPage":{"@id":"https:\/\/lightweb.dev\/l\/svm-temp\/nyheter\/minst-sex-brevbomber-upptackta-i-madrid\/"},"wordCount":253,"commentCount":1,"publisher":{"@id":"https:\/\/lightweb.dev\/l\/svm-temp\/#organization"},"image":{"@id":"https:\/\/lightweb.dev\/l\/svm-temp\/nyheter\/minst-sex-brevbomber-upptackta-i-madrid\/#primaryimage"},"thumbnailUrl":"https:\/\/lightweb.dev\/l\/svm-temp\/wp-content\/uploads\/2022\/12\/DSC_3068-stor.jpeg","articleSection":["Arkiv","Nyheter"],"inLanguage":"sv-SE"},{"@type":"WebPage","@id":"https:\/\/lightweb.dev\/l\/svm-temp\/nyheter\/minst-sex-brevbomber-upptackta-i-madrid\/","url":"https:\/\/lightweb.dev\/l\/svm-temp\/nyheter\/minst-sex-brevbomber-upptackta-i-madrid\/","name":"Minst sex brevbomber uppt\u00e4ckta i Madrid - Svenska Magasinet","isPartOf":{"@id":"https:\/\/lightweb.dev\/l\/svm-temp\/#website"},"primaryImageOfPage":{"@id":"https:\/\/lightweb.dev\/l\/svm-temp\/nyheter\/minst-sex-brevbomber-upptackta-i-madrid\/#primaryimage"},"image":{"@id":"https:\/\/lightweb.dev\/l\/svm-temp\/nyheter\/minst-sex-brevbomber-upptackta-i-madrid\/#primaryimage"},"thumbnailUrl":"https:\/\/lightweb.dev\/l\/svm-temp\/wp-content\/uploads\/2022\/12\/DSC_3068-stor.jpeg","datePublished":"2022-12-01T14:45:24+00:00","dateModified":"2022-12-01T17:19:43+00:00","description":"Spanien h\u00f6jer sin s\u00e4kerhet efter att minst sex brevbomber har uppt\u00e4ckts. Ett brev inneh\u00e5llande \u201dsplitter\u201d och som bed\u00f6ms vara varligt p\u00e5tr\u00e4ffades vid regeringskansliet La Moncloa f\u00f6r en vecka sedan. Brevet var skickat med vanlig post och adresserat till regeringschefen Pedro S\u00e1nchez, bekr\u00e4ftar k\u00e4llor vid Inrikesdepartementet.","breadcrumb":{"@id":"https:\/\/lightweb.dev\/l\/svm-temp\/nyheter\/minst-sex-brevbomber-upptackta-i-madrid\/#breadcrumb"},"inLanguage":"sv-SE","potentialAction":[{"@type":"ReadAction","target":["https:\/\/lightweb.dev\/l\/svm-temp\/nyheter\/minst-sex-brevbomber-upptackta-i-madrid\/"]}]},{"@type":"ImageObject","inLanguage":"sv-SE","@id":"https:\/\/lightweb.dev\/l\/svm-temp\/nyheter\/minst-sex-brevbomber-upptackta-i-madrid\/#primaryimage","url":"https:\/\/lightweb.dev\/l\/svm-temp\/wp-content\/uploads\/2022\/12\/DSC_3068-stor.jpeg","contentUrl":"https:\/\/lightweb.dev\/l\/svm-temp\/wp-content\/uploads\/2022\/12\/DSC_3068-stor.jpeg","width":1280,"height":857,"caption":"Minst sex brevbomber som postats med vanlig post har p\u00e5tr\u00e4ffats i Madrid. P\u00e5 bilden till v\u00e4nster syns det spanska parlamentet. D\u00e4r har hittills inget misst\u00e4nkt brev p\u00e5tr\u00e4ffats."},{"@type":"BreadcrumbList","@id":"https:\/\/lightweb.dev\/l\/svm-temp\/nyheter\/minst-sex-brevbomber-upptackta-i-madrid\/#breadcrumb","itemListElement":[{"@type":"ListItem","position":1,"name":"Hem","item":"https:\/\/lightweb.dev\/l\/svm-temp\/"},{"@type":"ListItem","position":2,"name":"Minst sex brevbomber uppt\u00e4ckta i Madrid"}]},{"@type":"WebSite","@id":"https:\/\/lightweb.dev\/l\/svm-temp\/#website","url":"https:\/\/lightweb.dev\/l\/svm-temp\/","name":"Svenska Magasinet","description":"Dina Spanska nyheter p&aring; Svenska","publisher":{"@id":"https:\/\/lightweb.dev\/l\/svm-temp\/#organization"},"potentialAction":[{"@type":"SearchAction","target":{"@type":"EntryPoint","urlTemplate":"https:\/\/lightweb.dev\/l\/svm-temp\/?s={search_term_string}"},"query-input":{"@type":"PropertyValueSpecification","valueRequired":true,"valueName":"search_term_string"}}],"inLanguage":"sv-SE"},{"@type":"Organization","@id":"https:\/\/lightweb.dev\/l\/svm-temp\/#organization","name":"Melkerson y Nott SL","alternateName":"Svenska Magasinet","url":"https:\/\/lightweb.dev\/l\/svm-temp\/","logo":{"@type":"ImageObject","inLanguage":"sv-SE","@id":"https:\/\/lightweb.dev\/l\/svm-temp\/#\/schema\/logo\/image\/","url":"https:\/\/lightweb.dev\/l\/svm-temp\/wp-content\/uploads\/2025\/02\/SvM-logo-Xtra-Centrerad-SVART.png","contentUrl":"https:\/\/lightweb.dev\/l\/svm-temp\/wp-content\/uploads\/2025\/02\/SvM-logo-Xtra-Centrerad-SVART.png","width":300,"height":99,"caption":"Melkerson y Nott SL"},"image":{"@id":"https:\/\/lightweb.dev\/l\/svm-temp\/#\/schema\/logo\/image\/"},"sameAs":["https:\/\/www.facebook.com\/svenskamagasinet","https:\/\/x.com\/SvenskaMagasine"]},{"@type":"Person","@id":"https:\/\/lightweb.dev\/l\/svm-temp\/#\/schema\/person\/7a82b8a73d171d32360a564b6d03508e","name":"Ola Josefsson","description":"Bevakar Solkusten och Spanien sedan 1994.","sameAs":["https:\/\/lightweb.dev\/l\/svm-temp"],"url":"https:\/\/lightweb.dev\/l\/svm-temp\/reporter\/ola-josefsson\/"}]}},"_links":{"self":[{"href":"https:\/\/lightweb.dev\/l\/svm-temp\/wp-json\/wp\/v2\/posts\/59839","targetHints":{"allow":["GET"]}}],"collection":[{"href":"https:\/\/lightweb.dev\/l\/svm-temp\/wp-json\/wp\/v2\/posts"}],"about":[{"href":"https:\/\/lightweb.dev\/l\/svm-temp\/wp-json\/wp\/v2\/types\/post"}],"author":[{"embeddable":true,"href":"https:\/\/lightweb.dev\/l\/svm-temp\/wp-json\/wp\/v2\/users\/7"}],"replies":[{"embeddable":true,"href":"https:\/\/lightweb.dev\/l\/svm-temp\/wp-json\/wp\/v2\/comments?post=59839"}],"version-history":[{"count":0,"href":"https:\/\/lightweb.dev\/l\/svm-temp\/wp-json\/wp\/v2\/posts\/59839\/revisions"}],"wp:featuredmedia":[{"embeddable":true,"href":"https:\/\/lightweb.dev\/l\/svm-temp\/wp-json\/wp\/v2\/media\/59841"}],"wp:attachment":[{"href":"https:\/\/lightweb.dev\/l\/svm-temp\/wp-json\/wp\/v2\/media?parent=59839"}],"wp:term":[{"taxonomy":"category","embeddable":true,"href":"https:\/\/lightweb.dev\/l\/svm-temp\/wp-json\/wp\/v2\/categories?post=59839"},{"taxonomy":"post_tag","embeddable":true,"href":"https:\/\/lightweb.dev\/l\/svm-temp\/wp-json\/wp\/v2\/tags?post=59839"}],"curies":[{"name":"wp","href":"https:\/\/api.w.org\/{rel}","templated":true}]}}