{"id":5992,"date":"2016-12-13T00:00:00","date_gmt":"2016-12-12T23:00:00","guid":{"rendered":"https:\/\/lightweb.dev\/l\/svm-temp\/fraga-maklaren-har-kommer-svar-pa-fragor-fran-lasarna-om-regler-for-permanent-uppehall-residencia-i-spanien\/"},"modified":"2016-12-13T00:00:00","modified_gmt":"2016-12-12T23:00:00","slug":"fraga-maklaren-har-kommer-svar-pa-fragor-fran-lasarna-om-regler-for-permanent-uppehall-residencia-i-spanien","status":"publish","type":"post","link":"https:\/\/lightweb.dev\/l\/svm-temp\/artiklar\/fraga-maklaren-har-kommer-svar-pa-fragor-fran-lasarna-om-regler-for-permanent-uppehall-residencia-i-spanien\/","title":{"rendered":"Fr\u00e5ga m\u00e4klaren: H\u00e4r kommer svar p\u00e5 fr\u00e5gor fr\u00e5n l\u00e4sarna om regler f\u00f6r permanent uppeh\u00e5ll (residencia) i Spanien"},"content":{"rendered":"<p> N\u00e4r blir jag betraktad som resident i Spanien? Vilka regler g\u00e4ller? Av Sven F. K\u00e4llstr\u00f6m, \u00e4gare till Alamo Costa del Sol Real Estate<br \/>\nEdificio Fortuna, C\/ C\u00f3rdoba 37, Local 5 \u2022 29640 Fuengirola (M\u00e1laga)<br \/>\nTel: +34 952 46 95 19 \u2022 Fax: +34 951 24 26 31 \u2022 E-mail: info@alamocostadelsol.com<br \/>\nwww.alamocostadelsol.com<\/p>\n<p>Det som best\u00e4mmer detta \u00e4r hur m\u00e5nga dagar du befinner dig i Spanien per \u00e5r. Om du uppeh\u00e5ller dig mer \u00e4n 182 dagar i landet \u00e4r du resident i Spanien. Vare sig du vill eller ej. F\u00f6r att registrera dig hos myndigheten som resident s\u00e5 g\u00e5r du till nationalpolisen (P\u00f3licia Nacional) och ans\u00f6ker om detta. Du f\u00e5r samma dag en bekr\u00e4ftelse p\u00e5 din ans\u00f6kan. Fram till 2007 fick man ocks\u00e5 ett plastkort men detta \u00e4r nu borttaget.<\/p>\n<p>Vad vinner jag p\u00e5 att vara resident i Spanien?<br \/>\nOm du \u00e4r minst 65 \u00e5r och s\u00e4ljer din permanentbostad med vinst s\u00e5 utg\u00e5r ingen reavinst. Ett ytterligare krav \u00e4r att du m\u00e5ste ha bott i bostaden minst tre \u00e5r. N\u00e4r du s\u00e4ljer din bostad och k\u00f6per en ny som \u00e4r minst lika dyr som den du s\u00e4ljer s\u00e5 f\u00e5r du uppskov med eventuell reavinst. Kravet \u00e4r \u00e4ven h\u00e4r att du har bott permanent i den s\u00e5lda fastigheten i minst tre \u00e5r. Som resident slipper du betala ett f\u00f6rm\u00e5nsv\u00e4rde p\u00e5 din spanska fastighet. \u00c4r du pension\u00e4r och inskriven i den spanska f\u00f6rs\u00e4kringskassan f\u00e5r du all offentlig l\u00e4karv\u00e5rd och mediciner gratis. Du har som resident r\u00e4tt att r\u00f6sta i de spanska kommunalvalen. D\u00e4remot f\u00e5r du inte r\u00f6sta i valet till spanska parlamentet.<\/p>\n<p>Jag \u00e4r fast bosatt (resident) i Spanien sedan i somras. Vilka skatter m\u00e5ste jag betala i Spanien?<br \/>\nDu betalar en inkomstskatt som varierar mellan 0 till 52 % av din inkomst. Skillnaden mellan Sverige och Spanien \u00e4r att vid l\u00e5ga inkomster \u00e4r skatten betydligt l\u00e4gre \u00e4n i Sverige och kan ibland \u00e4ven bli noll skatt. \u00c4ven vid h\u00f6gre inkomster \u00e4r marginalskatten l\u00e4gre. Om du s\u00e4ljer en fastighet som resident och f\u00e5r kapitalvinstskatt s\u00e5 \u00e4r den skatteskalan mellan 21 \u2013 27 % beroende p\u00e5 storleken av vinsten.<\/p>\n<p>Jag \u00e4r pension\u00e4r och ska flytta till Costa del Sol. Vilken skatt betalar jag p\u00e5 min pension?<br \/>\nOm du skattem\u00e4ssigt \u00e4r utflyttad fr\u00e5n Sverige drar myndigheten av en k\u00e4llskatt p\u00e5 20 % av pensionen. Denna skatt kallas SINK-skatt (s\u00e4rskild skatt f\u00f6r utomlands bosatta). Deklaration av denna inkomst ska inte g\u00f6ras i Sverige utan i Spanien eftersom du \u00e4r skattem\u00e4ssigt boende i Spanien d\u00e4r full spansk inkomstskatt ska betalas. N\u00e4r du deklarerar din pensionsinkomst i Spanien s\u00e4nder du en kopia till skattemyndigheten i Sverige.<br \/>\nEn avr\u00e4kning sker mellan l\u00e4nderna skatt kommer att utg\u00e5 enligt det h\u00f6gsta uttaget vilket normalt \u00e4r i Sverige. D\u00e4refter regleras den ev. dubbelt betalda skatten med \u00e5terbetalning fr\u00e5n Sverige.<\/p>\n<p>Jag bor permanent i Fuengirola sedan m\u00e5nga \u00e5r och blir pension\u00e4r n\u00e4sta \u00e5r. Hur ans\u00f6ker jag om den svenska pensionen i Spanien?<br \/>\nF\u00f6r en svensk medborgare som \u00e4r resident i Spanien g\u00e4ller f\u00f6ljande: Du l\u00e4mnar in din pensionsans\u00f6kan f\u00f6r intj\u00e4nad pension i Sverige till f\u00f6rs\u00e4kringskassan (Seguridad Social) i Spanien med information om dina arbeten du haft i Sverige. Din ans\u00f6kan skickas sedan till Sverige och efter behandling skickas ans\u00f6kan tillbaka till Spanien f\u00f6r godk\u00e4nnande. Pension som du har intj\u00e4nat i Spanien kan du f\u00e5 ut tidigast vid uppn\u00e5dd pensions\u00e5lder i landet och som \u00e4r 65 \u00e5r. Spanien till\u00e5ter inte att du arbetar n\u00e4r man har s\u00f6kt och f\u00e5tt pension.<\/p>\n","protected":false},"excerpt":{"rendered":"<p>N\u00e4r blir jag betraktad som resident i Spanien? Vilka regler g\u00e4ller? Av Sven F. K\u00e4llstr\u00f6m, \u00e4gare till Alamo Costa del Sol Real Estate Edificio Fortuna, C\/ C\u00f3rdoba 37, Local 5 \u2022 29640 Fuengirola (M\u00e1laga) Tel: +34 952 46 95 19 \u2022 Fax: +34 951 24 26 31 \u2022 E-mail: info@alamocostadelsol.com www.alamocostadelsol.com Det som best\u00e4mmer detta [&hellip;]<\/p>\n","protected":false},"author":8,"featured_media":5993,"comment_status":"open","ping_status":"open","sticky":false,"template":"","format":"standard","meta":{"_et_pb_use_builder":"","_et_pb_old_content":"","_et_gb_content_width":"","footnotes":""},"categories":[4,37],"tags":[],"class_list":["post-5992","post","type-post","status-publish","format-standard","has-post-thumbnail","hentry","category-artiklar","category-hem-bostad"],"yoast_head":"<!-- This site is optimized with the Yoast SEO Premium plugin v26.2 (Yoast SEO v28.2) - https:\/\/yoast.com\/product\/yoast-seo-premium-wordpress\/ -->\n<title>Fr\u00e5ga m\u00e4klaren: H\u00e4r kommer svar p\u00e5 fr\u00e5gor fr\u00e5n l\u00e4sarna om regler f\u00f6r permanent uppeh\u00e5ll (residencia) i Spanien - Svenska Magasinet<\/title>\n<meta name=\"robots\" content=\"noindex, follow, max-snippet:-1, max-image-preview:large, max-video-preview:-1\" \/>\n<meta property=\"og:locale\" content=\"sv_SE\" \/>\n<meta property=\"og:type\" content=\"article\" \/>\n<meta property=\"og:title\" content=\"Fr\u00e5ga m\u00e4klaren: H\u00e4r kommer svar p\u00e5 fr\u00e5gor fr\u00e5n l\u00e4sarna om regler f\u00f6r permanent uppeh\u00e5ll (residencia) i Spanien\" \/>\n<meta property=\"og:description\" content=\"N\u00e4r blir jag betraktad som resident i Spanien? Vilka regler g\u00e4ller? Av Sven F. K\u00e4llstr\u00f6m, \u00e4gare till Alamo Costa del Sol Real Estate Edificio Fortuna, C\/ C\u00f3rdoba 37, Local 5 \u2022 29640 Fuengirola (M\u00e1laga) Tel: +34 952 46 95 19 \u2022 Fax: +34 951 24 26 31 \u2022 E-mail: info@alamocostadelsol.com www.alamocostadelsol.com Det som best\u00e4mmer detta [&hellip;]\" \/>\n<meta property=\"og:url\" content=\"https:\/\/lightweb.dev\/l\/svm-temp\/artiklar\/fraga-maklaren-har-kommer-svar-pa-fragor-fran-lasarna-om-regler-for-permanent-uppehall-residencia-i-spanien\/\" \/>\n<meta property=\"og:site_name\" content=\"Svenska Magasinet\" \/>\n<meta property=\"article:publisher\" content=\"https:\/\/www.facebook.com\/svenskamagasinet\" \/>\n<meta property=\"article:published_time\" content=\"2016-12-12T23:00:00+00:00\" \/>\n<meta property=\"og:image\" content=\"https:\/\/lightweb.dev\/l\/svm-temp\/wp-content\/uploads\/2022\/04\/frga-mklaren-hr-kommer-svar-p-frgor-frn-lsarna-om-regler-fr-permanent-uppehll-residencia-i-spanien.png\" \/>\n\t<meta property=\"og:image:width\" content=\"299\" \/>\n\t<meta property=\"og:image:height\" content=\"200\" \/>\n\t<meta property=\"og:image:type\" content=\"image\/png\" \/>\n<meta name=\"author\" content=\"Redaktionen SvM\" \/>\n<meta name=\"twitter:card\" content=\"summary_large_image\" \/>\n<meta name=\"twitter:creator\" content=\"@SvenskaMagasine\" \/>\n<meta name=\"twitter:site\" content=\"@SvenskaMagasine\" \/>\n<script type=\"application\/ld+json\" class=\"yoast-schema-graph\">{\"@context\":\"https:\\\/\\\/schema.org\",\"@graph\":[{\"@type\":\"Article\",\"@id\":\"https:\\\/\\\/lightweb.dev\\\/l\\\/svm-temp\\\/artiklar\\\/fraga-maklaren-har-kommer-svar-pa-fragor-fran-lasarna-om-regler-for-permanent-uppehall-residencia-i-spanien\\\/#article\",\"isPartOf\":{\"@id\":\"https:\\\/\\\/lightweb.dev\\\/l\\\/svm-temp\\\/artiklar\\\/fraga-maklaren-har-kommer-svar-pa-fragor-fran-lasarna-om-regler-for-permanent-uppehall-residencia-i-spanien\\\/\"},\"author\":{\"name\":\"Redaktionen SvM\",\"@id\":\"https:\\\/\\\/lightweb.dev\\\/l\\\/svm-temp\\\/#\\\/schema\\\/person\\\/206a3bda5b607b0c25e1749191e4d837\"},\"headline\":\"Fr\u00e5ga m\u00e4klaren: H\u00e4r kommer svar p\u00e5 fr\u00e5gor fr\u00e5n l\u00e4sarna om regler f\u00f6r permanent uppeh\u00e5ll (residencia) i Spanien\",\"datePublished\":\"2016-12-12T23:00:00+00:00\",\"mainEntityOfPage\":{\"@id\":\"https:\\\/\\\/lightweb.dev\\\/l\\\/svm-temp\\\/artiklar\\\/fraga-maklaren-har-kommer-svar-pa-fragor-fran-lasarna-om-regler-for-permanent-uppehall-residencia-i-spanien\\\/\"},\"wordCount\":652,\"commentCount\":0,\"publisher\":{\"@id\":\"https:\\\/\\\/lightweb.dev\\\/l\\\/svm-temp\\\/#organization\"},\"image\":{\"@id\":\"https:\\\/\\\/lightweb.dev\\\/l\\\/svm-temp\\\/artiklar\\\/fraga-maklaren-har-kommer-svar-pa-fragor-fran-lasarna-om-regler-for-permanent-uppehall-residencia-i-spanien\\\/#primaryimage\"},\"thumbnailUrl\":\"https:\\\/\\\/lightweb.dev\\\/l\\\/svm-temp\\\/wp-content\\\/uploads\\\/2022\\\/04\\\/frga-mklaren-hr-kommer-svar-p-frgor-frn-lsarna-om-regler-fr-permanent-uppehll-residencia-i-spanien.png\",\"articleSection\":[\"Artiklar\",\"Hem &amp; bostad\"],\"inLanguage\":\"sv-SE\"},{\"@type\":\"WebPage\",\"@id\":\"https:\\\/\\\/lightweb.dev\\\/l\\\/svm-temp\\\/artiklar\\\/fraga-maklaren-har-kommer-svar-pa-fragor-fran-lasarna-om-regler-for-permanent-uppehall-residencia-i-spanien\\\/\",\"url\":\"https:\\\/\\\/lightweb.dev\\\/l\\\/svm-temp\\\/artiklar\\\/fraga-maklaren-har-kommer-svar-pa-fragor-fran-lasarna-om-regler-for-permanent-uppehall-residencia-i-spanien\\\/\",\"name\":\"Fr\u00e5ga m\u00e4klaren: H\u00e4r kommer svar p\u00e5 fr\u00e5gor fr\u00e5n l\u00e4sarna om regler f\u00f6r permanent uppeh\u00e5ll (residencia) i Spanien - Svenska Magasinet\",\"isPartOf\":{\"@id\":\"https:\\\/\\\/lightweb.dev\\\/l\\\/svm-temp\\\/#website\"},\"primaryImageOfPage\":{\"@id\":\"https:\\\/\\\/lightweb.dev\\\/l\\\/svm-temp\\\/artiklar\\\/fraga-maklaren-har-kommer-svar-pa-fragor-fran-lasarna-om-regler-for-permanent-uppehall-residencia-i-spanien\\\/#primaryimage\"},\"image\":{\"@id\":\"https:\\\/\\\/lightweb.dev\\\/l\\\/svm-temp\\\/artiklar\\\/fraga-maklaren-har-kommer-svar-pa-fragor-fran-lasarna-om-regler-for-permanent-uppehall-residencia-i-spanien\\\/#primaryimage\"},\"thumbnailUrl\":\"https:\\\/\\\/lightweb.dev\\\/l\\\/svm-temp\\\/wp-content\\\/uploads\\\/2022\\\/04\\\/frga-mklaren-hr-kommer-svar-p-frgor-frn-lsarna-om-regler-fr-permanent-uppehll-residencia-i-spanien.png\",\"datePublished\":\"2016-12-12T23:00:00+00:00\",\"breadcrumb\":{\"@id\":\"https:\\\/\\\/lightweb.dev\\\/l\\\/svm-temp\\\/artiklar\\\/fraga-maklaren-har-kommer-svar-pa-fragor-fran-lasarna-om-regler-for-permanent-uppehall-residencia-i-spanien\\\/#breadcrumb\"},\"inLanguage\":\"sv-SE\",\"potentialAction\":[{\"@type\":\"ReadAction\",\"target\":[\"https:\\\/\\\/lightweb.dev\\\/l\\\/svm-temp\\\/artiklar\\\/fraga-maklaren-har-kommer-svar-pa-fragor-fran-lasarna-om-regler-for-permanent-uppehall-residencia-i-spanien\\\/\"]}]},{\"@type\":\"ImageObject\",\"inLanguage\":\"sv-SE\",\"@id\":\"https:\\\/\\\/lightweb.dev\\\/l\\\/svm-temp\\\/artiklar\\\/fraga-maklaren-har-kommer-svar-pa-fragor-fran-lasarna-om-regler-for-permanent-uppehall-residencia-i-spanien\\\/#primaryimage\",\"url\":\"https:\\\/\\\/lightweb.dev\\\/l\\\/svm-temp\\\/wp-content\\\/uploads\\\/2022\\\/04\\\/frga-mklaren-hr-kommer-svar-p-frgor-frn-lsarna-om-regler-fr-permanent-uppehll-residencia-i-spanien.png\",\"contentUrl\":\"https:\\\/\\\/lightweb.dev\\\/l\\\/svm-temp\\\/wp-content\\\/uploads\\\/2022\\\/04\\\/frga-mklaren-hr-kommer-svar-p-frgor-frn-lsarna-om-regler-fr-permanent-uppehll-residencia-i-spanien.png\",\"width\":299,\"height\":200},{\"@type\":\"BreadcrumbList\",\"@id\":\"https:\\\/\\\/lightweb.dev\\\/l\\\/svm-temp\\\/artiklar\\\/fraga-maklaren-har-kommer-svar-pa-fragor-fran-lasarna-om-regler-for-permanent-uppehall-residencia-i-spanien\\\/#breadcrumb\",\"itemListElement\":[{\"@type\":\"ListItem\",\"position\":1,\"name\":\"Hem\",\"item\":\"https:\\\/\\\/lightweb.dev\\\/l\\\/svm-temp\\\/\"},{\"@type\":\"ListItem\",\"position\":2,\"name\":\"Fr\u00e5ga m\u00e4klaren: H\u00e4r kommer svar p\u00e5 fr\u00e5gor fr\u00e5n l\u00e4sarna om regler f\u00f6r permanent uppeh\u00e5ll (residencia) i Spanien\"}]},{\"@type\":\"WebSite\",\"@id\":\"https:\\\/\\\/lightweb.dev\\\/l\\\/svm-temp\\\/#website\",\"url\":\"https:\\\/\\\/lightweb.dev\\\/l\\\/svm-temp\\\/\",\"name\":\"Svenska Magasinet\",\"description\":\"Dina Spanska nyheter p&aring; Svenska\",\"publisher\":{\"@id\":\"https:\\\/\\\/lightweb.dev\\\/l\\\/svm-temp\\\/#organization\"},\"potentialAction\":[{\"@type\":\"SearchAction\",\"target\":{\"@type\":\"EntryPoint\",\"urlTemplate\":\"https:\\\/\\\/lightweb.dev\\\/l\\\/svm-temp\\\/?s={search_term_string}\"},\"query-input\":{\"@type\":\"PropertyValueSpecification\",\"valueRequired\":true,\"valueName\":\"search_term_string\"}}],\"inLanguage\":\"sv-SE\"},{\"@type\":\"Organization\",\"@id\":\"https:\\\/\\\/lightweb.dev\\\/l\\\/svm-temp\\\/#organization\",\"name\":\"Melkerson y Nott SL\",\"alternateName\":\"Svenska Magasinet\",\"url\":\"https:\\\/\\\/lightweb.dev\\\/l\\\/svm-temp\\\/\",\"logo\":{\"@type\":\"ImageObject\",\"inLanguage\":\"sv-SE\",\"@id\":\"https:\\\/\\\/lightweb.dev\\\/l\\\/svm-temp\\\/#\\\/schema\\\/logo\\\/image\\\/\",\"url\":\"https:\\\/\\\/lightweb.dev\\\/l\\\/svm-temp\\\/wp-content\\\/uploads\\\/2025\\\/02\\\/SvM-logo-Xtra-Centrerad-SVART.png\",\"contentUrl\":\"https:\\\/\\\/lightweb.dev\\\/l\\\/svm-temp\\\/wp-content\\\/uploads\\\/2025\\\/02\\\/SvM-logo-Xtra-Centrerad-SVART.png\",\"width\":300,\"height\":99,\"caption\":\"Melkerson y Nott SL\"},\"image\":{\"@id\":\"https:\\\/\\\/lightweb.dev\\\/l\\\/svm-temp\\\/#\\\/schema\\\/logo\\\/image\\\/\"},\"sameAs\":[\"https:\\\/\\\/www.facebook.com\\\/svenskamagasinet\",\"https:\\\/\\\/x.com\\\/SvenskaMagasine\"]},{\"@type\":\"Person\",\"@id\":\"https:\\\/\\\/lightweb.dev\\\/l\\\/svm-temp\\\/#\\\/schema\\\/person\\\/206a3bda5b607b0c25e1749191e4d837\",\"name\":\"Redaktionen SvM\",\"description\":\"Redaktionen\",\"sameAs\":[\"https:\\\/\\\/lightweb.dev\\\/l\\\/svm-temp\"],\"url\":\"https:\\\/\\\/lightweb.dev\\\/l\\\/svm-temp\\\/reporter\\\/redaktionen\\\/\"}]}<\/script>\n<!-- \/ Yoast SEO Premium plugin. -->","yoast_head_json":{"title":"Fr\u00e5ga m\u00e4klaren: H\u00e4r kommer svar p\u00e5 fr\u00e5gor fr\u00e5n l\u00e4sarna om regler f\u00f6r permanent uppeh\u00e5ll (residencia) i Spanien - Svenska Magasinet","robots":{"index":"noindex","follow":"follow","max-snippet":"max-snippet:-1","max-image-preview":"max-image-preview:large","max-video-preview":"max-video-preview:-1"},"og_locale":"sv_SE","og_type":"article","og_title":"Fr\u00e5ga m\u00e4klaren: H\u00e4r kommer svar p\u00e5 fr\u00e5gor fr\u00e5n l\u00e4sarna om regler f\u00f6r permanent uppeh\u00e5ll (residencia) i Spanien","og_description":"N\u00e4r blir jag betraktad som resident i Spanien? Vilka regler g\u00e4ller? Av Sven F. K\u00e4llstr\u00f6m, \u00e4gare till Alamo Costa del Sol Real Estate Edificio Fortuna, C\/ C\u00f3rdoba 37, Local 5 \u2022 29640 Fuengirola (M\u00e1laga) Tel: +34 952 46 95 19 \u2022 Fax: +34 951 24 26 31 \u2022 E-mail: info@alamocostadelsol.com www.alamocostadelsol.com Det som best\u00e4mmer detta [&hellip;]","og_url":"https:\/\/lightweb.dev\/l\/svm-temp\/artiklar\/fraga-maklaren-har-kommer-svar-pa-fragor-fran-lasarna-om-regler-for-permanent-uppehall-residencia-i-spanien\/","og_site_name":"Svenska Magasinet","article_publisher":"https:\/\/www.facebook.com\/svenskamagasinet","article_published_time":"2016-12-12T23:00:00+00:00","og_image":[{"width":299,"height":200,"url":"https:\/\/lightweb.dev\/l\/svm-temp\/wp-content\/uploads\/2022\/04\/frga-mklaren-hr-kommer-svar-p-frgor-frn-lsarna-om-regler-fr-permanent-uppehll-residencia-i-spanien.png","type":"image\/png"}],"author":"Redaktionen SvM","twitter_card":"summary_large_image","twitter_creator":"@SvenskaMagasine","twitter_site":"@SvenskaMagasine","schema":{"@context":"https:\/\/schema.org","@graph":[{"@type":"Article","@id":"https:\/\/lightweb.dev\/l\/svm-temp\/artiklar\/fraga-maklaren-har-kommer-svar-pa-fragor-fran-lasarna-om-regler-for-permanent-uppehall-residencia-i-spanien\/#article","isPartOf":{"@id":"https:\/\/lightweb.dev\/l\/svm-temp\/artiklar\/fraga-maklaren-har-kommer-svar-pa-fragor-fran-lasarna-om-regler-for-permanent-uppehall-residencia-i-spanien\/"},"author":{"name":"Redaktionen SvM","@id":"https:\/\/lightweb.dev\/l\/svm-temp\/#\/schema\/person\/206a3bda5b607b0c25e1749191e4d837"},"headline":"Fr\u00e5ga m\u00e4klaren: H\u00e4r kommer svar p\u00e5 fr\u00e5gor fr\u00e5n l\u00e4sarna om regler f\u00f6r permanent uppeh\u00e5ll (residencia) i Spanien","datePublished":"2016-12-12T23:00:00+00:00","mainEntityOfPage":{"@id":"https:\/\/lightweb.dev\/l\/svm-temp\/artiklar\/fraga-maklaren-har-kommer-svar-pa-fragor-fran-lasarna-om-regler-for-permanent-uppehall-residencia-i-spanien\/"},"wordCount":652,"commentCount":0,"publisher":{"@id":"https:\/\/lightweb.dev\/l\/svm-temp\/#organization"},"image":{"@id":"https:\/\/lightweb.dev\/l\/svm-temp\/artiklar\/fraga-maklaren-har-kommer-svar-pa-fragor-fran-lasarna-om-regler-for-permanent-uppehall-residencia-i-spanien\/#primaryimage"},"thumbnailUrl":"https:\/\/lightweb.dev\/l\/svm-temp\/wp-content\/uploads\/2022\/04\/frga-mklaren-hr-kommer-svar-p-frgor-frn-lsarna-om-regler-fr-permanent-uppehll-residencia-i-spanien.png","articleSection":["Artiklar","Hem &amp; bostad"],"inLanguage":"sv-SE"},{"@type":"WebPage","@id":"https:\/\/lightweb.dev\/l\/svm-temp\/artiklar\/fraga-maklaren-har-kommer-svar-pa-fragor-fran-lasarna-om-regler-for-permanent-uppehall-residencia-i-spanien\/","url":"https:\/\/lightweb.dev\/l\/svm-temp\/artiklar\/fraga-maklaren-har-kommer-svar-pa-fragor-fran-lasarna-om-regler-for-permanent-uppehall-residencia-i-spanien\/","name":"Fr\u00e5ga m\u00e4klaren: H\u00e4r kommer svar p\u00e5 fr\u00e5gor fr\u00e5n l\u00e4sarna om regler f\u00f6r permanent uppeh\u00e5ll (residencia) i Spanien - Svenska Magasinet","isPartOf":{"@id":"https:\/\/lightweb.dev\/l\/svm-temp\/#website"},"primaryImageOfPage":{"@id":"https:\/\/lightweb.dev\/l\/svm-temp\/artiklar\/fraga-maklaren-har-kommer-svar-pa-fragor-fran-lasarna-om-regler-for-permanent-uppehall-residencia-i-spanien\/#primaryimage"},"image":{"@id":"https:\/\/lightweb.dev\/l\/svm-temp\/artiklar\/fraga-maklaren-har-kommer-svar-pa-fragor-fran-lasarna-om-regler-for-permanent-uppehall-residencia-i-spanien\/#primaryimage"},"thumbnailUrl":"https:\/\/lightweb.dev\/l\/svm-temp\/wp-content\/uploads\/2022\/04\/frga-mklaren-hr-kommer-svar-p-frgor-frn-lsarna-om-regler-fr-permanent-uppehll-residencia-i-spanien.png","datePublished":"2016-12-12T23:00:00+00:00","breadcrumb":{"@id":"https:\/\/lightweb.dev\/l\/svm-temp\/artiklar\/fraga-maklaren-har-kommer-svar-pa-fragor-fran-lasarna-om-regler-for-permanent-uppehall-residencia-i-spanien\/#breadcrumb"},"inLanguage":"sv-SE","potentialAction":[{"@type":"ReadAction","target":["https:\/\/lightweb.dev\/l\/svm-temp\/artiklar\/fraga-maklaren-har-kommer-svar-pa-fragor-fran-lasarna-om-regler-for-permanent-uppehall-residencia-i-spanien\/"]}]},{"@type":"ImageObject","inLanguage":"sv-SE","@id":"https:\/\/lightweb.dev\/l\/svm-temp\/artiklar\/fraga-maklaren-har-kommer-svar-pa-fragor-fran-lasarna-om-regler-for-permanent-uppehall-residencia-i-spanien\/#primaryimage","url":"https:\/\/lightweb.dev\/l\/svm-temp\/wp-content\/uploads\/2022\/04\/frga-mklaren-hr-kommer-svar-p-frgor-frn-lsarna-om-regler-fr-permanent-uppehll-residencia-i-spanien.png","contentUrl":"https:\/\/lightweb.dev\/l\/svm-temp\/wp-content\/uploads\/2022\/04\/frga-mklaren-hr-kommer-svar-p-frgor-frn-lsarna-om-regler-fr-permanent-uppehll-residencia-i-spanien.png","width":299,"height":200},{"@type":"BreadcrumbList","@id":"https:\/\/lightweb.dev\/l\/svm-temp\/artiklar\/fraga-maklaren-har-kommer-svar-pa-fragor-fran-lasarna-om-regler-for-permanent-uppehall-residencia-i-spanien\/#breadcrumb","itemListElement":[{"@type":"ListItem","position":1,"name":"Hem","item":"https:\/\/lightweb.dev\/l\/svm-temp\/"},{"@type":"ListItem","position":2,"name":"Fr\u00e5ga m\u00e4klaren: H\u00e4r kommer svar p\u00e5 fr\u00e5gor fr\u00e5n l\u00e4sarna om regler f\u00f6r permanent uppeh\u00e5ll (residencia) i Spanien"}]},{"@type":"WebSite","@id":"https:\/\/lightweb.dev\/l\/svm-temp\/#website","url":"https:\/\/lightweb.dev\/l\/svm-temp\/","name":"Svenska Magasinet","description":"Dina Spanska nyheter p&aring; Svenska","publisher":{"@id":"https:\/\/lightweb.dev\/l\/svm-temp\/#organization"},"potentialAction":[{"@type":"SearchAction","target":{"@type":"EntryPoint","urlTemplate":"https:\/\/lightweb.dev\/l\/svm-temp\/?s={search_term_string}"},"query-input":{"@type":"PropertyValueSpecification","valueRequired":true,"valueName":"search_term_string"}}],"inLanguage":"sv-SE"},{"@type":"Organization","@id":"https:\/\/lightweb.dev\/l\/svm-temp\/#organization","name":"Melkerson y Nott SL","alternateName":"Svenska Magasinet","url":"https:\/\/lightweb.dev\/l\/svm-temp\/","logo":{"@type":"ImageObject","inLanguage":"sv-SE","@id":"https:\/\/lightweb.dev\/l\/svm-temp\/#\/schema\/logo\/image\/","url":"https:\/\/lightweb.dev\/l\/svm-temp\/wp-content\/uploads\/2025\/02\/SvM-logo-Xtra-Centrerad-SVART.png","contentUrl":"https:\/\/lightweb.dev\/l\/svm-temp\/wp-content\/uploads\/2025\/02\/SvM-logo-Xtra-Centrerad-SVART.png","width":300,"height":99,"caption":"Melkerson y Nott SL"},"image":{"@id":"https:\/\/lightweb.dev\/l\/svm-temp\/#\/schema\/logo\/image\/"},"sameAs":["https:\/\/www.facebook.com\/svenskamagasinet","https:\/\/x.com\/SvenskaMagasine"]},{"@type":"Person","@id":"https:\/\/lightweb.dev\/l\/svm-temp\/#\/schema\/person\/206a3bda5b607b0c25e1749191e4d837","name":"Redaktionen SvM","description":"Redaktionen","sameAs":["https:\/\/lightweb.dev\/l\/svm-temp"],"url":"https:\/\/lightweb.dev\/l\/svm-temp\/reporter\/redaktionen\/"}]}},"_links":{"self":[{"href":"https:\/\/lightweb.dev\/l\/svm-temp\/wp-json\/wp\/v2\/posts\/5992","targetHints":{"allow":["GET"]}}],"collection":[{"href":"https:\/\/lightweb.dev\/l\/svm-temp\/wp-json\/wp\/v2\/posts"}],"about":[{"href":"https:\/\/lightweb.dev\/l\/svm-temp\/wp-json\/wp\/v2\/types\/post"}],"author":[{"embeddable":true,"href":"https:\/\/lightweb.dev\/l\/svm-temp\/wp-json\/wp\/v2\/users\/8"}],"replies":[{"embeddable":true,"href":"https:\/\/lightweb.dev\/l\/svm-temp\/wp-json\/wp\/v2\/comments?post=5992"}],"version-history":[{"count":0,"href":"https:\/\/lightweb.dev\/l\/svm-temp\/wp-json\/wp\/v2\/posts\/5992\/revisions"}],"wp:featuredmedia":[{"embeddable":true,"href":"https:\/\/lightweb.dev\/l\/svm-temp\/wp-json\/wp\/v2\/media\/5993"}],"wp:attachment":[{"href":"https:\/\/lightweb.dev\/l\/svm-temp\/wp-json\/wp\/v2\/media?parent=5992"}],"wp:term":[{"taxonomy":"category","embeddable":true,"href":"https:\/\/lightweb.dev\/l\/svm-temp\/wp-json\/wp\/v2\/categories?post=5992"},{"taxonomy":"post_tag","embeddable":true,"href":"https:\/\/lightweb.dev\/l\/svm-temp\/wp-json\/wp\/v2\/tags?post=5992"}],"curies":[{"name":"wp","href":"https:\/\/api.w.org\/{rel}","templated":true}]}}