{"id":6010,"date":"2016-12-12T00:00:00","date_gmt":"2016-12-11T23:00:00","guid":{"rendered":"https:\/\/lightweb.dev\/l\/svm-temp\/spanien-just-nu-dialog-ansvar-och-generositet\/"},"modified":"2016-12-12T00:00:00","modified_gmt":"2016-12-11T23:00:00","slug":"spanien-just-nu-dialog-ansvar-och-generositet","status":"publish","type":"post","link":"https:\/\/lightweb.dev\/l\/svm-temp\/artiklar\/spanien-just-nu-dialog-ansvar-och-generositet\/","title":{"rendered":"Spanien just nu &#8211; dialog, ansvar och generositet"},"content":{"rendered":"<p> Det \u00e4r ett nytt politiskt landskap vi ser i Spanien just nu. En minoritetsregering som \u00e4r i behov av st\u00f6d. Det har varit en kr\u00e5nglig och brokig v\u00e4g n\u00e5got som den spanske monarken Felipe VI tog upp n\u00e4r den tolfte kongressen i modern demokratisk tid invigdes. Nu g\u00e4ller det f\u00f6r politikerna att visa dialog, ansvar och generositet. Kungens tal m\u00f6ttes med en tv\u00e5 minuter l\u00e5ng appl\u00e5d. Men inte av alla. Av Ola Josefsson<\/p>\n<p>Vid sitt invigningstal av den tolfte kongressen borts\u00e5g inte kung Felipe VI fr\u00e5n omst\u00e4ndigheter och den tio m\u00e5nader l\u00e5nga politiska blockaden som f\u00f6rsenade bildandet av en regering. Det fanns ett djup i den spanske monarkens tal som inte f\u00f6rs\u00f6kte slingra sig ur de heta politiska fr\u00e5gorna under det fem sidor l\u00e5nga talet.<br \/>\nKungen talade klarspr\u00e5k och refererade till opinionsunders\u00f6kningar som visar att spanska folket anser att politikerklassen \u00e4r landets tredje st\u00f6rsta problem efter arbetsl\u00f6shet och korruption.<br \/>\nDen spanske monarken \u00e4r medveten om de sv\u00e5righeter som den lagstiftande f\u00f6rsamlingen utan parlamentarisk majoritet st\u00e5r inf\u00f6r. Han uppmanade minoritetsregeringen samt oppositionen att agera med generositet och att det kr\u00e4vs dialog f\u00f6r att n\u00e5 framg\u00e5ng.<\/p>\n<p>Vid den tolfte kongressens \u00f6ppnande upprepade sig historien en aning. Kungafamiljen var p\u00e5 plats, kung Felipe VI, drottning Letizia och kronprinsessan Leonor och prinsessan Sof\u00eda. Tronf\u00f6ljaren Leonor var lika gammal, 11 \u00e5r, som sin far n\u00e4r Juan Carlos \u00f6ppnade den f\u00f6rsta kongressen 1979.<\/p>\n<p>Det \u00e4r en ny era f\u00f6r Spanien med nya utmaningar. En g\u00e5ng i tiden spelade kungens far, Juan Carlos I, en avg\u00f6rande roll vid \u00f6verg\u00e5ngen till demokrati. F\u00f6r eftertr\u00e4daren v\u00e4ntar ocks\u00e5 \u00f6verg\u00e5ngar med sv\u00e5ra beslut. F\u00e5 kungligheter i v\u00e5r tid har dock en s\u00e5dan genuin utbildning och erfarenhet att luta sig tillbaka mot som den spanske monarken Felipe VI.<br \/>\nN\u00e4r Juan Carlos tilltr\u00e4dde fanns det en l\u00e4ngtan efter f\u00f6rsoning och demokrati och m\u00e5nga sm\u00e4rtsamma hinder kunde \u00f6vervinnas. Juan Carlos tog initiativet att samla samtliga partier, fr\u00e5n h\u00f6ger till v\u00e4nster, till landets f\u00f6rsta demokratiska val i modern tid.<br \/>\nNu f\u00e5r man intrycket att de politiska institutionerna k\u00f6rt fast rej\u00e4lt. Under regeringsf\u00f6rhandlingarna var of\u00f6rsonligheten ganska p\u00e5taglig. Det tycks som att en del inte har l\u00e4rt sig n\u00e5got av historien.<\/p>\n<p>Spanien har n\u00e5gra tuffa \u00e5r bakom sig. Den ekonomiska krisen blev en sv\u00e5r test f\u00f6r samh\u00e4llet i synnerhet f\u00f6r de mest utsatta. F\u00f6r miljontals m\u00e4nniskor handlade det om att f\u00e5 ett v\u00e4rdigt liv. Kungen tog upp detta vid \u00f6ppnandet av den tolfte kongressen vilket \u00e4r motsvarigheten till Riksdagens h\u00f6gtidliga \u00f6ppnande.<br \/>\nNu g\u00e4ller det f\u00f6r politikerna att g\u00f6ra samma sak; att g\u00f6ra uppoffringar precis som vanligt folk fick g\u00f6ra under krisen.<\/p>\n<p>Monarkin i Spanien \u00e4r medveten om vilka skador korruptionen kan orsaka. Den spanska prinsessan Cristinas kopplingar till korruptionsh\u00e4rvan som rullar i landet har naggat p\u00e5 monarkins anseende. Korruption \u00e4r ett uttryck f\u00f6r arrogans. Makt berusar och korruptionsfallen beskrivs som oegentligheter i en \u00e4ndl\u00f6s kedja. Skr\u00e4mmande \u00e4r att det tycks finnas en politisk of\u00f6rm\u00e5ga att l\u00f6sa problemet.<\/p>\n<p>N\u00e4r Mariano Rajoy nu inleder sin andra mandatperiod som regeringschef \u00e4r behovet st\u00f6rre \u00e4n n\u00e5gonsin av dialog, samf\u00f6rst\u00e5nd och kompromisser. Inte bara mellan de politiska partierna, \u00e4ven att lyssna p\u00e5 vanligt folk och h\u00e5lla j\u00e4mna steg med samh\u00e4llets krav och \u00f6nskem\u00e5l. V\u00e4lf\u00e4rd \u00e4r en faktor f\u00f6r sammanh\u00e5llning och kollektiva framsteg. Dialog, ansvar och generositet m\u00e5ste till. <\/p>\n<p>Kungen undvek inte den katalanska konflikten \u00e4ven om han inte n\u00e4mnde den vid namn. Han talade om \u201dm\u00e5ngfald\u201d i Spanien, och vi f\u00f6rst\u00e5r. Han betonade \u201drespekt f\u00f6r och att f\u00f6lja domstolsbeslut\u201d och tanken gick genast till fem \u00e5talade katalanska separatister varav den tidigare katalanska presidenten Artur Mas. Kungen betonade \u201ddialog med respekt f\u00f6r lagen och f\u00f6rst\u00e5else\u201d.<\/p>\n<p>Kung Filip VI vill inte se ett trasigt Spanien som faller itu, det g\u00e4ller att \u201dbevara kraven om j\u00e4mlikhet mellan alla medborgare. Spanien inte kan f\u00f6rneka sig sj\u00e4lv eller ge upp och avst\u00e5 fr\u00e5n det gemensamma arvet som byggdes av alla\u201d.<br \/>\nDet var n\u00e5gra reflektioner som inte uppskattades av baskiska och katalanska nationalister samt av det v\u00e4nsterorienterade protestpartiet Unidos Podemos som valde att m\u00f6ta kungens tal med tystnad och utebliven appl\u00e5d. <\/p>\n<p>S\u00e4kert kommer kung Felipe VI att upprepa m\u00e5nga av sina tankar i samband med jultalet som traditionellt s\u00e4nds den 24 december klockan 21 vid Nochebuena.<\/p>\n","protected":false},"excerpt":{"rendered":"<p>Det \u00e4r ett nytt politiskt landskap vi ser i Spanien just nu. En minoritetsregering som \u00e4r i behov av st\u00f6d. Det har varit en kr\u00e5nglig och brokig v\u00e4g n\u00e5got som den spanske monarken Felipe VI tog upp n\u00e4r den tolfte kongressen i modern demokratisk tid invigdes. Nu g\u00e4ller det f\u00f6r politikerna att visa dialog, ansvar [&hellip;]<\/p>\n","protected":false},"author":8,"featured_media":6011,"comment_status":"open","ping_status":"open","sticky":false,"template":"","format":"standard","meta":{"_et_pb_use_builder":"","_et_pb_old_content":"","_et_gb_content_width":"","footnotes":""},"categories":[4,36],"tags":[],"class_list":["post-6010","post","type-post","status-publish","format-standard","has-post-thumbnail","hentry","category-artiklar","category-spanien-just-nu"],"yoast_head":"<!-- This site is optimized with the Yoast SEO Premium plugin v26.2 (Yoast SEO v28.2) - https:\/\/yoast.com\/product\/yoast-seo-premium-wordpress\/ -->\n<title>Spanien just nu - dialog, ansvar och generositet - Svenska Magasinet<\/title>\n<meta name=\"robots\" content=\"noindex, follow, max-snippet:-1, max-image-preview:large, max-video-preview:-1\" \/>\n<meta property=\"og:locale\" content=\"sv_SE\" \/>\n<meta property=\"og:type\" content=\"article\" \/>\n<meta property=\"og:title\" content=\"Spanien just nu - dialog, ansvar och generositet\" \/>\n<meta property=\"og:description\" content=\"Det \u00e4r ett nytt politiskt landskap vi ser i Spanien just nu. En minoritetsregering som \u00e4r i behov av st\u00f6d. Det har varit en kr\u00e5nglig och brokig v\u00e4g n\u00e5got som den spanske monarken Felipe VI tog upp n\u00e4r den tolfte kongressen i modern demokratisk tid invigdes. Nu g\u00e4ller det f\u00f6r politikerna att visa dialog, ansvar [&hellip;]\" \/>\n<meta property=\"og:url\" content=\"https:\/\/lightweb.dev\/l\/svm-temp\/artiklar\/spanien-just-nu-dialog-ansvar-och-generositet\/\" \/>\n<meta property=\"og:site_name\" content=\"Svenska Magasinet\" \/>\n<meta property=\"article:publisher\" content=\"https:\/\/www.facebook.com\/svenskamagasinet\" \/>\n<meta property=\"article:published_time\" content=\"2016-12-11T23:00:00+00:00\" \/>\n<meta property=\"og:image\" content=\"https:\/\/lightweb.dev\/l\/svm-temp\/wp-content\/uploads\/2022\/04\/spanien-just-nu-dialog-ansvar-och-generositet.png\" \/>\n\t<meta property=\"og:image:width\" content=\"280\" \/>\n\t<meta property=\"og:image:height\" content=\"419\" \/>\n\t<meta property=\"og:image:type\" content=\"image\/png\" \/>\n<meta name=\"author\" content=\"Redaktionen SvM\" \/>\n<meta name=\"twitter:card\" content=\"summary_large_image\" \/>\n<meta name=\"twitter:creator\" content=\"@SvenskaMagasine\" \/>\n<meta name=\"twitter:site\" content=\"@SvenskaMagasine\" \/>\n<script type=\"application\/ld+json\" class=\"yoast-schema-graph\">{\"@context\":\"https:\\\/\\\/schema.org\",\"@graph\":[{\"@type\":\"Article\",\"@id\":\"https:\\\/\\\/lightweb.dev\\\/l\\\/svm-temp\\\/artiklar\\\/spanien-just-nu-dialog-ansvar-och-generositet\\\/#article\",\"isPartOf\":{\"@id\":\"https:\\\/\\\/lightweb.dev\\\/l\\\/svm-temp\\\/artiklar\\\/spanien-just-nu-dialog-ansvar-och-generositet\\\/\"},\"author\":{\"name\":\"Redaktionen SvM\",\"@id\":\"https:\\\/\\\/lightweb.dev\\\/l\\\/svm-temp\\\/#\\\/schema\\\/person\\\/206a3bda5b607b0c25e1749191e4d837\"},\"headline\":\"Spanien just nu &#8211; dialog, ansvar och generositet\",\"datePublished\":\"2016-12-11T23:00:00+00:00\",\"mainEntityOfPage\":{\"@id\":\"https:\\\/\\\/lightweb.dev\\\/l\\\/svm-temp\\\/artiklar\\\/spanien-just-nu-dialog-ansvar-och-generositet\\\/\"},\"wordCount\":812,\"commentCount\":0,\"publisher\":{\"@id\":\"https:\\\/\\\/lightweb.dev\\\/l\\\/svm-temp\\\/#organization\"},\"image\":{\"@id\":\"https:\\\/\\\/lightweb.dev\\\/l\\\/svm-temp\\\/artiklar\\\/spanien-just-nu-dialog-ansvar-och-generositet\\\/#primaryimage\"},\"thumbnailUrl\":\"https:\\\/\\\/lightweb.dev\\\/l\\\/svm-temp\\\/wp-content\\\/uploads\\\/2022\\\/04\\\/spanien-just-nu-dialog-ansvar-och-generositet.png\",\"articleSection\":[\"Artiklar\",\"Spanien just nu\"],\"inLanguage\":\"sv-SE\"},{\"@type\":\"WebPage\",\"@id\":\"https:\\\/\\\/lightweb.dev\\\/l\\\/svm-temp\\\/artiklar\\\/spanien-just-nu-dialog-ansvar-och-generositet\\\/\",\"url\":\"https:\\\/\\\/lightweb.dev\\\/l\\\/svm-temp\\\/artiklar\\\/spanien-just-nu-dialog-ansvar-och-generositet\\\/\",\"name\":\"Spanien just nu - dialog, ansvar och generositet - Svenska Magasinet\",\"isPartOf\":{\"@id\":\"https:\\\/\\\/lightweb.dev\\\/l\\\/svm-temp\\\/#website\"},\"primaryImageOfPage\":{\"@id\":\"https:\\\/\\\/lightweb.dev\\\/l\\\/svm-temp\\\/artiklar\\\/spanien-just-nu-dialog-ansvar-och-generositet\\\/#primaryimage\"},\"image\":{\"@id\":\"https:\\\/\\\/lightweb.dev\\\/l\\\/svm-temp\\\/artiklar\\\/spanien-just-nu-dialog-ansvar-och-generositet\\\/#primaryimage\"},\"thumbnailUrl\":\"https:\\\/\\\/lightweb.dev\\\/l\\\/svm-temp\\\/wp-content\\\/uploads\\\/2022\\\/04\\\/spanien-just-nu-dialog-ansvar-och-generositet.png\",\"datePublished\":\"2016-12-11T23:00:00+00:00\",\"breadcrumb\":{\"@id\":\"https:\\\/\\\/lightweb.dev\\\/l\\\/svm-temp\\\/artiklar\\\/spanien-just-nu-dialog-ansvar-och-generositet\\\/#breadcrumb\"},\"inLanguage\":\"sv-SE\",\"potentialAction\":[{\"@type\":\"ReadAction\",\"target\":[\"https:\\\/\\\/lightweb.dev\\\/l\\\/svm-temp\\\/artiklar\\\/spanien-just-nu-dialog-ansvar-och-generositet\\\/\"]}]},{\"@type\":\"ImageObject\",\"inLanguage\":\"sv-SE\",\"@id\":\"https:\\\/\\\/lightweb.dev\\\/l\\\/svm-temp\\\/artiklar\\\/spanien-just-nu-dialog-ansvar-och-generositet\\\/#primaryimage\",\"url\":\"https:\\\/\\\/lightweb.dev\\\/l\\\/svm-temp\\\/wp-content\\\/uploads\\\/2022\\\/04\\\/spanien-just-nu-dialog-ansvar-och-generositet.png\",\"contentUrl\":\"https:\\\/\\\/lightweb.dev\\\/l\\\/svm-temp\\\/wp-content\\\/uploads\\\/2022\\\/04\\\/spanien-just-nu-dialog-ansvar-och-generositet.png\",\"width\":280,\"height\":419},{\"@type\":\"BreadcrumbList\",\"@id\":\"https:\\\/\\\/lightweb.dev\\\/l\\\/svm-temp\\\/artiklar\\\/spanien-just-nu-dialog-ansvar-och-generositet\\\/#breadcrumb\",\"itemListElement\":[{\"@type\":\"ListItem\",\"position\":1,\"name\":\"Hem\",\"item\":\"https:\\\/\\\/lightweb.dev\\\/l\\\/svm-temp\\\/\"},{\"@type\":\"ListItem\",\"position\":2,\"name\":\"Spanien just nu &#8211; dialog, ansvar och generositet\"}]},{\"@type\":\"WebSite\",\"@id\":\"https:\\\/\\\/lightweb.dev\\\/l\\\/svm-temp\\\/#website\",\"url\":\"https:\\\/\\\/lightweb.dev\\\/l\\\/svm-temp\\\/\",\"name\":\"Svenska Magasinet\",\"description\":\"Dina Spanska nyheter p&aring; Svenska\",\"publisher\":{\"@id\":\"https:\\\/\\\/lightweb.dev\\\/l\\\/svm-temp\\\/#organization\"},\"potentialAction\":[{\"@type\":\"SearchAction\",\"target\":{\"@type\":\"EntryPoint\",\"urlTemplate\":\"https:\\\/\\\/lightweb.dev\\\/l\\\/svm-temp\\\/?s={search_term_string}\"},\"query-input\":{\"@type\":\"PropertyValueSpecification\",\"valueRequired\":true,\"valueName\":\"search_term_string\"}}],\"inLanguage\":\"sv-SE\"},{\"@type\":\"Organization\",\"@id\":\"https:\\\/\\\/lightweb.dev\\\/l\\\/svm-temp\\\/#organization\",\"name\":\"Melkerson y Nott SL\",\"alternateName\":\"Svenska Magasinet\",\"url\":\"https:\\\/\\\/lightweb.dev\\\/l\\\/svm-temp\\\/\",\"logo\":{\"@type\":\"ImageObject\",\"inLanguage\":\"sv-SE\",\"@id\":\"https:\\\/\\\/lightweb.dev\\\/l\\\/svm-temp\\\/#\\\/schema\\\/logo\\\/image\\\/\",\"url\":\"https:\\\/\\\/lightweb.dev\\\/l\\\/svm-temp\\\/wp-content\\\/uploads\\\/2025\\\/02\\\/SvM-logo-Xtra-Centrerad-SVART.png\",\"contentUrl\":\"https:\\\/\\\/lightweb.dev\\\/l\\\/svm-temp\\\/wp-content\\\/uploads\\\/2025\\\/02\\\/SvM-logo-Xtra-Centrerad-SVART.png\",\"width\":300,\"height\":99,\"caption\":\"Melkerson y Nott SL\"},\"image\":{\"@id\":\"https:\\\/\\\/lightweb.dev\\\/l\\\/svm-temp\\\/#\\\/schema\\\/logo\\\/image\\\/\"},\"sameAs\":[\"https:\\\/\\\/www.facebook.com\\\/svenskamagasinet\",\"https:\\\/\\\/x.com\\\/SvenskaMagasine\"]},{\"@type\":\"Person\",\"@id\":\"https:\\\/\\\/lightweb.dev\\\/l\\\/svm-temp\\\/#\\\/schema\\\/person\\\/206a3bda5b607b0c25e1749191e4d837\",\"name\":\"Redaktionen SvM\",\"description\":\"Redaktionen\",\"sameAs\":[\"https:\\\/\\\/lightweb.dev\\\/l\\\/svm-temp\"],\"url\":\"https:\\\/\\\/lightweb.dev\\\/l\\\/svm-temp\\\/reporter\\\/redaktionen\\\/\"}]}<\/script>\n<!-- \/ Yoast SEO Premium plugin. -->","yoast_head_json":{"title":"Spanien just nu - dialog, ansvar och generositet - Svenska Magasinet","robots":{"index":"noindex","follow":"follow","max-snippet":"max-snippet:-1","max-image-preview":"max-image-preview:large","max-video-preview":"max-video-preview:-1"},"og_locale":"sv_SE","og_type":"article","og_title":"Spanien just nu - dialog, ansvar och generositet","og_description":"Det \u00e4r ett nytt politiskt landskap vi ser i Spanien just nu. En minoritetsregering som \u00e4r i behov av st\u00f6d. Det har varit en kr\u00e5nglig och brokig v\u00e4g n\u00e5got som den spanske monarken Felipe VI tog upp n\u00e4r den tolfte kongressen i modern demokratisk tid invigdes. Nu g\u00e4ller det f\u00f6r politikerna att visa dialog, ansvar [&hellip;]","og_url":"https:\/\/lightweb.dev\/l\/svm-temp\/artiklar\/spanien-just-nu-dialog-ansvar-och-generositet\/","og_site_name":"Svenska Magasinet","article_publisher":"https:\/\/www.facebook.com\/svenskamagasinet","article_published_time":"2016-12-11T23:00:00+00:00","og_image":[{"width":280,"height":419,"url":"https:\/\/lightweb.dev\/l\/svm-temp\/wp-content\/uploads\/2022\/04\/spanien-just-nu-dialog-ansvar-och-generositet.png","type":"image\/png"}],"author":"Redaktionen SvM","twitter_card":"summary_large_image","twitter_creator":"@SvenskaMagasine","twitter_site":"@SvenskaMagasine","schema":{"@context":"https:\/\/schema.org","@graph":[{"@type":"Article","@id":"https:\/\/lightweb.dev\/l\/svm-temp\/artiklar\/spanien-just-nu-dialog-ansvar-och-generositet\/#article","isPartOf":{"@id":"https:\/\/lightweb.dev\/l\/svm-temp\/artiklar\/spanien-just-nu-dialog-ansvar-och-generositet\/"},"author":{"name":"Redaktionen SvM","@id":"https:\/\/lightweb.dev\/l\/svm-temp\/#\/schema\/person\/206a3bda5b607b0c25e1749191e4d837"},"headline":"Spanien just nu &#8211; dialog, ansvar och generositet","datePublished":"2016-12-11T23:00:00+00:00","mainEntityOfPage":{"@id":"https:\/\/lightweb.dev\/l\/svm-temp\/artiklar\/spanien-just-nu-dialog-ansvar-och-generositet\/"},"wordCount":812,"commentCount":0,"publisher":{"@id":"https:\/\/lightweb.dev\/l\/svm-temp\/#organization"},"image":{"@id":"https:\/\/lightweb.dev\/l\/svm-temp\/artiklar\/spanien-just-nu-dialog-ansvar-och-generositet\/#primaryimage"},"thumbnailUrl":"https:\/\/lightweb.dev\/l\/svm-temp\/wp-content\/uploads\/2022\/04\/spanien-just-nu-dialog-ansvar-och-generositet.png","articleSection":["Artiklar","Spanien just nu"],"inLanguage":"sv-SE"},{"@type":"WebPage","@id":"https:\/\/lightweb.dev\/l\/svm-temp\/artiklar\/spanien-just-nu-dialog-ansvar-och-generositet\/","url":"https:\/\/lightweb.dev\/l\/svm-temp\/artiklar\/spanien-just-nu-dialog-ansvar-och-generositet\/","name":"Spanien just nu - dialog, ansvar och generositet - Svenska Magasinet","isPartOf":{"@id":"https:\/\/lightweb.dev\/l\/svm-temp\/#website"},"primaryImageOfPage":{"@id":"https:\/\/lightweb.dev\/l\/svm-temp\/artiklar\/spanien-just-nu-dialog-ansvar-och-generositet\/#primaryimage"},"image":{"@id":"https:\/\/lightweb.dev\/l\/svm-temp\/artiklar\/spanien-just-nu-dialog-ansvar-och-generositet\/#primaryimage"},"thumbnailUrl":"https:\/\/lightweb.dev\/l\/svm-temp\/wp-content\/uploads\/2022\/04\/spanien-just-nu-dialog-ansvar-och-generositet.png","datePublished":"2016-12-11T23:00:00+00:00","breadcrumb":{"@id":"https:\/\/lightweb.dev\/l\/svm-temp\/artiklar\/spanien-just-nu-dialog-ansvar-och-generositet\/#breadcrumb"},"inLanguage":"sv-SE","potentialAction":[{"@type":"ReadAction","target":["https:\/\/lightweb.dev\/l\/svm-temp\/artiklar\/spanien-just-nu-dialog-ansvar-och-generositet\/"]}]},{"@type":"ImageObject","inLanguage":"sv-SE","@id":"https:\/\/lightweb.dev\/l\/svm-temp\/artiklar\/spanien-just-nu-dialog-ansvar-och-generositet\/#primaryimage","url":"https:\/\/lightweb.dev\/l\/svm-temp\/wp-content\/uploads\/2022\/04\/spanien-just-nu-dialog-ansvar-och-generositet.png","contentUrl":"https:\/\/lightweb.dev\/l\/svm-temp\/wp-content\/uploads\/2022\/04\/spanien-just-nu-dialog-ansvar-och-generositet.png","width":280,"height":419},{"@type":"BreadcrumbList","@id":"https:\/\/lightweb.dev\/l\/svm-temp\/artiklar\/spanien-just-nu-dialog-ansvar-och-generositet\/#breadcrumb","itemListElement":[{"@type":"ListItem","position":1,"name":"Hem","item":"https:\/\/lightweb.dev\/l\/svm-temp\/"},{"@type":"ListItem","position":2,"name":"Spanien just nu &#8211; dialog, ansvar och generositet"}]},{"@type":"WebSite","@id":"https:\/\/lightweb.dev\/l\/svm-temp\/#website","url":"https:\/\/lightweb.dev\/l\/svm-temp\/","name":"Svenska Magasinet","description":"Dina Spanska nyheter p&aring; Svenska","publisher":{"@id":"https:\/\/lightweb.dev\/l\/svm-temp\/#organization"},"potentialAction":[{"@type":"SearchAction","target":{"@type":"EntryPoint","urlTemplate":"https:\/\/lightweb.dev\/l\/svm-temp\/?s={search_term_string}"},"query-input":{"@type":"PropertyValueSpecification","valueRequired":true,"valueName":"search_term_string"}}],"inLanguage":"sv-SE"},{"@type":"Organization","@id":"https:\/\/lightweb.dev\/l\/svm-temp\/#organization","name":"Melkerson y Nott SL","alternateName":"Svenska Magasinet","url":"https:\/\/lightweb.dev\/l\/svm-temp\/","logo":{"@type":"ImageObject","inLanguage":"sv-SE","@id":"https:\/\/lightweb.dev\/l\/svm-temp\/#\/schema\/logo\/image\/","url":"https:\/\/lightweb.dev\/l\/svm-temp\/wp-content\/uploads\/2025\/02\/SvM-logo-Xtra-Centrerad-SVART.png","contentUrl":"https:\/\/lightweb.dev\/l\/svm-temp\/wp-content\/uploads\/2025\/02\/SvM-logo-Xtra-Centrerad-SVART.png","width":300,"height":99,"caption":"Melkerson y Nott SL"},"image":{"@id":"https:\/\/lightweb.dev\/l\/svm-temp\/#\/schema\/logo\/image\/"},"sameAs":["https:\/\/www.facebook.com\/svenskamagasinet","https:\/\/x.com\/SvenskaMagasine"]},{"@type":"Person","@id":"https:\/\/lightweb.dev\/l\/svm-temp\/#\/schema\/person\/206a3bda5b607b0c25e1749191e4d837","name":"Redaktionen SvM","description":"Redaktionen","sameAs":["https:\/\/lightweb.dev\/l\/svm-temp"],"url":"https:\/\/lightweb.dev\/l\/svm-temp\/reporter\/redaktionen\/"}]}},"_links":{"self":[{"href":"https:\/\/lightweb.dev\/l\/svm-temp\/wp-json\/wp\/v2\/posts\/6010","targetHints":{"allow":["GET"]}}],"collection":[{"href":"https:\/\/lightweb.dev\/l\/svm-temp\/wp-json\/wp\/v2\/posts"}],"about":[{"href":"https:\/\/lightweb.dev\/l\/svm-temp\/wp-json\/wp\/v2\/types\/post"}],"author":[{"embeddable":true,"href":"https:\/\/lightweb.dev\/l\/svm-temp\/wp-json\/wp\/v2\/users\/8"}],"replies":[{"embeddable":true,"href":"https:\/\/lightweb.dev\/l\/svm-temp\/wp-json\/wp\/v2\/comments?post=6010"}],"version-history":[{"count":0,"href":"https:\/\/lightweb.dev\/l\/svm-temp\/wp-json\/wp\/v2\/posts\/6010\/revisions"}],"wp:featuredmedia":[{"embeddable":true,"href":"https:\/\/lightweb.dev\/l\/svm-temp\/wp-json\/wp\/v2\/media\/6011"}],"wp:attachment":[{"href":"https:\/\/lightweb.dev\/l\/svm-temp\/wp-json\/wp\/v2\/media?parent=6010"}],"wp:term":[{"taxonomy":"category","embeddable":true,"href":"https:\/\/lightweb.dev\/l\/svm-temp\/wp-json\/wp\/v2\/categories?post=6010"},{"taxonomy":"post_tag","embeddable":true,"href":"https:\/\/lightweb.dev\/l\/svm-temp\/wp-json\/wp\/v2\/tags?post=6010"}],"curies":[{"name":"wp","href":"https:\/\/api.w.org\/{rel}","templated":true}]}}