{"id":6107,"date":"2016-09-12T00:00:00","date_gmt":"2016-09-11T22:00:00","guid":{"rendered":"https:\/\/lightweb.dev\/l\/svm-temp\/spanien-just-nu-inflyttning\/"},"modified":"2016-09-12T00:00:00","modified_gmt":"2016-09-11T22:00:00","slug":"spanien-just-nu-inflyttning","status":"publish","type":"post","link":"https:\/\/lightweb.dev\/l\/svm-temp\/artiklar\/spanien-just-nu-inflyttning\/","title":{"rendered":"Spanien just nu &#8211; inflyttning"},"content":{"rendered":"<p> Aldrig tidigare har utlandsflyttningen i Sverige varit s\u00e5 omfattande som just nu. Utvandringen p\u00e5 1800-talet har passerats. Under de senaste \u00e5ren har 50.000 l\u00e4mnat Sverige \u2013 per \u00e5r \u2013 vilket motsvarar en medelstor kommun som Borl\u00e4nge. Samtidigt \u00f6kar f\u00f6rs\u00e4ljningen av bost\u00e4der i Spanien till utl\u00e4nningar. Av Ola Josefsson<br \/>\n@JosefssonOla<\/p>\n<p>Hur stor andel av de utlandssugna svenskarna som \u00e4r p\u00e5 v\u00e4g till M\u00e1laga \u00e4r sv\u00e5rt att veta exakt. Vid fastighetsm\u00e4ssorna K\u00f6pa hus utomlands kan vi konstatera att Spanien \u00e4r klar etta n\u00e4r svenskar s\u00f6ker bostad i ett varmare land.<\/p>\n<p>Provinsen M\u00e1laga beh\u00f6ver fram till 2025 upp emot 10.600 nya bost\u00e4der per \u00e5r f\u00f6r att klara den f\u00f6rv\u00e4ntade efterfr\u00e5gan utifr\u00e5n visar en analys av konsultf\u00f6retaget CBRE l\u00e5tit g\u00f6ra. Analysen grundar sig p\u00e5 siffror fr\u00e5n den spanska motsvarigheten till statistiska centralbyr\u00e5n INE, en rad demografiska studier samt efterfr\u00e5gan fr\u00e5n utl\u00e4ndska turister.<br \/>\nUnder den senaste tv\u00e5\u00e5rsperioden har 40 procent av bost\u00e4derna p\u00e5 kusten s\u00e5lts till utl\u00e4nningar visar siffror fr\u00e5n Utvecklingsdepartementet Ministerio de Fomento.<\/p>\n<p>Det tycks finnas en allm\u00e4n tr\u00f6tthet i det svenska samh\u00e4llet just nu. Under mer \u00e4n trettio \u00e5rs tid har det handlat om dialog f\u00f6r att l\u00f6sa problem som skola, s\u00e4kerhet, integration och parallellsamh\u00e4llen. Det tycks som att problemen accelererar, politiker, experter eller sj\u00e4lvutn\u00e4mnda fr\u00e4lsare famlar i m\u00f6rker.<br \/>\nI mjuka tv-soffor sitter experter och debatterar dag ut och dag in. Plussa p\u00e5 med alla bloggar och sociala n\u00e4tverk; det har aldrig funnits s\u00e5 m\u00e5nga experter och f\u00f6rst\u00e5sigp\u00e5are som just nu. Det saknas vettiga l\u00f6sningar som fungerar.<\/p>\n<p>Bilbr\u00e4nder och g\u00e4ngkriminalitet har blivit vardag. Det brinner bilar \u00f6ver hela Sverige. Det \u00e4r inte l\u00e4ngre inh\u00e4gnat till Malm\u00f6, Stockholms eller G\u00f6teborgs f\u00f6rorter. Problemet syns nu i st\u00e4der med 100.000 inv\u00e5nare eller f\u00e4rre.<br \/>\nDet skylls p\u00e5 utanf\u00f6rskap och h\u00f6g ungdomsarbetsl\u00f6shet. Det har vi i Spanien ocks\u00e5. En av Europas h\u00f6gsta, och generation \u201dNi-Ni\u201d, de som varken vill studera eller arbeta \u00e4r m\u00e5nga. Trots det \u00e4r bilbr\u00e4nder ett ovanligt fenomen i Spanien.<\/p>\n<p>Jag l\u00e4ste om Muharrem Demirok (C), kommunalr\u00e5d i Link\u00f6pings kommun, som efter granatattacken i Biskopsg\u00e5rden d\u00e4r ett \u00e5tta\u00e5rigt barn omkom vill utlysa lokalt undantagstillst\u00e5nd. En l\u00e4sare h\u00f6rde av sig och gjorde mig uppm\u00e4rksam p\u00e5 Demiroks uttalande och f\u00f6reslog att man \u00e4ven b\u00f6r beg\u00e4ra hj\u00e4lp fr\u00e5n europeiska polisk\u00e5rer som Guardia Civil.<br \/>\nS\u00e5 fungerar det inte, det vet vi. Tanken l\u00e5g mer i att p\u00e5peka det utm\u00e4rkta polisi\u00e4ra arbete som k\u00e5ren i Spanien utf\u00f6r. Den svenska polisen tycks sakna redskapen i att f\u00e5 bukt med problem samtidigt som man \u00e4r under stark press att passa in i den svenska mallen f\u00f6r r\u00e4tt \u00e5sikt. Det har blivit viktigare f\u00f6r svensk polis att vara synliga i Pridet\u00e5g \u00e4n att synas p\u00e5 gator och torg. I slut\u00e4ndan \u00e4r det politiska beslut som avg\u00f6r.<\/p>\n<p>Ett samh\u00e4lle som sviker sina medborgare och utl\u00e4mnar medborgarna till de andra som uppr\u00e4tth\u00e5ller lagarna, de kriminella. Otryggheten \u00e4r v\u00e5rt v\u00e4rsta gift. Vi l\u00e5ser om oss, kvinnor skaffar \u00f6verfallslarm, cyklar och mopeder f\u00e5r kedjor och bilar parkeras helst i garage. Ingen m\u00e4nniska tycks k\u00e4nna sig trygg.<\/p>\n<p>Sverige betraktar sig som en humanit\u00e4r supermakt. Det d\u00e5liga samvetet gnager. 1922 grundades Statens institut f\u00f6r rasbiologi i Uppsala och fick starkast m\u00f6jliga politiska st\u00f6d. D\u00e5 hade Svenska s\u00e4llskapet f\u00f6r rashygien bildats tretton \u00e5r tidigare. Tunga socialdemokratiska namn som Hjalmar Branting, Alfred Petr\u00e9n, Wilhelm Bj\u00f6rk, Gunnar och Alva Myrdal bidrog till utvecklingen i Sverige liksom h\u00f6gerledaren Arvid Lindman. Hundratusentals svenskar har unders\u00f6kts rasbiologiskt.<br \/>\n\u00c5tta socialdemokratiska regeringar under 42 \u00e5r fr\u00e5n 1934 godk\u00e4nde 63.000 steriliseringar. Nazityskland \u00e4r ensamma om att ha steriliserat fler m\u00e4nniskor \u00e4n Sverige. Hade Gunnar och Alva Myrdal f\u00e5tt som de \u00f6nskat skulle fler har steriliserats i Sverige.<\/p>\n<p>Det finns intressanta h\u00e4ndelser i v\u00e4rldshistorien och paralleller. Som att Hitlers trupper fick passera genom Sverige f\u00f6r att ockupera Norge medan Franco sa nej 23 oktober 1940 n\u00e4r Hitler ville g\u00e5 genom Spanien f\u00f6r att ta Gibraltar. Knappast en j\u00e4mf\u00f6relse som passar in i dagens Sverige med \u00e5siktspolis.<\/p>\n<p>Spanien har sina problem, modell st\u00f6rre, modell mindre. Som Sverige. Men det \u00e4r en intressant utveckling som sker i det som en del har kallat v\u00e4rldens mest moderna land. Kommunismen f\u00f6ll 1989. Kapitalismens ras kom 2008. Nu har tredje v\u00e4gens politik kommit till v\u00e4gs \u00e4nde.<\/p>\n","protected":false},"excerpt":{"rendered":"<p>Aldrig tidigare har utlandsflyttningen i Sverige varit s\u00e5 omfattande som just nu. Utvandringen p\u00e5 1800-talet har passerats. Under de senaste \u00e5ren har 50.000 l\u00e4mnat Sverige \u2013 per \u00e5r \u2013 vilket motsvarar en medelstor kommun som Borl\u00e4nge. Samtidigt \u00f6kar f\u00f6rs\u00e4ljningen av bost\u00e4der i Spanien till utl\u00e4nningar. Av Ola Josefsson @JosefssonOla Hur stor andel av de utlandssugna [&hellip;]<\/p>\n","protected":false},"author":8,"featured_media":6108,"comment_status":"open","ping_status":"open","sticky":false,"template":"","format":"standard","meta":{"_et_pb_use_builder":"","_et_pb_old_content":"","_et_gb_content_width":"","footnotes":""},"categories":[4,36],"tags":[],"class_list":["post-6107","post","type-post","status-publish","format-standard","has-post-thumbnail","hentry","category-artiklar","category-spanien-just-nu"],"yoast_head":"<!-- This site is optimized with the Yoast SEO Premium plugin v26.2 (Yoast SEO v28.2) - https:\/\/yoast.com\/product\/yoast-seo-premium-wordpress\/ -->\n<title>Spanien just nu - inflyttning - Svenska Magasinet<\/title>\n<meta name=\"robots\" content=\"noindex, follow, max-snippet:-1, max-image-preview:large, max-video-preview:-1\" \/>\n<meta property=\"og:locale\" content=\"sv_SE\" \/>\n<meta property=\"og:type\" content=\"article\" \/>\n<meta property=\"og:title\" content=\"Spanien just nu - inflyttning\" \/>\n<meta property=\"og:description\" content=\"Aldrig tidigare har utlandsflyttningen i Sverige varit s\u00e5 omfattande som just nu. Utvandringen p\u00e5 1800-talet har passerats. Under de senaste \u00e5ren har 50.000 l\u00e4mnat Sverige \u2013 per \u00e5r \u2013 vilket motsvarar en medelstor kommun som Borl\u00e4nge. Samtidigt \u00f6kar f\u00f6rs\u00e4ljningen av bost\u00e4der i Spanien till utl\u00e4nningar. Av Ola Josefsson @JosefssonOla Hur stor andel av de utlandssugna [&hellip;]\" \/>\n<meta property=\"og:url\" content=\"https:\/\/lightweb.dev\/l\/svm-temp\/artiklar\/spanien-just-nu-inflyttning\/\" \/>\n<meta property=\"og:site_name\" content=\"Svenska Magasinet\" \/>\n<meta property=\"article:publisher\" content=\"https:\/\/www.facebook.com\/svenskamagasinet\" \/>\n<meta property=\"article:published_time\" content=\"2016-09-11T22:00:00+00:00\" \/>\n<meta property=\"og:image\" content=\"https:\/\/lightweb.dev\/l\/svm-temp\/wp-content\/uploads\/2022\/04\/spanien-just-nu-inflyttning.png\" \/>\n\t<meta property=\"og:image:width\" content=\"280\" \/>\n\t<meta property=\"og:image:height\" content=\"419\" \/>\n\t<meta property=\"og:image:type\" content=\"image\/png\" \/>\n<meta name=\"author\" content=\"Redaktionen SvM\" \/>\n<meta name=\"twitter:card\" content=\"summary_large_image\" \/>\n<meta name=\"twitter:creator\" content=\"@SvenskaMagasine\" \/>\n<meta name=\"twitter:site\" content=\"@SvenskaMagasine\" \/>\n<script type=\"application\/ld+json\" class=\"yoast-schema-graph\">{\"@context\":\"https:\\\/\\\/schema.org\",\"@graph\":[{\"@type\":\"Article\",\"@id\":\"https:\\\/\\\/lightweb.dev\\\/l\\\/svm-temp\\\/artiklar\\\/spanien-just-nu-inflyttning\\\/#article\",\"isPartOf\":{\"@id\":\"https:\\\/\\\/lightweb.dev\\\/l\\\/svm-temp\\\/artiklar\\\/spanien-just-nu-inflyttning\\\/\"},\"author\":{\"name\":\"Redaktionen SvM\",\"@id\":\"https:\\\/\\\/lightweb.dev\\\/l\\\/svm-temp\\\/#\\\/schema\\\/person\\\/206a3bda5b607b0c25e1749191e4d837\"},\"headline\":\"Spanien just nu &#8211; inflyttning\",\"datePublished\":\"2016-09-11T22:00:00+00:00\",\"mainEntityOfPage\":{\"@id\":\"https:\\\/\\\/lightweb.dev\\\/l\\\/svm-temp\\\/artiklar\\\/spanien-just-nu-inflyttning\\\/\"},\"wordCount\":803,\"commentCount\":0,\"publisher\":{\"@id\":\"https:\\\/\\\/lightweb.dev\\\/l\\\/svm-temp\\\/#organization\"},\"image\":{\"@id\":\"https:\\\/\\\/lightweb.dev\\\/l\\\/svm-temp\\\/artiklar\\\/spanien-just-nu-inflyttning\\\/#primaryimage\"},\"thumbnailUrl\":\"https:\\\/\\\/lightweb.dev\\\/l\\\/svm-temp\\\/wp-content\\\/uploads\\\/2022\\\/04\\\/spanien-just-nu-inflyttning.png\",\"articleSection\":[\"Artiklar\",\"Spanien just nu\"],\"inLanguage\":\"sv-SE\"},{\"@type\":\"WebPage\",\"@id\":\"https:\\\/\\\/lightweb.dev\\\/l\\\/svm-temp\\\/artiklar\\\/spanien-just-nu-inflyttning\\\/\",\"url\":\"https:\\\/\\\/lightweb.dev\\\/l\\\/svm-temp\\\/artiklar\\\/spanien-just-nu-inflyttning\\\/\",\"name\":\"Spanien just nu - inflyttning - Svenska Magasinet\",\"isPartOf\":{\"@id\":\"https:\\\/\\\/lightweb.dev\\\/l\\\/svm-temp\\\/#website\"},\"primaryImageOfPage\":{\"@id\":\"https:\\\/\\\/lightweb.dev\\\/l\\\/svm-temp\\\/artiklar\\\/spanien-just-nu-inflyttning\\\/#primaryimage\"},\"image\":{\"@id\":\"https:\\\/\\\/lightweb.dev\\\/l\\\/svm-temp\\\/artiklar\\\/spanien-just-nu-inflyttning\\\/#primaryimage\"},\"thumbnailUrl\":\"https:\\\/\\\/lightweb.dev\\\/l\\\/svm-temp\\\/wp-content\\\/uploads\\\/2022\\\/04\\\/spanien-just-nu-inflyttning.png\",\"datePublished\":\"2016-09-11T22:00:00+00:00\",\"breadcrumb\":{\"@id\":\"https:\\\/\\\/lightweb.dev\\\/l\\\/svm-temp\\\/artiklar\\\/spanien-just-nu-inflyttning\\\/#breadcrumb\"},\"inLanguage\":\"sv-SE\",\"potentialAction\":[{\"@type\":\"ReadAction\",\"target\":[\"https:\\\/\\\/lightweb.dev\\\/l\\\/svm-temp\\\/artiklar\\\/spanien-just-nu-inflyttning\\\/\"]}]},{\"@type\":\"ImageObject\",\"inLanguage\":\"sv-SE\",\"@id\":\"https:\\\/\\\/lightweb.dev\\\/l\\\/svm-temp\\\/artiklar\\\/spanien-just-nu-inflyttning\\\/#primaryimage\",\"url\":\"https:\\\/\\\/lightweb.dev\\\/l\\\/svm-temp\\\/wp-content\\\/uploads\\\/2022\\\/04\\\/spanien-just-nu-inflyttning.png\",\"contentUrl\":\"https:\\\/\\\/lightweb.dev\\\/l\\\/svm-temp\\\/wp-content\\\/uploads\\\/2022\\\/04\\\/spanien-just-nu-inflyttning.png\",\"width\":280,\"height\":419},{\"@type\":\"BreadcrumbList\",\"@id\":\"https:\\\/\\\/lightweb.dev\\\/l\\\/svm-temp\\\/artiklar\\\/spanien-just-nu-inflyttning\\\/#breadcrumb\",\"itemListElement\":[{\"@type\":\"ListItem\",\"position\":1,\"name\":\"Hem\",\"item\":\"https:\\\/\\\/lightweb.dev\\\/l\\\/svm-temp\\\/\"},{\"@type\":\"ListItem\",\"position\":2,\"name\":\"Spanien just nu &#8211; inflyttning\"}]},{\"@type\":\"WebSite\",\"@id\":\"https:\\\/\\\/lightweb.dev\\\/l\\\/svm-temp\\\/#website\",\"url\":\"https:\\\/\\\/lightweb.dev\\\/l\\\/svm-temp\\\/\",\"name\":\"Svenska Magasinet\",\"description\":\"Dina Spanska nyheter p&aring; Svenska\",\"publisher\":{\"@id\":\"https:\\\/\\\/lightweb.dev\\\/l\\\/svm-temp\\\/#organization\"},\"potentialAction\":[{\"@type\":\"SearchAction\",\"target\":{\"@type\":\"EntryPoint\",\"urlTemplate\":\"https:\\\/\\\/lightweb.dev\\\/l\\\/svm-temp\\\/?s={search_term_string}\"},\"query-input\":{\"@type\":\"PropertyValueSpecification\",\"valueRequired\":true,\"valueName\":\"search_term_string\"}}],\"inLanguage\":\"sv-SE\"},{\"@type\":\"Organization\",\"@id\":\"https:\\\/\\\/lightweb.dev\\\/l\\\/svm-temp\\\/#organization\",\"name\":\"Melkerson y Nott SL\",\"alternateName\":\"Svenska Magasinet\",\"url\":\"https:\\\/\\\/lightweb.dev\\\/l\\\/svm-temp\\\/\",\"logo\":{\"@type\":\"ImageObject\",\"inLanguage\":\"sv-SE\",\"@id\":\"https:\\\/\\\/lightweb.dev\\\/l\\\/svm-temp\\\/#\\\/schema\\\/logo\\\/image\\\/\",\"url\":\"https:\\\/\\\/lightweb.dev\\\/l\\\/svm-temp\\\/wp-content\\\/uploads\\\/2025\\\/02\\\/SvM-logo-Xtra-Centrerad-SVART.png\",\"contentUrl\":\"https:\\\/\\\/lightweb.dev\\\/l\\\/svm-temp\\\/wp-content\\\/uploads\\\/2025\\\/02\\\/SvM-logo-Xtra-Centrerad-SVART.png\",\"width\":300,\"height\":99,\"caption\":\"Melkerson y Nott SL\"},\"image\":{\"@id\":\"https:\\\/\\\/lightweb.dev\\\/l\\\/svm-temp\\\/#\\\/schema\\\/logo\\\/image\\\/\"},\"sameAs\":[\"https:\\\/\\\/www.facebook.com\\\/svenskamagasinet\",\"https:\\\/\\\/x.com\\\/SvenskaMagasine\"]},{\"@type\":\"Person\",\"@id\":\"https:\\\/\\\/lightweb.dev\\\/l\\\/svm-temp\\\/#\\\/schema\\\/person\\\/206a3bda5b607b0c25e1749191e4d837\",\"name\":\"Redaktionen SvM\",\"description\":\"Redaktionen\",\"sameAs\":[\"https:\\\/\\\/lightweb.dev\\\/l\\\/svm-temp\"],\"url\":\"https:\\\/\\\/lightweb.dev\\\/l\\\/svm-temp\\\/reporter\\\/redaktionen\\\/\"}]}<\/script>\n<!-- \/ Yoast SEO Premium plugin. -->","yoast_head_json":{"title":"Spanien just nu - inflyttning - Svenska Magasinet","robots":{"index":"noindex","follow":"follow","max-snippet":"max-snippet:-1","max-image-preview":"max-image-preview:large","max-video-preview":"max-video-preview:-1"},"og_locale":"sv_SE","og_type":"article","og_title":"Spanien just nu - inflyttning","og_description":"Aldrig tidigare har utlandsflyttningen i Sverige varit s\u00e5 omfattande som just nu. Utvandringen p\u00e5 1800-talet har passerats. Under de senaste \u00e5ren har 50.000 l\u00e4mnat Sverige \u2013 per \u00e5r \u2013 vilket motsvarar en medelstor kommun som Borl\u00e4nge. Samtidigt \u00f6kar f\u00f6rs\u00e4ljningen av bost\u00e4der i Spanien till utl\u00e4nningar. Av Ola Josefsson @JosefssonOla Hur stor andel av de utlandssugna [&hellip;]","og_url":"https:\/\/lightweb.dev\/l\/svm-temp\/artiklar\/spanien-just-nu-inflyttning\/","og_site_name":"Svenska Magasinet","article_publisher":"https:\/\/www.facebook.com\/svenskamagasinet","article_published_time":"2016-09-11T22:00:00+00:00","og_image":[{"width":280,"height":419,"url":"https:\/\/lightweb.dev\/l\/svm-temp\/wp-content\/uploads\/2022\/04\/spanien-just-nu-inflyttning.png","type":"image\/png"}],"author":"Redaktionen SvM","twitter_card":"summary_large_image","twitter_creator":"@SvenskaMagasine","twitter_site":"@SvenskaMagasine","schema":{"@context":"https:\/\/schema.org","@graph":[{"@type":"Article","@id":"https:\/\/lightweb.dev\/l\/svm-temp\/artiklar\/spanien-just-nu-inflyttning\/#article","isPartOf":{"@id":"https:\/\/lightweb.dev\/l\/svm-temp\/artiklar\/spanien-just-nu-inflyttning\/"},"author":{"name":"Redaktionen SvM","@id":"https:\/\/lightweb.dev\/l\/svm-temp\/#\/schema\/person\/206a3bda5b607b0c25e1749191e4d837"},"headline":"Spanien just nu &#8211; inflyttning","datePublished":"2016-09-11T22:00:00+00:00","mainEntityOfPage":{"@id":"https:\/\/lightweb.dev\/l\/svm-temp\/artiklar\/spanien-just-nu-inflyttning\/"},"wordCount":803,"commentCount":0,"publisher":{"@id":"https:\/\/lightweb.dev\/l\/svm-temp\/#organization"},"image":{"@id":"https:\/\/lightweb.dev\/l\/svm-temp\/artiklar\/spanien-just-nu-inflyttning\/#primaryimage"},"thumbnailUrl":"https:\/\/lightweb.dev\/l\/svm-temp\/wp-content\/uploads\/2022\/04\/spanien-just-nu-inflyttning.png","articleSection":["Artiklar","Spanien just nu"],"inLanguage":"sv-SE"},{"@type":"WebPage","@id":"https:\/\/lightweb.dev\/l\/svm-temp\/artiklar\/spanien-just-nu-inflyttning\/","url":"https:\/\/lightweb.dev\/l\/svm-temp\/artiklar\/spanien-just-nu-inflyttning\/","name":"Spanien just nu - inflyttning - Svenska Magasinet","isPartOf":{"@id":"https:\/\/lightweb.dev\/l\/svm-temp\/#website"},"primaryImageOfPage":{"@id":"https:\/\/lightweb.dev\/l\/svm-temp\/artiklar\/spanien-just-nu-inflyttning\/#primaryimage"},"image":{"@id":"https:\/\/lightweb.dev\/l\/svm-temp\/artiklar\/spanien-just-nu-inflyttning\/#primaryimage"},"thumbnailUrl":"https:\/\/lightweb.dev\/l\/svm-temp\/wp-content\/uploads\/2022\/04\/spanien-just-nu-inflyttning.png","datePublished":"2016-09-11T22:00:00+00:00","breadcrumb":{"@id":"https:\/\/lightweb.dev\/l\/svm-temp\/artiklar\/spanien-just-nu-inflyttning\/#breadcrumb"},"inLanguage":"sv-SE","potentialAction":[{"@type":"ReadAction","target":["https:\/\/lightweb.dev\/l\/svm-temp\/artiklar\/spanien-just-nu-inflyttning\/"]}]},{"@type":"ImageObject","inLanguage":"sv-SE","@id":"https:\/\/lightweb.dev\/l\/svm-temp\/artiklar\/spanien-just-nu-inflyttning\/#primaryimage","url":"https:\/\/lightweb.dev\/l\/svm-temp\/wp-content\/uploads\/2022\/04\/spanien-just-nu-inflyttning.png","contentUrl":"https:\/\/lightweb.dev\/l\/svm-temp\/wp-content\/uploads\/2022\/04\/spanien-just-nu-inflyttning.png","width":280,"height":419},{"@type":"BreadcrumbList","@id":"https:\/\/lightweb.dev\/l\/svm-temp\/artiklar\/spanien-just-nu-inflyttning\/#breadcrumb","itemListElement":[{"@type":"ListItem","position":1,"name":"Hem","item":"https:\/\/lightweb.dev\/l\/svm-temp\/"},{"@type":"ListItem","position":2,"name":"Spanien just nu &#8211; inflyttning"}]},{"@type":"WebSite","@id":"https:\/\/lightweb.dev\/l\/svm-temp\/#website","url":"https:\/\/lightweb.dev\/l\/svm-temp\/","name":"Svenska Magasinet","description":"Dina Spanska nyheter p&aring; Svenska","publisher":{"@id":"https:\/\/lightweb.dev\/l\/svm-temp\/#organization"},"potentialAction":[{"@type":"SearchAction","target":{"@type":"EntryPoint","urlTemplate":"https:\/\/lightweb.dev\/l\/svm-temp\/?s={search_term_string}"},"query-input":{"@type":"PropertyValueSpecification","valueRequired":true,"valueName":"search_term_string"}}],"inLanguage":"sv-SE"},{"@type":"Organization","@id":"https:\/\/lightweb.dev\/l\/svm-temp\/#organization","name":"Melkerson y Nott SL","alternateName":"Svenska Magasinet","url":"https:\/\/lightweb.dev\/l\/svm-temp\/","logo":{"@type":"ImageObject","inLanguage":"sv-SE","@id":"https:\/\/lightweb.dev\/l\/svm-temp\/#\/schema\/logo\/image\/","url":"https:\/\/lightweb.dev\/l\/svm-temp\/wp-content\/uploads\/2025\/02\/SvM-logo-Xtra-Centrerad-SVART.png","contentUrl":"https:\/\/lightweb.dev\/l\/svm-temp\/wp-content\/uploads\/2025\/02\/SvM-logo-Xtra-Centrerad-SVART.png","width":300,"height":99,"caption":"Melkerson y Nott SL"},"image":{"@id":"https:\/\/lightweb.dev\/l\/svm-temp\/#\/schema\/logo\/image\/"},"sameAs":["https:\/\/www.facebook.com\/svenskamagasinet","https:\/\/x.com\/SvenskaMagasine"]},{"@type":"Person","@id":"https:\/\/lightweb.dev\/l\/svm-temp\/#\/schema\/person\/206a3bda5b607b0c25e1749191e4d837","name":"Redaktionen SvM","description":"Redaktionen","sameAs":["https:\/\/lightweb.dev\/l\/svm-temp"],"url":"https:\/\/lightweb.dev\/l\/svm-temp\/reporter\/redaktionen\/"}]}},"_links":{"self":[{"href":"https:\/\/lightweb.dev\/l\/svm-temp\/wp-json\/wp\/v2\/posts\/6107","targetHints":{"allow":["GET"]}}],"collection":[{"href":"https:\/\/lightweb.dev\/l\/svm-temp\/wp-json\/wp\/v2\/posts"}],"about":[{"href":"https:\/\/lightweb.dev\/l\/svm-temp\/wp-json\/wp\/v2\/types\/post"}],"author":[{"embeddable":true,"href":"https:\/\/lightweb.dev\/l\/svm-temp\/wp-json\/wp\/v2\/users\/8"}],"replies":[{"embeddable":true,"href":"https:\/\/lightweb.dev\/l\/svm-temp\/wp-json\/wp\/v2\/comments?post=6107"}],"version-history":[{"count":0,"href":"https:\/\/lightweb.dev\/l\/svm-temp\/wp-json\/wp\/v2\/posts\/6107\/revisions"}],"wp:featuredmedia":[{"embeddable":true,"href":"https:\/\/lightweb.dev\/l\/svm-temp\/wp-json\/wp\/v2\/media\/6108"}],"wp:attachment":[{"href":"https:\/\/lightweb.dev\/l\/svm-temp\/wp-json\/wp\/v2\/media?parent=6107"}],"wp:term":[{"taxonomy":"category","embeddable":true,"href":"https:\/\/lightweb.dev\/l\/svm-temp\/wp-json\/wp\/v2\/categories?post=6107"},{"taxonomy":"post_tag","embeddable":true,"href":"https:\/\/lightweb.dev\/l\/svm-temp\/wp-json\/wp\/v2\/tags?post=6107"}],"curies":[{"name":"wp","href":"https:\/\/api.w.org\/{rel}","templated":true}]}}