{"id":6111,"date":"2016-09-12T00:00:00","date_gmt":"2016-09-11T22:00:00","guid":{"rendered":"https:\/\/lightweb.dev\/l\/svm-temp\/mitt-liv-pa-solkusten\/"},"modified":"2016-09-12T00:00:00","modified_gmt":"2016-09-11T22:00:00","slug":"mitt-liv-pa-solkusten","status":"publish","type":"post","link":"https:\/\/lightweb.dev\/l\/svm-temp\/artiklar\/mitt-liv-pa-solkusten\/","title":{"rendered":"Mitt liv p\u00e5 Solkusten"},"content":{"rendered":"<p> Att f\u00e5 \u00e4ran att skriv lite om mitt liv \u00e4r b\u00e5de hedrande och lite l\u00e4skigt. H\u00e4r vill jag ber\u00e4tta lite om min resa i livet de senaste \u00e5ren. Av Rickard Deler<br \/>\ne-post: rickard@deler.se <\/p>\n<p>F\u00f6r dryga 10 \u00e5r sen bes\u00f6kte vi Spanien, tyckte det var ett underbart land och att det l\u00e5g  relativt n\u00e4ra Sverige n\u00e4r man reser med barn. Vi bes\u00f6kte Spanien regelbundet efter f\u00f6rsta bes\u00f6ket och f\u00f6r ca 7 \u00e5r sedan k\u00f6pte vi ett hus som var minst sagt i renoveringsbehov.<\/p>\n<p>Jag reste mellan Sverige och Spanien varje m\u00e5nad f\u00f6r att f\u00e5 allt som vi ville och f\u00f6rstod under resan att det fungerar inte riktigt som i Sverige. Jag \u00e4r i byggbranchen sj\u00e4lv s\u00e5 jag vet hur saker ska g\u00f6ras och vi var inte alltid \u00f6verens med den spanska byggaren, hehe. Vad jag l\u00e4rt mig under dessa \u00e5r, \u00e4r att jag inte \u00e4r i Sverige, jag \u00e4r i Spanien.<\/p>\n<p>Jag kan inte bli arg s\u00e5 fort dom g\u00f6r p\u00e5 sitt s\u00e4tt. Det g\u00e4ller att anpassa sig till det landet man \u00e4r i och f\u00f6rs\u00f6ka hitta en medelv\u00e4g d\u00e4r alla blir n\u00f6jda. Tror detta \u00e4r ett stort problem f\u00f6r m\u00e5nga. Jag k\u00e4nner m\u00e5nga som bygger om. Dom l\u00e4gger enorm energi p\u00e5 att va arga p\u00e5 det spanska systemet. Har vi valt att ha bostad h\u00e4r s\u00e5 f\u00e5r vi anpassa oss och l\u00e4ra oss hur dom t\u00e4nker och arbetar. Kanske f\u00f6rs\u00f6ka l\u00e4ra dom lite av vad vi kan s\u00e5 saker g\u00e5r l\u00e4ttare f\u00f6r dom, m\u00e5nga g\u00e5nger \u00e4r dom glada f\u00f6r nya id\u00e9er.<\/p>\n<p>Min dr\u00f6m var att en dag f\u00e5 bo h\u00e4r st\u00f6rre delen av \u00e5ret. Jag gick konstant o va arg p\u00e5 det svenska klimatet. Varf\u00f6r bo i Sverige n\u00e4r jag har m\u00f6jlighet att bo h\u00e4r med sol 320 dagar\/\u00e5r ? Jag skilde mig f\u00f6r drygt 2 \u00e5r sen o d\u00e5 blev det stora f\u00f6r\u00e4ndringar i mitt liv. Jag b\u00f6rjade \u00e5ka hit oftare, spelade golf, tr\u00e4ffade v\u00e4nner och drack m\u00e4ngder med vin f\u00f6r dels \u00e4r det lite av en levnads\u00e4tt h\u00e4r nere  o det var ett \u201dbra\u201d s\u00e4tt att komma ifr\u00e5n.<\/p>\n<p>En morgon f\u00f6r 1,5 \u00e5r sedan, vaknade jag i mitt hus i Spanien o t\u00e4nkte n\u00e4 fan jag ska prova att bo h\u00e4r och starta lite aff\u00e4rer. B\u00f6rja att k\u00f6pa o renovera fastigheter, det jag gjort i 30 \u00e5r i Sverige. Men det fanns en oro i mina tankar. Alkoholen! S\u00e5 jag sa till mig sj\u00e4lv prova att inte dricka under sommaren o se om jag tycker det \u00e4r tr\u00e5kigt att vara h\u00e4r. F\u00f6r \u00e4r det s\u00e5, d\u00e5 kan jag inte bo h\u00e4r. Det var det b\u00e4sta jag gjort. Jag tr\u00e4ffade massor med m\u00e4nniskor som lever nyttiga liv,  jobbar o tr\u00e4nar och lever \u201dvanliga liv\u201d. Nu har det g\u00e5tt 1,5 \u00e5r o fortfarande inte en droppe alkohol.<\/p>\n<p>Att vara 100% n\u00e4rvarande o ta kloka beslut hela tiden (haha n\u00e4stan) \u00e4r helt underbart. M\u00e5nga s\u00e4ger till mig att dom \u00e4r r\u00e4dda f\u00f6r att k\u00f6pa i Spanien f\u00f6r att det kan bli mycket party. Jag vill verkligen s\u00e4ga att det ska man ha respekt f\u00f6r och att det \u00e4r klart att det \u00e4r m\u00e5nga som dricker f\u00f6r mycket o tycker att va fan ett glas vin kan man unna sig. men det stannar s\u00e4llan med ett glas vin(egen erfarenhet).<\/p>\n<p>Jag kommer inte \u00e4gna tid \u00e5t att f\u00f6rs\u00f6ka s\u00e4ga hur duktig jag \u00e4r som inte dricker eller f\u00f6rs\u00f6ka f\u00e5 andra att dricka mindre men det finns ett betydligt st\u00f6rre utbud h\u00e4r \u00e4n att dricka vin p\u00e5 golfbanor, party i hamnen mm. Och det \u00e4r inget fel p\u00e5 golfbanor tv\u00e4rtom, \u00e4r sj\u00e4lv medlem p\u00e5 Los Naranjos som jag fullst\u00e4ndigt \u00e4lskar. Nu bor jag h\u00e4r stor del av \u00e5ret och driver mina bolag b\u00e5de i Sverige o h\u00e4r med stor framg\u00e5ng.<\/p>\n<p>Tr\u00e4ffar m\u00e5nga nya v\u00e4nner o min \u00e4ldsta son b\u00f6rjar skolan h\u00e4r till h\u00f6sten s\u00e5 det kommer bli minst sagt sp\u00e4nnande tid fram\u00f6ver. Vill ocks\u00e5 skriva lite om att k\u00f6pa bostad h\u00e4r. M\u00e5nga s\u00e4ger att du ska t\u00e4nka p\u00e5 b\u00e5de det ena o det andra och jag tror det skr\u00e4mmer m\u00e5nga. Jag \u00e4r \u00f6vertygad om att om man s\u00e4tter sig ner o l\u00e4ser p\u00e5 vad som g\u00e4ller h\u00e4r, s\u00e5 \u00e4r det inga problem och sluta j\u00e4mf\u00f6ra med Sverige. Du \u00e4r inte i Sverige.<\/p>\n<p>Se till att ha ordning p\u00e5 allt som g\u00e4ller h\u00e4r med deklarationer, skatter, avgifter mm d\u00e5 slipper du bli irriterad \u00f6ver systemet som faktisk \u00e4r deras. (Jag kan ocks\u00e5 bli arg ibland, hehe, men d\u00e5 f\u00e5r jag andas lite djupare o t\u00e4nka p\u00e5 det jag just skrev.)  Om du\/ni har m\u00f6jligheten att leva h\u00e4r s\u00e5 \u00e4r det n\u00e5got jag verkligen kan rekommendera. Det finns s\u00e5 fantastiskt mycket att g\u00f6ra o att leva st\u00f6rsta delen av dagen utomhus g\u00f6r att man g\u00e5r o l\u00e4gger sig med ett leende n\u00e4stan varje kv\u00e4ll.<\/p>\n<p>Mina r\u00e5d till er som har planer p\u00e5 bostad p\u00e5 Solkusten.<br \/>\n1, Ha respekt f\u00f6r alkoholen<br \/>\n2, L\u00e4s massor om att k\u00f6pa bostad i Spanien innan ni k\u00f6per<br \/>\n3, Fr\u00e5ga v\u00e4nner som bor h\u00e4r om rekommendation p\u00e5 advokat som kan hj\u00e4lpa till. Finns flera v\u00e4ldigt duktiga h\u00e4r.<br \/>\n4, Vid ombyggnad ta alltid flera referenser innan du b\u00f6rjar renovera o skriv kontrakt med byggaren (advokaten hj\u00e4lper till)<br \/>\n5, B\u00f6rja morgonen med en promenad och njut att att vara p\u00e5 Europas b\u00e4sta st\u00e4lle<br \/>\n6, Se till att barnen o ni sj\u00e4lva upplever alla aktiviteter som finns h\u00e4r.<br \/>\n7, Om du\/ni har trist n\u00e5n dag h\u00f6r av er till mig s\u00e5 ska jag \u00e4ndra p\u00e5 det:)<\/p>\n<p>Tack f\u00f6r att ni tog er tid att l\u00e4sa om delar i mitt liv, lev v\u00e4l o va r\u00e4dda om er. Det g\u00e5r att leva dr\u00f6mmen \ud83d\ude42<br \/>\nKram<\/p>\n","protected":false},"excerpt":{"rendered":"<p>Att f\u00e5 \u00e4ran att skriv lite om mitt liv \u00e4r b\u00e5de hedrande och lite l\u00e4skigt. H\u00e4r vill jag ber\u00e4tta lite om min resa i livet de senaste \u00e5ren. Av Rickard Deler e-post: rickard@deler.se F\u00f6r dryga 10 \u00e5r sen bes\u00f6kte vi Spanien, tyckte det var ett underbart land och att det l\u00e5g relativt n\u00e4ra Sverige n\u00e4r [&hellip;]<\/p>\n","protected":false},"author":8,"featured_media":6112,"comment_status":"open","ping_status":"open","sticky":false,"template":"","format":"standard","meta":{"_et_pb_use_builder":"","_et_pb_old_content":"","_et_gb_content_width":"","footnotes":""},"categories":[396,4],"tags":[],"class_list":["post-6111","post","type-post","status-publish","format-standard","has-post-thumbnail","hentry","category-arkiv-artiklar","category-artiklar"],"yoast_head":"<!-- This site is optimized with the Yoast SEO Premium plugin v26.2 (Yoast SEO v28.2) - https:\/\/yoast.com\/product\/yoast-seo-premium-wordpress\/ -->\n<title>Mitt liv p\u00e5 Solkusten - Svenska Magasinet<\/title>\n<meta name=\"robots\" content=\"noindex, follow, max-snippet:-1, max-image-preview:large, max-video-preview:-1\" \/>\n<meta property=\"og:locale\" content=\"sv_SE\" \/>\n<meta property=\"og:type\" content=\"article\" \/>\n<meta property=\"og:title\" content=\"Mitt liv p\u00e5 Solkusten\" \/>\n<meta property=\"og:description\" content=\"Att f\u00e5 \u00e4ran att skriv lite om mitt liv \u00e4r b\u00e5de hedrande och lite l\u00e4skigt. H\u00e4r vill jag ber\u00e4tta lite om min resa i livet de senaste \u00e5ren. Av Rickard Deler e-post: rickard@deler.se F\u00f6r dryga 10 \u00e5r sen bes\u00f6kte vi Spanien, tyckte det var ett underbart land och att det l\u00e5g relativt n\u00e4ra Sverige n\u00e4r [&hellip;]\" \/>\n<meta property=\"og:url\" content=\"https:\/\/lightweb.dev\/l\/svm-temp\/artiklar\/mitt-liv-pa-solkusten\/\" \/>\n<meta property=\"og:site_name\" content=\"Svenska Magasinet\" \/>\n<meta property=\"article:publisher\" content=\"https:\/\/www.facebook.com\/svenskamagasinet\" \/>\n<meta property=\"article:published_time\" content=\"2016-09-11T22:00:00+00:00\" \/>\n<meta property=\"og:image\" content=\"https:\/\/lightweb.dev\/l\/svm-temp\/wp-content\/uploads\/2022\/04\/mitt-liv-p-solkusten.png\" \/>\n\t<meta property=\"og:image:width\" content=\"280\" \/>\n\t<meta property=\"og:image:height\" content=\"438\" \/>\n\t<meta property=\"og:image:type\" content=\"image\/png\" \/>\n<meta name=\"author\" content=\"Redaktionen SvM\" \/>\n<meta name=\"twitter:card\" content=\"summary_large_image\" \/>\n<meta name=\"twitter:creator\" content=\"@SvenskaMagasine\" \/>\n<meta name=\"twitter:site\" content=\"@SvenskaMagasine\" \/>\n<script type=\"application\/ld+json\" class=\"yoast-schema-graph\">{\"@context\":\"https:\\\/\\\/schema.org\",\"@graph\":[{\"@type\":\"Article\",\"@id\":\"https:\\\/\\\/lightweb.dev\\\/l\\\/svm-temp\\\/artiklar\\\/mitt-liv-pa-solkusten\\\/#article\",\"isPartOf\":{\"@id\":\"https:\\\/\\\/lightweb.dev\\\/l\\\/svm-temp\\\/artiklar\\\/mitt-liv-pa-solkusten\\\/\"},\"author\":{\"name\":\"Redaktionen SvM\",\"@id\":\"https:\\\/\\\/lightweb.dev\\\/l\\\/svm-temp\\\/#\\\/schema\\\/person\\\/206a3bda5b607b0c25e1749191e4d837\"},\"headline\":\"Mitt liv p\u00e5 Solkusten\",\"datePublished\":\"2016-09-11T22:00:00+00:00\",\"mainEntityOfPage\":{\"@id\":\"https:\\\/\\\/lightweb.dev\\\/l\\\/svm-temp\\\/artiklar\\\/mitt-liv-pa-solkusten\\\/\"},\"wordCount\":1093,\"commentCount\":0,\"publisher\":{\"@id\":\"https:\\\/\\\/lightweb.dev\\\/l\\\/svm-temp\\\/#organization\"},\"image\":{\"@id\":\"https:\\\/\\\/lightweb.dev\\\/l\\\/svm-temp\\\/artiklar\\\/mitt-liv-pa-solkusten\\\/#primaryimage\"},\"thumbnailUrl\":\"https:\\\/\\\/lightweb.dev\\\/l\\\/svm-temp\\\/wp-content\\\/uploads\\\/2022\\\/04\\\/mitt-liv-p-solkusten.png\",\"articleSection\":[\"Arkiv\",\"Artiklar\"],\"inLanguage\":\"sv-SE\"},{\"@type\":\"WebPage\",\"@id\":\"https:\\\/\\\/lightweb.dev\\\/l\\\/svm-temp\\\/artiklar\\\/mitt-liv-pa-solkusten\\\/\",\"url\":\"https:\\\/\\\/lightweb.dev\\\/l\\\/svm-temp\\\/artiklar\\\/mitt-liv-pa-solkusten\\\/\",\"name\":\"Mitt liv p\u00e5 Solkusten - Svenska Magasinet\",\"isPartOf\":{\"@id\":\"https:\\\/\\\/lightweb.dev\\\/l\\\/svm-temp\\\/#website\"},\"primaryImageOfPage\":{\"@id\":\"https:\\\/\\\/lightweb.dev\\\/l\\\/svm-temp\\\/artiklar\\\/mitt-liv-pa-solkusten\\\/#primaryimage\"},\"image\":{\"@id\":\"https:\\\/\\\/lightweb.dev\\\/l\\\/svm-temp\\\/artiklar\\\/mitt-liv-pa-solkusten\\\/#primaryimage\"},\"thumbnailUrl\":\"https:\\\/\\\/lightweb.dev\\\/l\\\/svm-temp\\\/wp-content\\\/uploads\\\/2022\\\/04\\\/mitt-liv-p-solkusten.png\",\"datePublished\":\"2016-09-11T22:00:00+00:00\",\"breadcrumb\":{\"@id\":\"https:\\\/\\\/lightweb.dev\\\/l\\\/svm-temp\\\/artiklar\\\/mitt-liv-pa-solkusten\\\/#breadcrumb\"},\"inLanguage\":\"sv-SE\",\"potentialAction\":[{\"@type\":\"ReadAction\",\"target\":[\"https:\\\/\\\/lightweb.dev\\\/l\\\/svm-temp\\\/artiklar\\\/mitt-liv-pa-solkusten\\\/\"]}]},{\"@type\":\"ImageObject\",\"inLanguage\":\"sv-SE\",\"@id\":\"https:\\\/\\\/lightweb.dev\\\/l\\\/svm-temp\\\/artiklar\\\/mitt-liv-pa-solkusten\\\/#primaryimage\",\"url\":\"https:\\\/\\\/lightweb.dev\\\/l\\\/svm-temp\\\/wp-content\\\/uploads\\\/2022\\\/04\\\/mitt-liv-p-solkusten.png\",\"contentUrl\":\"https:\\\/\\\/lightweb.dev\\\/l\\\/svm-temp\\\/wp-content\\\/uploads\\\/2022\\\/04\\\/mitt-liv-p-solkusten.png\",\"width\":280,\"height\":438},{\"@type\":\"BreadcrumbList\",\"@id\":\"https:\\\/\\\/lightweb.dev\\\/l\\\/svm-temp\\\/artiklar\\\/mitt-liv-pa-solkusten\\\/#breadcrumb\",\"itemListElement\":[{\"@type\":\"ListItem\",\"position\":1,\"name\":\"Hem\",\"item\":\"https:\\\/\\\/lightweb.dev\\\/l\\\/svm-temp\\\/\"},{\"@type\":\"ListItem\",\"position\":2,\"name\":\"Mitt liv p\u00e5 Solkusten\"}]},{\"@type\":\"WebSite\",\"@id\":\"https:\\\/\\\/lightweb.dev\\\/l\\\/svm-temp\\\/#website\",\"url\":\"https:\\\/\\\/lightweb.dev\\\/l\\\/svm-temp\\\/\",\"name\":\"Svenska Magasinet\",\"description\":\"Dina Spanska nyheter p&aring; Svenska\",\"publisher\":{\"@id\":\"https:\\\/\\\/lightweb.dev\\\/l\\\/svm-temp\\\/#organization\"},\"potentialAction\":[{\"@type\":\"SearchAction\",\"target\":{\"@type\":\"EntryPoint\",\"urlTemplate\":\"https:\\\/\\\/lightweb.dev\\\/l\\\/svm-temp\\\/?s={search_term_string}\"},\"query-input\":{\"@type\":\"PropertyValueSpecification\",\"valueRequired\":true,\"valueName\":\"search_term_string\"}}],\"inLanguage\":\"sv-SE\"},{\"@type\":\"Organization\",\"@id\":\"https:\\\/\\\/lightweb.dev\\\/l\\\/svm-temp\\\/#organization\",\"name\":\"Melkerson y Nott SL\",\"alternateName\":\"Svenska Magasinet\",\"url\":\"https:\\\/\\\/lightweb.dev\\\/l\\\/svm-temp\\\/\",\"logo\":{\"@type\":\"ImageObject\",\"inLanguage\":\"sv-SE\",\"@id\":\"https:\\\/\\\/lightweb.dev\\\/l\\\/svm-temp\\\/#\\\/schema\\\/logo\\\/image\\\/\",\"url\":\"https:\\\/\\\/lightweb.dev\\\/l\\\/svm-temp\\\/wp-content\\\/uploads\\\/2025\\\/02\\\/SvM-logo-Xtra-Centrerad-SVART.png\",\"contentUrl\":\"https:\\\/\\\/lightweb.dev\\\/l\\\/svm-temp\\\/wp-content\\\/uploads\\\/2025\\\/02\\\/SvM-logo-Xtra-Centrerad-SVART.png\",\"width\":300,\"height\":99,\"caption\":\"Melkerson y Nott SL\"},\"image\":{\"@id\":\"https:\\\/\\\/lightweb.dev\\\/l\\\/svm-temp\\\/#\\\/schema\\\/logo\\\/image\\\/\"},\"sameAs\":[\"https:\\\/\\\/www.facebook.com\\\/svenskamagasinet\",\"https:\\\/\\\/x.com\\\/SvenskaMagasine\"]},{\"@type\":\"Person\",\"@id\":\"https:\\\/\\\/lightweb.dev\\\/l\\\/svm-temp\\\/#\\\/schema\\\/person\\\/206a3bda5b607b0c25e1749191e4d837\",\"name\":\"Redaktionen SvM\",\"description\":\"Redaktionen\",\"sameAs\":[\"https:\\\/\\\/lightweb.dev\\\/l\\\/svm-temp\"],\"url\":\"https:\\\/\\\/lightweb.dev\\\/l\\\/svm-temp\\\/reporter\\\/redaktionen\\\/\"}]}<\/script>\n<!-- \/ Yoast SEO Premium plugin. -->","yoast_head_json":{"title":"Mitt liv p\u00e5 Solkusten - Svenska Magasinet","robots":{"index":"noindex","follow":"follow","max-snippet":"max-snippet:-1","max-image-preview":"max-image-preview:large","max-video-preview":"max-video-preview:-1"},"og_locale":"sv_SE","og_type":"article","og_title":"Mitt liv p\u00e5 Solkusten","og_description":"Att f\u00e5 \u00e4ran att skriv lite om mitt liv \u00e4r b\u00e5de hedrande och lite l\u00e4skigt. H\u00e4r vill jag ber\u00e4tta lite om min resa i livet de senaste \u00e5ren. Av Rickard Deler e-post: rickard@deler.se F\u00f6r dryga 10 \u00e5r sen bes\u00f6kte vi Spanien, tyckte det var ett underbart land och att det l\u00e5g relativt n\u00e4ra Sverige n\u00e4r [&hellip;]","og_url":"https:\/\/lightweb.dev\/l\/svm-temp\/artiklar\/mitt-liv-pa-solkusten\/","og_site_name":"Svenska Magasinet","article_publisher":"https:\/\/www.facebook.com\/svenskamagasinet","article_published_time":"2016-09-11T22:00:00+00:00","og_image":[{"width":280,"height":438,"url":"https:\/\/lightweb.dev\/l\/svm-temp\/wp-content\/uploads\/2022\/04\/mitt-liv-p-solkusten.png","type":"image\/png"}],"author":"Redaktionen SvM","twitter_card":"summary_large_image","twitter_creator":"@SvenskaMagasine","twitter_site":"@SvenskaMagasine","schema":{"@context":"https:\/\/schema.org","@graph":[{"@type":"Article","@id":"https:\/\/lightweb.dev\/l\/svm-temp\/artiklar\/mitt-liv-pa-solkusten\/#article","isPartOf":{"@id":"https:\/\/lightweb.dev\/l\/svm-temp\/artiklar\/mitt-liv-pa-solkusten\/"},"author":{"name":"Redaktionen SvM","@id":"https:\/\/lightweb.dev\/l\/svm-temp\/#\/schema\/person\/206a3bda5b607b0c25e1749191e4d837"},"headline":"Mitt liv p\u00e5 Solkusten","datePublished":"2016-09-11T22:00:00+00:00","mainEntityOfPage":{"@id":"https:\/\/lightweb.dev\/l\/svm-temp\/artiklar\/mitt-liv-pa-solkusten\/"},"wordCount":1093,"commentCount":0,"publisher":{"@id":"https:\/\/lightweb.dev\/l\/svm-temp\/#organization"},"image":{"@id":"https:\/\/lightweb.dev\/l\/svm-temp\/artiklar\/mitt-liv-pa-solkusten\/#primaryimage"},"thumbnailUrl":"https:\/\/lightweb.dev\/l\/svm-temp\/wp-content\/uploads\/2022\/04\/mitt-liv-p-solkusten.png","articleSection":["Arkiv","Artiklar"],"inLanguage":"sv-SE"},{"@type":"WebPage","@id":"https:\/\/lightweb.dev\/l\/svm-temp\/artiklar\/mitt-liv-pa-solkusten\/","url":"https:\/\/lightweb.dev\/l\/svm-temp\/artiklar\/mitt-liv-pa-solkusten\/","name":"Mitt liv p\u00e5 Solkusten - Svenska Magasinet","isPartOf":{"@id":"https:\/\/lightweb.dev\/l\/svm-temp\/#website"},"primaryImageOfPage":{"@id":"https:\/\/lightweb.dev\/l\/svm-temp\/artiklar\/mitt-liv-pa-solkusten\/#primaryimage"},"image":{"@id":"https:\/\/lightweb.dev\/l\/svm-temp\/artiklar\/mitt-liv-pa-solkusten\/#primaryimage"},"thumbnailUrl":"https:\/\/lightweb.dev\/l\/svm-temp\/wp-content\/uploads\/2022\/04\/mitt-liv-p-solkusten.png","datePublished":"2016-09-11T22:00:00+00:00","breadcrumb":{"@id":"https:\/\/lightweb.dev\/l\/svm-temp\/artiklar\/mitt-liv-pa-solkusten\/#breadcrumb"},"inLanguage":"sv-SE","potentialAction":[{"@type":"ReadAction","target":["https:\/\/lightweb.dev\/l\/svm-temp\/artiklar\/mitt-liv-pa-solkusten\/"]}]},{"@type":"ImageObject","inLanguage":"sv-SE","@id":"https:\/\/lightweb.dev\/l\/svm-temp\/artiklar\/mitt-liv-pa-solkusten\/#primaryimage","url":"https:\/\/lightweb.dev\/l\/svm-temp\/wp-content\/uploads\/2022\/04\/mitt-liv-p-solkusten.png","contentUrl":"https:\/\/lightweb.dev\/l\/svm-temp\/wp-content\/uploads\/2022\/04\/mitt-liv-p-solkusten.png","width":280,"height":438},{"@type":"BreadcrumbList","@id":"https:\/\/lightweb.dev\/l\/svm-temp\/artiklar\/mitt-liv-pa-solkusten\/#breadcrumb","itemListElement":[{"@type":"ListItem","position":1,"name":"Hem","item":"https:\/\/lightweb.dev\/l\/svm-temp\/"},{"@type":"ListItem","position":2,"name":"Mitt liv p\u00e5 Solkusten"}]},{"@type":"WebSite","@id":"https:\/\/lightweb.dev\/l\/svm-temp\/#website","url":"https:\/\/lightweb.dev\/l\/svm-temp\/","name":"Svenska Magasinet","description":"Dina Spanska nyheter p&aring; Svenska","publisher":{"@id":"https:\/\/lightweb.dev\/l\/svm-temp\/#organization"},"potentialAction":[{"@type":"SearchAction","target":{"@type":"EntryPoint","urlTemplate":"https:\/\/lightweb.dev\/l\/svm-temp\/?s={search_term_string}"},"query-input":{"@type":"PropertyValueSpecification","valueRequired":true,"valueName":"search_term_string"}}],"inLanguage":"sv-SE"},{"@type":"Organization","@id":"https:\/\/lightweb.dev\/l\/svm-temp\/#organization","name":"Melkerson y Nott SL","alternateName":"Svenska Magasinet","url":"https:\/\/lightweb.dev\/l\/svm-temp\/","logo":{"@type":"ImageObject","inLanguage":"sv-SE","@id":"https:\/\/lightweb.dev\/l\/svm-temp\/#\/schema\/logo\/image\/","url":"https:\/\/lightweb.dev\/l\/svm-temp\/wp-content\/uploads\/2025\/02\/SvM-logo-Xtra-Centrerad-SVART.png","contentUrl":"https:\/\/lightweb.dev\/l\/svm-temp\/wp-content\/uploads\/2025\/02\/SvM-logo-Xtra-Centrerad-SVART.png","width":300,"height":99,"caption":"Melkerson y Nott SL"},"image":{"@id":"https:\/\/lightweb.dev\/l\/svm-temp\/#\/schema\/logo\/image\/"},"sameAs":["https:\/\/www.facebook.com\/svenskamagasinet","https:\/\/x.com\/SvenskaMagasine"]},{"@type":"Person","@id":"https:\/\/lightweb.dev\/l\/svm-temp\/#\/schema\/person\/206a3bda5b607b0c25e1749191e4d837","name":"Redaktionen SvM","description":"Redaktionen","sameAs":["https:\/\/lightweb.dev\/l\/svm-temp"],"url":"https:\/\/lightweb.dev\/l\/svm-temp\/reporter\/redaktionen\/"}]}},"_links":{"self":[{"href":"https:\/\/lightweb.dev\/l\/svm-temp\/wp-json\/wp\/v2\/posts\/6111","targetHints":{"allow":["GET"]}}],"collection":[{"href":"https:\/\/lightweb.dev\/l\/svm-temp\/wp-json\/wp\/v2\/posts"}],"about":[{"href":"https:\/\/lightweb.dev\/l\/svm-temp\/wp-json\/wp\/v2\/types\/post"}],"author":[{"embeddable":true,"href":"https:\/\/lightweb.dev\/l\/svm-temp\/wp-json\/wp\/v2\/users\/8"}],"replies":[{"embeddable":true,"href":"https:\/\/lightweb.dev\/l\/svm-temp\/wp-json\/wp\/v2\/comments?post=6111"}],"version-history":[{"count":0,"href":"https:\/\/lightweb.dev\/l\/svm-temp\/wp-json\/wp\/v2\/posts\/6111\/revisions"}],"wp:featuredmedia":[{"embeddable":true,"href":"https:\/\/lightweb.dev\/l\/svm-temp\/wp-json\/wp\/v2\/media\/6112"}],"wp:attachment":[{"href":"https:\/\/lightweb.dev\/l\/svm-temp\/wp-json\/wp\/v2\/media?parent=6111"}],"wp:term":[{"taxonomy":"category","embeddable":true,"href":"https:\/\/lightweb.dev\/l\/svm-temp\/wp-json\/wp\/v2\/categories?post=6111"},{"taxonomy":"post_tag","embeddable":true,"href":"https:\/\/lightweb.dev\/l\/svm-temp\/wp-json\/wp\/v2\/tags?post=6111"}],"curies":[{"name":"wp","href":"https:\/\/api.w.org\/{rel}","templated":true}]}}