{"id":6275,"date":"2016-04-11T00:00:00","date_gmt":"2016-04-10T22:00:00","guid":{"rendered":"https:\/\/lightweb.dev\/l\/svm-temp\/bilfritt-centrum-borjan-pa-torremolinos-ansiktslyftning\/"},"modified":"2016-04-11T00:00:00","modified_gmt":"2016-04-10T22:00:00","slug":"bilfritt-centrum-borjan-pa-torremolinos-ansiktslyftning","status":"publish","type":"post","link":"https:\/\/lightweb.dev\/l\/svm-temp\/artiklar\/bilfritt-centrum-borjan-pa-torremolinos-ansiktslyftning\/","title":{"rendered":"Bilfritt centrum b\u00f6rjan p\u00e5 Torremolinos ansiktslyftning"},"content":{"rendered":"<p> F\u00f6r\u00e4ndrings vindar bl\u00e5ser i den gamla badorten Torremolinos. Att trafikt\u00e4ta Plaza Costa del Sol har blivit g\u00e5gata m\u00e5ste r\u00e4knas till en av kustens st\u00f6rre trafikoml\u00e4ggningar och kan j\u00e4mf\u00f6ras med n\u00e4r calle Larios i M\u00e0laga st\u00e4ngdes f\u00f6r trafik. Av Ola Josefsson<\/p>\n<p>De som anl\u00e4nde till Costa del Sol f\u00f6re A-7:an var klar mellan M\u00e1laga och Fuengirola minns trafikstockningarna genom Torremolinos pulserande centrum och plaza Costa del Sol. F\u00f6re ny\u00e5ret st\u00e4ngdes trafiken. Nu \u00e4r det bilfritt som g\u00e4ller.<br \/>\n&#8211; Det har blivit trivsammare utan bilar, och vi har renare luft. Om sedan pengarna r\u00e4cker till alla satsningar \u00e4r en annan sak, s\u00e4ger Staffan Sagge, svensk tandl\u00e4kare med klinik i Centro Comercial Florida.<\/p>\n<p>Kommunen skickade ett fr\u00e5geformul\u00e4r till butiks\u00e4gare, bar\u00e4gare och kr\u00f6gare och bad om synpunkter om ett bilfritt centrum. Alla \u00e4r inte lika glada d\u00e5 avst\u00e4ngningen har f\u00f6rsv\u00e5rat f\u00f6r \u00e5keribranschen med f\u00e4rre platser f\u00f6r lastning och lossning. \u00c4ven 300 p-platser har f\u00f6rsvunnit. N\u00e4r Svenska Magasinet g\u00f6r en enkel enk\u00e4t bland n\u00e5gra f\u00f6retagare f\u00e5r vi resultatet att 80 procent \u00e4r positiva till f\u00f6r\u00e4ndringen.<\/p>\n<p>Det bekr\u00e4ftas ocks\u00e5 av Eva \u00c5hrberg Pe\u00f1a som sedan 1989 tillsammans med Norberto driver butiken Don Uniforme p\u00e5 Avda. de los Manantiales som s\u00e4ljer arbetskl\u00e4der. N\u00e4r Svenska Magasinet bes\u00f6ker butiken i b\u00f6rjan p\u00e5 mars \u00e4r det full kommers.<br \/>\n&#8211; P\u00e5sken kommer tidigt i \u00e5r vilket g\u00f6r att m\u00e5nga s\u00e4songsbetonade st\u00e4llen \u00f6ppnar tidigare.<br \/>\nEva s\u00e4ger att en klar majoritet av de butiks\u00e4gare hon har talat med \u00e4r positiva till den numera bilfria zonen plaza Costa del Sol.<\/p>\n<p>Staffan Sagge har haft tandv\u00e5rdskliniken i sju \u00e5r och har upplevt tuffa ekonomiska \u00e5r. Vid fjol\u00e5rets kommunalval fick Torremolinos nytt styre med socialdemokraten Jos\u00e9 Ortiz som \u201dstarke man\u201d. Tidigare har det bl\u00e5 kommunstyret haft sv\u00e5rt att f\u00e5 st\u00f6ttning fr\u00e5n den r\u00f6da regionalregeringen i Sevilla. Efter kommunvalet talar Torremolinos och Sevilla samma \u201dr\u00f6da spr\u00e5k\u201d och Sevilla \u00f6ppnar pl\u00e5nboken. Det \u00e4r s\u00e5 det fungerar i spansk regional\u2013 och kommunalpolitik.<\/p>\n<p>    google_ad_client = &#8221;ca-pub-4108016601726900&#8221;;<br \/>\n    google_ad_slot = &#8221;2753782018&#8221;;<br \/>\n    google_ad_width = 300;<br \/>\n    google_ad_height = 250;<\/p>\n<p>I slutet p\u00e5 2015 st\u00e4ngdes trafiken l\u00e4ngs \u00f6vre delen av avenida Palma de Mallorca och plaza Costa del Sol som blivit g\u00e5gata med konstutst\u00e4llning. Kommunfullm\u00e4ktige vill \u00e4ven skapa en ny stadspark, cykelv\u00e4gar, koloniodlingar och gr\u00f6nomr\u00e5den i stadsmilj\u00f6.<br \/>\nAndra f\u00f6r\u00e4ndringar som v\u00e4ntar \u00e4r pendelt\u00e5gsstationen vid plaza de la Nogalera som ska handikappanpassas. Det har varit en l\u00e5ngb\u00e4nk som tycks ha f\u00e5tt en l\u00f6sning.<br \/>\nEfter att pendelt\u00e5gsstationen i Los Boliches, Fuengirola, f\u00e5tt hiss och f\u00f6rb\u00e4ttrats st\u00e5r Torremolinos station p\u00e5 tur. H\u00e4r har tidigare inte ens funnits en rulltrappa f\u00f6r de som ska till sp\u00e5ren som ligger under mark. F\u00f6r \u00e4ldre, eller r\u00f6relsehindrade med bagage har det varit om\u00f6jligt att resa.<\/p>\n<p>Den stora f\u00f6r\u00e4ndringen som kan komma den gamla semesterorten till godo \u00e4r miljardsatsningen med aff\u00e4rer, restauranger, pooler och n\u00f6jesf\u00e4lt som planeras byggas norr om staden. 4.000 nya arbetstillf\u00e4llen skapas. I februari godk\u00e4nde kommunfullm\u00e4ktige den nya stadsplanen PGOU efter 20 \u00e5r vilket inkluderar ett k\u00f6pcenter.<br \/>\n&#8211; Jag ser p\u00e5 den nya f\u00f6rsta stadsplanen sedan 1996 med stor tillfredsst\u00e4llelse att den kommer att f\u00f6rb\u00e4ttra livskvalit\u00e9n f\u00f6r inv\u00e5narna. Vi g\u00f6r detta f\u00f6r dem och ser bort fr\u00e5n politiska f\u00e4rger, s\u00e4ger borgm\u00e4staren Jos\u00e9 Ortiz.<\/p>\n<p>K\u00f6pcentret Intu Costa del Sol uppf\u00f6rs p\u00e5 ett 30 hektar stort omr\u00e5de mellan Molino de Inca och kongresspalatset. Bygget kommer att ta tre \u00e5r.<br \/>\nDet handlar om en investering p\u00e5 650 miljoner euro av det brittiska f\u00f6retaget Intu Eurofund. Till den summan ska l\u00e4ggas 550 miljoner euro fr\u00e5n olika f\u00f6retag som etableras i k\u00f6pcentret. Totalt allts\u00e5 1,2 miljarder euro!<br \/>\nKommunen sitter redan och r\u00e4knar p\u00e5 inkomster fr\u00e5n fr\u00e4mst licenser och fastighetsskatten IBI (Impuesto de Bienes Inmuebles) p\u00e5 20 miljoner respektive tre miljoner euro.<br \/>\n&#8211; S\u00e4kert ett j\u00e4ttelyft f\u00f6r m\u00e5nga men hur mycket vi i centrum tj\u00e4nar p\u00e5 den satsningen \u00e4r mer os\u00e4kert, menar Staffan Sagge.<\/p>\n<p>Samtidigt m\u00e5ste n\u00e5got g\u00f6ras menar Staffan som beskriver Torremolinos som slitet.<br \/>\n&#8211; Som en gammal gubbe p\u00e5 kryckor, s\u00e4ger Staffan och skrattar men till\u00e4gger ocks\u00e5 att staden har karakt\u00e4r och skiljer sig j\u00e4mf\u00f6rt med andra omr\u00e5den p\u00e5 kusten med sin blandade befolkning.<\/p>\n<p>Torremolinos redovisar flest hotell\u00f6vernattningar av samtliga turistorter i provinsen, n\u00e4stan fem miljoner vilket \u00e4r dubbelt s\u00e5 m\u00e5nga som Marbella. Det kallas f\u00f6r \u201dLa paradoja de Torremolinos\u201d, paradoxen, l\u00e5gbudgetturism, turister med svag k\u00f6pkraft g\u00e5r inte ut och shoppar. Och p\u00e5 hotellen har g\u00e4sterna \u201dall inclusive\u201d, de g\u00e5r inte ut och \u00e4ter vilket g\u00f6r att det inte blir s\u00e5 mycket kunder f\u00f6r kl\u00e4dbutiker, bar\u00e4gare eller kr\u00f6gare.<\/p>\n<p>Butik efter butik har de senaste \u00e5ren st\u00e4ngt utmed calle San Miguel och avenida Carlota Alessandri. Enligt uppgifter fr\u00e5n Andalusiens statistiska centralbyr\u00e5 IEA (Instituto de Estad\u00edstica de Andaluc\u00eda) st\u00e4ngde 900 f\u00f6retag ned mellan \u00e5ren 2008 till 2013 i Torremolinos. Och stadens ungdomar reser till Fuengirola, fritidshamnen Puerto Marina eller Plaza Mayor n\u00e4r de ska roa sig.<br \/>\nNye borgm\u00e4staren Jos\u00e9 Ortiz vill g\u00f6ra om hela centrum d\u00e4r ett bilfritt plaza Costa del Sol bara \u00e4r b\u00f6rjan p\u00e5 ansiktslyftningen. En trevligare stadsmilj\u00f6 ska locka investerare som ska liva upp centrum.<br \/>\nManuel Villafaina som \u00e4r ordf\u00f6rande i strandf\u00f6retagarnas intressef\u00f6rening uppskattar att det beh\u00f6vs investeringar p\u00e5 500 miljoner euro f\u00f6r att n\u00f6jesutbudet ska uppgraderas och moderniseras.<br \/>\n  F\u00f6r att snabba p\u00e5 hastigheten godk\u00e4nde kommunfullm\u00e4ktige nyligen en ny f\u00f6rordning med \u00f6ppningstillst\u00e5nd med expresslicenser (\u201dlicencias expr\u00e9s\u201d) f\u00f6r de som ska starta verksamheter. Byr\u00e5kratin ska f\u00f6renklas och det ska g\u00e5 snabbare att starta f\u00f6retag.<br \/>\nVid en stadspromenad konstaterar jag att m\u00e5nga kvarter har \u00e4ndrat karakt\u00e4r till Kinakvarter med butiker som erbjuder billiga prylar st\u00e4mplade \u201dmade in China\u201d. \u00c4ven i de gamla fina kvarteren i stadsdelen El Calvario har butiker som erbjuder prylar fr\u00e5n Asien blivit allt fler.<\/p>\n<p>Satsningen med ett stadsmuseum ing\u00e5r bland de misslyckade projekten som inte fullf\u00f6ljts. Den ganska pampiga halvf\u00e4rdiga byggnaden p\u00e5 4.000 kvadratmeter vid plaza Picasso skulle rymma kommunens eget museum. Justitiedepartementet som \u00e4ger mark i norra delen av El Pinillo f\u00f6r att bygga en ny domstol.<br \/>\nDet kan bli s\u00e5 att fastigheten som var t\u00e4nkt till museum i st\u00e4llet blir Torremolinos nya domstol. Som det \u00e4r nu \u00e4r kommunens domstol placerad i tre olika fastigheter (nummer 24, 32 och 29) p\u00e5 avenida Palma de Mallorca.<\/p>\n<p>Ett bilfritt centrum \u00e4r allts\u00e5 b\u00f6rjan p\u00e5 n\u00e5got nytt. Jakten p\u00e5 investerare forts\u00e4tter f\u00f6r i slut\u00e4ndan handlar allt om pengar. Torremolinos hoppas \u00e4ven p\u00e5 hj\u00e4lp fr\u00e5n EU:s fonder. H\u00e4r har den gamla turistorten en f\u00f6rdel j\u00e4mf\u00f6rt med andra platser.<br \/>\nAndalusien \u00e4r ett av de prioriterade omr\u00e5dena och Torremolinos har aldrig tidigare s\u00f6kt pengar fr\u00e5n EU-fond.<\/p>\n<p>Torremolinos satsar p\u00e5 skulpturutst\u00e4llning<br \/>\nFram till 29 april p\u00e5g\u00e5r en utst\u00e4llning p\u00e5 plaza Costa del Sol i Toremolinos av skulpt\u00f6ren Elena Laver\u00f3n som kommer fr\u00e5n Ceuta men bor i Churriana. Ett dussintal skulpturer finns l\u00e4ngs g\u00e5gatan genom centrum.<br \/>\nDet \u00e4r den f\u00f6rsta utst\u00e4llningen p\u00e5 plaza Costa del Sol. Samordnare \u00e4r Manuel Moreno som hoppas locka nya bes\u00f6kare till centrum. Bes\u00f6karna integreras med konsten som st\u00e5r under bar himmel vilket g\u00f6r att man kan r\u00f6ra skulpturerna, fotografera och anv\u00e4nda dem som viloplatser.<br \/>\nElena Laver\u00f3n f\u00f6ddes i Ceuta 1938. Efter att ha tillbringat m\u00e5nga \u00e5r i Marocko gick hon konstskolan Bellas Artes de San Jorge i Girona innan det blev Tyskland. De senaste 30 \u00e5ren har hon varit bosatt i Churriana utanf\u00f6r M\u00e1laga.<\/p>\n","protected":false},"excerpt":{"rendered":"<p>F\u00f6r\u00e4ndrings vindar bl\u00e5ser i den gamla badorten Torremolinos. Att trafikt\u00e4ta Plaza Costa del Sol har blivit g\u00e5gata m\u00e5ste r\u00e4knas till en av kustens st\u00f6rre trafikoml\u00e4ggningar och kan j\u00e4mf\u00f6ras med n\u00e4r calle Larios i M\u00e0laga st\u00e4ngdes f\u00f6r trafik. Av Ola Josefsson De som anl\u00e4nde till Costa del Sol f\u00f6re A-7:an var klar mellan M\u00e1laga och Fuengirola [&hellip;]<\/p>\n","protected":false},"author":8,"featured_media":6276,"comment_status":"open","ping_status":"open","sticky":false,"template":"","format":"standard","meta":{"_et_pb_use_builder":"","_et_pb_old_content":"","_et_gb_content_width":"","footnotes":""},"categories":[396,4],"tags":[],"class_list":["post-6275","post","type-post","status-publish","format-standard","has-post-thumbnail","hentry","category-arkiv-artiklar","category-artiklar"],"yoast_head":"<!-- This site is optimized with the Yoast SEO Premium plugin v26.2 (Yoast SEO v27.4) - https:\/\/yoast.com\/product\/yoast-seo-premium-wordpress\/ -->\n<title>Bilfritt centrum b\u00f6rjan p\u00e5 Torremolinos ansiktslyftning - Svenska Magasinet<\/title>\n<meta name=\"robots\" content=\"noindex, follow, max-snippet:-1, max-image-preview:large, max-video-preview:-1\" \/>\n<meta property=\"og:locale\" content=\"sv_SE\" \/>\n<meta property=\"og:type\" content=\"article\" \/>\n<meta property=\"og:title\" content=\"Bilfritt centrum b\u00f6rjan p\u00e5 Torremolinos ansiktslyftning\" \/>\n<meta property=\"og:description\" content=\"F\u00f6r\u00e4ndrings vindar bl\u00e5ser i den gamla badorten Torremolinos. Att trafikt\u00e4ta Plaza Costa del Sol har blivit g\u00e5gata m\u00e5ste r\u00e4knas till en av kustens st\u00f6rre trafikoml\u00e4ggningar och kan j\u00e4mf\u00f6ras med n\u00e4r calle Larios i M\u00e0laga st\u00e4ngdes f\u00f6r trafik. Av Ola Josefsson De som anl\u00e4nde till Costa del Sol f\u00f6re A-7:an var klar mellan M\u00e1laga och Fuengirola [&hellip;]\" \/>\n<meta property=\"og:url\" content=\"https:\/\/lightweb.dev\/l\/svm-temp\/artiklar\/bilfritt-centrum-borjan-pa-torremolinos-ansiktslyftning\/\" \/>\n<meta property=\"og:site_name\" content=\"Svenska Magasinet\" \/>\n<meta property=\"article:publisher\" content=\"https:\/\/www.facebook.com\/svenskamagasinet\" \/>\n<meta property=\"article:published_time\" content=\"2016-04-10T22:00:00+00:00\" \/>\n<meta property=\"og:image\" content=\"https:\/\/lightweb.dev\/l\/svm-temp\/wp-content\/uploads\/2022\/04\/bilfritt-centrum-brjan-p-torremolinos-ansiktslyftning.png\" \/>\n\t<meta property=\"og:image:width\" content=\"299\" \/>\n\t<meta property=\"og:image:height\" content=\"200\" \/>\n\t<meta property=\"og:image:type\" content=\"image\/png\" \/>\n<meta name=\"author\" content=\"Redaktionen SvM\" \/>\n<meta name=\"twitter:card\" content=\"summary_large_image\" \/>\n<meta name=\"twitter:creator\" content=\"@SvenskaMagasine\" \/>\n<meta name=\"twitter:site\" content=\"@SvenskaMagasine\" \/>\n<script type=\"application\/ld+json\" class=\"yoast-schema-graph\">{\"@context\":\"https:\\\/\\\/schema.org\",\"@graph\":[{\"@type\":\"Article\",\"@id\":\"https:\\\/\\\/lightweb.dev\\\/l\\\/svm-temp\\\/artiklar\\\/bilfritt-centrum-borjan-pa-torremolinos-ansiktslyftning\\\/#article\",\"isPartOf\":{\"@id\":\"https:\\\/\\\/lightweb.dev\\\/l\\\/svm-temp\\\/artiklar\\\/bilfritt-centrum-borjan-pa-torremolinos-ansiktslyftning\\\/\"},\"author\":{\"name\":\"Redaktionen SvM\",\"@id\":\"https:\\\/\\\/lightweb.dev\\\/l\\\/svm-temp\\\/#\\\/schema\\\/person\\\/206a3bda5b607b0c25e1749191e4d837\"},\"headline\":\"Bilfritt centrum b\u00f6rjan p\u00e5 Torremolinos ansiktslyftning\",\"datePublished\":\"2016-04-10T22:00:00+00:00\",\"mainEntityOfPage\":{\"@id\":\"https:\\\/\\\/lightweb.dev\\\/l\\\/svm-temp\\\/artiklar\\\/bilfritt-centrum-borjan-pa-torremolinos-ansiktslyftning\\\/\"},\"wordCount\":1389,\"commentCount\":0,\"publisher\":{\"@id\":\"https:\\\/\\\/lightweb.dev\\\/l\\\/svm-temp\\\/#organization\"},\"image\":{\"@id\":\"https:\\\/\\\/lightweb.dev\\\/l\\\/svm-temp\\\/artiklar\\\/bilfritt-centrum-borjan-pa-torremolinos-ansiktslyftning\\\/#primaryimage\"},\"thumbnailUrl\":\"https:\\\/\\\/lightweb.dev\\\/l\\\/svm-temp\\\/wp-content\\\/uploads\\\/2022\\\/04\\\/bilfritt-centrum-brjan-p-torremolinos-ansiktslyftning.png\",\"articleSection\":[\"Arkiv\",\"Artiklar\"],\"inLanguage\":\"sv-SE\"},{\"@type\":\"WebPage\",\"@id\":\"https:\\\/\\\/lightweb.dev\\\/l\\\/svm-temp\\\/artiklar\\\/bilfritt-centrum-borjan-pa-torremolinos-ansiktslyftning\\\/\",\"url\":\"https:\\\/\\\/lightweb.dev\\\/l\\\/svm-temp\\\/artiklar\\\/bilfritt-centrum-borjan-pa-torremolinos-ansiktslyftning\\\/\",\"name\":\"Bilfritt centrum b\u00f6rjan p\u00e5 Torremolinos ansiktslyftning - Svenska Magasinet\",\"isPartOf\":{\"@id\":\"https:\\\/\\\/lightweb.dev\\\/l\\\/svm-temp\\\/#website\"},\"primaryImageOfPage\":{\"@id\":\"https:\\\/\\\/lightweb.dev\\\/l\\\/svm-temp\\\/artiklar\\\/bilfritt-centrum-borjan-pa-torremolinos-ansiktslyftning\\\/#primaryimage\"},\"image\":{\"@id\":\"https:\\\/\\\/lightweb.dev\\\/l\\\/svm-temp\\\/artiklar\\\/bilfritt-centrum-borjan-pa-torremolinos-ansiktslyftning\\\/#primaryimage\"},\"thumbnailUrl\":\"https:\\\/\\\/lightweb.dev\\\/l\\\/svm-temp\\\/wp-content\\\/uploads\\\/2022\\\/04\\\/bilfritt-centrum-brjan-p-torremolinos-ansiktslyftning.png\",\"datePublished\":\"2016-04-10T22:00:00+00:00\",\"breadcrumb\":{\"@id\":\"https:\\\/\\\/lightweb.dev\\\/l\\\/svm-temp\\\/artiklar\\\/bilfritt-centrum-borjan-pa-torremolinos-ansiktslyftning\\\/#breadcrumb\"},\"inLanguage\":\"sv-SE\",\"potentialAction\":[{\"@type\":\"ReadAction\",\"target\":[\"https:\\\/\\\/lightweb.dev\\\/l\\\/svm-temp\\\/artiklar\\\/bilfritt-centrum-borjan-pa-torremolinos-ansiktslyftning\\\/\"]}]},{\"@type\":\"ImageObject\",\"inLanguage\":\"sv-SE\",\"@id\":\"https:\\\/\\\/lightweb.dev\\\/l\\\/svm-temp\\\/artiklar\\\/bilfritt-centrum-borjan-pa-torremolinos-ansiktslyftning\\\/#primaryimage\",\"url\":\"https:\\\/\\\/lightweb.dev\\\/l\\\/svm-temp\\\/wp-content\\\/uploads\\\/2022\\\/04\\\/bilfritt-centrum-brjan-p-torremolinos-ansiktslyftning.png\",\"contentUrl\":\"https:\\\/\\\/lightweb.dev\\\/l\\\/svm-temp\\\/wp-content\\\/uploads\\\/2022\\\/04\\\/bilfritt-centrum-brjan-p-torremolinos-ansiktslyftning.png\",\"width\":299,\"height\":200},{\"@type\":\"BreadcrumbList\",\"@id\":\"https:\\\/\\\/lightweb.dev\\\/l\\\/svm-temp\\\/artiklar\\\/bilfritt-centrum-borjan-pa-torremolinos-ansiktslyftning\\\/#breadcrumb\",\"itemListElement\":[{\"@type\":\"ListItem\",\"position\":1,\"name\":\"Hem\",\"item\":\"https:\\\/\\\/lightweb.dev\\\/l\\\/svm-temp\\\/\"},{\"@type\":\"ListItem\",\"position\":2,\"name\":\"Bilfritt centrum b\u00f6rjan p\u00e5 Torremolinos ansiktslyftning\"}]},{\"@type\":\"WebSite\",\"@id\":\"https:\\\/\\\/lightweb.dev\\\/l\\\/svm-temp\\\/#website\",\"url\":\"https:\\\/\\\/lightweb.dev\\\/l\\\/svm-temp\\\/\",\"name\":\"Svenska Magasinet\",\"description\":\"Dina Spanska nyheter p&aring; Svenska\",\"publisher\":{\"@id\":\"https:\\\/\\\/lightweb.dev\\\/l\\\/svm-temp\\\/#organization\"},\"potentialAction\":[{\"@type\":\"SearchAction\",\"target\":{\"@type\":\"EntryPoint\",\"urlTemplate\":\"https:\\\/\\\/lightweb.dev\\\/l\\\/svm-temp\\\/?s={search_term_string}\"},\"query-input\":{\"@type\":\"PropertyValueSpecification\",\"valueRequired\":true,\"valueName\":\"search_term_string\"}}],\"inLanguage\":\"sv-SE\"},{\"@type\":\"Organization\",\"@id\":\"https:\\\/\\\/lightweb.dev\\\/l\\\/svm-temp\\\/#organization\",\"name\":\"Melkerson y Nott SL\",\"alternateName\":\"Svenska Magasinet\",\"url\":\"https:\\\/\\\/lightweb.dev\\\/l\\\/svm-temp\\\/\",\"logo\":{\"@type\":\"ImageObject\",\"inLanguage\":\"sv-SE\",\"@id\":\"https:\\\/\\\/lightweb.dev\\\/l\\\/svm-temp\\\/#\\\/schema\\\/logo\\\/image\\\/\",\"url\":\"https:\\\/\\\/lightweb.dev\\\/l\\\/svm-temp\\\/wp-content\\\/uploads\\\/2025\\\/02\\\/SvM-logo-Xtra-Centrerad-SVART.png\",\"contentUrl\":\"https:\\\/\\\/lightweb.dev\\\/l\\\/svm-temp\\\/wp-content\\\/uploads\\\/2025\\\/02\\\/SvM-logo-Xtra-Centrerad-SVART.png\",\"width\":300,\"height\":99,\"caption\":\"Melkerson y Nott SL\"},\"image\":{\"@id\":\"https:\\\/\\\/lightweb.dev\\\/l\\\/svm-temp\\\/#\\\/schema\\\/logo\\\/image\\\/\"},\"sameAs\":[\"https:\\\/\\\/www.facebook.com\\\/svenskamagasinet\",\"https:\\\/\\\/x.com\\\/SvenskaMagasine\"]},{\"@type\":\"Person\",\"@id\":\"https:\\\/\\\/lightweb.dev\\\/l\\\/svm-temp\\\/#\\\/schema\\\/person\\\/206a3bda5b607b0c25e1749191e4d837\",\"name\":\"Redaktionen SvM\",\"description\":\"Redaktionen\",\"sameAs\":[\"https:\\\/\\\/lightweb.dev\\\/l\\\/svm-temp\"],\"url\":\"https:\\\/\\\/lightweb.dev\\\/l\\\/svm-temp\\\/reporter\\\/redaktionen\\\/\"}]}<\/script>\n<!-- \/ Yoast SEO Premium plugin. -->","yoast_head_json":{"title":"Bilfritt centrum b\u00f6rjan p\u00e5 Torremolinos ansiktslyftning - Svenska Magasinet","robots":{"index":"noindex","follow":"follow","max-snippet":"max-snippet:-1","max-image-preview":"max-image-preview:large","max-video-preview":"max-video-preview:-1"},"og_locale":"sv_SE","og_type":"article","og_title":"Bilfritt centrum b\u00f6rjan p\u00e5 Torremolinos ansiktslyftning","og_description":"F\u00f6r\u00e4ndrings vindar bl\u00e5ser i den gamla badorten Torremolinos. Att trafikt\u00e4ta Plaza Costa del Sol har blivit g\u00e5gata m\u00e5ste r\u00e4knas till en av kustens st\u00f6rre trafikoml\u00e4ggningar och kan j\u00e4mf\u00f6ras med n\u00e4r calle Larios i M\u00e0laga st\u00e4ngdes f\u00f6r trafik. Av Ola Josefsson De som anl\u00e4nde till Costa del Sol f\u00f6re A-7:an var klar mellan M\u00e1laga och Fuengirola [&hellip;]","og_url":"https:\/\/lightweb.dev\/l\/svm-temp\/artiklar\/bilfritt-centrum-borjan-pa-torremolinos-ansiktslyftning\/","og_site_name":"Svenska Magasinet","article_publisher":"https:\/\/www.facebook.com\/svenskamagasinet","article_published_time":"2016-04-10T22:00:00+00:00","og_image":[{"width":299,"height":200,"url":"https:\/\/lightweb.dev\/l\/svm-temp\/wp-content\/uploads\/2022\/04\/bilfritt-centrum-brjan-p-torremolinos-ansiktslyftning.png","type":"image\/png"}],"author":"Redaktionen SvM","twitter_card":"summary_large_image","twitter_creator":"@SvenskaMagasine","twitter_site":"@SvenskaMagasine","schema":{"@context":"https:\/\/schema.org","@graph":[{"@type":"Article","@id":"https:\/\/lightweb.dev\/l\/svm-temp\/artiklar\/bilfritt-centrum-borjan-pa-torremolinos-ansiktslyftning\/#article","isPartOf":{"@id":"https:\/\/lightweb.dev\/l\/svm-temp\/artiklar\/bilfritt-centrum-borjan-pa-torremolinos-ansiktslyftning\/"},"author":{"name":"Redaktionen SvM","@id":"https:\/\/lightweb.dev\/l\/svm-temp\/#\/schema\/person\/206a3bda5b607b0c25e1749191e4d837"},"headline":"Bilfritt centrum b\u00f6rjan p\u00e5 Torremolinos ansiktslyftning","datePublished":"2016-04-10T22:00:00+00:00","mainEntityOfPage":{"@id":"https:\/\/lightweb.dev\/l\/svm-temp\/artiklar\/bilfritt-centrum-borjan-pa-torremolinos-ansiktslyftning\/"},"wordCount":1389,"commentCount":0,"publisher":{"@id":"https:\/\/lightweb.dev\/l\/svm-temp\/#organization"},"image":{"@id":"https:\/\/lightweb.dev\/l\/svm-temp\/artiklar\/bilfritt-centrum-borjan-pa-torremolinos-ansiktslyftning\/#primaryimage"},"thumbnailUrl":"https:\/\/lightweb.dev\/l\/svm-temp\/wp-content\/uploads\/2022\/04\/bilfritt-centrum-brjan-p-torremolinos-ansiktslyftning.png","articleSection":["Arkiv","Artiklar"],"inLanguage":"sv-SE"},{"@type":"WebPage","@id":"https:\/\/lightweb.dev\/l\/svm-temp\/artiklar\/bilfritt-centrum-borjan-pa-torremolinos-ansiktslyftning\/","url":"https:\/\/lightweb.dev\/l\/svm-temp\/artiklar\/bilfritt-centrum-borjan-pa-torremolinos-ansiktslyftning\/","name":"Bilfritt centrum b\u00f6rjan p\u00e5 Torremolinos ansiktslyftning - Svenska Magasinet","isPartOf":{"@id":"https:\/\/lightweb.dev\/l\/svm-temp\/#website"},"primaryImageOfPage":{"@id":"https:\/\/lightweb.dev\/l\/svm-temp\/artiklar\/bilfritt-centrum-borjan-pa-torremolinos-ansiktslyftning\/#primaryimage"},"image":{"@id":"https:\/\/lightweb.dev\/l\/svm-temp\/artiklar\/bilfritt-centrum-borjan-pa-torremolinos-ansiktslyftning\/#primaryimage"},"thumbnailUrl":"https:\/\/lightweb.dev\/l\/svm-temp\/wp-content\/uploads\/2022\/04\/bilfritt-centrum-brjan-p-torremolinos-ansiktslyftning.png","datePublished":"2016-04-10T22:00:00+00:00","breadcrumb":{"@id":"https:\/\/lightweb.dev\/l\/svm-temp\/artiklar\/bilfritt-centrum-borjan-pa-torremolinos-ansiktslyftning\/#breadcrumb"},"inLanguage":"sv-SE","potentialAction":[{"@type":"ReadAction","target":["https:\/\/lightweb.dev\/l\/svm-temp\/artiklar\/bilfritt-centrum-borjan-pa-torremolinos-ansiktslyftning\/"]}]},{"@type":"ImageObject","inLanguage":"sv-SE","@id":"https:\/\/lightweb.dev\/l\/svm-temp\/artiklar\/bilfritt-centrum-borjan-pa-torremolinos-ansiktslyftning\/#primaryimage","url":"https:\/\/lightweb.dev\/l\/svm-temp\/wp-content\/uploads\/2022\/04\/bilfritt-centrum-brjan-p-torremolinos-ansiktslyftning.png","contentUrl":"https:\/\/lightweb.dev\/l\/svm-temp\/wp-content\/uploads\/2022\/04\/bilfritt-centrum-brjan-p-torremolinos-ansiktslyftning.png","width":299,"height":200},{"@type":"BreadcrumbList","@id":"https:\/\/lightweb.dev\/l\/svm-temp\/artiklar\/bilfritt-centrum-borjan-pa-torremolinos-ansiktslyftning\/#breadcrumb","itemListElement":[{"@type":"ListItem","position":1,"name":"Hem","item":"https:\/\/lightweb.dev\/l\/svm-temp\/"},{"@type":"ListItem","position":2,"name":"Bilfritt centrum b\u00f6rjan p\u00e5 Torremolinos ansiktslyftning"}]},{"@type":"WebSite","@id":"https:\/\/lightweb.dev\/l\/svm-temp\/#website","url":"https:\/\/lightweb.dev\/l\/svm-temp\/","name":"Svenska Magasinet","description":"Dina Spanska nyheter p&aring; Svenska","publisher":{"@id":"https:\/\/lightweb.dev\/l\/svm-temp\/#organization"},"potentialAction":[{"@type":"SearchAction","target":{"@type":"EntryPoint","urlTemplate":"https:\/\/lightweb.dev\/l\/svm-temp\/?s={search_term_string}"},"query-input":{"@type":"PropertyValueSpecification","valueRequired":true,"valueName":"search_term_string"}}],"inLanguage":"sv-SE"},{"@type":"Organization","@id":"https:\/\/lightweb.dev\/l\/svm-temp\/#organization","name":"Melkerson y Nott SL","alternateName":"Svenska Magasinet","url":"https:\/\/lightweb.dev\/l\/svm-temp\/","logo":{"@type":"ImageObject","inLanguage":"sv-SE","@id":"https:\/\/lightweb.dev\/l\/svm-temp\/#\/schema\/logo\/image\/","url":"https:\/\/lightweb.dev\/l\/svm-temp\/wp-content\/uploads\/2025\/02\/SvM-logo-Xtra-Centrerad-SVART.png","contentUrl":"https:\/\/lightweb.dev\/l\/svm-temp\/wp-content\/uploads\/2025\/02\/SvM-logo-Xtra-Centrerad-SVART.png","width":300,"height":99,"caption":"Melkerson y Nott SL"},"image":{"@id":"https:\/\/lightweb.dev\/l\/svm-temp\/#\/schema\/logo\/image\/"},"sameAs":["https:\/\/www.facebook.com\/svenskamagasinet","https:\/\/x.com\/SvenskaMagasine"]},{"@type":"Person","@id":"https:\/\/lightweb.dev\/l\/svm-temp\/#\/schema\/person\/206a3bda5b607b0c25e1749191e4d837","name":"Redaktionen SvM","description":"Redaktionen","sameAs":["https:\/\/lightweb.dev\/l\/svm-temp"],"url":"https:\/\/lightweb.dev\/l\/svm-temp\/reporter\/redaktionen\/"}]}},"_links":{"self":[{"href":"https:\/\/lightweb.dev\/l\/svm-temp\/wp-json\/wp\/v2\/posts\/6275","targetHints":{"allow":["GET"]}}],"collection":[{"href":"https:\/\/lightweb.dev\/l\/svm-temp\/wp-json\/wp\/v2\/posts"}],"about":[{"href":"https:\/\/lightweb.dev\/l\/svm-temp\/wp-json\/wp\/v2\/types\/post"}],"author":[{"embeddable":true,"href":"https:\/\/lightweb.dev\/l\/svm-temp\/wp-json\/wp\/v2\/users\/8"}],"replies":[{"embeddable":true,"href":"https:\/\/lightweb.dev\/l\/svm-temp\/wp-json\/wp\/v2\/comments?post=6275"}],"version-history":[{"count":0,"href":"https:\/\/lightweb.dev\/l\/svm-temp\/wp-json\/wp\/v2\/posts\/6275\/revisions"}],"wp:featuredmedia":[{"embeddable":true,"href":"https:\/\/lightweb.dev\/l\/svm-temp\/wp-json\/wp\/v2\/media\/6276"}],"wp:attachment":[{"href":"https:\/\/lightweb.dev\/l\/svm-temp\/wp-json\/wp\/v2\/media?parent=6275"}],"wp:term":[{"taxonomy":"category","embeddable":true,"href":"https:\/\/lightweb.dev\/l\/svm-temp\/wp-json\/wp\/v2\/categories?post=6275"},{"taxonomy":"post_tag","embeddable":true,"href":"https:\/\/lightweb.dev\/l\/svm-temp\/wp-json\/wp\/v2\/tags?post=6275"}],"curies":[{"name":"wp","href":"https:\/\/api.w.org\/{rel}","templated":true}]}}