{"id":6297,"date":"2016-03-09T00:00:00","date_gmt":"2016-03-08T23:00:00","guid":{"rendered":"https:\/\/lightweb.dev\/l\/svm-temp\/hej-lasare-mordarlarven\/"},"modified":"2022-10-22T19:04:32","modified_gmt":"2022-10-22T17:04:32","slug":"hej-lasare-mordarlarven","status":"publish","type":"post","link":"https:\/\/lightweb.dev\/l\/svm-temp\/artiklar\/hej-lasare-mordarlarven\/","title":{"rendered":"Hej l\u00e4sare: M\u00f6rdarlarven"},"content":{"rendered":"<p>DET HADE KUNNAT G\u00c5 RIKTIGT ILLA. Nu tillh\u00f6r jag dem som njuter av den andalusiska vintern. Den fantastiska naturen \u00e5terh\u00e4mtar all sin gr\u00f6nhet och sk\u00f6nhet igen efter en brunbr\u00e4nd och het sommar.<\/p>\n<p>Anders Rosell, Chefredakt\u00f6r &amp; formgivare<\/p>\n<p>Det som \u00e4r mindre trevligt under den h\u00e4r delen av \u00e5ret \u00e4r att vissa ov\u00e4nliga djur i naturen tittar fram ur sina g\u00f6mmor och st\u00e4ller till det. Under \u00e5rens lopp har jag satt ihop \u00e5tskilliga artiklar om den sk processionslarven. P\u00e5 engelska heter den Processionary Caterpillar och p\u00e5 spanska Procesionaria Del Pino.<\/p>\n<p>Den lever och frodas under den h\u00e4r tidpunkten p\u00e5 \u00e5ret i pinjetr\u00e4den. Deras bo kan ses som spunnet-socker-liknande nystan \u2013 om man nu har s\u00e5dana tr\u00e4d p\u00e5 sin tomt. Vi har s\u00e5dana men aldrig tidigare sett till n\u00e5gra bon. Det verkar allm\u00e4nt k\u00e4nt att den h\u00e4r vintern har varit ovanligt mild, vilket verkar ha varit ett gynnsamt klimat f\u00f6r processionslarven att frodas i.<\/p>\n<p>Under en av vinterdagarna satt jag som vanligt framf\u00f6r datorn och arbetade n\u00e4r husets yngsta hund helt pl\u00f6tsligt tittade fram under mitt skrivbord efter ha varit ute p\u00e5 tomten. Hon var alldeles skummig runt munnen. Nyfiken sex m\u00e5nader gammal valp som hon \u00e4r ligger det i naturen att leta efter och smaka p\u00e5 allt som kommer i hennes v\u00e4g. Utan att f\u00f6rst f\u00f6rst\u00e5 vad orsaken kan ha varit till skummet runt hennes mun misst\u00e4nkte jag att hon f\u00f6rmodligen f\u00e5tt i sig n\u00e5got, eller rent av r\u00e5ttgift som placerats ut.<\/p>\n<p>Snabb kontakt togs med de lokala veterin\u00e4rerna, som kvickt konstaterade att n\u00e5got r\u00e5ttgift var det inte alls talas om \u2013 det leder s\u00e4llan till akuta problem eller skum runt munnen. Allt eftersom dagen gick blev valpen tr\u00f6ttare och dagen efter b\u00f6rjade hon lukta ruttet i munnen, \u00e4ven om hon f\u00f6r \u00f6vrigt verkade pigg och med viss m\u00f6da lyckades \u00e4ta sin mat. Ny kontakt med veterin\u00e4ren togs som konstaterade att valpen f\u00f6rmodligen blivit biten av en processionslarv. Bes\u00f6k inbokades akut. Och mycket riktigt, en snabb titt p\u00e5 tungan, det var d\u00e4r hon blivit biten. Den delen av hennes tunga var redan d\u00f6d och stor som en gr\u00e5aktiv enkrona i format. Efter antibiotika och steroidbehandling skulle den snart trilla bort av sig sj\u00e4lv. Hade hon \u00e4tit larven hade hon med all sannolikhet avlidit.<\/p>\n<p>Vid koll av pinjetr\u00e4den p\u00e5 tomten visade det ena tr\u00e4det ha ett bo, men n\u00e4r vi verkligen tittade n\u00e4rmare var de n\u00e4rmare tjugo \u00e4n ETT bo spridda allra h\u00f6gst upp i tr\u00e4det. Kontakter med v\u00e5r lokala kommun togs, men de ville inte alls ha n\u00e5got ansvar f\u00f6r att \u00e5tg\u00e4rda problemet, \u00e4ven om tr\u00e4det som s\u00e5dant klassas som \u201dskyddat\u201d och inte kan tas ner utan speciellt tillst\u00e5nd, trots att det st\u00e5r p\u00e5 V\u00c5R tomt.<\/p>\n<p>Eftersom det h\u00e4r hush\u00e5llet har ytterligare fyra hundar k\u00e4ndes det hela r\u00e4tt akut och det var inte utan problem att hitta n\u00e5gon som snarast kunde \u00e5tg\u00e4rda det f\u00f6rd\u00f6mda tr\u00e4det. Tack vare en spansk v\u00e4n fick vi kontakt med ett lokalt tr\u00e4dg\u00e5rdsm\u00e4steri som kom till unds\u00e4ttning. De ordnade snabbt kontakt med en man som inst\u00e4llde sig f\u00f6r att r\u00f6kbehandla tr\u00e4det. Den optimala tiden att just r\u00f6kbehandla pinjetr\u00e4d mot processionslarven \u00e4r f\u00f6r \u00f6vrigt september. V\u00e4rt att t\u00e4nka p\u00e5.<\/p>\n","protected":false},"excerpt":{"rendered":"<p>DET HADE KUNNAT G\u00c5 RIKTIGT ILLA. Nu tillh\u00f6r jag dem som njuter av den andalusiska vintern. Den fantastiska naturen \u00e5terh\u00e4mtar all sin gr\u00f6nhet och sk\u00f6nhet igen efter en brunbr\u00e4nd och het sommar. Anders Rosell, Chefredakt\u00f6r &amp; formgivare Det som \u00e4r mindre trevligt under den h\u00e4r delen av \u00e5ret \u00e4r att vissa ov\u00e4nliga djur i naturen [&hellip;]<\/p>\n","protected":false},"author":8,"featured_media":58572,"comment_status":"open","ping_status":"open","sticky":false,"template":"","format":"standard","meta":{"_et_pb_use_builder":"","_et_pb_old_content":"","_et_gb_content_width":"","footnotes":""},"categories":[4,397],"tags":[],"class_list":["post-6297","post","type-post","status-publish","format-standard","has-post-thumbnail","hentry","category-artiklar","category-ledare"],"yoast_head":"<!-- This site is optimized with the Yoast SEO Premium plugin v26.2 (Yoast SEO v27.4) - https:\/\/yoast.com\/product\/yoast-seo-premium-wordpress\/ -->\n<title>Hej l\u00e4sare: M\u00f6rdarlarven - Svenska Magasinet<\/title>\n<meta name=\"robots\" content=\"noindex, follow, max-snippet:-1, max-image-preview:large, max-video-preview:-1\" \/>\n<meta property=\"og:locale\" content=\"sv_SE\" \/>\n<meta property=\"og:type\" content=\"article\" \/>\n<meta property=\"og:title\" content=\"Hej l\u00e4sare: M\u00f6rdarlarven\" \/>\n<meta property=\"og:description\" content=\"DET HADE KUNNAT G\u00c5 RIKTIGT ILLA. Nu tillh\u00f6r jag dem som njuter av den andalusiska vintern. Den fantastiska naturen \u00e5terh\u00e4mtar all sin gr\u00f6nhet och sk\u00f6nhet igen efter en brunbr\u00e4nd och het sommar. Anders Rosell, Chefredakt\u00f6r &amp; formgivare Det som \u00e4r mindre trevligt under den h\u00e4r delen av \u00e5ret \u00e4r att vissa ov\u00e4nliga djur i naturen [&hellip;]\" \/>\n<meta property=\"og:url\" content=\"https:\/\/lightweb.dev\/l\/svm-temp\/artiklar\/hej-lasare-mordarlarven\/\" \/>\n<meta property=\"og:site_name\" content=\"Svenska Magasinet\" \/>\n<meta property=\"article:publisher\" content=\"https:\/\/www.facebook.com\/svenskamagasinet\" \/>\n<meta property=\"article:published_time\" content=\"2016-03-08T23:00:00+00:00\" \/>\n<meta property=\"article:modified_time\" content=\"2022-10-22T17:04:32+00:00\" \/>\n<meta property=\"og:image\" content=\"https:\/\/lightweb.dev\/l\/svm-temp\/wp-content\/uploads\/2021\/03\/coffee-gd09340dec_1920.jpg\" \/>\n\t<meta property=\"og:image:width\" content=\"1920\" \/>\n\t<meta property=\"og:image:height\" content=\"1280\" \/>\n\t<meta property=\"og:image:type\" content=\"image\/jpeg\" \/>\n<meta name=\"author\" content=\"Redaktionen SvM\" \/>\n<meta name=\"twitter:card\" content=\"summary_large_image\" \/>\n<meta name=\"twitter:creator\" content=\"@SvenskaMagasine\" \/>\n<meta name=\"twitter:site\" content=\"@SvenskaMagasine\" \/>\n<script type=\"application\/ld+json\" class=\"yoast-schema-graph\">{\"@context\":\"https:\\\/\\\/schema.org\",\"@graph\":[{\"@type\":\"Article\",\"@id\":\"https:\\\/\\\/lightweb.dev\\\/l\\\/svm-temp\\\/artiklar\\\/hej-lasare-mordarlarven\\\/#article\",\"isPartOf\":{\"@id\":\"https:\\\/\\\/lightweb.dev\\\/l\\\/svm-temp\\\/artiklar\\\/hej-lasare-mordarlarven\\\/\"},\"author\":{\"name\":\"Redaktionen SvM\",\"@id\":\"https:\\\/\\\/lightweb.dev\\\/l\\\/svm-temp\\\/#\\\/schema\\\/person\\\/206a3bda5b607b0c25e1749191e4d837\"},\"headline\":\"Hej l\u00e4sare: M\u00f6rdarlarven\",\"datePublished\":\"2016-03-08T23:00:00+00:00\",\"dateModified\":\"2022-10-22T17:04:32+00:00\",\"mainEntityOfPage\":{\"@id\":\"https:\\\/\\\/lightweb.dev\\\/l\\\/svm-temp\\\/artiklar\\\/hej-lasare-mordarlarven\\\/\"},\"wordCount\":610,\"commentCount\":0,\"publisher\":{\"@id\":\"https:\\\/\\\/lightweb.dev\\\/l\\\/svm-temp\\\/#organization\"},\"image\":{\"@id\":\"https:\\\/\\\/lightweb.dev\\\/l\\\/svm-temp\\\/artiklar\\\/hej-lasare-mordarlarven\\\/#primaryimage\"},\"thumbnailUrl\":\"https:\\\/\\\/lightweb.dev\\\/l\\\/svm-temp\\\/wp-content\\\/uploads\\\/2021\\\/03\\\/coffee-gd09340dec_1920.jpg\",\"articleSection\":[\"Artiklar\",\"Ledare\"],\"inLanguage\":\"sv-SE\"},{\"@type\":\"WebPage\",\"@id\":\"https:\\\/\\\/lightweb.dev\\\/l\\\/svm-temp\\\/artiklar\\\/hej-lasare-mordarlarven\\\/\",\"url\":\"https:\\\/\\\/lightweb.dev\\\/l\\\/svm-temp\\\/artiklar\\\/hej-lasare-mordarlarven\\\/\",\"name\":\"Hej l\u00e4sare: M\u00f6rdarlarven - Svenska Magasinet\",\"isPartOf\":{\"@id\":\"https:\\\/\\\/lightweb.dev\\\/l\\\/svm-temp\\\/#website\"},\"primaryImageOfPage\":{\"@id\":\"https:\\\/\\\/lightweb.dev\\\/l\\\/svm-temp\\\/artiklar\\\/hej-lasare-mordarlarven\\\/#primaryimage\"},\"image\":{\"@id\":\"https:\\\/\\\/lightweb.dev\\\/l\\\/svm-temp\\\/artiklar\\\/hej-lasare-mordarlarven\\\/#primaryimage\"},\"thumbnailUrl\":\"https:\\\/\\\/lightweb.dev\\\/l\\\/svm-temp\\\/wp-content\\\/uploads\\\/2021\\\/03\\\/coffee-gd09340dec_1920.jpg\",\"datePublished\":\"2016-03-08T23:00:00+00:00\",\"dateModified\":\"2022-10-22T17:04:32+00:00\",\"breadcrumb\":{\"@id\":\"https:\\\/\\\/lightweb.dev\\\/l\\\/svm-temp\\\/artiklar\\\/hej-lasare-mordarlarven\\\/#breadcrumb\"},\"inLanguage\":\"sv-SE\",\"potentialAction\":[{\"@type\":\"ReadAction\",\"target\":[\"https:\\\/\\\/lightweb.dev\\\/l\\\/svm-temp\\\/artiklar\\\/hej-lasare-mordarlarven\\\/\"]}]},{\"@type\":\"ImageObject\",\"inLanguage\":\"sv-SE\",\"@id\":\"https:\\\/\\\/lightweb.dev\\\/l\\\/svm-temp\\\/artiklar\\\/hej-lasare-mordarlarven\\\/#primaryimage\",\"url\":\"https:\\\/\\\/lightweb.dev\\\/l\\\/svm-temp\\\/wp-content\\\/uploads\\\/2021\\\/03\\\/coffee-gd09340dec_1920.jpg\",\"contentUrl\":\"https:\\\/\\\/lightweb.dev\\\/l\\\/svm-temp\\\/wp-content\\\/uploads\\\/2021\\\/03\\\/coffee-gd09340dec_1920.jpg\",\"width\":1920,\"height\":1280},{\"@type\":\"BreadcrumbList\",\"@id\":\"https:\\\/\\\/lightweb.dev\\\/l\\\/svm-temp\\\/artiklar\\\/hej-lasare-mordarlarven\\\/#breadcrumb\",\"itemListElement\":[{\"@type\":\"ListItem\",\"position\":1,\"name\":\"Hem\",\"item\":\"https:\\\/\\\/lightweb.dev\\\/l\\\/svm-temp\\\/\"},{\"@type\":\"ListItem\",\"position\":2,\"name\":\"Hej l\u00e4sare: M\u00f6rdarlarven\"}]},{\"@type\":\"WebSite\",\"@id\":\"https:\\\/\\\/lightweb.dev\\\/l\\\/svm-temp\\\/#website\",\"url\":\"https:\\\/\\\/lightweb.dev\\\/l\\\/svm-temp\\\/\",\"name\":\"Svenska Magasinet\",\"description\":\"Dina Spanska nyheter p&aring; Svenska\",\"publisher\":{\"@id\":\"https:\\\/\\\/lightweb.dev\\\/l\\\/svm-temp\\\/#organization\"},\"potentialAction\":[{\"@type\":\"SearchAction\",\"target\":{\"@type\":\"EntryPoint\",\"urlTemplate\":\"https:\\\/\\\/lightweb.dev\\\/l\\\/svm-temp\\\/?s={search_term_string}\"},\"query-input\":{\"@type\":\"PropertyValueSpecification\",\"valueRequired\":true,\"valueName\":\"search_term_string\"}}],\"inLanguage\":\"sv-SE\"},{\"@type\":\"Organization\",\"@id\":\"https:\\\/\\\/lightweb.dev\\\/l\\\/svm-temp\\\/#organization\",\"name\":\"Melkerson y Nott SL\",\"alternateName\":\"Svenska Magasinet\",\"url\":\"https:\\\/\\\/lightweb.dev\\\/l\\\/svm-temp\\\/\",\"logo\":{\"@type\":\"ImageObject\",\"inLanguage\":\"sv-SE\",\"@id\":\"https:\\\/\\\/lightweb.dev\\\/l\\\/svm-temp\\\/#\\\/schema\\\/logo\\\/image\\\/\",\"url\":\"https:\\\/\\\/lightweb.dev\\\/l\\\/svm-temp\\\/wp-content\\\/uploads\\\/2025\\\/02\\\/SvM-logo-Xtra-Centrerad-SVART.png\",\"contentUrl\":\"https:\\\/\\\/lightweb.dev\\\/l\\\/svm-temp\\\/wp-content\\\/uploads\\\/2025\\\/02\\\/SvM-logo-Xtra-Centrerad-SVART.png\",\"width\":300,\"height\":99,\"caption\":\"Melkerson y Nott SL\"},\"image\":{\"@id\":\"https:\\\/\\\/lightweb.dev\\\/l\\\/svm-temp\\\/#\\\/schema\\\/logo\\\/image\\\/\"},\"sameAs\":[\"https:\\\/\\\/www.facebook.com\\\/svenskamagasinet\",\"https:\\\/\\\/x.com\\\/SvenskaMagasine\"]},{\"@type\":\"Person\",\"@id\":\"https:\\\/\\\/lightweb.dev\\\/l\\\/svm-temp\\\/#\\\/schema\\\/person\\\/206a3bda5b607b0c25e1749191e4d837\",\"name\":\"Redaktionen SvM\",\"description\":\"Redaktionen\",\"sameAs\":[\"https:\\\/\\\/lightweb.dev\\\/l\\\/svm-temp\"],\"url\":\"https:\\\/\\\/lightweb.dev\\\/l\\\/svm-temp\\\/reporter\\\/redaktionen\\\/\"}]}<\/script>\n<!-- \/ Yoast SEO Premium plugin. -->","yoast_head_json":{"title":"Hej l\u00e4sare: M\u00f6rdarlarven - Svenska Magasinet","robots":{"index":"noindex","follow":"follow","max-snippet":"max-snippet:-1","max-image-preview":"max-image-preview:large","max-video-preview":"max-video-preview:-1"},"og_locale":"sv_SE","og_type":"article","og_title":"Hej l\u00e4sare: M\u00f6rdarlarven","og_description":"DET HADE KUNNAT G\u00c5 RIKTIGT ILLA. Nu tillh\u00f6r jag dem som njuter av den andalusiska vintern. Den fantastiska naturen \u00e5terh\u00e4mtar all sin gr\u00f6nhet och sk\u00f6nhet igen efter en brunbr\u00e4nd och het sommar. Anders Rosell, Chefredakt\u00f6r &amp; formgivare Det som \u00e4r mindre trevligt under den h\u00e4r delen av \u00e5ret \u00e4r att vissa ov\u00e4nliga djur i naturen [&hellip;]","og_url":"https:\/\/lightweb.dev\/l\/svm-temp\/artiklar\/hej-lasare-mordarlarven\/","og_site_name":"Svenska Magasinet","article_publisher":"https:\/\/www.facebook.com\/svenskamagasinet","article_published_time":"2016-03-08T23:00:00+00:00","article_modified_time":"2022-10-22T17:04:32+00:00","og_image":[{"width":1920,"height":1280,"url":"https:\/\/lightweb.dev\/l\/svm-temp\/wp-content\/uploads\/2021\/03\/coffee-gd09340dec_1920.jpg","type":"image\/jpeg"}],"author":"Redaktionen SvM","twitter_card":"summary_large_image","twitter_creator":"@SvenskaMagasine","twitter_site":"@SvenskaMagasine","schema":{"@context":"https:\/\/schema.org","@graph":[{"@type":"Article","@id":"https:\/\/lightweb.dev\/l\/svm-temp\/artiklar\/hej-lasare-mordarlarven\/#article","isPartOf":{"@id":"https:\/\/lightweb.dev\/l\/svm-temp\/artiklar\/hej-lasare-mordarlarven\/"},"author":{"name":"Redaktionen SvM","@id":"https:\/\/lightweb.dev\/l\/svm-temp\/#\/schema\/person\/206a3bda5b607b0c25e1749191e4d837"},"headline":"Hej l\u00e4sare: M\u00f6rdarlarven","datePublished":"2016-03-08T23:00:00+00:00","dateModified":"2022-10-22T17:04:32+00:00","mainEntityOfPage":{"@id":"https:\/\/lightweb.dev\/l\/svm-temp\/artiklar\/hej-lasare-mordarlarven\/"},"wordCount":610,"commentCount":0,"publisher":{"@id":"https:\/\/lightweb.dev\/l\/svm-temp\/#organization"},"image":{"@id":"https:\/\/lightweb.dev\/l\/svm-temp\/artiklar\/hej-lasare-mordarlarven\/#primaryimage"},"thumbnailUrl":"https:\/\/lightweb.dev\/l\/svm-temp\/wp-content\/uploads\/2021\/03\/coffee-gd09340dec_1920.jpg","articleSection":["Artiklar","Ledare"],"inLanguage":"sv-SE"},{"@type":"WebPage","@id":"https:\/\/lightweb.dev\/l\/svm-temp\/artiklar\/hej-lasare-mordarlarven\/","url":"https:\/\/lightweb.dev\/l\/svm-temp\/artiklar\/hej-lasare-mordarlarven\/","name":"Hej l\u00e4sare: M\u00f6rdarlarven - Svenska Magasinet","isPartOf":{"@id":"https:\/\/lightweb.dev\/l\/svm-temp\/#website"},"primaryImageOfPage":{"@id":"https:\/\/lightweb.dev\/l\/svm-temp\/artiklar\/hej-lasare-mordarlarven\/#primaryimage"},"image":{"@id":"https:\/\/lightweb.dev\/l\/svm-temp\/artiklar\/hej-lasare-mordarlarven\/#primaryimage"},"thumbnailUrl":"https:\/\/lightweb.dev\/l\/svm-temp\/wp-content\/uploads\/2021\/03\/coffee-gd09340dec_1920.jpg","datePublished":"2016-03-08T23:00:00+00:00","dateModified":"2022-10-22T17:04:32+00:00","breadcrumb":{"@id":"https:\/\/lightweb.dev\/l\/svm-temp\/artiklar\/hej-lasare-mordarlarven\/#breadcrumb"},"inLanguage":"sv-SE","potentialAction":[{"@type":"ReadAction","target":["https:\/\/lightweb.dev\/l\/svm-temp\/artiklar\/hej-lasare-mordarlarven\/"]}]},{"@type":"ImageObject","inLanguage":"sv-SE","@id":"https:\/\/lightweb.dev\/l\/svm-temp\/artiklar\/hej-lasare-mordarlarven\/#primaryimage","url":"https:\/\/lightweb.dev\/l\/svm-temp\/wp-content\/uploads\/2021\/03\/coffee-gd09340dec_1920.jpg","contentUrl":"https:\/\/lightweb.dev\/l\/svm-temp\/wp-content\/uploads\/2021\/03\/coffee-gd09340dec_1920.jpg","width":1920,"height":1280},{"@type":"BreadcrumbList","@id":"https:\/\/lightweb.dev\/l\/svm-temp\/artiklar\/hej-lasare-mordarlarven\/#breadcrumb","itemListElement":[{"@type":"ListItem","position":1,"name":"Hem","item":"https:\/\/lightweb.dev\/l\/svm-temp\/"},{"@type":"ListItem","position":2,"name":"Hej l\u00e4sare: M\u00f6rdarlarven"}]},{"@type":"WebSite","@id":"https:\/\/lightweb.dev\/l\/svm-temp\/#website","url":"https:\/\/lightweb.dev\/l\/svm-temp\/","name":"Svenska Magasinet","description":"Dina Spanska nyheter p&aring; Svenska","publisher":{"@id":"https:\/\/lightweb.dev\/l\/svm-temp\/#organization"},"potentialAction":[{"@type":"SearchAction","target":{"@type":"EntryPoint","urlTemplate":"https:\/\/lightweb.dev\/l\/svm-temp\/?s={search_term_string}"},"query-input":{"@type":"PropertyValueSpecification","valueRequired":true,"valueName":"search_term_string"}}],"inLanguage":"sv-SE"},{"@type":"Organization","@id":"https:\/\/lightweb.dev\/l\/svm-temp\/#organization","name":"Melkerson y Nott SL","alternateName":"Svenska Magasinet","url":"https:\/\/lightweb.dev\/l\/svm-temp\/","logo":{"@type":"ImageObject","inLanguage":"sv-SE","@id":"https:\/\/lightweb.dev\/l\/svm-temp\/#\/schema\/logo\/image\/","url":"https:\/\/lightweb.dev\/l\/svm-temp\/wp-content\/uploads\/2025\/02\/SvM-logo-Xtra-Centrerad-SVART.png","contentUrl":"https:\/\/lightweb.dev\/l\/svm-temp\/wp-content\/uploads\/2025\/02\/SvM-logo-Xtra-Centrerad-SVART.png","width":300,"height":99,"caption":"Melkerson y Nott SL"},"image":{"@id":"https:\/\/lightweb.dev\/l\/svm-temp\/#\/schema\/logo\/image\/"},"sameAs":["https:\/\/www.facebook.com\/svenskamagasinet","https:\/\/x.com\/SvenskaMagasine"]},{"@type":"Person","@id":"https:\/\/lightweb.dev\/l\/svm-temp\/#\/schema\/person\/206a3bda5b607b0c25e1749191e4d837","name":"Redaktionen SvM","description":"Redaktionen","sameAs":["https:\/\/lightweb.dev\/l\/svm-temp"],"url":"https:\/\/lightweb.dev\/l\/svm-temp\/reporter\/redaktionen\/"}]}},"_links":{"self":[{"href":"https:\/\/lightweb.dev\/l\/svm-temp\/wp-json\/wp\/v2\/posts\/6297","targetHints":{"allow":["GET"]}}],"collection":[{"href":"https:\/\/lightweb.dev\/l\/svm-temp\/wp-json\/wp\/v2\/posts"}],"about":[{"href":"https:\/\/lightweb.dev\/l\/svm-temp\/wp-json\/wp\/v2\/types\/post"}],"author":[{"embeddable":true,"href":"https:\/\/lightweb.dev\/l\/svm-temp\/wp-json\/wp\/v2\/users\/8"}],"replies":[{"embeddable":true,"href":"https:\/\/lightweb.dev\/l\/svm-temp\/wp-json\/wp\/v2\/comments?post=6297"}],"version-history":[{"count":0,"href":"https:\/\/lightweb.dev\/l\/svm-temp\/wp-json\/wp\/v2\/posts\/6297\/revisions"}],"wp:featuredmedia":[{"embeddable":true,"href":"https:\/\/lightweb.dev\/l\/svm-temp\/wp-json\/wp\/v2\/media\/58572"}],"wp:attachment":[{"href":"https:\/\/lightweb.dev\/l\/svm-temp\/wp-json\/wp\/v2\/media?parent=6297"}],"wp:term":[{"taxonomy":"category","embeddable":true,"href":"https:\/\/lightweb.dev\/l\/svm-temp\/wp-json\/wp\/v2\/categories?post=6297"},{"taxonomy":"post_tag","embeddable":true,"href":"https:\/\/lightweb.dev\/l\/svm-temp\/wp-json\/wp\/v2\/tags?post=6297"}],"curies":[{"name":"wp","href":"https:\/\/api.w.org\/{rel}","templated":true}]}}