{"id":6299,"date":"2016-03-09T00:00:00","date_gmt":"2016-03-08T23:00:00","guid":{"rendered":"https:\/\/lightweb.dev\/l\/svm-temp\/ler-du-for-att-du-ar-glad-eller-ar-du-glad-for-att-du-ler\/"},"modified":"2016-03-09T00:00:00","modified_gmt":"2016-03-08T23:00:00","slug":"ler-du-for-att-du-ar-glad-eller-ar-du-glad-for-att-du-ler","status":"publish","type":"post","link":"https:\/\/lightweb.dev\/l\/svm-temp\/artiklar\/ler-du-for-att-du-ar-glad-eller-ar-du-glad-for-att-du-ler\/","title":{"rendered":"Ler du f\u00f6r att du \u00e4r glad, eller \u00e4r du glad f\u00f6r att du ler?"},"content":{"rendered":"<p> Visst har du n\u00e5gon g\u00e5ng sett en person sitta och gapa medan de f\u00f6rs\u00f6ker f\u00e5 ett litet barn att \u00f6ppna munnen f\u00f6r en sked med mat? Hur k\u00e4nner du dig n\u00e4r n\u00e5gon du m\u00f6ter ser arg ut, eller pl\u00f6tsligt spricker upp och ler mot dig? <\/p>\n<p>Av Hanna Willix, Leg. Psykolog<br \/>\ne-post: hannawillix@gmail.com<br \/>\nLinkedIn: Hanna Willix<br \/>\n+46 70 356 86 15<br \/>\n+34 684 363 922<\/p>\n<p>Det h\u00e4vdas att m\u00e4nniskan kan urskilja ett leende p\u00e5 hela 90 meters avst\u00e5nd. N\u00e4r vi ler tycks b\u00e5de vi sj\u00e4lva och m\u00e4nniskor omkring oss m\u00e5 b\u00e4ttre. Varf\u00f6r \u00e4r det s\u00e5? Och hur fungerar det egentligen, kan man genom att le faktiskt ocks\u00e5 uppleva omv\u00e4rlden som lite roligare?<\/p>\n<p>Spegelneuroner \u00e4r nervceller i hj\u00e4rnan som avger nervimpulser, \u201dsignaler\u201d, b\u00e5de n\u00e4r vi sj\u00e4lva g\u00f6r n\u00e5gonting och n\u00e4r vi ser n\u00e5gon annan g\u00f6ra samma sak. Genom att h\u00e4rma ansiktsuttryck kan vi l\u00e4ttare uppfatta och tolka andra m\u00e4nniskors upplevelser, k\u00e4nslor och intentioner. I sociala situationer simulerar vi andra m\u00e4nniskors ansiktsuttryck f\u00f6r att skapa emotionella (k\u00e4nslom\u00e4ssiga) responser inom oss sj\u00e4lva. Om vi till exempel tr\u00e4ffar en v\u00e4n som ser ledsen ut, kan det h\u00e4nda att vi sj\u00e4lva omedvetet \u201dprovar\u201d det ledsna utseendet, det hj\u00e4lper oss att k\u00e4nna igen vad v\u00e5r v\u00e4n k\u00e4nner. Vi kan d\u00e5 bem\u00f6ta och reagera p\u00e5 olika uttryck p\u00e5 ett l\u00e4mpligare s\u00e4tt \u2013 kanske g\u00e5r vi v\u00e4nnen till m\u00f6tes med \u00f6ppna armar, eller v\u00e4ljer en annan v\u00e4g om vi m\u00f6ter en fr\u00e4mling vars ansiktsuttryck vi tolkat som fientligt.<\/p>\n<p>Medf\u00f6tt och universellt. Det m\u00e4nskliga ansiktet har fantastiska f\u00f6rm\u00e5gor att b\u00e5de uttrycka och uppfatta k\u00e4nslor. Under m\u00e4nniskans historia har f\u00f6rm\u00e5gan att snabbt avl\u00e4sa andras ansiktsuttryck varit mycket viktig f\u00f6r oss, inte minst innan det talade spr\u00e5ket. Information fr\u00e5n ansiktsuttryck uppfattar vi dessutom \u00e4n idag betydligt snabbare \u00e4n talat spr\u00e5k, vilket kr\u00e4ver mer tankem\u00e4ssig bearbetning. V\u00e5r reaktion p\u00e5 ett ansiktsuttryck kommer automatiskt, \u00e4ven om vi bara ser det under en mycket kort stund. Psykologiska experiment har visat att vi uppfattar och reagerar p\u00e5 ansiktsuttryck p\u00e5 s\u00e5 kort tid som 30 millisekunder, allts\u00e5 s\u00e5 kort tid att vi medvetet inte ens uppfattar vad vi ser. I dessa experiment kunde forskarna, trots den allts\u00e5 mycket korta exponeringstiden, m\u00e4ta reaktioner och aktivitet i f\u00f6rs\u00f6kspersonernas \u201dglada\u201d respektive \u201darga\u201d ansiktsmuskulatur (fr\u00e4mst kring mungiporna och \u00f6gonbrynen) beroende p\u00e5 om de blev visade ett ansikte med glatt eller ett argt uttryck. Denna f\u00f6rm\u00e5ga s\u00e4ger n\u00e5got om hur viktig v\u00e5r mellanm\u00e4nskliga kommunikation \u00e4r och har varit f\u00f6r v\u00e5r utveckling.<\/p>\n<p>Facial feedback-teorin. Informationen vi f\u00e5r fr\u00e5n ansiktsuttryck slutar dock inte d\u00e4r; f\u00f6r inte nog med att vi p\u00e5verkar andra med v\u00e5ra ansiktsuttryck, vi p\u00e5verkar \u00e4ven oss sj\u00e4lva. Ansiktsuttryck fungerar som en slags information b\u00e5de mellan och inom individer. Studier har bland annat visat att om tv\u00e5 grupper av m\u00e4nniskor; den ena gruppen med uppdragna mungipor och den andra gruppen med neddragna \u00f6gonbryn, ser p\u00e5 samma kortfilmer, kommer gruppen med uppdragna mungipor (\u201dglada\u201d ansiktsuttryck) att uppfatta filmerna som roligare \u00e4n gruppen med neddragna \u00f6gonbryn (\u201darga\u201d ansiktsuttryck).<\/p>\n<p>Forskningen pekar allts\u00e5 mot att vi p\u00e5verkar b\u00e5de oss sj\u00e4lva och m\u00e4nniskor runt omkring oss med v\u00e5ra ansiktsuttryck. Hur vi p\u00e5verkas av att se v\u00e5ra medm\u00e4nniskor stirra ner i sina telefoner kan vi bara spekulera kring, men den flitiga anv\u00e4ndningen av smileys och andra uttrycksfulla figurer i digital kommunikation, blir kanske mer begriplig. Mycket av det vi uttrycker med v\u00e5r ansiktsmuskulatur syftar till att h\u00e4rmas f\u00f6r att f\u00f6rst\u00e5 andra, eller f\u00e5 andra att k\u00e4nna och uppleva samma sak som vi. Att gapa f\u00f6r att f\u00e5 n\u00e5gon annan att \u00f6ppna munnen verkar allts\u00e5 inte helt tokigt \u00e4nd\u00e5.<\/p>\n<p>S\u00e5 le, bli glad och f\u00e5 andra att k\u00e4nna gl\u00e4dje med dig!<\/p>\n","protected":false},"excerpt":{"rendered":"<p>Visst har du n\u00e5gon g\u00e5ng sett en person sitta och gapa medan de f\u00f6rs\u00f6ker f\u00e5 ett litet barn att \u00f6ppna munnen f\u00f6r en sked med mat? Hur k\u00e4nner du dig n\u00e4r n\u00e5gon du m\u00f6ter ser arg ut, eller pl\u00f6tsligt spricker upp och ler mot dig? Av Hanna Willix, Leg. Psykolog e-post: hannawillix@gmail.com LinkedIn: Hanna Willix [&hellip;]<\/p>\n","protected":false},"author":8,"featured_media":6300,"comment_status":"open","ping_status":"open","sticky":false,"template":"","format":"standard","meta":{"_et_pb_use_builder":"","_et_pb_old_content":"","_et_gb_content_width":"","footnotes":""},"categories":[396,4],"tags":[],"class_list":["post-6299","post","type-post","status-publish","format-standard","has-post-thumbnail","hentry","category-arkiv-artiklar","category-artiklar"],"yoast_head":"<!-- This site is optimized with the Yoast SEO Premium plugin v26.2 (Yoast SEO v27.4) - https:\/\/yoast.com\/product\/yoast-seo-premium-wordpress\/ -->\n<title>Ler du f\u00f6r att du \u00e4r glad, eller \u00e4r du glad f\u00f6r att du ler? - Svenska Magasinet<\/title>\n<meta name=\"robots\" content=\"noindex, follow, max-snippet:-1, max-image-preview:large, max-video-preview:-1\" \/>\n<meta property=\"og:locale\" content=\"sv_SE\" \/>\n<meta property=\"og:type\" content=\"article\" \/>\n<meta property=\"og:title\" content=\"Ler du f\u00f6r att du \u00e4r glad, eller \u00e4r du glad f\u00f6r att du ler?\" \/>\n<meta property=\"og:description\" content=\"Visst har du n\u00e5gon g\u00e5ng sett en person sitta och gapa medan de f\u00f6rs\u00f6ker f\u00e5 ett litet barn att \u00f6ppna munnen f\u00f6r en sked med mat? Hur k\u00e4nner du dig n\u00e4r n\u00e5gon du m\u00f6ter ser arg ut, eller pl\u00f6tsligt spricker upp och ler mot dig? Av Hanna Willix, Leg. Psykolog e-post: hannawillix@gmail.com LinkedIn: Hanna Willix [&hellip;]\" \/>\n<meta property=\"og:url\" content=\"https:\/\/lightweb.dev\/l\/svm-temp\/artiklar\/ler-du-for-att-du-ar-glad-eller-ar-du-glad-for-att-du-ler\/\" \/>\n<meta property=\"og:site_name\" content=\"Svenska Magasinet\" \/>\n<meta property=\"article:publisher\" content=\"https:\/\/www.facebook.com\/svenskamagasinet\" \/>\n<meta property=\"article:published_time\" content=\"2016-03-08T23:00:00+00:00\" \/>\n<meta property=\"og:image\" content=\"https:\/\/lightweb.dev\/l\/svm-temp\/wp-content\/uploads\/2022\/04\/ler-du-fr-att-du-r-glad-eller-r-du-glad-fr-att-du-ler.png\" \/>\n\t<meta property=\"og:image:width\" content=\"280\" \/>\n\t<meta property=\"og:image:height\" content=\"210\" \/>\n\t<meta property=\"og:image:type\" content=\"image\/png\" \/>\n<meta name=\"author\" content=\"Redaktionen SvM\" \/>\n<meta name=\"twitter:card\" content=\"summary_large_image\" \/>\n<meta name=\"twitter:creator\" content=\"@SvenskaMagasine\" \/>\n<meta name=\"twitter:site\" content=\"@SvenskaMagasine\" \/>\n<script type=\"application\/ld+json\" class=\"yoast-schema-graph\">{\"@context\":\"https:\\\/\\\/schema.org\",\"@graph\":[{\"@type\":\"Article\",\"@id\":\"https:\\\/\\\/lightweb.dev\\\/l\\\/svm-temp\\\/artiklar\\\/ler-du-for-att-du-ar-glad-eller-ar-du-glad-for-att-du-ler\\\/#article\",\"isPartOf\":{\"@id\":\"https:\\\/\\\/lightweb.dev\\\/l\\\/svm-temp\\\/artiklar\\\/ler-du-for-att-du-ar-glad-eller-ar-du-glad-for-att-du-ler\\\/\"},\"author\":{\"name\":\"Redaktionen SvM\",\"@id\":\"https:\\\/\\\/lightweb.dev\\\/l\\\/svm-temp\\\/#\\\/schema\\\/person\\\/206a3bda5b607b0c25e1749191e4d837\"},\"headline\":\"Ler du f\u00f6r att du \u00e4r glad, eller \u00e4r du glad f\u00f6r att du ler?\",\"datePublished\":\"2016-03-08T23:00:00+00:00\",\"mainEntityOfPage\":{\"@id\":\"https:\\\/\\\/lightweb.dev\\\/l\\\/svm-temp\\\/artiklar\\\/ler-du-for-att-du-ar-glad-eller-ar-du-glad-for-att-du-ler\\\/\"},\"wordCount\":713,\"commentCount\":0,\"publisher\":{\"@id\":\"https:\\\/\\\/lightweb.dev\\\/l\\\/svm-temp\\\/#organization\"},\"image\":{\"@id\":\"https:\\\/\\\/lightweb.dev\\\/l\\\/svm-temp\\\/artiklar\\\/ler-du-for-att-du-ar-glad-eller-ar-du-glad-for-att-du-ler\\\/#primaryimage\"},\"thumbnailUrl\":\"https:\\\/\\\/lightweb.dev\\\/l\\\/svm-temp\\\/wp-content\\\/uploads\\\/2022\\\/04\\\/ler-du-fr-att-du-r-glad-eller-r-du-glad-fr-att-du-ler.png\",\"articleSection\":[\"Arkiv\",\"Artiklar\"],\"inLanguage\":\"sv-SE\"},{\"@type\":\"WebPage\",\"@id\":\"https:\\\/\\\/lightweb.dev\\\/l\\\/svm-temp\\\/artiklar\\\/ler-du-for-att-du-ar-glad-eller-ar-du-glad-for-att-du-ler\\\/\",\"url\":\"https:\\\/\\\/lightweb.dev\\\/l\\\/svm-temp\\\/artiklar\\\/ler-du-for-att-du-ar-glad-eller-ar-du-glad-for-att-du-ler\\\/\",\"name\":\"Ler du f\u00f6r att du \u00e4r glad, eller \u00e4r du glad f\u00f6r att du ler? - Svenska Magasinet\",\"isPartOf\":{\"@id\":\"https:\\\/\\\/lightweb.dev\\\/l\\\/svm-temp\\\/#website\"},\"primaryImageOfPage\":{\"@id\":\"https:\\\/\\\/lightweb.dev\\\/l\\\/svm-temp\\\/artiklar\\\/ler-du-for-att-du-ar-glad-eller-ar-du-glad-for-att-du-ler\\\/#primaryimage\"},\"image\":{\"@id\":\"https:\\\/\\\/lightweb.dev\\\/l\\\/svm-temp\\\/artiklar\\\/ler-du-for-att-du-ar-glad-eller-ar-du-glad-for-att-du-ler\\\/#primaryimage\"},\"thumbnailUrl\":\"https:\\\/\\\/lightweb.dev\\\/l\\\/svm-temp\\\/wp-content\\\/uploads\\\/2022\\\/04\\\/ler-du-fr-att-du-r-glad-eller-r-du-glad-fr-att-du-ler.png\",\"datePublished\":\"2016-03-08T23:00:00+00:00\",\"breadcrumb\":{\"@id\":\"https:\\\/\\\/lightweb.dev\\\/l\\\/svm-temp\\\/artiklar\\\/ler-du-for-att-du-ar-glad-eller-ar-du-glad-for-att-du-ler\\\/#breadcrumb\"},\"inLanguage\":\"sv-SE\",\"potentialAction\":[{\"@type\":\"ReadAction\",\"target\":[\"https:\\\/\\\/lightweb.dev\\\/l\\\/svm-temp\\\/artiklar\\\/ler-du-for-att-du-ar-glad-eller-ar-du-glad-for-att-du-ler\\\/\"]}]},{\"@type\":\"ImageObject\",\"inLanguage\":\"sv-SE\",\"@id\":\"https:\\\/\\\/lightweb.dev\\\/l\\\/svm-temp\\\/artiklar\\\/ler-du-for-att-du-ar-glad-eller-ar-du-glad-for-att-du-ler\\\/#primaryimage\",\"url\":\"https:\\\/\\\/lightweb.dev\\\/l\\\/svm-temp\\\/wp-content\\\/uploads\\\/2022\\\/04\\\/ler-du-fr-att-du-r-glad-eller-r-du-glad-fr-att-du-ler.png\",\"contentUrl\":\"https:\\\/\\\/lightweb.dev\\\/l\\\/svm-temp\\\/wp-content\\\/uploads\\\/2022\\\/04\\\/ler-du-fr-att-du-r-glad-eller-r-du-glad-fr-att-du-ler.png\",\"width\":280,\"height\":210},{\"@type\":\"BreadcrumbList\",\"@id\":\"https:\\\/\\\/lightweb.dev\\\/l\\\/svm-temp\\\/artiklar\\\/ler-du-for-att-du-ar-glad-eller-ar-du-glad-for-att-du-ler\\\/#breadcrumb\",\"itemListElement\":[{\"@type\":\"ListItem\",\"position\":1,\"name\":\"Hem\",\"item\":\"https:\\\/\\\/lightweb.dev\\\/l\\\/svm-temp\\\/\"},{\"@type\":\"ListItem\",\"position\":2,\"name\":\"Ler du f\u00f6r att du \u00e4r glad, eller \u00e4r du glad f\u00f6r att du ler?\"}]},{\"@type\":\"WebSite\",\"@id\":\"https:\\\/\\\/lightweb.dev\\\/l\\\/svm-temp\\\/#website\",\"url\":\"https:\\\/\\\/lightweb.dev\\\/l\\\/svm-temp\\\/\",\"name\":\"Svenska Magasinet\",\"description\":\"Dina Spanska nyheter p&aring; Svenska\",\"publisher\":{\"@id\":\"https:\\\/\\\/lightweb.dev\\\/l\\\/svm-temp\\\/#organization\"},\"potentialAction\":[{\"@type\":\"SearchAction\",\"target\":{\"@type\":\"EntryPoint\",\"urlTemplate\":\"https:\\\/\\\/lightweb.dev\\\/l\\\/svm-temp\\\/?s={search_term_string}\"},\"query-input\":{\"@type\":\"PropertyValueSpecification\",\"valueRequired\":true,\"valueName\":\"search_term_string\"}}],\"inLanguage\":\"sv-SE\"},{\"@type\":\"Organization\",\"@id\":\"https:\\\/\\\/lightweb.dev\\\/l\\\/svm-temp\\\/#organization\",\"name\":\"Melkerson y Nott SL\",\"alternateName\":\"Svenska Magasinet\",\"url\":\"https:\\\/\\\/lightweb.dev\\\/l\\\/svm-temp\\\/\",\"logo\":{\"@type\":\"ImageObject\",\"inLanguage\":\"sv-SE\",\"@id\":\"https:\\\/\\\/lightweb.dev\\\/l\\\/svm-temp\\\/#\\\/schema\\\/logo\\\/image\\\/\",\"url\":\"https:\\\/\\\/lightweb.dev\\\/l\\\/svm-temp\\\/wp-content\\\/uploads\\\/2025\\\/02\\\/SvM-logo-Xtra-Centrerad-SVART.png\",\"contentUrl\":\"https:\\\/\\\/lightweb.dev\\\/l\\\/svm-temp\\\/wp-content\\\/uploads\\\/2025\\\/02\\\/SvM-logo-Xtra-Centrerad-SVART.png\",\"width\":300,\"height\":99,\"caption\":\"Melkerson y Nott SL\"},\"image\":{\"@id\":\"https:\\\/\\\/lightweb.dev\\\/l\\\/svm-temp\\\/#\\\/schema\\\/logo\\\/image\\\/\"},\"sameAs\":[\"https:\\\/\\\/www.facebook.com\\\/svenskamagasinet\",\"https:\\\/\\\/x.com\\\/SvenskaMagasine\"]},{\"@type\":\"Person\",\"@id\":\"https:\\\/\\\/lightweb.dev\\\/l\\\/svm-temp\\\/#\\\/schema\\\/person\\\/206a3bda5b607b0c25e1749191e4d837\",\"name\":\"Redaktionen SvM\",\"description\":\"Redaktionen\",\"sameAs\":[\"https:\\\/\\\/lightweb.dev\\\/l\\\/svm-temp\"],\"url\":\"https:\\\/\\\/lightweb.dev\\\/l\\\/svm-temp\\\/reporter\\\/redaktionen\\\/\"}]}<\/script>\n<!-- \/ Yoast SEO Premium plugin. -->","yoast_head_json":{"title":"Ler du f\u00f6r att du \u00e4r glad, eller \u00e4r du glad f\u00f6r att du ler? - Svenska Magasinet","robots":{"index":"noindex","follow":"follow","max-snippet":"max-snippet:-1","max-image-preview":"max-image-preview:large","max-video-preview":"max-video-preview:-1"},"og_locale":"sv_SE","og_type":"article","og_title":"Ler du f\u00f6r att du \u00e4r glad, eller \u00e4r du glad f\u00f6r att du ler?","og_description":"Visst har du n\u00e5gon g\u00e5ng sett en person sitta och gapa medan de f\u00f6rs\u00f6ker f\u00e5 ett litet barn att \u00f6ppna munnen f\u00f6r en sked med mat? Hur k\u00e4nner du dig n\u00e4r n\u00e5gon du m\u00f6ter ser arg ut, eller pl\u00f6tsligt spricker upp och ler mot dig? Av Hanna Willix, Leg. Psykolog e-post: hannawillix@gmail.com LinkedIn: Hanna Willix [&hellip;]","og_url":"https:\/\/lightweb.dev\/l\/svm-temp\/artiklar\/ler-du-for-att-du-ar-glad-eller-ar-du-glad-for-att-du-ler\/","og_site_name":"Svenska Magasinet","article_publisher":"https:\/\/www.facebook.com\/svenskamagasinet","article_published_time":"2016-03-08T23:00:00+00:00","og_image":[{"width":280,"height":210,"url":"https:\/\/lightweb.dev\/l\/svm-temp\/wp-content\/uploads\/2022\/04\/ler-du-fr-att-du-r-glad-eller-r-du-glad-fr-att-du-ler.png","type":"image\/png"}],"author":"Redaktionen SvM","twitter_card":"summary_large_image","twitter_creator":"@SvenskaMagasine","twitter_site":"@SvenskaMagasine","schema":{"@context":"https:\/\/schema.org","@graph":[{"@type":"Article","@id":"https:\/\/lightweb.dev\/l\/svm-temp\/artiklar\/ler-du-for-att-du-ar-glad-eller-ar-du-glad-for-att-du-ler\/#article","isPartOf":{"@id":"https:\/\/lightweb.dev\/l\/svm-temp\/artiklar\/ler-du-for-att-du-ar-glad-eller-ar-du-glad-for-att-du-ler\/"},"author":{"name":"Redaktionen SvM","@id":"https:\/\/lightweb.dev\/l\/svm-temp\/#\/schema\/person\/206a3bda5b607b0c25e1749191e4d837"},"headline":"Ler du f\u00f6r att du \u00e4r glad, eller \u00e4r du glad f\u00f6r att du ler?","datePublished":"2016-03-08T23:00:00+00:00","mainEntityOfPage":{"@id":"https:\/\/lightweb.dev\/l\/svm-temp\/artiklar\/ler-du-for-att-du-ar-glad-eller-ar-du-glad-for-att-du-ler\/"},"wordCount":713,"commentCount":0,"publisher":{"@id":"https:\/\/lightweb.dev\/l\/svm-temp\/#organization"},"image":{"@id":"https:\/\/lightweb.dev\/l\/svm-temp\/artiklar\/ler-du-for-att-du-ar-glad-eller-ar-du-glad-for-att-du-ler\/#primaryimage"},"thumbnailUrl":"https:\/\/lightweb.dev\/l\/svm-temp\/wp-content\/uploads\/2022\/04\/ler-du-fr-att-du-r-glad-eller-r-du-glad-fr-att-du-ler.png","articleSection":["Arkiv","Artiklar"],"inLanguage":"sv-SE"},{"@type":"WebPage","@id":"https:\/\/lightweb.dev\/l\/svm-temp\/artiklar\/ler-du-for-att-du-ar-glad-eller-ar-du-glad-for-att-du-ler\/","url":"https:\/\/lightweb.dev\/l\/svm-temp\/artiklar\/ler-du-for-att-du-ar-glad-eller-ar-du-glad-for-att-du-ler\/","name":"Ler du f\u00f6r att du \u00e4r glad, eller \u00e4r du glad f\u00f6r att du ler? - Svenska Magasinet","isPartOf":{"@id":"https:\/\/lightweb.dev\/l\/svm-temp\/#website"},"primaryImageOfPage":{"@id":"https:\/\/lightweb.dev\/l\/svm-temp\/artiklar\/ler-du-for-att-du-ar-glad-eller-ar-du-glad-for-att-du-ler\/#primaryimage"},"image":{"@id":"https:\/\/lightweb.dev\/l\/svm-temp\/artiklar\/ler-du-for-att-du-ar-glad-eller-ar-du-glad-for-att-du-ler\/#primaryimage"},"thumbnailUrl":"https:\/\/lightweb.dev\/l\/svm-temp\/wp-content\/uploads\/2022\/04\/ler-du-fr-att-du-r-glad-eller-r-du-glad-fr-att-du-ler.png","datePublished":"2016-03-08T23:00:00+00:00","breadcrumb":{"@id":"https:\/\/lightweb.dev\/l\/svm-temp\/artiklar\/ler-du-for-att-du-ar-glad-eller-ar-du-glad-for-att-du-ler\/#breadcrumb"},"inLanguage":"sv-SE","potentialAction":[{"@type":"ReadAction","target":["https:\/\/lightweb.dev\/l\/svm-temp\/artiklar\/ler-du-for-att-du-ar-glad-eller-ar-du-glad-for-att-du-ler\/"]}]},{"@type":"ImageObject","inLanguage":"sv-SE","@id":"https:\/\/lightweb.dev\/l\/svm-temp\/artiklar\/ler-du-for-att-du-ar-glad-eller-ar-du-glad-for-att-du-ler\/#primaryimage","url":"https:\/\/lightweb.dev\/l\/svm-temp\/wp-content\/uploads\/2022\/04\/ler-du-fr-att-du-r-glad-eller-r-du-glad-fr-att-du-ler.png","contentUrl":"https:\/\/lightweb.dev\/l\/svm-temp\/wp-content\/uploads\/2022\/04\/ler-du-fr-att-du-r-glad-eller-r-du-glad-fr-att-du-ler.png","width":280,"height":210},{"@type":"BreadcrumbList","@id":"https:\/\/lightweb.dev\/l\/svm-temp\/artiklar\/ler-du-for-att-du-ar-glad-eller-ar-du-glad-for-att-du-ler\/#breadcrumb","itemListElement":[{"@type":"ListItem","position":1,"name":"Hem","item":"https:\/\/lightweb.dev\/l\/svm-temp\/"},{"@type":"ListItem","position":2,"name":"Ler du f\u00f6r att du \u00e4r glad, eller \u00e4r du glad f\u00f6r att du ler?"}]},{"@type":"WebSite","@id":"https:\/\/lightweb.dev\/l\/svm-temp\/#website","url":"https:\/\/lightweb.dev\/l\/svm-temp\/","name":"Svenska Magasinet","description":"Dina Spanska nyheter p&aring; Svenska","publisher":{"@id":"https:\/\/lightweb.dev\/l\/svm-temp\/#organization"},"potentialAction":[{"@type":"SearchAction","target":{"@type":"EntryPoint","urlTemplate":"https:\/\/lightweb.dev\/l\/svm-temp\/?s={search_term_string}"},"query-input":{"@type":"PropertyValueSpecification","valueRequired":true,"valueName":"search_term_string"}}],"inLanguage":"sv-SE"},{"@type":"Organization","@id":"https:\/\/lightweb.dev\/l\/svm-temp\/#organization","name":"Melkerson y Nott SL","alternateName":"Svenska Magasinet","url":"https:\/\/lightweb.dev\/l\/svm-temp\/","logo":{"@type":"ImageObject","inLanguage":"sv-SE","@id":"https:\/\/lightweb.dev\/l\/svm-temp\/#\/schema\/logo\/image\/","url":"https:\/\/lightweb.dev\/l\/svm-temp\/wp-content\/uploads\/2025\/02\/SvM-logo-Xtra-Centrerad-SVART.png","contentUrl":"https:\/\/lightweb.dev\/l\/svm-temp\/wp-content\/uploads\/2025\/02\/SvM-logo-Xtra-Centrerad-SVART.png","width":300,"height":99,"caption":"Melkerson y Nott SL"},"image":{"@id":"https:\/\/lightweb.dev\/l\/svm-temp\/#\/schema\/logo\/image\/"},"sameAs":["https:\/\/www.facebook.com\/svenskamagasinet","https:\/\/x.com\/SvenskaMagasine"]},{"@type":"Person","@id":"https:\/\/lightweb.dev\/l\/svm-temp\/#\/schema\/person\/206a3bda5b607b0c25e1749191e4d837","name":"Redaktionen SvM","description":"Redaktionen","sameAs":["https:\/\/lightweb.dev\/l\/svm-temp"],"url":"https:\/\/lightweb.dev\/l\/svm-temp\/reporter\/redaktionen\/"}]}},"_links":{"self":[{"href":"https:\/\/lightweb.dev\/l\/svm-temp\/wp-json\/wp\/v2\/posts\/6299","targetHints":{"allow":["GET"]}}],"collection":[{"href":"https:\/\/lightweb.dev\/l\/svm-temp\/wp-json\/wp\/v2\/posts"}],"about":[{"href":"https:\/\/lightweb.dev\/l\/svm-temp\/wp-json\/wp\/v2\/types\/post"}],"author":[{"embeddable":true,"href":"https:\/\/lightweb.dev\/l\/svm-temp\/wp-json\/wp\/v2\/users\/8"}],"replies":[{"embeddable":true,"href":"https:\/\/lightweb.dev\/l\/svm-temp\/wp-json\/wp\/v2\/comments?post=6299"}],"version-history":[{"count":0,"href":"https:\/\/lightweb.dev\/l\/svm-temp\/wp-json\/wp\/v2\/posts\/6299\/revisions"}],"wp:featuredmedia":[{"embeddable":true,"href":"https:\/\/lightweb.dev\/l\/svm-temp\/wp-json\/wp\/v2\/media\/6300"}],"wp:attachment":[{"href":"https:\/\/lightweb.dev\/l\/svm-temp\/wp-json\/wp\/v2\/media?parent=6299"}],"wp:term":[{"taxonomy":"category","embeddable":true,"href":"https:\/\/lightweb.dev\/l\/svm-temp\/wp-json\/wp\/v2\/categories?post=6299"},{"taxonomy":"post_tag","embeddable":true,"href":"https:\/\/lightweb.dev\/l\/svm-temp\/wp-json\/wp\/v2\/tags?post=6299"}],"curies":[{"name":"wp","href":"https:\/\/api.w.org\/{rel}","templated":true}]}}