{"id":6307,"date":"2016-03-09T00:00:00","date_gmt":"2016-03-08T23:00:00","guid":{"rendered":"https:\/\/lightweb.dev\/l\/svm-temp\/upplev-varen-i-sydspanien-har-har-du-tio-utflyktsmal\/"},"modified":"2016-03-09T00:00:00","modified_gmt":"2016-03-08T23:00:00","slug":"upplev-varen-i-sydspanien-har-har-du-tio-utflyktsmal","status":"publish","type":"post","link":"https:\/\/lightweb.dev\/l\/svm-temp\/artiklar\/upplev-varen-i-sydspanien-har-har-du-tio-utflyktsmal\/","title":{"rendered":"Upplev v\u00e5ren i Sydspanien: H\u00e4r har du tio utflyktsm\u00e5l"},"content":{"rendered":"<p> Historia, dramatik, scenerier, natursk\u00f6na platser, \u00f6ver 1.100 kilometer kust, tv\u00e5 nationalparker och historiska st\u00e4der som Sevilla, C\u00e1diz, C\u00f3rdoba, M\u00e1laga och Granada. N\u00e4r v\u00e5ren \u00e4r h\u00e4r och landskapet \u00e4r som vackrast reser vi runt och gottar oss. <\/p>\n<p>Av Ola Josefsson<\/p>\n<p>Sedan Svenska Magasinet startade har vi skrivit om otaliga platser i Spaniens s\u00f6dra region. H\u00e4r kommer en sammanfattning och n\u00e5gra nyheter om du \u00e4r p\u00e5 jakt efter n\u00e5got trevligt utflyktsm\u00e5l.<\/p>\n<p>Det romerska Andalusien<br \/>\nOm du gillar arkeologi och romersk historia har vi tv\u00e5 viktiga stopp i Andalusien. Det f\u00f6rsta \u00e4r i Santiponce (15km fr\u00e5n Sevilla) d\u00e4r vi ser resterna av den gamla romerska staden It\u00e1lica (206 f.v.t.). H\u00e4r finns en romersk amfiteater och flera v\u00e4gar. Tv\u00e5 och en halv timme h\u00e4rifr\u00e5n ligger Baelo Claudia i provinsen C\u00e1diz. En plats som har gett mycket kunskap i hur romarna byggde en bos\u00e4ttning.<\/p>\n<p>Caminito del Rey, M\u00e1laga<br \/>\nDet svindlande \u00e4ventyret Caminito del Rey och vandringsleden som ringlar sig ovanf\u00f6r ravinen Gaitanes \u00f6ppnade i slutet p\u00e5 mars 2015. Under det f\u00f6rsta \u00e5ret har det blivit ett mycket popul\u00e4rt utflyktsm\u00e5l. Att vandra hundra meter upp i luften l\u00e4ngs h\u00e4ngbroar ger en sk\u00f6n k\u00e4nsla. Men gl\u00f6m inte att titta upp i luften. Kanske ser du n\u00e5gon gam som sv\u00e4var h\u00f6gt upp i skyn.<\/p>\n<p>R\u00edo Tinto, Huelva<br \/>\nNej, du \u00e4r inte p\u00e5 planeten mars. Det \u00e4r Andalusien och den r\u00f6da floden, r\u00edo Tinto, som flyter genom delar av provinsen Huelva. Den s\u00e4regna f\u00e4rgen beror p\u00e5 den h\u00f6ga koncentrationen av tungmetaller fr\u00e5n underjordisk aktivitet. F\u00f6rutom att betrakta det fascinerande landskapet utmed r\u00edo Tinto gl\u00f6m inte bort museet som ber\u00e4ttar hur gruvdriften f\u00f6r\u00e4ndrade landskapet.<\/p>\n<p>Vejer de la Frontera, C\u00e1diz<br \/>\nKanske den vackraste byn i hela Andalusien. Vitkalkad som m\u00e5nga andra men muromg\u00e4rdade Vejer de la Frontera tar andan ur de flesta. Ligger p\u00e5 toppen av en kulle och h\u00e4rifr\u00e5n njuter vi av den h\u00e4nf\u00f6rande utsikten som vid klara dagar str\u00e4cker sig till Nordafrikas kust.<\/p>\n<p>Cascada de la Cimbarra, Ja\u00e9n<br \/>\nAndalusiens Niagarafall? N\u00e5ja, kanske inte helt riktigt men f\u00f6r att vara i Europa \u00e4r J\u00e1ens hemlighet ganska h\u00e4ftigt. Det \u00e4r ett imponerande fl\u00f6de av vatten som faller 40 meter l\u00e4ngs en vertikal v\u00e4gg och som \u00e4r en av de b\u00e4st bevarade hemligheterna i omr\u00e5det som bjuder p\u00e5 m\u00e4rkliga klippformationer. N\u00e4rmaste kommun \u00e4r Aldeaquemada. K\u00f6r en bit s\u00f6derut och l\u00e4mna bilen vid La Cimbarra. G\u00e5 till h\u00f6ger och du kommer att se vattenfallet.<\/p>\n<p>Sierra de Grazalema, C\u00e1diz<br \/>\nP\u00e5 ingen annan plats i Andalusien s\u00e5 regnar det s\u00e5 mycket som i Grazalemabergen v\u00e4ster om Ronda men i provinsen C\u00e1diz. Ett tales\u00e4tt s\u00e4ger att h\u00e4r \u00e4r det aprilv\u00e4der \u00e5ret runt. Den rikliga nederb\u00f6rden g\u00f6r att Grazalema har ett stort ekologiskt v\u00e4rde i regionen. Det \u00e4r gr\u00f6nt och frodigt och kalkstensklipporna g\u00f6r att det \u00e4r ett mycket popul\u00e4rt omr\u00e5de f\u00f6r kl\u00e4ttrare och grottforskare. Sierra de Grazalema \u00e4r ocks\u00e5 ett paradis f\u00f6r f\u00e5gelsk\u00e5daren.<br \/>\n  Cortegana, Huelva<br \/>\nBara 60 kilometer fr\u00e5n den portugisiska gr\u00e4nsen ligger h\u00e4r en riktig juvel, borgen castillo de Sancho IV d\u00e4r man i augusti varje \u00e5r firar de viktigaste medeltidsdagarna i Andalusien. I Cortegana finns b\u00e5de historiska och arkitektoniska v\u00e4rden men \u00e4ven naturrikedomar. P\u00e5 sluttningarna till sierra de Aracena v\u00e4xer korkek och kastanjetr\u00e4d.<\/p>\n<p>Castril, Granada<br \/>\nGranada stad, den moriska f\u00e4stningen Alhambra och Sierra Nevada drar till sig de flesta turister som kommer till omr\u00e5det. L\u00e5t oss inte gl\u00f6mma bort vandringsleden Altiplano som bjuder p\u00e5 en sp\u00e4nnande kombination av \u00f6kenlandskap och h\u00f6g h\u00f6jd. H\u00e4r finns h\u00e4ngbroar \u00f6ver floden r\u00edo Castril och vi vandrar utmed tr\u00e4broar. F\u00f6rutom den lilla kommunen Castril gl\u00f6m inte bort Hu\u00e9scar. Castril ligger n\u00e4ra den vackra nationalparken Sierras de Carzolas, nordost om Granada.<\/p>\n<p>Castillo de V\u00e9lez-Blanco<br \/>\nDenna ren\u00e4ssansens f\u00e4stning \u00e4r en av de b\u00e4st bevarade i Andalusien och du ser den p\u00e5 l\u00e5ngt avst\u00e5nd som en siluett p\u00e5 en kulle. Den \u00e4r p\u00e5 2.500 kvadratmeter och best\u00e5r av tv\u00e5 byggnader som f\u00f6renas genom en vindbrygga. Missa inte innerg\u00e5rden Patio de Honor i vit marmor och som anses vara en juvel inom ren\u00e4ssansen. V\u00e9lez-Blanco ligger mellan Granada och Murcia.<\/p>\n<p>Setenil de las bodegas, C\u00e1diz<br \/>\nKan det vara m\u00f6jligt att bygga ett litet samh\u00e4lle in i ett berg? Visst \u00e4r det s\u00e5. Setenil de las bodegas, norr om Ronda, \u00e4r en dramatisk plats i Andalusien. Det \u00e4r en by som \u00e4r inb\u00e4ddad i berget. Byn \u00e4r helt anpassad till det kuperade landskapet. Vandra l\u00e4ngs gatorna och pl\u00f6tsligt befinner du dig i hj\u00e4rtat av berget.<\/p>\n","protected":false},"excerpt":{"rendered":"<p>Historia, dramatik, scenerier, natursk\u00f6na platser, \u00f6ver 1.100 kilometer kust, tv\u00e5 nationalparker och historiska st\u00e4der som Sevilla, C\u00e1diz, C\u00f3rdoba, M\u00e1laga och Granada. N\u00e4r v\u00e5ren \u00e4r h\u00e4r och landskapet \u00e4r som vackrast reser vi runt och gottar oss. Av Ola Josefsson Sedan Svenska Magasinet startade har vi skrivit om otaliga platser i Spaniens s\u00f6dra region. H\u00e4r kommer [&hellip;]<\/p>\n","protected":false},"author":8,"featured_media":6308,"comment_status":"open","ping_status":"open","sticky":false,"template":"","format":"standard","meta":{"_et_pb_use_builder":"","_et_pb_old_content":"","_et_gb_content_width":"","footnotes":""},"categories":[396,4],"tags":[],"class_list":["post-6307","post","type-post","status-publish","format-standard","has-post-thumbnail","hentry","category-arkiv-artiklar","category-artiklar"],"yoast_head":"<!-- This site is optimized with the Yoast SEO Premium plugin v26.2 (Yoast SEO v28.2) - https:\/\/yoast.com\/product\/yoast-seo-premium-wordpress\/ -->\n<title>Upplev v\u00e5ren i Sydspanien: H\u00e4r har du tio utflyktsm\u00e5l - Svenska Magasinet<\/title>\n<meta name=\"robots\" content=\"noindex, follow, max-snippet:-1, max-image-preview:large, max-video-preview:-1\" \/>\n<meta property=\"og:locale\" content=\"sv_SE\" \/>\n<meta property=\"og:type\" content=\"article\" \/>\n<meta property=\"og:title\" content=\"Upplev v\u00e5ren i Sydspanien: H\u00e4r har du tio utflyktsm\u00e5l\" \/>\n<meta property=\"og:description\" content=\"Historia, dramatik, scenerier, natursk\u00f6na platser, \u00f6ver 1.100 kilometer kust, tv\u00e5 nationalparker och historiska st\u00e4der som Sevilla, C\u00e1diz, C\u00f3rdoba, M\u00e1laga och Granada. N\u00e4r v\u00e5ren \u00e4r h\u00e4r och landskapet \u00e4r som vackrast reser vi runt och gottar oss. Av Ola Josefsson Sedan Svenska Magasinet startade har vi skrivit om otaliga platser i Spaniens s\u00f6dra region. H\u00e4r kommer [&hellip;]\" \/>\n<meta property=\"og:url\" content=\"https:\/\/lightweb.dev\/l\/svm-temp\/artiklar\/upplev-varen-i-sydspanien-har-har-du-tio-utflyktsmal\/\" \/>\n<meta property=\"og:site_name\" content=\"Svenska Magasinet\" \/>\n<meta property=\"article:publisher\" content=\"https:\/\/www.facebook.com\/svenskamagasinet\" \/>\n<meta property=\"article:published_time\" content=\"2016-03-08T23:00:00+00:00\" \/>\n<meta property=\"og:image\" content=\"https:\/\/lightweb.dev\/l\/svm-temp\/wp-content\/uploads\/2022\/04\/upplev-vren-i-sydspanien-hr-har-du-tio-utflyktsml.png\" \/>\n\t<meta property=\"og:image:width\" content=\"300\" \/>\n\t<meta property=\"og:image:height\" content=\"200\" \/>\n\t<meta property=\"og:image:type\" content=\"image\/png\" \/>\n<meta name=\"author\" content=\"Redaktionen SvM\" \/>\n<meta name=\"twitter:card\" content=\"summary_large_image\" \/>\n<meta name=\"twitter:creator\" content=\"@SvenskaMagasine\" \/>\n<meta name=\"twitter:site\" content=\"@SvenskaMagasine\" \/>\n<script type=\"application\/ld+json\" class=\"yoast-schema-graph\">{\"@context\":\"https:\\\/\\\/schema.org\",\"@graph\":[{\"@type\":\"Article\",\"@id\":\"https:\\\/\\\/lightweb.dev\\\/l\\\/svm-temp\\\/artiklar\\\/upplev-varen-i-sydspanien-har-har-du-tio-utflyktsmal\\\/#article\",\"isPartOf\":{\"@id\":\"https:\\\/\\\/lightweb.dev\\\/l\\\/svm-temp\\\/artiklar\\\/upplev-varen-i-sydspanien-har-har-du-tio-utflyktsmal\\\/\"},\"author\":{\"name\":\"Redaktionen SvM\",\"@id\":\"https:\\\/\\\/lightweb.dev\\\/l\\\/svm-temp\\\/#\\\/schema\\\/person\\\/206a3bda5b607b0c25e1749191e4d837\"},\"headline\":\"Upplev v\u00e5ren i Sydspanien: H\u00e4r har du tio utflyktsm\u00e5l\",\"datePublished\":\"2016-03-08T23:00:00+00:00\",\"mainEntityOfPage\":{\"@id\":\"https:\\\/\\\/lightweb.dev\\\/l\\\/svm-temp\\\/artiklar\\\/upplev-varen-i-sydspanien-har-har-du-tio-utflyktsmal\\\/\"},\"wordCount\":861,\"commentCount\":0,\"publisher\":{\"@id\":\"https:\\\/\\\/lightweb.dev\\\/l\\\/svm-temp\\\/#organization\"},\"image\":{\"@id\":\"https:\\\/\\\/lightweb.dev\\\/l\\\/svm-temp\\\/artiklar\\\/upplev-varen-i-sydspanien-har-har-du-tio-utflyktsmal\\\/#primaryimage\"},\"thumbnailUrl\":\"https:\\\/\\\/lightweb.dev\\\/l\\\/svm-temp\\\/wp-content\\\/uploads\\\/2022\\\/04\\\/upplev-vren-i-sydspanien-hr-har-du-tio-utflyktsml.png\",\"articleSection\":[\"Arkiv\",\"Artiklar\"],\"inLanguage\":\"sv-SE\"},{\"@type\":\"WebPage\",\"@id\":\"https:\\\/\\\/lightweb.dev\\\/l\\\/svm-temp\\\/artiklar\\\/upplev-varen-i-sydspanien-har-har-du-tio-utflyktsmal\\\/\",\"url\":\"https:\\\/\\\/lightweb.dev\\\/l\\\/svm-temp\\\/artiklar\\\/upplev-varen-i-sydspanien-har-har-du-tio-utflyktsmal\\\/\",\"name\":\"Upplev v\u00e5ren i Sydspanien: H\u00e4r har du tio utflyktsm\u00e5l - Svenska Magasinet\",\"isPartOf\":{\"@id\":\"https:\\\/\\\/lightweb.dev\\\/l\\\/svm-temp\\\/#website\"},\"primaryImageOfPage\":{\"@id\":\"https:\\\/\\\/lightweb.dev\\\/l\\\/svm-temp\\\/artiklar\\\/upplev-varen-i-sydspanien-har-har-du-tio-utflyktsmal\\\/#primaryimage\"},\"image\":{\"@id\":\"https:\\\/\\\/lightweb.dev\\\/l\\\/svm-temp\\\/artiklar\\\/upplev-varen-i-sydspanien-har-har-du-tio-utflyktsmal\\\/#primaryimage\"},\"thumbnailUrl\":\"https:\\\/\\\/lightweb.dev\\\/l\\\/svm-temp\\\/wp-content\\\/uploads\\\/2022\\\/04\\\/upplev-vren-i-sydspanien-hr-har-du-tio-utflyktsml.png\",\"datePublished\":\"2016-03-08T23:00:00+00:00\",\"breadcrumb\":{\"@id\":\"https:\\\/\\\/lightweb.dev\\\/l\\\/svm-temp\\\/artiklar\\\/upplev-varen-i-sydspanien-har-har-du-tio-utflyktsmal\\\/#breadcrumb\"},\"inLanguage\":\"sv-SE\",\"potentialAction\":[{\"@type\":\"ReadAction\",\"target\":[\"https:\\\/\\\/lightweb.dev\\\/l\\\/svm-temp\\\/artiklar\\\/upplev-varen-i-sydspanien-har-har-du-tio-utflyktsmal\\\/\"]}]},{\"@type\":\"ImageObject\",\"inLanguage\":\"sv-SE\",\"@id\":\"https:\\\/\\\/lightweb.dev\\\/l\\\/svm-temp\\\/artiklar\\\/upplev-varen-i-sydspanien-har-har-du-tio-utflyktsmal\\\/#primaryimage\",\"url\":\"https:\\\/\\\/lightweb.dev\\\/l\\\/svm-temp\\\/wp-content\\\/uploads\\\/2022\\\/04\\\/upplev-vren-i-sydspanien-hr-har-du-tio-utflyktsml.png\",\"contentUrl\":\"https:\\\/\\\/lightweb.dev\\\/l\\\/svm-temp\\\/wp-content\\\/uploads\\\/2022\\\/04\\\/upplev-vren-i-sydspanien-hr-har-du-tio-utflyktsml.png\",\"width\":300,\"height\":200},{\"@type\":\"BreadcrumbList\",\"@id\":\"https:\\\/\\\/lightweb.dev\\\/l\\\/svm-temp\\\/artiklar\\\/upplev-varen-i-sydspanien-har-har-du-tio-utflyktsmal\\\/#breadcrumb\",\"itemListElement\":[{\"@type\":\"ListItem\",\"position\":1,\"name\":\"Hem\",\"item\":\"https:\\\/\\\/lightweb.dev\\\/l\\\/svm-temp\\\/\"},{\"@type\":\"ListItem\",\"position\":2,\"name\":\"Upplev v\u00e5ren i Sydspanien: H\u00e4r har du tio utflyktsm\u00e5l\"}]},{\"@type\":\"WebSite\",\"@id\":\"https:\\\/\\\/lightweb.dev\\\/l\\\/svm-temp\\\/#website\",\"url\":\"https:\\\/\\\/lightweb.dev\\\/l\\\/svm-temp\\\/\",\"name\":\"Svenska Magasinet\",\"description\":\"Dina Spanska nyheter p&aring; Svenska\",\"publisher\":{\"@id\":\"https:\\\/\\\/lightweb.dev\\\/l\\\/svm-temp\\\/#organization\"},\"potentialAction\":[{\"@type\":\"SearchAction\",\"target\":{\"@type\":\"EntryPoint\",\"urlTemplate\":\"https:\\\/\\\/lightweb.dev\\\/l\\\/svm-temp\\\/?s={search_term_string}\"},\"query-input\":{\"@type\":\"PropertyValueSpecification\",\"valueRequired\":true,\"valueName\":\"search_term_string\"}}],\"inLanguage\":\"sv-SE\"},{\"@type\":\"Organization\",\"@id\":\"https:\\\/\\\/lightweb.dev\\\/l\\\/svm-temp\\\/#organization\",\"name\":\"Melkerson y Nott SL\",\"alternateName\":\"Svenska Magasinet\",\"url\":\"https:\\\/\\\/lightweb.dev\\\/l\\\/svm-temp\\\/\",\"logo\":{\"@type\":\"ImageObject\",\"inLanguage\":\"sv-SE\",\"@id\":\"https:\\\/\\\/lightweb.dev\\\/l\\\/svm-temp\\\/#\\\/schema\\\/logo\\\/image\\\/\",\"url\":\"https:\\\/\\\/lightweb.dev\\\/l\\\/svm-temp\\\/wp-content\\\/uploads\\\/2025\\\/02\\\/SvM-logo-Xtra-Centrerad-SVART.png\",\"contentUrl\":\"https:\\\/\\\/lightweb.dev\\\/l\\\/svm-temp\\\/wp-content\\\/uploads\\\/2025\\\/02\\\/SvM-logo-Xtra-Centrerad-SVART.png\",\"width\":300,\"height\":99,\"caption\":\"Melkerson y Nott SL\"},\"image\":{\"@id\":\"https:\\\/\\\/lightweb.dev\\\/l\\\/svm-temp\\\/#\\\/schema\\\/logo\\\/image\\\/\"},\"sameAs\":[\"https:\\\/\\\/www.facebook.com\\\/svenskamagasinet\",\"https:\\\/\\\/x.com\\\/SvenskaMagasine\"]},{\"@type\":\"Person\",\"@id\":\"https:\\\/\\\/lightweb.dev\\\/l\\\/svm-temp\\\/#\\\/schema\\\/person\\\/206a3bda5b607b0c25e1749191e4d837\",\"name\":\"Redaktionen SvM\",\"description\":\"Redaktionen\",\"sameAs\":[\"https:\\\/\\\/lightweb.dev\\\/l\\\/svm-temp\"],\"url\":\"https:\\\/\\\/lightweb.dev\\\/l\\\/svm-temp\\\/reporter\\\/redaktionen\\\/\"}]}<\/script>\n<!-- \/ Yoast SEO Premium plugin. -->","yoast_head_json":{"title":"Upplev v\u00e5ren i Sydspanien: H\u00e4r har du tio utflyktsm\u00e5l - Svenska Magasinet","robots":{"index":"noindex","follow":"follow","max-snippet":"max-snippet:-1","max-image-preview":"max-image-preview:large","max-video-preview":"max-video-preview:-1"},"og_locale":"sv_SE","og_type":"article","og_title":"Upplev v\u00e5ren i Sydspanien: H\u00e4r har du tio utflyktsm\u00e5l","og_description":"Historia, dramatik, scenerier, natursk\u00f6na platser, \u00f6ver 1.100 kilometer kust, tv\u00e5 nationalparker och historiska st\u00e4der som Sevilla, C\u00e1diz, C\u00f3rdoba, M\u00e1laga och Granada. N\u00e4r v\u00e5ren \u00e4r h\u00e4r och landskapet \u00e4r som vackrast reser vi runt och gottar oss. Av Ola Josefsson Sedan Svenska Magasinet startade har vi skrivit om otaliga platser i Spaniens s\u00f6dra region. H\u00e4r kommer [&hellip;]","og_url":"https:\/\/lightweb.dev\/l\/svm-temp\/artiklar\/upplev-varen-i-sydspanien-har-har-du-tio-utflyktsmal\/","og_site_name":"Svenska Magasinet","article_publisher":"https:\/\/www.facebook.com\/svenskamagasinet","article_published_time":"2016-03-08T23:00:00+00:00","og_image":[{"width":300,"height":200,"url":"https:\/\/lightweb.dev\/l\/svm-temp\/wp-content\/uploads\/2022\/04\/upplev-vren-i-sydspanien-hr-har-du-tio-utflyktsml.png","type":"image\/png"}],"author":"Redaktionen SvM","twitter_card":"summary_large_image","twitter_creator":"@SvenskaMagasine","twitter_site":"@SvenskaMagasine","schema":{"@context":"https:\/\/schema.org","@graph":[{"@type":"Article","@id":"https:\/\/lightweb.dev\/l\/svm-temp\/artiklar\/upplev-varen-i-sydspanien-har-har-du-tio-utflyktsmal\/#article","isPartOf":{"@id":"https:\/\/lightweb.dev\/l\/svm-temp\/artiklar\/upplev-varen-i-sydspanien-har-har-du-tio-utflyktsmal\/"},"author":{"name":"Redaktionen SvM","@id":"https:\/\/lightweb.dev\/l\/svm-temp\/#\/schema\/person\/206a3bda5b607b0c25e1749191e4d837"},"headline":"Upplev v\u00e5ren i Sydspanien: H\u00e4r har du tio utflyktsm\u00e5l","datePublished":"2016-03-08T23:00:00+00:00","mainEntityOfPage":{"@id":"https:\/\/lightweb.dev\/l\/svm-temp\/artiklar\/upplev-varen-i-sydspanien-har-har-du-tio-utflyktsmal\/"},"wordCount":861,"commentCount":0,"publisher":{"@id":"https:\/\/lightweb.dev\/l\/svm-temp\/#organization"},"image":{"@id":"https:\/\/lightweb.dev\/l\/svm-temp\/artiklar\/upplev-varen-i-sydspanien-har-har-du-tio-utflyktsmal\/#primaryimage"},"thumbnailUrl":"https:\/\/lightweb.dev\/l\/svm-temp\/wp-content\/uploads\/2022\/04\/upplev-vren-i-sydspanien-hr-har-du-tio-utflyktsml.png","articleSection":["Arkiv","Artiklar"],"inLanguage":"sv-SE"},{"@type":"WebPage","@id":"https:\/\/lightweb.dev\/l\/svm-temp\/artiklar\/upplev-varen-i-sydspanien-har-har-du-tio-utflyktsmal\/","url":"https:\/\/lightweb.dev\/l\/svm-temp\/artiklar\/upplev-varen-i-sydspanien-har-har-du-tio-utflyktsmal\/","name":"Upplev v\u00e5ren i Sydspanien: H\u00e4r har du tio utflyktsm\u00e5l - Svenska Magasinet","isPartOf":{"@id":"https:\/\/lightweb.dev\/l\/svm-temp\/#website"},"primaryImageOfPage":{"@id":"https:\/\/lightweb.dev\/l\/svm-temp\/artiklar\/upplev-varen-i-sydspanien-har-har-du-tio-utflyktsmal\/#primaryimage"},"image":{"@id":"https:\/\/lightweb.dev\/l\/svm-temp\/artiklar\/upplev-varen-i-sydspanien-har-har-du-tio-utflyktsmal\/#primaryimage"},"thumbnailUrl":"https:\/\/lightweb.dev\/l\/svm-temp\/wp-content\/uploads\/2022\/04\/upplev-vren-i-sydspanien-hr-har-du-tio-utflyktsml.png","datePublished":"2016-03-08T23:00:00+00:00","breadcrumb":{"@id":"https:\/\/lightweb.dev\/l\/svm-temp\/artiklar\/upplev-varen-i-sydspanien-har-har-du-tio-utflyktsmal\/#breadcrumb"},"inLanguage":"sv-SE","potentialAction":[{"@type":"ReadAction","target":["https:\/\/lightweb.dev\/l\/svm-temp\/artiklar\/upplev-varen-i-sydspanien-har-har-du-tio-utflyktsmal\/"]}]},{"@type":"ImageObject","inLanguage":"sv-SE","@id":"https:\/\/lightweb.dev\/l\/svm-temp\/artiklar\/upplev-varen-i-sydspanien-har-har-du-tio-utflyktsmal\/#primaryimage","url":"https:\/\/lightweb.dev\/l\/svm-temp\/wp-content\/uploads\/2022\/04\/upplev-vren-i-sydspanien-hr-har-du-tio-utflyktsml.png","contentUrl":"https:\/\/lightweb.dev\/l\/svm-temp\/wp-content\/uploads\/2022\/04\/upplev-vren-i-sydspanien-hr-har-du-tio-utflyktsml.png","width":300,"height":200},{"@type":"BreadcrumbList","@id":"https:\/\/lightweb.dev\/l\/svm-temp\/artiklar\/upplev-varen-i-sydspanien-har-har-du-tio-utflyktsmal\/#breadcrumb","itemListElement":[{"@type":"ListItem","position":1,"name":"Hem","item":"https:\/\/lightweb.dev\/l\/svm-temp\/"},{"@type":"ListItem","position":2,"name":"Upplev v\u00e5ren i Sydspanien: H\u00e4r har du tio utflyktsm\u00e5l"}]},{"@type":"WebSite","@id":"https:\/\/lightweb.dev\/l\/svm-temp\/#website","url":"https:\/\/lightweb.dev\/l\/svm-temp\/","name":"Svenska Magasinet","description":"Dina Spanska nyheter p&aring; Svenska","publisher":{"@id":"https:\/\/lightweb.dev\/l\/svm-temp\/#organization"},"potentialAction":[{"@type":"SearchAction","target":{"@type":"EntryPoint","urlTemplate":"https:\/\/lightweb.dev\/l\/svm-temp\/?s={search_term_string}"},"query-input":{"@type":"PropertyValueSpecification","valueRequired":true,"valueName":"search_term_string"}}],"inLanguage":"sv-SE"},{"@type":"Organization","@id":"https:\/\/lightweb.dev\/l\/svm-temp\/#organization","name":"Melkerson y Nott SL","alternateName":"Svenska Magasinet","url":"https:\/\/lightweb.dev\/l\/svm-temp\/","logo":{"@type":"ImageObject","inLanguage":"sv-SE","@id":"https:\/\/lightweb.dev\/l\/svm-temp\/#\/schema\/logo\/image\/","url":"https:\/\/lightweb.dev\/l\/svm-temp\/wp-content\/uploads\/2025\/02\/SvM-logo-Xtra-Centrerad-SVART.png","contentUrl":"https:\/\/lightweb.dev\/l\/svm-temp\/wp-content\/uploads\/2025\/02\/SvM-logo-Xtra-Centrerad-SVART.png","width":300,"height":99,"caption":"Melkerson y Nott SL"},"image":{"@id":"https:\/\/lightweb.dev\/l\/svm-temp\/#\/schema\/logo\/image\/"},"sameAs":["https:\/\/www.facebook.com\/svenskamagasinet","https:\/\/x.com\/SvenskaMagasine"]},{"@type":"Person","@id":"https:\/\/lightweb.dev\/l\/svm-temp\/#\/schema\/person\/206a3bda5b607b0c25e1749191e4d837","name":"Redaktionen SvM","description":"Redaktionen","sameAs":["https:\/\/lightweb.dev\/l\/svm-temp"],"url":"https:\/\/lightweb.dev\/l\/svm-temp\/reporter\/redaktionen\/"}]}},"_links":{"self":[{"href":"https:\/\/lightweb.dev\/l\/svm-temp\/wp-json\/wp\/v2\/posts\/6307","targetHints":{"allow":["GET"]}}],"collection":[{"href":"https:\/\/lightweb.dev\/l\/svm-temp\/wp-json\/wp\/v2\/posts"}],"about":[{"href":"https:\/\/lightweb.dev\/l\/svm-temp\/wp-json\/wp\/v2\/types\/post"}],"author":[{"embeddable":true,"href":"https:\/\/lightweb.dev\/l\/svm-temp\/wp-json\/wp\/v2\/users\/8"}],"replies":[{"embeddable":true,"href":"https:\/\/lightweb.dev\/l\/svm-temp\/wp-json\/wp\/v2\/comments?post=6307"}],"version-history":[{"count":0,"href":"https:\/\/lightweb.dev\/l\/svm-temp\/wp-json\/wp\/v2\/posts\/6307\/revisions"}],"wp:featuredmedia":[{"embeddable":true,"href":"https:\/\/lightweb.dev\/l\/svm-temp\/wp-json\/wp\/v2\/media\/6308"}],"wp:attachment":[{"href":"https:\/\/lightweb.dev\/l\/svm-temp\/wp-json\/wp\/v2\/media?parent=6307"}],"wp:term":[{"taxonomy":"category","embeddable":true,"href":"https:\/\/lightweb.dev\/l\/svm-temp\/wp-json\/wp\/v2\/categories?post=6307"},{"taxonomy":"post_tag","embeddable":true,"href":"https:\/\/lightweb.dev\/l\/svm-temp\/wp-json\/wp\/v2\/tags?post=6307"}],"curies":[{"name":"wp","href":"https:\/\/api.w.org\/{rel}","templated":true}]}}