{"id":63344,"date":"2023-04-27T11:35:38","date_gmt":"2023-04-27T09:35:38","guid":{"rendered":"https:\/\/lightweb.dev\/l\/svm-temp\/?p=63344"},"modified":"2023-04-27T11:42:46","modified_gmt":"2023-04-27T09:42:46","slug":"halsoexperter-vill-hoja-priset-pa-tobak-dubbelt","status":"publish","type":"post","link":"https:\/\/lightweb.dev\/l\/svm-temp\/nyheter\/halsoexperter-vill-hoja-priset-pa-tobak-dubbelt\/","title":{"rendered":"H\u00e4lsoexperter vill h\u00f6ja priset p\u00e5 tobak dubbelt"},"content":{"rendered":"<p><strong>Var elfte minut avlider en person i Spanien av tobaksrelaterade sjukdomar. Cigaretter \u00e4r fortsatt mycket billigare i Spanien \u00e4n i andra l\u00e4nder trots att det orsakar sjukdomar som kostar stora summor pengar f\u00f6r spanska v\u00e5rden. Faktum \u00e4r att ett cigarettpaket \u00e4r dubbelt s\u00e5 dyrt i Frankrike.<\/strong><\/p>\n<p>Spaniens drottning Letizia invigningstalade p\u00e5 onsdagen n\u00e4r Europakonferensen Tobak eller H\u00e4lsa, ECToH (Conferencia Europea Tabaco o Salud) inleddes.<\/p>\n<div id=\"attachment_63347\" style=\"width: 310px\" class=\"wp-caption alignleft\"><img loading=\"lazy\" decoding=\"async\" aria-describedby=\"caption-attachment-63347\" class=\"size-medium wp-image-63347\" src=\"https:\/\/lightweb.dev\/l\/svm-temp\/wp-content\/uploads\/2023\/04\/Fuom0PMXwAEA6DK-stor-300x200.jpeg\" alt=\"\" width=\"300\" height=\"200\" srcset=\"https:\/\/lightweb.dev\/l\/svm-temp\/wp-content\/uploads\/2023\/04\/Fuom0PMXwAEA6DK-stor-300x200.jpeg 300w, https:\/\/lightweb.dev\/l\/svm-temp\/wp-content\/uploads\/2023\/04\/Fuom0PMXwAEA6DK-stor-900x600.jpeg 900w, https:\/\/lightweb.dev\/l\/svm-temp\/wp-content\/uploads\/2023\/04\/Fuom0PMXwAEA6DK-stor-768x512.jpeg 768w, https:\/\/lightweb.dev\/l\/svm-temp\/wp-content\/uploads\/2023\/04\/Fuom0PMXwAEA6DK-stor-610x407.jpeg 610w, https:\/\/lightweb.dev\/l\/svm-temp\/wp-content\/uploads\/2023\/04\/Fuom0PMXwAEA6DK-stor-1080x720.jpeg 1080w, https:\/\/lightweb.dev\/l\/svm-temp\/wp-content\/uploads\/2023\/04\/Fuom0PMXwAEA6DK-stor-600x400.jpeg 600w, https:\/\/lightweb.dev\/l\/svm-temp\/wp-content\/uploads\/2023\/04\/Fuom0PMXwAEA6DK-stor.jpeg 1280w\" sizes=\"(max-width: 300px) 100vw, 300px\" \/><p id=\"caption-attachment-63347\" class=\"wp-caption-text\">Drottning Letizia m\u00f6tte ungdomar och pratade om farorna med r\u00f6kning. (Foto: Kungahuset Casa Real)<\/p><\/div>\n<p>&#8211; R\u00f6kning \u00e4r ingen ovana, det \u00e4r en sjukdom och vi m\u00e5ste hj\u00e4lpa m\u00e4nniskor som lider av sjukdomen. Att konsumera tobak orsakar mycket allvarliga sjukdomar, sa drottningen.<\/p>\n<p>H\u00e4lsoexperterna \u00e4r eniga: Priset p\u00e5 cigaretter m\u00e5ste h\u00f6jas, m\u00e5let \u00e4r att de blir dubbelt s\u00e5 dyra. Spanien \u00e4r fortsatt 2023 Europas fr\u00e4msta tobakshandlare. L\u00e5g beskattning \u00e4r ett incitament f\u00f6r nya r\u00f6kare att smutsa ner sina lungor.<\/p>\n<p>Jos\u00e9 Mar\u00eda Mart\u00edn Moreno som \u00e4r ordf\u00f6rande f\u00f6r kongressens vetenskapliga kommitt\u00e9 s\u00e4ger att det \u00e4r ett gift i v\u00e5rt samh\u00e4lle. Vi m\u00e5ste str\u00e4va efter en tobaksfri generation och vi vet hur vi kan g\u00f6ra det. Men det \u00e4r skamligt att tobaksskatterna i Spanien \u00e4r l\u00e4gre \u00e4n i andra l\u00e4nder, s\u00e4ger han.<\/p>\n<p>Kampen mot r\u00f6kning har stannar upp i Spanien efter att landet 2010 inf\u00f6rde f\u00f6rbud mot r\u00f6kning p\u00e5 barer och restauranger. I st\u00e4llet har den elektroniska cigaretten tagit \u00f6ver och f\u00e5tt unga m\u00e4nniskor att b\u00f6rja. Det har blivit ett nytt mode p\u00e5 sociala n\u00e4tverk.<\/p>\n<p>I Spanien avlider \u00f6ver 60.000 m\u00e4nniskor om \u00e5ret p\u00e5 grund av r\u00f6kning. 71,8 procent av alla barn under tolv \u00e5r uts\u00e4tts f\u00f6r tobaksr\u00f6k regelbundet.<\/p>\n","protected":false},"excerpt":{"rendered":"<p>Var elfte minut avlider en person i Spanien av tobaksrelaterade sjukdomar. Cigaretter \u00e4r fortsatt mycket billigare i Spanien \u00e4n i andra l\u00e4nder&#8230;<\/p>\n","protected":false},"author":7,"featured_media":63346,"comment_status":"open","ping_status":"closed","sticky":false,"template":"","format":"standard","meta":{"_et_pb_use_builder":"","_et_pb_old_content":"","_et_gb_content_width":"","footnotes":""},"categories":[395,3],"tags":[],"class_list":["post-63344","post","type-post","status-publish","format-standard","has-post-thumbnail","hentry","category-arkiv-nyheter","category-nyheter"],"yoast_head":"<!-- This site is optimized with the Yoast SEO Premium plugin v26.2 (Yoast SEO v27.4) - https:\/\/yoast.com\/product\/yoast-seo-premium-wordpress\/ -->\n<title>H\u00e4lsoexperter vill h\u00f6ja priset p\u00e5 tobak dubbelt - Svenska Magasinet<\/title>\n<meta name=\"description\" content=\"Var elfte minut avlider en person i Spanien av tobaksrelaterade sjukdomar. Cigaretter \u00e4r fortsatt mycket billigare i Spanien \u00e4n i andra l\u00e4nder trots att det orsakar sjukdomar som bekostar den spanska v\u00e5rden. Faktum \u00e4r att ett cigarettpaket \u00e4r dubbelt s\u00e5 dyrt i Frankrike.\" \/>\n<meta name=\"robots\" content=\"noindex, follow, max-snippet:-1, max-image-preview:large, max-video-preview:-1\" \/>\n<meta property=\"og:locale\" content=\"sv_SE\" \/>\n<meta property=\"og:type\" content=\"article\" \/>\n<meta property=\"og:title\" content=\"H\u00e4lsoexperter vill h\u00f6ja priset p\u00e5 tobak dubbelt\" \/>\n<meta property=\"og:description\" content=\"Var elfte minut avlider en person i Spanien av tobaksrelaterade sjukdomar. Cigaretter \u00e4r fortsatt mycket billigare i Spanien \u00e4n i andra l\u00e4nder trots att det orsakar sjukdomar som bekostar den spanska v\u00e5rden. Faktum \u00e4r att ett cigarettpaket \u00e4r dubbelt s\u00e5 dyrt i Frankrike.\" \/>\n<meta property=\"og:url\" content=\"https:\/\/lightweb.dev\/l\/svm-temp\/nyheter\/halsoexperter-vill-hoja-priset-pa-tobak-dubbelt\/\" \/>\n<meta property=\"og:site_name\" content=\"Svenska Magasinet\" \/>\n<meta property=\"article:publisher\" content=\"https:\/\/www.facebook.com\/svenskamagasinet\" \/>\n<meta property=\"article:published_time\" content=\"2023-04-27T09:35:38+00:00\" \/>\n<meta property=\"article:modified_time\" content=\"2023-04-27T09:42:46+00:00\" \/>\n<meta property=\"og:image\" content=\"https:\/\/lightweb.dev\/l\/svm-temp\/wp-content\/uploads\/2023\/04\/human-skull-smoking-cigarette-with-smoke-stor.jpeg\" \/>\n\t<meta property=\"og:image:width\" content=\"1280\" \/>\n\t<meta property=\"og:image:height\" content=\"854\" \/>\n\t<meta property=\"og:image:type\" content=\"image\/jpeg\" \/>\n<meta name=\"author\" content=\"Ola Josefsson\" \/>\n<meta name=\"twitter:card\" content=\"summary_large_image\" \/>\n<meta name=\"twitter:creator\" content=\"@SvenskaMagasine\" \/>\n<meta name=\"twitter:site\" content=\"@SvenskaMagasine\" \/>\n<script type=\"application\/ld+json\" class=\"yoast-schema-graph\">{\"@context\":\"https:\\\/\\\/schema.org\",\"@graph\":[{\"@type\":\"Article\",\"@id\":\"https:\\\/\\\/lightweb.dev\\\/l\\\/svm-temp\\\/nyheter\\\/halsoexperter-vill-hoja-priset-pa-tobak-dubbelt\\\/#article\",\"isPartOf\":{\"@id\":\"https:\\\/\\\/lightweb.dev\\\/l\\\/svm-temp\\\/nyheter\\\/halsoexperter-vill-hoja-priset-pa-tobak-dubbelt\\\/\"},\"author\":{\"name\":\"Ola Josefsson\",\"@id\":\"https:\\\/\\\/lightweb.dev\\\/l\\\/svm-temp\\\/#\\\/schema\\\/person\\\/7a82b8a73d171d32360a564b6d03508e\"},\"headline\":\"H\u00e4lsoexperter vill h\u00f6ja priset p\u00e5 tobak dubbelt\",\"datePublished\":\"2023-04-27T09:35:38+00:00\",\"dateModified\":\"2023-04-27T09:42:46+00:00\",\"mainEntityOfPage\":{\"@id\":\"https:\\\/\\\/lightweb.dev\\\/l\\\/svm-temp\\\/nyheter\\\/halsoexperter-vill-hoja-priset-pa-tobak-dubbelt\\\/\"},\"wordCount\":317,\"commentCount\":0,\"publisher\":{\"@id\":\"https:\\\/\\\/lightweb.dev\\\/l\\\/svm-temp\\\/#organization\"},\"image\":{\"@id\":\"https:\\\/\\\/lightweb.dev\\\/l\\\/svm-temp\\\/nyheter\\\/halsoexperter-vill-hoja-priset-pa-tobak-dubbelt\\\/#primaryimage\"},\"thumbnailUrl\":\"https:\\\/\\\/lightweb.dev\\\/l\\\/svm-temp\\\/wp-content\\\/uploads\\\/2023\\\/04\\\/human-skull-smoking-cigarette-with-smoke-stor.jpeg\",\"articleSection\":[\"Arkiv\",\"Nyheter\"],\"inLanguage\":\"sv-SE\"},{\"@type\":\"WebPage\",\"@id\":\"https:\\\/\\\/lightweb.dev\\\/l\\\/svm-temp\\\/nyheter\\\/halsoexperter-vill-hoja-priset-pa-tobak-dubbelt\\\/\",\"url\":\"https:\\\/\\\/lightweb.dev\\\/l\\\/svm-temp\\\/nyheter\\\/halsoexperter-vill-hoja-priset-pa-tobak-dubbelt\\\/\",\"name\":\"H\u00e4lsoexperter vill h\u00f6ja priset p\u00e5 tobak dubbelt - Svenska Magasinet\",\"isPartOf\":{\"@id\":\"https:\\\/\\\/lightweb.dev\\\/l\\\/svm-temp\\\/#website\"},\"primaryImageOfPage\":{\"@id\":\"https:\\\/\\\/lightweb.dev\\\/l\\\/svm-temp\\\/nyheter\\\/halsoexperter-vill-hoja-priset-pa-tobak-dubbelt\\\/#primaryimage\"},\"image\":{\"@id\":\"https:\\\/\\\/lightweb.dev\\\/l\\\/svm-temp\\\/nyheter\\\/halsoexperter-vill-hoja-priset-pa-tobak-dubbelt\\\/#primaryimage\"},\"thumbnailUrl\":\"https:\\\/\\\/lightweb.dev\\\/l\\\/svm-temp\\\/wp-content\\\/uploads\\\/2023\\\/04\\\/human-skull-smoking-cigarette-with-smoke-stor.jpeg\",\"datePublished\":\"2023-04-27T09:35:38+00:00\",\"dateModified\":\"2023-04-27T09:42:46+00:00\",\"description\":\"Var elfte minut avlider en person i Spanien av tobaksrelaterade sjukdomar. Cigaretter \u00e4r fortsatt mycket billigare i Spanien \u00e4n i andra l\u00e4nder trots att det orsakar sjukdomar som bekostar den spanska v\u00e5rden. Faktum \u00e4r att ett cigarettpaket \u00e4r dubbelt s\u00e5 dyrt i Frankrike.\",\"breadcrumb\":{\"@id\":\"https:\\\/\\\/lightweb.dev\\\/l\\\/svm-temp\\\/nyheter\\\/halsoexperter-vill-hoja-priset-pa-tobak-dubbelt\\\/#breadcrumb\"},\"inLanguage\":\"sv-SE\",\"potentialAction\":[{\"@type\":\"ReadAction\",\"target\":[\"https:\\\/\\\/lightweb.dev\\\/l\\\/svm-temp\\\/nyheter\\\/halsoexperter-vill-hoja-priset-pa-tobak-dubbelt\\\/\"]}]},{\"@type\":\"ImageObject\",\"inLanguage\":\"sv-SE\",\"@id\":\"https:\\\/\\\/lightweb.dev\\\/l\\\/svm-temp\\\/nyheter\\\/halsoexperter-vill-hoja-priset-pa-tobak-dubbelt\\\/#primaryimage\",\"url\":\"https:\\\/\\\/lightweb.dev\\\/l\\\/svm-temp\\\/wp-content\\\/uploads\\\/2023\\\/04\\\/human-skull-smoking-cigarette-with-smoke-stor.jpeg\",\"contentUrl\":\"https:\\\/\\\/lightweb.dev\\\/l\\\/svm-temp\\\/wp-content\\\/uploads\\\/2023\\\/04\\\/human-skull-smoking-cigarette-with-smoke-stor.jpeg\",\"width\":1280,\"height\":854,\"caption\":\"I Spanien avlider \u00f6ver 60.000 m\u00e4nniskor om \u00e5ret p\u00e5 grund av r\u00f6kning. (Foto: Freepik)\"},{\"@type\":\"BreadcrumbList\",\"@id\":\"https:\\\/\\\/lightweb.dev\\\/l\\\/svm-temp\\\/nyheter\\\/halsoexperter-vill-hoja-priset-pa-tobak-dubbelt\\\/#breadcrumb\",\"itemListElement\":[{\"@type\":\"ListItem\",\"position\":1,\"name\":\"Hem\",\"item\":\"https:\\\/\\\/lightweb.dev\\\/l\\\/svm-temp\\\/\"},{\"@type\":\"ListItem\",\"position\":2,\"name\":\"H\u00e4lsoexperter vill h\u00f6ja priset p\u00e5 tobak dubbelt\"}]},{\"@type\":\"WebSite\",\"@id\":\"https:\\\/\\\/lightweb.dev\\\/l\\\/svm-temp\\\/#website\",\"url\":\"https:\\\/\\\/lightweb.dev\\\/l\\\/svm-temp\\\/\",\"name\":\"Svenska Magasinet\",\"description\":\"Dina Spanska nyheter p&aring; Svenska\",\"publisher\":{\"@id\":\"https:\\\/\\\/lightweb.dev\\\/l\\\/svm-temp\\\/#organization\"},\"potentialAction\":[{\"@type\":\"SearchAction\",\"target\":{\"@type\":\"EntryPoint\",\"urlTemplate\":\"https:\\\/\\\/lightweb.dev\\\/l\\\/svm-temp\\\/?s={search_term_string}\"},\"query-input\":{\"@type\":\"PropertyValueSpecification\",\"valueRequired\":true,\"valueName\":\"search_term_string\"}}],\"inLanguage\":\"sv-SE\"},{\"@type\":\"Organization\",\"@id\":\"https:\\\/\\\/lightweb.dev\\\/l\\\/svm-temp\\\/#organization\",\"name\":\"Melkerson y Nott SL\",\"alternateName\":\"Svenska Magasinet\",\"url\":\"https:\\\/\\\/lightweb.dev\\\/l\\\/svm-temp\\\/\",\"logo\":{\"@type\":\"ImageObject\",\"inLanguage\":\"sv-SE\",\"@id\":\"https:\\\/\\\/lightweb.dev\\\/l\\\/svm-temp\\\/#\\\/schema\\\/logo\\\/image\\\/\",\"url\":\"https:\\\/\\\/lightweb.dev\\\/l\\\/svm-temp\\\/wp-content\\\/uploads\\\/2025\\\/02\\\/SvM-logo-Xtra-Centrerad-SVART.png\",\"contentUrl\":\"https:\\\/\\\/lightweb.dev\\\/l\\\/svm-temp\\\/wp-content\\\/uploads\\\/2025\\\/02\\\/SvM-logo-Xtra-Centrerad-SVART.png\",\"width\":300,\"height\":99,\"caption\":\"Melkerson y Nott SL\"},\"image\":{\"@id\":\"https:\\\/\\\/lightweb.dev\\\/l\\\/svm-temp\\\/#\\\/schema\\\/logo\\\/image\\\/\"},\"sameAs\":[\"https:\\\/\\\/www.facebook.com\\\/svenskamagasinet\",\"https:\\\/\\\/x.com\\\/SvenskaMagasine\"]},{\"@type\":\"Person\",\"@id\":\"https:\\\/\\\/lightweb.dev\\\/l\\\/svm-temp\\\/#\\\/schema\\\/person\\\/7a82b8a73d171d32360a564b6d03508e\",\"name\":\"Ola Josefsson\",\"description\":\"Bevakar Solkusten och Spanien sedan 1994.\",\"sameAs\":[\"https:\\\/\\\/lightweb.dev\\\/l\\\/svm-temp\"],\"url\":\"https:\\\/\\\/lightweb.dev\\\/l\\\/svm-temp\\\/reporter\\\/ola-josefsson\\\/\"}]}<\/script>\n<!-- \/ Yoast SEO Premium plugin. -->","yoast_head_json":{"title":"H\u00e4lsoexperter vill h\u00f6ja priset p\u00e5 tobak dubbelt - Svenska Magasinet","description":"Var elfte minut avlider en person i Spanien av tobaksrelaterade sjukdomar. Cigaretter \u00e4r fortsatt mycket billigare i Spanien \u00e4n i andra l\u00e4nder trots att det orsakar sjukdomar som bekostar den spanska v\u00e5rden. Faktum \u00e4r att ett cigarettpaket \u00e4r dubbelt s\u00e5 dyrt i Frankrike.","robots":{"index":"noindex","follow":"follow","max-snippet":"max-snippet:-1","max-image-preview":"max-image-preview:large","max-video-preview":"max-video-preview:-1"},"og_locale":"sv_SE","og_type":"article","og_title":"H\u00e4lsoexperter vill h\u00f6ja priset p\u00e5 tobak dubbelt","og_description":"Var elfte minut avlider en person i Spanien av tobaksrelaterade sjukdomar. Cigaretter \u00e4r fortsatt mycket billigare i Spanien \u00e4n i andra l\u00e4nder trots att det orsakar sjukdomar som bekostar den spanska v\u00e5rden. Faktum \u00e4r att ett cigarettpaket \u00e4r dubbelt s\u00e5 dyrt i Frankrike.","og_url":"https:\/\/lightweb.dev\/l\/svm-temp\/nyheter\/halsoexperter-vill-hoja-priset-pa-tobak-dubbelt\/","og_site_name":"Svenska Magasinet","article_publisher":"https:\/\/www.facebook.com\/svenskamagasinet","article_published_time":"2023-04-27T09:35:38+00:00","article_modified_time":"2023-04-27T09:42:46+00:00","og_image":[{"width":1280,"height":854,"url":"https:\/\/lightweb.dev\/l\/svm-temp\/wp-content\/uploads\/2023\/04\/human-skull-smoking-cigarette-with-smoke-stor.jpeg","type":"image\/jpeg"}],"author":"Ola Josefsson","twitter_card":"summary_large_image","twitter_creator":"@SvenskaMagasine","twitter_site":"@SvenskaMagasine","schema":{"@context":"https:\/\/schema.org","@graph":[{"@type":"Article","@id":"https:\/\/lightweb.dev\/l\/svm-temp\/nyheter\/halsoexperter-vill-hoja-priset-pa-tobak-dubbelt\/#article","isPartOf":{"@id":"https:\/\/lightweb.dev\/l\/svm-temp\/nyheter\/halsoexperter-vill-hoja-priset-pa-tobak-dubbelt\/"},"author":{"name":"Ola Josefsson","@id":"https:\/\/lightweb.dev\/l\/svm-temp\/#\/schema\/person\/7a82b8a73d171d32360a564b6d03508e"},"headline":"H\u00e4lsoexperter vill h\u00f6ja priset p\u00e5 tobak dubbelt","datePublished":"2023-04-27T09:35:38+00:00","dateModified":"2023-04-27T09:42:46+00:00","mainEntityOfPage":{"@id":"https:\/\/lightweb.dev\/l\/svm-temp\/nyheter\/halsoexperter-vill-hoja-priset-pa-tobak-dubbelt\/"},"wordCount":317,"commentCount":0,"publisher":{"@id":"https:\/\/lightweb.dev\/l\/svm-temp\/#organization"},"image":{"@id":"https:\/\/lightweb.dev\/l\/svm-temp\/nyheter\/halsoexperter-vill-hoja-priset-pa-tobak-dubbelt\/#primaryimage"},"thumbnailUrl":"https:\/\/lightweb.dev\/l\/svm-temp\/wp-content\/uploads\/2023\/04\/human-skull-smoking-cigarette-with-smoke-stor.jpeg","articleSection":["Arkiv","Nyheter"],"inLanguage":"sv-SE"},{"@type":"WebPage","@id":"https:\/\/lightweb.dev\/l\/svm-temp\/nyheter\/halsoexperter-vill-hoja-priset-pa-tobak-dubbelt\/","url":"https:\/\/lightweb.dev\/l\/svm-temp\/nyheter\/halsoexperter-vill-hoja-priset-pa-tobak-dubbelt\/","name":"H\u00e4lsoexperter vill h\u00f6ja priset p\u00e5 tobak dubbelt - Svenska Magasinet","isPartOf":{"@id":"https:\/\/lightweb.dev\/l\/svm-temp\/#website"},"primaryImageOfPage":{"@id":"https:\/\/lightweb.dev\/l\/svm-temp\/nyheter\/halsoexperter-vill-hoja-priset-pa-tobak-dubbelt\/#primaryimage"},"image":{"@id":"https:\/\/lightweb.dev\/l\/svm-temp\/nyheter\/halsoexperter-vill-hoja-priset-pa-tobak-dubbelt\/#primaryimage"},"thumbnailUrl":"https:\/\/lightweb.dev\/l\/svm-temp\/wp-content\/uploads\/2023\/04\/human-skull-smoking-cigarette-with-smoke-stor.jpeg","datePublished":"2023-04-27T09:35:38+00:00","dateModified":"2023-04-27T09:42:46+00:00","description":"Var elfte minut avlider en person i Spanien av tobaksrelaterade sjukdomar. Cigaretter \u00e4r fortsatt mycket billigare i Spanien \u00e4n i andra l\u00e4nder trots att det orsakar sjukdomar som bekostar den spanska v\u00e5rden. Faktum \u00e4r att ett cigarettpaket \u00e4r dubbelt s\u00e5 dyrt i Frankrike.","breadcrumb":{"@id":"https:\/\/lightweb.dev\/l\/svm-temp\/nyheter\/halsoexperter-vill-hoja-priset-pa-tobak-dubbelt\/#breadcrumb"},"inLanguage":"sv-SE","potentialAction":[{"@type":"ReadAction","target":["https:\/\/lightweb.dev\/l\/svm-temp\/nyheter\/halsoexperter-vill-hoja-priset-pa-tobak-dubbelt\/"]}]},{"@type":"ImageObject","inLanguage":"sv-SE","@id":"https:\/\/lightweb.dev\/l\/svm-temp\/nyheter\/halsoexperter-vill-hoja-priset-pa-tobak-dubbelt\/#primaryimage","url":"https:\/\/lightweb.dev\/l\/svm-temp\/wp-content\/uploads\/2023\/04\/human-skull-smoking-cigarette-with-smoke-stor.jpeg","contentUrl":"https:\/\/lightweb.dev\/l\/svm-temp\/wp-content\/uploads\/2023\/04\/human-skull-smoking-cigarette-with-smoke-stor.jpeg","width":1280,"height":854,"caption":"I Spanien avlider \u00f6ver 60.000 m\u00e4nniskor om \u00e5ret p\u00e5 grund av r\u00f6kning. (Foto: Freepik)"},{"@type":"BreadcrumbList","@id":"https:\/\/lightweb.dev\/l\/svm-temp\/nyheter\/halsoexperter-vill-hoja-priset-pa-tobak-dubbelt\/#breadcrumb","itemListElement":[{"@type":"ListItem","position":1,"name":"Hem","item":"https:\/\/lightweb.dev\/l\/svm-temp\/"},{"@type":"ListItem","position":2,"name":"H\u00e4lsoexperter vill h\u00f6ja priset p\u00e5 tobak dubbelt"}]},{"@type":"WebSite","@id":"https:\/\/lightweb.dev\/l\/svm-temp\/#website","url":"https:\/\/lightweb.dev\/l\/svm-temp\/","name":"Svenska Magasinet","description":"Dina Spanska nyheter p&aring; Svenska","publisher":{"@id":"https:\/\/lightweb.dev\/l\/svm-temp\/#organization"},"potentialAction":[{"@type":"SearchAction","target":{"@type":"EntryPoint","urlTemplate":"https:\/\/lightweb.dev\/l\/svm-temp\/?s={search_term_string}"},"query-input":{"@type":"PropertyValueSpecification","valueRequired":true,"valueName":"search_term_string"}}],"inLanguage":"sv-SE"},{"@type":"Organization","@id":"https:\/\/lightweb.dev\/l\/svm-temp\/#organization","name":"Melkerson y Nott SL","alternateName":"Svenska Magasinet","url":"https:\/\/lightweb.dev\/l\/svm-temp\/","logo":{"@type":"ImageObject","inLanguage":"sv-SE","@id":"https:\/\/lightweb.dev\/l\/svm-temp\/#\/schema\/logo\/image\/","url":"https:\/\/lightweb.dev\/l\/svm-temp\/wp-content\/uploads\/2025\/02\/SvM-logo-Xtra-Centrerad-SVART.png","contentUrl":"https:\/\/lightweb.dev\/l\/svm-temp\/wp-content\/uploads\/2025\/02\/SvM-logo-Xtra-Centrerad-SVART.png","width":300,"height":99,"caption":"Melkerson y Nott SL"},"image":{"@id":"https:\/\/lightweb.dev\/l\/svm-temp\/#\/schema\/logo\/image\/"},"sameAs":["https:\/\/www.facebook.com\/svenskamagasinet","https:\/\/x.com\/SvenskaMagasine"]},{"@type":"Person","@id":"https:\/\/lightweb.dev\/l\/svm-temp\/#\/schema\/person\/7a82b8a73d171d32360a564b6d03508e","name":"Ola Josefsson","description":"Bevakar Solkusten och Spanien sedan 1994.","sameAs":["https:\/\/lightweb.dev\/l\/svm-temp"],"url":"https:\/\/lightweb.dev\/l\/svm-temp\/reporter\/ola-josefsson\/"}]}},"_links":{"self":[{"href":"https:\/\/lightweb.dev\/l\/svm-temp\/wp-json\/wp\/v2\/posts\/63344","targetHints":{"allow":["GET"]}}],"collection":[{"href":"https:\/\/lightweb.dev\/l\/svm-temp\/wp-json\/wp\/v2\/posts"}],"about":[{"href":"https:\/\/lightweb.dev\/l\/svm-temp\/wp-json\/wp\/v2\/types\/post"}],"author":[{"embeddable":true,"href":"https:\/\/lightweb.dev\/l\/svm-temp\/wp-json\/wp\/v2\/users\/7"}],"replies":[{"embeddable":true,"href":"https:\/\/lightweb.dev\/l\/svm-temp\/wp-json\/wp\/v2\/comments?post=63344"}],"version-history":[{"count":0,"href":"https:\/\/lightweb.dev\/l\/svm-temp\/wp-json\/wp\/v2\/posts\/63344\/revisions"}],"wp:featuredmedia":[{"embeddable":true,"href":"https:\/\/lightweb.dev\/l\/svm-temp\/wp-json\/wp\/v2\/media\/63346"}],"wp:attachment":[{"href":"https:\/\/lightweb.dev\/l\/svm-temp\/wp-json\/wp\/v2\/media?parent=63344"}],"wp:term":[{"taxonomy":"category","embeddable":true,"href":"https:\/\/lightweb.dev\/l\/svm-temp\/wp-json\/wp\/v2\/categories?post=63344"},{"taxonomy":"post_tag","embeddable":true,"href":"https:\/\/lightweb.dev\/l\/svm-temp\/wp-json\/wp\/v2\/tags?post=63344"}],"curies":[{"name":"wp","href":"https:\/\/api.w.org\/{rel}","templated":true}]}}