{"id":63358,"date":"2023-04-28T09:50:39","date_gmt":"2023-04-28T07:50:39","guid":{"rendered":"https:\/\/lightweb.dev\/l\/svm-temp\/?p=63358"},"modified":"2023-04-28T10:08:04","modified_gmt":"2023-04-28T08:08:04","slug":"annu-ett-steg-mot-ny-fritidshamn-i-fuengirola","status":"publish","type":"post","link":"https:\/\/lightweb.dev\/l\/svm-temp\/nyheter\/annu-ett-steg-mot-ny-fritidshamn-i-fuengirola\/","title":{"rendered":"\u00c4nnu ett steg mot ny fritidshamn i Fuengirola"},"content":{"rendered":"<p><strong>Fuengirola kommunfullm\u00e4ktige hoppas inom kort att kunna ta in anbud f\u00f6r bygget av den nya fritidshamnen Puerto Deportivo. Borgm\u00e4staren Ana Mula (Partido Popular) sa vid en presstr\u00e4ff p\u00e5 torsdagen att hamnprojektet har g\u00e5tt in i den sista fasen.<\/strong><\/p>\n<p>Det som \u00e5terst\u00e5r \u00e4r att regionregeringen Junta de Andaluc\u00eda och kustmyndigheten Demarcaci\u00f3n de Costas ger gr\u00f6nt ljus f\u00f6r en h\u00e5llbar och milj\u00f6v\u00e4nlig hamn som st\u00e4rker det ekologiska skyddet av havsmilj\u00f6n.<\/p>\n<div id=\"attachment_63361\" style=\"width: 310px\" class=\"wp-caption alignleft\"><img loading=\"lazy\" decoding=\"async\" aria-describedby=\"caption-attachment-63361\" class=\"wp-image-63361 size-medium\" src=\"https:\/\/lightweb.dev\/l\/svm-temp\/wp-content\/uploads\/2023\/04\/FutrFSdXoAITrd1-stor-300x225.jpeg\" alt=\"\" width=\"300\" height=\"225\" srcset=\"https:\/\/lightweb.dev\/l\/svm-temp\/wp-content\/uploads\/2023\/04\/FutrFSdXoAITrd1-stor-300x225.jpeg 300w, https:\/\/lightweb.dev\/l\/svm-temp\/wp-content\/uploads\/2023\/04\/FutrFSdXoAITrd1-stor-900x675.jpeg 900w, https:\/\/lightweb.dev\/l\/svm-temp\/wp-content\/uploads\/2023\/04\/FutrFSdXoAITrd1-stor-768x576.jpeg 768w, https:\/\/lightweb.dev\/l\/svm-temp\/wp-content\/uploads\/2023\/04\/FutrFSdXoAITrd1-stor-610x458.jpeg 610w, https:\/\/lightweb.dev\/l\/svm-temp\/wp-content\/uploads\/2023\/04\/FutrFSdXoAITrd1-stor-600x450.jpeg 600w, https:\/\/lightweb.dev\/l\/svm-temp\/wp-content\/uploads\/2023\/04\/FutrFSdXoAITrd1-stor.jpeg 1024w\" sizes=\"(max-width: 300px) 100vw, 300px\" \/><p id=\"caption-attachment-63361\" class=\"wp-caption-text\">En ombyggd fritidshamn i Fuengirola ska v\u00e4xa till totalt tusen kajplatser, s\u00e4ger borgm\u00e4staren Ana Mula.<\/p><\/div>\n<p>Borgm\u00e4staren s\u00e4ger att det har varit en l\u00e5ng och komplex process med tekniska studier d\u00e4r kommunen samarbetat med Junta de Andaluc\u00eda och staten. Nu \u00e5terst\u00e5r bara n\u00e5gra sista godk\u00e4nnanden innan anbudsprocessen kan inledas.<\/p>\n<p>Om det finns n\u00e5got projekt i staden som kan beskrivas som angel\u00e4get s\u00e5 \u00e4r det en ny sm\u00e5b\u00e5tshamn, s\u00e4ger Ana Mula.<\/p>\n<p>N\u00e4r v\u00e4l projektet har blivit godk\u00e4nd ur milj\u00f6h\u00e4nseende \u00e4r det fritt fram f\u00f6r Fuengirola kommun att ta in anbud.<\/p>\n<p>Den nya hamnen blir dubbelt s\u00e5 stor som den nuvarande och f\u00e5r n\u00e4stan tusen kajplatser med m\u00f6jlighet att ta emot b\u00e5tar p\u00e5 upp till 160 meter. Det blir nya shoppingomr\u00e5den och parkering under marken med kapacitet f\u00f6r mer \u00e4n 700 fordon.<\/p>\n<p>Flera nya fritidshamnar planeras p\u00e5 Costa del Sol och p\u00e5 systerkusten Costa Tropical. Det g\u00e4ller b\u00e5de San Andr\u00e9s-hamnen i M\u00e1laga, Torrox, Almu\u00f1\u00e9car och Motril. B\u00e5tturism genererar arbetstillf\u00e4llen d\u00e5 shoppingcenter och serveringsst\u00e4llen byggs i anslutning till hamnarna.<\/p>\n<h2 class=\"entry-title\">L\u00e4s mer: <a href=\"https:\/\/lightweb.dev\/l\/svm-temp\/artiklar\/reportage\/almunecar-vill-vaxa-och-locka-allt-fler-nordbor-hittar-till-den-lilla-idyllen\/\">Almu\u00f1\u00e9car vill v\u00e4xa och locka \u2013 allt fler nordbor hittar till den lilla idyllen<\/a><\/h2>\n","protected":false},"excerpt":{"rendered":"<p>Fuengirola kommunfullm\u00e4ktige hoppas inom kort att kunna ta in anbud f\u00f6r bygget av den nya fritidshamnen Puerto Deportivo. Borgm\u00e4staren&#8230;<\/p>\n","protected":false},"author":7,"featured_media":63360,"comment_status":"open","ping_status":"closed","sticky":false,"template":"","format":"standard","meta":{"_et_pb_use_builder":"","_et_pb_old_content":"","_et_gb_content_width":"","footnotes":""},"categories":[395,3],"tags":[],"class_list":["post-63358","post","type-post","status-publish","format-standard","has-post-thumbnail","hentry","category-arkiv-nyheter","category-nyheter"],"yoast_head":"<!-- This site is optimized with the Yoast SEO Premium plugin v26.2 (Yoast SEO v27.4) - https:\/\/yoast.com\/product\/yoast-seo-premium-wordpress\/ -->\n<title>\u00c4nnu ett steg mot ny fritidshamn i Fuengirola - Svenska Magasinet<\/title>\n<meta name=\"description\" content=\"Fuengirola kommunfullm\u00e4ktige hoppas inom kort att kunna ta in anbud f\u00f6r bygget av den nya fritidshamnen Puerto Deportivo. Borgm\u00e4staren Ana Mula (Partido Popular) sa vid en presstr\u00e4ff p\u00e5 torsdagen att hamnprojektet har g\u00e5tt in i den sista fasen.\" \/>\n<meta name=\"robots\" content=\"noindex, follow, max-snippet:-1, max-image-preview:large, max-video-preview:-1\" \/>\n<meta property=\"og:locale\" content=\"sv_SE\" \/>\n<meta property=\"og:type\" content=\"article\" \/>\n<meta property=\"og:title\" content=\"\u00c4nnu ett steg mot ny fritidshamn i Fuengirola\" \/>\n<meta property=\"og:description\" content=\"Fuengirola kommunfullm\u00e4ktige hoppas inom kort att kunna ta in anbud f\u00f6r bygget av den nya fritidshamnen Puerto Deportivo. Borgm\u00e4staren Ana Mula (Partido Popular) sa vid en presstr\u00e4ff p\u00e5 torsdagen att hamnprojektet har g\u00e5tt in i den sista fasen.\" \/>\n<meta property=\"og:url\" content=\"https:\/\/lightweb.dev\/l\/svm-temp\/nyheter\/annu-ett-steg-mot-ny-fritidshamn-i-fuengirola\/\" \/>\n<meta property=\"og:site_name\" content=\"Svenska Magasinet\" \/>\n<meta property=\"article:publisher\" content=\"https:\/\/www.facebook.com\/svenskamagasinet\" \/>\n<meta property=\"article:published_time\" content=\"2023-04-28T07:50:39+00:00\" \/>\n<meta property=\"article:modified_time\" content=\"2023-04-28T08:08:04+00:00\" \/>\n<meta property=\"og:image\" content=\"https:\/\/lightweb.dev\/l\/svm-temp\/wp-content\/uploads\/2023\/04\/FutrGPDWwAAj7Ji-stor.jpeg\" \/>\n\t<meta property=\"og:image:width\" content=\"1024\" \/>\n\t<meta property=\"og:image:height\" content=\"452\" \/>\n\t<meta property=\"og:image:type\" content=\"image\/jpeg\" \/>\n<meta name=\"author\" content=\"Ola Josefsson\" \/>\n<meta name=\"twitter:card\" content=\"summary_large_image\" \/>\n<meta name=\"twitter:creator\" content=\"@SvenskaMagasine\" \/>\n<meta name=\"twitter:site\" content=\"@SvenskaMagasine\" \/>\n<script type=\"application\/ld+json\" class=\"yoast-schema-graph\">{\"@context\":\"https:\\\/\\\/schema.org\",\"@graph\":[{\"@type\":\"Article\",\"@id\":\"https:\\\/\\\/lightweb.dev\\\/l\\\/svm-temp\\\/nyheter\\\/annu-ett-steg-mot-ny-fritidshamn-i-fuengirola\\\/#article\",\"isPartOf\":{\"@id\":\"https:\\\/\\\/lightweb.dev\\\/l\\\/svm-temp\\\/nyheter\\\/annu-ett-steg-mot-ny-fritidshamn-i-fuengirola\\\/\"},\"author\":{\"name\":\"Ola Josefsson\",\"@id\":\"https:\\\/\\\/lightweb.dev\\\/l\\\/svm-temp\\\/#\\\/schema\\\/person\\\/7a82b8a73d171d32360a564b6d03508e\"},\"headline\":\"\u00c4nnu ett steg mot ny fritidshamn i Fuengirola\",\"datePublished\":\"2023-04-28T07:50:39+00:00\",\"dateModified\":\"2023-04-28T08:08:04+00:00\",\"mainEntityOfPage\":{\"@id\":\"https:\\\/\\\/lightweb.dev\\\/l\\\/svm-temp\\\/nyheter\\\/annu-ett-steg-mot-ny-fritidshamn-i-fuengirola\\\/\"},\"wordCount\":315,\"commentCount\":0,\"publisher\":{\"@id\":\"https:\\\/\\\/lightweb.dev\\\/l\\\/svm-temp\\\/#organization\"},\"image\":{\"@id\":\"https:\\\/\\\/lightweb.dev\\\/l\\\/svm-temp\\\/nyheter\\\/annu-ett-steg-mot-ny-fritidshamn-i-fuengirola\\\/#primaryimage\"},\"thumbnailUrl\":\"https:\\\/\\\/lightweb.dev\\\/l\\\/svm-temp\\\/wp-content\\\/uploads\\\/2023\\\/04\\\/FutrGPDWwAAj7Ji-stor.jpeg\",\"articleSection\":[\"Arkiv\",\"Nyheter\"],\"inLanguage\":\"sv-SE\"},{\"@type\":\"WebPage\",\"@id\":\"https:\\\/\\\/lightweb.dev\\\/l\\\/svm-temp\\\/nyheter\\\/annu-ett-steg-mot-ny-fritidshamn-i-fuengirola\\\/\",\"url\":\"https:\\\/\\\/lightweb.dev\\\/l\\\/svm-temp\\\/nyheter\\\/annu-ett-steg-mot-ny-fritidshamn-i-fuengirola\\\/\",\"name\":\"\u00c4nnu ett steg mot ny fritidshamn i Fuengirola - Svenska Magasinet\",\"isPartOf\":{\"@id\":\"https:\\\/\\\/lightweb.dev\\\/l\\\/svm-temp\\\/#website\"},\"primaryImageOfPage\":{\"@id\":\"https:\\\/\\\/lightweb.dev\\\/l\\\/svm-temp\\\/nyheter\\\/annu-ett-steg-mot-ny-fritidshamn-i-fuengirola\\\/#primaryimage\"},\"image\":{\"@id\":\"https:\\\/\\\/lightweb.dev\\\/l\\\/svm-temp\\\/nyheter\\\/annu-ett-steg-mot-ny-fritidshamn-i-fuengirola\\\/#primaryimage\"},\"thumbnailUrl\":\"https:\\\/\\\/lightweb.dev\\\/l\\\/svm-temp\\\/wp-content\\\/uploads\\\/2023\\\/04\\\/FutrGPDWwAAj7Ji-stor.jpeg\",\"datePublished\":\"2023-04-28T07:50:39+00:00\",\"dateModified\":\"2023-04-28T08:08:04+00:00\",\"description\":\"Fuengirola kommunfullm\u00e4ktige hoppas inom kort att kunna ta in anbud f\u00f6r bygget av den nya fritidshamnen Puerto Deportivo. Borgm\u00e4staren Ana Mula (Partido Popular) sa vid en presstr\u00e4ff p\u00e5 torsdagen att hamnprojektet har g\u00e5tt in i den sista fasen.\",\"breadcrumb\":{\"@id\":\"https:\\\/\\\/lightweb.dev\\\/l\\\/svm-temp\\\/nyheter\\\/annu-ett-steg-mot-ny-fritidshamn-i-fuengirola\\\/#breadcrumb\"},\"inLanguage\":\"sv-SE\",\"potentialAction\":[{\"@type\":\"ReadAction\",\"target\":[\"https:\\\/\\\/lightweb.dev\\\/l\\\/svm-temp\\\/nyheter\\\/annu-ett-steg-mot-ny-fritidshamn-i-fuengirola\\\/\"]}]},{\"@type\":\"ImageObject\",\"inLanguage\":\"sv-SE\",\"@id\":\"https:\\\/\\\/lightweb.dev\\\/l\\\/svm-temp\\\/nyheter\\\/annu-ett-steg-mot-ny-fritidshamn-i-fuengirola\\\/#primaryimage\",\"url\":\"https:\\\/\\\/lightweb.dev\\\/l\\\/svm-temp\\\/wp-content\\\/uploads\\\/2023\\\/04\\\/FutrGPDWwAAj7Ji-stor.jpeg\",\"contentUrl\":\"https:\\\/\\\/lightweb.dev\\\/l\\\/svm-temp\\\/wp-content\\\/uploads\\\/2023\\\/04\\\/FutrGPDWwAAj7Ji-stor.jpeg\",\"width\":1024,\"height\":452},{\"@type\":\"BreadcrumbList\",\"@id\":\"https:\\\/\\\/lightweb.dev\\\/l\\\/svm-temp\\\/nyheter\\\/annu-ett-steg-mot-ny-fritidshamn-i-fuengirola\\\/#breadcrumb\",\"itemListElement\":[{\"@type\":\"ListItem\",\"position\":1,\"name\":\"Hem\",\"item\":\"https:\\\/\\\/lightweb.dev\\\/l\\\/svm-temp\\\/\"},{\"@type\":\"ListItem\",\"position\":2,\"name\":\"\u00c4nnu ett steg mot ny fritidshamn i Fuengirola\"}]},{\"@type\":\"WebSite\",\"@id\":\"https:\\\/\\\/lightweb.dev\\\/l\\\/svm-temp\\\/#website\",\"url\":\"https:\\\/\\\/lightweb.dev\\\/l\\\/svm-temp\\\/\",\"name\":\"Svenska Magasinet\",\"description\":\"Dina Spanska nyheter p&aring; Svenska\",\"publisher\":{\"@id\":\"https:\\\/\\\/lightweb.dev\\\/l\\\/svm-temp\\\/#organization\"},\"potentialAction\":[{\"@type\":\"SearchAction\",\"target\":{\"@type\":\"EntryPoint\",\"urlTemplate\":\"https:\\\/\\\/lightweb.dev\\\/l\\\/svm-temp\\\/?s={search_term_string}\"},\"query-input\":{\"@type\":\"PropertyValueSpecification\",\"valueRequired\":true,\"valueName\":\"search_term_string\"}}],\"inLanguage\":\"sv-SE\"},{\"@type\":\"Organization\",\"@id\":\"https:\\\/\\\/lightweb.dev\\\/l\\\/svm-temp\\\/#organization\",\"name\":\"Melkerson y Nott SL\",\"alternateName\":\"Svenska Magasinet\",\"url\":\"https:\\\/\\\/lightweb.dev\\\/l\\\/svm-temp\\\/\",\"logo\":{\"@type\":\"ImageObject\",\"inLanguage\":\"sv-SE\",\"@id\":\"https:\\\/\\\/lightweb.dev\\\/l\\\/svm-temp\\\/#\\\/schema\\\/logo\\\/image\\\/\",\"url\":\"https:\\\/\\\/lightweb.dev\\\/l\\\/svm-temp\\\/wp-content\\\/uploads\\\/2025\\\/02\\\/SvM-logo-Xtra-Centrerad-SVART.png\",\"contentUrl\":\"https:\\\/\\\/lightweb.dev\\\/l\\\/svm-temp\\\/wp-content\\\/uploads\\\/2025\\\/02\\\/SvM-logo-Xtra-Centrerad-SVART.png\",\"width\":300,\"height\":99,\"caption\":\"Melkerson y Nott SL\"},\"image\":{\"@id\":\"https:\\\/\\\/lightweb.dev\\\/l\\\/svm-temp\\\/#\\\/schema\\\/logo\\\/image\\\/\"},\"sameAs\":[\"https:\\\/\\\/www.facebook.com\\\/svenskamagasinet\",\"https:\\\/\\\/x.com\\\/SvenskaMagasine\"]},{\"@type\":\"Person\",\"@id\":\"https:\\\/\\\/lightweb.dev\\\/l\\\/svm-temp\\\/#\\\/schema\\\/person\\\/7a82b8a73d171d32360a564b6d03508e\",\"name\":\"Ola Josefsson\",\"description\":\"Bevakar Solkusten och Spanien sedan 1994.\",\"sameAs\":[\"https:\\\/\\\/lightweb.dev\\\/l\\\/svm-temp\"],\"url\":\"https:\\\/\\\/lightweb.dev\\\/l\\\/svm-temp\\\/reporter\\\/ola-josefsson\\\/\"}]}<\/script>\n<!-- \/ Yoast SEO Premium plugin. -->","yoast_head_json":{"title":"\u00c4nnu ett steg mot ny fritidshamn i Fuengirola - Svenska Magasinet","description":"Fuengirola kommunfullm\u00e4ktige hoppas inom kort att kunna ta in anbud f\u00f6r bygget av den nya fritidshamnen Puerto Deportivo. Borgm\u00e4staren Ana Mula (Partido Popular) sa vid en presstr\u00e4ff p\u00e5 torsdagen att hamnprojektet har g\u00e5tt in i den sista fasen.","robots":{"index":"noindex","follow":"follow","max-snippet":"max-snippet:-1","max-image-preview":"max-image-preview:large","max-video-preview":"max-video-preview:-1"},"og_locale":"sv_SE","og_type":"article","og_title":"\u00c4nnu ett steg mot ny fritidshamn i Fuengirola","og_description":"Fuengirola kommunfullm\u00e4ktige hoppas inom kort att kunna ta in anbud f\u00f6r bygget av den nya fritidshamnen Puerto Deportivo. Borgm\u00e4staren Ana Mula (Partido Popular) sa vid en presstr\u00e4ff p\u00e5 torsdagen att hamnprojektet har g\u00e5tt in i den sista fasen.","og_url":"https:\/\/lightweb.dev\/l\/svm-temp\/nyheter\/annu-ett-steg-mot-ny-fritidshamn-i-fuengirola\/","og_site_name":"Svenska Magasinet","article_publisher":"https:\/\/www.facebook.com\/svenskamagasinet","article_published_time":"2023-04-28T07:50:39+00:00","article_modified_time":"2023-04-28T08:08:04+00:00","og_image":[{"width":1024,"height":452,"url":"https:\/\/lightweb.dev\/l\/svm-temp\/wp-content\/uploads\/2023\/04\/FutrGPDWwAAj7Ji-stor.jpeg","type":"image\/jpeg"}],"author":"Ola Josefsson","twitter_card":"summary_large_image","twitter_creator":"@SvenskaMagasine","twitter_site":"@SvenskaMagasine","schema":{"@context":"https:\/\/schema.org","@graph":[{"@type":"Article","@id":"https:\/\/lightweb.dev\/l\/svm-temp\/nyheter\/annu-ett-steg-mot-ny-fritidshamn-i-fuengirola\/#article","isPartOf":{"@id":"https:\/\/lightweb.dev\/l\/svm-temp\/nyheter\/annu-ett-steg-mot-ny-fritidshamn-i-fuengirola\/"},"author":{"name":"Ola Josefsson","@id":"https:\/\/lightweb.dev\/l\/svm-temp\/#\/schema\/person\/7a82b8a73d171d32360a564b6d03508e"},"headline":"\u00c4nnu ett steg mot ny fritidshamn i Fuengirola","datePublished":"2023-04-28T07:50:39+00:00","dateModified":"2023-04-28T08:08:04+00:00","mainEntityOfPage":{"@id":"https:\/\/lightweb.dev\/l\/svm-temp\/nyheter\/annu-ett-steg-mot-ny-fritidshamn-i-fuengirola\/"},"wordCount":315,"commentCount":0,"publisher":{"@id":"https:\/\/lightweb.dev\/l\/svm-temp\/#organization"},"image":{"@id":"https:\/\/lightweb.dev\/l\/svm-temp\/nyheter\/annu-ett-steg-mot-ny-fritidshamn-i-fuengirola\/#primaryimage"},"thumbnailUrl":"https:\/\/lightweb.dev\/l\/svm-temp\/wp-content\/uploads\/2023\/04\/FutrGPDWwAAj7Ji-stor.jpeg","articleSection":["Arkiv","Nyheter"],"inLanguage":"sv-SE"},{"@type":"WebPage","@id":"https:\/\/lightweb.dev\/l\/svm-temp\/nyheter\/annu-ett-steg-mot-ny-fritidshamn-i-fuengirola\/","url":"https:\/\/lightweb.dev\/l\/svm-temp\/nyheter\/annu-ett-steg-mot-ny-fritidshamn-i-fuengirola\/","name":"\u00c4nnu ett steg mot ny fritidshamn i Fuengirola - Svenska Magasinet","isPartOf":{"@id":"https:\/\/lightweb.dev\/l\/svm-temp\/#website"},"primaryImageOfPage":{"@id":"https:\/\/lightweb.dev\/l\/svm-temp\/nyheter\/annu-ett-steg-mot-ny-fritidshamn-i-fuengirola\/#primaryimage"},"image":{"@id":"https:\/\/lightweb.dev\/l\/svm-temp\/nyheter\/annu-ett-steg-mot-ny-fritidshamn-i-fuengirola\/#primaryimage"},"thumbnailUrl":"https:\/\/lightweb.dev\/l\/svm-temp\/wp-content\/uploads\/2023\/04\/FutrGPDWwAAj7Ji-stor.jpeg","datePublished":"2023-04-28T07:50:39+00:00","dateModified":"2023-04-28T08:08:04+00:00","description":"Fuengirola kommunfullm\u00e4ktige hoppas inom kort att kunna ta in anbud f\u00f6r bygget av den nya fritidshamnen Puerto Deportivo. Borgm\u00e4staren Ana Mula (Partido Popular) sa vid en presstr\u00e4ff p\u00e5 torsdagen att hamnprojektet har g\u00e5tt in i den sista fasen.","breadcrumb":{"@id":"https:\/\/lightweb.dev\/l\/svm-temp\/nyheter\/annu-ett-steg-mot-ny-fritidshamn-i-fuengirola\/#breadcrumb"},"inLanguage":"sv-SE","potentialAction":[{"@type":"ReadAction","target":["https:\/\/lightweb.dev\/l\/svm-temp\/nyheter\/annu-ett-steg-mot-ny-fritidshamn-i-fuengirola\/"]}]},{"@type":"ImageObject","inLanguage":"sv-SE","@id":"https:\/\/lightweb.dev\/l\/svm-temp\/nyheter\/annu-ett-steg-mot-ny-fritidshamn-i-fuengirola\/#primaryimage","url":"https:\/\/lightweb.dev\/l\/svm-temp\/wp-content\/uploads\/2023\/04\/FutrGPDWwAAj7Ji-stor.jpeg","contentUrl":"https:\/\/lightweb.dev\/l\/svm-temp\/wp-content\/uploads\/2023\/04\/FutrGPDWwAAj7Ji-stor.jpeg","width":1024,"height":452},{"@type":"BreadcrumbList","@id":"https:\/\/lightweb.dev\/l\/svm-temp\/nyheter\/annu-ett-steg-mot-ny-fritidshamn-i-fuengirola\/#breadcrumb","itemListElement":[{"@type":"ListItem","position":1,"name":"Hem","item":"https:\/\/lightweb.dev\/l\/svm-temp\/"},{"@type":"ListItem","position":2,"name":"\u00c4nnu ett steg mot ny fritidshamn i Fuengirola"}]},{"@type":"WebSite","@id":"https:\/\/lightweb.dev\/l\/svm-temp\/#website","url":"https:\/\/lightweb.dev\/l\/svm-temp\/","name":"Svenska Magasinet","description":"Dina Spanska nyheter p&aring; Svenska","publisher":{"@id":"https:\/\/lightweb.dev\/l\/svm-temp\/#organization"},"potentialAction":[{"@type":"SearchAction","target":{"@type":"EntryPoint","urlTemplate":"https:\/\/lightweb.dev\/l\/svm-temp\/?s={search_term_string}"},"query-input":{"@type":"PropertyValueSpecification","valueRequired":true,"valueName":"search_term_string"}}],"inLanguage":"sv-SE"},{"@type":"Organization","@id":"https:\/\/lightweb.dev\/l\/svm-temp\/#organization","name":"Melkerson y Nott SL","alternateName":"Svenska Magasinet","url":"https:\/\/lightweb.dev\/l\/svm-temp\/","logo":{"@type":"ImageObject","inLanguage":"sv-SE","@id":"https:\/\/lightweb.dev\/l\/svm-temp\/#\/schema\/logo\/image\/","url":"https:\/\/lightweb.dev\/l\/svm-temp\/wp-content\/uploads\/2025\/02\/SvM-logo-Xtra-Centrerad-SVART.png","contentUrl":"https:\/\/lightweb.dev\/l\/svm-temp\/wp-content\/uploads\/2025\/02\/SvM-logo-Xtra-Centrerad-SVART.png","width":300,"height":99,"caption":"Melkerson y Nott SL"},"image":{"@id":"https:\/\/lightweb.dev\/l\/svm-temp\/#\/schema\/logo\/image\/"},"sameAs":["https:\/\/www.facebook.com\/svenskamagasinet","https:\/\/x.com\/SvenskaMagasine"]},{"@type":"Person","@id":"https:\/\/lightweb.dev\/l\/svm-temp\/#\/schema\/person\/7a82b8a73d171d32360a564b6d03508e","name":"Ola Josefsson","description":"Bevakar Solkusten och Spanien sedan 1994.","sameAs":["https:\/\/lightweb.dev\/l\/svm-temp"],"url":"https:\/\/lightweb.dev\/l\/svm-temp\/reporter\/ola-josefsson\/"}]}},"_links":{"self":[{"href":"https:\/\/lightweb.dev\/l\/svm-temp\/wp-json\/wp\/v2\/posts\/63358","targetHints":{"allow":["GET"]}}],"collection":[{"href":"https:\/\/lightweb.dev\/l\/svm-temp\/wp-json\/wp\/v2\/posts"}],"about":[{"href":"https:\/\/lightweb.dev\/l\/svm-temp\/wp-json\/wp\/v2\/types\/post"}],"author":[{"embeddable":true,"href":"https:\/\/lightweb.dev\/l\/svm-temp\/wp-json\/wp\/v2\/users\/7"}],"replies":[{"embeddable":true,"href":"https:\/\/lightweb.dev\/l\/svm-temp\/wp-json\/wp\/v2\/comments?post=63358"}],"version-history":[{"count":0,"href":"https:\/\/lightweb.dev\/l\/svm-temp\/wp-json\/wp\/v2\/posts\/63358\/revisions"}],"wp:featuredmedia":[{"embeddable":true,"href":"https:\/\/lightweb.dev\/l\/svm-temp\/wp-json\/wp\/v2\/media\/63360"}],"wp:attachment":[{"href":"https:\/\/lightweb.dev\/l\/svm-temp\/wp-json\/wp\/v2\/media?parent=63358"}],"wp:term":[{"taxonomy":"category","embeddable":true,"href":"https:\/\/lightweb.dev\/l\/svm-temp\/wp-json\/wp\/v2\/categories?post=63358"},{"taxonomy":"post_tag","embeddable":true,"href":"https:\/\/lightweb.dev\/l\/svm-temp\/wp-json\/wp\/v2\/tags?post=63358"}],"curies":[{"name":"wp","href":"https:\/\/api.w.org\/{rel}","templated":true}]}}