{"id":63363,"date":"2023-04-28T10:55:59","date_gmt":"2023-04-28T08:55:59","guid":{"rendered":"https:\/\/lightweb.dev\/l\/svm-temp\/?p=63363"},"modified":"2023-04-28T11:59:31","modified_gmt":"2023-04-28T09:59:31","slug":"spaniens-nya-bostadslag-husockupanter-far-mer-tid-innan-de-vraks","status":"publish","type":"post","link":"https:\/\/lightweb.dev\/l\/svm-temp\/nyheter\/spaniens-nya-bostadslag-husockupanter-far-mer-tid-innan-de-vraks\/","title":{"rendered":"Spaniens nya bostadslag: Upp till tv\u00e5 \u00e5r innan bostadsockupanter vr\u00e4ks"},"content":{"rendered":"<p><strong>Kongressen har godk\u00e4nt en ny statlig bostadslag, Ley de Vivienda, efter att landets styrande v\u00e4nsterkoalition PSOE och Unidas Podemos f\u00e5tt st\u00f6d av det katalanska republikanska partiet ERC och baskisknationalistiska EH Bildu. Den omarbetade bostadslagen g\u00e5r nu vidare till senaten f\u00f6r ett slutgiltigt godk\u00e4nnande.<\/strong><\/p>\n<p>Regeringen fick st\u00f6d av regionala partier medan v\u00e4nsterpartierna CUP och BNG valde att l\u00e4gga ned sina r\u00f6ster. Opposition med Partido Popular, Vox och Ciudadanos men \u00e4ven regionala partier som tidigare har st\u00f6tt centralregeringen som PNV, Junts, PDeCAT och Coalici\u00f3n Canaria r\u00f6stade nej.<\/p>\n<p>Den nya bostadslagen gick igenom med 176 r\u00f6ster f\u00f6r, 167 emot.<\/p>\n<h2>Konfrontation<\/h2>\n<p>Att partierna inte \u00e4r \u00f6verens beror p\u00e5 ideologier och synen p\u00e5 i vilken utstr\u00e4ckning bost\u00e4der \u00e4r en r\u00e4ttighet samtidigt som det \u00e4r en handelsvara som s\u00e4ljs och k\u00f6ps p\u00e5 en fri marknad.<\/p>\n<p>I v\u00e4nsterkoalitionen finns starka krafter f\u00f6r att f\u00f6rsvara bostadsockupanter s\u00e5 kallade &#8221;okupas&#8221;. Exempelvis har Unidas Podemos f\u00e5tt igenom att det kan g\u00e5 upp till tv\u00e5 \u00e5r innan bostadsockupanter som beskrivs som utsatta individer eller familjer, vr\u00e4ks fr\u00e5n bost\u00e4der som de lagt beslag p\u00e5.<\/p>\n<p>Dessutom kan de som riskerar att vr\u00e4kas i st\u00e4llet f\u00e5 statliga subventioner till boendealternativ.<\/p>\n<h2>Tak f\u00f6r hyran<\/h2>\n<p>V\u00e4nsterkoalitionen vill \u00e4ven s\u00e4tta ett tak p\u00e5 hyres\u00f6kningar p\u00e5 tv\u00e5 procent f\u00f6r 2023 och 3 procent 2024. Det kan i sin tur g\u00f6ra att i turistt\u00e4ta omr\u00e5den v\u00e4ljer hyresv\u00e4rdar att registrera om hyresl\u00e4genheter till turistl\u00e4genheter vilket g\u00f6r att best\u00e5ndet av hyresl\u00e4genheter minskar i antal.<\/p>\n<p>Den omarbetade bostadslagen kan i framtiden skapa oegentligheter som stressar marknaden, menar kritikerna.<\/p>\n<p>Regeringen \u00e5 sina sida talar om ett \u201do\u00f6vertr\u00e4ffat socialt framsteg\u201d medan oppositionen s\u00e4ger att en statlig bostadslag riskerar kr\u00e4nka r\u00e4tten till privat egendom. Regeringschefen Pedro S\u00e1nchez har under de senaste veckorna lovat 183.000 h\u00e5llbara hyresbost\u00e4der de kommande \u00e5ren.<\/p>\n<h2>Sv\u00e5rare vid vr\u00e4kning<\/h2>\n<p>Den del i den nya statliga bostadslagen som skapat mest debatt \u00e4r regeln att det blir sv\u00e5rare att vr\u00e4ka m\u00e4nniskor i en ekonomisk utsatt situation s\u00e4rskilt n\u00e4r hyresv\u00e4rden bed\u00f6ms vara en stor fastighets\u00e4gare till minst fem bost\u00e4der. Det g\u00f6r att illegala bostadsockupanter blir sv\u00e5rare att f\u00e5 ut, menar oppositionen.<\/p>\n<p>&#8211; Det sp\u00e4nda l\u00e4get uppst\u00e5r mellan dem som vill g\u00f6ra vinst och andra som f\u00f6rs\u00f6ker \u00f6verleva, de som har mycket och att andra som inte har n\u00e5got, s\u00e4ger Pilar Vallugera fr\u00e5n det katalanska republikanska partiet.<\/p>\n","protected":false},"excerpt":{"rendered":"<p>Kongressen har godk\u00e4nt en ny statlig bostadslag, Ley de Vivienda, efter att landets styrande v\u00e4nsterkoalition PSOE och Unidas Podemos f\u00e5tt st\u00f6d av&#8230;<\/p>\n","protected":false},"author":7,"featured_media":12561,"comment_status":"open","ping_status":"closed","sticky":false,"template":"","format":"standard","meta":{"_et_pb_use_builder":"","_et_pb_old_content":"","_et_gb_content_width":"","footnotes":""},"categories":[395,3],"tags":[],"class_list":["post-63363","post","type-post","status-publish","format-standard","has-post-thumbnail","hentry","category-arkiv-nyheter","category-nyheter"],"yoast_head":"<!-- This site is optimized with the Yoast SEO Premium plugin v26.2 (Yoast SEO v27.4) - https:\/\/yoast.com\/product\/yoast-seo-premium-wordpress\/ -->\n<title>Spaniens nya bostadslag: Upp till tv\u00e5 \u00e5r innan bostadsockupanter vr\u00e4ks - Svenska Magasinet<\/title>\n<meta name=\"description\" content=\"Kongressen har godk\u00e4nt en ny statlig bostadslag, Ley de Vivienda, efter att landets styrande v\u00e4nsterkoalition PSOE och Unidas Podemos f\u00e5tt st\u00f6d av det katalanska republikanska partiet ERC och baskisknationalistiska EH Bildu. Den omarbetade bostadslagen g\u00e5r nu vidare till senaten f\u00f6r ett slutgiltigt godk\u00e4nnande.\" \/>\n<meta name=\"robots\" content=\"noindex, follow, max-snippet:-1, max-image-preview:large, max-video-preview:-1\" \/>\n<meta property=\"og:locale\" content=\"sv_SE\" \/>\n<meta property=\"og:type\" content=\"article\" \/>\n<meta property=\"og:title\" content=\"Spaniens nya bostadslag: Upp till tv\u00e5 \u00e5r innan bostadsockupanter vr\u00e4ks\" \/>\n<meta property=\"og:description\" content=\"Kongressen har godk\u00e4nt en ny statlig bostadslag, Ley de Vivienda, efter att landets styrande v\u00e4nsterkoalition PSOE och Unidas Podemos f\u00e5tt st\u00f6d av det katalanska republikanska partiet ERC och baskisknationalistiska EH Bildu. Den omarbetade bostadslagen g\u00e5r nu vidare till senaten f\u00f6r ett slutgiltigt godk\u00e4nnande.\" \/>\n<meta property=\"og:url\" content=\"https:\/\/lightweb.dev\/l\/svm-temp\/artiklar\/hem-bostad\/spaniens-nya-bostadslag-husockupanter-far-mer-tid-innan-de-vraks\/\" \/>\n<meta property=\"og:site_name\" content=\"Svenska Magasinet\" \/>\n<meta property=\"article:publisher\" content=\"https:\/\/www.facebook.com\/svenskamagasinet\" \/>\n<meta property=\"article:published_time\" content=\"2023-04-28T08:55:59+00:00\" \/>\n<meta property=\"article:modified_time\" content=\"2023-04-28T09:59:31+00:00\" \/>\n<meta property=\"og:image\" content=\"https:\/\/lightweb.dev\/l\/svm-temp\/wp-content\/uploads\/2022\/06\/svensktnorskt-par-har-blivit-av-med-husockupant.png\" \/>\n\t<meta property=\"og:image:width\" content=\"500\" \/>\n\t<meta property=\"og:image:height\" content=\"300\" \/>\n\t<meta property=\"og:image:type\" content=\"image\/png\" \/>\n<meta name=\"author\" content=\"Ola Josefsson\" \/>\n<meta name=\"twitter:card\" content=\"summary_large_image\" \/>\n<meta name=\"twitter:creator\" content=\"@SvenskaMagasine\" \/>\n<meta name=\"twitter:site\" content=\"@SvenskaMagasine\" \/>\n<script type=\"application\/ld+json\" class=\"yoast-schema-graph\">{\"@context\":\"https:\\\/\\\/schema.org\",\"@graph\":[{\"@type\":\"Article\",\"@id\":\"https:\\\/\\\/lightweb.dev\\\/l\\\/svm-temp\\\/artiklar\\\/hem-bostad\\\/spaniens-nya-bostadslag-husockupanter-far-mer-tid-innan-de-vraks\\\/#article\",\"isPartOf\":{\"@id\":\"https:\\\/\\\/lightweb.dev\\\/l\\\/svm-temp\\\/artiklar\\\/hem-bostad\\\/spaniens-nya-bostadslag-husockupanter-far-mer-tid-innan-de-vraks\\\/\"},\"author\":{\"name\":\"Ola Josefsson\",\"@id\":\"https:\\\/\\\/lightweb.dev\\\/l\\\/svm-temp\\\/#\\\/schema\\\/person\\\/7a82b8a73d171d32360a564b6d03508e\"},\"headline\":\"Spaniens nya bostadslag: Upp till tv\u00e5 \u00e5r innan bostadsockupanter vr\u00e4ks\",\"datePublished\":\"2023-04-28T08:55:59+00:00\",\"dateModified\":\"2023-04-28T09:59:31+00:00\",\"mainEntityOfPage\":{\"@id\":\"https:\\\/\\\/lightweb.dev\\\/l\\\/svm-temp\\\/artiklar\\\/hem-bostad\\\/spaniens-nya-bostadslag-husockupanter-far-mer-tid-innan-de-vraks\\\/\"},\"wordCount\":450,\"commentCount\":1,\"publisher\":{\"@id\":\"https:\\\/\\\/lightweb.dev\\\/l\\\/svm-temp\\\/#organization\"},\"image\":{\"@id\":\"https:\\\/\\\/lightweb.dev\\\/l\\\/svm-temp\\\/artiklar\\\/hem-bostad\\\/spaniens-nya-bostadslag-husockupanter-far-mer-tid-innan-de-vraks\\\/#primaryimage\"},\"thumbnailUrl\":\"https:\\\/\\\/lightweb.dev\\\/l\\\/svm-temp\\\/wp-content\\\/uploads\\\/2022\\\/06\\\/svensktnorskt-par-har-blivit-av-med-husockupant.png\",\"articleSection\":[\"Arkiv\",\"Nyheter\"],\"inLanguage\":\"sv-SE\"},{\"@type\":\"WebPage\",\"@id\":\"https:\\\/\\\/lightweb.dev\\\/l\\\/svm-temp\\\/artiklar\\\/hem-bostad\\\/spaniens-nya-bostadslag-husockupanter-far-mer-tid-innan-de-vraks\\\/\",\"url\":\"https:\\\/\\\/lightweb.dev\\\/l\\\/svm-temp\\\/artiklar\\\/hem-bostad\\\/spaniens-nya-bostadslag-husockupanter-far-mer-tid-innan-de-vraks\\\/\",\"name\":\"Spaniens nya bostadslag: Upp till tv\u00e5 \u00e5r innan bostadsockupanter vr\u00e4ks - Svenska Magasinet\",\"isPartOf\":{\"@id\":\"https:\\\/\\\/lightweb.dev\\\/l\\\/svm-temp\\\/#website\"},\"primaryImageOfPage\":{\"@id\":\"https:\\\/\\\/lightweb.dev\\\/l\\\/svm-temp\\\/artiklar\\\/hem-bostad\\\/spaniens-nya-bostadslag-husockupanter-far-mer-tid-innan-de-vraks\\\/#primaryimage\"},\"image\":{\"@id\":\"https:\\\/\\\/lightweb.dev\\\/l\\\/svm-temp\\\/artiklar\\\/hem-bostad\\\/spaniens-nya-bostadslag-husockupanter-far-mer-tid-innan-de-vraks\\\/#primaryimage\"},\"thumbnailUrl\":\"https:\\\/\\\/lightweb.dev\\\/l\\\/svm-temp\\\/wp-content\\\/uploads\\\/2022\\\/06\\\/svensktnorskt-par-har-blivit-av-med-husockupant.png\",\"datePublished\":\"2023-04-28T08:55:59+00:00\",\"dateModified\":\"2023-04-28T09:59:31+00:00\",\"description\":\"Kongressen har godk\u00e4nt en ny statlig bostadslag, Ley de Vivienda, efter att landets styrande v\u00e4nsterkoalition PSOE och Unidas Podemos f\u00e5tt st\u00f6d av det katalanska republikanska partiet ERC och baskisknationalistiska EH Bildu. Den omarbetade bostadslagen g\u00e5r nu vidare till senaten f\u00f6r ett slutgiltigt godk\u00e4nnande.\",\"breadcrumb\":{\"@id\":\"https:\\\/\\\/lightweb.dev\\\/l\\\/svm-temp\\\/artiklar\\\/hem-bostad\\\/spaniens-nya-bostadslag-husockupanter-far-mer-tid-innan-de-vraks\\\/#breadcrumb\"},\"inLanguage\":\"sv-SE\",\"potentialAction\":[{\"@type\":\"ReadAction\",\"target\":[\"https:\\\/\\\/lightweb.dev\\\/l\\\/svm-temp\\\/artiklar\\\/hem-bostad\\\/spaniens-nya-bostadslag-husockupanter-far-mer-tid-innan-de-vraks\\\/\"]}]},{\"@type\":\"ImageObject\",\"inLanguage\":\"sv-SE\",\"@id\":\"https:\\\/\\\/lightweb.dev\\\/l\\\/svm-temp\\\/artiklar\\\/hem-bostad\\\/spaniens-nya-bostadslag-husockupanter-far-mer-tid-innan-de-vraks\\\/#primaryimage\",\"url\":\"https:\\\/\\\/lightweb.dev\\\/l\\\/svm-temp\\\/wp-content\\\/uploads\\\/2022\\\/06\\\/svensktnorskt-par-har-blivit-av-med-husockupant.png\",\"contentUrl\":\"https:\\\/\\\/lightweb.dev\\\/l\\\/svm-temp\\\/wp-content\\\/uploads\\\/2022\\\/06\\\/svensktnorskt-par-har-blivit-av-med-husockupant.png\",\"width\":500,\"height\":300},{\"@type\":\"BreadcrumbList\",\"@id\":\"https:\\\/\\\/lightweb.dev\\\/l\\\/svm-temp\\\/artiklar\\\/hem-bostad\\\/spaniens-nya-bostadslag-husockupanter-far-mer-tid-innan-de-vraks\\\/#breadcrumb\",\"itemListElement\":[{\"@type\":\"ListItem\",\"position\":1,\"name\":\"Hem\",\"item\":\"https:\\\/\\\/lightweb.dev\\\/l\\\/svm-temp\\\/\"},{\"@type\":\"ListItem\",\"position\":2,\"name\":\"Spaniens nya bostadslag: Upp till tv\u00e5 \u00e5r innan bostadsockupanter vr\u00e4ks\"}]},{\"@type\":\"WebSite\",\"@id\":\"https:\\\/\\\/lightweb.dev\\\/l\\\/svm-temp\\\/#website\",\"url\":\"https:\\\/\\\/lightweb.dev\\\/l\\\/svm-temp\\\/\",\"name\":\"Svenska Magasinet\",\"description\":\"Dina Spanska nyheter p&aring; Svenska\",\"publisher\":{\"@id\":\"https:\\\/\\\/lightweb.dev\\\/l\\\/svm-temp\\\/#organization\"},\"potentialAction\":[{\"@type\":\"SearchAction\",\"target\":{\"@type\":\"EntryPoint\",\"urlTemplate\":\"https:\\\/\\\/lightweb.dev\\\/l\\\/svm-temp\\\/?s={search_term_string}\"},\"query-input\":{\"@type\":\"PropertyValueSpecification\",\"valueRequired\":true,\"valueName\":\"search_term_string\"}}],\"inLanguage\":\"sv-SE\"},{\"@type\":\"Organization\",\"@id\":\"https:\\\/\\\/lightweb.dev\\\/l\\\/svm-temp\\\/#organization\",\"name\":\"Melkerson y Nott SL\",\"alternateName\":\"Svenska Magasinet\",\"url\":\"https:\\\/\\\/lightweb.dev\\\/l\\\/svm-temp\\\/\",\"logo\":{\"@type\":\"ImageObject\",\"inLanguage\":\"sv-SE\",\"@id\":\"https:\\\/\\\/lightweb.dev\\\/l\\\/svm-temp\\\/#\\\/schema\\\/logo\\\/image\\\/\",\"url\":\"https:\\\/\\\/lightweb.dev\\\/l\\\/svm-temp\\\/wp-content\\\/uploads\\\/2025\\\/02\\\/SvM-logo-Xtra-Centrerad-SVART.png\",\"contentUrl\":\"https:\\\/\\\/lightweb.dev\\\/l\\\/svm-temp\\\/wp-content\\\/uploads\\\/2025\\\/02\\\/SvM-logo-Xtra-Centrerad-SVART.png\",\"width\":300,\"height\":99,\"caption\":\"Melkerson y Nott SL\"},\"image\":{\"@id\":\"https:\\\/\\\/lightweb.dev\\\/l\\\/svm-temp\\\/#\\\/schema\\\/logo\\\/image\\\/\"},\"sameAs\":[\"https:\\\/\\\/www.facebook.com\\\/svenskamagasinet\",\"https:\\\/\\\/x.com\\\/SvenskaMagasine\"]},{\"@type\":\"Person\",\"@id\":\"https:\\\/\\\/lightweb.dev\\\/l\\\/svm-temp\\\/#\\\/schema\\\/person\\\/7a82b8a73d171d32360a564b6d03508e\",\"name\":\"Ola Josefsson\",\"description\":\"Bevakar Solkusten och Spanien sedan 1994.\",\"sameAs\":[\"https:\\\/\\\/lightweb.dev\\\/l\\\/svm-temp\"],\"url\":\"https:\\\/\\\/lightweb.dev\\\/l\\\/svm-temp\\\/reporter\\\/ola-josefsson\\\/\"}]}<\/script>\n<!-- \/ Yoast SEO Premium plugin. -->","yoast_head_json":{"title":"Spaniens nya bostadslag: Upp till tv\u00e5 \u00e5r innan bostadsockupanter vr\u00e4ks - Svenska Magasinet","description":"Kongressen har godk\u00e4nt en ny statlig bostadslag, Ley de Vivienda, efter att landets styrande v\u00e4nsterkoalition PSOE och Unidas Podemos f\u00e5tt st\u00f6d av det katalanska republikanska partiet ERC och baskisknationalistiska EH Bildu. Den omarbetade bostadslagen g\u00e5r nu vidare till senaten f\u00f6r ett slutgiltigt godk\u00e4nnande.","robots":{"index":"noindex","follow":"follow","max-snippet":"max-snippet:-1","max-image-preview":"max-image-preview:large","max-video-preview":"max-video-preview:-1"},"og_locale":"sv_SE","og_type":"article","og_title":"Spaniens nya bostadslag: Upp till tv\u00e5 \u00e5r innan bostadsockupanter vr\u00e4ks","og_description":"Kongressen har godk\u00e4nt en ny statlig bostadslag, Ley de Vivienda, efter att landets styrande v\u00e4nsterkoalition PSOE och Unidas Podemos f\u00e5tt st\u00f6d av det katalanska republikanska partiet ERC och baskisknationalistiska EH Bildu. Den omarbetade bostadslagen g\u00e5r nu vidare till senaten f\u00f6r ett slutgiltigt godk\u00e4nnande.","og_url":"https:\/\/lightweb.dev\/l\/svm-temp\/artiklar\/hem-bostad\/spaniens-nya-bostadslag-husockupanter-far-mer-tid-innan-de-vraks\/","og_site_name":"Svenska Magasinet","article_publisher":"https:\/\/www.facebook.com\/svenskamagasinet","article_published_time":"2023-04-28T08:55:59+00:00","article_modified_time":"2023-04-28T09:59:31+00:00","og_image":[{"width":500,"height":300,"url":"https:\/\/lightweb.dev\/l\/svm-temp\/wp-content\/uploads\/2022\/06\/svensktnorskt-par-har-blivit-av-med-husockupant.png","type":"image\/png"}],"author":"Ola Josefsson","twitter_card":"summary_large_image","twitter_creator":"@SvenskaMagasine","twitter_site":"@SvenskaMagasine","schema":{"@context":"https:\/\/schema.org","@graph":[{"@type":"Article","@id":"https:\/\/lightweb.dev\/l\/svm-temp\/artiklar\/hem-bostad\/spaniens-nya-bostadslag-husockupanter-far-mer-tid-innan-de-vraks\/#article","isPartOf":{"@id":"https:\/\/lightweb.dev\/l\/svm-temp\/artiklar\/hem-bostad\/spaniens-nya-bostadslag-husockupanter-far-mer-tid-innan-de-vraks\/"},"author":{"name":"Ola Josefsson","@id":"https:\/\/lightweb.dev\/l\/svm-temp\/#\/schema\/person\/7a82b8a73d171d32360a564b6d03508e"},"headline":"Spaniens nya bostadslag: Upp till tv\u00e5 \u00e5r innan bostadsockupanter vr\u00e4ks","datePublished":"2023-04-28T08:55:59+00:00","dateModified":"2023-04-28T09:59:31+00:00","mainEntityOfPage":{"@id":"https:\/\/lightweb.dev\/l\/svm-temp\/artiklar\/hem-bostad\/spaniens-nya-bostadslag-husockupanter-far-mer-tid-innan-de-vraks\/"},"wordCount":450,"commentCount":1,"publisher":{"@id":"https:\/\/lightweb.dev\/l\/svm-temp\/#organization"},"image":{"@id":"https:\/\/lightweb.dev\/l\/svm-temp\/artiklar\/hem-bostad\/spaniens-nya-bostadslag-husockupanter-far-mer-tid-innan-de-vraks\/#primaryimage"},"thumbnailUrl":"https:\/\/lightweb.dev\/l\/svm-temp\/wp-content\/uploads\/2022\/06\/svensktnorskt-par-har-blivit-av-med-husockupant.png","articleSection":["Arkiv","Nyheter"],"inLanguage":"sv-SE"},{"@type":"WebPage","@id":"https:\/\/lightweb.dev\/l\/svm-temp\/artiklar\/hem-bostad\/spaniens-nya-bostadslag-husockupanter-far-mer-tid-innan-de-vraks\/","url":"https:\/\/lightweb.dev\/l\/svm-temp\/artiklar\/hem-bostad\/spaniens-nya-bostadslag-husockupanter-far-mer-tid-innan-de-vraks\/","name":"Spaniens nya bostadslag: Upp till tv\u00e5 \u00e5r innan bostadsockupanter vr\u00e4ks - Svenska Magasinet","isPartOf":{"@id":"https:\/\/lightweb.dev\/l\/svm-temp\/#website"},"primaryImageOfPage":{"@id":"https:\/\/lightweb.dev\/l\/svm-temp\/artiklar\/hem-bostad\/spaniens-nya-bostadslag-husockupanter-far-mer-tid-innan-de-vraks\/#primaryimage"},"image":{"@id":"https:\/\/lightweb.dev\/l\/svm-temp\/artiklar\/hem-bostad\/spaniens-nya-bostadslag-husockupanter-far-mer-tid-innan-de-vraks\/#primaryimage"},"thumbnailUrl":"https:\/\/lightweb.dev\/l\/svm-temp\/wp-content\/uploads\/2022\/06\/svensktnorskt-par-har-blivit-av-med-husockupant.png","datePublished":"2023-04-28T08:55:59+00:00","dateModified":"2023-04-28T09:59:31+00:00","description":"Kongressen har godk\u00e4nt en ny statlig bostadslag, Ley de Vivienda, efter att landets styrande v\u00e4nsterkoalition PSOE och Unidas Podemos f\u00e5tt st\u00f6d av det katalanska republikanska partiet ERC och baskisknationalistiska EH Bildu. Den omarbetade bostadslagen g\u00e5r nu vidare till senaten f\u00f6r ett slutgiltigt godk\u00e4nnande.","breadcrumb":{"@id":"https:\/\/lightweb.dev\/l\/svm-temp\/artiklar\/hem-bostad\/spaniens-nya-bostadslag-husockupanter-far-mer-tid-innan-de-vraks\/#breadcrumb"},"inLanguage":"sv-SE","potentialAction":[{"@type":"ReadAction","target":["https:\/\/lightweb.dev\/l\/svm-temp\/artiklar\/hem-bostad\/spaniens-nya-bostadslag-husockupanter-far-mer-tid-innan-de-vraks\/"]}]},{"@type":"ImageObject","inLanguage":"sv-SE","@id":"https:\/\/lightweb.dev\/l\/svm-temp\/artiklar\/hem-bostad\/spaniens-nya-bostadslag-husockupanter-far-mer-tid-innan-de-vraks\/#primaryimage","url":"https:\/\/lightweb.dev\/l\/svm-temp\/wp-content\/uploads\/2022\/06\/svensktnorskt-par-har-blivit-av-med-husockupant.png","contentUrl":"https:\/\/lightweb.dev\/l\/svm-temp\/wp-content\/uploads\/2022\/06\/svensktnorskt-par-har-blivit-av-med-husockupant.png","width":500,"height":300},{"@type":"BreadcrumbList","@id":"https:\/\/lightweb.dev\/l\/svm-temp\/artiklar\/hem-bostad\/spaniens-nya-bostadslag-husockupanter-far-mer-tid-innan-de-vraks\/#breadcrumb","itemListElement":[{"@type":"ListItem","position":1,"name":"Hem","item":"https:\/\/lightweb.dev\/l\/svm-temp\/"},{"@type":"ListItem","position":2,"name":"Spaniens nya bostadslag: Upp till tv\u00e5 \u00e5r innan bostadsockupanter vr\u00e4ks"}]},{"@type":"WebSite","@id":"https:\/\/lightweb.dev\/l\/svm-temp\/#website","url":"https:\/\/lightweb.dev\/l\/svm-temp\/","name":"Svenska Magasinet","description":"Dina Spanska nyheter p&aring; Svenska","publisher":{"@id":"https:\/\/lightweb.dev\/l\/svm-temp\/#organization"},"potentialAction":[{"@type":"SearchAction","target":{"@type":"EntryPoint","urlTemplate":"https:\/\/lightweb.dev\/l\/svm-temp\/?s={search_term_string}"},"query-input":{"@type":"PropertyValueSpecification","valueRequired":true,"valueName":"search_term_string"}}],"inLanguage":"sv-SE"},{"@type":"Organization","@id":"https:\/\/lightweb.dev\/l\/svm-temp\/#organization","name":"Melkerson y Nott SL","alternateName":"Svenska Magasinet","url":"https:\/\/lightweb.dev\/l\/svm-temp\/","logo":{"@type":"ImageObject","inLanguage":"sv-SE","@id":"https:\/\/lightweb.dev\/l\/svm-temp\/#\/schema\/logo\/image\/","url":"https:\/\/lightweb.dev\/l\/svm-temp\/wp-content\/uploads\/2025\/02\/SvM-logo-Xtra-Centrerad-SVART.png","contentUrl":"https:\/\/lightweb.dev\/l\/svm-temp\/wp-content\/uploads\/2025\/02\/SvM-logo-Xtra-Centrerad-SVART.png","width":300,"height":99,"caption":"Melkerson y Nott SL"},"image":{"@id":"https:\/\/lightweb.dev\/l\/svm-temp\/#\/schema\/logo\/image\/"},"sameAs":["https:\/\/www.facebook.com\/svenskamagasinet","https:\/\/x.com\/SvenskaMagasine"]},{"@type":"Person","@id":"https:\/\/lightweb.dev\/l\/svm-temp\/#\/schema\/person\/7a82b8a73d171d32360a564b6d03508e","name":"Ola Josefsson","description":"Bevakar Solkusten och Spanien sedan 1994.","sameAs":["https:\/\/lightweb.dev\/l\/svm-temp"],"url":"https:\/\/lightweb.dev\/l\/svm-temp\/reporter\/ola-josefsson\/"}]}},"_links":{"self":[{"href":"https:\/\/lightweb.dev\/l\/svm-temp\/wp-json\/wp\/v2\/posts\/63363","targetHints":{"allow":["GET"]}}],"collection":[{"href":"https:\/\/lightweb.dev\/l\/svm-temp\/wp-json\/wp\/v2\/posts"}],"about":[{"href":"https:\/\/lightweb.dev\/l\/svm-temp\/wp-json\/wp\/v2\/types\/post"}],"author":[{"embeddable":true,"href":"https:\/\/lightweb.dev\/l\/svm-temp\/wp-json\/wp\/v2\/users\/7"}],"replies":[{"embeddable":true,"href":"https:\/\/lightweb.dev\/l\/svm-temp\/wp-json\/wp\/v2\/comments?post=63363"}],"version-history":[{"count":0,"href":"https:\/\/lightweb.dev\/l\/svm-temp\/wp-json\/wp\/v2\/posts\/63363\/revisions"}],"wp:featuredmedia":[{"embeddable":true,"href":"https:\/\/lightweb.dev\/l\/svm-temp\/wp-json\/wp\/v2\/media\/12561"}],"wp:attachment":[{"href":"https:\/\/lightweb.dev\/l\/svm-temp\/wp-json\/wp\/v2\/media?parent=63363"}],"wp:term":[{"taxonomy":"category","embeddable":true,"href":"https:\/\/lightweb.dev\/l\/svm-temp\/wp-json\/wp\/v2\/categories?post=63363"},{"taxonomy":"post_tag","embeddable":true,"href":"https:\/\/lightweb.dev\/l\/svm-temp\/wp-json\/wp\/v2\/tags?post=63363"}],"curies":[{"name":"wp","href":"https:\/\/api.w.org\/{rel}","templated":true}]}}