{"id":6338,"date":"2017-12-11T00:00:00","date_gmt":"2017-12-10T23:00:00","guid":{"rendered":"https:\/\/lightweb.dev\/l\/svm-temp\/hej-lasare-nu-for-tiden-gar-det-allt-fortare\/"},"modified":"2022-10-22T19:04:46","modified_gmt":"2022-10-22T17:04:46","slug":"hej-lasare-nu-for-tiden-gar-det-allt-fortare","status":"publish","type":"post","link":"https:\/\/lightweb.dev\/l\/svm-temp\/artiklar\/hej-lasare-nu-for-tiden-gar-det-allt-fortare\/","title":{"rendered":"Hej L\u00e4sare: Nu f\u00f6r tiden g\u00e5r det allt fortare"},"content":{"rendered":"<p>ALLT KOMMER S\u00c5 FORT TILLBAKA, \u00e5terkommande h\u00f6gtider avl\u00f6ser varandra. Nu \u00e4r det helt pl\u00f6tsligt jul. Igen! En k\u00e4nsla som kopplas till ju \u00e4ldre man blir, har jag h\u00f6rt. Om det forts\u00e4tter i den h\u00e4r takten kan man snart sl\u00e5 ihop dem allesammans. Av Anders Rosell, chefredakt\u00f6r &amp; formgivare<\/p>\n<p>F\u00f6rra julen firades tillsammans med v\u00e5r d\u00e5 86-\u00e5riga granne Helen, vars traditioner var djupt rotade. Hennes skotska r\u00f6tter och jultraditioner skulle se ut p\u00e5 ett visst s\u00e4tt och d\u00e4rmed basta. Maten var en av huvudg\u00e4sterna vid jul \u2013 f\u00f6rberedd i minsta detalj och en mycket viktig ingrediens i firandet. Kalkonen var den som stod i centrum och den skulle sp\u00e4ckas och grillas i ugnen enligt konstens alla regler. Helens \u201dkalkonfanatism\u201d kunde l\u00e4tt f\u00e5 sambon i spinn som ofta st\u00f6nade; Hur sv\u00e5rt kan det vara att f\u00e5 ordning p\u00e5 en kalkon i ugn? Nu finns inte Helen mer och det blir en tom jul utan henne, men vi minns hennes starka personlighet med v\u00e4rme. Jul och minnen h\u00f6r ihop.<\/p>\n<p>V\u00e5r femte jul i Spanien blir precis s\u00e5 som vi vill ha den. Lugn, fridfull och utan stress och press. Inget hysteriskt jagande efter presenter heller f\u00f6r den delen, den tiden \u00e4r sedan l\u00e4nge f\u00f6rbi och lagd p\u00e5 hyllan. Vi har ju det vi beh\u00f6ver, \u00e4ven om mina f\u00f6tter skulle m\u00e5 fint av ett par nya innetofflor f\u00f6r de kalla golvens skull. Det dock f\u00e5r bli i mellandagarna n\u00e4r jag kommer i n\u00e4rheten av en skoaff\u00e4r. Ma\u00f1ana, det \u00e4r lugnt!<\/p>\n<p>Lugnet infinner sig ocks\u00e5 med en och annan filmstund. Filmsajterna ShowBox, Dreamfilm, Gostream och 123Movies har ett enormt utbud av aktuella filmer och TVserier f\u00f6r den som vill slappa i tv-soffan under helgerna. Jag \u00e4r en av dem. Och gratis \u00e4r de ocks\u00e5. Allt du beh\u00f6ver \u00e4r egentligen en smart tv, en kopp kaffe och ett par praliner s\u00e5 kan biofilmen b\u00f6rja.<\/p>\n<p>I det h\u00e4r huset firar vi dock ingen svensk jul, den l\u00e4r \u00e5terigen g\u00e5 i australiensiska tecken, d\u00e5 det \u00e4r sambons hemland och k\u00f6ket \u00e4r inte heller det min dom\u00e4n. Vi \u00e4r nog r\u00e4tt d\u00e5liga p\u00e5 traditioner \u00e4ven om jag ser fram emot en osvensk jul d\u00e4r det kommer att serveras vitl\u00f6kssp\u00e4ckad lamm med brysselk\u00e5l, potatis och mintgel\u00e9. I all enkelhet.<\/p>\n","protected":false},"excerpt":{"rendered":"<p>ALLT KOMMER S\u00c5 FORT TILLBAKA, \u00e5terkommande h\u00f6gtider avl\u00f6ser varandra. Nu \u00e4r det helt pl\u00f6tsligt jul. Igen! En k\u00e4nsla som kopplas till ju \u00e4ldre man blir, har jag h\u00f6rt. Om det forts\u00e4tter i den h\u00e4r takten kan man snart sl\u00e5 ihop dem allesammans. Av Anders Rosell, chefredakt\u00f6r &amp; formgivare F\u00f6rra julen firades tillsammans med v\u00e5r d\u00e5 [&hellip;]<\/p>\n","protected":false},"author":8,"featured_media":58572,"comment_status":"open","ping_status":"open","sticky":false,"template":"","format":"standard","meta":{"_et_pb_use_builder":"","_et_pb_old_content":"","_et_gb_content_width":"","footnotes":""},"categories":[4,397],"tags":[],"class_list":["post-6338","post","type-post","status-publish","format-standard","has-post-thumbnail","hentry","category-artiklar","category-ledare"],"yoast_head":"<!-- This site is optimized with the Yoast SEO Premium plugin v26.2 (Yoast SEO v28.2) - https:\/\/yoast.com\/product\/yoast-seo-premium-wordpress\/ -->\n<title>Hej L\u00e4sare: Nu f\u00f6r tiden g\u00e5r det allt fortare - Svenska Magasinet<\/title>\n<meta name=\"robots\" content=\"noindex, follow, max-snippet:-1, max-image-preview:large, max-video-preview:-1\" \/>\n<meta property=\"og:locale\" content=\"sv_SE\" \/>\n<meta property=\"og:type\" content=\"article\" \/>\n<meta property=\"og:title\" content=\"Hej L\u00e4sare: Nu f\u00f6r tiden g\u00e5r det allt fortare\" \/>\n<meta property=\"og:description\" content=\"ALLT KOMMER S\u00c5 FORT TILLBAKA, \u00e5terkommande h\u00f6gtider avl\u00f6ser varandra. Nu \u00e4r det helt pl\u00f6tsligt jul. Igen! En k\u00e4nsla som kopplas till ju \u00e4ldre man blir, har jag h\u00f6rt. Om det forts\u00e4tter i den h\u00e4r takten kan man snart sl\u00e5 ihop dem allesammans. Av Anders Rosell, chefredakt\u00f6r &amp; formgivare F\u00f6rra julen firades tillsammans med v\u00e5r d\u00e5 [&hellip;]\" \/>\n<meta property=\"og:url\" content=\"https:\/\/lightweb.dev\/l\/svm-temp\/artiklar\/hej-lasare-nu-for-tiden-gar-det-allt-fortare\/\" \/>\n<meta property=\"og:site_name\" content=\"Svenska Magasinet\" \/>\n<meta property=\"article:publisher\" content=\"https:\/\/www.facebook.com\/svenskamagasinet\" \/>\n<meta property=\"article:published_time\" content=\"2017-12-10T23:00:00+00:00\" \/>\n<meta property=\"article:modified_time\" content=\"2022-10-22T17:04:46+00:00\" \/>\n<meta property=\"og:image\" content=\"https:\/\/lightweb.dev\/l\/svm-temp\/wp-content\/uploads\/2021\/03\/coffee-gd09340dec_1920.jpg\" \/>\n\t<meta property=\"og:image:width\" content=\"1920\" \/>\n\t<meta property=\"og:image:height\" content=\"1280\" \/>\n\t<meta property=\"og:image:type\" content=\"image\/jpeg\" \/>\n<meta name=\"author\" content=\"Redaktionen SvM\" \/>\n<meta name=\"twitter:card\" content=\"summary_large_image\" \/>\n<meta name=\"twitter:creator\" content=\"@SvenskaMagasine\" \/>\n<meta name=\"twitter:site\" content=\"@SvenskaMagasine\" \/>\n<script type=\"application\/ld+json\" class=\"yoast-schema-graph\">{\"@context\":\"https:\\\/\\\/schema.org\",\"@graph\":[{\"@type\":\"Article\",\"@id\":\"https:\\\/\\\/lightweb.dev\\\/l\\\/svm-temp\\\/artiklar\\\/hej-lasare-nu-for-tiden-gar-det-allt-fortare\\\/#article\",\"isPartOf\":{\"@id\":\"https:\\\/\\\/lightweb.dev\\\/l\\\/svm-temp\\\/artiklar\\\/hej-lasare-nu-for-tiden-gar-det-allt-fortare\\\/\"},\"author\":{\"name\":\"Redaktionen SvM\",\"@id\":\"https:\\\/\\\/lightweb.dev\\\/l\\\/svm-temp\\\/#\\\/schema\\\/person\\\/206a3bda5b607b0c25e1749191e4d837\"},\"headline\":\"Hej L\u00e4sare: Nu f\u00f6r tiden g\u00e5r det allt fortare\",\"datePublished\":\"2017-12-10T23:00:00+00:00\",\"dateModified\":\"2022-10-22T17:04:46+00:00\",\"mainEntityOfPage\":{\"@id\":\"https:\\\/\\\/lightweb.dev\\\/l\\\/svm-temp\\\/artiklar\\\/hej-lasare-nu-for-tiden-gar-det-allt-fortare\\\/\"},\"wordCount\":427,\"commentCount\":0,\"publisher\":{\"@id\":\"https:\\\/\\\/lightweb.dev\\\/l\\\/svm-temp\\\/#organization\"},\"image\":{\"@id\":\"https:\\\/\\\/lightweb.dev\\\/l\\\/svm-temp\\\/artiklar\\\/hej-lasare-nu-for-tiden-gar-det-allt-fortare\\\/#primaryimage\"},\"thumbnailUrl\":\"https:\\\/\\\/lightweb.dev\\\/l\\\/svm-temp\\\/wp-content\\\/uploads\\\/2021\\\/03\\\/coffee-gd09340dec_1920.jpg\",\"articleSection\":[\"Artiklar\",\"Ledare\"],\"inLanguage\":\"sv-SE\"},{\"@type\":\"WebPage\",\"@id\":\"https:\\\/\\\/lightweb.dev\\\/l\\\/svm-temp\\\/artiklar\\\/hej-lasare-nu-for-tiden-gar-det-allt-fortare\\\/\",\"url\":\"https:\\\/\\\/lightweb.dev\\\/l\\\/svm-temp\\\/artiklar\\\/hej-lasare-nu-for-tiden-gar-det-allt-fortare\\\/\",\"name\":\"Hej L\u00e4sare: Nu f\u00f6r tiden g\u00e5r det allt fortare - Svenska Magasinet\",\"isPartOf\":{\"@id\":\"https:\\\/\\\/lightweb.dev\\\/l\\\/svm-temp\\\/#website\"},\"primaryImageOfPage\":{\"@id\":\"https:\\\/\\\/lightweb.dev\\\/l\\\/svm-temp\\\/artiklar\\\/hej-lasare-nu-for-tiden-gar-det-allt-fortare\\\/#primaryimage\"},\"image\":{\"@id\":\"https:\\\/\\\/lightweb.dev\\\/l\\\/svm-temp\\\/artiklar\\\/hej-lasare-nu-for-tiden-gar-det-allt-fortare\\\/#primaryimage\"},\"thumbnailUrl\":\"https:\\\/\\\/lightweb.dev\\\/l\\\/svm-temp\\\/wp-content\\\/uploads\\\/2021\\\/03\\\/coffee-gd09340dec_1920.jpg\",\"datePublished\":\"2017-12-10T23:00:00+00:00\",\"dateModified\":\"2022-10-22T17:04:46+00:00\",\"breadcrumb\":{\"@id\":\"https:\\\/\\\/lightweb.dev\\\/l\\\/svm-temp\\\/artiklar\\\/hej-lasare-nu-for-tiden-gar-det-allt-fortare\\\/#breadcrumb\"},\"inLanguage\":\"sv-SE\",\"potentialAction\":[{\"@type\":\"ReadAction\",\"target\":[\"https:\\\/\\\/lightweb.dev\\\/l\\\/svm-temp\\\/artiklar\\\/hej-lasare-nu-for-tiden-gar-det-allt-fortare\\\/\"]}]},{\"@type\":\"ImageObject\",\"inLanguage\":\"sv-SE\",\"@id\":\"https:\\\/\\\/lightweb.dev\\\/l\\\/svm-temp\\\/artiklar\\\/hej-lasare-nu-for-tiden-gar-det-allt-fortare\\\/#primaryimage\",\"url\":\"https:\\\/\\\/lightweb.dev\\\/l\\\/svm-temp\\\/wp-content\\\/uploads\\\/2021\\\/03\\\/coffee-gd09340dec_1920.jpg\",\"contentUrl\":\"https:\\\/\\\/lightweb.dev\\\/l\\\/svm-temp\\\/wp-content\\\/uploads\\\/2021\\\/03\\\/coffee-gd09340dec_1920.jpg\",\"width\":1920,\"height\":1280},{\"@type\":\"BreadcrumbList\",\"@id\":\"https:\\\/\\\/lightweb.dev\\\/l\\\/svm-temp\\\/artiklar\\\/hej-lasare-nu-for-tiden-gar-det-allt-fortare\\\/#breadcrumb\",\"itemListElement\":[{\"@type\":\"ListItem\",\"position\":1,\"name\":\"Hem\",\"item\":\"https:\\\/\\\/lightweb.dev\\\/l\\\/svm-temp\\\/\"},{\"@type\":\"ListItem\",\"position\":2,\"name\":\"Hej L\u00e4sare: Nu f\u00f6r tiden g\u00e5r det allt fortare\"}]},{\"@type\":\"WebSite\",\"@id\":\"https:\\\/\\\/lightweb.dev\\\/l\\\/svm-temp\\\/#website\",\"url\":\"https:\\\/\\\/lightweb.dev\\\/l\\\/svm-temp\\\/\",\"name\":\"Svenska Magasinet\",\"description\":\"Dina Spanska nyheter p&aring; Svenska\",\"publisher\":{\"@id\":\"https:\\\/\\\/lightweb.dev\\\/l\\\/svm-temp\\\/#organization\"},\"potentialAction\":[{\"@type\":\"SearchAction\",\"target\":{\"@type\":\"EntryPoint\",\"urlTemplate\":\"https:\\\/\\\/lightweb.dev\\\/l\\\/svm-temp\\\/?s={search_term_string}\"},\"query-input\":{\"@type\":\"PropertyValueSpecification\",\"valueRequired\":true,\"valueName\":\"search_term_string\"}}],\"inLanguage\":\"sv-SE\"},{\"@type\":\"Organization\",\"@id\":\"https:\\\/\\\/lightweb.dev\\\/l\\\/svm-temp\\\/#organization\",\"name\":\"Melkerson y Nott SL\",\"alternateName\":\"Svenska Magasinet\",\"url\":\"https:\\\/\\\/lightweb.dev\\\/l\\\/svm-temp\\\/\",\"logo\":{\"@type\":\"ImageObject\",\"inLanguage\":\"sv-SE\",\"@id\":\"https:\\\/\\\/lightweb.dev\\\/l\\\/svm-temp\\\/#\\\/schema\\\/logo\\\/image\\\/\",\"url\":\"https:\\\/\\\/lightweb.dev\\\/l\\\/svm-temp\\\/wp-content\\\/uploads\\\/2025\\\/02\\\/SvM-logo-Xtra-Centrerad-SVART.png\",\"contentUrl\":\"https:\\\/\\\/lightweb.dev\\\/l\\\/svm-temp\\\/wp-content\\\/uploads\\\/2025\\\/02\\\/SvM-logo-Xtra-Centrerad-SVART.png\",\"width\":300,\"height\":99,\"caption\":\"Melkerson y Nott SL\"},\"image\":{\"@id\":\"https:\\\/\\\/lightweb.dev\\\/l\\\/svm-temp\\\/#\\\/schema\\\/logo\\\/image\\\/\"},\"sameAs\":[\"https:\\\/\\\/www.facebook.com\\\/svenskamagasinet\",\"https:\\\/\\\/x.com\\\/SvenskaMagasine\"]},{\"@type\":\"Person\",\"@id\":\"https:\\\/\\\/lightweb.dev\\\/l\\\/svm-temp\\\/#\\\/schema\\\/person\\\/206a3bda5b607b0c25e1749191e4d837\",\"name\":\"Redaktionen SvM\",\"description\":\"Redaktionen\",\"sameAs\":[\"https:\\\/\\\/lightweb.dev\\\/l\\\/svm-temp\"],\"url\":\"https:\\\/\\\/lightweb.dev\\\/l\\\/svm-temp\\\/reporter\\\/redaktionen\\\/\"}]}<\/script>\n<!-- \/ Yoast SEO Premium plugin. -->","yoast_head_json":{"title":"Hej L\u00e4sare: Nu f\u00f6r tiden g\u00e5r det allt fortare - Svenska Magasinet","robots":{"index":"noindex","follow":"follow","max-snippet":"max-snippet:-1","max-image-preview":"max-image-preview:large","max-video-preview":"max-video-preview:-1"},"og_locale":"sv_SE","og_type":"article","og_title":"Hej L\u00e4sare: Nu f\u00f6r tiden g\u00e5r det allt fortare","og_description":"ALLT KOMMER S\u00c5 FORT TILLBAKA, \u00e5terkommande h\u00f6gtider avl\u00f6ser varandra. Nu \u00e4r det helt pl\u00f6tsligt jul. Igen! En k\u00e4nsla som kopplas till ju \u00e4ldre man blir, har jag h\u00f6rt. Om det forts\u00e4tter i den h\u00e4r takten kan man snart sl\u00e5 ihop dem allesammans. Av Anders Rosell, chefredakt\u00f6r &amp; formgivare F\u00f6rra julen firades tillsammans med v\u00e5r d\u00e5 [&hellip;]","og_url":"https:\/\/lightweb.dev\/l\/svm-temp\/artiklar\/hej-lasare-nu-for-tiden-gar-det-allt-fortare\/","og_site_name":"Svenska Magasinet","article_publisher":"https:\/\/www.facebook.com\/svenskamagasinet","article_published_time":"2017-12-10T23:00:00+00:00","article_modified_time":"2022-10-22T17:04:46+00:00","og_image":[{"width":1920,"height":1280,"url":"https:\/\/lightweb.dev\/l\/svm-temp\/wp-content\/uploads\/2021\/03\/coffee-gd09340dec_1920.jpg","type":"image\/jpeg"}],"author":"Redaktionen SvM","twitter_card":"summary_large_image","twitter_creator":"@SvenskaMagasine","twitter_site":"@SvenskaMagasine","schema":{"@context":"https:\/\/schema.org","@graph":[{"@type":"Article","@id":"https:\/\/lightweb.dev\/l\/svm-temp\/artiklar\/hej-lasare-nu-for-tiden-gar-det-allt-fortare\/#article","isPartOf":{"@id":"https:\/\/lightweb.dev\/l\/svm-temp\/artiklar\/hej-lasare-nu-for-tiden-gar-det-allt-fortare\/"},"author":{"name":"Redaktionen SvM","@id":"https:\/\/lightweb.dev\/l\/svm-temp\/#\/schema\/person\/206a3bda5b607b0c25e1749191e4d837"},"headline":"Hej L\u00e4sare: Nu f\u00f6r tiden g\u00e5r det allt fortare","datePublished":"2017-12-10T23:00:00+00:00","dateModified":"2022-10-22T17:04:46+00:00","mainEntityOfPage":{"@id":"https:\/\/lightweb.dev\/l\/svm-temp\/artiklar\/hej-lasare-nu-for-tiden-gar-det-allt-fortare\/"},"wordCount":427,"commentCount":0,"publisher":{"@id":"https:\/\/lightweb.dev\/l\/svm-temp\/#organization"},"image":{"@id":"https:\/\/lightweb.dev\/l\/svm-temp\/artiklar\/hej-lasare-nu-for-tiden-gar-det-allt-fortare\/#primaryimage"},"thumbnailUrl":"https:\/\/lightweb.dev\/l\/svm-temp\/wp-content\/uploads\/2021\/03\/coffee-gd09340dec_1920.jpg","articleSection":["Artiklar","Ledare"],"inLanguage":"sv-SE"},{"@type":"WebPage","@id":"https:\/\/lightweb.dev\/l\/svm-temp\/artiklar\/hej-lasare-nu-for-tiden-gar-det-allt-fortare\/","url":"https:\/\/lightweb.dev\/l\/svm-temp\/artiklar\/hej-lasare-nu-for-tiden-gar-det-allt-fortare\/","name":"Hej L\u00e4sare: Nu f\u00f6r tiden g\u00e5r det allt fortare - Svenska Magasinet","isPartOf":{"@id":"https:\/\/lightweb.dev\/l\/svm-temp\/#website"},"primaryImageOfPage":{"@id":"https:\/\/lightweb.dev\/l\/svm-temp\/artiklar\/hej-lasare-nu-for-tiden-gar-det-allt-fortare\/#primaryimage"},"image":{"@id":"https:\/\/lightweb.dev\/l\/svm-temp\/artiklar\/hej-lasare-nu-for-tiden-gar-det-allt-fortare\/#primaryimage"},"thumbnailUrl":"https:\/\/lightweb.dev\/l\/svm-temp\/wp-content\/uploads\/2021\/03\/coffee-gd09340dec_1920.jpg","datePublished":"2017-12-10T23:00:00+00:00","dateModified":"2022-10-22T17:04:46+00:00","breadcrumb":{"@id":"https:\/\/lightweb.dev\/l\/svm-temp\/artiklar\/hej-lasare-nu-for-tiden-gar-det-allt-fortare\/#breadcrumb"},"inLanguage":"sv-SE","potentialAction":[{"@type":"ReadAction","target":["https:\/\/lightweb.dev\/l\/svm-temp\/artiklar\/hej-lasare-nu-for-tiden-gar-det-allt-fortare\/"]}]},{"@type":"ImageObject","inLanguage":"sv-SE","@id":"https:\/\/lightweb.dev\/l\/svm-temp\/artiklar\/hej-lasare-nu-for-tiden-gar-det-allt-fortare\/#primaryimage","url":"https:\/\/lightweb.dev\/l\/svm-temp\/wp-content\/uploads\/2021\/03\/coffee-gd09340dec_1920.jpg","contentUrl":"https:\/\/lightweb.dev\/l\/svm-temp\/wp-content\/uploads\/2021\/03\/coffee-gd09340dec_1920.jpg","width":1920,"height":1280},{"@type":"BreadcrumbList","@id":"https:\/\/lightweb.dev\/l\/svm-temp\/artiklar\/hej-lasare-nu-for-tiden-gar-det-allt-fortare\/#breadcrumb","itemListElement":[{"@type":"ListItem","position":1,"name":"Hem","item":"https:\/\/lightweb.dev\/l\/svm-temp\/"},{"@type":"ListItem","position":2,"name":"Hej L\u00e4sare: Nu f\u00f6r tiden g\u00e5r det allt fortare"}]},{"@type":"WebSite","@id":"https:\/\/lightweb.dev\/l\/svm-temp\/#website","url":"https:\/\/lightweb.dev\/l\/svm-temp\/","name":"Svenska Magasinet","description":"Dina Spanska nyheter p&aring; Svenska","publisher":{"@id":"https:\/\/lightweb.dev\/l\/svm-temp\/#organization"},"potentialAction":[{"@type":"SearchAction","target":{"@type":"EntryPoint","urlTemplate":"https:\/\/lightweb.dev\/l\/svm-temp\/?s={search_term_string}"},"query-input":{"@type":"PropertyValueSpecification","valueRequired":true,"valueName":"search_term_string"}}],"inLanguage":"sv-SE"},{"@type":"Organization","@id":"https:\/\/lightweb.dev\/l\/svm-temp\/#organization","name":"Melkerson y Nott SL","alternateName":"Svenska Magasinet","url":"https:\/\/lightweb.dev\/l\/svm-temp\/","logo":{"@type":"ImageObject","inLanguage":"sv-SE","@id":"https:\/\/lightweb.dev\/l\/svm-temp\/#\/schema\/logo\/image\/","url":"https:\/\/lightweb.dev\/l\/svm-temp\/wp-content\/uploads\/2025\/02\/SvM-logo-Xtra-Centrerad-SVART.png","contentUrl":"https:\/\/lightweb.dev\/l\/svm-temp\/wp-content\/uploads\/2025\/02\/SvM-logo-Xtra-Centrerad-SVART.png","width":300,"height":99,"caption":"Melkerson y Nott SL"},"image":{"@id":"https:\/\/lightweb.dev\/l\/svm-temp\/#\/schema\/logo\/image\/"},"sameAs":["https:\/\/www.facebook.com\/svenskamagasinet","https:\/\/x.com\/SvenskaMagasine"]},{"@type":"Person","@id":"https:\/\/lightweb.dev\/l\/svm-temp\/#\/schema\/person\/206a3bda5b607b0c25e1749191e4d837","name":"Redaktionen SvM","description":"Redaktionen","sameAs":["https:\/\/lightweb.dev\/l\/svm-temp"],"url":"https:\/\/lightweb.dev\/l\/svm-temp\/reporter\/redaktionen\/"}]}},"_links":{"self":[{"href":"https:\/\/lightweb.dev\/l\/svm-temp\/wp-json\/wp\/v2\/posts\/6338","targetHints":{"allow":["GET"]}}],"collection":[{"href":"https:\/\/lightweb.dev\/l\/svm-temp\/wp-json\/wp\/v2\/posts"}],"about":[{"href":"https:\/\/lightweb.dev\/l\/svm-temp\/wp-json\/wp\/v2\/types\/post"}],"author":[{"embeddable":true,"href":"https:\/\/lightweb.dev\/l\/svm-temp\/wp-json\/wp\/v2\/users\/8"}],"replies":[{"embeddable":true,"href":"https:\/\/lightweb.dev\/l\/svm-temp\/wp-json\/wp\/v2\/comments?post=6338"}],"version-history":[{"count":0,"href":"https:\/\/lightweb.dev\/l\/svm-temp\/wp-json\/wp\/v2\/posts\/6338\/revisions"}],"wp:featuredmedia":[{"embeddable":true,"href":"https:\/\/lightweb.dev\/l\/svm-temp\/wp-json\/wp\/v2\/media\/58572"}],"wp:attachment":[{"href":"https:\/\/lightweb.dev\/l\/svm-temp\/wp-json\/wp\/v2\/media?parent=6338"}],"wp:term":[{"taxonomy":"category","embeddable":true,"href":"https:\/\/lightweb.dev\/l\/svm-temp\/wp-json\/wp\/v2\/categories?post=6338"},{"taxonomy":"post_tag","embeddable":true,"href":"https:\/\/lightweb.dev\/l\/svm-temp\/wp-json\/wp\/v2\/tags?post=6338"}],"curies":[{"name":"wp","href":"https:\/\/api.w.org\/{rel}","templated":true}]}}