{"id":63380,"date":"2023-05-01T09:57:58","date_gmt":"2023-05-01T07:57:58","guid":{"rendered":"https:\/\/lightweb.dev\/l\/svm-temp\/?p=63380"},"modified":"2023-05-01T10:06:35","modified_gmt":"2023-05-01T08:06:35","slug":"indisk-medborgare-far-fyra-ars-fangelse-efter-valdtakt-pa-svensk-turist","status":"publish","type":"post","link":"https:\/\/lightweb.dev\/l\/svm-temp\/nyheter\/indisk-medborgare-far-fyra-ars-fangelse-efter-valdtakt-pa-svensk-turist\/","title":{"rendered":"Indisk medborgare f\u00e5r fyra \u00e5rs f\u00e4ngelse efter v\u00e5ldt\u00e4kt p\u00e5 svensk turist"},"content":{"rendered":"<p><strong>En indisk medborgare d\u00f6ms till fyra \u00e5rs f\u00e4ngelse f\u00f6r att ha v\u00e5ldtagit en 40-\u00e5rig svensk kvinna i Fuengirola i mars 2018. Kvinnan var p\u00e5 semester n\u00e4r hon blev v\u00e5ldtagen efter ett krogbes\u00f6k. \u00c5klagaren hade yrkat p\u00e5 nio \u00e5rs f\u00e4ngelse.<\/strong><\/p>\n<p>Den 11 mars 2018 skrev <a href=\"https:\/\/lightweb.dev\/l\/svm-temp\/nyheter\/indisk-medborgare-haktad-for-valdtakt-pa-svensk-turist\/\">Svenska Magasinet<\/a> om h\u00e4ndelsen d\u00e4r kvinnan anm\u00e4lde v\u00e5ldt\u00e4kten dagen efter. Hon ska ocks\u00e5 uppgett att hon blev drogad i samband med att hon tog en drink p\u00e5 en bar vid ett n\u00f6jesst\u00e4lle.<\/p>\n<p>Enligt domen som nyhetsbyr\u00e5n <a href=\"https:\/\/www.europapress.es\/andalucia\/malaga-00356\/noticia-condenado-cuatro-anos-prision-violar-casa-fuengirola-malaga-turista-estaba-inconsciente-20230430120953.html\">Europa Press<\/a> h\u00e4nvisar till visste inte kvinnan hur hon hade hamnat i mannens s\u00e4ng helt naken efter att ha tagit n\u00e5gra glas vin med n\u00e5gra v\u00e4nner i en bar. Hon ska ha uppgett att hon ska ha blivit drogad. Den medicinska unders\u00f6kningen har inte visat n\u00e5gra sp\u00e5r av droger i kvinnans kropp.<\/p>\n<p>F\u00f6rutom fyra \u00e5rs f\u00e4ngelse och skadest\u00e5nd d\u00f6ms mannen till bes\u00f6ksf\u00f6rbud och n\u00e4rmande f\u00f6rbud p\u00e5 500 meter de n\u00e4rmaste \u00e5tta \u00e5ren. Mannen d\u00f6ms \u00e4ven till att betala skadest\u00e5nd till den svenska turisten p\u00e5 25.000 euro. Mannen har redan betalat 6.000 euro.<\/p>\n<p>Ytterligare en indisk medborgare greps i samband med h\u00e4ndelsen misst\u00e4nkt f\u00f6r att inte ha ingripit och stoppat v\u00e5ldt\u00e4kten. Den personen ha friats fr\u00e5n misstankarna.<\/p>\n<h2>V\u00e5ldt\u00e4kter \u00f6kade med n\u00e4ra 86 procent<\/h2>\n<p>Under fjol\u00e5ret \u00f6kade antalet anm\u00e4lda v\u00e5ldt\u00e4kter i M\u00e1lagaprovinsen och p\u00e5 Solkusten med 85,7 procent j\u00e4mf\u00f6rt med 2021. Det intr\u00e4ffar en v\u00e5ldt\u00e4kt var fj\u00e4rde dag. Det visar siffror fr\u00e5n Inrikesdepartementet. J\u00e4mf\u00f6rt med 2019 och f\u00f6re pandemin \u00e4r \u00f6kningen 116,7 procent.<\/p>\n<p>Sexualbrotten har \u00f6kat sedan 2014. Mycket p\u00e5 grund av att allm\u00e4nhetens medvetenhet och st\u00f6rre vilja hos offren att anm\u00e4la. Enligt siffror \u00e4r det 80 procent av sexualbrotten som klaras upp, skriver <a href=\"https:\/\/www.malagahoy.es\/provincia\/prision-abusos-sexuales-turista-sueca-Fuengirola_0_1788721469.html\">M\u00e1laga Hoy.<\/a><\/p>\n","protected":false},"excerpt":{"rendered":"<p>En indisk medborgare d\u00f6ms till fyra \u00e5rs f\u00e4ngelse f\u00f6r att ha v\u00e5ldtagit en 40-\u00e5rig svensk kvinna i Fuengirola i mars 2018. Kvinnan var p\u00e5 semester&#8230;<\/p>\n","protected":false},"author":7,"featured_media":63382,"comment_status":"open","ping_status":"closed","sticky":false,"template":"","format":"standard","meta":{"_et_pb_use_builder":"","_et_pb_old_content":"","_et_gb_content_width":"","footnotes":""},"categories":[395,3],"tags":[],"class_list":["post-63380","post","type-post","status-publish","format-standard","has-post-thumbnail","hentry","category-arkiv-nyheter","category-nyheter"],"yoast_head":"<!-- This site is optimized with the Yoast SEO Premium plugin v26.2 (Yoast SEO v27.4) - https:\/\/yoast.com\/product\/yoast-seo-premium-wordpress\/ -->\n<title>Indisk medborgare f\u00e5r fyra \u00e5rs f\u00e4ngelse efter v\u00e5ldt\u00e4kt p\u00e5 svensk turist - Svenska Magasinet<\/title>\n<meta name=\"description\" content=\"En indisk medborgare d\u00f6ms till fyra \u00e5rs f\u00e4ngelse f\u00f6r att ha v\u00e5ldtagit en 40-\u00e5rig svensk kvinna i Fuengirola i mars 2018. Kvinnan var p\u00e5 semester n\u00e4r hon blev v\u00e5ldtagen efter ett krogbes\u00f6k. \u00c5klagaren hade yrkat p\u00e5 nio \u00e5rs f\u00e4ngelse.\" \/>\n<meta name=\"robots\" content=\"noindex, follow, max-snippet:-1, max-image-preview:large, max-video-preview:-1\" \/>\n<meta property=\"og:locale\" content=\"sv_SE\" \/>\n<meta property=\"og:type\" content=\"article\" \/>\n<meta property=\"og:title\" content=\"Indisk medborgare f\u00e5r fyra \u00e5rs f\u00e4ngelse efter v\u00e5ldt\u00e4kt p\u00e5 svensk turist\" \/>\n<meta property=\"og:description\" content=\"En indisk medborgare d\u00f6ms till fyra \u00e5rs f\u00e4ngelse f\u00f6r att ha v\u00e5ldtagit en 40-\u00e5rig svensk kvinna i Fuengirola i mars 2018. Kvinnan var p\u00e5 semester n\u00e4r hon blev v\u00e5ldtagen efter ett krogbes\u00f6k. \u00c5klagaren hade yrkat p\u00e5 nio \u00e5rs f\u00e4ngelse.\" \/>\n<meta property=\"og:url\" content=\"https:\/\/lightweb.dev\/l\/svm-temp\/nyheter\/indisk-medborgare-far-fyra-ars-fangelse-efter-valdtakt-pa-svensk-turist\/\" \/>\n<meta property=\"og:site_name\" content=\"Svenska Magasinet\" \/>\n<meta property=\"article:publisher\" content=\"https:\/\/www.facebook.com\/svenskamagasinet\" \/>\n<meta property=\"article:published_time\" content=\"2023-05-01T07:57:58+00:00\" \/>\n<meta property=\"article:modified_time\" content=\"2023-05-01T08:06:35+00:00\" \/>\n<meta property=\"og:image\" content=\"https:\/\/lightweb.dev\/l\/svm-temp\/wp-content\/uploads\/2023\/05\/IMG-0454-stor.jpeg\" \/>\n\t<meta property=\"og:image:width\" content=\"1280\" \/>\n\t<meta property=\"og:image:height\" content=\"960\" \/>\n\t<meta property=\"og:image:type\" content=\"image\/jpeg\" \/>\n<meta name=\"author\" content=\"Ola Josefsson\" \/>\n<meta name=\"twitter:card\" content=\"summary_large_image\" \/>\n<meta name=\"twitter:creator\" content=\"@SvenskaMagasine\" \/>\n<meta name=\"twitter:site\" content=\"@SvenskaMagasine\" \/>\n<script type=\"application\/ld+json\" class=\"yoast-schema-graph\">{\"@context\":\"https:\\\/\\\/schema.org\",\"@graph\":[{\"@type\":\"Article\",\"@id\":\"https:\\\/\\\/lightweb.dev\\\/l\\\/svm-temp\\\/nyheter\\\/indisk-medborgare-far-fyra-ars-fangelse-efter-valdtakt-pa-svensk-turist\\\/#article\",\"isPartOf\":{\"@id\":\"https:\\\/\\\/lightweb.dev\\\/l\\\/svm-temp\\\/nyheter\\\/indisk-medborgare-far-fyra-ars-fangelse-efter-valdtakt-pa-svensk-turist\\\/\"},\"author\":{\"name\":\"Ola Josefsson\",\"@id\":\"https:\\\/\\\/lightweb.dev\\\/l\\\/svm-temp\\\/#\\\/schema\\\/person\\\/7a82b8a73d171d32360a564b6d03508e\"},\"headline\":\"Indisk medborgare f\u00e5r fyra \u00e5rs f\u00e4ngelse efter v\u00e5ldt\u00e4kt p\u00e5 svensk turist\",\"datePublished\":\"2023-05-01T07:57:58+00:00\",\"dateModified\":\"2023-05-01T08:06:35+00:00\",\"mainEntityOfPage\":{\"@id\":\"https:\\\/\\\/lightweb.dev\\\/l\\\/svm-temp\\\/nyheter\\\/indisk-medborgare-far-fyra-ars-fangelse-efter-valdtakt-pa-svensk-turist\\\/\"},\"wordCount\":340,\"commentCount\":0,\"publisher\":{\"@id\":\"https:\\\/\\\/lightweb.dev\\\/l\\\/svm-temp\\\/#organization\"},\"image\":{\"@id\":\"https:\\\/\\\/lightweb.dev\\\/l\\\/svm-temp\\\/nyheter\\\/indisk-medborgare-far-fyra-ars-fangelse-efter-valdtakt-pa-svensk-turist\\\/#primaryimage\"},\"thumbnailUrl\":\"https:\\\/\\\/lightweb.dev\\\/l\\\/svm-temp\\\/wp-content\\\/uploads\\\/2023\\\/05\\\/IMG-0454-stor.jpeg\",\"articleSection\":[\"Arkiv\",\"Nyheter\"],\"inLanguage\":\"sv-SE\"},{\"@type\":\"WebPage\",\"@id\":\"https:\\\/\\\/lightweb.dev\\\/l\\\/svm-temp\\\/nyheter\\\/indisk-medborgare-far-fyra-ars-fangelse-efter-valdtakt-pa-svensk-turist\\\/\",\"url\":\"https:\\\/\\\/lightweb.dev\\\/l\\\/svm-temp\\\/nyheter\\\/indisk-medborgare-far-fyra-ars-fangelse-efter-valdtakt-pa-svensk-turist\\\/\",\"name\":\"Indisk medborgare f\u00e5r fyra \u00e5rs f\u00e4ngelse efter v\u00e5ldt\u00e4kt p\u00e5 svensk turist - Svenska Magasinet\",\"isPartOf\":{\"@id\":\"https:\\\/\\\/lightweb.dev\\\/l\\\/svm-temp\\\/#website\"},\"primaryImageOfPage\":{\"@id\":\"https:\\\/\\\/lightweb.dev\\\/l\\\/svm-temp\\\/nyheter\\\/indisk-medborgare-far-fyra-ars-fangelse-efter-valdtakt-pa-svensk-turist\\\/#primaryimage\"},\"image\":{\"@id\":\"https:\\\/\\\/lightweb.dev\\\/l\\\/svm-temp\\\/nyheter\\\/indisk-medborgare-far-fyra-ars-fangelse-efter-valdtakt-pa-svensk-turist\\\/#primaryimage\"},\"thumbnailUrl\":\"https:\\\/\\\/lightweb.dev\\\/l\\\/svm-temp\\\/wp-content\\\/uploads\\\/2023\\\/05\\\/IMG-0454-stor.jpeg\",\"datePublished\":\"2023-05-01T07:57:58+00:00\",\"dateModified\":\"2023-05-01T08:06:35+00:00\",\"description\":\"En indisk medborgare d\u00f6ms till fyra \u00e5rs f\u00e4ngelse f\u00f6r att ha v\u00e5ldtagit en 40-\u00e5rig svensk kvinna i Fuengirola i mars 2018. Kvinnan var p\u00e5 semester n\u00e4r hon blev v\u00e5ldtagen efter ett krogbes\u00f6k. \u00c5klagaren hade yrkat p\u00e5 nio \u00e5rs f\u00e4ngelse.\",\"breadcrumb\":{\"@id\":\"https:\\\/\\\/lightweb.dev\\\/l\\\/svm-temp\\\/nyheter\\\/indisk-medborgare-far-fyra-ars-fangelse-efter-valdtakt-pa-svensk-turist\\\/#breadcrumb\"},\"inLanguage\":\"sv-SE\",\"potentialAction\":[{\"@type\":\"ReadAction\",\"target\":[\"https:\\\/\\\/lightweb.dev\\\/l\\\/svm-temp\\\/nyheter\\\/indisk-medborgare-far-fyra-ars-fangelse-efter-valdtakt-pa-svensk-turist\\\/\"]}]},{\"@type\":\"ImageObject\",\"inLanguage\":\"sv-SE\",\"@id\":\"https:\\\/\\\/lightweb.dev\\\/l\\\/svm-temp\\\/nyheter\\\/indisk-medborgare-far-fyra-ars-fangelse-efter-valdtakt-pa-svensk-turist\\\/#primaryimage\",\"url\":\"https:\\\/\\\/lightweb.dev\\\/l\\\/svm-temp\\\/wp-content\\\/uploads\\\/2023\\\/05\\\/IMG-0454-stor.jpeg\",\"contentUrl\":\"https:\\\/\\\/lightweb.dev\\\/l\\\/svm-temp\\\/wp-content\\\/uploads\\\/2023\\\/05\\\/IMG-0454-stor.jpeg\",\"width\":1280,\"height\":960},{\"@type\":\"BreadcrumbList\",\"@id\":\"https:\\\/\\\/lightweb.dev\\\/l\\\/svm-temp\\\/nyheter\\\/indisk-medborgare-far-fyra-ars-fangelse-efter-valdtakt-pa-svensk-turist\\\/#breadcrumb\",\"itemListElement\":[{\"@type\":\"ListItem\",\"position\":1,\"name\":\"Hem\",\"item\":\"https:\\\/\\\/lightweb.dev\\\/l\\\/svm-temp\\\/\"},{\"@type\":\"ListItem\",\"position\":2,\"name\":\"Indisk medborgare f\u00e5r fyra \u00e5rs f\u00e4ngelse efter v\u00e5ldt\u00e4kt p\u00e5 svensk turist\"}]},{\"@type\":\"WebSite\",\"@id\":\"https:\\\/\\\/lightweb.dev\\\/l\\\/svm-temp\\\/#website\",\"url\":\"https:\\\/\\\/lightweb.dev\\\/l\\\/svm-temp\\\/\",\"name\":\"Svenska Magasinet\",\"description\":\"Dina Spanska nyheter p&aring; Svenska\",\"publisher\":{\"@id\":\"https:\\\/\\\/lightweb.dev\\\/l\\\/svm-temp\\\/#organization\"},\"potentialAction\":[{\"@type\":\"SearchAction\",\"target\":{\"@type\":\"EntryPoint\",\"urlTemplate\":\"https:\\\/\\\/lightweb.dev\\\/l\\\/svm-temp\\\/?s={search_term_string}\"},\"query-input\":{\"@type\":\"PropertyValueSpecification\",\"valueRequired\":true,\"valueName\":\"search_term_string\"}}],\"inLanguage\":\"sv-SE\"},{\"@type\":\"Organization\",\"@id\":\"https:\\\/\\\/lightweb.dev\\\/l\\\/svm-temp\\\/#organization\",\"name\":\"Melkerson y Nott SL\",\"alternateName\":\"Svenska Magasinet\",\"url\":\"https:\\\/\\\/lightweb.dev\\\/l\\\/svm-temp\\\/\",\"logo\":{\"@type\":\"ImageObject\",\"inLanguage\":\"sv-SE\",\"@id\":\"https:\\\/\\\/lightweb.dev\\\/l\\\/svm-temp\\\/#\\\/schema\\\/logo\\\/image\\\/\",\"url\":\"https:\\\/\\\/lightweb.dev\\\/l\\\/svm-temp\\\/wp-content\\\/uploads\\\/2025\\\/02\\\/SvM-logo-Xtra-Centrerad-SVART.png\",\"contentUrl\":\"https:\\\/\\\/lightweb.dev\\\/l\\\/svm-temp\\\/wp-content\\\/uploads\\\/2025\\\/02\\\/SvM-logo-Xtra-Centrerad-SVART.png\",\"width\":300,\"height\":99,\"caption\":\"Melkerson y Nott SL\"},\"image\":{\"@id\":\"https:\\\/\\\/lightweb.dev\\\/l\\\/svm-temp\\\/#\\\/schema\\\/logo\\\/image\\\/\"},\"sameAs\":[\"https:\\\/\\\/www.facebook.com\\\/svenskamagasinet\",\"https:\\\/\\\/x.com\\\/SvenskaMagasine\"]},{\"@type\":\"Person\",\"@id\":\"https:\\\/\\\/lightweb.dev\\\/l\\\/svm-temp\\\/#\\\/schema\\\/person\\\/7a82b8a73d171d32360a564b6d03508e\",\"name\":\"Ola Josefsson\",\"description\":\"Bevakar Solkusten och Spanien sedan 1994.\",\"sameAs\":[\"https:\\\/\\\/lightweb.dev\\\/l\\\/svm-temp\"],\"url\":\"https:\\\/\\\/lightweb.dev\\\/l\\\/svm-temp\\\/reporter\\\/ola-josefsson\\\/\"}]}<\/script>\n<!-- \/ Yoast SEO Premium plugin. -->","yoast_head_json":{"title":"Indisk medborgare f\u00e5r fyra \u00e5rs f\u00e4ngelse efter v\u00e5ldt\u00e4kt p\u00e5 svensk turist - Svenska Magasinet","description":"En indisk medborgare d\u00f6ms till fyra \u00e5rs f\u00e4ngelse f\u00f6r att ha v\u00e5ldtagit en 40-\u00e5rig svensk kvinna i Fuengirola i mars 2018. Kvinnan var p\u00e5 semester n\u00e4r hon blev v\u00e5ldtagen efter ett krogbes\u00f6k. \u00c5klagaren hade yrkat p\u00e5 nio \u00e5rs f\u00e4ngelse.","robots":{"index":"noindex","follow":"follow","max-snippet":"max-snippet:-1","max-image-preview":"max-image-preview:large","max-video-preview":"max-video-preview:-1"},"og_locale":"sv_SE","og_type":"article","og_title":"Indisk medborgare f\u00e5r fyra \u00e5rs f\u00e4ngelse efter v\u00e5ldt\u00e4kt p\u00e5 svensk turist","og_description":"En indisk medborgare d\u00f6ms till fyra \u00e5rs f\u00e4ngelse f\u00f6r att ha v\u00e5ldtagit en 40-\u00e5rig svensk kvinna i Fuengirola i mars 2018. Kvinnan var p\u00e5 semester n\u00e4r hon blev v\u00e5ldtagen efter ett krogbes\u00f6k. \u00c5klagaren hade yrkat p\u00e5 nio \u00e5rs f\u00e4ngelse.","og_url":"https:\/\/lightweb.dev\/l\/svm-temp\/nyheter\/indisk-medborgare-far-fyra-ars-fangelse-efter-valdtakt-pa-svensk-turist\/","og_site_name":"Svenska Magasinet","article_publisher":"https:\/\/www.facebook.com\/svenskamagasinet","article_published_time":"2023-05-01T07:57:58+00:00","article_modified_time":"2023-05-01T08:06:35+00:00","og_image":[{"width":1280,"height":960,"url":"https:\/\/lightweb.dev\/l\/svm-temp\/wp-content\/uploads\/2023\/05\/IMG-0454-stor.jpeg","type":"image\/jpeg"}],"author":"Ola Josefsson","twitter_card":"summary_large_image","twitter_creator":"@SvenskaMagasine","twitter_site":"@SvenskaMagasine","schema":{"@context":"https:\/\/schema.org","@graph":[{"@type":"Article","@id":"https:\/\/lightweb.dev\/l\/svm-temp\/nyheter\/indisk-medborgare-far-fyra-ars-fangelse-efter-valdtakt-pa-svensk-turist\/#article","isPartOf":{"@id":"https:\/\/lightweb.dev\/l\/svm-temp\/nyheter\/indisk-medborgare-far-fyra-ars-fangelse-efter-valdtakt-pa-svensk-turist\/"},"author":{"name":"Ola Josefsson","@id":"https:\/\/lightweb.dev\/l\/svm-temp\/#\/schema\/person\/7a82b8a73d171d32360a564b6d03508e"},"headline":"Indisk medborgare f\u00e5r fyra \u00e5rs f\u00e4ngelse efter v\u00e5ldt\u00e4kt p\u00e5 svensk turist","datePublished":"2023-05-01T07:57:58+00:00","dateModified":"2023-05-01T08:06:35+00:00","mainEntityOfPage":{"@id":"https:\/\/lightweb.dev\/l\/svm-temp\/nyheter\/indisk-medborgare-far-fyra-ars-fangelse-efter-valdtakt-pa-svensk-turist\/"},"wordCount":340,"commentCount":0,"publisher":{"@id":"https:\/\/lightweb.dev\/l\/svm-temp\/#organization"},"image":{"@id":"https:\/\/lightweb.dev\/l\/svm-temp\/nyheter\/indisk-medborgare-far-fyra-ars-fangelse-efter-valdtakt-pa-svensk-turist\/#primaryimage"},"thumbnailUrl":"https:\/\/lightweb.dev\/l\/svm-temp\/wp-content\/uploads\/2023\/05\/IMG-0454-stor.jpeg","articleSection":["Arkiv","Nyheter"],"inLanguage":"sv-SE"},{"@type":"WebPage","@id":"https:\/\/lightweb.dev\/l\/svm-temp\/nyheter\/indisk-medborgare-far-fyra-ars-fangelse-efter-valdtakt-pa-svensk-turist\/","url":"https:\/\/lightweb.dev\/l\/svm-temp\/nyheter\/indisk-medborgare-far-fyra-ars-fangelse-efter-valdtakt-pa-svensk-turist\/","name":"Indisk medborgare f\u00e5r fyra \u00e5rs f\u00e4ngelse efter v\u00e5ldt\u00e4kt p\u00e5 svensk turist - Svenska Magasinet","isPartOf":{"@id":"https:\/\/lightweb.dev\/l\/svm-temp\/#website"},"primaryImageOfPage":{"@id":"https:\/\/lightweb.dev\/l\/svm-temp\/nyheter\/indisk-medborgare-far-fyra-ars-fangelse-efter-valdtakt-pa-svensk-turist\/#primaryimage"},"image":{"@id":"https:\/\/lightweb.dev\/l\/svm-temp\/nyheter\/indisk-medborgare-far-fyra-ars-fangelse-efter-valdtakt-pa-svensk-turist\/#primaryimage"},"thumbnailUrl":"https:\/\/lightweb.dev\/l\/svm-temp\/wp-content\/uploads\/2023\/05\/IMG-0454-stor.jpeg","datePublished":"2023-05-01T07:57:58+00:00","dateModified":"2023-05-01T08:06:35+00:00","description":"En indisk medborgare d\u00f6ms till fyra \u00e5rs f\u00e4ngelse f\u00f6r att ha v\u00e5ldtagit en 40-\u00e5rig svensk kvinna i Fuengirola i mars 2018. Kvinnan var p\u00e5 semester n\u00e4r hon blev v\u00e5ldtagen efter ett krogbes\u00f6k. \u00c5klagaren hade yrkat p\u00e5 nio \u00e5rs f\u00e4ngelse.","breadcrumb":{"@id":"https:\/\/lightweb.dev\/l\/svm-temp\/nyheter\/indisk-medborgare-far-fyra-ars-fangelse-efter-valdtakt-pa-svensk-turist\/#breadcrumb"},"inLanguage":"sv-SE","potentialAction":[{"@type":"ReadAction","target":["https:\/\/lightweb.dev\/l\/svm-temp\/nyheter\/indisk-medborgare-far-fyra-ars-fangelse-efter-valdtakt-pa-svensk-turist\/"]}]},{"@type":"ImageObject","inLanguage":"sv-SE","@id":"https:\/\/lightweb.dev\/l\/svm-temp\/nyheter\/indisk-medborgare-far-fyra-ars-fangelse-efter-valdtakt-pa-svensk-turist\/#primaryimage","url":"https:\/\/lightweb.dev\/l\/svm-temp\/wp-content\/uploads\/2023\/05\/IMG-0454-stor.jpeg","contentUrl":"https:\/\/lightweb.dev\/l\/svm-temp\/wp-content\/uploads\/2023\/05\/IMG-0454-stor.jpeg","width":1280,"height":960},{"@type":"BreadcrumbList","@id":"https:\/\/lightweb.dev\/l\/svm-temp\/nyheter\/indisk-medborgare-far-fyra-ars-fangelse-efter-valdtakt-pa-svensk-turist\/#breadcrumb","itemListElement":[{"@type":"ListItem","position":1,"name":"Hem","item":"https:\/\/lightweb.dev\/l\/svm-temp\/"},{"@type":"ListItem","position":2,"name":"Indisk medborgare f\u00e5r fyra \u00e5rs f\u00e4ngelse efter v\u00e5ldt\u00e4kt p\u00e5 svensk turist"}]},{"@type":"WebSite","@id":"https:\/\/lightweb.dev\/l\/svm-temp\/#website","url":"https:\/\/lightweb.dev\/l\/svm-temp\/","name":"Svenska Magasinet","description":"Dina Spanska nyheter p&aring; Svenska","publisher":{"@id":"https:\/\/lightweb.dev\/l\/svm-temp\/#organization"},"potentialAction":[{"@type":"SearchAction","target":{"@type":"EntryPoint","urlTemplate":"https:\/\/lightweb.dev\/l\/svm-temp\/?s={search_term_string}"},"query-input":{"@type":"PropertyValueSpecification","valueRequired":true,"valueName":"search_term_string"}}],"inLanguage":"sv-SE"},{"@type":"Organization","@id":"https:\/\/lightweb.dev\/l\/svm-temp\/#organization","name":"Melkerson y Nott SL","alternateName":"Svenska Magasinet","url":"https:\/\/lightweb.dev\/l\/svm-temp\/","logo":{"@type":"ImageObject","inLanguage":"sv-SE","@id":"https:\/\/lightweb.dev\/l\/svm-temp\/#\/schema\/logo\/image\/","url":"https:\/\/lightweb.dev\/l\/svm-temp\/wp-content\/uploads\/2025\/02\/SvM-logo-Xtra-Centrerad-SVART.png","contentUrl":"https:\/\/lightweb.dev\/l\/svm-temp\/wp-content\/uploads\/2025\/02\/SvM-logo-Xtra-Centrerad-SVART.png","width":300,"height":99,"caption":"Melkerson y Nott SL"},"image":{"@id":"https:\/\/lightweb.dev\/l\/svm-temp\/#\/schema\/logo\/image\/"},"sameAs":["https:\/\/www.facebook.com\/svenskamagasinet","https:\/\/x.com\/SvenskaMagasine"]},{"@type":"Person","@id":"https:\/\/lightweb.dev\/l\/svm-temp\/#\/schema\/person\/7a82b8a73d171d32360a564b6d03508e","name":"Ola Josefsson","description":"Bevakar Solkusten och Spanien sedan 1994.","sameAs":["https:\/\/lightweb.dev\/l\/svm-temp"],"url":"https:\/\/lightweb.dev\/l\/svm-temp\/reporter\/ola-josefsson\/"}]}},"_links":{"self":[{"href":"https:\/\/lightweb.dev\/l\/svm-temp\/wp-json\/wp\/v2\/posts\/63380","targetHints":{"allow":["GET"]}}],"collection":[{"href":"https:\/\/lightweb.dev\/l\/svm-temp\/wp-json\/wp\/v2\/posts"}],"about":[{"href":"https:\/\/lightweb.dev\/l\/svm-temp\/wp-json\/wp\/v2\/types\/post"}],"author":[{"embeddable":true,"href":"https:\/\/lightweb.dev\/l\/svm-temp\/wp-json\/wp\/v2\/users\/7"}],"replies":[{"embeddable":true,"href":"https:\/\/lightweb.dev\/l\/svm-temp\/wp-json\/wp\/v2\/comments?post=63380"}],"version-history":[{"count":0,"href":"https:\/\/lightweb.dev\/l\/svm-temp\/wp-json\/wp\/v2\/posts\/63380\/revisions"}],"wp:featuredmedia":[{"embeddable":true,"href":"https:\/\/lightweb.dev\/l\/svm-temp\/wp-json\/wp\/v2\/media\/63382"}],"wp:attachment":[{"href":"https:\/\/lightweb.dev\/l\/svm-temp\/wp-json\/wp\/v2\/media?parent=63380"}],"wp:term":[{"taxonomy":"category","embeddable":true,"href":"https:\/\/lightweb.dev\/l\/svm-temp\/wp-json\/wp\/v2\/categories?post=63380"},{"taxonomy":"post_tag","embeddable":true,"href":"https:\/\/lightweb.dev\/l\/svm-temp\/wp-json\/wp\/v2\/tags?post=63380"}],"curies":[{"name":"wp","href":"https:\/\/api.w.org\/{rel}","templated":true}]}}