{"id":6364,"date":"2017-12-11T00:00:00","date_gmt":"2017-12-10T23:00:00","guid":{"rendered":"https:\/\/lightweb.dev\/l\/svm-temp\/spanien-just-nu-fake-news\/"},"modified":"2017-12-11T00:00:00","modified_gmt":"2017-12-10T23:00:00","slug":"spanien-just-nu-fake-news","status":"publish","type":"post","link":"https:\/\/lightweb.dev\/l\/svm-temp\/artiklar\/spanien-just-nu-fake-news\/","title":{"rendered":"Spanien just nu \u2013 fake news"},"content":{"rendered":"<p> \u201dFake news\u201d har blivit utsett till \u00e5rets ord i det engelska spr\u00e5ket. Med Katalonienkonflikten blev \u201dfake news\u201d eller \u201dfalska nyheter\u201d en het potatis \u00e4ven i Spanien. Unders\u00f6kningar visar att vi f\u00e5r l\u00e4ra oss att leva med \u201dfake news\u201d, det finns inget botemedel. Av Ola Josefsson<br \/>\nTwitter: @JosefssonOla<\/p>\n<p>Den som l\u00e4ser utl\u00e4ndsk gratismedia p\u00e5 Costa del Sol eller Costa Tropical l\u00e4gger snart m\u00e4rke till att en del \u00e4r direkt d\u00e5liga med att ange k\u00e4llor. Notiser och nyheter som skrivs saknar k\u00e4llh\u00e4nvisning. K\u00e4llkritik \u00e4r den fr\u00e4msta och finmaskiga silen som hj\u00e4lper oss att skilja nyheter fr\u00e5n \u201dfake news\u201d.<\/p>\n<p>Med den digitala revolutionen, sociala n\u00e4tverk och webbplatser sprids information med blixtens hastighet. Aldrig n\u00e5gonsin har det varit viktigare att rensa och sila i fl\u00f6det. Det l\u00e4r inte bli b\u00e4ttre. N\u00e4r Pew Research Center fr\u00e5gade tusen experter p\u00e5 internet uppgav 51 procent att det inte blir n\u00e5gra f\u00f6r\u00e4ndringar.<\/p>\n<p>I Sverige har det varit en tradition med att publicera en eller flera p\u00e5hittade historier 1 april. Ifjol slutade flera tidningar med aprilsk\u00e4mt. En kul tradition gick i graven p\u00e5 grund av \u201dfejk news\u201d. Kanske inte helt \u00f6verraskande i ett \u00e4ngsligt Sverige.<\/p>\n<p>Vad \u00e4r \u201dFake news\u201d? Nyligen publicerades nyheten att ur font\u00e4nen p\u00e5 plaza de Unamuno i Bilbao fl\u00f6dade det kalimotxo. Baskiens egen sangria eller tinto verano d\u00e4r man mixar r\u00f6dvin och Coca-Cola. En del medier kopplar automatiskt ihop \u201dfake news\u201d med Trumpadministrationen. Det finns m\u00e5nga som \u00e4gnar sig \u00e5t att snickra ihop vilseledande nyheter som ska tj\u00e4na vissa syften.<\/p>\n<p>Under h\u00f6stens Katalonienkonflikt publicerades det tveksamma och h\u00e5rt vinklade nyheter d\u00e4r avs\u00e4ndaren var Ryssland. Russia Today och Sputnik beskrev Spanien som ett odemokratiskt land, en auktorit\u00e4r stat j\u00e4mf\u00f6rt med frihetens Katalonien. De gick i katalanska upprorsmakares led. Som ett mantra upprepades de katalanska separatisternas slagord. Ett instabilt Europa som faller itu inifr\u00e5n \u00e4r en dr\u00f6m f\u00f6r ryska ultranationalister.<br \/>\nDet spanska regeringskansliet La Moncloa ber\u00e4ttar hur skr\u00e4pmeddelanden publicerades p\u00e5 sociala n\u00e4tverk med m\u00e5let att misskreditera spansk demokrati. 55 procent kom fr\u00e5n Ryssland och 30 procent fr\u00e5n Venezuela.<br \/>\nOfficiellt har b\u00e5de Kreml och den ryska regeringen bekr\u00e4ftat sitt st\u00f6d till Spanien att Katalonienkonflikten \u00e4r en intern fr\u00e5ga i Madrid. Rysslands ambassad\u00f6r i Spanien, Yuri Korchaguin, har varit kritisk till uttalanden om \u201drysk inblandning i Katalonienkonflikten\u201d och kallar det f\u00f6r \u201dfarlig och felaktig populism\u201d.<br \/>\nVanligast \u00e4r att vi f\u00f6rknippar populism med politiker. Populism frodas \u00e4ven bland journalister med enkla l\u00f6sningar f\u00f6r komplicerade problem.<\/p>\n<p>Studien \u201dTrust in news\u201d fr\u00e5n konsultfirman Kantar konstaterar att de sociala n\u00e4tverkens trov\u00e4rdighet \u00e4r som bortbl\u00e5st. Elsa Gonz\u00e1lez, president vid spanska journalistf\u00f6rbundet FAPE (Federaci\u00f3n de Asociaciones de la Prensa de Espa\u00f1a) beskriver de sociala n\u00e4tverken som en uteplats d\u00e4r alla s\u00e4ger vad de t\u00e4nker och tycker utan bekr\u00e4ftad trov\u00e4rdighet eller sanningshalt.<\/p>\n<p>Samuel Negredo, professor vid fakulteten f\u00f6r medier och kommunikation vid Navarra universitet, menar att den traditionella journalistiken forts\u00e4tter att vara den mest tillf\u00f6rlitliga f\u00f6r den digitala spanska publiken. 51 procent av spanjorerna litar p\u00e5 nyheterna medan 24 procent tvekar.<br \/>\nP\u00e5 fr\u00e5gan om traditionella medier kan bidra till att skilja p\u00e5 nyheter och \u201dfake news\u201d uppger 46 procent att de har f\u00f6rtroende f\u00f6r traditionell media medan 21 procent menar att de inte uppfyller sitt uppdrag korrekt. Andelen som tror att det sk\u00f6ts korrekt sjunker till 36 procent n\u00e4r internetanv\u00e4ndare fr\u00e5gas om det som publiceras p\u00e5 internet.<\/p>\n<p>I studien fr\u00e5n Kantar ing\u00e5r intervjuer med 8.000 personer i Brasilien, Frankrike, Storbritannien och USA. Sex av tio uppger att politiska utspel under valtider brister i trov\u00e4rdighet.<\/p>\n<p>\u00c4ven EU-kommissionen oroas \u00f6ver allt fler felaktiga nyheter som sprids p\u00e5 n\u00e4tet. De vill f\u00f6rb\u00e4ttra f\u00f6r EU-inv\u00e5nare att hitta tillf\u00f6rlitliga och verifierade nyheter f\u00f6r att f\u00f6rhindra spridning av desinformation.<br \/>\nSpanska journalistf\u00f6rbundets president Elsa Gonz\u00e1lez menar att \u00e4ven politiker missbrukar Facebook och Twitter vilket g\u00f6r att journalistiken blir en viktig mellanhand som ska bekr\u00e4fta och verifiera nyheter och verklighet.<br \/>\nDet \u00e4r framf\u00f6r allt yngre anv\u00e4ndare som tror att media inte kan skilja fakta fr\u00e5n fiktion. Personer mellan18 till 24 \u00e5r v\u00e4ljer att hitta sanningen p\u00e5 n\u00e4tet i st\u00e4llet f\u00f6r den traditionella pressen.<br \/>\nDet g\u00e4ller f\u00f6r traditionell media att ocks\u00e5 vara sj\u00e4lvkritisk. Ibland saknas den sj\u00e4lvkritiken. Snabba nyheter \u00e4r i regel skadliga f\u00f6r kvalit\u00e9n. Det \u00e4r bra att stanna upp, granska och f\u00e5 en nyhet eller uttalande bekr\u00e4ftad.<\/p>\n<p>S\u00e5 finns det \u201dfake news\u201d som har slagit igenom stort. Som att Jesus f\u00f6ddes den 25 december n\u00e4r han f\u00f6ddes n\u00e5gon g\u00e5ng p\u00e5 h\u00f6sten. Det st\u00e5r inte i bibeln n\u00e4r Jesus f\u00f6ddes eller att hans f\u00f6delse skulle firas.<\/p>\n<p>F\u00f6r att blidka hedningarna och som motvikt till firandet 25 december av solguden som romersk riksgudomlighet, dies natalis solis invicti (den o\u00f6vervinneliga solens f\u00f6delsedag) best\u00e4mde de kristna kyrkof\u00e4derna p\u00e5 300-talet att Jesus var f\u00f6dd den 25 december. En \u201dfake news\u201d som har p\u00e5verkat hela v\u00e4rlden.<\/p>\n<p>Snacka om genomslag!<\/p>\n","protected":false},"excerpt":{"rendered":"<p>\u201dFake news\u201d har blivit utsett till \u00e5rets ord i det engelska spr\u00e5ket. Med Katalonienkonflikten blev \u201dfake news\u201d eller \u201dfalska nyheter\u201d en het potatis \u00e4ven i Spanien. Unders\u00f6kningar visar att vi f\u00e5r l\u00e4ra oss att leva med \u201dfake news\u201d, det finns inget botemedel. Av Ola Josefsson Twitter: @JosefssonOla Den som l\u00e4ser utl\u00e4ndsk gratismedia p\u00e5 Costa del [&hellip;]<\/p>\n","protected":false},"author":8,"featured_media":6365,"comment_status":"open","ping_status":"open","sticky":false,"template":"","format":"standard","meta":{"_et_pb_use_builder":"","_et_pb_old_content":"","_et_gb_content_width":"","footnotes":""},"categories":[4,36],"tags":[],"class_list":["post-6364","post","type-post","status-publish","format-standard","has-post-thumbnail","hentry","category-artiklar","category-spanien-just-nu"],"yoast_head":"<!-- This site is optimized with the Yoast SEO Premium plugin v26.2 (Yoast SEO v28.2) - https:\/\/yoast.com\/product\/yoast-seo-premium-wordpress\/ -->\n<title>Spanien just nu \u2013 fake news - Svenska Magasinet<\/title>\n<meta name=\"robots\" content=\"noindex, follow, max-snippet:-1, max-image-preview:large, max-video-preview:-1\" \/>\n<meta property=\"og:locale\" content=\"sv_SE\" \/>\n<meta property=\"og:type\" content=\"article\" \/>\n<meta property=\"og:title\" content=\"Spanien just nu \u2013 fake news\" \/>\n<meta property=\"og:description\" content=\"\u201dFake news\u201d har blivit utsett till \u00e5rets ord i det engelska spr\u00e5ket. Med Katalonienkonflikten blev \u201dfake news\u201d eller \u201dfalska nyheter\u201d en het potatis \u00e4ven i Spanien. Unders\u00f6kningar visar att vi f\u00e5r l\u00e4ra oss att leva med \u201dfake news\u201d, det finns inget botemedel. Av Ola Josefsson Twitter: @JosefssonOla Den som l\u00e4ser utl\u00e4ndsk gratismedia p\u00e5 Costa del [&hellip;]\" \/>\n<meta property=\"og:url\" content=\"https:\/\/lightweb.dev\/l\/svm-temp\/artiklar\/spanien-just-nu-fake-news\/\" \/>\n<meta property=\"og:site_name\" content=\"Svenska Magasinet\" \/>\n<meta property=\"article:publisher\" content=\"https:\/\/www.facebook.com\/svenskamagasinet\" \/>\n<meta property=\"article:published_time\" content=\"2017-12-10T23:00:00+00:00\" \/>\n<meta property=\"og:image\" content=\"https:\/\/lightweb.dev\/l\/svm-temp\/wp-content\/uploads\/2022\/04\/spanien-just-nu-fake-news.png\" \/>\n\t<meta property=\"og:image:width\" content=\"299\" \/>\n\t<meta property=\"og:image:height\" content=\"200\" \/>\n\t<meta property=\"og:image:type\" content=\"image\/png\" \/>\n<meta name=\"author\" content=\"Redaktionen SvM\" \/>\n<meta name=\"twitter:card\" content=\"summary_large_image\" \/>\n<meta name=\"twitter:creator\" content=\"@SvenskaMagasine\" \/>\n<meta name=\"twitter:site\" content=\"@SvenskaMagasine\" \/>\n<script type=\"application\/ld+json\" class=\"yoast-schema-graph\">{\"@context\":\"https:\\\/\\\/schema.org\",\"@graph\":[{\"@type\":\"Article\",\"@id\":\"https:\\\/\\\/lightweb.dev\\\/l\\\/svm-temp\\\/artiklar\\\/spanien-just-nu-fake-news\\\/#article\",\"isPartOf\":{\"@id\":\"https:\\\/\\\/lightweb.dev\\\/l\\\/svm-temp\\\/artiklar\\\/spanien-just-nu-fake-news\\\/\"},\"author\":{\"name\":\"Redaktionen SvM\",\"@id\":\"https:\\\/\\\/lightweb.dev\\\/l\\\/svm-temp\\\/#\\\/schema\\\/person\\\/206a3bda5b607b0c25e1749191e4d837\"},\"headline\":\"Spanien just nu \u2013 fake news\",\"datePublished\":\"2017-12-10T23:00:00+00:00\",\"mainEntityOfPage\":{\"@id\":\"https:\\\/\\\/lightweb.dev\\\/l\\\/svm-temp\\\/artiklar\\\/spanien-just-nu-fake-news\\\/\"},\"wordCount\":901,\"commentCount\":0,\"publisher\":{\"@id\":\"https:\\\/\\\/lightweb.dev\\\/l\\\/svm-temp\\\/#organization\"},\"image\":{\"@id\":\"https:\\\/\\\/lightweb.dev\\\/l\\\/svm-temp\\\/artiklar\\\/spanien-just-nu-fake-news\\\/#primaryimage\"},\"thumbnailUrl\":\"https:\\\/\\\/lightweb.dev\\\/l\\\/svm-temp\\\/wp-content\\\/uploads\\\/2022\\\/04\\\/spanien-just-nu-fake-news.png\",\"articleSection\":[\"Artiklar\",\"Spanien just nu\"],\"inLanguage\":\"sv-SE\"},{\"@type\":\"WebPage\",\"@id\":\"https:\\\/\\\/lightweb.dev\\\/l\\\/svm-temp\\\/artiklar\\\/spanien-just-nu-fake-news\\\/\",\"url\":\"https:\\\/\\\/lightweb.dev\\\/l\\\/svm-temp\\\/artiklar\\\/spanien-just-nu-fake-news\\\/\",\"name\":\"Spanien just nu \u2013 fake news - Svenska Magasinet\",\"isPartOf\":{\"@id\":\"https:\\\/\\\/lightweb.dev\\\/l\\\/svm-temp\\\/#website\"},\"primaryImageOfPage\":{\"@id\":\"https:\\\/\\\/lightweb.dev\\\/l\\\/svm-temp\\\/artiklar\\\/spanien-just-nu-fake-news\\\/#primaryimage\"},\"image\":{\"@id\":\"https:\\\/\\\/lightweb.dev\\\/l\\\/svm-temp\\\/artiklar\\\/spanien-just-nu-fake-news\\\/#primaryimage\"},\"thumbnailUrl\":\"https:\\\/\\\/lightweb.dev\\\/l\\\/svm-temp\\\/wp-content\\\/uploads\\\/2022\\\/04\\\/spanien-just-nu-fake-news.png\",\"datePublished\":\"2017-12-10T23:00:00+00:00\",\"breadcrumb\":{\"@id\":\"https:\\\/\\\/lightweb.dev\\\/l\\\/svm-temp\\\/artiklar\\\/spanien-just-nu-fake-news\\\/#breadcrumb\"},\"inLanguage\":\"sv-SE\",\"potentialAction\":[{\"@type\":\"ReadAction\",\"target\":[\"https:\\\/\\\/lightweb.dev\\\/l\\\/svm-temp\\\/artiklar\\\/spanien-just-nu-fake-news\\\/\"]}]},{\"@type\":\"ImageObject\",\"inLanguage\":\"sv-SE\",\"@id\":\"https:\\\/\\\/lightweb.dev\\\/l\\\/svm-temp\\\/artiklar\\\/spanien-just-nu-fake-news\\\/#primaryimage\",\"url\":\"https:\\\/\\\/lightweb.dev\\\/l\\\/svm-temp\\\/wp-content\\\/uploads\\\/2022\\\/04\\\/spanien-just-nu-fake-news.png\",\"contentUrl\":\"https:\\\/\\\/lightweb.dev\\\/l\\\/svm-temp\\\/wp-content\\\/uploads\\\/2022\\\/04\\\/spanien-just-nu-fake-news.png\",\"width\":299,\"height\":200},{\"@type\":\"BreadcrumbList\",\"@id\":\"https:\\\/\\\/lightweb.dev\\\/l\\\/svm-temp\\\/artiklar\\\/spanien-just-nu-fake-news\\\/#breadcrumb\",\"itemListElement\":[{\"@type\":\"ListItem\",\"position\":1,\"name\":\"Hem\",\"item\":\"https:\\\/\\\/lightweb.dev\\\/l\\\/svm-temp\\\/\"},{\"@type\":\"ListItem\",\"position\":2,\"name\":\"Spanien just nu \u2013 fake news\"}]},{\"@type\":\"WebSite\",\"@id\":\"https:\\\/\\\/lightweb.dev\\\/l\\\/svm-temp\\\/#website\",\"url\":\"https:\\\/\\\/lightweb.dev\\\/l\\\/svm-temp\\\/\",\"name\":\"Svenska Magasinet\",\"description\":\"Dina Spanska nyheter p&aring; Svenska\",\"publisher\":{\"@id\":\"https:\\\/\\\/lightweb.dev\\\/l\\\/svm-temp\\\/#organization\"},\"potentialAction\":[{\"@type\":\"SearchAction\",\"target\":{\"@type\":\"EntryPoint\",\"urlTemplate\":\"https:\\\/\\\/lightweb.dev\\\/l\\\/svm-temp\\\/?s={search_term_string}\"},\"query-input\":{\"@type\":\"PropertyValueSpecification\",\"valueRequired\":true,\"valueName\":\"search_term_string\"}}],\"inLanguage\":\"sv-SE\"},{\"@type\":\"Organization\",\"@id\":\"https:\\\/\\\/lightweb.dev\\\/l\\\/svm-temp\\\/#organization\",\"name\":\"Melkerson y Nott SL\",\"alternateName\":\"Svenska Magasinet\",\"url\":\"https:\\\/\\\/lightweb.dev\\\/l\\\/svm-temp\\\/\",\"logo\":{\"@type\":\"ImageObject\",\"inLanguage\":\"sv-SE\",\"@id\":\"https:\\\/\\\/lightweb.dev\\\/l\\\/svm-temp\\\/#\\\/schema\\\/logo\\\/image\\\/\",\"url\":\"https:\\\/\\\/lightweb.dev\\\/l\\\/svm-temp\\\/wp-content\\\/uploads\\\/2025\\\/02\\\/SvM-logo-Xtra-Centrerad-SVART.png\",\"contentUrl\":\"https:\\\/\\\/lightweb.dev\\\/l\\\/svm-temp\\\/wp-content\\\/uploads\\\/2025\\\/02\\\/SvM-logo-Xtra-Centrerad-SVART.png\",\"width\":300,\"height\":99,\"caption\":\"Melkerson y Nott SL\"},\"image\":{\"@id\":\"https:\\\/\\\/lightweb.dev\\\/l\\\/svm-temp\\\/#\\\/schema\\\/logo\\\/image\\\/\"},\"sameAs\":[\"https:\\\/\\\/www.facebook.com\\\/svenskamagasinet\",\"https:\\\/\\\/x.com\\\/SvenskaMagasine\"]},{\"@type\":\"Person\",\"@id\":\"https:\\\/\\\/lightweb.dev\\\/l\\\/svm-temp\\\/#\\\/schema\\\/person\\\/206a3bda5b607b0c25e1749191e4d837\",\"name\":\"Redaktionen SvM\",\"description\":\"Redaktionen\",\"sameAs\":[\"https:\\\/\\\/lightweb.dev\\\/l\\\/svm-temp\"],\"url\":\"https:\\\/\\\/lightweb.dev\\\/l\\\/svm-temp\\\/reporter\\\/redaktionen\\\/\"}]}<\/script>\n<!-- \/ Yoast SEO Premium plugin. -->","yoast_head_json":{"title":"Spanien just nu \u2013 fake news - Svenska Magasinet","robots":{"index":"noindex","follow":"follow","max-snippet":"max-snippet:-1","max-image-preview":"max-image-preview:large","max-video-preview":"max-video-preview:-1"},"og_locale":"sv_SE","og_type":"article","og_title":"Spanien just nu \u2013 fake news","og_description":"\u201dFake news\u201d har blivit utsett till \u00e5rets ord i det engelska spr\u00e5ket. Med Katalonienkonflikten blev \u201dfake news\u201d eller \u201dfalska nyheter\u201d en het potatis \u00e4ven i Spanien. Unders\u00f6kningar visar att vi f\u00e5r l\u00e4ra oss att leva med \u201dfake news\u201d, det finns inget botemedel. Av Ola Josefsson Twitter: @JosefssonOla Den som l\u00e4ser utl\u00e4ndsk gratismedia p\u00e5 Costa del [&hellip;]","og_url":"https:\/\/lightweb.dev\/l\/svm-temp\/artiklar\/spanien-just-nu-fake-news\/","og_site_name":"Svenska Magasinet","article_publisher":"https:\/\/www.facebook.com\/svenskamagasinet","article_published_time":"2017-12-10T23:00:00+00:00","og_image":[{"width":299,"height":200,"url":"https:\/\/lightweb.dev\/l\/svm-temp\/wp-content\/uploads\/2022\/04\/spanien-just-nu-fake-news.png","type":"image\/png"}],"author":"Redaktionen SvM","twitter_card":"summary_large_image","twitter_creator":"@SvenskaMagasine","twitter_site":"@SvenskaMagasine","schema":{"@context":"https:\/\/schema.org","@graph":[{"@type":"Article","@id":"https:\/\/lightweb.dev\/l\/svm-temp\/artiklar\/spanien-just-nu-fake-news\/#article","isPartOf":{"@id":"https:\/\/lightweb.dev\/l\/svm-temp\/artiklar\/spanien-just-nu-fake-news\/"},"author":{"name":"Redaktionen SvM","@id":"https:\/\/lightweb.dev\/l\/svm-temp\/#\/schema\/person\/206a3bda5b607b0c25e1749191e4d837"},"headline":"Spanien just nu \u2013 fake news","datePublished":"2017-12-10T23:00:00+00:00","mainEntityOfPage":{"@id":"https:\/\/lightweb.dev\/l\/svm-temp\/artiklar\/spanien-just-nu-fake-news\/"},"wordCount":901,"commentCount":0,"publisher":{"@id":"https:\/\/lightweb.dev\/l\/svm-temp\/#organization"},"image":{"@id":"https:\/\/lightweb.dev\/l\/svm-temp\/artiklar\/spanien-just-nu-fake-news\/#primaryimage"},"thumbnailUrl":"https:\/\/lightweb.dev\/l\/svm-temp\/wp-content\/uploads\/2022\/04\/spanien-just-nu-fake-news.png","articleSection":["Artiklar","Spanien just nu"],"inLanguage":"sv-SE"},{"@type":"WebPage","@id":"https:\/\/lightweb.dev\/l\/svm-temp\/artiklar\/spanien-just-nu-fake-news\/","url":"https:\/\/lightweb.dev\/l\/svm-temp\/artiklar\/spanien-just-nu-fake-news\/","name":"Spanien just nu \u2013 fake news - Svenska Magasinet","isPartOf":{"@id":"https:\/\/lightweb.dev\/l\/svm-temp\/#website"},"primaryImageOfPage":{"@id":"https:\/\/lightweb.dev\/l\/svm-temp\/artiklar\/spanien-just-nu-fake-news\/#primaryimage"},"image":{"@id":"https:\/\/lightweb.dev\/l\/svm-temp\/artiklar\/spanien-just-nu-fake-news\/#primaryimage"},"thumbnailUrl":"https:\/\/lightweb.dev\/l\/svm-temp\/wp-content\/uploads\/2022\/04\/spanien-just-nu-fake-news.png","datePublished":"2017-12-10T23:00:00+00:00","breadcrumb":{"@id":"https:\/\/lightweb.dev\/l\/svm-temp\/artiklar\/spanien-just-nu-fake-news\/#breadcrumb"},"inLanguage":"sv-SE","potentialAction":[{"@type":"ReadAction","target":["https:\/\/lightweb.dev\/l\/svm-temp\/artiklar\/spanien-just-nu-fake-news\/"]}]},{"@type":"ImageObject","inLanguage":"sv-SE","@id":"https:\/\/lightweb.dev\/l\/svm-temp\/artiklar\/spanien-just-nu-fake-news\/#primaryimage","url":"https:\/\/lightweb.dev\/l\/svm-temp\/wp-content\/uploads\/2022\/04\/spanien-just-nu-fake-news.png","contentUrl":"https:\/\/lightweb.dev\/l\/svm-temp\/wp-content\/uploads\/2022\/04\/spanien-just-nu-fake-news.png","width":299,"height":200},{"@type":"BreadcrumbList","@id":"https:\/\/lightweb.dev\/l\/svm-temp\/artiklar\/spanien-just-nu-fake-news\/#breadcrumb","itemListElement":[{"@type":"ListItem","position":1,"name":"Hem","item":"https:\/\/lightweb.dev\/l\/svm-temp\/"},{"@type":"ListItem","position":2,"name":"Spanien just nu \u2013 fake news"}]},{"@type":"WebSite","@id":"https:\/\/lightweb.dev\/l\/svm-temp\/#website","url":"https:\/\/lightweb.dev\/l\/svm-temp\/","name":"Svenska Magasinet","description":"Dina Spanska nyheter p&aring; Svenska","publisher":{"@id":"https:\/\/lightweb.dev\/l\/svm-temp\/#organization"},"potentialAction":[{"@type":"SearchAction","target":{"@type":"EntryPoint","urlTemplate":"https:\/\/lightweb.dev\/l\/svm-temp\/?s={search_term_string}"},"query-input":{"@type":"PropertyValueSpecification","valueRequired":true,"valueName":"search_term_string"}}],"inLanguage":"sv-SE"},{"@type":"Organization","@id":"https:\/\/lightweb.dev\/l\/svm-temp\/#organization","name":"Melkerson y Nott SL","alternateName":"Svenska Magasinet","url":"https:\/\/lightweb.dev\/l\/svm-temp\/","logo":{"@type":"ImageObject","inLanguage":"sv-SE","@id":"https:\/\/lightweb.dev\/l\/svm-temp\/#\/schema\/logo\/image\/","url":"https:\/\/lightweb.dev\/l\/svm-temp\/wp-content\/uploads\/2025\/02\/SvM-logo-Xtra-Centrerad-SVART.png","contentUrl":"https:\/\/lightweb.dev\/l\/svm-temp\/wp-content\/uploads\/2025\/02\/SvM-logo-Xtra-Centrerad-SVART.png","width":300,"height":99,"caption":"Melkerson y Nott SL"},"image":{"@id":"https:\/\/lightweb.dev\/l\/svm-temp\/#\/schema\/logo\/image\/"},"sameAs":["https:\/\/www.facebook.com\/svenskamagasinet","https:\/\/x.com\/SvenskaMagasine"]},{"@type":"Person","@id":"https:\/\/lightweb.dev\/l\/svm-temp\/#\/schema\/person\/206a3bda5b607b0c25e1749191e4d837","name":"Redaktionen SvM","description":"Redaktionen","sameAs":["https:\/\/lightweb.dev\/l\/svm-temp"],"url":"https:\/\/lightweb.dev\/l\/svm-temp\/reporter\/redaktionen\/"}]}},"_links":{"self":[{"href":"https:\/\/lightweb.dev\/l\/svm-temp\/wp-json\/wp\/v2\/posts\/6364","targetHints":{"allow":["GET"]}}],"collection":[{"href":"https:\/\/lightweb.dev\/l\/svm-temp\/wp-json\/wp\/v2\/posts"}],"about":[{"href":"https:\/\/lightweb.dev\/l\/svm-temp\/wp-json\/wp\/v2\/types\/post"}],"author":[{"embeddable":true,"href":"https:\/\/lightweb.dev\/l\/svm-temp\/wp-json\/wp\/v2\/users\/8"}],"replies":[{"embeddable":true,"href":"https:\/\/lightweb.dev\/l\/svm-temp\/wp-json\/wp\/v2\/comments?post=6364"}],"version-history":[{"count":0,"href":"https:\/\/lightweb.dev\/l\/svm-temp\/wp-json\/wp\/v2\/posts\/6364\/revisions"}],"wp:featuredmedia":[{"embeddable":true,"href":"https:\/\/lightweb.dev\/l\/svm-temp\/wp-json\/wp\/v2\/media\/6365"}],"wp:attachment":[{"href":"https:\/\/lightweb.dev\/l\/svm-temp\/wp-json\/wp\/v2\/media?parent=6364"}],"wp:term":[{"taxonomy":"category","embeddable":true,"href":"https:\/\/lightweb.dev\/l\/svm-temp\/wp-json\/wp\/v2\/categories?post=6364"},{"taxonomy":"post_tag","embeddable":true,"href":"https:\/\/lightweb.dev\/l\/svm-temp\/wp-json\/wp\/v2\/tags?post=6364"}],"curies":[{"name":"wp","href":"https:\/\/api.w.org\/{rel}","templated":true}]}}