{"id":63940,"date":"2023-05-24T10:30:39","date_gmt":"2023-05-24T08:30:39","guid":{"rendered":"https:\/\/lightweb.dev\/l\/svm-temp\/?p=63940"},"modified":"2023-05-24T14:48:12","modified_gmt":"2023-05-24T12:48:12","slug":"muslimskt-parti-kopplas-samman-med-forsok-till-valfusk","status":"publish","type":"post","link":"https:\/\/lightweb.dev\/l\/svm-temp\/nyheter\/muslimskt-parti-kopplas-samman-med-forsok-till-valfusk\/","title":{"rendered":"Muslimskt parti kopplas samman med f\u00f6rs\u00f6k till valfusk"},"content":{"rendered":"<p><strong>Det pro-marockanska muslimska partiet Coalici\u00f3n por Melilla \u00e4r i fokus i den p\u00e5g\u00e5ende utredningen kring f\u00f6rs\u00f6k att rigga r\u00f6ster genom att rekrytera kriminella ligor med kopplingar till handeln med hasch.<\/strong><\/p>\n<p>Tre personer som st\u00e5r som kandidater p\u00e5 partiets vallistor samt det lokala regeringsr\u00e5det Mohamed Ahmed Al Lal samt sv\u00e4rsonen till partiledaren Mustaf\u00e1 Aberch\u00e1n greps tidigare i veckan och f\u00f6rh\u00f6rdes. De har senare blivit frisl\u00e4ppta.<\/p>\n<div id=\"attachment_63943\" style=\"width: 310px\" class=\"wp-caption alignleft\"><img loading=\"lazy\" decoding=\"async\" aria-describedby=\"caption-attachment-63943\" class=\"size-medium wp-image-63943\" src=\"https:\/\/lightweb.dev\/l\/svm-temp\/wp-content\/uploads\/2023\/05\/Skarmavbild-2023-05-24-kl.-10.21.35-stor-300x182.jpeg\" alt=\"\" width=\"300\" height=\"182\" srcset=\"https:\/\/lightweb.dev\/l\/svm-temp\/wp-content\/uploads\/2023\/05\/Skarmavbild-2023-05-24-kl.-10.21.35-stor-300x182.jpeg 300w, https:\/\/lightweb.dev\/l\/svm-temp\/wp-content\/uploads\/2023\/05\/Skarmavbild-2023-05-24-kl.-10.21.35-stor-900x545.jpeg 900w, https:\/\/lightweb.dev\/l\/svm-temp\/wp-content\/uploads\/2023\/05\/Skarmavbild-2023-05-24-kl.-10.21.35-stor-768x465.jpeg 768w, https:\/\/lightweb.dev\/l\/svm-temp\/wp-content\/uploads\/2023\/05\/Skarmavbild-2023-05-24-kl.-10.21.35-stor-610x369.jpeg 610w, https:\/\/lightweb.dev\/l\/svm-temp\/wp-content\/uploads\/2023\/05\/Skarmavbild-2023-05-24-kl.-10.21.35-stor-1080x654.jpeg 1080w, https:\/\/lightweb.dev\/l\/svm-temp\/wp-content\/uploads\/2023\/05\/Skarmavbild-2023-05-24-kl.-10.21.35-stor-600x363.jpeg 600w, https:\/\/lightweb.dev\/l\/svm-temp\/wp-content\/uploads\/2023\/05\/Skarmavbild-2023-05-24-kl.-10.21.35-stor.jpeg 1280w\" sizes=\"(max-width: 300px) 100vw, 300px\" \/><p id=\"caption-attachment-63943\" class=\"wp-caption-text\">Det lokala partiet CPM \u00e4r \u00e5terigen i bl\u00e5sv\u00e4der. Sedan tidigare \u00e4r partiledaren d\u00f6md f\u00f6r f\u00f6rs\u00f6k till valfusk.<\/p><\/div>\n<p>F\u00f6rutom flera gripanden av personer som tagits in p\u00e5 f\u00f6rh\u00f6r f\u00f6r att sedan bli sl\u00e4ppta har polisen utf\u00f6rt flera husrannsakningar, f\u00f6rutom mot partih\u00f6gkvarteret men \u00e4ven i stadsdelar som Farhana, Tadino de Martinengo och La Ca\u00f1ada de Hidum med m\u00e5nga arbetsl\u00f6sa samt narkomaner.<\/p>\n<p>Dessutom har stulna valsedlar hittats vid partih\u00f6gkvarteret visar utredningen.<\/p>\n<p>P\u00e5 onsdagen kom ytterligare uppgifter om att sju personer gripits i Moj\u00e1car i Almer\u00edaprovinsen. Det handlar om \u00e4nnu ett tillslag mot k\u00f6p av r\u00f6ster f\u00f6r 150 till 250 euro. Dagstidningen <a href=\"https:\/\/sevilla.abc.es\/andalucia\/almeria\/cuatro-detenidos-almeria-supuesta-compro-votos-elecciones-20230524110408-nts.html\">ABC<\/a> skriver att bland de gripna finns nummer 2, Francisco Bartolom\u00e9 Flores Torres, samt nummer 5, Crist\u00f3bal Vizca\u00edno Gonz\u00e1lez, bland PSOE:s kandidater p\u00e5 vallistan i Moj\u00e1car.<\/p>\n<h2>Region- och lokalval<\/h2>\n<p>P\u00e5 s\u00f6ndag h\u00e5ller Spanien region- och lokalval. Polisen inledde nyligen en utredning i Melilla kring misstankar om f\u00f6rs\u00f6k till valfusk efter att ett onormalt stort antal ans\u00f6kningar inkommit om att f\u00e5 postr\u00f6sta inf\u00f6r valet. Det beskrivs som det st\u00f6rsta f\u00f6rs\u00f6ket till valfusk under landets demokratiska historia, n\u00e5got som Svenska Magasinet ber\u00e4ttade om i fredags.<\/p>\n<p>Det lokala partiet Coalici\u00f3n por Melilla ing\u00e5r \u00e4ven i v\u00e4nsterkoalition med st\u00f6d fr\u00e5n M\u00e1s Pa\u00eds och Comprom\u00eds. K\u00e4llor inom alliansen uppger i <a href=\"https:\/\/www.diariosur.es\/elecciones\/autonomicas-municipales\/detenidas-seis-personas-operacion-compra-votos-melilla-20230523100341-ntrc.html\">spanska medier<\/a> att kontakterna har brutits efter att misstankarna om f\u00f6rs\u00f6k till valfusk blev k\u00e4nda f\u00f6rra veckan.<\/p>\n<h2 class=\"entry-title\">L\u00e4s mer: <a href=\"https:\/\/lightweb.dev\/l\/svm-temp\/nyheter\/polis-utreder-valfusk-i-melilla\/\">Polis utreder valfusk i Melilla<\/a><\/h2>\n<p>11.707 ans\u00f6kningar om att f\u00e5 postr\u00f6sta har registrerats vilket \u00e4r ett h\u00f6gt antalet d\u00e5 inv\u00e5narna i den autonoma spanska staden Melilla i Nordafrika \u00e4r 55.187 personer.<\/p>\n<p>Flera brevb\u00e4rare har blivit r\u00e5nade p\u00e5 r\u00f6stsedlar. Enligt utredningen har kriminella n\u00e4tverk med kopplingar till narkotikahandeln rekryterats av partiet f\u00f6r att f\u00f6rs\u00f6ka k\u00f6pa r\u00f6ster bland arbetsl\u00f6sa och narkomaner mot kontant betalning skriver dagstidningen <a href=\"https:\/\/sevilla.abc.es\/espana\/primeras-detenciones-registros-melilla-presunta-compra-votos-20230523095030-nt.html#vtm_modulosEngag=lomas:espana:noticia:2\">ABC.<\/a><\/p>\n<p>Flera medlemmar i det kriminella n\u00e4tverket greps under m\u00e5ndagen och tisdagen f\u00f6r att sedan bli sl\u00e4ppta efter f\u00f6rh\u00f6r. De \u00e4r misst\u00e4nka f\u00f6r brott mot den allm\u00e4nna vallagen och f\u00f6r att tillh\u00f6ra en kriminell grupp.<\/p>\n<p>I den p\u00e5g\u00e5ende utredningen finns det \u00e4ven misstankar om f\u00f6rs\u00f6k till mutor d\u00e4r posttj\u00e4nstem\u00e4n i Barcelona ska ha registrerat r\u00f6ster i Melilla.<\/p>\n<p>Det \u00e4r inte f\u00f6rsta g\u00e5ngen partiet \u00e4r i bl\u00e5sv\u00e4der. 2021 d\u00f6mdes partiledaren Mustaf\u00e1 Aberch\u00e1n av H\u00f6gsta domstolen 2021 f\u00f6r att ha f\u00f6rs\u00f6kt k\u00f6pa r\u00f6ster vid valet till senaten. Han \u00e4r fortsatt ledare f\u00f6r partiet \u00e4ven om han inte kan st\u00e4lla upp som kandidat f\u00f6r partiet i valet p\u00e5 s\u00f6ndag.<\/p>\n<p>Mustaf\u00e1 Aberch\u00e1n var tidigare r\u00f6rmokare som gick in i politiken med att grunda Coalici\u00f3n por Melilla (CpM) 1995. Han var tidigare medlem i Spaniens motsvarighet till SSU, Juventudes Socialistas.<\/p>\n<p>Dunia Almansouri, CpM:s talesperson, kommenterar den p\u00e5g\u00e5 utredningen:<\/p>\n<p>&#8211; Hela v\u00e4rlden i Melilla vet vem som k\u00f6per, s\u00e4ger Almansouri utan att n\u00e4mna n\u00e5gra namn.<\/p>\n","protected":false},"excerpt":{"rendered":"<p>Det pro-marockanska muslimska partiet Coalici\u00f3n por Melilla \u00e4r i fokus i den p\u00e5g\u00e5ende utredningen kring f\u00f6rs\u00f6k att rigga r\u00f6ster genom att rekrytera kriminella ligor&#8230;<\/p>\n","protected":false},"author":7,"featured_media":63942,"comment_status":"open","ping_status":"closed","sticky":false,"template":"","format":"standard","meta":{"_et_pb_use_builder":"","_et_pb_old_content":"","_et_gb_content_width":"","footnotes":""},"categories":[395,3],"tags":[],"class_list":["post-63940","post","type-post","status-publish","format-standard","has-post-thumbnail","hentry","category-arkiv-nyheter","category-nyheter"],"yoast_head":"<!-- This site is optimized with the Yoast SEO Premium plugin v26.2 (Yoast SEO v27.4) - https:\/\/yoast.com\/product\/yoast-seo-premium-wordpress\/ -->\n<title>Muslimskt parti kopplas samman med f\u00f6rs\u00f6k till valfusk - Svenska Magasinet<\/title>\n<meta name=\"description\" content=\"Det pro-marockanska muslimska partiet Coalici\u00f3n por Melilla \u00e4r i fokus i den p\u00e5g\u00e5ende utredningen kring f\u00f6rs\u00f6k att rigga r\u00f6ster genom att rekrytera kriminella ligor med kopplingar till handeln med hasch.\" \/>\n<meta name=\"robots\" content=\"noindex, follow, max-snippet:-1, max-image-preview:large, max-video-preview:-1\" \/>\n<meta property=\"og:locale\" content=\"sv_SE\" \/>\n<meta property=\"og:type\" content=\"article\" \/>\n<meta property=\"og:title\" content=\"Muslimskt parti kopplas samman med f\u00f6rs\u00f6k till valfusk\" \/>\n<meta property=\"og:description\" content=\"Det pro-marockanska muslimska partiet Coalici\u00f3n por Melilla \u00e4r i fokus i den p\u00e5g\u00e5ende utredningen kring f\u00f6rs\u00f6k att rigga r\u00f6ster genom att rekrytera kriminella ligor med kopplingar till handeln med hasch.\" \/>\n<meta property=\"og:url\" content=\"https:\/\/lightweb.dev\/l\/svm-temp\/nyheter\/muslimskt-parti-kopplas-samman-med-forsok-till-valfusk\/\" \/>\n<meta property=\"og:site_name\" content=\"Svenska Magasinet\" \/>\n<meta property=\"article:publisher\" content=\"https:\/\/www.facebook.com\/svenskamagasinet\" \/>\n<meta property=\"article:published_time\" content=\"2023-05-24T08:30:39+00:00\" \/>\n<meta property=\"article:modified_time\" content=\"2023-05-24T12:48:12+00:00\" \/>\n<meta property=\"og:image\" content=\"https:\/\/lightweb.dev\/l\/svm-temp\/wp-content\/uploads\/2023\/05\/Skarmavbild-2023-05-24-kl.-10.18.02-stor.jpeg\" \/>\n\t<meta property=\"og:image:width\" content=\"1280\" \/>\n\t<meta property=\"og:image:height\" content=\"676\" \/>\n\t<meta property=\"og:image:type\" content=\"image\/jpeg\" \/>\n<meta name=\"author\" content=\"Ola Josefsson\" \/>\n<meta name=\"twitter:card\" content=\"summary_large_image\" \/>\n<meta name=\"twitter:creator\" content=\"@SvenskaMagasine\" \/>\n<meta name=\"twitter:site\" content=\"@SvenskaMagasine\" \/>\n<script type=\"application\/ld+json\" class=\"yoast-schema-graph\">{\"@context\":\"https:\\\/\\\/schema.org\",\"@graph\":[{\"@type\":\"Article\",\"@id\":\"https:\\\/\\\/lightweb.dev\\\/l\\\/svm-temp\\\/nyheter\\\/muslimskt-parti-kopplas-samman-med-forsok-till-valfusk\\\/#article\",\"isPartOf\":{\"@id\":\"https:\\\/\\\/lightweb.dev\\\/l\\\/svm-temp\\\/nyheter\\\/muslimskt-parti-kopplas-samman-med-forsok-till-valfusk\\\/\"},\"author\":{\"name\":\"Ola Josefsson\",\"@id\":\"https:\\\/\\\/lightweb.dev\\\/l\\\/svm-temp\\\/#\\\/schema\\\/person\\\/7a82b8a73d171d32360a564b6d03508e\"},\"headline\":\"Muslimskt parti kopplas samman med f\u00f6rs\u00f6k till valfusk\",\"datePublished\":\"2023-05-24T08:30:39+00:00\",\"dateModified\":\"2023-05-24T12:48:12+00:00\",\"mainEntityOfPage\":{\"@id\":\"https:\\\/\\\/lightweb.dev\\\/l\\\/svm-temp\\\/nyheter\\\/muslimskt-parti-kopplas-samman-med-forsok-till-valfusk\\\/\"},\"wordCount\":643,\"commentCount\":1,\"publisher\":{\"@id\":\"https:\\\/\\\/lightweb.dev\\\/l\\\/svm-temp\\\/#organization\"},\"image\":{\"@id\":\"https:\\\/\\\/lightweb.dev\\\/l\\\/svm-temp\\\/nyheter\\\/muslimskt-parti-kopplas-samman-med-forsok-till-valfusk\\\/#primaryimage\"},\"thumbnailUrl\":\"https:\\\/\\\/lightweb.dev\\\/l\\\/svm-temp\\\/wp-content\\\/uploads\\\/2023\\\/05\\\/Skarmavbild-2023-05-24-kl.-10.18.02-stor.jpeg\",\"articleSection\":[\"Arkiv\",\"Nyheter\"],\"inLanguage\":\"sv-SE\"},{\"@type\":\"WebPage\",\"@id\":\"https:\\\/\\\/lightweb.dev\\\/l\\\/svm-temp\\\/nyheter\\\/muslimskt-parti-kopplas-samman-med-forsok-till-valfusk\\\/\",\"url\":\"https:\\\/\\\/lightweb.dev\\\/l\\\/svm-temp\\\/nyheter\\\/muslimskt-parti-kopplas-samman-med-forsok-till-valfusk\\\/\",\"name\":\"Muslimskt parti kopplas samman med f\u00f6rs\u00f6k till valfusk - Svenska Magasinet\",\"isPartOf\":{\"@id\":\"https:\\\/\\\/lightweb.dev\\\/l\\\/svm-temp\\\/#website\"},\"primaryImageOfPage\":{\"@id\":\"https:\\\/\\\/lightweb.dev\\\/l\\\/svm-temp\\\/nyheter\\\/muslimskt-parti-kopplas-samman-med-forsok-till-valfusk\\\/#primaryimage\"},\"image\":{\"@id\":\"https:\\\/\\\/lightweb.dev\\\/l\\\/svm-temp\\\/nyheter\\\/muslimskt-parti-kopplas-samman-med-forsok-till-valfusk\\\/#primaryimage\"},\"thumbnailUrl\":\"https:\\\/\\\/lightweb.dev\\\/l\\\/svm-temp\\\/wp-content\\\/uploads\\\/2023\\\/05\\\/Skarmavbild-2023-05-24-kl.-10.18.02-stor.jpeg\",\"datePublished\":\"2023-05-24T08:30:39+00:00\",\"dateModified\":\"2023-05-24T12:48:12+00:00\",\"description\":\"Det pro-marockanska muslimska partiet Coalici\u00f3n por Melilla \u00e4r i fokus i den p\u00e5g\u00e5ende utredningen kring f\u00f6rs\u00f6k att rigga r\u00f6ster genom att rekrytera kriminella ligor med kopplingar till handeln med hasch.\",\"breadcrumb\":{\"@id\":\"https:\\\/\\\/lightweb.dev\\\/l\\\/svm-temp\\\/nyheter\\\/muslimskt-parti-kopplas-samman-med-forsok-till-valfusk\\\/#breadcrumb\"},\"inLanguage\":\"sv-SE\",\"potentialAction\":[{\"@type\":\"ReadAction\",\"target\":[\"https:\\\/\\\/lightweb.dev\\\/l\\\/svm-temp\\\/nyheter\\\/muslimskt-parti-kopplas-samman-med-forsok-till-valfusk\\\/\"]}]},{\"@type\":\"ImageObject\",\"inLanguage\":\"sv-SE\",\"@id\":\"https:\\\/\\\/lightweb.dev\\\/l\\\/svm-temp\\\/nyheter\\\/muslimskt-parti-kopplas-samman-med-forsok-till-valfusk\\\/#primaryimage\",\"url\":\"https:\\\/\\\/lightweb.dev\\\/l\\\/svm-temp\\\/wp-content\\\/uploads\\\/2023\\\/05\\\/Skarmavbild-2023-05-24-kl.-10.18.02-stor.jpeg\",\"contentUrl\":\"https:\\\/\\\/lightweb.dev\\\/l\\\/svm-temp\\\/wp-content\\\/uploads\\\/2023\\\/05\\\/Skarmavbild-2023-05-24-kl.-10.18.02-stor.jpeg\",\"width\":1280,\"height\":676},{\"@type\":\"BreadcrumbList\",\"@id\":\"https:\\\/\\\/lightweb.dev\\\/l\\\/svm-temp\\\/nyheter\\\/muslimskt-parti-kopplas-samman-med-forsok-till-valfusk\\\/#breadcrumb\",\"itemListElement\":[{\"@type\":\"ListItem\",\"position\":1,\"name\":\"Hem\",\"item\":\"https:\\\/\\\/lightweb.dev\\\/l\\\/svm-temp\\\/\"},{\"@type\":\"ListItem\",\"position\":2,\"name\":\"Muslimskt parti kopplas samman med f\u00f6rs\u00f6k till valfusk\"}]},{\"@type\":\"WebSite\",\"@id\":\"https:\\\/\\\/lightweb.dev\\\/l\\\/svm-temp\\\/#website\",\"url\":\"https:\\\/\\\/lightweb.dev\\\/l\\\/svm-temp\\\/\",\"name\":\"Svenska Magasinet\",\"description\":\"Dina Spanska nyheter p&aring; Svenska\",\"publisher\":{\"@id\":\"https:\\\/\\\/lightweb.dev\\\/l\\\/svm-temp\\\/#organization\"},\"potentialAction\":[{\"@type\":\"SearchAction\",\"target\":{\"@type\":\"EntryPoint\",\"urlTemplate\":\"https:\\\/\\\/lightweb.dev\\\/l\\\/svm-temp\\\/?s={search_term_string}\"},\"query-input\":{\"@type\":\"PropertyValueSpecification\",\"valueRequired\":true,\"valueName\":\"search_term_string\"}}],\"inLanguage\":\"sv-SE\"},{\"@type\":\"Organization\",\"@id\":\"https:\\\/\\\/lightweb.dev\\\/l\\\/svm-temp\\\/#organization\",\"name\":\"Melkerson y Nott SL\",\"alternateName\":\"Svenska Magasinet\",\"url\":\"https:\\\/\\\/lightweb.dev\\\/l\\\/svm-temp\\\/\",\"logo\":{\"@type\":\"ImageObject\",\"inLanguage\":\"sv-SE\",\"@id\":\"https:\\\/\\\/lightweb.dev\\\/l\\\/svm-temp\\\/#\\\/schema\\\/logo\\\/image\\\/\",\"url\":\"https:\\\/\\\/lightweb.dev\\\/l\\\/svm-temp\\\/wp-content\\\/uploads\\\/2025\\\/02\\\/SvM-logo-Xtra-Centrerad-SVART.png\",\"contentUrl\":\"https:\\\/\\\/lightweb.dev\\\/l\\\/svm-temp\\\/wp-content\\\/uploads\\\/2025\\\/02\\\/SvM-logo-Xtra-Centrerad-SVART.png\",\"width\":300,\"height\":99,\"caption\":\"Melkerson y Nott SL\"},\"image\":{\"@id\":\"https:\\\/\\\/lightweb.dev\\\/l\\\/svm-temp\\\/#\\\/schema\\\/logo\\\/image\\\/\"},\"sameAs\":[\"https:\\\/\\\/www.facebook.com\\\/svenskamagasinet\",\"https:\\\/\\\/x.com\\\/SvenskaMagasine\"]},{\"@type\":\"Person\",\"@id\":\"https:\\\/\\\/lightweb.dev\\\/l\\\/svm-temp\\\/#\\\/schema\\\/person\\\/7a82b8a73d171d32360a564b6d03508e\",\"name\":\"Ola Josefsson\",\"description\":\"Bevakar Solkusten och Spanien sedan 1994.\",\"sameAs\":[\"https:\\\/\\\/lightweb.dev\\\/l\\\/svm-temp\"],\"url\":\"https:\\\/\\\/lightweb.dev\\\/l\\\/svm-temp\\\/reporter\\\/ola-josefsson\\\/\"}]}<\/script>\n<!-- \/ Yoast SEO Premium plugin. -->","yoast_head_json":{"title":"Muslimskt parti kopplas samman med f\u00f6rs\u00f6k till valfusk - Svenska Magasinet","description":"Det pro-marockanska muslimska partiet Coalici\u00f3n por Melilla \u00e4r i fokus i den p\u00e5g\u00e5ende utredningen kring f\u00f6rs\u00f6k att rigga r\u00f6ster genom att rekrytera kriminella ligor med kopplingar till handeln med hasch.","robots":{"index":"noindex","follow":"follow","max-snippet":"max-snippet:-1","max-image-preview":"max-image-preview:large","max-video-preview":"max-video-preview:-1"},"og_locale":"sv_SE","og_type":"article","og_title":"Muslimskt parti kopplas samman med f\u00f6rs\u00f6k till valfusk","og_description":"Det pro-marockanska muslimska partiet Coalici\u00f3n por Melilla \u00e4r i fokus i den p\u00e5g\u00e5ende utredningen kring f\u00f6rs\u00f6k att rigga r\u00f6ster genom att rekrytera kriminella ligor med kopplingar till handeln med hasch.","og_url":"https:\/\/lightweb.dev\/l\/svm-temp\/nyheter\/muslimskt-parti-kopplas-samman-med-forsok-till-valfusk\/","og_site_name":"Svenska Magasinet","article_publisher":"https:\/\/www.facebook.com\/svenskamagasinet","article_published_time":"2023-05-24T08:30:39+00:00","article_modified_time":"2023-05-24T12:48:12+00:00","og_image":[{"width":1280,"height":676,"url":"https:\/\/lightweb.dev\/l\/svm-temp\/wp-content\/uploads\/2023\/05\/Skarmavbild-2023-05-24-kl.-10.18.02-stor.jpeg","type":"image\/jpeg"}],"author":"Ola Josefsson","twitter_card":"summary_large_image","twitter_creator":"@SvenskaMagasine","twitter_site":"@SvenskaMagasine","schema":{"@context":"https:\/\/schema.org","@graph":[{"@type":"Article","@id":"https:\/\/lightweb.dev\/l\/svm-temp\/nyheter\/muslimskt-parti-kopplas-samman-med-forsok-till-valfusk\/#article","isPartOf":{"@id":"https:\/\/lightweb.dev\/l\/svm-temp\/nyheter\/muslimskt-parti-kopplas-samman-med-forsok-till-valfusk\/"},"author":{"name":"Ola Josefsson","@id":"https:\/\/lightweb.dev\/l\/svm-temp\/#\/schema\/person\/7a82b8a73d171d32360a564b6d03508e"},"headline":"Muslimskt parti kopplas samman med f\u00f6rs\u00f6k till valfusk","datePublished":"2023-05-24T08:30:39+00:00","dateModified":"2023-05-24T12:48:12+00:00","mainEntityOfPage":{"@id":"https:\/\/lightweb.dev\/l\/svm-temp\/nyheter\/muslimskt-parti-kopplas-samman-med-forsok-till-valfusk\/"},"wordCount":643,"commentCount":1,"publisher":{"@id":"https:\/\/lightweb.dev\/l\/svm-temp\/#organization"},"image":{"@id":"https:\/\/lightweb.dev\/l\/svm-temp\/nyheter\/muslimskt-parti-kopplas-samman-med-forsok-till-valfusk\/#primaryimage"},"thumbnailUrl":"https:\/\/lightweb.dev\/l\/svm-temp\/wp-content\/uploads\/2023\/05\/Skarmavbild-2023-05-24-kl.-10.18.02-stor.jpeg","articleSection":["Arkiv","Nyheter"],"inLanguage":"sv-SE"},{"@type":"WebPage","@id":"https:\/\/lightweb.dev\/l\/svm-temp\/nyheter\/muslimskt-parti-kopplas-samman-med-forsok-till-valfusk\/","url":"https:\/\/lightweb.dev\/l\/svm-temp\/nyheter\/muslimskt-parti-kopplas-samman-med-forsok-till-valfusk\/","name":"Muslimskt parti kopplas samman med f\u00f6rs\u00f6k till valfusk - Svenska Magasinet","isPartOf":{"@id":"https:\/\/lightweb.dev\/l\/svm-temp\/#website"},"primaryImageOfPage":{"@id":"https:\/\/lightweb.dev\/l\/svm-temp\/nyheter\/muslimskt-parti-kopplas-samman-med-forsok-till-valfusk\/#primaryimage"},"image":{"@id":"https:\/\/lightweb.dev\/l\/svm-temp\/nyheter\/muslimskt-parti-kopplas-samman-med-forsok-till-valfusk\/#primaryimage"},"thumbnailUrl":"https:\/\/lightweb.dev\/l\/svm-temp\/wp-content\/uploads\/2023\/05\/Skarmavbild-2023-05-24-kl.-10.18.02-stor.jpeg","datePublished":"2023-05-24T08:30:39+00:00","dateModified":"2023-05-24T12:48:12+00:00","description":"Det pro-marockanska muslimska partiet Coalici\u00f3n por Melilla \u00e4r i fokus i den p\u00e5g\u00e5ende utredningen kring f\u00f6rs\u00f6k att rigga r\u00f6ster genom att rekrytera kriminella ligor med kopplingar till handeln med hasch.","breadcrumb":{"@id":"https:\/\/lightweb.dev\/l\/svm-temp\/nyheter\/muslimskt-parti-kopplas-samman-med-forsok-till-valfusk\/#breadcrumb"},"inLanguage":"sv-SE","potentialAction":[{"@type":"ReadAction","target":["https:\/\/lightweb.dev\/l\/svm-temp\/nyheter\/muslimskt-parti-kopplas-samman-med-forsok-till-valfusk\/"]}]},{"@type":"ImageObject","inLanguage":"sv-SE","@id":"https:\/\/lightweb.dev\/l\/svm-temp\/nyheter\/muslimskt-parti-kopplas-samman-med-forsok-till-valfusk\/#primaryimage","url":"https:\/\/lightweb.dev\/l\/svm-temp\/wp-content\/uploads\/2023\/05\/Skarmavbild-2023-05-24-kl.-10.18.02-stor.jpeg","contentUrl":"https:\/\/lightweb.dev\/l\/svm-temp\/wp-content\/uploads\/2023\/05\/Skarmavbild-2023-05-24-kl.-10.18.02-stor.jpeg","width":1280,"height":676},{"@type":"BreadcrumbList","@id":"https:\/\/lightweb.dev\/l\/svm-temp\/nyheter\/muslimskt-parti-kopplas-samman-med-forsok-till-valfusk\/#breadcrumb","itemListElement":[{"@type":"ListItem","position":1,"name":"Hem","item":"https:\/\/lightweb.dev\/l\/svm-temp\/"},{"@type":"ListItem","position":2,"name":"Muslimskt parti kopplas samman med f\u00f6rs\u00f6k till valfusk"}]},{"@type":"WebSite","@id":"https:\/\/lightweb.dev\/l\/svm-temp\/#website","url":"https:\/\/lightweb.dev\/l\/svm-temp\/","name":"Svenska Magasinet","description":"Dina Spanska nyheter p&aring; Svenska","publisher":{"@id":"https:\/\/lightweb.dev\/l\/svm-temp\/#organization"},"potentialAction":[{"@type":"SearchAction","target":{"@type":"EntryPoint","urlTemplate":"https:\/\/lightweb.dev\/l\/svm-temp\/?s={search_term_string}"},"query-input":{"@type":"PropertyValueSpecification","valueRequired":true,"valueName":"search_term_string"}}],"inLanguage":"sv-SE"},{"@type":"Organization","@id":"https:\/\/lightweb.dev\/l\/svm-temp\/#organization","name":"Melkerson y Nott SL","alternateName":"Svenska Magasinet","url":"https:\/\/lightweb.dev\/l\/svm-temp\/","logo":{"@type":"ImageObject","inLanguage":"sv-SE","@id":"https:\/\/lightweb.dev\/l\/svm-temp\/#\/schema\/logo\/image\/","url":"https:\/\/lightweb.dev\/l\/svm-temp\/wp-content\/uploads\/2025\/02\/SvM-logo-Xtra-Centrerad-SVART.png","contentUrl":"https:\/\/lightweb.dev\/l\/svm-temp\/wp-content\/uploads\/2025\/02\/SvM-logo-Xtra-Centrerad-SVART.png","width":300,"height":99,"caption":"Melkerson y Nott SL"},"image":{"@id":"https:\/\/lightweb.dev\/l\/svm-temp\/#\/schema\/logo\/image\/"},"sameAs":["https:\/\/www.facebook.com\/svenskamagasinet","https:\/\/x.com\/SvenskaMagasine"]},{"@type":"Person","@id":"https:\/\/lightweb.dev\/l\/svm-temp\/#\/schema\/person\/7a82b8a73d171d32360a564b6d03508e","name":"Ola Josefsson","description":"Bevakar Solkusten och Spanien sedan 1994.","sameAs":["https:\/\/lightweb.dev\/l\/svm-temp"],"url":"https:\/\/lightweb.dev\/l\/svm-temp\/reporter\/ola-josefsson\/"}]}},"_links":{"self":[{"href":"https:\/\/lightweb.dev\/l\/svm-temp\/wp-json\/wp\/v2\/posts\/63940","targetHints":{"allow":["GET"]}}],"collection":[{"href":"https:\/\/lightweb.dev\/l\/svm-temp\/wp-json\/wp\/v2\/posts"}],"about":[{"href":"https:\/\/lightweb.dev\/l\/svm-temp\/wp-json\/wp\/v2\/types\/post"}],"author":[{"embeddable":true,"href":"https:\/\/lightweb.dev\/l\/svm-temp\/wp-json\/wp\/v2\/users\/7"}],"replies":[{"embeddable":true,"href":"https:\/\/lightweb.dev\/l\/svm-temp\/wp-json\/wp\/v2\/comments?post=63940"}],"version-history":[{"count":0,"href":"https:\/\/lightweb.dev\/l\/svm-temp\/wp-json\/wp\/v2\/posts\/63940\/revisions"}],"wp:featuredmedia":[{"embeddable":true,"href":"https:\/\/lightweb.dev\/l\/svm-temp\/wp-json\/wp\/v2\/media\/63942"}],"wp:attachment":[{"href":"https:\/\/lightweb.dev\/l\/svm-temp\/wp-json\/wp\/v2\/media?parent=63940"}],"wp:term":[{"taxonomy":"category","embeddable":true,"href":"https:\/\/lightweb.dev\/l\/svm-temp\/wp-json\/wp\/v2\/categories?post=63940"},{"taxonomy":"post_tag","embeddable":true,"href":"https:\/\/lightweb.dev\/l\/svm-temp\/wp-json\/wp\/v2\/tags?post=63940"}],"curies":[{"name":"wp","href":"https:\/\/api.w.org\/{rel}","templated":true}]}}