{"id":63947,"date":"2023-05-24T11:08:10","date_gmt":"2023-05-24T09:08:10","guid":{"rendered":"https:\/\/lightweb.dev\/l\/svm-temp\/?p=63947"},"modified":"2023-05-24T15:29:03","modified_gmt":"2023-05-24T13:29:03","slug":"utlanningarna-far-solkustens-befolkning-att-vaxa","status":"publish","type":"post","link":"https:\/\/lightweb.dev\/l\/svm-temp\/nyheter\/utlanningarna-far-solkustens-befolkning-att-vaxa\/","title":{"rendered":"Utl\u00e4nningarna f\u00e5r Solkustens befolkning att v\u00e4xa"},"content":{"rendered":"<p><strong>Under fjol\u00e5ret \u00f6kade befolkningen i provinsen M\u00e1laga och p\u00e5 Solkusten med 34.577 personer till totalt 1.751.927 vilket \u00e4r nytt rekord. Hela 85 procent av de nyinflyttade var utl\u00e4nningar varav majoriteten, 13.795 var i \u00e5ldern 40 till 65 \u00e5r, medan 9.422 var \u00f6ver 65 \u00e5r.<\/strong><\/p>\n<p>\u00d6kningen av antalet inv\u00e5nare i M\u00e1lagaprovinsen \u00e4r st\u00f6rre om vi sl\u00e5r ihop de \u00f6vriga sju provinserna i Andalusien som \u00f6kade med 30.606 personer. Det visar rapporten Estad\u00edstica Continua de Poblaci\u00f3n vid Spaniens motsvarighet till statistiska centralbyr\u00e5n INE.<\/p>\n<p>M\u00e1laga placerar sig p\u00e5 femte plats bland de spanska provinser d\u00e4r befolkningen \u00f6kar mest efter Madrid (+120.901), Barcelona (+88.592), Alicante (+48.971) och Valencia (+48.671). Totalt f\u00f6r Spanien s\u00e5 \u00f6kade antalet inv\u00e5nare med 562.874 personer vilket kan j\u00e4mf\u00f6ras med bara 50.490 nya residenta personer \u00e5ret innan.<\/p>\n<h2>F\u00f6rsta kvartalet 2023<\/h2>\n<p>Befolkningen forts\u00e4tter att \u00f6ka i Spanien. Under f\u00f6rsta kvartalet 2023 \u00f6kade antalet residenta i Spanien med 136.916 personer till 48.196.693 inv\u00e5nare 1 april 2023.<\/p>\n<p>I M\u00e1lagaprovinsen fortsatte inv\u00e5narantalet att \u00f6ka med 5.724 personer till 1.757.651 inv\u00e5nare. Hela 90 procent av dessa nya inv\u00e5nare \u00e4r utl\u00e4nningar.<\/p>\n","protected":false},"excerpt":{"rendered":"<p>Under fjol\u00e5ret \u00f6kade befolkningen i provinsen M\u00e1laga och p\u00e5 Solkusten med 34.577 personer till totalt 1.751.927 vilket \u00e4r nytt rekord. Hela 85 procent av de nyinflyttade var utl\u00e4nningar&#8230;<\/p>\n","protected":false},"author":7,"featured_media":63949,"comment_status":"open","ping_status":"closed","sticky":false,"template":"","format":"standard","meta":{"_et_pb_use_builder":"","_et_pb_old_content":"","_et_gb_content_width":"","footnotes":""},"categories":[395,3],"tags":[],"class_list":["post-63947","post","type-post","status-publish","format-standard","has-post-thumbnail","hentry","category-arkiv-nyheter","category-nyheter"],"yoast_head":"<!-- This site is optimized with the Yoast SEO Premium plugin v26.2 (Yoast SEO v27.4) - https:\/\/yoast.com\/product\/yoast-seo-premium-wordpress\/ -->\n<title>Utl\u00e4nningarna f\u00e5r Solkustens befolkning att v\u00e4xa - Svenska Magasinet<\/title>\n<meta name=\"description\" content=\"Under fjol\u00e5ret \u00f6kade befolkningen i provinsen M\u00e1laga och p\u00e5 Solkusten med 34.577 personer till totalt 1.751.927 vilket \u00e4r nytt rekord. Hela 85 procent av de nyinflyttade var utl\u00e4nningar varav majoriteten, 13.795 var i \u00e5ldern 40 till 65 \u00e5r, medan 9.422 var \u00f6ver 65 \u00e5r.\" \/>\n<meta name=\"robots\" content=\"noindex, follow, max-snippet:-1, max-image-preview:large, max-video-preview:-1\" \/>\n<meta property=\"og:locale\" content=\"sv_SE\" \/>\n<meta property=\"og:type\" content=\"article\" \/>\n<meta property=\"og:title\" content=\"Utl\u00e4nningarna f\u00e5r Solkustens befolkning att v\u00e4xa\" \/>\n<meta property=\"og:description\" content=\"Under fjol\u00e5ret \u00f6kade befolkningen i provinsen M\u00e1laga och p\u00e5 Solkusten med 34.577 personer till totalt 1.751.927 vilket \u00e4r nytt rekord. Hela 85 procent av de nyinflyttade var utl\u00e4nningar varav majoriteten, 13.795 var i \u00e5ldern 40 till 65 \u00e5r, medan 9.422 var \u00f6ver 65 \u00e5r.\" \/>\n<meta property=\"og:url\" content=\"https:\/\/lightweb.dev\/l\/svm-temp\/nyheter\/utlanningarna-far-solkustens-befolkning-att-vaxa\/\" \/>\n<meta property=\"og:site_name\" content=\"Svenska Magasinet\" \/>\n<meta property=\"article:publisher\" content=\"https:\/\/www.facebook.com\/svenskamagasinet\" \/>\n<meta property=\"article:published_time\" content=\"2023-05-24T09:08:10+00:00\" \/>\n<meta property=\"article:modified_time\" content=\"2023-05-24T13:29:03+00:00\" \/>\n<meta property=\"og:image\" content=\"https:\/\/lightweb.dev\/l\/svm-temp\/wp-content\/uploads\/2023\/05\/DSC_6277-stor.jpeg\" \/>\n\t<meta property=\"og:image:width\" content=\"1280\" \/>\n\t<meta property=\"og:image:height\" content=\"857\" \/>\n\t<meta property=\"og:image:type\" content=\"image\/jpeg\" \/>\n<meta name=\"author\" content=\"Ola Josefsson\" \/>\n<meta name=\"twitter:card\" content=\"summary_large_image\" \/>\n<meta name=\"twitter:creator\" content=\"@SvenskaMagasine\" \/>\n<meta name=\"twitter:site\" content=\"@SvenskaMagasine\" \/>\n<script type=\"application\/ld+json\" class=\"yoast-schema-graph\">{\"@context\":\"https:\\\/\\\/schema.org\",\"@graph\":[{\"@type\":\"Article\",\"@id\":\"https:\\\/\\\/lightweb.dev\\\/l\\\/svm-temp\\\/nyheter\\\/utlanningarna-far-solkustens-befolkning-att-vaxa\\\/#article\",\"isPartOf\":{\"@id\":\"https:\\\/\\\/lightweb.dev\\\/l\\\/svm-temp\\\/nyheter\\\/utlanningarna-far-solkustens-befolkning-att-vaxa\\\/\"},\"author\":{\"name\":\"Ola Josefsson\",\"@id\":\"https:\\\/\\\/lightweb.dev\\\/l\\\/svm-temp\\\/#\\\/schema\\\/person\\\/7a82b8a73d171d32360a564b6d03508e\"},\"headline\":\"Utl\u00e4nningarna f\u00e5r Solkustens befolkning att v\u00e4xa\",\"datePublished\":\"2023-05-24T09:08:10+00:00\",\"dateModified\":\"2023-05-24T13:29:03+00:00\",\"mainEntityOfPage\":{\"@id\":\"https:\\\/\\\/lightweb.dev\\\/l\\\/svm-temp\\\/nyheter\\\/utlanningarna-far-solkustens-befolkning-att-vaxa\\\/\"},\"wordCount\":184,\"commentCount\":1,\"publisher\":{\"@id\":\"https:\\\/\\\/lightweb.dev\\\/l\\\/svm-temp\\\/#organization\"},\"image\":{\"@id\":\"https:\\\/\\\/lightweb.dev\\\/l\\\/svm-temp\\\/nyheter\\\/utlanningarna-far-solkustens-befolkning-att-vaxa\\\/#primaryimage\"},\"thumbnailUrl\":\"https:\\\/\\\/lightweb.dev\\\/l\\\/svm-temp\\\/wp-content\\\/uploads\\\/2023\\\/05\\\/DSC_6277-stor.jpeg\",\"articleSection\":[\"Arkiv\",\"Nyheter\"],\"inLanguage\":\"sv-SE\"},{\"@type\":\"WebPage\",\"@id\":\"https:\\\/\\\/lightweb.dev\\\/l\\\/svm-temp\\\/nyheter\\\/utlanningarna-far-solkustens-befolkning-att-vaxa\\\/\",\"url\":\"https:\\\/\\\/lightweb.dev\\\/l\\\/svm-temp\\\/nyheter\\\/utlanningarna-far-solkustens-befolkning-att-vaxa\\\/\",\"name\":\"Utl\u00e4nningarna f\u00e5r Solkustens befolkning att v\u00e4xa - Svenska Magasinet\",\"isPartOf\":{\"@id\":\"https:\\\/\\\/lightweb.dev\\\/l\\\/svm-temp\\\/#website\"},\"primaryImageOfPage\":{\"@id\":\"https:\\\/\\\/lightweb.dev\\\/l\\\/svm-temp\\\/nyheter\\\/utlanningarna-far-solkustens-befolkning-att-vaxa\\\/#primaryimage\"},\"image\":{\"@id\":\"https:\\\/\\\/lightweb.dev\\\/l\\\/svm-temp\\\/nyheter\\\/utlanningarna-far-solkustens-befolkning-att-vaxa\\\/#primaryimage\"},\"thumbnailUrl\":\"https:\\\/\\\/lightweb.dev\\\/l\\\/svm-temp\\\/wp-content\\\/uploads\\\/2023\\\/05\\\/DSC_6277-stor.jpeg\",\"datePublished\":\"2023-05-24T09:08:10+00:00\",\"dateModified\":\"2023-05-24T13:29:03+00:00\",\"description\":\"Under fjol\u00e5ret \u00f6kade befolkningen i provinsen M\u00e1laga och p\u00e5 Solkusten med 34.577 personer till totalt 1.751.927 vilket \u00e4r nytt rekord. Hela 85 procent av de nyinflyttade var utl\u00e4nningar varav majoriteten, 13.795 var i \u00e5ldern 40 till 65 \u00e5r, medan 9.422 var \u00f6ver 65 \u00e5r.\",\"breadcrumb\":{\"@id\":\"https:\\\/\\\/lightweb.dev\\\/l\\\/svm-temp\\\/nyheter\\\/utlanningarna-far-solkustens-befolkning-att-vaxa\\\/#breadcrumb\"},\"inLanguage\":\"sv-SE\",\"potentialAction\":[{\"@type\":\"ReadAction\",\"target\":[\"https:\\\/\\\/lightweb.dev\\\/l\\\/svm-temp\\\/nyheter\\\/utlanningarna-far-solkustens-befolkning-att-vaxa\\\/\"]}]},{\"@type\":\"ImageObject\",\"inLanguage\":\"sv-SE\",\"@id\":\"https:\\\/\\\/lightweb.dev\\\/l\\\/svm-temp\\\/nyheter\\\/utlanningarna-far-solkustens-befolkning-att-vaxa\\\/#primaryimage\",\"url\":\"https:\\\/\\\/lightweb.dev\\\/l\\\/svm-temp\\\/wp-content\\\/uploads\\\/2023\\\/05\\\/DSC_6277-stor.jpeg\",\"contentUrl\":\"https:\\\/\\\/lightweb.dev\\\/l\\\/svm-temp\\\/wp-content\\\/uploads\\\/2023\\\/05\\\/DSC_6277-stor.jpeg\",\"width\":1280,\"height\":857},{\"@type\":\"BreadcrumbList\",\"@id\":\"https:\\\/\\\/lightweb.dev\\\/l\\\/svm-temp\\\/nyheter\\\/utlanningarna-far-solkustens-befolkning-att-vaxa\\\/#breadcrumb\",\"itemListElement\":[{\"@type\":\"ListItem\",\"position\":1,\"name\":\"Hem\",\"item\":\"https:\\\/\\\/lightweb.dev\\\/l\\\/svm-temp\\\/\"},{\"@type\":\"ListItem\",\"position\":2,\"name\":\"Utl\u00e4nningarna f\u00e5r Solkustens befolkning att v\u00e4xa\"}]},{\"@type\":\"WebSite\",\"@id\":\"https:\\\/\\\/lightweb.dev\\\/l\\\/svm-temp\\\/#website\",\"url\":\"https:\\\/\\\/lightweb.dev\\\/l\\\/svm-temp\\\/\",\"name\":\"Svenska Magasinet\",\"description\":\"Dina Spanska nyheter p&aring; Svenska\",\"publisher\":{\"@id\":\"https:\\\/\\\/lightweb.dev\\\/l\\\/svm-temp\\\/#organization\"},\"potentialAction\":[{\"@type\":\"SearchAction\",\"target\":{\"@type\":\"EntryPoint\",\"urlTemplate\":\"https:\\\/\\\/lightweb.dev\\\/l\\\/svm-temp\\\/?s={search_term_string}\"},\"query-input\":{\"@type\":\"PropertyValueSpecification\",\"valueRequired\":true,\"valueName\":\"search_term_string\"}}],\"inLanguage\":\"sv-SE\"},{\"@type\":\"Organization\",\"@id\":\"https:\\\/\\\/lightweb.dev\\\/l\\\/svm-temp\\\/#organization\",\"name\":\"Melkerson y Nott SL\",\"alternateName\":\"Svenska Magasinet\",\"url\":\"https:\\\/\\\/lightweb.dev\\\/l\\\/svm-temp\\\/\",\"logo\":{\"@type\":\"ImageObject\",\"inLanguage\":\"sv-SE\",\"@id\":\"https:\\\/\\\/lightweb.dev\\\/l\\\/svm-temp\\\/#\\\/schema\\\/logo\\\/image\\\/\",\"url\":\"https:\\\/\\\/lightweb.dev\\\/l\\\/svm-temp\\\/wp-content\\\/uploads\\\/2025\\\/02\\\/SvM-logo-Xtra-Centrerad-SVART.png\",\"contentUrl\":\"https:\\\/\\\/lightweb.dev\\\/l\\\/svm-temp\\\/wp-content\\\/uploads\\\/2025\\\/02\\\/SvM-logo-Xtra-Centrerad-SVART.png\",\"width\":300,\"height\":99,\"caption\":\"Melkerson y Nott SL\"},\"image\":{\"@id\":\"https:\\\/\\\/lightweb.dev\\\/l\\\/svm-temp\\\/#\\\/schema\\\/logo\\\/image\\\/\"},\"sameAs\":[\"https:\\\/\\\/www.facebook.com\\\/svenskamagasinet\",\"https:\\\/\\\/x.com\\\/SvenskaMagasine\"]},{\"@type\":\"Person\",\"@id\":\"https:\\\/\\\/lightweb.dev\\\/l\\\/svm-temp\\\/#\\\/schema\\\/person\\\/7a82b8a73d171d32360a564b6d03508e\",\"name\":\"Ola Josefsson\",\"description\":\"Bevakar Solkusten och Spanien sedan 1994.\",\"sameAs\":[\"https:\\\/\\\/lightweb.dev\\\/l\\\/svm-temp\"],\"url\":\"https:\\\/\\\/lightweb.dev\\\/l\\\/svm-temp\\\/reporter\\\/ola-josefsson\\\/\"}]}<\/script>\n<!-- \/ Yoast SEO Premium plugin. -->","yoast_head_json":{"title":"Utl\u00e4nningarna f\u00e5r Solkustens befolkning att v\u00e4xa - Svenska Magasinet","description":"Under fjol\u00e5ret \u00f6kade befolkningen i provinsen M\u00e1laga och p\u00e5 Solkusten med 34.577 personer till totalt 1.751.927 vilket \u00e4r nytt rekord. Hela 85 procent av de nyinflyttade var utl\u00e4nningar varav majoriteten, 13.795 var i \u00e5ldern 40 till 65 \u00e5r, medan 9.422 var \u00f6ver 65 \u00e5r.","robots":{"index":"noindex","follow":"follow","max-snippet":"max-snippet:-1","max-image-preview":"max-image-preview:large","max-video-preview":"max-video-preview:-1"},"og_locale":"sv_SE","og_type":"article","og_title":"Utl\u00e4nningarna f\u00e5r Solkustens befolkning att v\u00e4xa","og_description":"Under fjol\u00e5ret \u00f6kade befolkningen i provinsen M\u00e1laga och p\u00e5 Solkusten med 34.577 personer till totalt 1.751.927 vilket \u00e4r nytt rekord. Hela 85 procent av de nyinflyttade var utl\u00e4nningar varav majoriteten, 13.795 var i \u00e5ldern 40 till 65 \u00e5r, medan 9.422 var \u00f6ver 65 \u00e5r.","og_url":"https:\/\/lightweb.dev\/l\/svm-temp\/nyheter\/utlanningarna-far-solkustens-befolkning-att-vaxa\/","og_site_name":"Svenska Magasinet","article_publisher":"https:\/\/www.facebook.com\/svenskamagasinet","article_published_time":"2023-05-24T09:08:10+00:00","article_modified_time":"2023-05-24T13:29:03+00:00","og_image":[{"width":1280,"height":857,"url":"https:\/\/lightweb.dev\/l\/svm-temp\/wp-content\/uploads\/2023\/05\/DSC_6277-stor.jpeg","type":"image\/jpeg"}],"author":"Ola Josefsson","twitter_card":"summary_large_image","twitter_creator":"@SvenskaMagasine","twitter_site":"@SvenskaMagasine","schema":{"@context":"https:\/\/schema.org","@graph":[{"@type":"Article","@id":"https:\/\/lightweb.dev\/l\/svm-temp\/nyheter\/utlanningarna-far-solkustens-befolkning-att-vaxa\/#article","isPartOf":{"@id":"https:\/\/lightweb.dev\/l\/svm-temp\/nyheter\/utlanningarna-far-solkustens-befolkning-att-vaxa\/"},"author":{"name":"Ola Josefsson","@id":"https:\/\/lightweb.dev\/l\/svm-temp\/#\/schema\/person\/7a82b8a73d171d32360a564b6d03508e"},"headline":"Utl\u00e4nningarna f\u00e5r Solkustens befolkning att v\u00e4xa","datePublished":"2023-05-24T09:08:10+00:00","dateModified":"2023-05-24T13:29:03+00:00","mainEntityOfPage":{"@id":"https:\/\/lightweb.dev\/l\/svm-temp\/nyheter\/utlanningarna-far-solkustens-befolkning-att-vaxa\/"},"wordCount":184,"commentCount":1,"publisher":{"@id":"https:\/\/lightweb.dev\/l\/svm-temp\/#organization"},"image":{"@id":"https:\/\/lightweb.dev\/l\/svm-temp\/nyheter\/utlanningarna-far-solkustens-befolkning-att-vaxa\/#primaryimage"},"thumbnailUrl":"https:\/\/lightweb.dev\/l\/svm-temp\/wp-content\/uploads\/2023\/05\/DSC_6277-stor.jpeg","articleSection":["Arkiv","Nyheter"],"inLanguage":"sv-SE"},{"@type":"WebPage","@id":"https:\/\/lightweb.dev\/l\/svm-temp\/nyheter\/utlanningarna-far-solkustens-befolkning-att-vaxa\/","url":"https:\/\/lightweb.dev\/l\/svm-temp\/nyheter\/utlanningarna-far-solkustens-befolkning-att-vaxa\/","name":"Utl\u00e4nningarna f\u00e5r Solkustens befolkning att v\u00e4xa - Svenska Magasinet","isPartOf":{"@id":"https:\/\/lightweb.dev\/l\/svm-temp\/#website"},"primaryImageOfPage":{"@id":"https:\/\/lightweb.dev\/l\/svm-temp\/nyheter\/utlanningarna-far-solkustens-befolkning-att-vaxa\/#primaryimage"},"image":{"@id":"https:\/\/lightweb.dev\/l\/svm-temp\/nyheter\/utlanningarna-far-solkustens-befolkning-att-vaxa\/#primaryimage"},"thumbnailUrl":"https:\/\/lightweb.dev\/l\/svm-temp\/wp-content\/uploads\/2023\/05\/DSC_6277-stor.jpeg","datePublished":"2023-05-24T09:08:10+00:00","dateModified":"2023-05-24T13:29:03+00:00","description":"Under fjol\u00e5ret \u00f6kade befolkningen i provinsen M\u00e1laga och p\u00e5 Solkusten med 34.577 personer till totalt 1.751.927 vilket \u00e4r nytt rekord. Hela 85 procent av de nyinflyttade var utl\u00e4nningar varav majoriteten, 13.795 var i \u00e5ldern 40 till 65 \u00e5r, medan 9.422 var \u00f6ver 65 \u00e5r.","breadcrumb":{"@id":"https:\/\/lightweb.dev\/l\/svm-temp\/nyheter\/utlanningarna-far-solkustens-befolkning-att-vaxa\/#breadcrumb"},"inLanguage":"sv-SE","potentialAction":[{"@type":"ReadAction","target":["https:\/\/lightweb.dev\/l\/svm-temp\/nyheter\/utlanningarna-far-solkustens-befolkning-att-vaxa\/"]}]},{"@type":"ImageObject","inLanguage":"sv-SE","@id":"https:\/\/lightweb.dev\/l\/svm-temp\/nyheter\/utlanningarna-far-solkustens-befolkning-att-vaxa\/#primaryimage","url":"https:\/\/lightweb.dev\/l\/svm-temp\/wp-content\/uploads\/2023\/05\/DSC_6277-stor.jpeg","contentUrl":"https:\/\/lightweb.dev\/l\/svm-temp\/wp-content\/uploads\/2023\/05\/DSC_6277-stor.jpeg","width":1280,"height":857},{"@type":"BreadcrumbList","@id":"https:\/\/lightweb.dev\/l\/svm-temp\/nyheter\/utlanningarna-far-solkustens-befolkning-att-vaxa\/#breadcrumb","itemListElement":[{"@type":"ListItem","position":1,"name":"Hem","item":"https:\/\/lightweb.dev\/l\/svm-temp\/"},{"@type":"ListItem","position":2,"name":"Utl\u00e4nningarna f\u00e5r Solkustens befolkning att v\u00e4xa"}]},{"@type":"WebSite","@id":"https:\/\/lightweb.dev\/l\/svm-temp\/#website","url":"https:\/\/lightweb.dev\/l\/svm-temp\/","name":"Svenska Magasinet","description":"Dina Spanska nyheter p&aring; Svenska","publisher":{"@id":"https:\/\/lightweb.dev\/l\/svm-temp\/#organization"},"potentialAction":[{"@type":"SearchAction","target":{"@type":"EntryPoint","urlTemplate":"https:\/\/lightweb.dev\/l\/svm-temp\/?s={search_term_string}"},"query-input":{"@type":"PropertyValueSpecification","valueRequired":true,"valueName":"search_term_string"}}],"inLanguage":"sv-SE"},{"@type":"Organization","@id":"https:\/\/lightweb.dev\/l\/svm-temp\/#organization","name":"Melkerson y Nott SL","alternateName":"Svenska Magasinet","url":"https:\/\/lightweb.dev\/l\/svm-temp\/","logo":{"@type":"ImageObject","inLanguage":"sv-SE","@id":"https:\/\/lightweb.dev\/l\/svm-temp\/#\/schema\/logo\/image\/","url":"https:\/\/lightweb.dev\/l\/svm-temp\/wp-content\/uploads\/2025\/02\/SvM-logo-Xtra-Centrerad-SVART.png","contentUrl":"https:\/\/lightweb.dev\/l\/svm-temp\/wp-content\/uploads\/2025\/02\/SvM-logo-Xtra-Centrerad-SVART.png","width":300,"height":99,"caption":"Melkerson y Nott SL"},"image":{"@id":"https:\/\/lightweb.dev\/l\/svm-temp\/#\/schema\/logo\/image\/"},"sameAs":["https:\/\/www.facebook.com\/svenskamagasinet","https:\/\/x.com\/SvenskaMagasine"]},{"@type":"Person","@id":"https:\/\/lightweb.dev\/l\/svm-temp\/#\/schema\/person\/7a82b8a73d171d32360a564b6d03508e","name":"Ola Josefsson","description":"Bevakar Solkusten och Spanien sedan 1994.","sameAs":["https:\/\/lightweb.dev\/l\/svm-temp"],"url":"https:\/\/lightweb.dev\/l\/svm-temp\/reporter\/ola-josefsson\/"}]}},"_links":{"self":[{"href":"https:\/\/lightweb.dev\/l\/svm-temp\/wp-json\/wp\/v2\/posts\/63947","targetHints":{"allow":["GET"]}}],"collection":[{"href":"https:\/\/lightweb.dev\/l\/svm-temp\/wp-json\/wp\/v2\/posts"}],"about":[{"href":"https:\/\/lightweb.dev\/l\/svm-temp\/wp-json\/wp\/v2\/types\/post"}],"author":[{"embeddable":true,"href":"https:\/\/lightweb.dev\/l\/svm-temp\/wp-json\/wp\/v2\/users\/7"}],"replies":[{"embeddable":true,"href":"https:\/\/lightweb.dev\/l\/svm-temp\/wp-json\/wp\/v2\/comments?post=63947"}],"version-history":[{"count":0,"href":"https:\/\/lightweb.dev\/l\/svm-temp\/wp-json\/wp\/v2\/posts\/63947\/revisions"}],"wp:featuredmedia":[{"embeddable":true,"href":"https:\/\/lightweb.dev\/l\/svm-temp\/wp-json\/wp\/v2\/media\/63949"}],"wp:attachment":[{"href":"https:\/\/lightweb.dev\/l\/svm-temp\/wp-json\/wp\/v2\/media?parent=63947"}],"wp:term":[{"taxonomy":"category","embeddable":true,"href":"https:\/\/lightweb.dev\/l\/svm-temp\/wp-json\/wp\/v2\/categories?post=63947"},{"taxonomy":"post_tag","embeddable":true,"href":"https:\/\/lightweb.dev\/l\/svm-temp\/wp-json\/wp\/v2\/tags?post=63947"}],"curies":[{"name":"wp","href":"https:\/\/api.w.org\/{rel}","templated":true}]}}