{"id":63965,"date":"2023-05-25T10:14:09","date_gmt":"2023-05-25T08:14:09","guid":{"rendered":"https:\/\/lightweb.dev\/l\/svm-temp\/?p=63965"},"modified":"2023-05-25T10:14:09","modified_gmt":"2023-05-25T08:14:09","slug":"aena-infor-avgift-for-bolag-med-persontransporter-vid-flygplatsen","status":"publish","type":"post","link":"https:\/\/lightweb.dev\/l\/svm-temp\/nyheter\/aena-infor-avgift-for-bolag-med-persontransporter-vid-flygplatsen\/","title":{"rendered":"Aena inf\u00f6r avgift f\u00f6r bolag med persontransporter vid flygplatsen"},"content":{"rendered":"<p><strong>Ett tjugotal hyrbilsf\u00f6retag med l\u00e5ngtidsparkeringar, taxi samt bolag som k\u00f6r taxi via appf\u00f6retag som Bolt och Cabify \u00e4r p\u00e5 krigsstigen i M\u00e1laga. Anledningen \u00e4r att Aena inom kort inf\u00f6r nya avgifter vid flygplatsens ankomsthall i samband med att bolagen h\u00e4mtar kunder.<\/strong><\/p>\n<p>Aena och M\u00e1laga flygplats inf\u00f6r avgiften p\u00e5 samtliga transporttj\u00e4nster vid varje tillf\u00e4lle n\u00e4r en kund ska h\u00e4mtas vid ankomsthallen. Avgiften tr\u00e4der i kraft n\u00e4r oml\u00e4ggningen av parkeringsplatserna och infartsv\u00e4garna \u00e4r klara. Antalet parkeringsplatser i den aktuella zonen ska ut\u00f6kas fr\u00e5n 100 till 450.<\/p>\n<p>Avgiften vilket ska bidra till kortare parkeringar ska bidra till att trafiken flyter b\u00e4ttre och att minska risken f\u00f6r trafikstockningar d\u00e5 bilar st\u00e5r parkerade under l\u00e5ng tid vid h\u00e4mtningszoner.<\/p>\n<p>Beslutet kommer att p\u00e5verka alla persontransporter som utnyttjar den zon vid flygplatsen som i nul\u00e4get 1.300 taxibilar \u00e4r h\u00e4nvisade till liksom andra taxitj\u00e4nster som Bolt och Cabify som det finns 2.378 auktoriserade tillst\u00e5nd f\u00f6r i provinsen.<\/p>\n<p>Enda undantaget \u00e4r Uber som har en egen zon med 35 platser precis framf\u00f6r terminal 3 i utbyte mot en r\u00f6rlig avgift p\u00e5 minst 25.000 euro per \u00e5r, uppger <a href=\"https:\/\/www.diariosur.es\/malaga\/imposicion-tasa-aeropuerto-malaga-pone-pie-guerra-taxi-vtc-rentacar-20230524183533-nt.html\">Diario SUR<\/a> som p\u00e5 torsdagen skriver om den nya avgiften som inf\u00f6rs inom kort.<\/p>\n<p>Avgiften ber\u00e4knas ligga p\u00e5 1,55 euro. En 15-minutersbiljett skulle kosta tv\u00e5 euro och biljett som varar en timme skulle kosta 3,55 euro.<\/p>\n<p>I Madrid och Barcelona har Aena redan inf\u00f6rt avgiften.<\/p>\n<p>Enligt taxibranschen kommer avgiften att bidra till h\u00f6gre kostnader som i slut\u00e4ndan kunderna f\u00e5r betala.<\/p>\n<p>\u00c4ven hyrbilsf\u00f6retagen \u00e4r kritiska.<\/p>\n<p>&#8211; M\u00e5nga hyrbilsf\u00f6retag g\u00f6r 60 till 70 h\u00e4mtningar om dagen s\u00e5 vi pratar om tusentals euro per \u00e5r, s\u00e4ger Yolanda Collado vid hyrbilsf\u00f6retagens sammanslutning Aesva (Asociaci\u00f3n Empresarial de Veh\u00edculos de Alquiler de Andaluc\u00eda).<\/p>\n","protected":false},"excerpt":{"rendered":"<p>Ett tjugotal hyrbilsf\u00f6retag med l\u00e5ngtidsparkeringar, taxi samt bolag som k\u00f6r taxi via appf\u00f6retag som Uber, Bolt och Cabify \u00e4r p\u00e5 krigsstigen i M\u00e1laga. Anledningen \u00e4r att Aena inom kort inf\u00f6r&#8230;<\/p>\n","protected":false},"author":7,"featured_media":63967,"comment_status":"open","ping_status":"closed","sticky":false,"template":"","format":"standard","meta":{"_et_pb_use_builder":"","_et_pb_old_content":"","_et_gb_content_width":"","footnotes":""},"categories":[395,3],"tags":[],"class_list":["post-63965","post","type-post","status-publish","format-standard","has-post-thumbnail","hentry","category-arkiv-nyheter","category-nyheter"],"yoast_head":"<!-- This site is optimized with the Yoast SEO Premium plugin v26.2 (Yoast SEO v27.4) - https:\/\/yoast.com\/product\/yoast-seo-premium-wordpress\/ -->\n<title>Aena inf\u00f6r avgift f\u00f6r bolag med persontransporter vid flygplatsen - Svenska Magasinet<\/title>\n<meta name=\"description\" content=\"Ett tjugotal hyrbilsf\u00f6retag med l\u00e5ngtidsparkeringar, taxi samt bolag som k\u00f6r taxi via appf\u00f6retag som Uber, Bolt och Cabify \u00e4r p\u00e5 krigsstigen i M\u00e1laga. Anledningen \u00e4r att Aena inom kort inf\u00f6r nya avgifter vid flygplatsens ankomsthall i samband med att bolagen h\u00e4mtar kunder.\" \/>\n<meta name=\"robots\" content=\"noindex, follow, max-snippet:-1, max-image-preview:large, max-video-preview:-1\" \/>\n<meta property=\"og:locale\" content=\"sv_SE\" \/>\n<meta property=\"og:type\" content=\"article\" \/>\n<meta property=\"og:title\" content=\"Aena inf\u00f6r avgift f\u00f6r bolag med persontransporter vid flygplatsen\" \/>\n<meta property=\"og:description\" content=\"Ett tjugotal hyrbilsf\u00f6retag med l\u00e5ngtidsparkeringar, taxi samt bolag som k\u00f6r taxi via appf\u00f6retag som Uber, Bolt och Cabify \u00e4r p\u00e5 krigsstigen i M\u00e1laga. Anledningen \u00e4r att Aena inom kort inf\u00f6r nya avgifter vid flygplatsens ankomsthall i samband med att bolagen h\u00e4mtar kunder.\" \/>\n<meta property=\"og:url\" content=\"https:\/\/lightweb.dev\/l\/svm-temp\/nyheter\/aena-infor-avgift-for-bolag-med-persontransporter-vid-flygplatsen\/\" \/>\n<meta property=\"og:site_name\" content=\"Svenska Magasinet\" \/>\n<meta property=\"article:publisher\" content=\"https:\/\/www.facebook.com\/svenskamagasinet\" \/>\n<meta property=\"article:published_time\" content=\"2023-05-25T08:14:09+00:00\" \/>\n<meta property=\"og:image\" content=\"https:\/\/lightweb.dev\/l\/svm-temp\/wp-content\/uploads\/2023\/05\/01-stor.jpeg\" \/>\n\t<meta property=\"og:image:width\" content=\"1280\" \/>\n\t<meta property=\"og:image:height\" content=\"857\" \/>\n\t<meta property=\"og:image:type\" content=\"image\/jpeg\" \/>\n<meta name=\"author\" content=\"Ola Josefsson\" \/>\n<meta name=\"twitter:card\" content=\"summary_large_image\" \/>\n<meta name=\"twitter:creator\" content=\"@SvenskaMagasine\" \/>\n<meta name=\"twitter:site\" content=\"@SvenskaMagasine\" \/>\n<script type=\"application\/ld+json\" class=\"yoast-schema-graph\">{\"@context\":\"https:\\\/\\\/schema.org\",\"@graph\":[{\"@type\":\"Article\",\"@id\":\"https:\\\/\\\/lightweb.dev\\\/l\\\/svm-temp\\\/nyheter\\\/aena-infor-avgift-for-bolag-med-persontransporter-vid-flygplatsen\\\/#article\",\"isPartOf\":{\"@id\":\"https:\\\/\\\/lightweb.dev\\\/l\\\/svm-temp\\\/nyheter\\\/aena-infor-avgift-for-bolag-med-persontransporter-vid-flygplatsen\\\/\"},\"author\":{\"name\":\"Ola Josefsson\",\"@id\":\"https:\\\/\\\/lightweb.dev\\\/l\\\/svm-temp\\\/#\\\/schema\\\/person\\\/7a82b8a73d171d32360a564b6d03508e\"},\"headline\":\"Aena inf\u00f6r avgift f\u00f6r bolag med persontransporter vid flygplatsen\",\"datePublished\":\"2023-05-25T08:14:09+00:00\",\"mainEntityOfPage\":{\"@id\":\"https:\\\/\\\/lightweb.dev\\\/l\\\/svm-temp\\\/nyheter\\\/aena-infor-avgift-for-bolag-med-persontransporter-vid-flygplatsen\\\/\"},\"wordCount\":323,\"commentCount\":0,\"publisher\":{\"@id\":\"https:\\\/\\\/lightweb.dev\\\/l\\\/svm-temp\\\/#organization\"},\"image\":{\"@id\":\"https:\\\/\\\/lightweb.dev\\\/l\\\/svm-temp\\\/nyheter\\\/aena-infor-avgift-for-bolag-med-persontransporter-vid-flygplatsen\\\/#primaryimage\"},\"thumbnailUrl\":\"https:\\\/\\\/lightweb.dev\\\/l\\\/svm-temp\\\/wp-content\\\/uploads\\\/2023\\\/05\\\/01-stor.jpeg\",\"articleSection\":[\"Arkiv\",\"Nyheter\"],\"inLanguage\":\"sv-SE\"},{\"@type\":\"WebPage\",\"@id\":\"https:\\\/\\\/lightweb.dev\\\/l\\\/svm-temp\\\/nyheter\\\/aena-infor-avgift-for-bolag-med-persontransporter-vid-flygplatsen\\\/\",\"url\":\"https:\\\/\\\/lightweb.dev\\\/l\\\/svm-temp\\\/nyheter\\\/aena-infor-avgift-for-bolag-med-persontransporter-vid-flygplatsen\\\/\",\"name\":\"Aena inf\u00f6r avgift f\u00f6r bolag med persontransporter vid flygplatsen - Svenska Magasinet\",\"isPartOf\":{\"@id\":\"https:\\\/\\\/lightweb.dev\\\/l\\\/svm-temp\\\/#website\"},\"primaryImageOfPage\":{\"@id\":\"https:\\\/\\\/lightweb.dev\\\/l\\\/svm-temp\\\/nyheter\\\/aena-infor-avgift-for-bolag-med-persontransporter-vid-flygplatsen\\\/#primaryimage\"},\"image\":{\"@id\":\"https:\\\/\\\/lightweb.dev\\\/l\\\/svm-temp\\\/nyheter\\\/aena-infor-avgift-for-bolag-med-persontransporter-vid-flygplatsen\\\/#primaryimage\"},\"thumbnailUrl\":\"https:\\\/\\\/lightweb.dev\\\/l\\\/svm-temp\\\/wp-content\\\/uploads\\\/2023\\\/05\\\/01-stor.jpeg\",\"datePublished\":\"2023-05-25T08:14:09+00:00\",\"description\":\"Ett tjugotal hyrbilsf\u00f6retag med l\u00e5ngtidsparkeringar, taxi samt bolag som k\u00f6r taxi via appf\u00f6retag som Uber, Bolt och Cabify \u00e4r p\u00e5 krigsstigen i M\u00e1laga. Anledningen \u00e4r att Aena inom kort inf\u00f6r nya avgifter vid flygplatsens ankomsthall i samband med att bolagen h\u00e4mtar kunder.\",\"breadcrumb\":{\"@id\":\"https:\\\/\\\/lightweb.dev\\\/l\\\/svm-temp\\\/nyheter\\\/aena-infor-avgift-for-bolag-med-persontransporter-vid-flygplatsen\\\/#breadcrumb\"},\"inLanguage\":\"sv-SE\",\"potentialAction\":[{\"@type\":\"ReadAction\",\"target\":[\"https:\\\/\\\/lightweb.dev\\\/l\\\/svm-temp\\\/nyheter\\\/aena-infor-avgift-for-bolag-med-persontransporter-vid-flygplatsen\\\/\"]}]},{\"@type\":\"ImageObject\",\"inLanguage\":\"sv-SE\",\"@id\":\"https:\\\/\\\/lightweb.dev\\\/l\\\/svm-temp\\\/nyheter\\\/aena-infor-avgift-for-bolag-med-persontransporter-vid-flygplatsen\\\/#primaryimage\",\"url\":\"https:\\\/\\\/lightweb.dev\\\/l\\\/svm-temp\\\/wp-content\\\/uploads\\\/2023\\\/05\\\/01-stor.jpeg\",\"contentUrl\":\"https:\\\/\\\/lightweb.dev\\\/l\\\/svm-temp\\\/wp-content\\\/uploads\\\/2023\\\/05\\\/01-stor.jpeg\",\"width\":1280,\"height\":857},{\"@type\":\"BreadcrumbList\",\"@id\":\"https:\\\/\\\/lightweb.dev\\\/l\\\/svm-temp\\\/nyheter\\\/aena-infor-avgift-for-bolag-med-persontransporter-vid-flygplatsen\\\/#breadcrumb\",\"itemListElement\":[{\"@type\":\"ListItem\",\"position\":1,\"name\":\"Hem\",\"item\":\"https:\\\/\\\/lightweb.dev\\\/l\\\/svm-temp\\\/\"},{\"@type\":\"ListItem\",\"position\":2,\"name\":\"Aena inf\u00f6r avgift f\u00f6r bolag med persontransporter vid flygplatsen\"}]},{\"@type\":\"WebSite\",\"@id\":\"https:\\\/\\\/lightweb.dev\\\/l\\\/svm-temp\\\/#website\",\"url\":\"https:\\\/\\\/lightweb.dev\\\/l\\\/svm-temp\\\/\",\"name\":\"Svenska Magasinet\",\"description\":\"Dina Spanska nyheter p&aring; Svenska\",\"publisher\":{\"@id\":\"https:\\\/\\\/lightweb.dev\\\/l\\\/svm-temp\\\/#organization\"},\"potentialAction\":[{\"@type\":\"SearchAction\",\"target\":{\"@type\":\"EntryPoint\",\"urlTemplate\":\"https:\\\/\\\/lightweb.dev\\\/l\\\/svm-temp\\\/?s={search_term_string}\"},\"query-input\":{\"@type\":\"PropertyValueSpecification\",\"valueRequired\":true,\"valueName\":\"search_term_string\"}}],\"inLanguage\":\"sv-SE\"},{\"@type\":\"Organization\",\"@id\":\"https:\\\/\\\/lightweb.dev\\\/l\\\/svm-temp\\\/#organization\",\"name\":\"Melkerson y Nott SL\",\"alternateName\":\"Svenska Magasinet\",\"url\":\"https:\\\/\\\/lightweb.dev\\\/l\\\/svm-temp\\\/\",\"logo\":{\"@type\":\"ImageObject\",\"inLanguage\":\"sv-SE\",\"@id\":\"https:\\\/\\\/lightweb.dev\\\/l\\\/svm-temp\\\/#\\\/schema\\\/logo\\\/image\\\/\",\"url\":\"https:\\\/\\\/lightweb.dev\\\/l\\\/svm-temp\\\/wp-content\\\/uploads\\\/2025\\\/02\\\/SvM-logo-Xtra-Centrerad-SVART.png\",\"contentUrl\":\"https:\\\/\\\/lightweb.dev\\\/l\\\/svm-temp\\\/wp-content\\\/uploads\\\/2025\\\/02\\\/SvM-logo-Xtra-Centrerad-SVART.png\",\"width\":300,\"height\":99,\"caption\":\"Melkerson y Nott SL\"},\"image\":{\"@id\":\"https:\\\/\\\/lightweb.dev\\\/l\\\/svm-temp\\\/#\\\/schema\\\/logo\\\/image\\\/\"},\"sameAs\":[\"https:\\\/\\\/www.facebook.com\\\/svenskamagasinet\",\"https:\\\/\\\/x.com\\\/SvenskaMagasine\"]},{\"@type\":\"Person\",\"@id\":\"https:\\\/\\\/lightweb.dev\\\/l\\\/svm-temp\\\/#\\\/schema\\\/person\\\/7a82b8a73d171d32360a564b6d03508e\",\"name\":\"Ola Josefsson\",\"description\":\"Bevakar Solkusten och Spanien sedan 1994.\",\"sameAs\":[\"https:\\\/\\\/lightweb.dev\\\/l\\\/svm-temp\"],\"url\":\"https:\\\/\\\/lightweb.dev\\\/l\\\/svm-temp\\\/reporter\\\/ola-josefsson\\\/\"}]}<\/script>\n<!-- \/ Yoast SEO Premium plugin. -->","yoast_head_json":{"title":"Aena inf\u00f6r avgift f\u00f6r bolag med persontransporter vid flygplatsen - Svenska Magasinet","description":"Ett tjugotal hyrbilsf\u00f6retag med l\u00e5ngtidsparkeringar, taxi samt bolag som k\u00f6r taxi via appf\u00f6retag som Uber, Bolt och Cabify \u00e4r p\u00e5 krigsstigen i M\u00e1laga. Anledningen \u00e4r att Aena inom kort inf\u00f6r nya avgifter vid flygplatsens ankomsthall i samband med att bolagen h\u00e4mtar kunder.","robots":{"index":"noindex","follow":"follow","max-snippet":"max-snippet:-1","max-image-preview":"max-image-preview:large","max-video-preview":"max-video-preview:-1"},"og_locale":"sv_SE","og_type":"article","og_title":"Aena inf\u00f6r avgift f\u00f6r bolag med persontransporter vid flygplatsen","og_description":"Ett tjugotal hyrbilsf\u00f6retag med l\u00e5ngtidsparkeringar, taxi samt bolag som k\u00f6r taxi via appf\u00f6retag som Uber, Bolt och Cabify \u00e4r p\u00e5 krigsstigen i M\u00e1laga. Anledningen \u00e4r att Aena inom kort inf\u00f6r nya avgifter vid flygplatsens ankomsthall i samband med att bolagen h\u00e4mtar kunder.","og_url":"https:\/\/lightweb.dev\/l\/svm-temp\/nyheter\/aena-infor-avgift-for-bolag-med-persontransporter-vid-flygplatsen\/","og_site_name":"Svenska Magasinet","article_publisher":"https:\/\/www.facebook.com\/svenskamagasinet","article_published_time":"2023-05-25T08:14:09+00:00","og_image":[{"width":1280,"height":857,"url":"https:\/\/lightweb.dev\/l\/svm-temp\/wp-content\/uploads\/2023\/05\/01-stor.jpeg","type":"image\/jpeg"}],"author":"Ola Josefsson","twitter_card":"summary_large_image","twitter_creator":"@SvenskaMagasine","twitter_site":"@SvenskaMagasine","schema":{"@context":"https:\/\/schema.org","@graph":[{"@type":"Article","@id":"https:\/\/lightweb.dev\/l\/svm-temp\/nyheter\/aena-infor-avgift-for-bolag-med-persontransporter-vid-flygplatsen\/#article","isPartOf":{"@id":"https:\/\/lightweb.dev\/l\/svm-temp\/nyheter\/aena-infor-avgift-for-bolag-med-persontransporter-vid-flygplatsen\/"},"author":{"name":"Ola Josefsson","@id":"https:\/\/lightweb.dev\/l\/svm-temp\/#\/schema\/person\/7a82b8a73d171d32360a564b6d03508e"},"headline":"Aena inf\u00f6r avgift f\u00f6r bolag med persontransporter vid flygplatsen","datePublished":"2023-05-25T08:14:09+00:00","mainEntityOfPage":{"@id":"https:\/\/lightweb.dev\/l\/svm-temp\/nyheter\/aena-infor-avgift-for-bolag-med-persontransporter-vid-flygplatsen\/"},"wordCount":323,"commentCount":0,"publisher":{"@id":"https:\/\/lightweb.dev\/l\/svm-temp\/#organization"},"image":{"@id":"https:\/\/lightweb.dev\/l\/svm-temp\/nyheter\/aena-infor-avgift-for-bolag-med-persontransporter-vid-flygplatsen\/#primaryimage"},"thumbnailUrl":"https:\/\/lightweb.dev\/l\/svm-temp\/wp-content\/uploads\/2023\/05\/01-stor.jpeg","articleSection":["Arkiv","Nyheter"],"inLanguage":"sv-SE"},{"@type":"WebPage","@id":"https:\/\/lightweb.dev\/l\/svm-temp\/nyheter\/aena-infor-avgift-for-bolag-med-persontransporter-vid-flygplatsen\/","url":"https:\/\/lightweb.dev\/l\/svm-temp\/nyheter\/aena-infor-avgift-for-bolag-med-persontransporter-vid-flygplatsen\/","name":"Aena inf\u00f6r avgift f\u00f6r bolag med persontransporter vid flygplatsen - Svenska Magasinet","isPartOf":{"@id":"https:\/\/lightweb.dev\/l\/svm-temp\/#website"},"primaryImageOfPage":{"@id":"https:\/\/lightweb.dev\/l\/svm-temp\/nyheter\/aena-infor-avgift-for-bolag-med-persontransporter-vid-flygplatsen\/#primaryimage"},"image":{"@id":"https:\/\/lightweb.dev\/l\/svm-temp\/nyheter\/aena-infor-avgift-for-bolag-med-persontransporter-vid-flygplatsen\/#primaryimage"},"thumbnailUrl":"https:\/\/lightweb.dev\/l\/svm-temp\/wp-content\/uploads\/2023\/05\/01-stor.jpeg","datePublished":"2023-05-25T08:14:09+00:00","description":"Ett tjugotal hyrbilsf\u00f6retag med l\u00e5ngtidsparkeringar, taxi samt bolag som k\u00f6r taxi via appf\u00f6retag som Uber, Bolt och Cabify \u00e4r p\u00e5 krigsstigen i M\u00e1laga. Anledningen \u00e4r att Aena inom kort inf\u00f6r nya avgifter vid flygplatsens ankomsthall i samband med att bolagen h\u00e4mtar kunder.","breadcrumb":{"@id":"https:\/\/lightweb.dev\/l\/svm-temp\/nyheter\/aena-infor-avgift-for-bolag-med-persontransporter-vid-flygplatsen\/#breadcrumb"},"inLanguage":"sv-SE","potentialAction":[{"@type":"ReadAction","target":["https:\/\/lightweb.dev\/l\/svm-temp\/nyheter\/aena-infor-avgift-for-bolag-med-persontransporter-vid-flygplatsen\/"]}]},{"@type":"ImageObject","inLanguage":"sv-SE","@id":"https:\/\/lightweb.dev\/l\/svm-temp\/nyheter\/aena-infor-avgift-for-bolag-med-persontransporter-vid-flygplatsen\/#primaryimage","url":"https:\/\/lightweb.dev\/l\/svm-temp\/wp-content\/uploads\/2023\/05\/01-stor.jpeg","contentUrl":"https:\/\/lightweb.dev\/l\/svm-temp\/wp-content\/uploads\/2023\/05\/01-stor.jpeg","width":1280,"height":857},{"@type":"BreadcrumbList","@id":"https:\/\/lightweb.dev\/l\/svm-temp\/nyheter\/aena-infor-avgift-for-bolag-med-persontransporter-vid-flygplatsen\/#breadcrumb","itemListElement":[{"@type":"ListItem","position":1,"name":"Hem","item":"https:\/\/lightweb.dev\/l\/svm-temp\/"},{"@type":"ListItem","position":2,"name":"Aena inf\u00f6r avgift f\u00f6r bolag med persontransporter vid flygplatsen"}]},{"@type":"WebSite","@id":"https:\/\/lightweb.dev\/l\/svm-temp\/#website","url":"https:\/\/lightweb.dev\/l\/svm-temp\/","name":"Svenska Magasinet","description":"Dina Spanska nyheter p&aring; Svenska","publisher":{"@id":"https:\/\/lightweb.dev\/l\/svm-temp\/#organization"},"potentialAction":[{"@type":"SearchAction","target":{"@type":"EntryPoint","urlTemplate":"https:\/\/lightweb.dev\/l\/svm-temp\/?s={search_term_string}"},"query-input":{"@type":"PropertyValueSpecification","valueRequired":true,"valueName":"search_term_string"}}],"inLanguage":"sv-SE"},{"@type":"Organization","@id":"https:\/\/lightweb.dev\/l\/svm-temp\/#organization","name":"Melkerson y Nott SL","alternateName":"Svenska Magasinet","url":"https:\/\/lightweb.dev\/l\/svm-temp\/","logo":{"@type":"ImageObject","inLanguage":"sv-SE","@id":"https:\/\/lightweb.dev\/l\/svm-temp\/#\/schema\/logo\/image\/","url":"https:\/\/lightweb.dev\/l\/svm-temp\/wp-content\/uploads\/2025\/02\/SvM-logo-Xtra-Centrerad-SVART.png","contentUrl":"https:\/\/lightweb.dev\/l\/svm-temp\/wp-content\/uploads\/2025\/02\/SvM-logo-Xtra-Centrerad-SVART.png","width":300,"height":99,"caption":"Melkerson y Nott SL"},"image":{"@id":"https:\/\/lightweb.dev\/l\/svm-temp\/#\/schema\/logo\/image\/"},"sameAs":["https:\/\/www.facebook.com\/svenskamagasinet","https:\/\/x.com\/SvenskaMagasine"]},{"@type":"Person","@id":"https:\/\/lightweb.dev\/l\/svm-temp\/#\/schema\/person\/7a82b8a73d171d32360a564b6d03508e","name":"Ola Josefsson","description":"Bevakar Solkusten och Spanien sedan 1994.","sameAs":["https:\/\/lightweb.dev\/l\/svm-temp"],"url":"https:\/\/lightweb.dev\/l\/svm-temp\/reporter\/ola-josefsson\/"}]}},"_links":{"self":[{"href":"https:\/\/lightweb.dev\/l\/svm-temp\/wp-json\/wp\/v2\/posts\/63965","targetHints":{"allow":["GET"]}}],"collection":[{"href":"https:\/\/lightweb.dev\/l\/svm-temp\/wp-json\/wp\/v2\/posts"}],"about":[{"href":"https:\/\/lightweb.dev\/l\/svm-temp\/wp-json\/wp\/v2\/types\/post"}],"author":[{"embeddable":true,"href":"https:\/\/lightweb.dev\/l\/svm-temp\/wp-json\/wp\/v2\/users\/7"}],"replies":[{"embeddable":true,"href":"https:\/\/lightweb.dev\/l\/svm-temp\/wp-json\/wp\/v2\/comments?post=63965"}],"version-history":[{"count":0,"href":"https:\/\/lightweb.dev\/l\/svm-temp\/wp-json\/wp\/v2\/posts\/63965\/revisions"}],"wp:featuredmedia":[{"embeddable":true,"href":"https:\/\/lightweb.dev\/l\/svm-temp\/wp-json\/wp\/v2\/media\/63967"}],"wp:attachment":[{"href":"https:\/\/lightweb.dev\/l\/svm-temp\/wp-json\/wp\/v2\/media?parent=63965"}],"wp:term":[{"taxonomy":"category","embeddable":true,"href":"https:\/\/lightweb.dev\/l\/svm-temp\/wp-json\/wp\/v2\/categories?post=63965"},{"taxonomy":"post_tag","embeddable":true,"href":"https:\/\/lightweb.dev\/l\/svm-temp\/wp-json\/wp\/v2\/tags?post=63965"}],"curies":[{"name":"wp","href":"https:\/\/api.w.org\/{rel}","templated":true}]}}