{"id":63969,"date":"2023-05-25T12:00:41","date_gmt":"2023-05-25T10:00:41","guid":{"rendered":"https:\/\/lightweb.dev\/l\/svm-temp\/?p=63969"},"modified":"2023-05-25T12:00:41","modified_gmt":"2023-05-25T10:00:41","slug":"inga-planer-pa-att-forbjuda-inrikesflygningar-i-spanien","status":"publish","type":"post","link":"https:\/\/lightweb.dev\/l\/svm-temp\/nyheter\/inga-planer-pa-att-forbjuda-inrikesflygningar-i-spanien\/","title":{"rendered":"Inga planer p\u00e5 att f\u00f6rbjuda inrikesflygningar i Spanien"},"content":{"rendered":"<p><strong>Frankrike har tagit beslut om att f\u00f6rbjuda korta inrikesflygningar om t\u00e5galternativ finns. N\u00e5got liknande beslut \u00e4r inte aktuellt i Spanien. Det franska dekretet publicerades p\u00e5 onsdagen i Diario Franc\u00e9s.<\/strong><\/p>\n<p>Den nya \u00e5tg\u00e4rden i Frankrike ska till\u00e4mpas under tre \u00e5r f\u00f6r att senare utv\u00e4rderas. Det g\u00e4ller flygresor d\u00e4r resen\u00e4rerna i st\u00e4llet ska ta t\u00e5get om det \u00e4r framme inom tv\u00e5 och en halv timme. Det kr\u00e4ver att t\u00e5get har tillr\u00e4ckligt med avg\u00e5ngar f\u00f6rutom att anslutningen till\u00e5ter passageraren att tillbringa minst \u00e5tta timmar p\u00e5 destinationen.<\/p>\n<p>Det betyder att flyg fr\u00e5n Paris till Nantes, Lyon och Bordeax kan f\u00f6rbjudas om det inte handlar om anslutningsflyg. Syftet \u00e4r att minska koldioxidutsl\u00e4ppen fr\u00e5n flygindustrin.<\/p>\n<p>Flygbolagens intressef\u00f6reningar \u00e4r dock emot \u00e5tg\u00e4rden. IATA:s generaldirekt\u00f6r Willie Walsh beskriver \u00e5tg\u00e4rden som \u201dfullst\u00e4ndigt absurd\u201d och f\u00f6rs\u00e4krar att \u201dden \u00e4r v\u00e4rdel\u00f6s\u201d.<\/p>\n<p>Om alla flyglinjer p\u00e5 mindre \u00e4n 500 kilometer i Europa skulle f\u00f6rbjudas s\u00e5 drabbar det 24 procent av flygningarna. Koldioxidutsl\u00e4ppen skulle minska med endast 3,8 procent, enligt Eurocontrols ber\u00e4kningar.<\/p>\n<h2>Komplement<\/h2>\n<p>I Spanien ser inte flygbolagen t\u00e5get som en konkurrent utan som ett komplement.<\/p>\n<p>Vid en presstr\u00e4ff nyligen om prognosen inf\u00f6r sommars\u00e4songen sa presidenten vid flygbolagens intresseorganisation ALA (Asociaci\u00f3n espa\u00f1ola de L\u00edneas A\u00e9reas) Javier G\u00e1ndara att de fem spanska flyglinjerna som har h\u00f6ghastighetst\u00e5g (Madrid till Barcelona, \u200b\u200b\u200b\u200bM\u00e1laga, Sevilla, Valencia och Alicante) uppg\u00e5r antalet flygresen\u00e4rer till fyra miljoner per \u00e5r av det totala antalet flygresen\u00e4rer p\u00e5 275 miljoner.<\/p>\n<p>Enligt Javier G\u00e1ndara v\u00e4ljer majoriteten att flyg p\u00e5 grund av priset eller f\u00f6r att resen\u00e4ren \u00e4r transit och beh\u00f6ver anslutningsflyg. Av den orsaken skulle f\u00f6rbjudna inrikesflygningar vara en ineffektiv \u00e5tg\u00e4rd i Spanien d\u00e4r koldioxidutsl\u00e4ppen skulle minska med bara 0,9 procent men skapa anslutningsproblem f\u00f6r resen\u00e4rer.<\/p>\n<p>\u00c5 andra sidan p\u00e5pekar han att det finns andra mycket effektivare \u00e5tg\u00e4rder som h\u00e5llbara flygbr\u00e4nslen (SAF) som skulle minska utsl\u00e4ppen med upp till 80 procent.<\/p>\n","protected":false},"excerpt":{"rendered":"<p>Frankrike har tagit beslut om att f\u00f6rbjuda korta inrikesflygningar om t\u00e5galternativ finns. N\u00e5got liknande beslut \u00e4r inte aktuellt i Spanien. Det franska dekretet publicerades p\u00e5 onsdagen i Diario Franc\u00e9s&#8230;<\/p>\n","protected":false},"author":7,"featured_media":63971,"comment_status":"open","ping_status":"closed","sticky":false,"template":"","format":"standard","meta":{"_et_pb_use_builder":"","_et_pb_old_content":"","_et_gb_content_width":"","footnotes":""},"categories":[395,3],"tags":[],"class_list":["post-63969","post","type-post","status-publish","format-standard","has-post-thumbnail","hentry","category-arkiv-nyheter","category-nyheter"],"yoast_head":"<!-- This site is optimized with the Yoast SEO Premium plugin v26.2 (Yoast SEO v27.4) - https:\/\/yoast.com\/product\/yoast-seo-premium-wordpress\/ -->\n<title>Inga planer p\u00e5 att f\u00f6rbjuda inrikesflygningar i Spanien - Svenska Magasinet<\/title>\n<meta name=\"description\" content=\"Frankrike har tagit beslut om att f\u00f6rbjuda korta inrikesflygningar om t\u00e5galternativ finns. N\u00e5got liknande beslut \u00e4r inte aktuellt i Spanien. Det franska dekretet publicerades p\u00e5 onsdagen i Diario Franc\u00e9s.\" \/>\n<meta name=\"robots\" content=\"noindex, follow, max-snippet:-1, max-image-preview:large, max-video-preview:-1\" \/>\n<meta property=\"og:locale\" content=\"sv_SE\" \/>\n<meta property=\"og:type\" content=\"article\" \/>\n<meta property=\"og:title\" content=\"Inga planer p\u00e5 att f\u00f6rbjuda inrikesflygningar i Spanien\" \/>\n<meta property=\"og:description\" content=\"Frankrike har tagit beslut om att f\u00f6rbjuda korta inrikesflygningar om t\u00e5galternativ finns. N\u00e5got liknande beslut \u00e4r inte aktuellt i Spanien. Det franska dekretet publicerades p\u00e5 onsdagen i Diario Franc\u00e9s.\" \/>\n<meta property=\"og:url\" content=\"https:\/\/lightweb.dev\/l\/svm-temp\/nyheter\/inga-planer-pa-att-forbjuda-inrikesflygningar-i-spanien\/\" \/>\n<meta property=\"og:site_name\" content=\"Svenska Magasinet\" \/>\n<meta property=\"article:publisher\" content=\"https:\/\/www.facebook.com\/svenskamagasinet\" \/>\n<meta property=\"article:published_time\" content=\"2023-05-25T10:00:41+00:00\" \/>\n<meta property=\"og:image\" content=\"https:\/\/lightweb.dev\/l\/svm-temp\/wp-content\/uploads\/2023\/05\/12-stor.jpeg\" \/>\n\t<meta property=\"og:image:width\" content=\"1180\" \/>\n\t<meta property=\"og:image:height\" content=\"787\" \/>\n\t<meta property=\"og:image:type\" content=\"image\/jpeg\" \/>\n<meta name=\"author\" content=\"Ola Josefsson\" \/>\n<meta name=\"twitter:card\" content=\"summary_large_image\" \/>\n<meta name=\"twitter:creator\" content=\"@SvenskaMagasine\" \/>\n<meta name=\"twitter:site\" content=\"@SvenskaMagasine\" \/>\n<script type=\"application\/ld+json\" class=\"yoast-schema-graph\">{\"@context\":\"https:\\\/\\\/schema.org\",\"@graph\":[{\"@type\":\"Article\",\"@id\":\"https:\\\/\\\/lightweb.dev\\\/l\\\/svm-temp\\\/nyheter\\\/inga-planer-pa-att-forbjuda-inrikesflygningar-i-spanien\\\/#article\",\"isPartOf\":{\"@id\":\"https:\\\/\\\/lightweb.dev\\\/l\\\/svm-temp\\\/nyheter\\\/inga-planer-pa-att-forbjuda-inrikesflygningar-i-spanien\\\/\"},\"author\":{\"name\":\"Ola Josefsson\",\"@id\":\"https:\\\/\\\/lightweb.dev\\\/l\\\/svm-temp\\\/#\\\/schema\\\/person\\\/7a82b8a73d171d32360a564b6d03508e\"},\"headline\":\"Inga planer p\u00e5 att f\u00f6rbjuda inrikesflygningar i Spanien\",\"datePublished\":\"2023-05-25T10:00:41+00:00\",\"mainEntityOfPage\":{\"@id\":\"https:\\\/\\\/lightweb.dev\\\/l\\\/svm-temp\\\/nyheter\\\/inga-planer-pa-att-forbjuda-inrikesflygningar-i-spanien\\\/\"},\"wordCount\":365,\"commentCount\":1,\"publisher\":{\"@id\":\"https:\\\/\\\/lightweb.dev\\\/l\\\/svm-temp\\\/#organization\"},\"image\":{\"@id\":\"https:\\\/\\\/lightweb.dev\\\/l\\\/svm-temp\\\/nyheter\\\/inga-planer-pa-att-forbjuda-inrikesflygningar-i-spanien\\\/#primaryimage\"},\"thumbnailUrl\":\"https:\\\/\\\/lightweb.dev\\\/l\\\/svm-temp\\\/wp-content\\\/uploads\\\/2023\\\/05\\\/12-stor.jpeg\",\"articleSection\":[\"Arkiv\",\"Nyheter\"],\"inLanguage\":\"sv-SE\"},{\"@type\":\"WebPage\",\"@id\":\"https:\\\/\\\/lightweb.dev\\\/l\\\/svm-temp\\\/nyheter\\\/inga-planer-pa-att-forbjuda-inrikesflygningar-i-spanien\\\/\",\"url\":\"https:\\\/\\\/lightweb.dev\\\/l\\\/svm-temp\\\/nyheter\\\/inga-planer-pa-att-forbjuda-inrikesflygningar-i-spanien\\\/\",\"name\":\"Inga planer p\u00e5 att f\u00f6rbjuda inrikesflygningar i Spanien - Svenska Magasinet\",\"isPartOf\":{\"@id\":\"https:\\\/\\\/lightweb.dev\\\/l\\\/svm-temp\\\/#website\"},\"primaryImageOfPage\":{\"@id\":\"https:\\\/\\\/lightweb.dev\\\/l\\\/svm-temp\\\/nyheter\\\/inga-planer-pa-att-forbjuda-inrikesflygningar-i-spanien\\\/#primaryimage\"},\"image\":{\"@id\":\"https:\\\/\\\/lightweb.dev\\\/l\\\/svm-temp\\\/nyheter\\\/inga-planer-pa-att-forbjuda-inrikesflygningar-i-spanien\\\/#primaryimage\"},\"thumbnailUrl\":\"https:\\\/\\\/lightweb.dev\\\/l\\\/svm-temp\\\/wp-content\\\/uploads\\\/2023\\\/05\\\/12-stor.jpeg\",\"datePublished\":\"2023-05-25T10:00:41+00:00\",\"description\":\"Frankrike har tagit beslut om att f\u00f6rbjuda korta inrikesflygningar om t\u00e5galternativ finns. N\u00e5got liknande beslut \u00e4r inte aktuellt i Spanien. Det franska dekretet publicerades p\u00e5 onsdagen i Diario Franc\u00e9s.\",\"breadcrumb\":{\"@id\":\"https:\\\/\\\/lightweb.dev\\\/l\\\/svm-temp\\\/nyheter\\\/inga-planer-pa-att-forbjuda-inrikesflygningar-i-spanien\\\/#breadcrumb\"},\"inLanguage\":\"sv-SE\",\"potentialAction\":[{\"@type\":\"ReadAction\",\"target\":[\"https:\\\/\\\/lightweb.dev\\\/l\\\/svm-temp\\\/nyheter\\\/inga-planer-pa-att-forbjuda-inrikesflygningar-i-spanien\\\/\"]}]},{\"@type\":\"ImageObject\",\"inLanguage\":\"sv-SE\",\"@id\":\"https:\\\/\\\/lightweb.dev\\\/l\\\/svm-temp\\\/nyheter\\\/inga-planer-pa-att-forbjuda-inrikesflygningar-i-spanien\\\/#primaryimage\",\"url\":\"https:\\\/\\\/lightweb.dev\\\/l\\\/svm-temp\\\/wp-content\\\/uploads\\\/2023\\\/05\\\/12-stor.jpeg\",\"contentUrl\":\"https:\\\/\\\/lightweb.dev\\\/l\\\/svm-temp\\\/wp-content\\\/uploads\\\/2023\\\/05\\\/12-stor.jpeg\",\"width\":1180,\"height\":787},{\"@type\":\"BreadcrumbList\",\"@id\":\"https:\\\/\\\/lightweb.dev\\\/l\\\/svm-temp\\\/nyheter\\\/inga-planer-pa-att-forbjuda-inrikesflygningar-i-spanien\\\/#breadcrumb\",\"itemListElement\":[{\"@type\":\"ListItem\",\"position\":1,\"name\":\"Hem\",\"item\":\"https:\\\/\\\/lightweb.dev\\\/l\\\/svm-temp\\\/\"},{\"@type\":\"ListItem\",\"position\":2,\"name\":\"Inga planer p\u00e5 att f\u00f6rbjuda inrikesflygningar i Spanien\"}]},{\"@type\":\"WebSite\",\"@id\":\"https:\\\/\\\/lightweb.dev\\\/l\\\/svm-temp\\\/#website\",\"url\":\"https:\\\/\\\/lightweb.dev\\\/l\\\/svm-temp\\\/\",\"name\":\"Svenska Magasinet\",\"description\":\"Dina Spanska nyheter p&aring; Svenska\",\"publisher\":{\"@id\":\"https:\\\/\\\/lightweb.dev\\\/l\\\/svm-temp\\\/#organization\"},\"potentialAction\":[{\"@type\":\"SearchAction\",\"target\":{\"@type\":\"EntryPoint\",\"urlTemplate\":\"https:\\\/\\\/lightweb.dev\\\/l\\\/svm-temp\\\/?s={search_term_string}\"},\"query-input\":{\"@type\":\"PropertyValueSpecification\",\"valueRequired\":true,\"valueName\":\"search_term_string\"}}],\"inLanguage\":\"sv-SE\"},{\"@type\":\"Organization\",\"@id\":\"https:\\\/\\\/lightweb.dev\\\/l\\\/svm-temp\\\/#organization\",\"name\":\"Melkerson y Nott SL\",\"alternateName\":\"Svenska Magasinet\",\"url\":\"https:\\\/\\\/lightweb.dev\\\/l\\\/svm-temp\\\/\",\"logo\":{\"@type\":\"ImageObject\",\"inLanguage\":\"sv-SE\",\"@id\":\"https:\\\/\\\/lightweb.dev\\\/l\\\/svm-temp\\\/#\\\/schema\\\/logo\\\/image\\\/\",\"url\":\"https:\\\/\\\/lightweb.dev\\\/l\\\/svm-temp\\\/wp-content\\\/uploads\\\/2025\\\/02\\\/SvM-logo-Xtra-Centrerad-SVART.png\",\"contentUrl\":\"https:\\\/\\\/lightweb.dev\\\/l\\\/svm-temp\\\/wp-content\\\/uploads\\\/2025\\\/02\\\/SvM-logo-Xtra-Centrerad-SVART.png\",\"width\":300,\"height\":99,\"caption\":\"Melkerson y Nott SL\"},\"image\":{\"@id\":\"https:\\\/\\\/lightweb.dev\\\/l\\\/svm-temp\\\/#\\\/schema\\\/logo\\\/image\\\/\"},\"sameAs\":[\"https:\\\/\\\/www.facebook.com\\\/svenskamagasinet\",\"https:\\\/\\\/x.com\\\/SvenskaMagasine\"]},{\"@type\":\"Person\",\"@id\":\"https:\\\/\\\/lightweb.dev\\\/l\\\/svm-temp\\\/#\\\/schema\\\/person\\\/7a82b8a73d171d32360a564b6d03508e\",\"name\":\"Ola Josefsson\",\"description\":\"Bevakar Solkusten och Spanien sedan 1994.\",\"sameAs\":[\"https:\\\/\\\/lightweb.dev\\\/l\\\/svm-temp\"],\"url\":\"https:\\\/\\\/lightweb.dev\\\/l\\\/svm-temp\\\/reporter\\\/ola-josefsson\\\/\"}]}<\/script>\n<!-- \/ Yoast SEO Premium plugin. -->","yoast_head_json":{"title":"Inga planer p\u00e5 att f\u00f6rbjuda inrikesflygningar i Spanien - Svenska Magasinet","description":"Frankrike har tagit beslut om att f\u00f6rbjuda korta inrikesflygningar om t\u00e5galternativ finns. N\u00e5got liknande beslut \u00e4r inte aktuellt i Spanien. Det franska dekretet publicerades p\u00e5 onsdagen i Diario Franc\u00e9s.","robots":{"index":"noindex","follow":"follow","max-snippet":"max-snippet:-1","max-image-preview":"max-image-preview:large","max-video-preview":"max-video-preview:-1"},"og_locale":"sv_SE","og_type":"article","og_title":"Inga planer p\u00e5 att f\u00f6rbjuda inrikesflygningar i Spanien","og_description":"Frankrike har tagit beslut om att f\u00f6rbjuda korta inrikesflygningar om t\u00e5galternativ finns. N\u00e5got liknande beslut \u00e4r inte aktuellt i Spanien. Det franska dekretet publicerades p\u00e5 onsdagen i Diario Franc\u00e9s.","og_url":"https:\/\/lightweb.dev\/l\/svm-temp\/nyheter\/inga-planer-pa-att-forbjuda-inrikesflygningar-i-spanien\/","og_site_name":"Svenska Magasinet","article_publisher":"https:\/\/www.facebook.com\/svenskamagasinet","article_published_time":"2023-05-25T10:00:41+00:00","og_image":[{"width":1180,"height":787,"url":"https:\/\/lightweb.dev\/l\/svm-temp\/wp-content\/uploads\/2023\/05\/12-stor.jpeg","type":"image\/jpeg"}],"author":"Ola Josefsson","twitter_card":"summary_large_image","twitter_creator":"@SvenskaMagasine","twitter_site":"@SvenskaMagasine","schema":{"@context":"https:\/\/schema.org","@graph":[{"@type":"Article","@id":"https:\/\/lightweb.dev\/l\/svm-temp\/nyheter\/inga-planer-pa-att-forbjuda-inrikesflygningar-i-spanien\/#article","isPartOf":{"@id":"https:\/\/lightweb.dev\/l\/svm-temp\/nyheter\/inga-planer-pa-att-forbjuda-inrikesflygningar-i-spanien\/"},"author":{"name":"Ola Josefsson","@id":"https:\/\/lightweb.dev\/l\/svm-temp\/#\/schema\/person\/7a82b8a73d171d32360a564b6d03508e"},"headline":"Inga planer p\u00e5 att f\u00f6rbjuda inrikesflygningar i Spanien","datePublished":"2023-05-25T10:00:41+00:00","mainEntityOfPage":{"@id":"https:\/\/lightweb.dev\/l\/svm-temp\/nyheter\/inga-planer-pa-att-forbjuda-inrikesflygningar-i-spanien\/"},"wordCount":365,"commentCount":1,"publisher":{"@id":"https:\/\/lightweb.dev\/l\/svm-temp\/#organization"},"image":{"@id":"https:\/\/lightweb.dev\/l\/svm-temp\/nyheter\/inga-planer-pa-att-forbjuda-inrikesflygningar-i-spanien\/#primaryimage"},"thumbnailUrl":"https:\/\/lightweb.dev\/l\/svm-temp\/wp-content\/uploads\/2023\/05\/12-stor.jpeg","articleSection":["Arkiv","Nyheter"],"inLanguage":"sv-SE"},{"@type":"WebPage","@id":"https:\/\/lightweb.dev\/l\/svm-temp\/nyheter\/inga-planer-pa-att-forbjuda-inrikesflygningar-i-spanien\/","url":"https:\/\/lightweb.dev\/l\/svm-temp\/nyheter\/inga-planer-pa-att-forbjuda-inrikesflygningar-i-spanien\/","name":"Inga planer p\u00e5 att f\u00f6rbjuda inrikesflygningar i Spanien - Svenska Magasinet","isPartOf":{"@id":"https:\/\/lightweb.dev\/l\/svm-temp\/#website"},"primaryImageOfPage":{"@id":"https:\/\/lightweb.dev\/l\/svm-temp\/nyheter\/inga-planer-pa-att-forbjuda-inrikesflygningar-i-spanien\/#primaryimage"},"image":{"@id":"https:\/\/lightweb.dev\/l\/svm-temp\/nyheter\/inga-planer-pa-att-forbjuda-inrikesflygningar-i-spanien\/#primaryimage"},"thumbnailUrl":"https:\/\/lightweb.dev\/l\/svm-temp\/wp-content\/uploads\/2023\/05\/12-stor.jpeg","datePublished":"2023-05-25T10:00:41+00:00","description":"Frankrike har tagit beslut om att f\u00f6rbjuda korta inrikesflygningar om t\u00e5galternativ finns. N\u00e5got liknande beslut \u00e4r inte aktuellt i Spanien. Det franska dekretet publicerades p\u00e5 onsdagen i Diario Franc\u00e9s.","breadcrumb":{"@id":"https:\/\/lightweb.dev\/l\/svm-temp\/nyheter\/inga-planer-pa-att-forbjuda-inrikesflygningar-i-spanien\/#breadcrumb"},"inLanguage":"sv-SE","potentialAction":[{"@type":"ReadAction","target":["https:\/\/lightweb.dev\/l\/svm-temp\/nyheter\/inga-planer-pa-att-forbjuda-inrikesflygningar-i-spanien\/"]}]},{"@type":"ImageObject","inLanguage":"sv-SE","@id":"https:\/\/lightweb.dev\/l\/svm-temp\/nyheter\/inga-planer-pa-att-forbjuda-inrikesflygningar-i-spanien\/#primaryimage","url":"https:\/\/lightweb.dev\/l\/svm-temp\/wp-content\/uploads\/2023\/05\/12-stor.jpeg","contentUrl":"https:\/\/lightweb.dev\/l\/svm-temp\/wp-content\/uploads\/2023\/05\/12-stor.jpeg","width":1180,"height":787},{"@type":"BreadcrumbList","@id":"https:\/\/lightweb.dev\/l\/svm-temp\/nyheter\/inga-planer-pa-att-forbjuda-inrikesflygningar-i-spanien\/#breadcrumb","itemListElement":[{"@type":"ListItem","position":1,"name":"Hem","item":"https:\/\/lightweb.dev\/l\/svm-temp\/"},{"@type":"ListItem","position":2,"name":"Inga planer p\u00e5 att f\u00f6rbjuda inrikesflygningar i Spanien"}]},{"@type":"WebSite","@id":"https:\/\/lightweb.dev\/l\/svm-temp\/#website","url":"https:\/\/lightweb.dev\/l\/svm-temp\/","name":"Svenska Magasinet","description":"Dina Spanska nyheter p&aring; Svenska","publisher":{"@id":"https:\/\/lightweb.dev\/l\/svm-temp\/#organization"},"potentialAction":[{"@type":"SearchAction","target":{"@type":"EntryPoint","urlTemplate":"https:\/\/lightweb.dev\/l\/svm-temp\/?s={search_term_string}"},"query-input":{"@type":"PropertyValueSpecification","valueRequired":true,"valueName":"search_term_string"}}],"inLanguage":"sv-SE"},{"@type":"Organization","@id":"https:\/\/lightweb.dev\/l\/svm-temp\/#organization","name":"Melkerson y Nott SL","alternateName":"Svenska Magasinet","url":"https:\/\/lightweb.dev\/l\/svm-temp\/","logo":{"@type":"ImageObject","inLanguage":"sv-SE","@id":"https:\/\/lightweb.dev\/l\/svm-temp\/#\/schema\/logo\/image\/","url":"https:\/\/lightweb.dev\/l\/svm-temp\/wp-content\/uploads\/2025\/02\/SvM-logo-Xtra-Centrerad-SVART.png","contentUrl":"https:\/\/lightweb.dev\/l\/svm-temp\/wp-content\/uploads\/2025\/02\/SvM-logo-Xtra-Centrerad-SVART.png","width":300,"height":99,"caption":"Melkerson y Nott SL"},"image":{"@id":"https:\/\/lightweb.dev\/l\/svm-temp\/#\/schema\/logo\/image\/"},"sameAs":["https:\/\/www.facebook.com\/svenskamagasinet","https:\/\/x.com\/SvenskaMagasine"]},{"@type":"Person","@id":"https:\/\/lightweb.dev\/l\/svm-temp\/#\/schema\/person\/7a82b8a73d171d32360a564b6d03508e","name":"Ola Josefsson","description":"Bevakar Solkusten och Spanien sedan 1994.","sameAs":["https:\/\/lightweb.dev\/l\/svm-temp"],"url":"https:\/\/lightweb.dev\/l\/svm-temp\/reporter\/ola-josefsson\/"}]}},"_links":{"self":[{"href":"https:\/\/lightweb.dev\/l\/svm-temp\/wp-json\/wp\/v2\/posts\/63969","targetHints":{"allow":["GET"]}}],"collection":[{"href":"https:\/\/lightweb.dev\/l\/svm-temp\/wp-json\/wp\/v2\/posts"}],"about":[{"href":"https:\/\/lightweb.dev\/l\/svm-temp\/wp-json\/wp\/v2\/types\/post"}],"author":[{"embeddable":true,"href":"https:\/\/lightweb.dev\/l\/svm-temp\/wp-json\/wp\/v2\/users\/7"}],"replies":[{"embeddable":true,"href":"https:\/\/lightweb.dev\/l\/svm-temp\/wp-json\/wp\/v2\/comments?post=63969"}],"version-history":[{"count":0,"href":"https:\/\/lightweb.dev\/l\/svm-temp\/wp-json\/wp\/v2\/posts\/63969\/revisions"}],"wp:featuredmedia":[{"embeddable":true,"href":"https:\/\/lightweb.dev\/l\/svm-temp\/wp-json\/wp\/v2\/media\/63971"}],"wp:attachment":[{"href":"https:\/\/lightweb.dev\/l\/svm-temp\/wp-json\/wp\/v2\/media?parent=63969"}],"wp:term":[{"taxonomy":"category","embeddable":true,"href":"https:\/\/lightweb.dev\/l\/svm-temp\/wp-json\/wp\/v2\/categories?post=63969"},{"taxonomy":"post_tag","embeddable":true,"href":"https:\/\/lightweb.dev\/l\/svm-temp\/wp-json\/wp\/v2\/tags?post=63969"}],"curies":[{"name":"wp","href":"https:\/\/api.w.org\/{rel}","templated":true}]}}