{"id":63976,"date":"2023-05-25T15:36:59","date_gmt":"2023-05-25T13:36:59","guid":{"rendered":"https:\/\/lightweb.dev\/l\/svm-temp\/?p=63976"},"modified":"2023-05-25T15:42:51","modified_gmt":"2023-05-25T13:42:51","slug":"tusentals-ukrainska-soldater-utbildas-i-spanien","status":"publish","type":"post","link":"https:\/\/lightweb.dev\/l\/svm-temp\/nyheter\/tusentals-ukrainska-soldater-utbildas-i-spanien\/","title":{"rendered":"Tusentals ukrainska soldater utbildas i Spanien"},"content":{"rendered":"<p><strong>Vapen blir inte till n\u00e5gon nytta om inte de som ska anv\u00e4nda dem vet hur de ska hanteras. Det \u00e4r anledningen till att omkring tv\u00e5 tusen ukrainska milit\u00e4rer tr\u00e4nas i Spanien. Totalt ska 30.000 ukrainska milit\u00e4rer utbildas i Europa i \u00e5r.<\/strong><\/p>\n<p>De \u00e4r vana vid f\u00f6r\u00e5ldrade ryska vapen som Gradraketer eller gamla stridsvagnar som T-72.<\/p>\n<p>Under v\u00e5ren har ukrainska milit\u00e4rer utbildats i hur de ska hantera stridsvagnen Leopard 2A vid en milit\u00e4ranl\u00e4ggning i Zaragoza. Totalt \u00e4r det 900 milit\u00e4rer fr\u00e5n Ukraina som utbildats och tr\u00e4nats hittills.<\/p>\n<p><img loading=\"lazy\" decoding=\"async\" class=\"size-medium wp-image-63979 alignleft\" src=\"https:\/\/lightweb.dev\/l\/svm-temp\/wp-content\/uploads\/2023\/05\/Fsy4oYwWcAI_c73-stor-300x225.jpeg\" alt=\"\" width=\"300\" height=\"225\" srcset=\"https:\/\/lightweb.dev\/l\/svm-temp\/wp-content\/uploads\/2023\/05\/Fsy4oYwWcAI_c73-stor-300x225.jpeg 300w, https:\/\/lightweb.dev\/l\/svm-temp\/wp-content\/uploads\/2023\/05\/Fsy4oYwWcAI_c73-stor-900x675.jpeg 900w, https:\/\/lightweb.dev\/l\/svm-temp\/wp-content\/uploads\/2023\/05\/Fsy4oYwWcAI_c73-stor-768x576.jpeg 768w, https:\/\/lightweb.dev\/l\/svm-temp\/wp-content\/uploads\/2023\/05\/Fsy4oYwWcAI_c73-stor-610x458.jpeg 610w, https:\/\/lightweb.dev\/l\/svm-temp\/wp-content\/uploads\/2023\/05\/Fsy4oYwWcAI_c73-stor-1080x810.jpeg 1080w, https:\/\/lightweb.dev\/l\/svm-temp\/wp-content\/uploads\/2023\/05\/Fsy4oYwWcAI_c73-stor-600x450.jpeg 600w, https:\/\/lightweb.dev\/l\/svm-temp\/wp-content\/uploads\/2023\/05\/Fsy4oYwWcAI_c73-stor.jpeg 1280w\" sizes=\"(max-width: 300px) 100vw, 300px\" \/><\/p>\n<p>Innan \u00e5ret \u00e4r slut v\u00e4ntas siffran stiga till tv\u00e5 tusen. EU har som m\u00e5l att 30.000 ska f\u00e5 utbildning vid olika baser i 27 l\u00e4nder. Det inneb\u00e4r en f\u00f6rdubbling j\u00e4mf\u00f6rt med ifjol.<\/p>\n<p>De flesta ukrainska soldater som tr\u00e4nats i Spanien \u00e4r inte yrkesmilit\u00e4rer. Av det sk\u00e4let har de f\u00e5tt en grundl\u00e4ggande utbildning vid akademin och infanteriet i Toledo.<\/p>\n<p>Spaniens f\u00f6rsvarsminister Margarita Robles var p\u00e5 plats n\u00e4r 200 ukrainska soldater fick sitt diplom efter utbildning.<\/p>\n<p>&#8211; Ni reser till en sv\u00e5r plats, en sv\u00e5r destination, men det \u00e4r ert hemland. Varje g\u00e5ng ni tittar p\u00e5 diplomet, kom ih\u00e5g att er sm\u00e4rta \u00e4r v\u00e5r sm\u00e4rta, era familjer och barn \u00e4r ocks\u00e5 v\u00e5ra familjer och v\u00e5ra barn, sa f\u00f6rsvarsministern.<\/p>\n","protected":false},"excerpt":{"rendered":"<p>Vapen blir inte till n\u00e5gon nytta om inte de som ska anv\u00e4nda dem vet hur de ska hanteras. Det \u00e4r anledningen till att omkring tv\u00e5 tusen ukrainska milit\u00e4rer tr\u00e4nas&#8230;<\/p>\n","protected":false},"author":7,"featured_media":63978,"comment_status":"open","ping_status":"closed","sticky":false,"template":"","format":"standard","meta":{"_et_pb_use_builder":"","_et_pb_old_content":"","_et_gb_content_width":"","footnotes":""},"categories":[395,3],"tags":[],"class_list":["post-63976","post","type-post","status-publish","format-standard","has-post-thumbnail","hentry","category-arkiv-nyheter","category-nyheter"],"yoast_head":"<!-- This site is optimized with the Yoast SEO Premium plugin v26.2 (Yoast SEO v27.4) - https:\/\/yoast.com\/product\/yoast-seo-premium-wordpress\/ -->\n<title>Tusentals ukrainska soldater utbildas i Spanien - Svenska Magasinet<\/title>\n<meta name=\"description\" content=\"Vapen blir inte till n\u00e5gon nytta om inte de som ska anv\u00e4nda dem vet hur de ska hanteras. Det \u00e4r anledningen till att omkring tv\u00e5 tusen ukrainska milit\u00e4rer tr\u00e4nas i Spanien. Totalt ska 30.000 ukrainska milit\u00e4rer utbildas i Europa i \u00e5r.\" \/>\n<meta name=\"robots\" content=\"noindex, follow, max-snippet:-1, max-image-preview:large, max-video-preview:-1\" \/>\n<meta property=\"og:locale\" content=\"sv_SE\" \/>\n<meta property=\"og:type\" content=\"article\" \/>\n<meta property=\"og:title\" content=\"Tusentals ukrainska soldater utbildas i Spanien\" \/>\n<meta property=\"og:description\" content=\"Vapen blir inte till n\u00e5gon nytta om inte de som ska anv\u00e4nda dem vet hur de ska hanteras. Det \u00e4r anledningen till att omkring tv\u00e5 tusen ukrainska milit\u00e4rer tr\u00e4nas i Spanien. Totalt ska 30.000 ukrainska milit\u00e4rer utbildas i Europa i \u00e5r.\" \/>\n<meta property=\"og:url\" content=\"https:\/\/lightweb.dev\/l\/svm-temp\/nyheter\/tusentals-ukrainska-soldater-utbildas-i-spanien\/\" \/>\n<meta property=\"og:site_name\" content=\"Svenska Magasinet\" \/>\n<meta property=\"article:publisher\" content=\"https:\/\/www.facebook.com\/svenskamagasinet\" \/>\n<meta property=\"article:published_time\" content=\"2023-05-25T13:36:59+00:00\" \/>\n<meta property=\"article:modified_time\" content=\"2023-05-25T13:42:51+00:00\" \/>\n<meta property=\"og:image\" content=\"https:\/\/lightweb.dev\/l\/svm-temp\/wp-content\/uploads\/2023\/05\/Fsy4oYvWwAIqJ5W-stor.jpeg\" \/>\n\t<meta property=\"og:image:width\" content=\"1280\" \/>\n\t<meta property=\"og:image:height\" content=\"811\" \/>\n\t<meta property=\"og:image:type\" content=\"image\/jpeg\" \/>\n<meta name=\"author\" content=\"Ola Josefsson\" \/>\n<meta name=\"twitter:card\" content=\"summary_large_image\" \/>\n<meta name=\"twitter:creator\" content=\"@SvenskaMagasine\" \/>\n<meta name=\"twitter:site\" content=\"@SvenskaMagasine\" \/>\n<script type=\"application\/ld+json\" class=\"yoast-schema-graph\">{\"@context\":\"https:\\\/\\\/schema.org\",\"@graph\":[{\"@type\":\"Article\",\"@id\":\"https:\\\/\\\/lightweb.dev\\\/l\\\/svm-temp\\\/nyheter\\\/tusentals-ukrainska-soldater-utbildas-i-spanien\\\/#article\",\"isPartOf\":{\"@id\":\"https:\\\/\\\/lightweb.dev\\\/l\\\/svm-temp\\\/nyheter\\\/tusentals-ukrainska-soldater-utbildas-i-spanien\\\/\"},\"author\":{\"name\":\"Ola Josefsson\",\"@id\":\"https:\\\/\\\/lightweb.dev\\\/l\\\/svm-temp\\\/#\\\/schema\\\/person\\\/7a82b8a73d171d32360a564b6d03508e\"},\"headline\":\"Tusentals ukrainska soldater utbildas i Spanien\",\"datePublished\":\"2023-05-25T13:36:59+00:00\",\"dateModified\":\"2023-05-25T13:42:51+00:00\",\"mainEntityOfPage\":{\"@id\":\"https:\\\/\\\/lightweb.dev\\\/l\\\/svm-temp\\\/nyheter\\\/tusentals-ukrainska-soldater-utbildas-i-spanien\\\/\"},\"wordCount\":241,\"commentCount\":0,\"publisher\":{\"@id\":\"https:\\\/\\\/lightweb.dev\\\/l\\\/svm-temp\\\/#organization\"},\"image\":{\"@id\":\"https:\\\/\\\/lightweb.dev\\\/l\\\/svm-temp\\\/nyheter\\\/tusentals-ukrainska-soldater-utbildas-i-spanien\\\/#primaryimage\"},\"thumbnailUrl\":\"https:\\\/\\\/lightweb.dev\\\/l\\\/svm-temp\\\/wp-content\\\/uploads\\\/2023\\\/05\\\/Fsy4oYvWwAIqJ5W-stor.jpeg\",\"articleSection\":[\"Arkiv\",\"Nyheter\"],\"inLanguage\":\"sv-SE\"},{\"@type\":\"WebPage\",\"@id\":\"https:\\\/\\\/lightweb.dev\\\/l\\\/svm-temp\\\/nyheter\\\/tusentals-ukrainska-soldater-utbildas-i-spanien\\\/\",\"url\":\"https:\\\/\\\/lightweb.dev\\\/l\\\/svm-temp\\\/nyheter\\\/tusentals-ukrainska-soldater-utbildas-i-spanien\\\/\",\"name\":\"Tusentals ukrainska soldater utbildas i Spanien - Svenska Magasinet\",\"isPartOf\":{\"@id\":\"https:\\\/\\\/lightweb.dev\\\/l\\\/svm-temp\\\/#website\"},\"primaryImageOfPage\":{\"@id\":\"https:\\\/\\\/lightweb.dev\\\/l\\\/svm-temp\\\/nyheter\\\/tusentals-ukrainska-soldater-utbildas-i-spanien\\\/#primaryimage\"},\"image\":{\"@id\":\"https:\\\/\\\/lightweb.dev\\\/l\\\/svm-temp\\\/nyheter\\\/tusentals-ukrainska-soldater-utbildas-i-spanien\\\/#primaryimage\"},\"thumbnailUrl\":\"https:\\\/\\\/lightweb.dev\\\/l\\\/svm-temp\\\/wp-content\\\/uploads\\\/2023\\\/05\\\/Fsy4oYvWwAIqJ5W-stor.jpeg\",\"datePublished\":\"2023-05-25T13:36:59+00:00\",\"dateModified\":\"2023-05-25T13:42:51+00:00\",\"description\":\"Vapen blir inte till n\u00e5gon nytta om inte de som ska anv\u00e4nda dem vet hur de ska hanteras. Det \u00e4r anledningen till att omkring tv\u00e5 tusen ukrainska milit\u00e4rer tr\u00e4nas i Spanien. Totalt ska 30.000 ukrainska milit\u00e4rer utbildas i Europa i \u00e5r.\",\"breadcrumb\":{\"@id\":\"https:\\\/\\\/lightweb.dev\\\/l\\\/svm-temp\\\/nyheter\\\/tusentals-ukrainska-soldater-utbildas-i-spanien\\\/#breadcrumb\"},\"inLanguage\":\"sv-SE\",\"potentialAction\":[{\"@type\":\"ReadAction\",\"target\":[\"https:\\\/\\\/lightweb.dev\\\/l\\\/svm-temp\\\/nyheter\\\/tusentals-ukrainska-soldater-utbildas-i-spanien\\\/\"]}]},{\"@type\":\"ImageObject\",\"inLanguage\":\"sv-SE\",\"@id\":\"https:\\\/\\\/lightweb.dev\\\/l\\\/svm-temp\\\/nyheter\\\/tusentals-ukrainska-soldater-utbildas-i-spanien\\\/#primaryimage\",\"url\":\"https:\\\/\\\/lightweb.dev\\\/l\\\/svm-temp\\\/wp-content\\\/uploads\\\/2023\\\/05\\\/Fsy4oYvWwAIqJ5W-stor.jpeg\",\"contentUrl\":\"https:\\\/\\\/lightweb.dev\\\/l\\\/svm-temp\\\/wp-content\\\/uploads\\\/2023\\\/05\\\/Fsy4oYvWwAIqJ5W-stor.jpeg\",\"width\":1280,\"height\":811,\"caption\":\"198 ukrainska soldater f\u00e5r sitt diplom efter utbildningen vid infanteriet i Toledo. (Foto: Twitter @DGobiernoCLM)\"},{\"@type\":\"BreadcrumbList\",\"@id\":\"https:\\\/\\\/lightweb.dev\\\/l\\\/svm-temp\\\/nyheter\\\/tusentals-ukrainska-soldater-utbildas-i-spanien\\\/#breadcrumb\",\"itemListElement\":[{\"@type\":\"ListItem\",\"position\":1,\"name\":\"Hem\",\"item\":\"https:\\\/\\\/lightweb.dev\\\/l\\\/svm-temp\\\/\"},{\"@type\":\"ListItem\",\"position\":2,\"name\":\"Tusentals ukrainska soldater utbildas i Spanien\"}]},{\"@type\":\"WebSite\",\"@id\":\"https:\\\/\\\/lightweb.dev\\\/l\\\/svm-temp\\\/#website\",\"url\":\"https:\\\/\\\/lightweb.dev\\\/l\\\/svm-temp\\\/\",\"name\":\"Svenska Magasinet\",\"description\":\"Dina Spanska nyheter p&aring; Svenska\",\"publisher\":{\"@id\":\"https:\\\/\\\/lightweb.dev\\\/l\\\/svm-temp\\\/#organization\"},\"potentialAction\":[{\"@type\":\"SearchAction\",\"target\":{\"@type\":\"EntryPoint\",\"urlTemplate\":\"https:\\\/\\\/lightweb.dev\\\/l\\\/svm-temp\\\/?s={search_term_string}\"},\"query-input\":{\"@type\":\"PropertyValueSpecification\",\"valueRequired\":true,\"valueName\":\"search_term_string\"}}],\"inLanguage\":\"sv-SE\"},{\"@type\":\"Organization\",\"@id\":\"https:\\\/\\\/lightweb.dev\\\/l\\\/svm-temp\\\/#organization\",\"name\":\"Melkerson y Nott SL\",\"alternateName\":\"Svenska Magasinet\",\"url\":\"https:\\\/\\\/lightweb.dev\\\/l\\\/svm-temp\\\/\",\"logo\":{\"@type\":\"ImageObject\",\"inLanguage\":\"sv-SE\",\"@id\":\"https:\\\/\\\/lightweb.dev\\\/l\\\/svm-temp\\\/#\\\/schema\\\/logo\\\/image\\\/\",\"url\":\"https:\\\/\\\/lightweb.dev\\\/l\\\/svm-temp\\\/wp-content\\\/uploads\\\/2025\\\/02\\\/SvM-logo-Xtra-Centrerad-SVART.png\",\"contentUrl\":\"https:\\\/\\\/lightweb.dev\\\/l\\\/svm-temp\\\/wp-content\\\/uploads\\\/2025\\\/02\\\/SvM-logo-Xtra-Centrerad-SVART.png\",\"width\":300,\"height\":99,\"caption\":\"Melkerson y Nott SL\"},\"image\":{\"@id\":\"https:\\\/\\\/lightweb.dev\\\/l\\\/svm-temp\\\/#\\\/schema\\\/logo\\\/image\\\/\"},\"sameAs\":[\"https:\\\/\\\/www.facebook.com\\\/svenskamagasinet\",\"https:\\\/\\\/x.com\\\/SvenskaMagasine\"]},{\"@type\":\"Person\",\"@id\":\"https:\\\/\\\/lightweb.dev\\\/l\\\/svm-temp\\\/#\\\/schema\\\/person\\\/7a82b8a73d171d32360a564b6d03508e\",\"name\":\"Ola Josefsson\",\"description\":\"Bevakar Solkusten och Spanien sedan 1994.\",\"sameAs\":[\"https:\\\/\\\/lightweb.dev\\\/l\\\/svm-temp\"],\"url\":\"https:\\\/\\\/lightweb.dev\\\/l\\\/svm-temp\\\/reporter\\\/ola-josefsson\\\/\"}]}<\/script>\n<!-- \/ Yoast SEO Premium plugin. -->","yoast_head_json":{"title":"Tusentals ukrainska soldater utbildas i Spanien - Svenska Magasinet","description":"Vapen blir inte till n\u00e5gon nytta om inte de som ska anv\u00e4nda dem vet hur de ska hanteras. Det \u00e4r anledningen till att omkring tv\u00e5 tusen ukrainska milit\u00e4rer tr\u00e4nas i Spanien. Totalt ska 30.000 ukrainska milit\u00e4rer utbildas i Europa i \u00e5r.","robots":{"index":"noindex","follow":"follow","max-snippet":"max-snippet:-1","max-image-preview":"max-image-preview:large","max-video-preview":"max-video-preview:-1"},"og_locale":"sv_SE","og_type":"article","og_title":"Tusentals ukrainska soldater utbildas i Spanien","og_description":"Vapen blir inte till n\u00e5gon nytta om inte de som ska anv\u00e4nda dem vet hur de ska hanteras. Det \u00e4r anledningen till att omkring tv\u00e5 tusen ukrainska milit\u00e4rer tr\u00e4nas i Spanien. Totalt ska 30.000 ukrainska milit\u00e4rer utbildas i Europa i \u00e5r.","og_url":"https:\/\/lightweb.dev\/l\/svm-temp\/nyheter\/tusentals-ukrainska-soldater-utbildas-i-spanien\/","og_site_name":"Svenska Magasinet","article_publisher":"https:\/\/www.facebook.com\/svenskamagasinet","article_published_time":"2023-05-25T13:36:59+00:00","article_modified_time":"2023-05-25T13:42:51+00:00","og_image":[{"width":1280,"height":811,"url":"https:\/\/lightweb.dev\/l\/svm-temp\/wp-content\/uploads\/2023\/05\/Fsy4oYvWwAIqJ5W-stor.jpeg","type":"image\/jpeg"}],"author":"Ola Josefsson","twitter_card":"summary_large_image","twitter_creator":"@SvenskaMagasine","twitter_site":"@SvenskaMagasine","schema":{"@context":"https:\/\/schema.org","@graph":[{"@type":"Article","@id":"https:\/\/lightweb.dev\/l\/svm-temp\/nyheter\/tusentals-ukrainska-soldater-utbildas-i-spanien\/#article","isPartOf":{"@id":"https:\/\/lightweb.dev\/l\/svm-temp\/nyheter\/tusentals-ukrainska-soldater-utbildas-i-spanien\/"},"author":{"name":"Ola Josefsson","@id":"https:\/\/lightweb.dev\/l\/svm-temp\/#\/schema\/person\/7a82b8a73d171d32360a564b6d03508e"},"headline":"Tusentals ukrainska soldater utbildas i Spanien","datePublished":"2023-05-25T13:36:59+00:00","dateModified":"2023-05-25T13:42:51+00:00","mainEntityOfPage":{"@id":"https:\/\/lightweb.dev\/l\/svm-temp\/nyheter\/tusentals-ukrainska-soldater-utbildas-i-spanien\/"},"wordCount":241,"commentCount":0,"publisher":{"@id":"https:\/\/lightweb.dev\/l\/svm-temp\/#organization"},"image":{"@id":"https:\/\/lightweb.dev\/l\/svm-temp\/nyheter\/tusentals-ukrainska-soldater-utbildas-i-spanien\/#primaryimage"},"thumbnailUrl":"https:\/\/lightweb.dev\/l\/svm-temp\/wp-content\/uploads\/2023\/05\/Fsy4oYvWwAIqJ5W-stor.jpeg","articleSection":["Arkiv","Nyheter"],"inLanguage":"sv-SE"},{"@type":"WebPage","@id":"https:\/\/lightweb.dev\/l\/svm-temp\/nyheter\/tusentals-ukrainska-soldater-utbildas-i-spanien\/","url":"https:\/\/lightweb.dev\/l\/svm-temp\/nyheter\/tusentals-ukrainska-soldater-utbildas-i-spanien\/","name":"Tusentals ukrainska soldater utbildas i Spanien - Svenska Magasinet","isPartOf":{"@id":"https:\/\/lightweb.dev\/l\/svm-temp\/#website"},"primaryImageOfPage":{"@id":"https:\/\/lightweb.dev\/l\/svm-temp\/nyheter\/tusentals-ukrainska-soldater-utbildas-i-spanien\/#primaryimage"},"image":{"@id":"https:\/\/lightweb.dev\/l\/svm-temp\/nyheter\/tusentals-ukrainska-soldater-utbildas-i-spanien\/#primaryimage"},"thumbnailUrl":"https:\/\/lightweb.dev\/l\/svm-temp\/wp-content\/uploads\/2023\/05\/Fsy4oYvWwAIqJ5W-stor.jpeg","datePublished":"2023-05-25T13:36:59+00:00","dateModified":"2023-05-25T13:42:51+00:00","description":"Vapen blir inte till n\u00e5gon nytta om inte de som ska anv\u00e4nda dem vet hur de ska hanteras. Det \u00e4r anledningen till att omkring tv\u00e5 tusen ukrainska milit\u00e4rer tr\u00e4nas i Spanien. Totalt ska 30.000 ukrainska milit\u00e4rer utbildas i Europa i \u00e5r.","breadcrumb":{"@id":"https:\/\/lightweb.dev\/l\/svm-temp\/nyheter\/tusentals-ukrainska-soldater-utbildas-i-spanien\/#breadcrumb"},"inLanguage":"sv-SE","potentialAction":[{"@type":"ReadAction","target":["https:\/\/lightweb.dev\/l\/svm-temp\/nyheter\/tusentals-ukrainska-soldater-utbildas-i-spanien\/"]}]},{"@type":"ImageObject","inLanguage":"sv-SE","@id":"https:\/\/lightweb.dev\/l\/svm-temp\/nyheter\/tusentals-ukrainska-soldater-utbildas-i-spanien\/#primaryimage","url":"https:\/\/lightweb.dev\/l\/svm-temp\/wp-content\/uploads\/2023\/05\/Fsy4oYvWwAIqJ5W-stor.jpeg","contentUrl":"https:\/\/lightweb.dev\/l\/svm-temp\/wp-content\/uploads\/2023\/05\/Fsy4oYvWwAIqJ5W-stor.jpeg","width":1280,"height":811,"caption":"198 ukrainska soldater f\u00e5r sitt diplom efter utbildningen vid infanteriet i Toledo. (Foto: Twitter @DGobiernoCLM)"},{"@type":"BreadcrumbList","@id":"https:\/\/lightweb.dev\/l\/svm-temp\/nyheter\/tusentals-ukrainska-soldater-utbildas-i-spanien\/#breadcrumb","itemListElement":[{"@type":"ListItem","position":1,"name":"Hem","item":"https:\/\/lightweb.dev\/l\/svm-temp\/"},{"@type":"ListItem","position":2,"name":"Tusentals ukrainska soldater utbildas i Spanien"}]},{"@type":"WebSite","@id":"https:\/\/lightweb.dev\/l\/svm-temp\/#website","url":"https:\/\/lightweb.dev\/l\/svm-temp\/","name":"Svenska Magasinet","description":"Dina Spanska nyheter p&aring; Svenska","publisher":{"@id":"https:\/\/lightweb.dev\/l\/svm-temp\/#organization"},"potentialAction":[{"@type":"SearchAction","target":{"@type":"EntryPoint","urlTemplate":"https:\/\/lightweb.dev\/l\/svm-temp\/?s={search_term_string}"},"query-input":{"@type":"PropertyValueSpecification","valueRequired":true,"valueName":"search_term_string"}}],"inLanguage":"sv-SE"},{"@type":"Organization","@id":"https:\/\/lightweb.dev\/l\/svm-temp\/#organization","name":"Melkerson y Nott SL","alternateName":"Svenska Magasinet","url":"https:\/\/lightweb.dev\/l\/svm-temp\/","logo":{"@type":"ImageObject","inLanguage":"sv-SE","@id":"https:\/\/lightweb.dev\/l\/svm-temp\/#\/schema\/logo\/image\/","url":"https:\/\/lightweb.dev\/l\/svm-temp\/wp-content\/uploads\/2025\/02\/SvM-logo-Xtra-Centrerad-SVART.png","contentUrl":"https:\/\/lightweb.dev\/l\/svm-temp\/wp-content\/uploads\/2025\/02\/SvM-logo-Xtra-Centrerad-SVART.png","width":300,"height":99,"caption":"Melkerson y Nott SL"},"image":{"@id":"https:\/\/lightweb.dev\/l\/svm-temp\/#\/schema\/logo\/image\/"},"sameAs":["https:\/\/www.facebook.com\/svenskamagasinet","https:\/\/x.com\/SvenskaMagasine"]},{"@type":"Person","@id":"https:\/\/lightweb.dev\/l\/svm-temp\/#\/schema\/person\/7a82b8a73d171d32360a564b6d03508e","name":"Ola Josefsson","description":"Bevakar Solkusten och Spanien sedan 1994.","sameAs":["https:\/\/lightweb.dev\/l\/svm-temp"],"url":"https:\/\/lightweb.dev\/l\/svm-temp\/reporter\/ola-josefsson\/"}]}},"_links":{"self":[{"href":"https:\/\/lightweb.dev\/l\/svm-temp\/wp-json\/wp\/v2\/posts\/63976","targetHints":{"allow":["GET"]}}],"collection":[{"href":"https:\/\/lightweb.dev\/l\/svm-temp\/wp-json\/wp\/v2\/posts"}],"about":[{"href":"https:\/\/lightweb.dev\/l\/svm-temp\/wp-json\/wp\/v2\/types\/post"}],"author":[{"embeddable":true,"href":"https:\/\/lightweb.dev\/l\/svm-temp\/wp-json\/wp\/v2\/users\/7"}],"replies":[{"embeddable":true,"href":"https:\/\/lightweb.dev\/l\/svm-temp\/wp-json\/wp\/v2\/comments?post=63976"}],"version-history":[{"count":0,"href":"https:\/\/lightweb.dev\/l\/svm-temp\/wp-json\/wp\/v2\/posts\/63976\/revisions"}],"wp:featuredmedia":[{"embeddable":true,"href":"https:\/\/lightweb.dev\/l\/svm-temp\/wp-json\/wp\/v2\/media\/63978"}],"wp:attachment":[{"href":"https:\/\/lightweb.dev\/l\/svm-temp\/wp-json\/wp\/v2\/media?parent=63976"}],"wp:term":[{"taxonomy":"category","embeddable":true,"href":"https:\/\/lightweb.dev\/l\/svm-temp\/wp-json\/wp\/v2\/categories?post=63976"},{"taxonomy":"post_tag","embeddable":true,"href":"https:\/\/lightweb.dev\/l\/svm-temp\/wp-json\/wp\/v2\/tags?post=63976"}],"curies":[{"name":"wp","href":"https:\/\/api.w.org\/{rel}","templated":true}]}}