{"id":64013,"date":"2023-05-26T13:12:19","date_gmt":"2023-05-26T11:12:19","guid":{"rendered":"https:\/\/lightweb.dev\/l\/svm-temp\/?p=64013"},"modified":"2023-05-26T13:15:38","modified_gmt":"2023-05-26T11:15:38","slug":"sa-blir-utlandskyrkans-framtid-i-spanien","status":"publish","type":"post","link":"https:\/\/lightweb.dev\/l\/svm-temp\/nyheter\/sa-blir-utlandskyrkans-framtid-i-spanien\/","title":{"rendered":"S\u00e5 blir utlandskyrkans framtid i Spanien"},"content":{"rendered":"<p><strong>Kyrkostyrelsen har beslutat om Svenska kyrkans framtid i Spanien. Samtliga f\u00f6rsamlingar blir kvar. Sedan 2019 har verksamheterna i Svenska kyrkan i utlandet utretts. F\u00f6r att f\u00e5 klarhet i juridiska fr\u00e5gor har en genomg\u00e5ng av Svenska kyrkans utlandsf\u00f6rsamlingar \u00e4gt rum.<\/strong><\/p>\n<p>I det beslut som Svenska Magasinet tagit del av framkommer det att f\u00f6ljande utlandsf\u00f6rsamlingar ska kvarst\u00e5 som f\u00f6rsamlingar inom Svenska kyrkan i Spanien: Gran Canaria, Teneriffa, Mallorca, Costa del Sol och Costa Blanca.<\/p>\n<p>&#8211; V\u00e5r ambition \u00e4r att beh\u00e5lla s\u00e5 m\u00e5nga utlandsf\u00f6rsamlingar som m\u00f6jligt men att fokusera p\u00e5 grunduppdraget: Gudstj\u00e4nst, diakoni, mission och undervisning.<\/p>\n<p>&#8211; Vi m\u00e5ste bli tydligare i f\u00f6rsamlingarna vad vi ska g\u00f6ra och utforma l\u00e5ngsiktiga m\u00e5l, s\u00e4ger Johanna Holmlund Lautmann som bitr\u00e4dande avdelningschef f\u00f6r Utlandskyrkan.<\/p>\n<p>M\u00e5let att arbetet ska vara h\u00e5llbart och bedrivas l\u00e5ngsiktigt, utifr\u00e5n de ekonomiska och organisatoriska m\u00f6jligheter kyrkan har.<\/p>\n<h2>Genomg\u00e5ng<\/h2>\n<p><img loading=\"lazy\" decoding=\"async\" class=\"size-medium wp-image-64017 alignleft\" src=\"https:\/\/lightweb.dev\/l\/svm-temp\/wp-content\/uploads\/2023\/05\/DSC_4643-stor-300x201.jpeg\" alt=\"\" width=\"300\" height=\"201\" srcset=\"https:\/\/lightweb.dev\/l\/svm-temp\/wp-content\/uploads\/2023\/05\/DSC_4643-stor-300x201.jpeg 300w, https:\/\/lightweb.dev\/l\/svm-temp\/wp-content\/uploads\/2023\/05\/DSC_4643-stor-900x603.jpeg 900w, https:\/\/lightweb.dev\/l\/svm-temp\/wp-content\/uploads\/2023\/05\/DSC_4643-stor-768x514.jpeg 768w, https:\/\/lightweb.dev\/l\/svm-temp\/wp-content\/uploads\/2023\/05\/DSC_4643-stor-610x408.jpeg 610w, https:\/\/lightweb.dev\/l\/svm-temp\/wp-content\/uploads\/2023\/05\/DSC_4643-stor-1080x723.jpeg 1080w, https:\/\/lightweb.dev\/l\/svm-temp\/wp-content\/uploads\/2023\/05\/DSC_4643-stor-600x402.jpeg 600w, https:\/\/lightweb.dev\/l\/svm-temp\/wp-content\/uploads\/2023\/05\/DSC_4643-stor.jpeg 1280w\" sizes=\"(max-width: 300px) 100vw, 300px\" \/><\/p>\n<p>Det var 2019 som beslut togs om genomg\u00e5ng av utlandskyrkan f\u00f6r att m\u00f6ta de budgetramar kyrkan ska h\u00e5lla sig inom i framtiden med minskade int\u00e4kter fr\u00e5n medlemsavgifter. N\u00e5got som <a href=\"https:\/\/lightweb.dev\/l\/svm-temp\/nyheter\/svenska-kyrkans-forsamlingar-maste-ta-storre-ekonomiskt-ansvar\/\">Svenska Magasinet<\/a> tidigare ber\u00e4ttat om.<\/p>\n<p>&#8211; De som \u00e4r \u00e4ldre och varit medlemmar i svenska kyrkan avlider. Och det \u00e4r en l\u00e4gre grad, cirka 30 procent, av de yngre som \u00e4r medlemmar i Svenska kyrkan. Bland de \u00f6ver 50 \u00e5r \u00e4r 80 till 90 procent medlemmar.<\/p>\n<p>&#8211; Det \u00e4r f\u00e4rre som d\u00f6ps och det svenska samh\u00e4llet ser annorlunda ut nu vilket f\u00e5r konsekvenser f\u00f6r antalet medlemmar och de som bidrar till ekonomin i Svenska kyrkan.<\/p>\n<p>&#8211; F\u00f6r att s\u00e4kerst\u00e4lla v\u00e5r utlandskyrka s\u00e5 att vi inte beh\u00f6ver kapa h\u00e4lften av v\u00e5ra utlandsf\u00f6rsamlingar s\u00e5 har \u00f6versynen och utredningen gjorts. Bidrag till personal och fastigheter det \u00e4r n\u00e5got som vi inte kan r\u00e4kna med i framtiden. Det g\u00e4ller att verksamheten kan finansiera lokalt, f\u00f6rklarar Johanna Holmlund Lautmann.<\/p>\n<h2>Granskning<\/h2>\n<p>Samtidigt har en juridisk genomg\u00e5ng av utlandskyrkornas verksamhet gjorts efter Aftonbladets granskning 2016. Den granskningen g\u00e4llde hela utlandskyrkan\u00a0d\u00e4r vissa saker inte sk\u00f6ttes korrekt.<\/p>\n<p>&#8211; Vi har g\u00e5tt igenom registreringar och tillst\u00e5nd vid alla f\u00f6rsamlingar i utlandet.<\/p>\n<p>N\u00e5gra \u201dfiffiga l\u00f6sningar\u201d n\u00e4r pengarna tryter ska inte accepteras i framtiden.<\/p>\n<p>&#8211; Vi vill s\u00e4kerst\u00e4lla s\u00e5 att vi inte hamnar i detta igen.<\/p>\n<h2><strong>F\u00f6rsamlingssamverkan<\/strong><\/h2>\n<p>Det som blir nytt fram\u00f6ver \u00e4r att en kyrkoherde utn\u00e4mns och f\u00e5r huvudansvaret att det fungerar i utlandsf\u00f6rsamlingarna i Spanien.<\/p>\n<p>&#8211; Det kyrkoherden placeras i Spanien, var n\u00e5gonstans \u00e4r \u00e4nnu inte klart. Det blir best\u00e4mt i h\u00f6st. Samtliga f\u00f6rsamlingar f\u00e5r egna pr\u00e4ster.<\/p>\n<div id=\"attachment_64016\" style=\"width: 310px\" class=\"wp-caption alignleft\"><img loading=\"lazy\" decoding=\"async\" aria-describedby=\"caption-attachment-64016\" class=\"size-medium wp-image-64016\" src=\"https:\/\/lightweb.dev\/l\/svm-temp\/wp-content\/uploads\/2023\/05\/DSC_4640-stor-300x201.jpeg\" alt=\"\" width=\"300\" height=\"201\" srcset=\"https:\/\/lightweb.dev\/l\/svm-temp\/wp-content\/uploads\/2023\/05\/DSC_4640-stor-300x201.jpeg 300w, https:\/\/lightweb.dev\/l\/svm-temp\/wp-content\/uploads\/2023\/05\/DSC_4640-stor-900x603.jpeg 900w, https:\/\/lightweb.dev\/l\/svm-temp\/wp-content\/uploads\/2023\/05\/DSC_4640-stor-768x514.jpeg 768w, https:\/\/lightweb.dev\/l\/svm-temp\/wp-content\/uploads\/2023\/05\/DSC_4640-stor-610x408.jpeg 610w, https:\/\/lightweb.dev\/l\/svm-temp\/wp-content\/uploads\/2023\/05\/DSC_4640-stor-1080x723.jpeg 1080w, https:\/\/lightweb.dev\/l\/svm-temp\/wp-content\/uploads\/2023\/05\/DSC_4640-stor-600x402.jpeg 600w, https:\/\/lightweb.dev\/l\/svm-temp\/wp-content\/uploads\/2023\/05\/DSC_4640-stor.jpeg 1280w\" sizes=\"(max-width: 300px) 100vw, 300px\" \/><p id=\"caption-attachment-64016\" class=\"wp-caption-text\">Det har tidigare varit oroligt vid Svenska kyrkans f\u00f6rsamling i Fuengirola. Nu ska allting vara i ordning.<\/p><\/div>\n<p><strong>I utredningen om f\u00f6rsamlingen p\u00e5 Costa del Sol n\u00e4mns att det under n\u00e5gra \u00e5r har det funnits en intern problematik men f\u00f6rsamlingen har sedan h\u00f6sten 2020 en nystart. Hur ser det ut idag?<\/strong><\/p>\n<p>&#8211; Det \u00e4r lugnt, ordning och reda p\u00e5 Costa det Sol. Det finns inget av den historia kvar som var tidigare. Det har gjorts en genomg\u00e5ng och det finns inga oegentligheter kvar. Allt \u00e4r uppklarat.<\/p>\n<p>I samtliga svenska utlandskyrkor i Spanien \u00e4r det pension\u00e4rer pr\u00e4ster som \u00e4r verksamma.<\/p>\n<p>&#8211; S\u00e5 till h\u00f6sten ska det annonseras och rekryteras ny personal. Vi r\u00e4knar med att ordinarie pr\u00e4ster \u00e4r p\u00e5 plats fr\u00e5n \u00e5rsskiftet.<\/p>\n<h2><strong>Fastighets\u00e4gande<\/strong><\/h2>\n<p>I framtiden v\u00e4ntar f\u00f6r\u00e4ndringar vilka som st\u00e5r som fastighets\u00e4gare. De fastigheter som \u00e4gs av Svenska kyrkan p\u00e5 nationell niv\u00e5 kommer f\u00f6rsamlingarna att erbjudas att k\u00f6pa.<\/p>\n<p>&#8211; Det finns inriktningsbeslutet att \u00e4gande av fastigheter utomlands inte ska vara p\u00e5 nationell niv\u00e5, det vill s\u00e4ga \u00e4gas av Svenska kyrkan i Sverige. Fastigheterna i Fuengirola och p\u00e5 Mallorca \u00e4gs av Svenska kyrkan i Sverige p\u00e5 nationell niv\u00e5.<\/p>\n<p>&#8211; Vi har en fastighetspolicy sedan 2011 att i f\u00f6rsta hand hyra eller att utlandsf\u00f6rsamlingen ska \u00e4ga fastigheten.<\/p>\n<p>Johanna Holmlund Lautmann till\u00e4gger att det \u00e4r sv\u00e5rt att sk\u00f6ta fastigheter p\u00e5 distans.<\/p>\n<p>&#8211; Men ingen ska vara oroliga f\u00f6r att fastigheten ska s\u00e4ljas i morgon. Det blir en senare fr\u00e5ga om det blir f\u00f6rs\u00e4ljning eller om fastigheten \u00f6verl\u00e5ts till f\u00f6rsamlingen.<\/p>\n","protected":false},"excerpt":{"rendered":"<p>Kyrkostyrelsen har beslutat om Svenska kyrkans framtid i Spanien. Samtliga f\u00f6rsamlingar blir kvar. Sedan 2019 har verksamheterna i Svenska kyrkan i utlandet utretts&#8230;<\/p>\n","protected":false},"author":7,"featured_media":64015,"comment_status":"open","ping_status":"closed","sticky":false,"template":"","format":"standard","meta":{"_et_pb_use_builder":"","_et_pb_old_content":"","_et_gb_content_width":"","footnotes":""},"categories":[395,3],"tags":[],"class_list":["post-64013","post","type-post","status-publish","format-standard","has-post-thumbnail","hentry","category-arkiv-nyheter","category-nyheter"],"yoast_head":"<!-- This site is optimized with the Yoast SEO Premium plugin v26.2 (Yoast SEO v27.4) - https:\/\/yoast.com\/product\/yoast-seo-premium-wordpress\/ -->\n<title>S\u00e5 blir utlandskyrkans framtid i Spanien - Svenska Magasinet<\/title>\n<meta name=\"description\" content=\"Kyrkostyrelsen har beslutat om Svenska kyrkans framtid i Spanien. Samtliga f\u00f6rsamlingar blir kvar. Sedan 2019 har verksamheterna i Svenska kyrkan i utlandet utretts. F\u00f6r att f\u00e5 klarhet i juridiska fr\u00e5gor har en genomg\u00e5ng av Svenska kyrkans utlandsf\u00f6rsamlingar \u00e4gt rum.\" \/>\n<meta name=\"robots\" content=\"noindex, follow, max-snippet:-1, max-image-preview:large, max-video-preview:-1\" \/>\n<meta property=\"og:locale\" content=\"sv_SE\" \/>\n<meta property=\"og:type\" content=\"article\" \/>\n<meta property=\"og:title\" content=\"S\u00e5 blir utlandskyrkans framtid i Spanien\" \/>\n<meta property=\"og:description\" content=\"Kyrkostyrelsen har beslutat om Svenska kyrkans framtid i Spanien. Samtliga f\u00f6rsamlingar blir kvar. Sedan 2019 har verksamheterna i Svenska kyrkan i utlandet utretts. F\u00f6r att f\u00e5 klarhet i juridiska fr\u00e5gor har en genomg\u00e5ng av Svenska kyrkans utlandsf\u00f6rsamlingar \u00e4gt rum.\" \/>\n<meta property=\"og:url\" content=\"https:\/\/lightweb.dev\/l\/svm-temp\/nyheter\/sa-blir-utlandskyrkans-framtid-i-spanien\/\" \/>\n<meta property=\"og:site_name\" content=\"Svenska Magasinet\" \/>\n<meta property=\"article:publisher\" content=\"https:\/\/www.facebook.com\/svenskamagasinet\" \/>\n<meta property=\"article:published_time\" content=\"2023-05-26T11:12:19+00:00\" \/>\n<meta property=\"article:modified_time\" content=\"2023-05-26T11:15:38+00:00\" \/>\n<meta property=\"og:image\" content=\"https:\/\/lightweb.dev\/l\/svm-temp\/wp-content\/uploads\/2023\/05\/DSC_4642-stor.jpeg\" \/>\n\t<meta property=\"og:image:width\" content=\"1280\" \/>\n\t<meta property=\"og:image:height\" content=\"857\" \/>\n\t<meta property=\"og:image:type\" content=\"image\/jpeg\" \/>\n<meta name=\"author\" content=\"Ola Josefsson\" \/>\n<meta name=\"twitter:card\" content=\"summary_large_image\" \/>\n<meta name=\"twitter:creator\" content=\"@SvenskaMagasine\" \/>\n<meta name=\"twitter:site\" content=\"@SvenskaMagasine\" \/>\n<script type=\"application\/ld+json\" class=\"yoast-schema-graph\">{\"@context\":\"https:\\\/\\\/schema.org\",\"@graph\":[{\"@type\":\"Article\",\"@id\":\"https:\\\/\\\/lightweb.dev\\\/l\\\/svm-temp\\\/nyheter\\\/sa-blir-utlandskyrkans-framtid-i-spanien\\\/#article\",\"isPartOf\":{\"@id\":\"https:\\\/\\\/lightweb.dev\\\/l\\\/svm-temp\\\/nyheter\\\/sa-blir-utlandskyrkans-framtid-i-spanien\\\/\"},\"author\":{\"name\":\"Ola Josefsson\",\"@id\":\"https:\\\/\\\/lightweb.dev\\\/l\\\/svm-temp\\\/#\\\/schema\\\/person\\\/7a82b8a73d171d32360a564b6d03508e\"},\"headline\":\"S\u00e5 blir utlandskyrkans framtid i Spanien\",\"datePublished\":\"2023-05-26T11:12:19+00:00\",\"dateModified\":\"2023-05-26T11:15:38+00:00\",\"mainEntityOfPage\":{\"@id\":\"https:\\\/\\\/lightweb.dev\\\/l\\\/svm-temp\\\/nyheter\\\/sa-blir-utlandskyrkans-framtid-i-spanien\\\/\"},\"wordCount\":751,\"commentCount\":1,\"publisher\":{\"@id\":\"https:\\\/\\\/lightweb.dev\\\/l\\\/svm-temp\\\/#organization\"},\"image\":{\"@id\":\"https:\\\/\\\/lightweb.dev\\\/l\\\/svm-temp\\\/nyheter\\\/sa-blir-utlandskyrkans-framtid-i-spanien\\\/#primaryimage\"},\"thumbnailUrl\":\"https:\\\/\\\/lightweb.dev\\\/l\\\/svm-temp\\\/wp-content\\\/uploads\\\/2023\\\/05\\\/DSC_4642-stor.jpeg\",\"articleSection\":[\"Arkiv\",\"Nyheter\"],\"inLanguage\":\"sv-SE\"},{\"@type\":\"WebPage\",\"@id\":\"https:\\\/\\\/lightweb.dev\\\/l\\\/svm-temp\\\/nyheter\\\/sa-blir-utlandskyrkans-framtid-i-spanien\\\/\",\"url\":\"https:\\\/\\\/lightweb.dev\\\/l\\\/svm-temp\\\/nyheter\\\/sa-blir-utlandskyrkans-framtid-i-spanien\\\/\",\"name\":\"S\u00e5 blir utlandskyrkans framtid i Spanien - Svenska Magasinet\",\"isPartOf\":{\"@id\":\"https:\\\/\\\/lightweb.dev\\\/l\\\/svm-temp\\\/#website\"},\"primaryImageOfPage\":{\"@id\":\"https:\\\/\\\/lightweb.dev\\\/l\\\/svm-temp\\\/nyheter\\\/sa-blir-utlandskyrkans-framtid-i-spanien\\\/#primaryimage\"},\"image\":{\"@id\":\"https:\\\/\\\/lightweb.dev\\\/l\\\/svm-temp\\\/nyheter\\\/sa-blir-utlandskyrkans-framtid-i-spanien\\\/#primaryimage\"},\"thumbnailUrl\":\"https:\\\/\\\/lightweb.dev\\\/l\\\/svm-temp\\\/wp-content\\\/uploads\\\/2023\\\/05\\\/DSC_4642-stor.jpeg\",\"datePublished\":\"2023-05-26T11:12:19+00:00\",\"dateModified\":\"2023-05-26T11:15:38+00:00\",\"description\":\"Kyrkostyrelsen har beslutat om Svenska kyrkans framtid i Spanien. Samtliga f\u00f6rsamlingar blir kvar. Sedan 2019 har verksamheterna i Svenska kyrkan i utlandet utretts. F\u00f6r att f\u00e5 klarhet i juridiska fr\u00e5gor har en genomg\u00e5ng av Svenska kyrkans utlandsf\u00f6rsamlingar \u00e4gt rum.\",\"breadcrumb\":{\"@id\":\"https:\\\/\\\/lightweb.dev\\\/l\\\/svm-temp\\\/nyheter\\\/sa-blir-utlandskyrkans-framtid-i-spanien\\\/#breadcrumb\"},\"inLanguage\":\"sv-SE\",\"potentialAction\":[{\"@type\":\"ReadAction\",\"target\":[\"https:\\\/\\\/lightweb.dev\\\/l\\\/svm-temp\\\/nyheter\\\/sa-blir-utlandskyrkans-framtid-i-spanien\\\/\"]}]},{\"@type\":\"ImageObject\",\"inLanguage\":\"sv-SE\",\"@id\":\"https:\\\/\\\/lightweb.dev\\\/l\\\/svm-temp\\\/nyheter\\\/sa-blir-utlandskyrkans-framtid-i-spanien\\\/#primaryimage\",\"url\":\"https:\\\/\\\/lightweb.dev\\\/l\\\/svm-temp\\\/wp-content\\\/uploads\\\/2023\\\/05\\\/DSC_4642-stor.jpeg\",\"contentUrl\":\"https:\\\/\\\/lightweb.dev\\\/l\\\/svm-temp\\\/wp-content\\\/uploads\\\/2023\\\/05\\\/DSC_4642-stor.jpeg\",\"width\":1280,\"height\":857},{\"@type\":\"BreadcrumbList\",\"@id\":\"https:\\\/\\\/lightweb.dev\\\/l\\\/svm-temp\\\/nyheter\\\/sa-blir-utlandskyrkans-framtid-i-spanien\\\/#breadcrumb\",\"itemListElement\":[{\"@type\":\"ListItem\",\"position\":1,\"name\":\"Hem\",\"item\":\"https:\\\/\\\/lightweb.dev\\\/l\\\/svm-temp\\\/\"},{\"@type\":\"ListItem\",\"position\":2,\"name\":\"S\u00e5 blir utlandskyrkans framtid i Spanien\"}]},{\"@type\":\"WebSite\",\"@id\":\"https:\\\/\\\/lightweb.dev\\\/l\\\/svm-temp\\\/#website\",\"url\":\"https:\\\/\\\/lightweb.dev\\\/l\\\/svm-temp\\\/\",\"name\":\"Svenska Magasinet\",\"description\":\"Dina Spanska nyheter p&aring; Svenska\",\"publisher\":{\"@id\":\"https:\\\/\\\/lightweb.dev\\\/l\\\/svm-temp\\\/#organization\"},\"potentialAction\":[{\"@type\":\"SearchAction\",\"target\":{\"@type\":\"EntryPoint\",\"urlTemplate\":\"https:\\\/\\\/lightweb.dev\\\/l\\\/svm-temp\\\/?s={search_term_string}\"},\"query-input\":{\"@type\":\"PropertyValueSpecification\",\"valueRequired\":true,\"valueName\":\"search_term_string\"}}],\"inLanguage\":\"sv-SE\"},{\"@type\":\"Organization\",\"@id\":\"https:\\\/\\\/lightweb.dev\\\/l\\\/svm-temp\\\/#organization\",\"name\":\"Melkerson y Nott SL\",\"alternateName\":\"Svenska Magasinet\",\"url\":\"https:\\\/\\\/lightweb.dev\\\/l\\\/svm-temp\\\/\",\"logo\":{\"@type\":\"ImageObject\",\"inLanguage\":\"sv-SE\",\"@id\":\"https:\\\/\\\/lightweb.dev\\\/l\\\/svm-temp\\\/#\\\/schema\\\/logo\\\/image\\\/\",\"url\":\"https:\\\/\\\/lightweb.dev\\\/l\\\/svm-temp\\\/wp-content\\\/uploads\\\/2025\\\/02\\\/SvM-logo-Xtra-Centrerad-SVART.png\",\"contentUrl\":\"https:\\\/\\\/lightweb.dev\\\/l\\\/svm-temp\\\/wp-content\\\/uploads\\\/2025\\\/02\\\/SvM-logo-Xtra-Centrerad-SVART.png\",\"width\":300,\"height\":99,\"caption\":\"Melkerson y Nott SL\"},\"image\":{\"@id\":\"https:\\\/\\\/lightweb.dev\\\/l\\\/svm-temp\\\/#\\\/schema\\\/logo\\\/image\\\/\"},\"sameAs\":[\"https:\\\/\\\/www.facebook.com\\\/svenskamagasinet\",\"https:\\\/\\\/x.com\\\/SvenskaMagasine\"]},{\"@type\":\"Person\",\"@id\":\"https:\\\/\\\/lightweb.dev\\\/l\\\/svm-temp\\\/#\\\/schema\\\/person\\\/7a82b8a73d171d32360a564b6d03508e\",\"name\":\"Ola Josefsson\",\"description\":\"Bevakar Solkusten och Spanien sedan 1994.\",\"sameAs\":[\"https:\\\/\\\/lightweb.dev\\\/l\\\/svm-temp\"],\"url\":\"https:\\\/\\\/lightweb.dev\\\/l\\\/svm-temp\\\/reporter\\\/ola-josefsson\\\/\"}]}<\/script>\n<!-- \/ Yoast SEO Premium plugin. -->","yoast_head_json":{"title":"S\u00e5 blir utlandskyrkans framtid i Spanien - Svenska Magasinet","description":"Kyrkostyrelsen har beslutat om Svenska kyrkans framtid i Spanien. Samtliga f\u00f6rsamlingar blir kvar. Sedan 2019 har verksamheterna i Svenska kyrkan i utlandet utretts. F\u00f6r att f\u00e5 klarhet i juridiska fr\u00e5gor har en genomg\u00e5ng av Svenska kyrkans utlandsf\u00f6rsamlingar \u00e4gt rum.","robots":{"index":"noindex","follow":"follow","max-snippet":"max-snippet:-1","max-image-preview":"max-image-preview:large","max-video-preview":"max-video-preview:-1"},"og_locale":"sv_SE","og_type":"article","og_title":"S\u00e5 blir utlandskyrkans framtid i Spanien","og_description":"Kyrkostyrelsen har beslutat om Svenska kyrkans framtid i Spanien. Samtliga f\u00f6rsamlingar blir kvar. Sedan 2019 har verksamheterna i Svenska kyrkan i utlandet utretts. F\u00f6r att f\u00e5 klarhet i juridiska fr\u00e5gor har en genomg\u00e5ng av Svenska kyrkans utlandsf\u00f6rsamlingar \u00e4gt rum.","og_url":"https:\/\/lightweb.dev\/l\/svm-temp\/nyheter\/sa-blir-utlandskyrkans-framtid-i-spanien\/","og_site_name":"Svenska Magasinet","article_publisher":"https:\/\/www.facebook.com\/svenskamagasinet","article_published_time":"2023-05-26T11:12:19+00:00","article_modified_time":"2023-05-26T11:15:38+00:00","og_image":[{"width":1280,"height":857,"url":"https:\/\/lightweb.dev\/l\/svm-temp\/wp-content\/uploads\/2023\/05\/DSC_4642-stor.jpeg","type":"image\/jpeg"}],"author":"Ola Josefsson","twitter_card":"summary_large_image","twitter_creator":"@SvenskaMagasine","twitter_site":"@SvenskaMagasine","schema":{"@context":"https:\/\/schema.org","@graph":[{"@type":"Article","@id":"https:\/\/lightweb.dev\/l\/svm-temp\/nyheter\/sa-blir-utlandskyrkans-framtid-i-spanien\/#article","isPartOf":{"@id":"https:\/\/lightweb.dev\/l\/svm-temp\/nyheter\/sa-blir-utlandskyrkans-framtid-i-spanien\/"},"author":{"name":"Ola Josefsson","@id":"https:\/\/lightweb.dev\/l\/svm-temp\/#\/schema\/person\/7a82b8a73d171d32360a564b6d03508e"},"headline":"S\u00e5 blir utlandskyrkans framtid i Spanien","datePublished":"2023-05-26T11:12:19+00:00","dateModified":"2023-05-26T11:15:38+00:00","mainEntityOfPage":{"@id":"https:\/\/lightweb.dev\/l\/svm-temp\/nyheter\/sa-blir-utlandskyrkans-framtid-i-spanien\/"},"wordCount":751,"commentCount":1,"publisher":{"@id":"https:\/\/lightweb.dev\/l\/svm-temp\/#organization"},"image":{"@id":"https:\/\/lightweb.dev\/l\/svm-temp\/nyheter\/sa-blir-utlandskyrkans-framtid-i-spanien\/#primaryimage"},"thumbnailUrl":"https:\/\/lightweb.dev\/l\/svm-temp\/wp-content\/uploads\/2023\/05\/DSC_4642-stor.jpeg","articleSection":["Arkiv","Nyheter"],"inLanguage":"sv-SE"},{"@type":"WebPage","@id":"https:\/\/lightweb.dev\/l\/svm-temp\/nyheter\/sa-blir-utlandskyrkans-framtid-i-spanien\/","url":"https:\/\/lightweb.dev\/l\/svm-temp\/nyheter\/sa-blir-utlandskyrkans-framtid-i-spanien\/","name":"S\u00e5 blir utlandskyrkans framtid i Spanien - Svenska Magasinet","isPartOf":{"@id":"https:\/\/lightweb.dev\/l\/svm-temp\/#website"},"primaryImageOfPage":{"@id":"https:\/\/lightweb.dev\/l\/svm-temp\/nyheter\/sa-blir-utlandskyrkans-framtid-i-spanien\/#primaryimage"},"image":{"@id":"https:\/\/lightweb.dev\/l\/svm-temp\/nyheter\/sa-blir-utlandskyrkans-framtid-i-spanien\/#primaryimage"},"thumbnailUrl":"https:\/\/lightweb.dev\/l\/svm-temp\/wp-content\/uploads\/2023\/05\/DSC_4642-stor.jpeg","datePublished":"2023-05-26T11:12:19+00:00","dateModified":"2023-05-26T11:15:38+00:00","description":"Kyrkostyrelsen har beslutat om Svenska kyrkans framtid i Spanien. Samtliga f\u00f6rsamlingar blir kvar. Sedan 2019 har verksamheterna i Svenska kyrkan i utlandet utretts. F\u00f6r att f\u00e5 klarhet i juridiska fr\u00e5gor har en genomg\u00e5ng av Svenska kyrkans utlandsf\u00f6rsamlingar \u00e4gt rum.","breadcrumb":{"@id":"https:\/\/lightweb.dev\/l\/svm-temp\/nyheter\/sa-blir-utlandskyrkans-framtid-i-spanien\/#breadcrumb"},"inLanguage":"sv-SE","potentialAction":[{"@type":"ReadAction","target":["https:\/\/lightweb.dev\/l\/svm-temp\/nyheter\/sa-blir-utlandskyrkans-framtid-i-spanien\/"]}]},{"@type":"ImageObject","inLanguage":"sv-SE","@id":"https:\/\/lightweb.dev\/l\/svm-temp\/nyheter\/sa-blir-utlandskyrkans-framtid-i-spanien\/#primaryimage","url":"https:\/\/lightweb.dev\/l\/svm-temp\/wp-content\/uploads\/2023\/05\/DSC_4642-stor.jpeg","contentUrl":"https:\/\/lightweb.dev\/l\/svm-temp\/wp-content\/uploads\/2023\/05\/DSC_4642-stor.jpeg","width":1280,"height":857},{"@type":"BreadcrumbList","@id":"https:\/\/lightweb.dev\/l\/svm-temp\/nyheter\/sa-blir-utlandskyrkans-framtid-i-spanien\/#breadcrumb","itemListElement":[{"@type":"ListItem","position":1,"name":"Hem","item":"https:\/\/lightweb.dev\/l\/svm-temp\/"},{"@type":"ListItem","position":2,"name":"S\u00e5 blir utlandskyrkans framtid i Spanien"}]},{"@type":"WebSite","@id":"https:\/\/lightweb.dev\/l\/svm-temp\/#website","url":"https:\/\/lightweb.dev\/l\/svm-temp\/","name":"Svenska Magasinet","description":"Dina Spanska nyheter p&aring; Svenska","publisher":{"@id":"https:\/\/lightweb.dev\/l\/svm-temp\/#organization"},"potentialAction":[{"@type":"SearchAction","target":{"@type":"EntryPoint","urlTemplate":"https:\/\/lightweb.dev\/l\/svm-temp\/?s={search_term_string}"},"query-input":{"@type":"PropertyValueSpecification","valueRequired":true,"valueName":"search_term_string"}}],"inLanguage":"sv-SE"},{"@type":"Organization","@id":"https:\/\/lightweb.dev\/l\/svm-temp\/#organization","name":"Melkerson y Nott SL","alternateName":"Svenska Magasinet","url":"https:\/\/lightweb.dev\/l\/svm-temp\/","logo":{"@type":"ImageObject","inLanguage":"sv-SE","@id":"https:\/\/lightweb.dev\/l\/svm-temp\/#\/schema\/logo\/image\/","url":"https:\/\/lightweb.dev\/l\/svm-temp\/wp-content\/uploads\/2025\/02\/SvM-logo-Xtra-Centrerad-SVART.png","contentUrl":"https:\/\/lightweb.dev\/l\/svm-temp\/wp-content\/uploads\/2025\/02\/SvM-logo-Xtra-Centrerad-SVART.png","width":300,"height":99,"caption":"Melkerson y Nott SL"},"image":{"@id":"https:\/\/lightweb.dev\/l\/svm-temp\/#\/schema\/logo\/image\/"},"sameAs":["https:\/\/www.facebook.com\/svenskamagasinet","https:\/\/x.com\/SvenskaMagasine"]},{"@type":"Person","@id":"https:\/\/lightweb.dev\/l\/svm-temp\/#\/schema\/person\/7a82b8a73d171d32360a564b6d03508e","name":"Ola Josefsson","description":"Bevakar Solkusten och Spanien sedan 1994.","sameAs":["https:\/\/lightweb.dev\/l\/svm-temp"],"url":"https:\/\/lightweb.dev\/l\/svm-temp\/reporter\/ola-josefsson\/"}]}},"_links":{"self":[{"href":"https:\/\/lightweb.dev\/l\/svm-temp\/wp-json\/wp\/v2\/posts\/64013","targetHints":{"allow":["GET"]}}],"collection":[{"href":"https:\/\/lightweb.dev\/l\/svm-temp\/wp-json\/wp\/v2\/posts"}],"about":[{"href":"https:\/\/lightweb.dev\/l\/svm-temp\/wp-json\/wp\/v2\/types\/post"}],"author":[{"embeddable":true,"href":"https:\/\/lightweb.dev\/l\/svm-temp\/wp-json\/wp\/v2\/users\/7"}],"replies":[{"embeddable":true,"href":"https:\/\/lightweb.dev\/l\/svm-temp\/wp-json\/wp\/v2\/comments?post=64013"}],"version-history":[{"count":0,"href":"https:\/\/lightweb.dev\/l\/svm-temp\/wp-json\/wp\/v2\/posts\/64013\/revisions"}],"wp:featuredmedia":[{"embeddable":true,"href":"https:\/\/lightweb.dev\/l\/svm-temp\/wp-json\/wp\/v2\/media\/64015"}],"wp:attachment":[{"href":"https:\/\/lightweb.dev\/l\/svm-temp\/wp-json\/wp\/v2\/media?parent=64013"}],"wp:term":[{"taxonomy":"category","embeddable":true,"href":"https:\/\/lightweb.dev\/l\/svm-temp\/wp-json\/wp\/v2\/categories?post=64013"},{"taxonomy":"post_tag","embeddable":true,"href":"https:\/\/lightweb.dev\/l\/svm-temp\/wp-json\/wp\/v2\/tags?post=64013"}],"curies":[{"name":"wp","href":"https:\/\/api.w.org\/{rel}","templated":true}]}}