{"id":64022,"date":"2023-05-26T09:13:50","date_gmt":"2023-05-26T07:13:50","guid":{"rendered":"https:\/\/lightweb.dev\/l\/svm-temp\/?p=64022"},"modified":"2023-05-26T15:17:04","modified_gmt":"2023-05-26T13:17:04","slug":"jesper-sander-pedersen-har-avlidit-vid-62-ars-alder","status":"publish","type":"post","link":"https:\/\/lightweb.dev\/l\/svm-temp\/nyheter\/jesper-sander-pedersen-har-avlidit-vid-62-ars-alder\/","title":{"rendered":"Jesper Sander Pedersen har avlidit vid 62 \u00e5rs \u00e5lder"},"content":{"rendered":"<p><strong>Den danske journalisten Jesper Sander Pedersen som var ordf\u00f6rande i journalistklubben Costa Press Club med ett 50-tal medlemmar har avlidit efter en kort tids sjukdom.<\/strong><\/p>\n<p>Jesper Sander Pedersen var uppskattad och omtyckt bland danskar bosatta p\u00e5 Solkusten som han hj\u00e4lpte i den spanska byr\u00e5kratin, liksom bland arbetskamrater och kolleger. Han var ordf\u00f6rande i den internationella pressklubben i 21 \u00e5r fram till sin d\u00f6d.<\/p>\n<p>Journalistf\u00f6rbundet Asociaci\u00f3n de la Prensa i M\u00e1laga beklagar d\u00f6dsfallet och framf\u00f6r sina kondoleanser till hans anh\u00f6riga och kollegor vid Costa Press Club. Journalistf\u00f6rbundet skriver vidare att Jesper Sander Pedersen alltid arbetade f\u00f6r integrationen av utl\u00e4ndska medier och deras yrkesverksamma. Han var en f\u00f6rsvarare av de fria medierna och integrationen av utl\u00e4nningar p\u00e5 Costa del Sol.<\/p>\n<p>Jesper Sander Pedersen f\u00f6ddes i K\u00f6penhamn studerade journalistik i \u00c5rhus. Han flyttade till Rinc\u00f3n de la Victoria och Costa del Sol 1986 d\u00e4r han tr\u00e4ffade sin fru Roc\u00edo som han gifte sig med 1987. De levde senare i Fuengirola f\u00f6r att senare flytta till Torremolinos. Han arbetade och frilansade f\u00f6r flera danska medier p\u00e5 Solkusten.<\/p>\n<p>Tisdagen den 23 maj h\u00f6lls en minnesstund f\u00f6r Jesper vid kyrkog\u00e5rden i Torremolinos d\u00e4r han ligger begravd.<\/p>\n","protected":false},"excerpt":{"rendered":"<p>Den danske journalisten Jesper Sander Pedersen som var ordf\u00f6rande i journalistklubben Costa Press Club med ett 50-tal medlemmar har avlidit efter en kort tids sjukdom&#8230;<\/p>\n","protected":false},"author":7,"featured_media":64024,"comment_status":"open","ping_status":"closed","sticky":false,"template":"","format":"standard","meta":{"_et_pb_use_builder":"","_et_pb_old_content":"","_et_gb_content_width":"","footnotes":""},"categories":[395,3],"tags":[],"class_list":["post-64022","post","type-post","status-publish","format-standard","has-post-thumbnail","hentry","category-arkiv-nyheter","category-nyheter"],"yoast_head":"<!-- This site is optimized with the Yoast SEO Premium plugin v26.2 (Yoast SEO v27.4) - https:\/\/yoast.com\/product\/yoast-seo-premium-wordpress\/ -->\n<title>Jesper Sander Pedersen har avlidit vid 62 \u00e5rs \u00e5lder - Svenska Magasinet<\/title>\n<meta name=\"description\" content=\"Den danske journalisten Jesper Sander Pedersen som var ordf\u00f6rande i journalistklubben Costa Press Club med ett 50-tal medlemmar har avlidit efter en kort tids sjukdom.\" \/>\n<meta name=\"robots\" content=\"noindex, follow, max-snippet:-1, max-image-preview:large, max-video-preview:-1\" \/>\n<meta property=\"og:locale\" content=\"sv_SE\" \/>\n<meta property=\"og:type\" content=\"article\" \/>\n<meta property=\"og:title\" content=\"Jesper Sander Pedersen har avlidit vid 62 \u00e5rs \u00e5lder\" \/>\n<meta property=\"og:description\" content=\"Den danske journalisten Jesper Sander Pedersen som var ordf\u00f6rande i journalistklubben Costa Press Club med ett 50-tal medlemmar har avlidit efter en kort tids sjukdom.\" \/>\n<meta property=\"og:url\" content=\"https:\/\/lightweb.dev\/l\/svm-temp\/nyheter\/jesper-sander-pedersen-har-avlidit-vid-62-ars-alder\/\" \/>\n<meta property=\"og:site_name\" content=\"Svenska Magasinet\" \/>\n<meta property=\"article:publisher\" content=\"https:\/\/www.facebook.com\/svenskamagasinet\" \/>\n<meta property=\"article:published_time\" content=\"2023-05-26T07:13:50+00:00\" \/>\n<meta property=\"article:modified_time\" content=\"2023-05-26T13:17:04+00:00\" \/>\n<meta property=\"og:image\" content=\"https:\/\/lightweb.dev\/l\/svm-temp\/wp-content\/uploads\/2023\/05\/articulos-29338-stor.jpeg\" \/>\n\t<meta property=\"og:image:width\" content=\"1280\" \/>\n\t<meta property=\"og:image:height\" content=\"635\" \/>\n\t<meta property=\"og:image:type\" content=\"image\/jpeg\" \/>\n<meta name=\"author\" content=\"Ola Josefsson\" \/>\n<meta name=\"twitter:card\" content=\"summary_large_image\" \/>\n<meta name=\"twitter:creator\" content=\"@SvenskaMagasine\" \/>\n<meta name=\"twitter:site\" content=\"@SvenskaMagasine\" \/>\n<script type=\"application\/ld+json\" class=\"yoast-schema-graph\">{\"@context\":\"https:\\\/\\\/schema.org\",\"@graph\":[{\"@type\":\"Article\",\"@id\":\"https:\\\/\\\/lightweb.dev\\\/l\\\/svm-temp\\\/nyheter\\\/jesper-sander-pedersen-har-avlidit-vid-62-ars-alder\\\/#article\",\"isPartOf\":{\"@id\":\"https:\\\/\\\/lightweb.dev\\\/l\\\/svm-temp\\\/nyheter\\\/jesper-sander-pedersen-har-avlidit-vid-62-ars-alder\\\/\"},\"author\":{\"name\":\"Ola Josefsson\",\"@id\":\"https:\\\/\\\/lightweb.dev\\\/l\\\/svm-temp\\\/#\\\/schema\\\/person\\\/7a82b8a73d171d32360a564b6d03508e\"},\"headline\":\"Jesper Sander Pedersen har avlidit vid 62 \u00e5rs \u00e5lder\",\"datePublished\":\"2023-05-26T07:13:50+00:00\",\"dateModified\":\"2023-05-26T13:17:04+00:00\",\"mainEntityOfPage\":{\"@id\":\"https:\\\/\\\/lightweb.dev\\\/l\\\/svm-temp\\\/nyheter\\\/jesper-sander-pedersen-har-avlidit-vid-62-ars-alder\\\/\"},\"wordCount\":222,\"commentCount\":1,\"publisher\":{\"@id\":\"https:\\\/\\\/lightweb.dev\\\/l\\\/svm-temp\\\/#organization\"},\"image\":{\"@id\":\"https:\\\/\\\/lightweb.dev\\\/l\\\/svm-temp\\\/nyheter\\\/jesper-sander-pedersen-har-avlidit-vid-62-ars-alder\\\/#primaryimage\"},\"thumbnailUrl\":\"https:\\\/\\\/lightweb.dev\\\/l\\\/svm-temp\\\/wp-content\\\/uploads\\\/2023\\\/05\\\/articulos-29338-stor.jpeg\",\"articleSection\":[\"Arkiv\",\"Nyheter\"],\"inLanguage\":\"sv-SE\"},{\"@type\":\"WebPage\",\"@id\":\"https:\\\/\\\/lightweb.dev\\\/l\\\/svm-temp\\\/nyheter\\\/jesper-sander-pedersen-har-avlidit-vid-62-ars-alder\\\/\",\"url\":\"https:\\\/\\\/lightweb.dev\\\/l\\\/svm-temp\\\/nyheter\\\/jesper-sander-pedersen-har-avlidit-vid-62-ars-alder\\\/\",\"name\":\"Jesper Sander Pedersen har avlidit vid 62 \u00e5rs \u00e5lder - Svenska Magasinet\",\"isPartOf\":{\"@id\":\"https:\\\/\\\/lightweb.dev\\\/l\\\/svm-temp\\\/#website\"},\"primaryImageOfPage\":{\"@id\":\"https:\\\/\\\/lightweb.dev\\\/l\\\/svm-temp\\\/nyheter\\\/jesper-sander-pedersen-har-avlidit-vid-62-ars-alder\\\/#primaryimage\"},\"image\":{\"@id\":\"https:\\\/\\\/lightweb.dev\\\/l\\\/svm-temp\\\/nyheter\\\/jesper-sander-pedersen-har-avlidit-vid-62-ars-alder\\\/#primaryimage\"},\"thumbnailUrl\":\"https:\\\/\\\/lightweb.dev\\\/l\\\/svm-temp\\\/wp-content\\\/uploads\\\/2023\\\/05\\\/articulos-29338-stor.jpeg\",\"datePublished\":\"2023-05-26T07:13:50+00:00\",\"dateModified\":\"2023-05-26T13:17:04+00:00\",\"description\":\"Den danske journalisten Jesper Sander Pedersen som var ordf\u00f6rande i journalistklubben Costa Press Club med ett 50-tal medlemmar har avlidit efter en kort tids sjukdom.\",\"breadcrumb\":{\"@id\":\"https:\\\/\\\/lightweb.dev\\\/l\\\/svm-temp\\\/nyheter\\\/jesper-sander-pedersen-har-avlidit-vid-62-ars-alder\\\/#breadcrumb\"},\"inLanguage\":\"sv-SE\",\"potentialAction\":[{\"@type\":\"ReadAction\",\"target\":[\"https:\\\/\\\/lightweb.dev\\\/l\\\/svm-temp\\\/nyheter\\\/jesper-sander-pedersen-har-avlidit-vid-62-ars-alder\\\/\"]}]},{\"@type\":\"ImageObject\",\"inLanguage\":\"sv-SE\",\"@id\":\"https:\\\/\\\/lightweb.dev\\\/l\\\/svm-temp\\\/nyheter\\\/jesper-sander-pedersen-har-avlidit-vid-62-ars-alder\\\/#primaryimage\",\"url\":\"https:\\\/\\\/lightweb.dev\\\/l\\\/svm-temp\\\/wp-content\\\/uploads\\\/2023\\\/05\\\/articulos-29338-stor.jpeg\",\"contentUrl\":\"https:\\\/\\\/lightweb.dev\\\/l\\\/svm-temp\\\/wp-content\\\/uploads\\\/2023\\\/05\\\/articulos-29338-stor.jpeg\",\"width\":1280,\"height\":635},{\"@type\":\"BreadcrumbList\",\"@id\":\"https:\\\/\\\/lightweb.dev\\\/l\\\/svm-temp\\\/nyheter\\\/jesper-sander-pedersen-har-avlidit-vid-62-ars-alder\\\/#breadcrumb\",\"itemListElement\":[{\"@type\":\"ListItem\",\"position\":1,\"name\":\"Hem\",\"item\":\"https:\\\/\\\/lightweb.dev\\\/l\\\/svm-temp\\\/\"},{\"@type\":\"ListItem\",\"position\":2,\"name\":\"Jesper Sander Pedersen har avlidit vid 62 \u00e5rs \u00e5lder\"}]},{\"@type\":\"WebSite\",\"@id\":\"https:\\\/\\\/lightweb.dev\\\/l\\\/svm-temp\\\/#website\",\"url\":\"https:\\\/\\\/lightweb.dev\\\/l\\\/svm-temp\\\/\",\"name\":\"Svenska Magasinet\",\"description\":\"Dina Spanska nyheter p&aring; Svenska\",\"publisher\":{\"@id\":\"https:\\\/\\\/lightweb.dev\\\/l\\\/svm-temp\\\/#organization\"},\"potentialAction\":[{\"@type\":\"SearchAction\",\"target\":{\"@type\":\"EntryPoint\",\"urlTemplate\":\"https:\\\/\\\/lightweb.dev\\\/l\\\/svm-temp\\\/?s={search_term_string}\"},\"query-input\":{\"@type\":\"PropertyValueSpecification\",\"valueRequired\":true,\"valueName\":\"search_term_string\"}}],\"inLanguage\":\"sv-SE\"},{\"@type\":\"Organization\",\"@id\":\"https:\\\/\\\/lightweb.dev\\\/l\\\/svm-temp\\\/#organization\",\"name\":\"Melkerson y Nott SL\",\"alternateName\":\"Svenska Magasinet\",\"url\":\"https:\\\/\\\/lightweb.dev\\\/l\\\/svm-temp\\\/\",\"logo\":{\"@type\":\"ImageObject\",\"inLanguage\":\"sv-SE\",\"@id\":\"https:\\\/\\\/lightweb.dev\\\/l\\\/svm-temp\\\/#\\\/schema\\\/logo\\\/image\\\/\",\"url\":\"https:\\\/\\\/lightweb.dev\\\/l\\\/svm-temp\\\/wp-content\\\/uploads\\\/2025\\\/02\\\/SvM-logo-Xtra-Centrerad-SVART.png\",\"contentUrl\":\"https:\\\/\\\/lightweb.dev\\\/l\\\/svm-temp\\\/wp-content\\\/uploads\\\/2025\\\/02\\\/SvM-logo-Xtra-Centrerad-SVART.png\",\"width\":300,\"height\":99,\"caption\":\"Melkerson y Nott SL\"},\"image\":{\"@id\":\"https:\\\/\\\/lightweb.dev\\\/l\\\/svm-temp\\\/#\\\/schema\\\/logo\\\/image\\\/\"},\"sameAs\":[\"https:\\\/\\\/www.facebook.com\\\/svenskamagasinet\",\"https:\\\/\\\/x.com\\\/SvenskaMagasine\"]},{\"@type\":\"Person\",\"@id\":\"https:\\\/\\\/lightweb.dev\\\/l\\\/svm-temp\\\/#\\\/schema\\\/person\\\/7a82b8a73d171d32360a564b6d03508e\",\"name\":\"Ola Josefsson\",\"description\":\"Bevakar Solkusten och Spanien sedan 1994.\",\"sameAs\":[\"https:\\\/\\\/lightweb.dev\\\/l\\\/svm-temp\"],\"url\":\"https:\\\/\\\/lightweb.dev\\\/l\\\/svm-temp\\\/reporter\\\/ola-josefsson\\\/\"}]}<\/script>\n<!-- \/ Yoast SEO Premium plugin. -->","yoast_head_json":{"title":"Jesper Sander Pedersen har avlidit vid 62 \u00e5rs \u00e5lder - Svenska Magasinet","description":"Den danske journalisten Jesper Sander Pedersen som var ordf\u00f6rande i journalistklubben Costa Press Club med ett 50-tal medlemmar har avlidit efter en kort tids sjukdom.","robots":{"index":"noindex","follow":"follow","max-snippet":"max-snippet:-1","max-image-preview":"max-image-preview:large","max-video-preview":"max-video-preview:-1"},"og_locale":"sv_SE","og_type":"article","og_title":"Jesper Sander Pedersen har avlidit vid 62 \u00e5rs \u00e5lder","og_description":"Den danske journalisten Jesper Sander Pedersen som var ordf\u00f6rande i journalistklubben Costa Press Club med ett 50-tal medlemmar har avlidit efter en kort tids sjukdom.","og_url":"https:\/\/lightweb.dev\/l\/svm-temp\/nyheter\/jesper-sander-pedersen-har-avlidit-vid-62-ars-alder\/","og_site_name":"Svenska Magasinet","article_publisher":"https:\/\/www.facebook.com\/svenskamagasinet","article_published_time":"2023-05-26T07:13:50+00:00","article_modified_time":"2023-05-26T13:17:04+00:00","og_image":[{"width":1280,"height":635,"url":"https:\/\/lightweb.dev\/l\/svm-temp\/wp-content\/uploads\/2023\/05\/articulos-29338-stor.jpeg","type":"image\/jpeg"}],"author":"Ola Josefsson","twitter_card":"summary_large_image","twitter_creator":"@SvenskaMagasine","twitter_site":"@SvenskaMagasine","schema":{"@context":"https:\/\/schema.org","@graph":[{"@type":"Article","@id":"https:\/\/lightweb.dev\/l\/svm-temp\/nyheter\/jesper-sander-pedersen-har-avlidit-vid-62-ars-alder\/#article","isPartOf":{"@id":"https:\/\/lightweb.dev\/l\/svm-temp\/nyheter\/jesper-sander-pedersen-har-avlidit-vid-62-ars-alder\/"},"author":{"name":"Ola Josefsson","@id":"https:\/\/lightweb.dev\/l\/svm-temp\/#\/schema\/person\/7a82b8a73d171d32360a564b6d03508e"},"headline":"Jesper Sander Pedersen har avlidit vid 62 \u00e5rs \u00e5lder","datePublished":"2023-05-26T07:13:50+00:00","dateModified":"2023-05-26T13:17:04+00:00","mainEntityOfPage":{"@id":"https:\/\/lightweb.dev\/l\/svm-temp\/nyheter\/jesper-sander-pedersen-har-avlidit-vid-62-ars-alder\/"},"wordCount":222,"commentCount":1,"publisher":{"@id":"https:\/\/lightweb.dev\/l\/svm-temp\/#organization"},"image":{"@id":"https:\/\/lightweb.dev\/l\/svm-temp\/nyheter\/jesper-sander-pedersen-har-avlidit-vid-62-ars-alder\/#primaryimage"},"thumbnailUrl":"https:\/\/lightweb.dev\/l\/svm-temp\/wp-content\/uploads\/2023\/05\/articulos-29338-stor.jpeg","articleSection":["Arkiv","Nyheter"],"inLanguage":"sv-SE"},{"@type":"WebPage","@id":"https:\/\/lightweb.dev\/l\/svm-temp\/nyheter\/jesper-sander-pedersen-har-avlidit-vid-62-ars-alder\/","url":"https:\/\/lightweb.dev\/l\/svm-temp\/nyheter\/jesper-sander-pedersen-har-avlidit-vid-62-ars-alder\/","name":"Jesper Sander Pedersen har avlidit vid 62 \u00e5rs \u00e5lder - Svenska Magasinet","isPartOf":{"@id":"https:\/\/lightweb.dev\/l\/svm-temp\/#website"},"primaryImageOfPage":{"@id":"https:\/\/lightweb.dev\/l\/svm-temp\/nyheter\/jesper-sander-pedersen-har-avlidit-vid-62-ars-alder\/#primaryimage"},"image":{"@id":"https:\/\/lightweb.dev\/l\/svm-temp\/nyheter\/jesper-sander-pedersen-har-avlidit-vid-62-ars-alder\/#primaryimage"},"thumbnailUrl":"https:\/\/lightweb.dev\/l\/svm-temp\/wp-content\/uploads\/2023\/05\/articulos-29338-stor.jpeg","datePublished":"2023-05-26T07:13:50+00:00","dateModified":"2023-05-26T13:17:04+00:00","description":"Den danske journalisten Jesper Sander Pedersen som var ordf\u00f6rande i journalistklubben Costa Press Club med ett 50-tal medlemmar har avlidit efter en kort tids sjukdom.","breadcrumb":{"@id":"https:\/\/lightweb.dev\/l\/svm-temp\/nyheter\/jesper-sander-pedersen-har-avlidit-vid-62-ars-alder\/#breadcrumb"},"inLanguage":"sv-SE","potentialAction":[{"@type":"ReadAction","target":["https:\/\/lightweb.dev\/l\/svm-temp\/nyheter\/jesper-sander-pedersen-har-avlidit-vid-62-ars-alder\/"]}]},{"@type":"ImageObject","inLanguage":"sv-SE","@id":"https:\/\/lightweb.dev\/l\/svm-temp\/nyheter\/jesper-sander-pedersen-har-avlidit-vid-62-ars-alder\/#primaryimage","url":"https:\/\/lightweb.dev\/l\/svm-temp\/wp-content\/uploads\/2023\/05\/articulos-29338-stor.jpeg","contentUrl":"https:\/\/lightweb.dev\/l\/svm-temp\/wp-content\/uploads\/2023\/05\/articulos-29338-stor.jpeg","width":1280,"height":635},{"@type":"BreadcrumbList","@id":"https:\/\/lightweb.dev\/l\/svm-temp\/nyheter\/jesper-sander-pedersen-har-avlidit-vid-62-ars-alder\/#breadcrumb","itemListElement":[{"@type":"ListItem","position":1,"name":"Hem","item":"https:\/\/lightweb.dev\/l\/svm-temp\/"},{"@type":"ListItem","position":2,"name":"Jesper Sander Pedersen har avlidit vid 62 \u00e5rs \u00e5lder"}]},{"@type":"WebSite","@id":"https:\/\/lightweb.dev\/l\/svm-temp\/#website","url":"https:\/\/lightweb.dev\/l\/svm-temp\/","name":"Svenska Magasinet","description":"Dina Spanska nyheter p&aring; Svenska","publisher":{"@id":"https:\/\/lightweb.dev\/l\/svm-temp\/#organization"},"potentialAction":[{"@type":"SearchAction","target":{"@type":"EntryPoint","urlTemplate":"https:\/\/lightweb.dev\/l\/svm-temp\/?s={search_term_string}"},"query-input":{"@type":"PropertyValueSpecification","valueRequired":true,"valueName":"search_term_string"}}],"inLanguage":"sv-SE"},{"@type":"Organization","@id":"https:\/\/lightweb.dev\/l\/svm-temp\/#organization","name":"Melkerson y Nott SL","alternateName":"Svenska Magasinet","url":"https:\/\/lightweb.dev\/l\/svm-temp\/","logo":{"@type":"ImageObject","inLanguage":"sv-SE","@id":"https:\/\/lightweb.dev\/l\/svm-temp\/#\/schema\/logo\/image\/","url":"https:\/\/lightweb.dev\/l\/svm-temp\/wp-content\/uploads\/2025\/02\/SvM-logo-Xtra-Centrerad-SVART.png","contentUrl":"https:\/\/lightweb.dev\/l\/svm-temp\/wp-content\/uploads\/2025\/02\/SvM-logo-Xtra-Centrerad-SVART.png","width":300,"height":99,"caption":"Melkerson y Nott SL"},"image":{"@id":"https:\/\/lightweb.dev\/l\/svm-temp\/#\/schema\/logo\/image\/"},"sameAs":["https:\/\/www.facebook.com\/svenskamagasinet","https:\/\/x.com\/SvenskaMagasine"]},{"@type":"Person","@id":"https:\/\/lightweb.dev\/l\/svm-temp\/#\/schema\/person\/7a82b8a73d171d32360a564b6d03508e","name":"Ola Josefsson","description":"Bevakar Solkusten och Spanien sedan 1994.","sameAs":["https:\/\/lightweb.dev\/l\/svm-temp"],"url":"https:\/\/lightweb.dev\/l\/svm-temp\/reporter\/ola-josefsson\/"}]}},"_links":{"self":[{"href":"https:\/\/lightweb.dev\/l\/svm-temp\/wp-json\/wp\/v2\/posts\/64022","targetHints":{"allow":["GET"]}}],"collection":[{"href":"https:\/\/lightweb.dev\/l\/svm-temp\/wp-json\/wp\/v2\/posts"}],"about":[{"href":"https:\/\/lightweb.dev\/l\/svm-temp\/wp-json\/wp\/v2\/types\/post"}],"author":[{"embeddable":true,"href":"https:\/\/lightweb.dev\/l\/svm-temp\/wp-json\/wp\/v2\/users\/7"}],"replies":[{"embeddable":true,"href":"https:\/\/lightweb.dev\/l\/svm-temp\/wp-json\/wp\/v2\/comments?post=64022"}],"version-history":[{"count":0,"href":"https:\/\/lightweb.dev\/l\/svm-temp\/wp-json\/wp\/v2\/posts\/64022\/revisions"}],"wp:featuredmedia":[{"embeddable":true,"href":"https:\/\/lightweb.dev\/l\/svm-temp\/wp-json\/wp\/v2\/media\/64024"}],"wp:attachment":[{"href":"https:\/\/lightweb.dev\/l\/svm-temp\/wp-json\/wp\/v2\/media?parent=64022"}],"wp:term":[{"taxonomy":"category","embeddable":true,"href":"https:\/\/lightweb.dev\/l\/svm-temp\/wp-json\/wp\/v2\/categories?post=64022"},{"taxonomy":"post_tag","embeddable":true,"href":"https:\/\/lightweb.dev\/l\/svm-temp\/wp-json\/wp\/v2\/tags?post=64022"}],"curies":[{"name":"wp","href":"https:\/\/api.w.org\/{rel}","templated":true}]}}