{"id":64033,"date":"2023-05-29T10:12:24","date_gmt":"2023-05-29T08:12:24","guid":{"rendered":"https:\/\/lightweb.dev\/l\/svm-temp\/?p=64033"},"modified":"2023-05-29T16:21:09","modified_gmt":"2023-05-29T14:21:09","slug":"hogervindar-blaser-i-spanien","status":"publish","type":"post","link":"https:\/\/lightweb.dev\/l\/svm-temp\/nyheter\/hogervindar-blaser-i-spanien\/","title":{"rendered":"H\u00f6gervindar bl\u00e5ser i Spanien"},"content":{"rendered":"<p><strong>Vid lokalvalet 2019 fick PSOE 1,5 miljoner fler r\u00f6ster \u00e4n Partido Popular totalt i Spanien. Vid lokalvalet p\u00e5 s\u00f6ndagen fick Partido Popular omkring 800.000 fler r\u00f6ster \u00e4n PSOE. L\u00e4gg till att ytterkantsv\u00e4nsterpartiet Unidas Podemos g\u00f6r sitt s\u00e4msta val n\u00e5gonsin och endast f\u00e5r 3,19 procent av r\u00f6sterna samtidigt som Vox som befinner sig p\u00e5 motsatt sida av den politiska skalan v\u00e4xer och f\u00e5r v\u00e5gm\u00e4starroller.<\/strong><\/p>\n<p>De politiska vindarna i Spanien bl\u00e5ser fr\u00e5n h\u00f6ger.<\/p>\n<p>Det var en d\u00e4mpad regeringschef Pedro S\u00e1nchez som framtr\u00e4dde p\u00e5 valnatten:<\/p>\n<p>&#8211; Vi s\u00e5g inte det komma. Det h\u00e4r resultatet fanns inte p\u00e5 v\u00e5r radar.<\/p>\n<h2>Costa del Sol<\/h2>\n<p>N\u00e4r de spanska dagstidningarna idag redovisar valresultatet med f\u00e4rgade kartor \u00e4r det bl\u00e5tt som g\u00e4ller i samtliga kustkommuner f\u00f6rutom i Manilva, Casares och Mijas. Partido Popular f\u00e5r majoritet i 41 av provinsens 103 kommuner. PSOE f\u00e5r flest r\u00f6ster i 35 kommuner, de flesta i inlandet.<\/p>\n<p>I M\u00e1laga \u00e5tertar Paco de la Torre majoriteten och f\u00e5r 17 mandat. 80-\u00e5ringen f\u00e5r flest r\u00f6ster i samtliga elva valdistrikt i M\u00e1laga. Vox kommer f\u00f6r f\u00f6rsta g\u00e5ngen in i kommunfullm\u00e4ktige och f\u00e5r tv\u00e5 mandat.<\/p>\n<p>Partido Popular kan styra med egen majoritet i andra kustkommuner som Torrox, Nerja, Rinc\u00f3n de la Victoria, Torremolinos, Benalm\u00e1dena, Fuengirola, Estepona och Marbella.<\/p>\n<h2>Noterat i \u00f6vrigt:<\/h2>\n<p>Fallet \u201ccaso Joakim\u201d d\u00e4r borgm\u00e4starens styvson \u00e4r indragen i penningtv\u00e4tt och narkotikasmuggling p\u00e5verkade inte valutg\u00e5ngen f\u00f6r \u00c1ngeles Mu\u00f1oz i <strong>Marbella<\/strong> som f\u00e5r majoritet med 14 mandat av 27.<\/p>\n<p>I <strong>Mijas<\/strong> som \u00e4r den tredje st\u00f6rsta kommunen I M\u00e1lagaprovinsen sett till befolkningen f\u00e5r socialisten Jos\u00e9 Antonio Gonz\u00e1lez flest r\u00f6ster. \u201dJosele\u201d f\u00e5r tio av 25 mandat och m\u00e5ste f\u00f6rhandla med Ciudadanos (2 mandat) och Por mi Pueblo (1). Partido Popular f\u00e5r nio mandat och Vox f\u00e5r tre mandat.<\/p>\n<p>I <strong>Estepona<\/strong> minskar st\u00f6det f\u00f6r Jos\u00e9 Mar\u00eda Garc\u00eda Urbano som tappar fyra mandat sedan valet 2019 och f\u00e5r 17 mandat vilket r\u00e4cker till att styra med majoritet. I Estepona v\u00e4xer Vox och f\u00e5r tre mandat.<\/p>\n<div id=\"attachment_64036\" style=\"width: 310px\" class=\"wp-caption alignleft\"><img loading=\"lazy\" decoding=\"async\" aria-describedby=\"caption-attachment-64036\" class=\"size-medium wp-image-64036\" src=\"https:\/\/lightweb.dev\/l\/svm-temp\/wp-content\/uploads\/2023\/05\/FxONs-QWAAAxbij-stor-300x225.jpeg\" alt=\"\" width=\"300\" height=\"225\" srcset=\"https:\/\/lightweb.dev\/l\/svm-temp\/wp-content\/uploads\/2023\/05\/FxONs-QWAAAxbij-stor-300x225.jpeg 300w, https:\/\/lightweb.dev\/l\/svm-temp\/wp-content\/uploads\/2023\/05\/FxONs-QWAAAxbij-stor-900x675.jpeg 900w, https:\/\/lightweb.dev\/l\/svm-temp\/wp-content\/uploads\/2023\/05\/FxONs-QWAAAxbij-stor-768x576.jpeg 768w, https:\/\/lightweb.dev\/l\/svm-temp\/wp-content\/uploads\/2023\/05\/FxONs-QWAAAxbij-stor-610x458.jpeg 610w, https:\/\/lightweb.dev\/l\/svm-temp\/wp-content\/uploads\/2023\/05\/FxONs-QWAAAxbij-stor-600x450.jpeg 600w, https:\/\/lightweb.dev\/l\/svm-temp\/wp-content\/uploads\/2023\/05\/FxONs-QWAAAxbij-stor.jpeg 1024w\" sizes=\"(max-width: 300px) 100vw, 300px\" \/><p id=\"caption-attachment-64036\" class=\"wp-caption-text\">Vox med Antonio Luna, t. v., v\u00e4xer dubbelt i Fuengirola och f\u00e5r tre mandat.<\/p><\/div>\n<p>I <strong>Fuengirola<\/strong> har Partido Popular styrt sedan 1991 f\u00f6rutom 1993 till 1995. Ana Mula upprepar resultatet fr\u00e5n 2019 och f\u00e5r 15 mandat. Vox med borgm\u00e4starkandidaten och den tidigare nationalpolisen Antonio Luna v\u00e4xer dubbelt i Fuengirola och f\u00e5r tre mandat.<\/p>\n<p>I <strong>Benalm\u00e1dena<\/strong> vinner Partido Popular med borgm\u00e4starkandidaten Juan Antonio Lara som f\u00e5r 13 mandat.<\/p>\n<p>I <strong>Torremolinos<\/strong> g\u00f6r Margarita del Cid ett mycket bra val vilket g\u00f6r att Partido Popular f\u00e5r 17 mandat och egen majoritet.<\/p>\n<p>I <strong>V\u00e9lez-M\u00e1laga<\/strong> f\u00e5r Partido Popular med borgm\u00e4starkandidaten Jes\u00fas Lupi\u00e1\u00f1ez flest r\u00f6ster och f\u00e5r tio av 25 mandat. H\u00e4r v\u00e4xer v\u00e4nsterkoalitionen Andaluc\u00eda por S\u00ed och f\u00e5r sex mandat. I V\u00e9lez \u00e4r det i skrivande stund oklart hur kommunstyrelsen utformas. Partido Popular m\u00e5ste ha st\u00f6d av det lokala Torre del Mar-partiet GIPMTM (Grupo Independiente Pro Municipio de Torre del Mar (GIPMTM) och Vox.<\/p>\n<p>I <strong>Nerja<\/strong> vinner Jos\u00e9 Alberto Armijo stort och kan bilda majoritetsstyre. I grannkommunen <strong>Torrox<\/strong> blir \u00d3scar Medina (Partido Popular) omvald som borgm\u00e4stare med egen majoritet.<\/p>\n<div id=\"attachment_64037\" style=\"width: 310px\" class=\"wp-caption alignleft\"><img loading=\"lazy\" decoding=\"async\" aria-describedby=\"caption-attachment-64037\" class=\"size-medium wp-image-64037\" src=\"https:\/\/lightweb.dev\/l\/svm-temp\/wp-content\/uploads\/2023\/05\/FxP5aL0XsAAQUln-stor-300x225.jpeg\" alt=\"\" width=\"300\" height=\"225\" srcset=\"https:\/\/lightweb.dev\/l\/svm-temp\/wp-content\/uploads\/2023\/05\/FxP5aL0XsAAQUln-stor-300x225.jpeg 300w, https:\/\/lightweb.dev\/l\/svm-temp\/wp-content\/uploads\/2023\/05\/FxP5aL0XsAAQUln-stor-900x675.jpeg 900w, https:\/\/lightweb.dev\/l\/svm-temp\/wp-content\/uploads\/2023\/05\/FxP5aL0XsAAQUln-stor-768x576.jpeg 768w, https:\/\/lightweb.dev\/l\/svm-temp\/wp-content\/uploads\/2023\/05\/FxP5aL0XsAAQUln-stor-610x458.jpeg 610w, https:\/\/lightweb.dev\/l\/svm-temp\/wp-content\/uploads\/2023\/05\/FxP5aL0XsAAQUln-stor-1080x810.jpeg 1080w, https:\/\/lightweb.dev\/l\/svm-temp\/wp-content\/uploads\/2023\/05\/FxP5aL0XsAAQUln-stor-600x450.jpeg 600w, https:\/\/lightweb.dev\/l\/svm-temp\/wp-content\/uploads\/2023\/05\/FxP5aL0XsAAQUln-stor.jpeg 1280w\" sizes=\"(max-width: 300px) 100vw, 300px\" \/><p id=\"caption-attachment-64037\" class=\"wp-caption-text\">Francisco Salado och Partido Popular f\u00e5r egen majoritet i Rinc\u00f3n de la Victoria<\/p><\/div>\n<p>I <strong>Rinc\u00f3n de la Victoria<\/strong> vinner Partido Popular och Francisco Salado \u00e5terigen, denna g\u00e5ng f\u00e5r PP 13 av de 25 mandaten.<\/p>\n<p>P\u00e5 v\u00e4stra Costa del Sol och M\u00e1lagaprovinsen blir Compromiso st\u00f6rsta parti i <strong>Manilva<\/strong>. H\u00e4r beh\u00f6vs st\u00f6d fr\u00e5n v\u00e4nsterkoalitionen Con Andaluc\u00eda och PSOE f\u00f6r att f\u00e5 majoritetsstyre.<\/p>\n<p>I <strong>Casares\u00a0<\/strong>f\u00e5r v\u00e4nsterkoalitionen Con Andaluc\u00eda egen majoritet.<\/p>\n<h2>Costa Tropical<\/h2>\n<p>I <strong>Almu\u00f1\u00e9car<\/strong> p\u00e5 Costa Tropical i Granadaprovinsen blir Partido Popular st\u00f6rsta parti och f\u00e5r egen majoritet. PP:s borgm\u00e4starkandidat Juan Jos\u00e9 Ruiz Joya kan bilda majoritetsstyre efter att partiet f\u00f6rdubblat sina mandat.<\/p>\n<p>I <strong>Salobre\u00f1a<\/strong> blir PSOE st\u00f6rsta parti. H\u00e4r m\u00e5ste PSOE s\u00f6ka st\u00f6d fr\u00e5n andra partier f\u00f6r att f\u00e5 majoritetsstyre.<\/p>\n<p>I <strong>Motril<\/strong> blir Partido Popular st\u00f6rsta parti men inte tillr\u00e4ckligt f\u00f6r att f\u00e5 egen majoritet. PP:s borgm\u00e4starkandidat Garc\u00eda Chamorro hoppas p\u00e5 st\u00f6d fr\u00e5n det lokala partiet M\u00e1s Motril.<\/p>\n<p><strong>Fotnot:<\/strong> I v\u00e4nsterkoalitionen Con Andaluc\u00eda ing\u00e5r Adelante, Podemos, Izquierda Unida, Equo och andra v\u00e4nsterpartier.<\/p>\n","protected":false},"excerpt":{"rendered":"<p>Vid lokalvalet 2019 fick PSOE 1,5 miljoner fler r\u00f6ster \u00e4n Partido Popular totalt i Spanien. Vid lokalvalet p\u00e5 s\u00f6ndagen fick Partido Popular omkring 800.000 fler r\u00f6ster \u00e4n PSOE&#8230;.<\/p>\n","protected":false},"author":7,"featured_media":64035,"comment_status":"open","ping_status":"closed","sticky":false,"template":"","format":"standard","meta":{"_et_pb_use_builder":"","_et_pb_old_content":"","_et_gb_content_width":"","footnotes":""},"categories":[395,3],"tags":[],"class_list":["post-64033","post","type-post","status-publish","format-standard","has-post-thumbnail","hentry","category-arkiv-nyheter","category-nyheter"],"yoast_head":"<!-- This site is optimized with the Yoast SEO Premium plugin v26.2 (Yoast SEO v27.4) - https:\/\/yoast.com\/product\/yoast-seo-premium-wordpress\/ -->\n<title>H\u00f6gervindar bl\u00e5ser i Spanien - Svenska Magasinet<\/title>\n<meta name=\"description\" content=\"Vid lokalvalet 2019 fick PSOE 1,5 miljoner fler r\u00f6ster \u00e4n Partido Popular totalt i Spanien. Vid lokalvalet p\u00e5 s\u00f6ndagen fick Partido Popular omkring 800.000 fler r\u00f6ster \u00e4n PSOE. L\u00e4gg till att ytterkantsv\u00e4nsterpartiet Unidas Podemos g\u00f6r sitt s\u00e4msta val n\u00e5gonsin och endast f\u00e5r 3,19 procent av r\u00f6sterna samtidigt som Vox som befinner sig p\u00e5 motsatt sida av den politiska skalan v\u00e4xer och f\u00e5r v\u00e5gm\u00e4starroller.\" \/>\n<meta name=\"robots\" content=\"noindex, follow, max-snippet:-1, max-image-preview:large, max-video-preview:-1\" \/>\n<meta property=\"og:locale\" content=\"sv_SE\" \/>\n<meta property=\"og:type\" content=\"article\" \/>\n<meta property=\"og:title\" content=\"H\u00f6gervindar bl\u00e5ser i Spanien\" \/>\n<meta property=\"og:description\" content=\"Vid lokalvalet 2019 fick PSOE 1,5 miljoner fler r\u00f6ster \u00e4n Partido Popular totalt i Spanien. Vid lokalvalet p\u00e5 s\u00f6ndagen fick Partido Popular omkring 800.000 fler r\u00f6ster \u00e4n PSOE. L\u00e4gg till att ytterkantsv\u00e4nsterpartiet Unidas Podemos g\u00f6r sitt s\u00e4msta val n\u00e5gonsin och endast f\u00e5r 3,19 procent av r\u00f6sterna samtidigt som Vox som befinner sig p\u00e5 motsatt sida av den politiska skalan v\u00e4xer och f\u00e5r v\u00e5gm\u00e4starroller.\" \/>\n<meta property=\"og:url\" content=\"https:\/\/lightweb.dev\/l\/svm-temp\/nyheter\/hogervindar-blaser-i-spanien\/\" \/>\n<meta property=\"og:site_name\" content=\"Svenska Magasinet\" \/>\n<meta property=\"article:publisher\" content=\"https:\/\/www.facebook.com\/svenskamagasinet\" \/>\n<meta property=\"article:published_time\" content=\"2023-05-29T08:12:24+00:00\" \/>\n<meta property=\"article:modified_time\" content=\"2023-05-29T14:21:09+00:00\" \/>\n<meta property=\"og:image\" content=\"https:\/\/lightweb.dev\/l\/svm-temp\/wp-content\/uploads\/2023\/05\/FxP9itCXwAEhJxL-stor.jpeg\" \/>\n\t<meta property=\"og:image:width\" content=\"1024\" \/>\n\t<meta property=\"og:image:height\" content=\"682\" \/>\n\t<meta property=\"og:image:type\" content=\"image\/jpeg\" \/>\n<meta name=\"author\" content=\"Ola Josefsson\" \/>\n<meta name=\"twitter:card\" content=\"summary_large_image\" \/>\n<meta name=\"twitter:creator\" content=\"@SvenskaMagasine\" \/>\n<meta name=\"twitter:site\" content=\"@SvenskaMagasine\" \/>\n<script type=\"application\/ld+json\" class=\"yoast-schema-graph\">{\"@context\":\"https:\\\/\\\/schema.org\",\"@graph\":[{\"@type\":\"Article\",\"@id\":\"https:\\\/\\\/lightweb.dev\\\/l\\\/svm-temp\\\/nyheter\\\/hogervindar-blaser-i-spanien\\\/#article\",\"isPartOf\":{\"@id\":\"https:\\\/\\\/lightweb.dev\\\/l\\\/svm-temp\\\/nyheter\\\/hogervindar-blaser-i-spanien\\\/\"},\"author\":{\"name\":\"Ola Josefsson\",\"@id\":\"https:\\\/\\\/lightweb.dev\\\/l\\\/svm-temp\\\/#\\\/schema\\\/person\\\/7a82b8a73d171d32360a564b6d03508e\"},\"headline\":\"H\u00f6gervindar bl\u00e5ser i Spanien\",\"datePublished\":\"2023-05-29T08:12:24+00:00\",\"dateModified\":\"2023-05-29T14:21:09+00:00\",\"mainEntityOfPage\":{\"@id\":\"https:\\\/\\\/lightweb.dev\\\/l\\\/svm-temp\\\/nyheter\\\/hogervindar-blaser-i-spanien\\\/\"},\"wordCount\":791,\"commentCount\":1,\"publisher\":{\"@id\":\"https:\\\/\\\/lightweb.dev\\\/l\\\/svm-temp\\\/#organization\"},\"image\":{\"@id\":\"https:\\\/\\\/lightweb.dev\\\/l\\\/svm-temp\\\/nyheter\\\/hogervindar-blaser-i-spanien\\\/#primaryimage\"},\"thumbnailUrl\":\"https:\\\/\\\/lightweb.dev\\\/l\\\/svm-temp\\\/wp-content\\\/uploads\\\/2023\\\/05\\\/FxP9itCXwAEhJxL-stor.jpeg\",\"articleSection\":[\"Arkiv\",\"Nyheter\"],\"inLanguage\":\"sv-SE\"},{\"@type\":\"WebPage\",\"@id\":\"https:\\\/\\\/lightweb.dev\\\/l\\\/svm-temp\\\/nyheter\\\/hogervindar-blaser-i-spanien\\\/\",\"url\":\"https:\\\/\\\/lightweb.dev\\\/l\\\/svm-temp\\\/nyheter\\\/hogervindar-blaser-i-spanien\\\/\",\"name\":\"H\u00f6gervindar bl\u00e5ser i Spanien - Svenska Magasinet\",\"isPartOf\":{\"@id\":\"https:\\\/\\\/lightweb.dev\\\/l\\\/svm-temp\\\/#website\"},\"primaryImageOfPage\":{\"@id\":\"https:\\\/\\\/lightweb.dev\\\/l\\\/svm-temp\\\/nyheter\\\/hogervindar-blaser-i-spanien\\\/#primaryimage\"},\"image\":{\"@id\":\"https:\\\/\\\/lightweb.dev\\\/l\\\/svm-temp\\\/nyheter\\\/hogervindar-blaser-i-spanien\\\/#primaryimage\"},\"thumbnailUrl\":\"https:\\\/\\\/lightweb.dev\\\/l\\\/svm-temp\\\/wp-content\\\/uploads\\\/2023\\\/05\\\/FxP9itCXwAEhJxL-stor.jpeg\",\"datePublished\":\"2023-05-29T08:12:24+00:00\",\"dateModified\":\"2023-05-29T14:21:09+00:00\",\"description\":\"Vid lokalvalet 2019 fick PSOE 1,5 miljoner fler r\u00f6ster \u00e4n Partido Popular totalt i Spanien. Vid lokalvalet p\u00e5 s\u00f6ndagen fick Partido Popular omkring 800.000 fler r\u00f6ster \u00e4n PSOE. L\u00e4gg till att ytterkantsv\u00e4nsterpartiet Unidas Podemos g\u00f6r sitt s\u00e4msta val n\u00e5gonsin och endast f\u00e5r 3,19 procent av r\u00f6sterna samtidigt som Vox som befinner sig p\u00e5 motsatt sida av den politiska skalan v\u00e4xer och f\u00e5r v\u00e5gm\u00e4starroller.\",\"breadcrumb\":{\"@id\":\"https:\\\/\\\/lightweb.dev\\\/l\\\/svm-temp\\\/nyheter\\\/hogervindar-blaser-i-spanien\\\/#breadcrumb\"},\"inLanguage\":\"sv-SE\",\"potentialAction\":[{\"@type\":\"ReadAction\",\"target\":[\"https:\\\/\\\/lightweb.dev\\\/l\\\/svm-temp\\\/nyheter\\\/hogervindar-blaser-i-spanien\\\/\"]}]},{\"@type\":\"ImageObject\",\"inLanguage\":\"sv-SE\",\"@id\":\"https:\\\/\\\/lightweb.dev\\\/l\\\/svm-temp\\\/nyheter\\\/hogervindar-blaser-i-spanien\\\/#primaryimage\",\"url\":\"https:\\\/\\\/lightweb.dev\\\/l\\\/svm-temp\\\/wp-content\\\/uploads\\\/2023\\\/05\\\/FxP9itCXwAEhJxL-stor.jpeg\",\"contentUrl\":\"https:\\\/\\\/lightweb.dev\\\/l\\\/svm-temp\\\/wp-content\\\/uploads\\\/2023\\\/05\\\/FxP9itCXwAEhJxL-stor.jpeg\",\"width\":1024,\"height\":682,\"caption\":\"Vid 80-\u00e5rs \u00e5lder f\u00e5r Paco de la Torre \u00e5terigen egen majoritet i M\u00e1laga. Under valnatten h\u00f6ll han segertalet.\"},{\"@type\":\"BreadcrumbList\",\"@id\":\"https:\\\/\\\/lightweb.dev\\\/l\\\/svm-temp\\\/nyheter\\\/hogervindar-blaser-i-spanien\\\/#breadcrumb\",\"itemListElement\":[{\"@type\":\"ListItem\",\"position\":1,\"name\":\"Hem\",\"item\":\"https:\\\/\\\/lightweb.dev\\\/l\\\/svm-temp\\\/\"},{\"@type\":\"ListItem\",\"position\":2,\"name\":\"H\u00f6gervindar bl\u00e5ser i Spanien\"}]},{\"@type\":\"WebSite\",\"@id\":\"https:\\\/\\\/lightweb.dev\\\/l\\\/svm-temp\\\/#website\",\"url\":\"https:\\\/\\\/lightweb.dev\\\/l\\\/svm-temp\\\/\",\"name\":\"Svenska Magasinet\",\"description\":\"Dina Spanska nyheter p&aring; Svenska\",\"publisher\":{\"@id\":\"https:\\\/\\\/lightweb.dev\\\/l\\\/svm-temp\\\/#organization\"},\"potentialAction\":[{\"@type\":\"SearchAction\",\"target\":{\"@type\":\"EntryPoint\",\"urlTemplate\":\"https:\\\/\\\/lightweb.dev\\\/l\\\/svm-temp\\\/?s={search_term_string}\"},\"query-input\":{\"@type\":\"PropertyValueSpecification\",\"valueRequired\":true,\"valueName\":\"search_term_string\"}}],\"inLanguage\":\"sv-SE\"},{\"@type\":\"Organization\",\"@id\":\"https:\\\/\\\/lightweb.dev\\\/l\\\/svm-temp\\\/#organization\",\"name\":\"Melkerson y Nott SL\",\"alternateName\":\"Svenska Magasinet\",\"url\":\"https:\\\/\\\/lightweb.dev\\\/l\\\/svm-temp\\\/\",\"logo\":{\"@type\":\"ImageObject\",\"inLanguage\":\"sv-SE\",\"@id\":\"https:\\\/\\\/lightweb.dev\\\/l\\\/svm-temp\\\/#\\\/schema\\\/logo\\\/image\\\/\",\"url\":\"https:\\\/\\\/lightweb.dev\\\/l\\\/svm-temp\\\/wp-content\\\/uploads\\\/2025\\\/02\\\/SvM-logo-Xtra-Centrerad-SVART.png\",\"contentUrl\":\"https:\\\/\\\/lightweb.dev\\\/l\\\/svm-temp\\\/wp-content\\\/uploads\\\/2025\\\/02\\\/SvM-logo-Xtra-Centrerad-SVART.png\",\"width\":300,\"height\":99,\"caption\":\"Melkerson y Nott SL\"},\"image\":{\"@id\":\"https:\\\/\\\/lightweb.dev\\\/l\\\/svm-temp\\\/#\\\/schema\\\/logo\\\/image\\\/\"},\"sameAs\":[\"https:\\\/\\\/www.facebook.com\\\/svenskamagasinet\",\"https:\\\/\\\/x.com\\\/SvenskaMagasine\"]},{\"@type\":\"Person\",\"@id\":\"https:\\\/\\\/lightweb.dev\\\/l\\\/svm-temp\\\/#\\\/schema\\\/person\\\/7a82b8a73d171d32360a564b6d03508e\",\"name\":\"Ola Josefsson\",\"description\":\"Bevakar Solkusten och Spanien sedan 1994.\",\"sameAs\":[\"https:\\\/\\\/lightweb.dev\\\/l\\\/svm-temp\"],\"url\":\"https:\\\/\\\/lightweb.dev\\\/l\\\/svm-temp\\\/reporter\\\/ola-josefsson\\\/\"}]}<\/script>\n<!-- \/ Yoast SEO Premium plugin. -->","yoast_head_json":{"title":"H\u00f6gervindar bl\u00e5ser i Spanien - Svenska Magasinet","description":"Vid lokalvalet 2019 fick PSOE 1,5 miljoner fler r\u00f6ster \u00e4n Partido Popular totalt i Spanien. Vid lokalvalet p\u00e5 s\u00f6ndagen fick Partido Popular omkring 800.000 fler r\u00f6ster \u00e4n PSOE. L\u00e4gg till att ytterkantsv\u00e4nsterpartiet Unidas Podemos g\u00f6r sitt s\u00e4msta val n\u00e5gonsin och endast f\u00e5r 3,19 procent av r\u00f6sterna samtidigt som Vox som befinner sig p\u00e5 motsatt sida av den politiska skalan v\u00e4xer och f\u00e5r v\u00e5gm\u00e4starroller.","robots":{"index":"noindex","follow":"follow","max-snippet":"max-snippet:-1","max-image-preview":"max-image-preview:large","max-video-preview":"max-video-preview:-1"},"og_locale":"sv_SE","og_type":"article","og_title":"H\u00f6gervindar bl\u00e5ser i Spanien","og_description":"Vid lokalvalet 2019 fick PSOE 1,5 miljoner fler r\u00f6ster \u00e4n Partido Popular totalt i Spanien. Vid lokalvalet p\u00e5 s\u00f6ndagen fick Partido Popular omkring 800.000 fler r\u00f6ster \u00e4n PSOE. L\u00e4gg till att ytterkantsv\u00e4nsterpartiet Unidas Podemos g\u00f6r sitt s\u00e4msta val n\u00e5gonsin och endast f\u00e5r 3,19 procent av r\u00f6sterna samtidigt som Vox som befinner sig p\u00e5 motsatt sida av den politiska skalan v\u00e4xer och f\u00e5r v\u00e5gm\u00e4starroller.","og_url":"https:\/\/lightweb.dev\/l\/svm-temp\/nyheter\/hogervindar-blaser-i-spanien\/","og_site_name":"Svenska Magasinet","article_publisher":"https:\/\/www.facebook.com\/svenskamagasinet","article_published_time":"2023-05-29T08:12:24+00:00","article_modified_time":"2023-05-29T14:21:09+00:00","og_image":[{"width":1024,"height":682,"url":"https:\/\/lightweb.dev\/l\/svm-temp\/wp-content\/uploads\/2023\/05\/FxP9itCXwAEhJxL-stor.jpeg","type":"image\/jpeg"}],"author":"Ola Josefsson","twitter_card":"summary_large_image","twitter_creator":"@SvenskaMagasine","twitter_site":"@SvenskaMagasine","schema":{"@context":"https:\/\/schema.org","@graph":[{"@type":"Article","@id":"https:\/\/lightweb.dev\/l\/svm-temp\/nyheter\/hogervindar-blaser-i-spanien\/#article","isPartOf":{"@id":"https:\/\/lightweb.dev\/l\/svm-temp\/nyheter\/hogervindar-blaser-i-spanien\/"},"author":{"name":"Ola Josefsson","@id":"https:\/\/lightweb.dev\/l\/svm-temp\/#\/schema\/person\/7a82b8a73d171d32360a564b6d03508e"},"headline":"H\u00f6gervindar bl\u00e5ser i Spanien","datePublished":"2023-05-29T08:12:24+00:00","dateModified":"2023-05-29T14:21:09+00:00","mainEntityOfPage":{"@id":"https:\/\/lightweb.dev\/l\/svm-temp\/nyheter\/hogervindar-blaser-i-spanien\/"},"wordCount":791,"commentCount":1,"publisher":{"@id":"https:\/\/lightweb.dev\/l\/svm-temp\/#organization"},"image":{"@id":"https:\/\/lightweb.dev\/l\/svm-temp\/nyheter\/hogervindar-blaser-i-spanien\/#primaryimage"},"thumbnailUrl":"https:\/\/lightweb.dev\/l\/svm-temp\/wp-content\/uploads\/2023\/05\/FxP9itCXwAEhJxL-stor.jpeg","articleSection":["Arkiv","Nyheter"],"inLanguage":"sv-SE"},{"@type":"WebPage","@id":"https:\/\/lightweb.dev\/l\/svm-temp\/nyheter\/hogervindar-blaser-i-spanien\/","url":"https:\/\/lightweb.dev\/l\/svm-temp\/nyheter\/hogervindar-blaser-i-spanien\/","name":"H\u00f6gervindar bl\u00e5ser i Spanien - Svenska Magasinet","isPartOf":{"@id":"https:\/\/lightweb.dev\/l\/svm-temp\/#website"},"primaryImageOfPage":{"@id":"https:\/\/lightweb.dev\/l\/svm-temp\/nyheter\/hogervindar-blaser-i-spanien\/#primaryimage"},"image":{"@id":"https:\/\/lightweb.dev\/l\/svm-temp\/nyheter\/hogervindar-blaser-i-spanien\/#primaryimage"},"thumbnailUrl":"https:\/\/lightweb.dev\/l\/svm-temp\/wp-content\/uploads\/2023\/05\/FxP9itCXwAEhJxL-stor.jpeg","datePublished":"2023-05-29T08:12:24+00:00","dateModified":"2023-05-29T14:21:09+00:00","description":"Vid lokalvalet 2019 fick PSOE 1,5 miljoner fler r\u00f6ster \u00e4n Partido Popular totalt i Spanien. Vid lokalvalet p\u00e5 s\u00f6ndagen fick Partido Popular omkring 800.000 fler r\u00f6ster \u00e4n PSOE. L\u00e4gg till att ytterkantsv\u00e4nsterpartiet Unidas Podemos g\u00f6r sitt s\u00e4msta val n\u00e5gonsin och endast f\u00e5r 3,19 procent av r\u00f6sterna samtidigt som Vox som befinner sig p\u00e5 motsatt sida av den politiska skalan v\u00e4xer och f\u00e5r v\u00e5gm\u00e4starroller.","breadcrumb":{"@id":"https:\/\/lightweb.dev\/l\/svm-temp\/nyheter\/hogervindar-blaser-i-spanien\/#breadcrumb"},"inLanguage":"sv-SE","potentialAction":[{"@type":"ReadAction","target":["https:\/\/lightweb.dev\/l\/svm-temp\/nyheter\/hogervindar-blaser-i-spanien\/"]}]},{"@type":"ImageObject","inLanguage":"sv-SE","@id":"https:\/\/lightweb.dev\/l\/svm-temp\/nyheter\/hogervindar-blaser-i-spanien\/#primaryimage","url":"https:\/\/lightweb.dev\/l\/svm-temp\/wp-content\/uploads\/2023\/05\/FxP9itCXwAEhJxL-stor.jpeg","contentUrl":"https:\/\/lightweb.dev\/l\/svm-temp\/wp-content\/uploads\/2023\/05\/FxP9itCXwAEhJxL-stor.jpeg","width":1024,"height":682,"caption":"Vid 80-\u00e5rs \u00e5lder f\u00e5r Paco de la Torre \u00e5terigen egen majoritet i M\u00e1laga. Under valnatten h\u00f6ll han segertalet."},{"@type":"BreadcrumbList","@id":"https:\/\/lightweb.dev\/l\/svm-temp\/nyheter\/hogervindar-blaser-i-spanien\/#breadcrumb","itemListElement":[{"@type":"ListItem","position":1,"name":"Hem","item":"https:\/\/lightweb.dev\/l\/svm-temp\/"},{"@type":"ListItem","position":2,"name":"H\u00f6gervindar bl\u00e5ser i Spanien"}]},{"@type":"WebSite","@id":"https:\/\/lightweb.dev\/l\/svm-temp\/#website","url":"https:\/\/lightweb.dev\/l\/svm-temp\/","name":"Svenska Magasinet","description":"Dina Spanska nyheter p&aring; Svenska","publisher":{"@id":"https:\/\/lightweb.dev\/l\/svm-temp\/#organization"},"potentialAction":[{"@type":"SearchAction","target":{"@type":"EntryPoint","urlTemplate":"https:\/\/lightweb.dev\/l\/svm-temp\/?s={search_term_string}"},"query-input":{"@type":"PropertyValueSpecification","valueRequired":true,"valueName":"search_term_string"}}],"inLanguage":"sv-SE"},{"@type":"Organization","@id":"https:\/\/lightweb.dev\/l\/svm-temp\/#organization","name":"Melkerson y Nott SL","alternateName":"Svenska Magasinet","url":"https:\/\/lightweb.dev\/l\/svm-temp\/","logo":{"@type":"ImageObject","inLanguage":"sv-SE","@id":"https:\/\/lightweb.dev\/l\/svm-temp\/#\/schema\/logo\/image\/","url":"https:\/\/lightweb.dev\/l\/svm-temp\/wp-content\/uploads\/2025\/02\/SvM-logo-Xtra-Centrerad-SVART.png","contentUrl":"https:\/\/lightweb.dev\/l\/svm-temp\/wp-content\/uploads\/2025\/02\/SvM-logo-Xtra-Centrerad-SVART.png","width":300,"height":99,"caption":"Melkerson y Nott SL"},"image":{"@id":"https:\/\/lightweb.dev\/l\/svm-temp\/#\/schema\/logo\/image\/"},"sameAs":["https:\/\/www.facebook.com\/svenskamagasinet","https:\/\/x.com\/SvenskaMagasine"]},{"@type":"Person","@id":"https:\/\/lightweb.dev\/l\/svm-temp\/#\/schema\/person\/7a82b8a73d171d32360a564b6d03508e","name":"Ola Josefsson","description":"Bevakar Solkusten och Spanien sedan 1994.","sameAs":["https:\/\/lightweb.dev\/l\/svm-temp"],"url":"https:\/\/lightweb.dev\/l\/svm-temp\/reporter\/ola-josefsson\/"}]}},"_links":{"self":[{"href":"https:\/\/lightweb.dev\/l\/svm-temp\/wp-json\/wp\/v2\/posts\/64033","targetHints":{"allow":["GET"]}}],"collection":[{"href":"https:\/\/lightweb.dev\/l\/svm-temp\/wp-json\/wp\/v2\/posts"}],"about":[{"href":"https:\/\/lightweb.dev\/l\/svm-temp\/wp-json\/wp\/v2\/types\/post"}],"author":[{"embeddable":true,"href":"https:\/\/lightweb.dev\/l\/svm-temp\/wp-json\/wp\/v2\/users\/7"}],"replies":[{"embeddable":true,"href":"https:\/\/lightweb.dev\/l\/svm-temp\/wp-json\/wp\/v2\/comments?post=64033"}],"version-history":[{"count":0,"href":"https:\/\/lightweb.dev\/l\/svm-temp\/wp-json\/wp\/v2\/posts\/64033\/revisions"}],"wp:featuredmedia":[{"embeddable":true,"href":"https:\/\/lightweb.dev\/l\/svm-temp\/wp-json\/wp\/v2\/media\/64035"}],"wp:attachment":[{"href":"https:\/\/lightweb.dev\/l\/svm-temp\/wp-json\/wp\/v2\/media?parent=64033"}],"wp:term":[{"taxonomy":"category","embeddable":true,"href":"https:\/\/lightweb.dev\/l\/svm-temp\/wp-json\/wp\/v2\/categories?post=64033"},{"taxonomy":"post_tag","embeddable":true,"href":"https:\/\/lightweb.dev\/l\/svm-temp\/wp-json\/wp\/v2\/tags?post=64033"}],"curies":[{"name":"wp","href":"https:\/\/api.w.org\/{rel}","templated":true}]}}