{"id":64043,"date":"2023-05-29T10:50:50","date_gmt":"2023-05-29T08:50:50","guid":{"rendered":"https:\/\/lightweb.dev\/l\/svm-temp\/?p=64043"},"modified":"2023-05-29T10:51:52","modified_gmt":"2023-05-29T08:51:52","slug":"partido-popular-storsta-parti-i-valenciaregionen","status":"publish","type":"post","link":"https:\/\/lightweb.dev\/l\/svm-temp\/nyheter\/partido-popular-storsta-parti-i-valenciaregionen\/","title":{"rendered":"Partido Popular st\u00f6rsta parti i Valenciaregionen"},"content":{"rendered":"<p><strong>Efter \u00e5tta \u00e5r blir \u00e5terigen Partido Popular st\u00f6rsta parti i Valenciaregionen. F\u00f6r att kunna bilda en majoritetsregering kr\u00e4vs det att PP sluter en pakt med Vox. PP f\u00e5r 40 mandat. Det kr\u00e4vs 50 f\u00f6r majoritetsregering.<\/strong><\/p>\n<p>Efter att Ciudadanos tappat samtliga 18 mandat sedan valet 2019 blir det Vox som Partido Popular f\u00e5r s\u00f6ka st\u00f6d hos. Vox \u00f6kar fr\u00e5n tio till tretton mandat.<\/p>\n<p>Det blir Partido Populars partiledare i Valenciaregionen Carlos Maz\u00f3n som f\u00e5r s\u00e4tta sig ned med Vox Carlos Flores. Tillsammans skulle de tv\u00e5 partierna fg\u00e5r 53 mandat.<\/p>\n<p>Carlos Maz\u00f3n s\u00e4ger p\u00e5 m\u00e5ndagen att han t\u00e4nker tala med hela v\u00e4rlden f\u00f6r att kunna bilda en regering.<\/p>\n<p>&#8211; Vox har str\u00e4ckt ut sin hand till oss. Men jag ska f\u00f6rst tala med PSOE och Comprom\u00eds.<\/p>\n<p>Vox partiledare Santiago Abascal har tidigare varit tydlig med att de kr\u00e4ver regionala r\u00e5dposter f\u00f6r att ge Partido Popular st\u00f6d i Valenciaregionen.<\/p>\n<p>Valdeltagandet i Valenciaregionen l\u00e5g p\u00e5 68,88 procent vilket var fem procentenheter l\u00e4gre j\u00e4mf\u00f6rt med valet 2019.<\/p>\n<p>Det ska till\u00e4ggas att i kommunalvalet i <strong>Alicante<\/strong> g\u00e5r socialisterna och Podemos tillbaka medan Vox f\u00f6rdubblar sina mandat och Ciudadanos f\u00f6rsvinner.<\/p>\n<p>Partido Popular vinner stort och borgm\u00e4starkandidaten Luis Barcala kan gk\u00e4dja sig \u00e5t att antalet mandat \u00f6kar fr\u00e5n nio till fjorton vilket \u00e4r ett mer \u00e4n v\u00e4nsterkoalitionen med PSPV-PSOE, Comprom\u00eds och Unides Podem.<\/p>\n<p>I <strong>Torrevieja<\/strong> kan Partido Popular bilda majoritetsstyre efter att ha f\u00e5tt 50 procent av r\u00f6sterna.<\/p>\n","protected":false},"excerpt":{"rendered":"<p>Efter \u00e5tta \u00e5r blir \u00e5terigen Partido Popular st\u00f6rsta parti i Valenciaregionen. F\u00f6r att kunna bilda en majoritetsregering kr\u00e4vs det att PP sluter en pakt med Vox&#8230;<\/p>\n","protected":false},"author":7,"featured_media":64045,"comment_status":"open","ping_status":"closed","sticky":false,"template":"","format":"standard","meta":{"_et_pb_use_builder":"","_et_pb_old_content":"","_et_gb_content_width":"","footnotes":""},"categories":[395,3],"tags":[],"class_list":["post-64043","post","type-post","status-publish","format-standard","has-post-thumbnail","hentry","category-arkiv-nyheter","category-nyheter"],"yoast_head":"<!-- This site is optimized with the Yoast SEO Premium plugin v26.2 (Yoast SEO v27.4) - https:\/\/yoast.com\/product\/yoast-seo-premium-wordpress\/ -->\n<title>Partido Popular st\u00f6rsta parti i Valenciaregionen - Svenska Magasinet<\/title>\n<meta name=\"description\" content=\"Efter \u00e5tta \u00e5r blir \u00e5terigen Partido Popular st\u00f6rsta parti i Valenciaregionen. F\u00f6r att kunna bilda en majoritetsregering kr\u00e4vs det att PP sluter en pakt med Vox. PP f\u00e5r 40 mandat. Det kr\u00e4vs 50 f\u00f6r att kunna bilda regionregering.\" \/>\n<meta name=\"robots\" content=\"noindex, follow, max-snippet:-1, max-image-preview:large, max-video-preview:-1\" \/>\n<meta property=\"og:locale\" content=\"sv_SE\" \/>\n<meta property=\"og:type\" content=\"article\" \/>\n<meta property=\"og:title\" content=\"Partido Popular st\u00f6rsta parti i Valenciaregionen\" \/>\n<meta property=\"og:description\" content=\"Efter \u00e5tta \u00e5r blir \u00e5terigen Partido Popular st\u00f6rsta parti i Valenciaregionen. F\u00f6r att kunna bilda en majoritetsregering kr\u00e4vs det att PP sluter en pakt med Vox. PP f\u00e5r 40 mandat. Det kr\u00e4vs 50 f\u00f6r att kunna bilda regionregering.\" \/>\n<meta property=\"og:url\" content=\"https:\/\/lightweb.dev\/l\/svm-temp\/nyheter\/partido-popular-storsta-parti-i-valenciaregionen\/\" \/>\n<meta property=\"og:site_name\" content=\"Svenska Magasinet\" \/>\n<meta property=\"article:publisher\" content=\"https:\/\/www.facebook.com\/svenskamagasinet\" \/>\n<meta property=\"article:published_time\" content=\"2023-05-29T08:50:50+00:00\" \/>\n<meta property=\"article:modified_time\" content=\"2023-05-29T08:51:52+00:00\" \/>\n<meta property=\"og:image\" content=\"https:\/\/lightweb.dev\/l\/svm-temp\/wp-content\/uploads\/2023\/05\/FxQHKcBXsAIsaP7-stor.jpeg\" \/>\n\t<meta property=\"og:image:width\" content=\"1024\" \/>\n\t<meta property=\"og:image:height\" content=\"576\" \/>\n\t<meta property=\"og:image:type\" content=\"image\/jpeg\" \/>\n<meta name=\"author\" content=\"Ola Josefsson\" \/>\n<meta name=\"twitter:card\" content=\"summary_large_image\" \/>\n<meta name=\"twitter:creator\" content=\"@SvenskaMagasine\" \/>\n<meta name=\"twitter:site\" content=\"@SvenskaMagasine\" \/>\n<script type=\"application\/ld+json\" class=\"yoast-schema-graph\">{\"@context\":\"https:\\\/\\\/schema.org\",\"@graph\":[{\"@type\":\"Article\",\"@id\":\"https:\\\/\\\/lightweb.dev\\\/l\\\/svm-temp\\\/nyheter\\\/partido-popular-storsta-parti-i-valenciaregionen\\\/#article\",\"isPartOf\":{\"@id\":\"https:\\\/\\\/lightweb.dev\\\/l\\\/svm-temp\\\/nyheter\\\/partido-popular-storsta-parti-i-valenciaregionen\\\/\"},\"author\":{\"name\":\"Ola Josefsson\",\"@id\":\"https:\\\/\\\/lightweb.dev\\\/l\\\/svm-temp\\\/#\\\/schema\\\/person\\\/7a82b8a73d171d32360a564b6d03508e\"},\"headline\":\"Partido Popular st\u00f6rsta parti i Valenciaregionen\",\"datePublished\":\"2023-05-29T08:50:50+00:00\",\"dateModified\":\"2023-05-29T08:51:52+00:00\",\"mainEntityOfPage\":{\"@id\":\"https:\\\/\\\/lightweb.dev\\\/l\\\/svm-temp\\\/nyheter\\\/partido-popular-storsta-parti-i-valenciaregionen\\\/\"},\"wordCount\":271,\"commentCount\":1,\"publisher\":{\"@id\":\"https:\\\/\\\/lightweb.dev\\\/l\\\/svm-temp\\\/#organization\"},\"image\":{\"@id\":\"https:\\\/\\\/lightweb.dev\\\/l\\\/svm-temp\\\/nyheter\\\/partido-popular-storsta-parti-i-valenciaregionen\\\/#primaryimage\"},\"thumbnailUrl\":\"https:\\\/\\\/lightweb.dev\\\/l\\\/svm-temp\\\/wp-content\\\/uploads\\\/2023\\\/05\\\/FxQHKcBXsAIsaP7-stor.jpeg\",\"articleSection\":[\"Arkiv\",\"Nyheter\"],\"inLanguage\":\"sv-SE\"},{\"@type\":\"WebPage\",\"@id\":\"https:\\\/\\\/lightweb.dev\\\/l\\\/svm-temp\\\/nyheter\\\/partido-popular-storsta-parti-i-valenciaregionen\\\/\",\"url\":\"https:\\\/\\\/lightweb.dev\\\/l\\\/svm-temp\\\/nyheter\\\/partido-popular-storsta-parti-i-valenciaregionen\\\/\",\"name\":\"Partido Popular st\u00f6rsta parti i Valenciaregionen - Svenska Magasinet\",\"isPartOf\":{\"@id\":\"https:\\\/\\\/lightweb.dev\\\/l\\\/svm-temp\\\/#website\"},\"primaryImageOfPage\":{\"@id\":\"https:\\\/\\\/lightweb.dev\\\/l\\\/svm-temp\\\/nyheter\\\/partido-popular-storsta-parti-i-valenciaregionen\\\/#primaryimage\"},\"image\":{\"@id\":\"https:\\\/\\\/lightweb.dev\\\/l\\\/svm-temp\\\/nyheter\\\/partido-popular-storsta-parti-i-valenciaregionen\\\/#primaryimage\"},\"thumbnailUrl\":\"https:\\\/\\\/lightweb.dev\\\/l\\\/svm-temp\\\/wp-content\\\/uploads\\\/2023\\\/05\\\/FxQHKcBXsAIsaP7-stor.jpeg\",\"datePublished\":\"2023-05-29T08:50:50+00:00\",\"dateModified\":\"2023-05-29T08:51:52+00:00\",\"description\":\"Efter \u00e5tta \u00e5r blir \u00e5terigen Partido Popular st\u00f6rsta parti i Valenciaregionen. F\u00f6r att kunna bilda en majoritetsregering kr\u00e4vs det att PP sluter en pakt med Vox. PP f\u00e5r 40 mandat. Det kr\u00e4vs 50 f\u00f6r att kunna bilda regionregering.\",\"breadcrumb\":{\"@id\":\"https:\\\/\\\/lightweb.dev\\\/l\\\/svm-temp\\\/nyheter\\\/partido-popular-storsta-parti-i-valenciaregionen\\\/#breadcrumb\"},\"inLanguage\":\"sv-SE\",\"potentialAction\":[{\"@type\":\"ReadAction\",\"target\":[\"https:\\\/\\\/lightweb.dev\\\/l\\\/svm-temp\\\/nyheter\\\/partido-popular-storsta-parti-i-valenciaregionen\\\/\"]}]},{\"@type\":\"ImageObject\",\"inLanguage\":\"sv-SE\",\"@id\":\"https:\\\/\\\/lightweb.dev\\\/l\\\/svm-temp\\\/nyheter\\\/partido-popular-storsta-parti-i-valenciaregionen\\\/#primaryimage\",\"url\":\"https:\\\/\\\/lightweb.dev\\\/l\\\/svm-temp\\\/wp-content\\\/uploads\\\/2023\\\/05\\\/FxQHKcBXsAIsaP7-stor.jpeg\",\"contentUrl\":\"https:\\\/\\\/lightweb.dev\\\/l\\\/svm-temp\\\/wp-content\\\/uploads\\\/2023\\\/05\\\/FxQHKcBXsAIsaP7-stor.jpeg\",\"width\":1024,\"height\":576,\"caption\":\"Partido Popular med partiledaren Carlos Maz\u00f3n fick flest r\u00f6ster vid regionvalet i Valencia.\"},{\"@type\":\"BreadcrumbList\",\"@id\":\"https:\\\/\\\/lightweb.dev\\\/l\\\/svm-temp\\\/nyheter\\\/partido-popular-storsta-parti-i-valenciaregionen\\\/#breadcrumb\",\"itemListElement\":[{\"@type\":\"ListItem\",\"position\":1,\"name\":\"Hem\",\"item\":\"https:\\\/\\\/lightweb.dev\\\/l\\\/svm-temp\\\/\"},{\"@type\":\"ListItem\",\"position\":2,\"name\":\"Partido Popular st\u00f6rsta parti i Valenciaregionen\"}]},{\"@type\":\"WebSite\",\"@id\":\"https:\\\/\\\/lightweb.dev\\\/l\\\/svm-temp\\\/#website\",\"url\":\"https:\\\/\\\/lightweb.dev\\\/l\\\/svm-temp\\\/\",\"name\":\"Svenska Magasinet\",\"description\":\"Dina Spanska nyheter p&aring; Svenska\",\"publisher\":{\"@id\":\"https:\\\/\\\/lightweb.dev\\\/l\\\/svm-temp\\\/#organization\"},\"potentialAction\":[{\"@type\":\"SearchAction\",\"target\":{\"@type\":\"EntryPoint\",\"urlTemplate\":\"https:\\\/\\\/lightweb.dev\\\/l\\\/svm-temp\\\/?s={search_term_string}\"},\"query-input\":{\"@type\":\"PropertyValueSpecification\",\"valueRequired\":true,\"valueName\":\"search_term_string\"}}],\"inLanguage\":\"sv-SE\"},{\"@type\":\"Organization\",\"@id\":\"https:\\\/\\\/lightweb.dev\\\/l\\\/svm-temp\\\/#organization\",\"name\":\"Melkerson y Nott SL\",\"alternateName\":\"Svenska Magasinet\",\"url\":\"https:\\\/\\\/lightweb.dev\\\/l\\\/svm-temp\\\/\",\"logo\":{\"@type\":\"ImageObject\",\"inLanguage\":\"sv-SE\",\"@id\":\"https:\\\/\\\/lightweb.dev\\\/l\\\/svm-temp\\\/#\\\/schema\\\/logo\\\/image\\\/\",\"url\":\"https:\\\/\\\/lightweb.dev\\\/l\\\/svm-temp\\\/wp-content\\\/uploads\\\/2025\\\/02\\\/SvM-logo-Xtra-Centrerad-SVART.png\",\"contentUrl\":\"https:\\\/\\\/lightweb.dev\\\/l\\\/svm-temp\\\/wp-content\\\/uploads\\\/2025\\\/02\\\/SvM-logo-Xtra-Centrerad-SVART.png\",\"width\":300,\"height\":99,\"caption\":\"Melkerson y Nott SL\"},\"image\":{\"@id\":\"https:\\\/\\\/lightweb.dev\\\/l\\\/svm-temp\\\/#\\\/schema\\\/logo\\\/image\\\/\"},\"sameAs\":[\"https:\\\/\\\/www.facebook.com\\\/svenskamagasinet\",\"https:\\\/\\\/x.com\\\/SvenskaMagasine\"]},{\"@type\":\"Person\",\"@id\":\"https:\\\/\\\/lightweb.dev\\\/l\\\/svm-temp\\\/#\\\/schema\\\/person\\\/7a82b8a73d171d32360a564b6d03508e\",\"name\":\"Ola Josefsson\",\"description\":\"Bevakar Solkusten och Spanien sedan 1994.\",\"sameAs\":[\"https:\\\/\\\/lightweb.dev\\\/l\\\/svm-temp\"],\"url\":\"https:\\\/\\\/lightweb.dev\\\/l\\\/svm-temp\\\/reporter\\\/ola-josefsson\\\/\"}]}<\/script>\n<!-- \/ Yoast SEO Premium plugin. -->","yoast_head_json":{"title":"Partido Popular st\u00f6rsta parti i Valenciaregionen - Svenska Magasinet","description":"Efter \u00e5tta \u00e5r blir \u00e5terigen Partido Popular st\u00f6rsta parti i Valenciaregionen. F\u00f6r att kunna bilda en majoritetsregering kr\u00e4vs det att PP sluter en pakt med Vox. PP f\u00e5r 40 mandat. Det kr\u00e4vs 50 f\u00f6r att kunna bilda regionregering.","robots":{"index":"noindex","follow":"follow","max-snippet":"max-snippet:-1","max-image-preview":"max-image-preview:large","max-video-preview":"max-video-preview:-1"},"og_locale":"sv_SE","og_type":"article","og_title":"Partido Popular st\u00f6rsta parti i Valenciaregionen","og_description":"Efter \u00e5tta \u00e5r blir \u00e5terigen Partido Popular st\u00f6rsta parti i Valenciaregionen. F\u00f6r att kunna bilda en majoritetsregering kr\u00e4vs det att PP sluter en pakt med Vox. PP f\u00e5r 40 mandat. Det kr\u00e4vs 50 f\u00f6r att kunna bilda regionregering.","og_url":"https:\/\/lightweb.dev\/l\/svm-temp\/nyheter\/partido-popular-storsta-parti-i-valenciaregionen\/","og_site_name":"Svenska Magasinet","article_publisher":"https:\/\/www.facebook.com\/svenskamagasinet","article_published_time":"2023-05-29T08:50:50+00:00","article_modified_time":"2023-05-29T08:51:52+00:00","og_image":[{"width":1024,"height":576,"url":"https:\/\/lightweb.dev\/l\/svm-temp\/wp-content\/uploads\/2023\/05\/FxQHKcBXsAIsaP7-stor.jpeg","type":"image\/jpeg"}],"author":"Ola Josefsson","twitter_card":"summary_large_image","twitter_creator":"@SvenskaMagasine","twitter_site":"@SvenskaMagasine","schema":{"@context":"https:\/\/schema.org","@graph":[{"@type":"Article","@id":"https:\/\/lightweb.dev\/l\/svm-temp\/nyheter\/partido-popular-storsta-parti-i-valenciaregionen\/#article","isPartOf":{"@id":"https:\/\/lightweb.dev\/l\/svm-temp\/nyheter\/partido-popular-storsta-parti-i-valenciaregionen\/"},"author":{"name":"Ola Josefsson","@id":"https:\/\/lightweb.dev\/l\/svm-temp\/#\/schema\/person\/7a82b8a73d171d32360a564b6d03508e"},"headline":"Partido Popular st\u00f6rsta parti i Valenciaregionen","datePublished":"2023-05-29T08:50:50+00:00","dateModified":"2023-05-29T08:51:52+00:00","mainEntityOfPage":{"@id":"https:\/\/lightweb.dev\/l\/svm-temp\/nyheter\/partido-popular-storsta-parti-i-valenciaregionen\/"},"wordCount":271,"commentCount":1,"publisher":{"@id":"https:\/\/lightweb.dev\/l\/svm-temp\/#organization"},"image":{"@id":"https:\/\/lightweb.dev\/l\/svm-temp\/nyheter\/partido-popular-storsta-parti-i-valenciaregionen\/#primaryimage"},"thumbnailUrl":"https:\/\/lightweb.dev\/l\/svm-temp\/wp-content\/uploads\/2023\/05\/FxQHKcBXsAIsaP7-stor.jpeg","articleSection":["Arkiv","Nyheter"],"inLanguage":"sv-SE"},{"@type":"WebPage","@id":"https:\/\/lightweb.dev\/l\/svm-temp\/nyheter\/partido-popular-storsta-parti-i-valenciaregionen\/","url":"https:\/\/lightweb.dev\/l\/svm-temp\/nyheter\/partido-popular-storsta-parti-i-valenciaregionen\/","name":"Partido Popular st\u00f6rsta parti i Valenciaregionen - Svenska Magasinet","isPartOf":{"@id":"https:\/\/lightweb.dev\/l\/svm-temp\/#website"},"primaryImageOfPage":{"@id":"https:\/\/lightweb.dev\/l\/svm-temp\/nyheter\/partido-popular-storsta-parti-i-valenciaregionen\/#primaryimage"},"image":{"@id":"https:\/\/lightweb.dev\/l\/svm-temp\/nyheter\/partido-popular-storsta-parti-i-valenciaregionen\/#primaryimage"},"thumbnailUrl":"https:\/\/lightweb.dev\/l\/svm-temp\/wp-content\/uploads\/2023\/05\/FxQHKcBXsAIsaP7-stor.jpeg","datePublished":"2023-05-29T08:50:50+00:00","dateModified":"2023-05-29T08:51:52+00:00","description":"Efter \u00e5tta \u00e5r blir \u00e5terigen Partido Popular st\u00f6rsta parti i Valenciaregionen. F\u00f6r att kunna bilda en majoritetsregering kr\u00e4vs det att PP sluter en pakt med Vox. PP f\u00e5r 40 mandat. Det kr\u00e4vs 50 f\u00f6r att kunna bilda regionregering.","breadcrumb":{"@id":"https:\/\/lightweb.dev\/l\/svm-temp\/nyheter\/partido-popular-storsta-parti-i-valenciaregionen\/#breadcrumb"},"inLanguage":"sv-SE","potentialAction":[{"@type":"ReadAction","target":["https:\/\/lightweb.dev\/l\/svm-temp\/nyheter\/partido-popular-storsta-parti-i-valenciaregionen\/"]}]},{"@type":"ImageObject","inLanguage":"sv-SE","@id":"https:\/\/lightweb.dev\/l\/svm-temp\/nyheter\/partido-popular-storsta-parti-i-valenciaregionen\/#primaryimage","url":"https:\/\/lightweb.dev\/l\/svm-temp\/wp-content\/uploads\/2023\/05\/FxQHKcBXsAIsaP7-stor.jpeg","contentUrl":"https:\/\/lightweb.dev\/l\/svm-temp\/wp-content\/uploads\/2023\/05\/FxQHKcBXsAIsaP7-stor.jpeg","width":1024,"height":576,"caption":"Partido Popular med partiledaren Carlos Maz\u00f3n fick flest r\u00f6ster vid regionvalet i Valencia."},{"@type":"BreadcrumbList","@id":"https:\/\/lightweb.dev\/l\/svm-temp\/nyheter\/partido-popular-storsta-parti-i-valenciaregionen\/#breadcrumb","itemListElement":[{"@type":"ListItem","position":1,"name":"Hem","item":"https:\/\/lightweb.dev\/l\/svm-temp\/"},{"@type":"ListItem","position":2,"name":"Partido Popular st\u00f6rsta parti i Valenciaregionen"}]},{"@type":"WebSite","@id":"https:\/\/lightweb.dev\/l\/svm-temp\/#website","url":"https:\/\/lightweb.dev\/l\/svm-temp\/","name":"Svenska Magasinet","description":"Dina Spanska nyheter p&aring; Svenska","publisher":{"@id":"https:\/\/lightweb.dev\/l\/svm-temp\/#organization"},"potentialAction":[{"@type":"SearchAction","target":{"@type":"EntryPoint","urlTemplate":"https:\/\/lightweb.dev\/l\/svm-temp\/?s={search_term_string}"},"query-input":{"@type":"PropertyValueSpecification","valueRequired":true,"valueName":"search_term_string"}}],"inLanguage":"sv-SE"},{"@type":"Organization","@id":"https:\/\/lightweb.dev\/l\/svm-temp\/#organization","name":"Melkerson y Nott SL","alternateName":"Svenska Magasinet","url":"https:\/\/lightweb.dev\/l\/svm-temp\/","logo":{"@type":"ImageObject","inLanguage":"sv-SE","@id":"https:\/\/lightweb.dev\/l\/svm-temp\/#\/schema\/logo\/image\/","url":"https:\/\/lightweb.dev\/l\/svm-temp\/wp-content\/uploads\/2025\/02\/SvM-logo-Xtra-Centrerad-SVART.png","contentUrl":"https:\/\/lightweb.dev\/l\/svm-temp\/wp-content\/uploads\/2025\/02\/SvM-logo-Xtra-Centrerad-SVART.png","width":300,"height":99,"caption":"Melkerson y Nott SL"},"image":{"@id":"https:\/\/lightweb.dev\/l\/svm-temp\/#\/schema\/logo\/image\/"},"sameAs":["https:\/\/www.facebook.com\/svenskamagasinet","https:\/\/x.com\/SvenskaMagasine"]},{"@type":"Person","@id":"https:\/\/lightweb.dev\/l\/svm-temp\/#\/schema\/person\/7a82b8a73d171d32360a564b6d03508e","name":"Ola Josefsson","description":"Bevakar Solkusten och Spanien sedan 1994.","sameAs":["https:\/\/lightweb.dev\/l\/svm-temp"],"url":"https:\/\/lightweb.dev\/l\/svm-temp\/reporter\/ola-josefsson\/"}]}},"_links":{"self":[{"href":"https:\/\/lightweb.dev\/l\/svm-temp\/wp-json\/wp\/v2\/posts\/64043","targetHints":{"allow":["GET"]}}],"collection":[{"href":"https:\/\/lightweb.dev\/l\/svm-temp\/wp-json\/wp\/v2\/posts"}],"about":[{"href":"https:\/\/lightweb.dev\/l\/svm-temp\/wp-json\/wp\/v2\/types\/post"}],"author":[{"embeddable":true,"href":"https:\/\/lightweb.dev\/l\/svm-temp\/wp-json\/wp\/v2\/users\/7"}],"replies":[{"embeddable":true,"href":"https:\/\/lightweb.dev\/l\/svm-temp\/wp-json\/wp\/v2\/comments?post=64043"}],"version-history":[{"count":0,"href":"https:\/\/lightweb.dev\/l\/svm-temp\/wp-json\/wp\/v2\/posts\/64043\/revisions"}],"wp:featuredmedia":[{"embeddable":true,"href":"https:\/\/lightweb.dev\/l\/svm-temp\/wp-json\/wp\/v2\/media\/64045"}],"wp:attachment":[{"href":"https:\/\/lightweb.dev\/l\/svm-temp\/wp-json\/wp\/v2\/media?parent=64043"}],"wp:term":[{"taxonomy":"category","embeddable":true,"href":"https:\/\/lightweb.dev\/l\/svm-temp\/wp-json\/wp\/v2\/categories?post=64043"},{"taxonomy":"post_tag","embeddable":true,"href":"https:\/\/lightweb.dev\/l\/svm-temp\/wp-json\/wp\/v2\/tags?post=64043"}],"curies":[{"name":"wp","href":"https:\/\/api.w.org\/{rel}","templated":true}]}}