{"id":64050,"date":"2023-05-29T14:58:50","date_gmt":"2023-05-29T12:58:50","guid":{"rendered":"https:\/\/lightweb.dev\/l\/svm-temp\/?p=64050"},"modified":"2023-05-29T15:12:01","modified_gmt":"2023-05-29T13:12:01","slug":"pedro-sanchez-utlyser-nyval","status":"publish","type":"post","link":"https:\/\/lightweb.dev\/l\/svm-temp\/nyheter\/pedro-sanchez-utlyser-nyval\/","title":{"rendered":"Pedro S\u00e1nchez utlyser nyval"},"content":{"rendered":"<p><strong>Efter g\u00e5rdagens nederlag uppl\u00f6ser Spaniens regeringschef Pedro S\u00e1nchez parlamentet och utlyser nyval. Jag tror att det b\u00e4sta \u00e4r att inv\u00e5narna utan dr\u00f6jsm\u00e5l f\u00e5r ta beslut om vilken politisk kurs landet ska ta. Det sa S\u00e1nchez vid under kort framtr\u00e4dande p\u00e5 regeringskansliet La Moncloa utan att journalister fick st\u00e4lla fr\u00e5gor.<\/strong><\/p>\n<p>Vid s\u00f6ndagens region- och lokalval i Spanien led den spanska v\u00e4nstern ett nederlag. Det st\u00f6rsta oppositionspartiet Partido Popular fick 800.000 fler r\u00f6ster \u00e4n regeringspartiet PSOE.<\/p>\n<p>PSOE f\u00f6rlorar flera viktiga storst\u00e4der som Valencia men \u00e4ven regioner som Extremadura d\u00e4r socialisten Guillermo Fern\u00e1ndez Vara tidigare hade majoritet men efter s\u00f6ndagens val fick se sig slagen av Partido Popular och Vox.<\/p>\n<p>Det \u00e4r sk\u00e4let till att Pedro S\u00e1nchez v\u00e4ljer att uppl\u00f6sa parlamentet och utlysa nyval 23 juli. Det betyder att det allm\u00e4nna valet tidigarel\u00e4ggs cirka fem m\u00e5nader.<\/p>\n<p>Det har varit komplicerade regerings\u00e5r f\u00f6r PSOE som har f\u00e5tt f\u00f6rlita sig p\u00e5 st\u00f6d fr\u00e5n partier som ytterkantsv\u00e4nsterpartiet Podemos, det republikanska katalanska ERC och baskiska v\u00e4nsterpartiet EH-Bildu.<\/p>\n<p>Samtidigt \u00e4r den spanska v\u00e4nstern mer splittrad \u00e4n n\u00e5gon. F\u00f6r Podemos och Yolanda D\u00edaz med Sumar g\u00e4ller det nu att snabbt sy ihop ett samarbete och kunna visa en gemensam fasad inf\u00f6r allm\u00e4nna valet 23 juli.<\/p>\n<p>Under m\u00e5ndagseftermiddagen v\u00e4ntade Pedro S\u00e1nchez tr\u00e4ffa kung Felipe VI f\u00f6r att meddela sitt beslut. D\u00e4refter v\u00e4ntade m\u00f6te med ministerr\u00e5det som tar beslut om att uppl\u00f6sa parlamentet. Beslutet kommer att publiceras i statens officiella bulletin, BOE, under tisdagen.<\/p>\n<p>Den 1 juli tar Spanien \u00f6ver som EU:s ordf\u00f6randeland efter Sverige varf\u00f6r en intensiv period nu v\u00e4ntar f\u00f6r landets expeditionsregering.<\/p>\n<p><span class=\"Xv3cPWqAdCnI2SU6NRFyztkbYw7GL\"><\/p>\n<blockquote class=\"twitter-tweet\" data-width=\"550\" data-dnt=\"true\">\n<p lang=\"es\" dir=\"ltr\">El presidente del Gobierno, <a href=\"https:\/\/twitter.com\/sanchezcastejon?ref_src=twsrc%5Etfw\">@sanchezcastejon<\/a>, ha comunicado al jefe del Estado su decisi\u00f3n de convocar un Consejo de Ministros esta tarde, para disolver las Cortes y proceder a la convocatoria de elecciones generales.<\/p>\n<p>Los comicios se celebrar\u00e1n el domingo 23 de julio. <a href=\"https:\/\/t.co\/LU7WI7fEze\">pic.twitter.com\/LU7WI7fEze<\/a><\/p>\n<p>&mdash; La Moncloa (@desdelamoncloa) <a href=\"https:\/\/twitter.com\/desdelamoncloa\/status\/1663122403126308865?ref_src=twsrc%5Etfw\">May 29, 2023<\/a><\/p><\/blockquote>\n<p><script async src=\"https:\/\/platform.twitter.com\/widgets.js\" charset=\"utf-8\"><\/script><\/span><\/p>\n","protected":false},"excerpt":{"rendered":"<p>Efter g\u00e5rdagens nederlag uppl\u00f6ser Spaniens regeringschef Pedro S\u00e1nchez parlamentet och utlyser nyval. Jag tror att det b\u00e4sta \u00e4r att inv\u00e5narna utan dr\u00f6jsm\u00e5l f\u00e5r ta beslut&#8230;<\/p>\n","protected":false},"author":7,"featured_media":64052,"comment_status":"open","ping_status":"closed","sticky":false,"template":"","format":"standard","meta":{"_et_pb_use_builder":"","_et_pb_old_content":"","_et_gb_content_width":"","footnotes":""},"categories":[395,3],"tags":[],"class_list":["post-64050","post","type-post","status-publish","format-standard","has-post-thumbnail","hentry","category-arkiv-nyheter","category-nyheter"],"yoast_head":"<!-- This site is optimized with the Yoast SEO Premium plugin v26.2 (Yoast SEO v27.4) - https:\/\/yoast.com\/product\/yoast-seo-premium-wordpress\/ -->\n<title>Pedro S\u00e1nchez utlyser nyval - Svenska Magasinet<\/title>\n<meta name=\"description\" content=\"Efter g\u00e5rdagens nederlag uppl\u00f6ser Spaniens regeringschef Pedro S\u00e1nchez parlamentet och utlyser nyval. Jag tror att det b\u00e4sta \u00e4r att inv\u00e5narna utan dr\u00f6jsm\u00e5l f\u00e5r ta beslut om vilken politisk kurs landet ska ta. Det sa S\u00e1nchez vid under kort framtr\u00e4dande p\u00e5 regeringskansliet La Moncloa.\" \/>\n<meta name=\"robots\" content=\"noindex, follow, max-snippet:-1, max-image-preview:large, max-video-preview:-1\" \/>\n<meta property=\"og:locale\" content=\"sv_SE\" \/>\n<meta property=\"og:type\" content=\"article\" \/>\n<meta property=\"og:title\" content=\"Pedro S\u00e1nchez utlyser nyval\" \/>\n<meta property=\"og:description\" content=\"Efter g\u00e5rdagens nederlag uppl\u00f6ser Spaniens regeringschef Pedro S\u00e1nchez parlamentet och utlyser nyval. Jag tror att det b\u00e4sta \u00e4r att inv\u00e5narna utan dr\u00f6jsm\u00e5l f\u00e5r ta beslut om vilken politisk kurs landet ska ta. Det sa S\u00e1nchez vid under kort framtr\u00e4dande p\u00e5 regeringskansliet La Moncloa.\" \/>\n<meta property=\"og:url\" content=\"https:\/\/lightweb.dev\/l\/svm-temp\/nyheter\/pedro-sanchez-utlyser-nyval\/\" \/>\n<meta property=\"og:site_name\" content=\"Svenska Magasinet\" \/>\n<meta property=\"article:publisher\" content=\"https:\/\/www.facebook.com\/svenskamagasinet\" \/>\n<meta property=\"article:published_time\" content=\"2023-05-29T12:58:50+00:00\" \/>\n<meta property=\"article:modified_time\" content=\"2023-05-29T13:12:01+00:00\" \/>\n<meta property=\"og:image\" content=\"https:\/\/lightweb.dev\/l\/svm-temp\/wp-content\/uploads\/2023\/05\/Skarmavbild-2023-05-29-kl.-14.55.32-stor.jpeg\" \/>\n\t<meta property=\"og:image:width\" content=\"1280\" \/>\n\t<meta property=\"og:image:height\" content=\"637\" \/>\n\t<meta property=\"og:image:type\" content=\"image\/jpeg\" \/>\n<meta name=\"author\" content=\"Ola Josefsson\" \/>\n<meta name=\"twitter:card\" content=\"summary_large_image\" \/>\n<meta name=\"twitter:creator\" content=\"@SvenskaMagasine\" \/>\n<meta name=\"twitter:site\" content=\"@SvenskaMagasine\" \/>\n<script type=\"application\/ld+json\" class=\"yoast-schema-graph\">{\"@context\":\"https:\\\/\\\/schema.org\",\"@graph\":[{\"@type\":\"Article\",\"@id\":\"https:\\\/\\\/lightweb.dev\\\/l\\\/svm-temp\\\/nyheter\\\/pedro-sanchez-utlyser-nyval\\\/#article\",\"isPartOf\":{\"@id\":\"https:\\\/\\\/lightweb.dev\\\/l\\\/svm-temp\\\/nyheter\\\/pedro-sanchez-utlyser-nyval\\\/\"},\"author\":{\"name\":\"Ola Josefsson\",\"@id\":\"https:\\\/\\\/lightweb.dev\\\/l\\\/svm-temp\\\/#\\\/schema\\\/person\\\/7a82b8a73d171d32360a564b6d03508e\"},\"headline\":\"Pedro S\u00e1nchez utlyser nyval\",\"datePublished\":\"2023-05-29T12:58:50+00:00\",\"dateModified\":\"2023-05-29T13:12:01+00:00\",\"mainEntityOfPage\":{\"@id\":\"https:\\\/\\\/lightweb.dev\\\/l\\\/svm-temp\\\/nyheter\\\/pedro-sanchez-utlyser-nyval\\\/\"},\"wordCount\":320,\"commentCount\":1,\"publisher\":{\"@id\":\"https:\\\/\\\/lightweb.dev\\\/l\\\/svm-temp\\\/#organization\"},\"image\":{\"@id\":\"https:\\\/\\\/lightweb.dev\\\/l\\\/svm-temp\\\/nyheter\\\/pedro-sanchez-utlyser-nyval\\\/#primaryimage\"},\"thumbnailUrl\":\"https:\\\/\\\/lightweb.dev\\\/l\\\/svm-temp\\\/wp-content\\\/uploads\\\/2023\\\/05\\\/Skarmavbild-2023-05-29-kl.-14.55.32-stor.jpeg\",\"articleSection\":[\"Arkiv\",\"Nyheter\"],\"inLanguage\":\"sv-SE\"},{\"@type\":\"WebPage\",\"@id\":\"https:\\\/\\\/lightweb.dev\\\/l\\\/svm-temp\\\/nyheter\\\/pedro-sanchez-utlyser-nyval\\\/\",\"url\":\"https:\\\/\\\/lightweb.dev\\\/l\\\/svm-temp\\\/nyheter\\\/pedro-sanchez-utlyser-nyval\\\/\",\"name\":\"Pedro S\u00e1nchez utlyser nyval - Svenska Magasinet\",\"isPartOf\":{\"@id\":\"https:\\\/\\\/lightweb.dev\\\/l\\\/svm-temp\\\/#website\"},\"primaryImageOfPage\":{\"@id\":\"https:\\\/\\\/lightweb.dev\\\/l\\\/svm-temp\\\/nyheter\\\/pedro-sanchez-utlyser-nyval\\\/#primaryimage\"},\"image\":{\"@id\":\"https:\\\/\\\/lightweb.dev\\\/l\\\/svm-temp\\\/nyheter\\\/pedro-sanchez-utlyser-nyval\\\/#primaryimage\"},\"thumbnailUrl\":\"https:\\\/\\\/lightweb.dev\\\/l\\\/svm-temp\\\/wp-content\\\/uploads\\\/2023\\\/05\\\/Skarmavbild-2023-05-29-kl.-14.55.32-stor.jpeg\",\"datePublished\":\"2023-05-29T12:58:50+00:00\",\"dateModified\":\"2023-05-29T13:12:01+00:00\",\"description\":\"Efter g\u00e5rdagens nederlag uppl\u00f6ser Spaniens regeringschef Pedro S\u00e1nchez parlamentet och utlyser nyval. Jag tror att det b\u00e4sta \u00e4r att inv\u00e5narna utan dr\u00f6jsm\u00e5l f\u00e5r ta beslut om vilken politisk kurs landet ska ta. Det sa S\u00e1nchez vid under kort framtr\u00e4dande p\u00e5 regeringskansliet La Moncloa.\",\"breadcrumb\":{\"@id\":\"https:\\\/\\\/lightweb.dev\\\/l\\\/svm-temp\\\/nyheter\\\/pedro-sanchez-utlyser-nyval\\\/#breadcrumb\"},\"inLanguage\":\"sv-SE\",\"potentialAction\":[{\"@type\":\"ReadAction\",\"target\":[\"https:\\\/\\\/lightweb.dev\\\/l\\\/svm-temp\\\/nyheter\\\/pedro-sanchez-utlyser-nyval\\\/\"]}]},{\"@type\":\"ImageObject\",\"inLanguage\":\"sv-SE\",\"@id\":\"https:\\\/\\\/lightweb.dev\\\/l\\\/svm-temp\\\/nyheter\\\/pedro-sanchez-utlyser-nyval\\\/#primaryimage\",\"url\":\"https:\\\/\\\/lightweb.dev\\\/l\\\/svm-temp\\\/wp-content\\\/uploads\\\/2023\\\/05\\\/Skarmavbild-2023-05-29-kl.-14.55.32-stor.jpeg\",\"contentUrl\":\"https:\\\/\\\/lightweb.dev\\\/l\\\/svm-temp\\\/wp-content\\\/uploads\\\/2023\\\/05\\\/Skarmavbild-2023-05-29-kl.-14.55.32-stor.jpeg\",\"width\":1280,\"height\":637,\"caption\":\"(Foto: Regeringskansliet La Moncloa)\"},{\"@type\":\"BreadcrumbList\",\"@id\":\"https:\\\/\\\/lightweb.dev\\\/l\\\/svm-temp\\\/nyheter\\\/pedro-sanchez-utlyser-nyval\\\/#breadcrumb\",\"itemListElement\":[{\"@type\":\"ListItem\",\"position\":1,\"name\":\"Hem\",\"item\":\"https:\\\/\\\/lightweb.dev\\\/l\\\/svm-temp\\\/\"},{\"@type\":\"ListItem\",\"position\":2,\"name\":\"Pedro S\u00e1nchez utlyser nyval\"}]},{\"@type\":\"WebSite\",\"@id\":\"https:\\\/\\\/lightweb.dev\\\/l\\\/svm-temp\\\/#website\",\"url\":\"https:\\\/\\\/lightweb.dev\\\/l\\\/svm-temp\\\/\",\"name\":\"Svenska Magasinet\",\"description\":\"Dina Spanska nyheter p&aring; Svenska\",\"publisher\":{\"@id\":\"https:\\\/\\\/lightweb.dev\\\/l\\\/svm-temp\\\/#organization\"},\"potentialAction\":[{\"@type\":\"SearchAction\",\"target\":{\"@type\":\"EntryPoint\",\"urlTemplate\":\"https:\\\/\\\/lightweb.dev\\\/l\\\/svm-temp\\\/?s={search_term_string}\"},\"query-input\":{\"@type\":\"PropertyValueSpecification\",\"valueRequired\":true,\"valueName\":\"search_term_string\"}}],\"inLanguage\":\"sv-SE\"},{\"@type\":\"Organization\",\"@id\":\"https:\\\/\\\/lightweb.dev\\\/l\\\/svm-temp\\\/#organization\",\"name\":\"Melkerson y Nott SL\",\"alternateName\":\"Svenska Magasinet\",\"url\":\"https:\\\/\\\/lightweb.dev\\\/l\\\/svm-temp\\\/\",\"logo\":{\"@type\":\"ImageObject\",\"inLanguage\":\"sv-SE\",\"@id\":\"https:\\\/\\\/lightweb.dev\\\/l\\\/svm-temp\\\/#\\\/schema\\\/logo\\\/image\\\/\",\"url\":\"https:\\\/\\\/lightweb.dev\\\/l\\\/svm-temp\\\/wp-content\\\/uploads\\\/2025\\\/02\\\/SvM-logo-Xtra-Centrerad-SVART.png\",\"contentUrl\":\"https:\\\/\\\/lightweb.dev\\\/l\\\/svm-temp\\\/wp-content\\\/uploads\\\/2025\\\/02\\\/SvM-logo-Xtra-Centrerad-SVART.png\",\"width\":300,\"height\":99,\"caption\":\"Melkerson y Nott SL\"},\"image\":{\"@id\":\"https:\\\/\\\/lightweb.dev\\\/l\\\/svm-temp\\\/#\\\/schema\\\/logo\\\/image\\\/\"},\"sameAs\":[\"https:\\\/\\\/www.facebook.com\\\/svenskamagasinet\",\"https:\\\/\\\/x.com\\\/SvenskaMagasine\"]},{\"@type\":\"Person\",\"@id\":\"https:\\\/\\\/lightweb.dev\\\/l\\\/svm-temp\\\/#\\\/schema\\\/person\\\/7a82b8a73d171d32360a564b6d03508e\",\"name\":\"Ola Josefsson\",\"description\":\"Bevakar Solkusten och Spanien sedan 1994.\",\"sameAs\":[\"https:\\\/\\\/lightweb.dev\\\/l\\\/svm-temp\"],\"url\":\"https:\\\/\\\/lightweb.dev\\\/l\\\/svm-temp\\\/reporter\\\/ola-josefsson\\\/\"}]}<\/script>\n<!-- \/ Yoast SEO Premium plugin. -->","yoast_head_json":{"title":"Pedro S\u00e1nchez utlyser nyval - Svenska Magasinet","description":"Efter g\u00e5rdagens nederlag uppl\u00f6ser Spaniens regeringschef Pedro S\u00e1nchez parlamentet och utlyser nyval. Jag tror att det b\u00e4sta \u00e4r att inv\u00e5narna utan dr\u00f6jsm\u00e5l f\u00e5r ta beslut om vilken politisk kurs landet ska ta. Det sa S\u00e1nchez vid under kort framtr\u00e4dande p\u00e5 regeringskansliet La Moncloa.","robots":{"index":"noindex","follow":"follow","max-snippet":"max-snippet:-1","max-image-preview":"max-image-preview:large","max-video-preview":"max-video-preview:-1"},"og_locale":"sv_SE","og_type":"article","og_title":"Pedro S\u00e1nchez utlyser nyval","og_description":"Efter g\u00e5rdagens nederlag uppl\u00f6ser Spaniens regeringschef Pedro S\u00e1nchez parlamentet och utlyser nyval. Jag tror att det b\u00e4sta \u00e4r att inv\u00e5narna utan dr\u00f6jsm\u00e5l f\u00e5r ta beslut om vilken politisk kurs landet ska ta. Det sa S\u00e1nchez vid under kort framtr\u00e4dande p\u00e5 regeringskansliet La Moncloa.","og_url":"https:\/\/lightweb.dev\/l\/svm-temp\/nyheter\/pedro-sanchez-utlyser-nyval\/","og_site_name":"Svenska Magasinet","article_publisher":"https:\/\/www.facebook.com\/svenskamagasinet","article_published_time":"2023-05-29T12:58:50+00:00","article_modified_time":"2023-05-29T13:12:01+00:00","og_image":[{"width":1280,"height":637,"url":"https:\/\/lightweb.dev\/l\/svm-temp\/wp-content\/uploads\/2023\/05\/Skarmavbild-2023-05-29-kl.-14.55.32-stor.jpeg","type":"image\/jpeg"}],"author":"Ola Josefsson","twitter_card":"summary_large_image","twitter_creator":"@SvenskaMagasine","twitter_site":"@SvenskaMagasine","schema":{"@context":"https:\/\/schema.org","@graph":[{"@type":"Article","@id":"https:\/\/lightweb.dev\/l\/svm-temp\/nyheter\/pedro-sanchez-utlyser-nyval\/#article","isPartOf":{"@id":"https:\/\/lightweb.dev\/l\/svm-temp\/nyheter\/pedro-sanchez-utlyser-nyval\/"},"author":{"name":"Ola Josefsson","@id":"https:\/\/lightweb.dev\/l\/svm-temp\/#\/schema\/person\/7a82b8a73d171d32360a564b6d03508e"},"headline":"Pedro S\u00e1nchez utlyser nyval","datePublished":"2023-05-29T12:58:50+00:00","dateModified":"2023-05-29T13:12:01+00:00","mainEntityOfPage":{"@id":"https:\/\/lightweb.dev\/l\/svm-temp\/nyheter\/pedro-sanchez-utlyser-nyval\/"},"wordCount":320,"commentCount":1,"publisher":{"@id":"https:\/\/lightweb.dev\/l\/svm-temp\/#organization"},"image":{"@id":"https:\/\/lightweb.dev\/l\/svm-temp\/nyheter\/pedro-sanchez-utlyser-nyval\/#primaryimage"},"thumbnailUrl":"https:\/\/lightweb.dev\/l\/svm-temp\/wp-content\/uploads\/2023\/05\/Skarmavbild-2023-05-29-kl.-14.55.32-stor.jpeg","articleSection":["Arkiv","Nyheter"],"inLanguage":"sv-SE"},{"@type":"WebPage","@id":"https:\/\/lightweb.dev\/l\/svm-temp\/nyheter\/pedro-sanchez-utlyser-nyval\/","url":"https:\/\/lightweb.dev\/l\/svm-temp\/nyheter\/pedro-sanchez-utlyser-nyval\/","name":"Pedro S\u00e1nchez utlyser nyval - Svenska Magasinet","isPartOf":{"@id":"https:\/\/lightweb.dev\/l\/svm-temp\/#website"},"primaryImageOfPage":{"@id":"https:\/\/lightweb.dev\/l\/svm-temp\/nyheter\/pedro-sanchez-utlyser-nyval\/#primaryimage"},"image":{"@id":"https:\/\/lightweb.dev\/l\/svm-temp\/nyheter\/pedro-sanchez-utlyser-nyval\/#primaryimage"},"thumbnailUrl":"https:\/\/lightweb.dev\/l\/svm-temp\/wp-content\/uploads\/2023\/05\/Skarmavbild-2023-05-29-kl.-14.55.32-stor.jpeg","datePublished":"2023-05-29T12:58:50+00:00","dateModified":"2023-05-29T13:12:01+00:00","description":"Efter g\u00e5rdagens nederlag uppl\u00f6ser Spaniens regeringschef Pedro S\u00e1nchez parlamentet och utlyser nyval. Jag tror att det b\u00e4sta \u00e4r att inv\u00e5narna utan dr\u00f6jsm\u00e5l f\u00e5r ta beslut om vilken politisk kurs landet ska ta. Det sa S\u00e1nchez vid under kort framtr\u00e4dande p\u00e5 regeringskansliet La Moncloa.","breadcrumb":{"@id":"https:\/\/lightweb.dev\/l\/svm-temp\/nyheter\/pedro-sanchez-utlyser-nyval\/#breadcrumb"},"inLanguage":"sv-SE","potentialAction":[{"@type":"ReadAction","target":["https:\/\/lightweb.dev\/l\/svm-temp\/nyheter\/pedro-sanchez-utlyser-nyval\/"]}]},{"@type":"ImageObject","inLanguage":"sv-SE","@id":"https:\/\/lightweb.dev\/l\/svm-temp\/nyheter\/pedro-sanchez-utlyser-nyval\/#primaryimage","url":"https:\/\/lightweb.dev\/l\/svm-temp\/wp-content\/uploads\/2023\/05\/Skarmavbild-2023-05-29-kl.-14.55.32-stor.jpeg","contentUrl":"https:\/\/lightweb.dev\/l\/svm-temp\/wp-content\/uploads\/2023\/05\/Skarmavbild-2023-05-29-kl.-14.55.32-stor.jpeg","width":1280,"height":637,"caption":"(Foto: Regeringskansliet La Moncloa)"},{"@type":"BreadcrumbList","@id":"https:\/\/lightweb.dev\/l\/svm-temp\/nyheter\/pedro-sanchez-utlyser-nyval\/#breadcrumb","itemListElement":[{"@type":"ListItem","position":1,"name":"Hem","item":"https:\/\/lightweb.dev\/l\/svm-temp\/"},{"@type":"ListItem","position":2,"name":"Pedro S\u00e1nchez utlyser nyval"}]},{"@type":"WebSite","@id":"https:\/\/lightweb.dev\/l\/svm-temp\/#website","url":"https:\/\/lightweb.dev\/l\/svm-temp\/","name":"Svenska Magasinet","description":"Dina Spanska nyheter p&aring; Svenska","publisher":{"@id":"https:\/\/lightweb.dev\/l\/svm-temp\/#organization"},"potentialAction":[{"@type":"SearchAction","target":{"@type":"EntryPoint","urlTemplate":"https:\/\/lightweb.dev\/l\/svm-temp\/?s={search_term_string}"},"query-input":{"@type":"PropertyValueSpecification","valueRequired":true,"valueName":"search_term_string"}}],"inLanguage":"sv-SE"},{"@type":"Organization","@id":"https:\/\/lightweb.dev\/l\/svm-temp\/#organization","name":"Melkerson y Nott SL","alternateName":"Svenska Magasinet","url":"https:\/\/lightweb.dev\/l\/svm-temp\/","logo":{"@type":"ImageObject","inLanguage":"sv-SE","@id":"https:\/\/lightweb.dev\/l\/svm-temp\/#\/schema\/logo\/image\/","url":"https:\/\/lightweb.dev\/l\/svm-temp\/wp-content\/uploads\/2025\/02\/SvM-logo-Xtra-Centrerad-SVART.png","contentUrl":"https:\/\/lightweb.dev\/l\/svm-temp\/wp-content\/uploads\/2025\/02\/SvM-logo-Xtra-Centrerad-SVART.png","width":300,"height":99,"caption":"Melkerson y Nott SL"},"image":{"@id":"https:\/\/lightweb.dev\/l\/svm-temp\/#\/schema\/logo\/image\/"},"sameAs":["https:\/\/www.facebook.com\/svenskamagasinet","https:\/\/x.com\/SvenskaMagasine"]},{"@type":"Person","@id":"https:\/\/lightweb.dev\/l\/svm-temp\/#\/schema\/person\/7a82b8a73d171d32360a564b6d03508e","name":"Ola Josefsson","description":"Bevakar Solkusten och Spanien sedan 1994.","sameAs":["https:\/\/lightweb.dev\/l\/svm-temp"],"url":"https:\/\/lightweb.dev\/l\/svm-temp\/reporter\/ola-josefsson\/"}]}},"_links":{"self":[{"href":"https:\/\/lightweb.dev\/l\/svm-temp\/wp-json\/wp\/v2\/posts\/64050","targetHints":{"allow":["GET"]}}],"collection":[{"href":"https:\/\/lightweb.dev\/l\/svm-temp\/wp-json\/wp\/v2\/posts"}],"about":[{"href":"https:\/\/lightweb.dev\/l\/svm-temp\/wp-json\/wp\/v2\/types\/post"}],"author":[{"embeddable":true,"href":"https:\/\/lightweb.dev\/l\/svm-temp\/wp-json\/wp\/v2\/users\/7"}],"replies":[{"embeddable":true,"href":"https:\/\/lightweb.dev\/l\/svm-temp\/wp-json\/wp\/v2\/comments?post=64050"}],"version-history":[{"count":0,"href":"https:\/\/lightweb.dev\/l\/svm-temp\/wp-json\/wp\/v2\/posts\/64050\/revisions"}],"wp:featuredmedia":[{"embeddable":true,"href":"https:\/\/lightweb.dev\/l\/svm-temp\/wp-json\/wp\/v2\/media\/64052"}],"wp:attachment":[{"href":"https:\/\/lightweb.dev\/l\/svm-temp\/wp-json\/wp\/v2\/media?parent=64050"}],"wp:term":[{"taxonomy":"category","embeddable":true,"href":"https:\/\/lightweb.dev\/l\/svm-temp\/wp-json\/wp\/v2\/categories?post=64050"},{"taxonomy":"post_tag","embeddable":true,"href":"https:\/\/lightweb.dev\/l\/svm-temp\/wp-json\/wp\/v2\/tags?post=64050"}],"curies":[{"name":"wp","href":"https:\/\/api.w.org\/{rel}","templated":true}]}}